{"id":11861,"date":"2025-01-27T14:23:33","date_gmt":"2025-01-27T14:23:33","guid":{"rendered":"https:\/\/unisale.com.br\/pastoral\/?p=11861"},"modified":"2025-01-27T14:23:33","modified_gmt":"2025-01-27T14:23:33","slug":"26-02-quem-nao-e-contra-nos-e-a-nosso-favor","status":"publish","type":"post","link":"https:\/\/unisale.com.br\/pastoral\/26-02-quem-nao-e-contra-nos-e-a-nosso-favor\/","title":{"rendered":"26\/02 &#8211; Quem n\u00e3o \u00e9 contra n\u00f3s \u00e9 a nosso favor."},"content":{"rendered":"<p>Quarta-feira, 26 de fevereiro de 2025.<\/p>\n<p>&nbsp;<\/p>\n<p>Evangelho (Mc 9,38-40)<\/p>\n<p>&nbsp;<\/p>\n<p><strong>\u201cQuem n\u00e3o \u00e9 contra n\u00f3s \u00e9 a nosso favor\u201d<\/strong><\/p>\n<p>&nbsp;<\/p>\n<p>Naquele tempo, <sup>38<\/sup>Jo\u00e3o disse a Jesus: \u201cMestre, vimos um homem expulsar dem\u00f4nios em teu nome. Mas n\u00f3s o proibimos, porque ele n\u00e3o nos segue\u201d. <sup>39<\/sup>Jesus disse: \u201cN\u00e3o o proibais, pois ningu\u00e9m faz milagres em meu nome para depois falar mal de mim. <sup>40<\/sup>Quem n\u00e3o \u00e9 contra n\u00f3s \u00e9 a nosso favor\u201d.<\/p>\n<p>&nbsp;<\/p>\n<p><strong>Reflex\u00e3o<\/strong><\/p>\n<p>&nbsp;<\/p>\n<p>Que tenta\u00e7\u00e3o horr\u00edvel esta dos disc\u00edpulos de se acharem na exclusividade do cora\u00e7\u00e3o de Cristo. Como se somente eles pudessem agir em nome de Cristo. Hoje podemos pensar que a Igreja \u00e9 uma grande fam\u00edlia composta por todos aqueles que fazem o bem. Portanto, n\u00e3o podem estes estar um contra o outro, mas devem se respeitar e trabalhar por um fim comum, para que se realize a caridade de todos para todos. A f\u00e9 em Jesus Cristo \u00e9 comum aos crist\u00e3os, no entanto, os seus fi\u00e9is est\u00e3o divididos em muitas Igrejas. \u00c9 atrav\u00e9s das boas obras que todos est\u00e3o unidos formando a \u00fanica Igreja que possui um fundamento \u00fanico, Jesus Cristo. O importante \u00e9 ter presente que se algu\u00e9m age como o Senhor, n\u00e3o pode n\u00e3o ser do Senhor. Todos buscamos a verdade. Esta \u00e9 condi\u00e7\u00e3o que determina o sentimento a ser seguido: cada homem tem o direito natural de buscar livremente a verdade e a rela\u00e7\u00e3o pessoal com Deus. Se depois algu\u00e9m se conscientiza dos seus erros, pode, com amor, retomar \u00e0 estrada certa. Respeitar a liberdade \u00e9 obra de caridade crist\u00e3. Precisamos nos deixar guiar pela palavra de Jesus: \u201cQuem n\u00e3o \u00e9 contra n\u00f3s, \u00e9 a nosso favor\u201d.<\/p>\n<p><strong>Pe. Paulo Eduardo J\u00e1como, SDB.<\/strong><\/p>\n","protected":false},"excerpt":{"rendered":"<p>Quarta-feira, 26 de fevereiro de 2025. &nbsp; Evangelho (Mc 9,38-40) &nbsp; \u201cQuem n\u00e3o \u00e9 contra n\u00f3s \u00e9 a nosso favor\u201d &nbsp; Naquele tempo, 38Jo\u00e3o disse&#8230;<\/p>\n","protected":false},"author":1,"featured_media":11862,"comment_status":"closed","ping_status":"closed","sticky":false,"template":"","format":"standard","meta":{"_acf_changed":false,"footnotes":""},"categories":[13],"tags":[],"class_list":["post-11861","post","type-post","status-publish","format-standard","has-post-thumbnail","hentry","category-reflexaodoevagelho"],"acf":[],"yoast_head":"<!-- This site is optimized with the Yoast SEO plugin v27.3 - https:\/\/yoast.com\/product\/yoast-seo-wordpress\/ -->\n<title>26\/02 - Quem n\u00e3o \u00e9 contra n\u00f3s \u00e9 a nosso favor. - Pastoral Universit\u00e1ria UniSALESIANO<\/title>\n<meta name=\"robots\" content=\"index, follow, max-snippet:-1, max-image-preview:large, max-video-preview:-1\" \/>\n<link rel=\"canonical\" href=\"https:\/\/unisale.com.br\/pastoral\/26-02-quem-nao-e-contra-nos-e-a-nosso-favor\/\" \/>\n<meta property=\"og:locale\" content=\"pt_BR\" \/>\n<meta property=\"og:type\" content=\"article\" \/>\n<meta property=\"og:title\" content=\"26\/02 - Quem n\u00e3o \u00e9 contra n\u00f3s \u00e9 a nosso favor. - Pastoral Universit\u00e1ria UniSALESIANO\" \/>\n<meta property=\"og:description\" content=\"Quarta-feira, 26 de fevereiro de 2025. &nbsp; Evangelho (Mc 9,38-40) &nbsp; \u201cQuem n\u00e3o \u00e9 contra n\u00f3s \u00e9 a nosso favor\u201d &nbsp; Naquele tempo, 38Jo\u00e3o disse...\" \/>\n<meta property=\"og:url\" content=\"https:\/\/unisale.com.br\/pastoral\/26-02-quem-nao-e-contra-nos-e-a-nosso-favor\/\" \/>\n<meta property=\"og:site_name\" content=\"Pastoral Universit\u00e1ria UniSALESIANO\" \/>\n<meta property=\"article:published_time\" content=\"2025-01-27T14:23:33+00:00\" \/>\n<meta property=\"og:image\" content=\"https:\/\/unisale.com.br\/pastoral\/wp-content\/uploads\/2025\/01\/Naquele-tempo-35Joao-estava-de-novo-com-dois-de-seus-discipulos-36e-vendo-Jesus-passar-disse-Eis-o-Cordeiro-de-Deus-37Ouvindo-essas-palavras-os-dois-discipulos-seguiram-Jesus.-38Voltand-7-2.png\" \/>\n\t<meta property=\"og:image:width\" content=\"1080\" \/>\n\t<meta property=\"og:image:height\" content=\"1080\" \/>\n\t<meta property=\"og:image:type\" content=\"image\/png\" \/>\n<meta name=\"author\" content=\"pastoral\" \/>\n<meta name=\"twitter:card\" content=\"summary_large_image\" \/>\n<meta name=\"twitter:label1\" content=\"Escrito por\" \/>\n\t<meta name=\"twitter:data1\" content=\"pastoral\" \/>\n\t<meta name=\"twitter:label2\" content=\"Est. tempo de leitura\" \/>\n\t<meta name=\"twitter:data2\" content=\"2 minutos\" \/>\n<script type=\"application\/ld+json\" class=\"yoast-schema-graph\">{\"@context\":\"https:\\\/\\\/schema.org\",\"@graph\":[{\"@type\":\"Article\",\"@id\":\"https:\\\/\\\/unisale.com.br\\\/pastoral\\\/26-02-quem-nao-e-contra-nos-e-a-nosso-favor\\\/#article\",\"isPartOf\":{\"@id\":\"https:\\\/\\\/unisale.com.br\\\/pastoral\\\/26-02-quem-nao-e-contra-nos-e-a-nosso-favor\\\/\"},\"author\":{\"name\":\"pastoral\",\"@id\":\"https:\\\/\\\/unisale.com.br\\\/pastoral\\\/#\\\/schema\\\/person\\\/a16ba711a0f7dec9cb6b44563144d5a3\"},\"headline\":\"26\\\/02 &#8211; Quem n\u00e3o \u00e9 contra n\u00f3s \u00e9 a nosso favor.\",\"datePublished\":\"2025-01-27T14:23:33+00:00\",\"mainEntityOfPage\":{\"@id\":\"https:\\\/\\\/unisale.com.br\\\/pastoral\\\/26-02-quem-nao-e-contra-nos-e-a-nosso-favor\\\/\"},\"wordCount\":306,\"image\":{\"@id\":\"https:\\\/\\\/unisale.com.br\\\/pastoral\\\/26-02-quem-nao-e-contra-nos-e-a-nosso-favor\\\/#primaryimage\"},\"thumbnailUrl\":\"https:\\\/\\\/unisale.com.br\\\/pastoral\\\/wp-content\\\/uploads\\\/2025\\\/01\\\/Naquele-tempo-35Joao-estava-de-novo-com-dois-de-seus-discipulos-36e-vendo-Jesus-passar-disse-Eis-o-Cordeiro-de-Deus-37Ouvindo-essas-palavras-os-dois-discipulos-seguiram-Jesus.-38Voltand-7-2-e1771611973239.jpg\",\"articleSection\":[\"Reflex\u00e3o do Evangelho\"],\"inLanguage\":\"pt-BR\"},{\"@type\":\"WebPage\",\"@id\":\"https:\\\/\\\/unisale.com.br\\\/pastoral\\\/26-02-quem-nao-e-contra-nos-e-a-nosso-favor\\\/\",\"url\":\"https:\\\/\\\/unisale.com.br\\\/pastoral\\\/26-02-quem-nao-e-contra-nos-e-a-nosso-favor\\\/\",\"name\":\"26\\\/02 - Quem n\u00e3o \u00e9 contra n\u00f3s \u00e9 a nosso favor. - Pastoral Universit\u00e1ria UniSALESIANO\",\"isPartOf\":{\"@id\":\"https:\\\/\\\/unisale.com.br\\\/pastoral\\\/#website\"},\"primaryImageOfPage\":{\"@id\":\"https:\\\/\\\/unisale.com.br\\\/pastoral\\\/26-02-quem-nao-e-contra-nos-e-a-nosso-favor\\\/#primaryimage\"},\"image\":{\"@id\":\"https:\\\/\\\/unisale.com.br\\\/pastoral\\\/26-02-quem-nao-e-contra-nos-e-a-nosso-favor\\\/#primaryimage\"},\"thumbnailUrl\":\"https:\\\/\\\/unisale.com.br\\\/pastoral\\\/wp-content\\\/uploads\\\/2025\\\/01\\\/Naquele-tempo-35Joao-estava-de-novo-com-dois-de-seus-discipulos-36e-vendo-Jesus-passar-disse-Eis-o-Cordeiro-de-Deus-37Ouvindo-essas-palavras-os-dois-discipulos-seguiram-Jesus.-38Voltand-7-2-e1771611973239.jpg\",\"datePublished\":\"2025-01-27T14:23:33+00:00\",\"author\":{\"@id\":\"https:\\\/\\\/unisale.com.br\\\/pastoral\\\/#\\\/schema\\\/person\\\/a16ba711a0f7dec9cb6b44563144d5a3\"},\"inLanguage\":\"pt-BR\",\"potentialAction\":[{\"@type\":\"ReadAction\",\"target\":[\"https:\\\/\\\/unisale.com.br\\\/pastoral\\\/26-02-quem-nao-e-contra-nos-e-a-nosso-favor\\\/\"]}]},{\"@type\":\"ImageObject\",\"inLanguage\":\"pt-BR\",\"@id\":\"https:\\\/\\\/unisale.com.br\\\/pastoral\\\/26-02-quem-nao-e-contra-nos-e-a-nosso-favor\\\/#primaryimage\",\"url\":\"https:\\\/\\\/unisale.com.br\\\/pastoral\\\/wp-content\\\/uploads\\\/2025\\\/01\\\/Naquele-tempo-35Joao-estava-de-novo-com-dois-de-seus-discipulos-36e-vendo-Jesus-passar-disse-Eis-o-Cordeiro-de-Deus-37Ouvindo-essas-palavras-os-dois-discipulos-seguiram-Jesus.-38Voltand-7-2-e1771611973239.jpg\",\"contentUrl\":\"https:\\\/\\\/unisale.com.br\\\/pastoral\\\/wp-content\\\/uploads\\\/2025\\\/01\\\/Naquele-tempo-35Joao-estava-de-novo-com-dois-de-seus-discipulos-36e-vendo-Jesus-passar-disse-Eis-o-Cordeiro-de-Deus-37Ouvindo-essas-palavras-os-dois-discipulos-seguiram-Jesus.-38Voltand-7-2-e1771611973239.jpg\",\"width\":400,\"height\":400},{\"@type\":\"WebSite\",\"@id\":\"https:\\\/\\\/unisale.com.br\\\/pastoral\\\/#website\",\"url\":\"https:\\\/\\\/unisale.com.br\\\/pastoral\\\/\",\"name\":\"Pastoral Universit\u00e1ria UniSALESIANO\",\"description\":\"Site da Pastoral Universit\u00e1ria do UniSALESIANO\",\"potentialAction\":[{\"@type\":\"SearchAction\",\"target\":{\"@type\":\"EntryPoint\",\"urlTemplate\":\"https:\\\/\\\/unisale.com.br\\\/pastoral\\\/?s={search_term_string}\"},\"query-input\":{\"@type\":\"PropertyValueSpecification\",\"valueRequired\":true,\"valueName\":\"search_term_string\"}}],\"inLanguage\":\"pt-BR\"},{\"@type\":\"Person\",\"@id\":\"https:\\\/\\\/unisale.com.br\\\/pastoral\\\/#\\\/schema\\\/person\\\/a16ba711a0f7dec9cb6b44563144d5a3\",\"name\":\"pastoral\",\"url\":\"https:\\\/\\\/unisale.com.br\\\/pastoral\\\/author\\\/pastoral\\\/\"}]}<\/script>\n<!-- \/ Yoast SEO plugin. -->","yoast_head_json":{"title":"26\/02 - Quem n\u00e3o \u00e9 contra n\u00f3s \u00e9 a nosso favor. - Pastoral Universit\u00e1ria UniSALESIANO","robots":{"index":"index","follow":"follow","max-snippet":"max-snippet:-1","max-image-preview":"max-image-preview:large","max-video-preview":"max-video-preview:-1"},"canonical":"https:\/\/unisale.com.br\/pastoral\/26-02-quem-nao-e-contra-nos-e-a-nosso-favor\/","og_locale":"pt_BR","og_type":"article","og_title":"26\/02 - Quem n\u00e3o \u00e9 contra n\u00f3s \u00e9 a nosso favor. - Pastoral Universit\u00e1ria UniSALESIANO","og_description":"Quarta-feira, 26 de fevereiro de 2025. &nbsp; Evangelho (Mc 9,38-40) &nbsp; \u201cQuem n\u00e3o \u00e9 contra n\u00f3s \u00e9 a nosso favor\u201d &nbsp; Naquele tempo, 38Jo\u00e3o disse...","og_url":"https:\/\/unisale.com.br\/pastoral\/26-02-quem-nao-e-contra-nos-e-a-nosso-favor\/","og_site_name":"Pastoral Universit\u00e1ria UniSALESIANO","article_published_time":"2025-01-27T14:23:33+00:00","og_image":[{"width":1080,"height":1080,"url":"https:\/\/unisale.com.br\/pastoral\/wp-content\/uploads\/2025\/01\/Naquele-tempo-35Joao-estava-de-novo-com-dois-de-seus-discipulos-36e-vendo-Jesus-passar-disse-Eis-o-Cordeiro-de-Deus-37Ouvindo-essas-palavras-os-dois-discipulos-seguiram-Jesus.-38Voltand-7-2.png","type":"image\/png"}],"author":"pastoral","twitter_card":"summary_large_image","twitter_misc":{"Escrito por":"pastoral","Est. tempo de leitura":"2 minutos"},"schema":{"@context":"https:\/\/schema.org","@graph":[{"@type":"Article","@id":"https:\/\/unisale.com.br\/pastoral\/26-02-quem-nao-e-contra-nos-e-a-nosso-favor\/#article","isPartOf":{"@id":"https:\/\/unisale.com.br\/pastoral\/26-02-quem-nao-e-contra-nos-e-a-nosso-favor\/"},"author":{"name":"pastoral","@id":"https:\/\/unisale.com.br\/pastoral\/#\/schema\/person\/a16ba711a0f7dec9cb6b44563144d5a3"},"headline":"26\/02 &#8211; Quem n\u00e3o \u00e9 contra n\u00f3s \u00e9 a nosso favor.","datePublished":"2025-01-27T14:23:33+00:00","mainEntityOfPage":{"@id":"https:\/\/unisale.com.br\/pastoral\/26-02-quem-nao-e-contra-nos-e-a-nosso-favor\/"},"wordCount":306,"image":{"@id":"https:\/\/unisale.com.br\/pastoral\/26-02-quem-nao-e-contra-nos-e-a-nosso-favor\/#primaryimage"},"thumbnailUrl":"https:\/\/unisale.com.br\/pastoral\/wp-content\/uploads\/2025\/01\/Naquele-tempo-35Joao-estava-de-novo-com-dois-de-seus-discipulos-36e-vendo-Jesus-passar-disse-Eis-o-Cordeiro-de-Deus-37Ouvindo-essas-palavras-os-dois-discipulos-seguiram-Jesus.-38Voltand-7-2-e1771611973239.jpg","articleSection":["Reflex\u00e3o do Evangelho"],"inLanguage":"pt-BR"},{"@type":"WebPage","@id":"https:\/\/unisale.com.br\/pastoral\/26-02-quem-nao-e-contra-nos-e-a-nosso-favor\/","url":"https:\/\/unisale.com.br\/pastoral\/26-02-quem-nao-e-contra-nos-e-a-nosso-favor\/","name":"26\/02 - Quem n\u00e3o \u00e9 contra n\u00f3s \u00e9 a nosso favor. - Pastoral Universit\u00e1ria UniSALESIANO","isPartOf":{"@id":"https:\/\/unisale.com.br\/pastoral\/#website"},"primaryImageOfPage":{"@id":"https:\/\/unisale.com.br\/pastoral\/26-02-quem-nao-e-contra-nos-e-a-nosso-favor\/#primaryimage"},"image":{"@id":"https:\/\/unisale.com.br\/pastoral\/26-02-quem-nao-e-contra-nos-e-a-nosso-favor\/#primaryimage"},"thumbnailUrl":"https:\/\/unisale.com.br\/pastoral\/wp-content\/uploads\/2025\/01\/Naquele-tempo-35Joao-estava-de-novo-com-dois-de-seus-discipulos-36e-vendo-Jesus-passar-disse-Eis-o-Cordeiro-de-Deus-37Ouvindo-essas-palavras-os-dois-discipulos-seguiram-Jesus.-38Voltand-7-2-e1771611973239.jpg","datePublished":"2025-01-27T14:23:33+00:00","author":{"@id":"https:\/\/unisale.com.br\/pastoral\/#\/schema\/person\/a16ba711a0f7dec9cb6b44563144d5a3"},"inLanguage":"pt-BR","potentialAction":[{"@type":"ReadAction","target":["https:\/\/unisale.com.br\/pastoral\/26-02-quem-nao-e-contra-nos-e-a-nosso-favor\/"]}]},{"@type":"ImageObject","inLanguage":"pt-BR","@id":"https:\/\/unisale.com.br\/pastoral\/26-02-quem-nao-e-contra-nos-e-a-nosso-favor\/#primaryimage","url":"https:\/\/unisale.com.br\/pastoral\/wp-content\/uploads\/2025\/01\/Naquele-tempo-35Joao-estava-de-novo-com-dois-de-seus-discipulos-36e-vendo-Jesus-passar-disse-Eis-o-Cordeiro-de-Deus-37Ouvindo-essas-palavras-os-dois-discipulos-seguiram-Jesus.-38Voltand-7-2-e1771611973239.jpg","contentUrl":"https:\/\/unisale.com.br\/pastoral\/wp-content\/uploads\/2025\/01\/Naquele-tempo-35Joao-estava-de-novo-com-dois-de-seus-discipulos-36e-vendo-Jesus-passar-disse-Eis-o-Cordeiro-de-Deus-37Ouvindo-essas-palavras-os-dois-discipulos-seguiram-Jesus.-38Voltand-7-2-e1771611973239.jpg","width":400,"height":400},{"@type":"WebSite","@id":"https:\/\/unisale.com.br\/pastoral\/#website","url":"https:\/\/unisale.com.br\/pastoral\/","name":"Pastoral Universit\u00e1ria UniSALESIANO","description":"Site da Pastoral Universit\u00e1ria do UniSALESIANO","potentialAction":[{"@type":"SearchAction","target":{"@type":"EntryPoint","urlTemplate":"https:\/\/unisale.com.br\/pastoral\/?s={search_term_string}"},"query-input":{"@type":"PropertyValueSpecification","valueRequired":true,"valueName":"search_term_string"}}],"inLanguage":"pt-BR"},{"@type":"Person","@id":"https:\/\/unisale.com.br\/pastoral\/#\/schema\/person\/a16ba711a0f7dec9cb6b44563144d5a3","name":"pastoral","url":"https:\/\/unisale.com.br\/pastoral\/author\/pastoral\/"}]}},"_links":{"self":[{"href":"https:\/\/unisale.com.br\/pastoral\/wp-json\/wp\/v2\/posts\/11861","targetHints":{"allow":["GET"]}}],"collection":[{"href":"https:\/\/unisale.com.br\/pastoral\/wp-json\/wp\/v2\/posts"}],"about":[{"href":"https:\/\/unisale.com.br\/pastoral\/wp-json\/wp\/v2\/types\/post"}],"author":[{"embeddable":true,"href":"https:\/\/unisale.com.br\/pastoral\/wp-json\/wp\/v2\/users\/1"}],"replies":[{"embeddable":true,"href":"https:\/\/unisale.com.br\/pastoral\/wp-json\/wp\/v2\/comments?post=11861"}],"version-history":[{"count":1,"href":"https:\/\/unisale.com.br\/pastoral\/wp-json\/wp\/v2\/posts\/11861\/revisions"}],"predecessor-version":[{"id":11863,"href":"https:\/\/unisale.com.br\/pastoral\/wp-json\/wp\/v2\/posts\/11861\/revisions\/11863"}],"wp:featuredmedia":[{"embeddable":true,"href":"https:\/\/unisale.com.br\/pastoral\/wp-json\/wp\/v2\/media\/11862"}],"wp:attachment":[{"href":"https:\/\/unisale.com.br\/pastoral\/wp-json\/wp\/v2\/media?parent=11861"}],"wp:term":[{"taxonomy":"category","embeddable":true,"href":"https:\/\/unisale.com.br\/pastoral\/wp-json\/wp\/v2\/categories?post=11861"},{"taxonomy":"post_tag","embeddable":true,"href":"https:\/\/unisale.com.br\/pastoral\/wp-json\/wp\/v2\/tags?post=11861"}],"curies":[{"name":"wp","href":"https:\/\/api.w.org\/{rel}","templated":true}]}}