{"id":11868,"date":"2025-01-27T14:30:20","date_gmt":"2025-01-27T14:30:20","guid":{"rendered":"https:\/\/unisale.com.br\/pastoral\/?p=11868"},"modified":"2025-01-27T14:30:20","modified_gmt":"2025-01-27T14:30:20","slug":"28-02-o-que-deus-uniu-o-homem-nao-separe","status":"publish","type":"post","link":"https:\/\/unisale.com.br\/pastoral\/28-02-o-que-deus-uniu-o-homem-nao-separe\/","title":{"rendered":"28\/02 &#8211; O que Deus uniu, o homem n\u00e3o separe."},"content":{"rendered":"<p>Sexta-feira, 28 de fevereiro de 2025.<\/p>\n<p>&nbsp;<\/p>\n<p>Evangelho (Mc 10,1-12)<\/p>\n<p>&nbsp;<\/p>\n<p>\u201cO que Deus uniu, o homem n\u00e3o separe\u201d<\/p>\n<p>&nbsp;<\/p>\n<p>Naquele tempo, <sup>1<\/sup>Jesus foi para o territ\u00f3rio da Judeia, do outro lado do rio Jord\u00e3o. As multid\u00f5es se reuniram de novo, em torno de Jesus. E ele, como de costume, as ensinava. <sup>2<\/sup>Alguns fariseus se aproximaram de Jesus. Para p\u00f4-lo \u00e0 prova, perguntaram se era permitido ao homem divorciar-se de sua mulher.<sup>3<\/sup>Jesus perguntou: \u201cO que Mois\u00e9s vos ordenou?\u201d <sup>4<\/sup>Os fariseus responderam: \u201cMois\u00e9s permitiu escrever uma certid\u00e3o de div\u00f3rcio e despedi-la\u201d. <sup>5<\/sup>Jesus ent\u00e3o disse: \u201cFoi por causa da dureza do vosso cora\u00e7\u00e3o que Mois\u00e9s vos escreveu este mandamento. <sup>6<\/sup>No entanto, desde o come\u00e7o da cria\u00e7\u00e3o, Deus os fez homem e mulher. <sup>7<\/sup>Por isso, o homem deixar\u00e1 seu pai e sua m\u00e3e e os dois ser\u00e3o uma s\u00f3 carne. <sup>8<\/sup>Assim, j\u00e1 n\u00e3o s\u00e3o dois, mas uma s\u00f3 carne. <sup>9<\/sup>Portanto, o que Deus uniu, o homem n\u00e3o separe!\u201d <sup>10<\/sup>Em casa, os disc\u00edpulos fizeram, novamente, perguntas sobre o mesmo assunto. <sup>11<\/sup>Jesus respondeu: \u201cQuem se divorciar de sua mulher e casar com outra, cometer\u00e1 adult\u00e9rio contra a primeira. <sup>12<\/sup>E se a mulher se divorciar de seu marido e casar com outro, cometer\u00e1 adult\u00e9rio\u201d.<\/p>\n<p>&nbsp;<\/p>\n<p><strong>Reflex\u00e3o<\/strong><\/p>\n<p>&nbsp;<\/p>\n<p>Homem e mulher, duas metades que buscam complementar-se. Nenhum homem sozinho \u00e9 perfeito e por isso busca o seu complemento no outro. O importante a se ter presente \u00e9 que para Deus, homem e mulher s\u00e3o iguais. Na sociedade as rela\u00e7\u00f5es est\u00e3o sempre em mudan\u00e7a: encontramos pessoas e depois nos separamos, viajamos e nos deslocamos para v\u00e1rios lugares, conhecemos pessoas novas e que se tornam importantes para n\u00f3s. Como numa viagem de trem, antes ou depois de novo precisamos nos cumprimentar e dizer adeus. \u00c9 isto que sustentam aqueles que defendem a dissolubilidade do matrim\u00f4nio. Por que marido e mulher deveriam ficar juntos no mesmo \u201cvag\u00e3o\u201d se a viagem da vida os divide? Mas existe uma grande diferen\u00e7a entre uma fam\u00edlia e uma viagem de trem. Homem e mulher deixam os pais, no entanto, pode existir uma uni\u00e3o mais intensa do que aquela entre m\u00e3e e filho? N\u00e3o se pode renegar, e n\u00e3o se apaga nem do corpo e nem da alma. Se se interrompe, a natureza mesma reclama; esta separa\u00e7\u00e3o s\u00f3 \u00e9 poss\u00edvel somente porque se cria uma uni\u00e3o igualmente forte, insepar\u00e1vel, isto \u00e9, uma nova fam\u00edlia. Hoje tamb\u00e9m crist\u00e3os falam mal da indissolubilidade do matrim\u00f4nio. Dizem que \u00e9 um ideal a ser sonhado, mas o homem \u00e9 muito fraco para realiza-lo. O argumento \u00e9 justamente a incapacidade para observ\u00e1-lo. A B\u00edblia nos mostra constantemente que o homem sozinho \u00e9 incapaz de observar qualquer mandamento de Deus. O profeta Ezequiel o diz claramente aos hebreus: \u201cEu lhes darei um cora\u00e7\u00e3o novo e porei em voc\u00eas um esp\u00edrito novo. Tirarei de voc\u00eas o cora\u00e7\u00e3o de pedra, desobediente, e lhes darei um cora\u00e7\u00e3o bondoso, obediente\u201d (Ez 36,26). Deus o promete e d\u00e1 a for\u00e7a de ser fiel, e de cumprir aquilo que parecia imposs\u00edvel.<\/p>\n<p><strong>Pe. Paulo Eduardo J\u00e1como, SDB.<\/strong><\/p>\n","protected":false},"excerpt":{"rendered":"<p>Sexta-feira, 28 de fevereiro de 2025. &nbsp; Evangelho (Mc 10,1-12) &nbsp; \u201cO que Deus uniu, o homem n\u00e3o separe\u201d &nbsp; Naquele tempo, 1Jesus foi para&#8230;<\/p>\n","protected":false},"author":1,"featured_media":11869,"comment_status":"closed","ping_status":"closed","sticky":false,"template":"","format":"standard","meta":{"_acf_changed":false,"footnotes":""},"categories":[13],"tags":[],"class_list":["post-11868","post","type-post","status-publish","format-standard","has-post-thumbnail","hentry","category-reflexaodoevagelho"],"acf":[],"yoast_head":"<!-- This site is optimized with the Yoast SEO plugin v27.3 - https:\/\/yoast.com\/product\/yoast-seo-wordpress\/ -->\n<title>28\/02 - O que Deus uniu, o homem n\u00e3o separe. - Pastoral Universit\u00e1ria UniSALESIANO<\/title>\n<meta name=\"robots\" content=\"index, follow, max-snippet:-1, max-image-preview:large, max-video-preview:-1\" \/>\n<link rel=\"canonical\" href=\"https:\/\/unisale.com.br\/pastoral\/28-02-o-que-deus-uniu-o-homem-nao-separe\/\" \/>\n<meta property=\"og:locale\" content=\"pt_BR\" \/>\n<meta property=\"og:type\" content=\"article\" \/>\n<meta property=\"og:title\" content=\"28\/02 - O que Deus uniu, o homem n\u00e3o separe. - Pastoral Universit\u00e1ria UniSALESIANO\" \/>\n<meta property=\"og:description\" content=\"Sexta-feira, 28 de fevereiro de 2025. &nbsp; Evangelho (Mc 10,1-12) &nbsp; \u201cO que Deus uniu, o homem n\u00e3o separe\u201d &nbsp; Naquele tempo, 1Jesus foi para...\" \/>\n<meta property=\"og:url\" content=\"https:\/\/unisale.com.br\/pastoral\/28-02-o-que-deus-uniu-o-homem-nao-separe\/\" \/>\n<meta property=\"og:site_name\" content=\"Pastoral Universit\u00e1ria UniSALESIANO\" \/>\n<meta property=\"article:published_time\" content=\"2025-01-27T14:30:20+00:00\" \/>\n<meta property=\"og:image\" content=\"https:\/\/unisale.com.br\/pastoral\/wp-content\/uploads\/2025\/01\/Naquele-tempo-35Joao-estava-de-novo-com-dois-de-seus-discipulos-36e-vendo-Jesus-passar-disse-Eis-o-Cordeiro-de-Deus-37Ouvindo-essas-palavras-os-dois-discipulos-seguiram-Jesus.-38Voltand-9.png\" \/>\n\t<meta property=\"og:image:width\" content=\"1080\" \/>\n\t<meta property=\"og:image:height\" content=\"1080\" \/>\n\t<meta property=\"og:image:type\" content=\"image\/png\" \/>\n<meta name=\"author\" content=\"pastoral\" \/>\n<meta name=\"twitter:card\" content=\"summary_large_image\" \/>\n<meta name=\"twitter:label1\" content=\"Escrito por\" \/>\n\t<meta name=\"twitter:data1\" content=\"pastoral\" \/>\n\t<meta name=\"twitter:label2\" content=\"Est. tempo de leitura\" \/>\n\t<meta name=\"twitter:data2\" content=\"4 minutos\" \/>\n<script type=\"application\/ld+json\" class=\"yoast-schema-graph\">{\"@context\":\"https:\\\/\\\/schema.org\",\"@graph\":[{\"@type\":\"Article\",\"@id\":\"https:\\\/\\\/unisale.com.br\\\/pastoral\\\/28-02-o-que-deus-uniu-o-homem-nao-separe\\\/#article\",\"isPartOf\":{\"@id\":\"https:\\\/\\\/unisale.com.br\\\/pastoral\\\/28-02-o-que-deus-uniu-o-homem-nao-separe\\\/\"},\"author\":{\"name\":\"pastoral\",\"@id\":\"https:\\\/\\\/unisale.com.br\\\/pastoral\\\/#\\\/schema\\\/person\\\/a16ba711a0f7dec9cb6b44563144d5a3\"},\"headline\":\"28\\\/02 &#8211; O que Deus uniu, o homem n\u00e3o separe.\",\"datePublished\":\"2025-01-27T14:30:20+00:00\",\"mainEntityOfPage\":{\"@id\":\"https:\\\/\\\/unisale.com.br\\\/pastoral\\\/28-02-o-que-deus-uniu-o-homem-nao-separe\\\/\"},\"wordCount\":553,\"image\":{\"@id\":\"https:\\\/\\\/unisale.com.br\\\/pastoral\\\/28-02-o-que-deus-uniu-o-homem-nao-separe\\\/#primaryimage\"},\"thumbnailUrl\":\"https:\\\/\\\/unisale.com.br\\\/pastoral\\\/wp-content\\\/uploads\\\/2025\\\/01\\\/Naquele-tempo-35Joao-estava-de-novo-com-dois-de-seus-discipulos-36e-vendo-Jesus-passar-disse-Eis-o-Cordeiro-de-Deus-37Ouvindo-essas-palavras-os-dois-discipulos-seguiram-Jesus.-38Voltand-9-e1771612179965.jpg\",\"articleSection\":[\"Reflex\u00e3o do Evangelho\"],\"inLanguage\":\"pt-BR\"},{\"@type\":\"WebPage\",\"@id\":\"https:\\\/\\\/unisale.com.br\\\/pastoral\\\/28-02-o-que-deus-uniu-o-homem-nao-separe\\\/\",\"url\":\"https:\\\/\\\/unisale.com.br\\\/pastoral\\\/28-02-o-que-deus-uniu-o-homem-nao-separe\\\/\",\"name\":\"28\\\/02 - O que Deus uniu, o homem n\u00e3o separe. - Pastoral Universit\u00e1ria UniSALESIANO\",\"isPartOf\":{\"@id\":\"https:\\\/\\\/unisale.com.br\\\/pastoral\\\/#website\"},\"primaryImageOfPage\":{\"@id\":\"https:\\\/\\\/unisale.com.br\\\/pastoral\\\/28-02-o-que-deus-uniu-o-homem-nao-separe\\\/#primaryimage\"},\"image\":{\"@id\":\"https:\\\/\\\/unisale.com.br\\\/pastoral\\\/28-02-o-que-deus-uniu-o-homem-nao-separe\\\/#primaryimage\"},\"thumbnailUrl\":\"https:\\\/\\\/unisale.com.br\\\/pastoral\\\/wp-content\\\/uploads\\\/2025\\\/01\\\/Naquele-tempo-35Joao-estava-de-novo-com-dois-de-seus-discipulos-36e-vendo-Jesus-passar-disse-Eis-o-Cordeiro-de-Deus-37Ouvindo-essas-palavras-os-dois-discipulos-seguiram-Jesus.-38Voltand-9-e1771612179965.jpg\",\"datePublished\":\"2025-01-27T14:30:20+00:00\",\"author\":{\"@id\":\"https:\\\/\\\/unisale.com.br\\\/pastoral\\\/#\\\/schema\\\/person\\\/a16ba711a0f7dec9cb6b44563144d5a3\"},\"inLanguage\":\"pt-BR\",\"potentialAction\":[{\"@type\":\"ReadAction\",\"target\":[\"https:\\\/\\\/unisale.com.br\\\/pastoral\\\/28-02-o-que-deus-uniu-o-homem-nao-separe\\\/\"]}]},{\"@type\":\"ImageObject\",\"inLanguage\":\"pt-BR\",\"@id\":\"https:\\\/\\\/unisale.com.br\\\/pastoral\\\/28-02-o-que-deus-uniu-o-homem-nao-separe\\\/#primaryimage\",\"url\":\"https:\\\/\\\/unisale.com.br\\\/pastoral\\\/wp-content\\\/uploads\\\/2025\\\/01\\\/Naquele-tempo-35Joao-estava-de-novo-com-dois-de-seus-discipulos-36e-vendo-Jesus-passar-disse-Eis-o-Cordeiro-de-Deus-37Ouvindo-essas-palavras-os-dois-discipulos-seguiram-Jesus.-38Voltand-9-e1771612179965.jpg\",\"contentUrl\":\"https:\\\/\\\/unisale.com.br\\\/pastoral\\\/wp-content\\\/uploads\\\/2025\\\/01\\\/Naquele-tempo-35Joao-estava-de-novo-com-dois-de-seus-discipulos-36e-vendo-Jesus-passar-disse-Eis-o-Cordeiro-de-Deus-37Ouvindo-essas-palavras-os-dois-discipulos-seguiram-Jesus.-38Voltand-9-e1771612179965.jpg\",\"width\":450,\"height\":450},{\"@type\":\"WebSite\",\"@id\":\"https:\\\/\\\/unisale.com.br\\\/pastoral\\\/#website\",\"url\":\"https:\\\/\\\/unisale.com.br\\\/pastoral\\\/\",\"name\":\"Pastoral Universit\u00e1ria UniSALESIANO\",\"description\":\"Site da Pastoral Universit\u00e1ria do UniSALESIANO\",\"potentialAction\":[{\"@type\":\"SearchAction\",\"target\":{\"@type\":\"EntryPoint\",\"urlTemplate\":\"https:\\\/\\\/unisale.com.br\\\/pastoral\\\/?s={search_term_string}\"},\"query-input\":{\"@type\":\"PropertyValueSpecification\",\"valueRequired\":true,\"valueName\":\"search_term_string\"}}],\"inLanguage\":\"pt-BR\"},{\"@type\":\"Person\",\"@id\":\"https:\\\/\\\/unisale.com.br\\\/pastoral\\\/#\\\/schema\\\/person\\\/a16ba711a0f7dec9cb6b44563144d5a3\",\"name\":\"pastoral\",\"url\":\"https:\\\/\\\/unisale.com.br\\\/pastoral\\\/author\\\/pastoral\\\/\"}]}<\/script>\n<!-- \/ Yoast SEO plugin. -->","yoast_head_json":{"title":"28\/02 - O que Deus uniu, o homem n\u00e3o separe. - Pastoral Universit\u00e1ria UniSALESIANO","robots":{"index":"index","follow":"follow","max-snippet":"max-snippet:-1","max-image-preview":"max-image-preview:large","max-video-preview":"max-video-preview:-1"},"canonical":"https:\/\/unisale.com.br\/pastoral\/28-02-o-que-deus-uniu-o-homem-nao-separe\/","og_locale":"pt_BR","og_type":"article","og_title":"28\/02 - O que Deus uniu, o homem n\u00e3o separe. - Pastoral Universit\u00e1ria UniSALESIANO","og_description":"Sexta-feira, 28 de fevereiro de 2025. &nbsp; Evangelho (Mc 10,1-12) &nbsp; \u201cO que Deus uniu, o homem n\u00e3o separe\u201d &nbsp; Naquele tempo, 1Jesus foi para...","og_url":"https:\/\/unisale.com.br\/pastoral\/28-02-o-que-deus-uniu-o-homem-nao-separe\/","og_site_name":"Pastoral Universit\u00e1ria UniSALESIANO","article_published_time":"2025-01-27T14:30:20+00:00","og_image":[{"width":1080,"height":1080,"url":"https:\/\/unisale.com.br\/pastoral\/wp-content\/uploads\/2025\/01\/Naquele-tempo-35Joao-estava-de-novo-com-dois-de-seus-discipulos-36e-vendo-Jesus-passar-disse-Eis-o-Cordeiro-de-Deus-37Ouvindo-essas-palavras-os-dois-discipulos-seguiram-Jesus.-38Voltand-9.png","type":"image\/png"}],"author":"pastoral","twitter_card":"summary_large_image","twitter_misc":{"Escrito por":"pastoral","Est. tempo de leitura":"4 minutos"},"schema":{"@context":"https:\/\/schema.org","@graph":[{"@type":"Article","@id":"https:\/\/unisale.com.br\/pastoral\/28-02-o-que-deus-uniu-o-homem-nao-separe\/#article","isPartOf":{"@id":"https:\/\/unisale.com.br\/pastoral\/28-02-o-que-deus-uniu-o-homem-nao-separe\/"},"author":{"name":"pastoral","@id":"https:\/\/unisale.com.br\/pastoral\/#\/schema\/person\/a16ba711a0f7dec9cb6b44563144d5a3"},"headline":"28\/02 &#8211; O que Deus uniu, o homem n\u00e3o separe.","datePublished":"2025-01-27T14:30:20+00:00","mainEntityOfPage":{"@id":"https:\/\/unisale.com.br\/pastoral\/28-02-o-que-deus-uniu-o-homem-nao-separe\/"},"wordCount":553,"image":{"@id":"https:\/\/unisale.com.br\/pastoral\/28-02-o-que-deus-uniu-o-homem-nao-separe\/#primaryimage"},"thumbnailUrl":"https:\/\/unisale.com.br\/pastoral\/wp-content\/uploads\/2025\/01\/Naquele-tempo-35Joao-estava-de-novo-com-dois-de-seus-discipulos-36e-vendo-Jesus-passar-disse-Eis-o-Cordeiro-de-Deus-37Ouvindo-essas-palavras-os-dois-discipulos-seguiram-Jesus.-38Voltand-9-e1771612179965.jpg","articleSection":["Reflex\u00e3o do Evangelho"],"inLanguage":"pt-BR"},{"@type":"WebPage","@id":"https:\/\/unisale.com.br\/pastoral\/28-02-o-que-deus-uniu-o-homem-nao-separe\/","url":"https:\/\/unisale.com.br\/pastoral\/28-02-o-que-deus-uniu-o-homem-nao-separe\/","name":"28\/02 - O que Deus uniu, o homem n\u00e3o separe. - Pastoral Universit\u00e1ria UniSALESIANO","isPartOf":{"@id":"https:\/\/unisale.com.br\/pastoral\/#website"},"primaryImageOfPage":{"@id":"https:\/\/unisale.com.br\/pastoral\/28-02-o-que-deus-uniu-o-homem-nao-separe\/#primaryimage"},"image":{"@id":"https:\/\/unisale.com.br\/pastoral\/28-02-o-que-deus-uniu-o-homem-nao-separe\/#primaryimage"},"thumbnailUrl":"https:\/\/unisale.com.br\/pastoral\/wp-content\/uploads\/2025\/01\/Naquele-tempo-35Joao-estava-de-novo-com-dois-de-seus-discipulos-36e-vendo-Jesus-passar-disse-Eis-o-Cordeiro-de-Deus-37Ouvindo-essas-palavras-os-dois-discipulos-seguiram-Jesus.-38Voltand-9-e1771612179965.jpg","datePublished":"2025-01-27T14:30:20+00:00","author":{"@id":"https:\/\/unisale.com.br\/pastoral\/#\/schema\/person\/a16ba711a0f7dec9cb6b44563144d5a3"},"inLanguage":"pt-BR","potentialAction":[{"@type":"ReadAction","target":["https:\/\/unisale.com.br\/pastoral\/28-02-o-que-deus-uniu-o-homem-nao-separe\/"]}]},{"@type":"ImageObject","inLanguage":"pt-BR","@id":"https:\/\/unisale.com.br\/pastoral\/28-02-o-que-deus-uniu-o-homem-nao-separe\/#primaryimage","url":"https:\/\/unisale.com.br\/pastoral\/wp-content\/uploads\/2025\/01\/Naquele-tempo-35Joao-estava-de-novo-com-dois-de-seus-discipulos-36e-vendo-Jesus-passar-disse-Eis-o-Cordeiro-de-Deus-37Ouvindo-essas-palavras-os-dois-discipulos-seguiram-Jesus.-38Voltand-9-e1771612179965.jpg","contentUrl":"https:\/\/unisale.com.br\/pastoral\/wp-content\/uploads\/2025\/01\/Naquele-tempo-35Joao-estava-de-novo-com-dois-de-seus-discipulos-36e-vendo-Jesus-passar-disse-Eis-o-Cordeiro-de-Deus-37Ouvindo-essas-palavras-os-dois-discipulos-seguiram-Jesus.-38Voltand-9-e1771612179965.jpg","width":450,"height":450},{"@type":"WebSite","@id":"https:\/\/unisale.com.br\/pastoral\/#website","url":"https:\/\/unisale.com.br\/pastoral\/","name":"Pastoral Universit\u00e1ria UniSALESIANO","description":"Site da Pastoral Universit\u00e1ria do UniSALESIANO","potentialAction":[{"@type":"SearchAction","target":{"@type":"EntryPoint","urlTemplate":"https:\/\/unisale.com.br\/pastoral\/?s={search_term_string}"},"query-input":{"@type":"PropertyValueSpecification","valueRequired":true,"valueName":"search_term_string"}}],"inLanguage":"pt-BR"},{"@type":"Person","@id":"https:\/\/unisale.com.br\/pastoral\/#\/schema\/person\/a16ba711a0f7dec9cb6b44563144d5a3","name":"pastoral","url":"https:\/\/unisale.com.br\/pastoral\/author\/pastoral\/"}]}},"_links":{"self":[{"href":"https:\/\/unisale.com.br\/pastoral\/wp-json\/wp\/v2\/posts\/11868","targetHints":{"allow":["GET"]}}],"collection":[{"href":"https:\/\/unisale.com.br\/pastoral\/wp-json\/wp\/v2\/posts"}],"about":[{"href":"https:\/\/unisale.com.br\/pastoral\/wp-json\/wp\/v2\/types\/post"}],"author":[{"embeddable":true,"href":"https:\/\/unisale.com.br\/pastoral\/wp-json\/wp\/v2\/users\/1"}],"replies":[{"embeddable":true,"href":"https:\/\/unisale.com.br\/pastoral\/wp-json\/wp\/v2\/comments?post=11868"}],"version-history":[{"count":1,"href":"https:\/\/unisale.com.br\/pastoral\/wp-json\/wp\/v2\/posts\/11868\/revisions"}],"predecessor-version":[{"id":11870,"href":"https:\/\/unisale.com.br\/pastoral\/wp-json\/wp\/v2\/posts\/11868\/revisions\/11870"}],"wp:featuredmedia":[{"embeddable":true,"href":"https:\/\/unisale.com.br\/pastoral\/wp-json\/wp\/v2\/media\/11869"}],"wp:attachment":[{"href":"https:\/\/unisale.com.br\/pastoral\/wp-json\/wp\/v2\/media?parent=11868"}],"wp:term":[{"taxonomy":"category","embeddable":true,"href":"https:\/\/unisale.com.br\/pastoral\/wp-json\/wp\/v2\/categories?post=11868"},{"taxonomy":"post_tag","embeddable":true,"href":"https:\/\/unisale.com.br\/pastoral\/wp-json\/wp\/v2\/tags?post=11868"}],"curies":[{"name":"wp","href":"https:\/\/api.w.org\/{rel}","templated":true}]}}