{"id":11871,"date":"2025-01-28T15:21:49","date_gmt":"2025-01-28T15:21:49","guid":{"rendered":"https:\/\/unisale.com.br\/pastoral\/?p=11871"},"modified":"2025-01-28T15:21:49","modified_gmt":"2025-01-28T15:21:49","slug":"missa-de-formatura-da-2a-turma-de-medicina-do-unisalesiano-celebra-a-esperanca","status":"publish","type":"post","link":"https:\/\/unisale.com.br\/pastoral\/missa-de-formatura-da-2a-turma-de-medicina-do-unisalesiano-celebra-a-esperanca\/","title":{"rendered":"Missa de formatura da 2\u00aa Turma de Medicina do UniSALESIANO celebra a esperan\u00e7a"},"content":{"rendered":"<p>Na noite do dia 11 de dezembro, a\u00a0<strong>Igreja Universit\u00e1ria do UniSALESIANO<\/strong>\u00a0foi palco de um momento de celebra\u00e7\u00e3o e gratid\u00e3o. A\u00a0<strong>Missa de Formatura da 2\u00aa Turma do Curso de Medicina<\/strong>\u00a0reuniu formandos, familiares, amigos e professores para um encontro fraterno de a\u00e7\u00e3o de gra\u00e7as a Deus.<\/p>\n<p>A cerim\u00f4nia foi marcada por um clima de esperan\u00e7a e emo\u00e7\u00e3o, destacando o percurso dos seis anos de prepara\u00e7\u00e3o dos formandos e o significado deste marco importante em suas vidas.<\/p>\n<p>O\u00a0<strong>Reitor do UniSALESIANO, Pe. Paulo Vendrame, SDB<\/strong>, deu in\u00edcio \u00e0 cerim\u00f4nia lembrando a miss\u00e3o e a responsabilidade dos futuros m\u00e9dicos. \u201cVoc\u00eas s\u00e3o o motivo da presen\u00e7a de cada um de n\u00f3s, aqui, esta noite. E a igreja, dedicada \u00e0 M\u00e3e de Deus, com o t\u00edtulo Auxiliadora do Povo Crist\u00e3o, carinhosamente chamada pela fam\u00edlia salesiana de Auxiliadora da Juventude, foi o cen\u00e1rio perfeito para um convite \u00e0 reflex\u00e3o sobre a miss\u00e3o desses futuros profissionais da sa\u00fade\u201d, salientou.<\/p>\n<p>Pe. Paulo enfatizou que a medicina \u00e9 uma miss\u00e3o de vida, muito al\u00e9m de uma profiss\u00e3o, e que cada m\u00e9dico deve brilhar como luz e ser sal na vida dos outros. Agradeceu ainda aos formandos pelo compromisso com o atendimento humanizado e altru\u00edsta.<\/p>\n<p>Durante a missa, houve um momento especial de a\u00e7\u00e3o de gra\u00e7as, onde os formandos puderam colocar no altar seus sonhos, conquistas e desafios enfrentados ao longo do curso. A homilia refor\u00e7ou que este \u00e9 apenas o come\u00e7o de uma nova jornada, que requer dedica\u00e7\u00e3o cont\u00ednua e \u00e9tica para contribuir para o desenvolvimento da sociedade. \u201cHoje, celebramos um ponto de chegada e um ponto de partida. Que cada um de voc\u00eas seja luz e sabor na vida de quem cruzar o seu caminho\u201d, completou.<\/p>\n<p>Para encerrar a cerim\u00f4nia, o\u00a0<strong>Coordenador do Curso de Medicina, Dr. Ant\u00f4nio Poletto,<\/strong>\u00a0leu uma mensagem de esperan\u00e7a e desafio aos novos m\u00e9dicos. \u201cN\u00e3o precisam conquistar o mundo para sempre, mas podem continuar a semear novos sonhos e um futuro promissor. Que esta noite seja uma celebra\u00e7\u00e3o que preencha os cora\u00e7\u00f5es de gratid\u00e3o e esperan\u00e7a\u201d.<\/p>\n<p>A Missa de Formatura da 2\u00aa Turma do Curso de Medicina do UniSALESIANO foi presidida pelo Reitor do UniSALESIANO, e concelebrada pelo\u00a0<strong>Pr\u00f3-Reitor de Pastoral, Pe. Paulo Eduardo J\u00e1como, SDB<\/strong>, pelo\u00a0<strong>Pe. Orlando Maffeis<\/strong>, da Par\u00f3quia de Mirand\u00f3polis, e pelo\u00a0<strong>Pe. Edgar Souza<\/strong>, da Par\u00f3quia Divino Esp\u00edrito Santo, em Ara\u00e7atuba. O evento celebrativo contou ainda com a presen\u00e7a dos membros da Reitoria:\u00a0<strong>Andr\u00e9 Ornellas<\/strong>, Pr\u00f3-Reitor de Ensino, Pesquisa e P\u00f3s-Gradua\u00e7\u00e3o e\u00a0<strong>Vanda Aparecida Guilherme de Moura<\/strong>, Pr\u00f3-Reitora Administrativa.<\/p>\n<p>&nbsp;<\/p>\n\n\t\t<style type=\"text\/css\">\n\t\t\t#gallery-1 {\n\t\t\t\tmargin: auto;\n\t\t\t}\n\t\t\t#gallery-1 .gallery-item {\n\t\t\t\tfloat: left;\n\t\t\t\tmargin-top: 10px;\n\t\t\t\ttext-align: center;\n\t\t\t\twidth: 25%;\n\t\t\t}\n\t\t\t#gallery-1 img {\n\t\t\t\tborder: 2px solid #cfcfcf;\n\t\t\t}\n\t\t\t#gallery-1 .gallery-caption {\n\t\t\t\tmargin-left: 0;\n\t\t\t}\n\t\t\t\/* see gallery_shortcode() in wp-includes\/media.php *\/\n\t\t<\/style>\n\t\t<div id='gallery-1' class='gallery galleryid-11871 gallery-columns-4 gallery-size-thumbnail'><dl class='gallery-item'>\n\t\t\t<dt class='gallery-icon landscape'>\n\t\t\t\t<a href='https:\/\/unisale.com.br\/pastoral\/missa-de-formatura-da-2a-turma-de-medicina-do-unisalesiano-celebra-a-esperanca\/784a3919-1024x683\/'><img decoding=\"async\" width=\"150\" height=\"150\" src=\"https:\/\/unisale.com.br\/pastoral\/wp-content\/uploads\/2025\/01\/784A3919-1024x683-1-150x150.jpg\" class=\"attachment-thumbnail size-thumbnail\" alt=\"\" \/><\/a>\n\t\t\t<\/dt><\/dl><dl class='gallery-item'>\n\t\t\t<dt class='gallery-icon landscape'>\n\t\t\t\t<a href='https:\/\/unisale.com.br\/pastoral\/missa-de-formatura-da-2a-turma-de-medicina-do-unisalesiano-celebra-a-esperanca\/784a3922-1024x683\/'><img decoding=\"async\" width=\"150\" height=\"150\" src=\"https:\/\/unisale.com.br\/pastoral\/wp-content\/uploads\/2025\/01\/784A3922-1024x683-1-150x150.jpg\" class=\"attachment-thumbnail size-thumbnail\" alt=\"\" \/><\/a>\n\t\t\t<\/dt><\/dl><dl class='gallery-item'>\n\t\t\t<dt class='gallery-icon landscape'>\n\t\t\t\t<a href='https:\/\/unisale.com.br\/pastoral\/missa-de-formatura-da-2a-turma-de-medicina-do-unisalesiano-celebra-a-esperanca\/784a3927-1024x683\/'><img decoding=\"async\" width=\"150\" height=\"150\" src=\"https:\/\/unisale.com.br\/pastoral\/wp-content\/uploads\/2025\/01\/784A3927-1024x683-1-150x150.jpg\" class=\"attachment-thumbnail size-thumbnail\" alt=\"\" \/><\/a>\n\t\t\t<\/dt><\/dl><dl class='gallery-item'>\n\t\t\t<dt class='gallery-icon landscape'>\n\t\t\t\t<a href='https:\/\/unisale.com.br\/pastoral\/missa-de-formatura-da-2a-turma-de-medicina-do-unisalesiano-celebra-a-esperanca\/784a3932-1024x683\/'><img loading=\"lazy\" decoding=\"async\" width=\"150\" height=\"150\" src=\"https:\/\/unisale.com.br\/pastoral\/wp-content\/uploads\/2025\/01\/784A3932-1024x683-1-150x150.jpg\" class=\"attachment-thumbnail size-thumbnail\" alt=\"\" \/><\/a>\n\t\t\t<\/dt><\/dl><br style=\"clear: both\" \/><dl class='gallery-item'>\n\t\t\t<dt class='gallery-icon landscape'>\n\t\t\t\t<a href='https:\/\/unisale.com.br\/pastoral\/missa-de-formatura-da-2a-turma-de-medicina-do-unisalesiano-celebra-a-esperanca\/784a3934-1024x683\/'><img loading=\"lazy\" decoding=\"async\" width=\"150\" height=\"150\" src=\"https:\/\/unisale.com.br\/pastoral\/wp-content\/uploads\/2025\/01\/784A3934-1024x683-1-150x150.jpg\" class=\"attachment-thumbnail size-thumbnail\" alt=\"\" \/><\/a>\n\t\t\t<\/dt><\/dl><dl class='gallery-item'>\n\t\t\t<dt class='gallery-icon landscape'>\n\t\t\t\t<a href='https:\/\/unisale.com.br\/pastoral\/missa-de-formatura-da-2a-turma-de-medicina-do-unisalesiano-celebra-a-esperanca\/784a3939-1024x683\/'><img loading=\"lazy\" decoding=\"async\" width=\"150\" height=\"150\" src=\"https:\/\/unisale.com.br\/pastoral\/wp-content\/uploads\/2025\/01\/784A3939-1024x683-1-150x150.jpg\" class=\"attachment-thumbnail size-thumbnail\" alt=\"\" \/><\/a>\n\t\t\t<\/dt><\/dl><dl class='gallery-item'>\n\t\t\t<dt class='gallery-icon portrait'>\n\t\t\t\t<a href='https:\/\/unisale.com.br\/pastoral\/missa-de-formatura-da-2a-turma-de-medicina-do-unisalesiano-celebra-a-esperanca\/784a3951-683x1024\/'><img loading=\"lazy\" decoding=\"async\" width=\"150\" height=\"150\" src=\"https:\/\/unisale.com.br\/pastoral\/wp-content\/uploads\/2025\/01\/784A3951-683x1024-1-150x150.jpg\" class=\"attachment-thumbnail size-thumbnail\" alt=\"\" \/><\/a>\n\t\t\t<\/dt><\/dl><dl class='gallery-item'>\n\t\t\t<dt class='gallery-icon landscape'>\n\t\t\t\t<a href='https:\/\/unisale.com.br\/pastoral\/missa-de-formatura-da-2a-turma-de-medicina-do-unisalesiano-celebra-a-esperanca\/784a3954-1024x683\/'><img loading=\"lazy\" decoding=\"async\" width=\"150\" height=\"150\" src=\"https:\/\/unisale.com.br\/pastoral\/wp-content\/uploads\/2025\/01\/784A3954-1024x683-1-150x150.jpg\" class=\"attachment-thumbnail size-thumbnail\" alt=\"\" \/><\/a>\n\t\t\t<\/dt><\/dl><br style=\"clear: both\" \/><dl class='gallery-item'>\n\t\t\t<dt class='gallery-icon landscape'>\n\t\t\t\t<a href='https:\/\/unisale.com.br\/pastoral\/missa-de-formatura-da-2a-turma-de-medicina-do-unisalesiano-celebra-a-esperanca\/784a3958-1024x683\/'><img loading=\"lazy\" decoding=\"async\" width=\"150\" height=\"150\" src=\"https:\/\/unisale.com.br\/pastoral\/wp-content\/uploads\/2025\/01\/784A3958-1024x683-1-150x150.jpg\" class=\"attachment-thumbnail size-thumbnail\" alt=\"\" \/><\/a>\n\t\t\t<\/dt><\/dl><dl class='gallery-item'>\n\t\t\t<dt class='gallery-icon landscape'>\n\t\t\t\t<a href='https:\/\/unisale.com.br\/pastoral\/missa-de-formatura-da-2a-turma-de-medicina-do-unisalesiano-celebra-a-esperanca\/784a3962-1024x683\/'><img loading=\"lazy\" decoding=\"async\" width=\"150\" height=\"150\" src=\"https:\/\/unisale.com.br\/pastoral\/wp-content\/uploads\/2025\/01\/784A3962-1024x683-1-150x150.jpg\" class=\"attachment-thumbnail size-thumbnail\" alt=\"\" \/><\/a>\n\t\t\t<\/dt><\/dl><dl class='gallery-item'>\n\t\t\t<dt class='gallery-icon portrait'>\n\t\t\t\t<a href='https:\/\/unisale.com.br\/pastoral\/missa-de-formatura-da-2a-turma-de-medicina-do-unisalesiano-celebra-a-esperanca\/784a3967-683x1024\/'><img loading=\"lazy\" decoding=\"async\" width=\"150\" height=\"150\" src=\"https:\/\/unisale.com.br\/pastoral\/wp-content\/uploads\/2025\/01\/784A3967-683x1024-1-150x150.jpg\" class=\"attachment-thumbnail size-thumbnail\" alt=\"\" \/><\/a>\n\t\t\t<\/dt><\/dl><dl class='gallery-item'>\n\t\t\t<dt class='gallery-icon landscape'>\n\t\t\t\t<a href='https:\/\/unisale.com.br\/pastoral\/missa-de-formatura-da-2a-turma-de-medicina-do-unisalesiano-celebra-a-esperanca\/784a3986-1024x683\/'><img loading=\"lazy\" decoding=\"async\" width=\"150\" height=\"150\" src=\"https:\/\/unisale.com.br\/pastoral\/wp-content\/uploads\/2025\/01\/784A3986-1024x683-1-150x150.jpg\" class=\"attachment-thumbnail size-thumbnail\" alt=\"\" \/><\/a>\n\t\t\t<\/dt><\/dl><br style=\"clear: both\" \/><dl class='gallery-item'>\n\t\t\t<dt class='gallery-icon landscape'>\n\t\t\t\t<a href='https:\/\/unisale.com.br\/pastoral\/missa-de-formatura-da-2a-turma-de-medicina-do-unisalesiano-celebra-a-esperanca\/784a3994-1024x683\/'><img loading=\"lazy\" decoding=\"async\" width=\"150\" height=\"150\" src=\"https:\/\/unisale.com.br\/pastoral\/wp-content\/uploads\/2025\/01\/784A3994-1024x683-1-150x150.jpg\" class=\"attachment-thumbnail size-thumbnail\" alt=\"\" \/><\/a>\n\t\t\t<\/dt><\/dl><dl class='gallery-item'>\n\t\t\t<dt class='gallery-icon landscape'>\n\t\t\t\t<a href='https:\/\/unisale.com.br\/pastoral\/missa-de-formatura-da-2a-turma-de-medicina-do-unisalesiano-celebra-a-esperanca\/784a4016-1024x683\/'><img loading=\"lazy\" decoding=\"async\" width=\"150\" height=\"150\" src=\"https:\/\/unisale.com.br\/pastoral\/wp-content\/uploads\/2025\/01\/784A4016-1024x683-1-150x150.jpg\" class=\"attachment-thumbnail size-thumbnail\" alt=\"\" \/><\/a>\n\t\t\t<\/dt><\/dl><dl class='gallery-item'>\n\t\t\t<dt class='gallery-icon landscape'>\n\t\t\t\t<a href='https:\/\/unisale.com.br\/pastoral\/missa-de-formatura-da-2a-turma-de-medicina-do-unisalesiano-celebra-a-esperanca\/784a4018-1024x683\/'><img loading=\"lazy\" decoding=\"async\" width=\"150\" height=\"150\" src=\"https:\/\/unisale.com.br\/pastoral\/wp-content\/uploads\/2025\/01\/784A4018-1024x683-1-150x150.jpg\" class=\"attachment-thumbnail size-thumbnail\" alt=\"\" \/><\/a>\n\t\t\t<\/dt><\/dl><dl class='gallery-item'>\n\t\t\t<dt class='gallery-icon landscape'>\n\t\t\t\t<a href='https:\/\/unisale.com.br\/pastoral\/missa-de-formatura-da-2a-turma-de-medicina-do-unisalesiano-celebra-a-esperanca\/784a4022-1024x683\/'><img loading=\"lazy\" decoding=\"async\" width=\"150\" height=\"150\" src=\"https:\/\/unisale.com.br\/pastoral\/wp-content\/uploads\/2025\/01\/784A4022-1024x683-1-150x150.jpg\" class=\"attachment-thumbnail size-thumbnail\" alt=\"\" \/><\/a>\n\t\t\t<\/dt><\/dl><br style=\"clear: both\" \/><dl class='gallery-item'>\n\t\t\t<dt class='gallery-icon landscape'>\n\t\t\t\t<a href='https:\/\/unisale.com.br\/pastoral\/missa-de-formatura-da-2a-turma-de-medicina-do-unisalesiano-celebra-a-esperanca\/784a4023-1024x683\/'><img loading=\"lazy\" decoding=\"async\" width=\"150\" height=\"150\" src=\"https:\/\/unisale.com.br\/pastoral\/wp-content\/uploads\/2025\/01\/784A4023-1024x683-1-150x150.jpg\" class=\"attachment-thumbnail size-thumbnail\" alt=\"\" \/><\/a>\n\t\t\t<\/dt><\/dl><dl class='gallery-item'>\n\t\t\t<dt class='gallery-icon landscape'>\n\t\t\t\t<a href='https:\/\/unisale.com.br\/pastoral\/missa-de-formatura-da-2a-turma-de-medicina-do-unisalesiano-celebra-a-esperanca\/784a4027-1024x683\/'><img loading=\"lazy\" decoding=\"async\" width=\"150\" height=\"150\" src=\"https:\/\/unisale.com.br\/pastoral\/wp-content\/uploads\/2025\/01\/784A4027-1024x683-1-150x150.jpg\" class=\"attachment-thumbnail size-thumbnail\" alt=\"\" \/><\/a>\n\t\t\t<\/dt><\/dl><dl class='gallery-item'>\n\t\t\t<dt class='gallery-icon landscape'>\n\t\t\t\t<a href='https:\/\/unisale.com.br\/pastoral\/missa-de-formatura-da-2a-turma-de-medicina-do-unisalesiano-celebra-a-esperanca\/784a4043-1024x683\/'><img loading=\"lazy\" decoding=\"async\" width=\"150\" height=\"150\" src=\"https:\/\/unisale.com.br\/pastoral\/wp-content\/uploads\/2025\/01\/784A4043-1024x683-1-150x150.jpg\" class=\"attachment-thumbnail size-thumbnail\" alt=\"\" \/><\/a>\n\t\t\t<\/dt><\/dl><dl class='gallery-item'>\n\t\t\t<dt class='gallery-icon landscape'>\n\t\t\t\t<a href='https:\/\/unisale.com.br\/pastoral\/missa-de-formatura-da-2a-turma-de-medicina-do-unisalesiano-celebra-a-esperanca\/784a4048-768x512\/'><img loading=\"lazy\" decoding=\"async\" width=\"150\" height=\"150\" src=\"https:\/\/unisale.com.br\/pastoral\/wp-content\/uploads\/2025\/01\/784A4048-768x512-1-150x150.jpg\" class=\"attachment-thumbnail size-thumbnail\" alt=\"\" \/><\/a>\n\t\t\t<\/dt><\/dl><br style=\"clear: both\" \/><dl class='gallery-item'>\n\t\t\t<dt class='gallery-icon landscape'>\n\t\t\t\t<a href='https:\/\/unisale.com.br\/pastoral\/missa-de-formatura-da-2a-turma-de-medicina-do-unisalesiano-celebra-a-esperanca\/784a4048-1024x683\/'><img loading=\"lazy\" decoding=\"async\" width=\"150\" height=\"150\" src=\"https:\/\/unisale.com.br\/pastoral\/wp-content\/uploads\/2025\/01\/784A4048-1024x683-1-150x150.jpg\" class=\"attachment-thumbnail size-thumbnail\" alt=\"\" \/><\/a>\n\t\t\t<\/dt><\/dl><dl class='gallery-item'>\n\t\t\t<dt class='gallery-icon landscape'>\n\t\t\t\t<a href='https:\/\/unisale.com.br\/pastoral\/missa-de-formatura-da-2a-turma-de-medicina-do-unisalesiano-celebra-a-esperanca\/784a4071-1024x683\/'><img loading=\"lazy\" decoding=\"async\" width=\"150\" height=\"150\" src=\"https:\/\/unisale.com.br\/pastoral\/wp-content\/uploads\/2025\/01\/784A4071-1024x683-1-150x150.jpg\" class=\"attachment-thumbnail size-thumbnail\" alt=\"\" \/><\/a>\n\t\t\t<\/dt><\/dl><dl class='gallery-item'>\n\t\t\t<dt class='gallery-icon landscape'>\n\t\t\t\t<a href='https:\/\/unisale.com.br\/pastoral\/missa-de-formatura-da-2a-turma-de-medicina-do-unisalesiano-celebra-a-esperanca\/784a4072-1024x683\/'><img loading=\"lazy\" decoding=\"async\" width=\"150\" height=\"150\" src=\"https:\/\/unisale.com.br\/pastoral\/wp-content\/uploads\/2025\/01\/784A4072-1024x683-1-150x150.jpg\" class=\"attachment-thumbnail size-thumbnail\" alt=\"\" \/><\/a>\n\t\t\t<\/dt><\/dl><dl class='gallery-item'>\n\t\t\t<dt class='gallery-icon landscape'>\n\t\t\t\t<a href='https:\/\/unisale.com.br\/pastoral\/missa-de-formatura-da-2a-turma-de-medicina-do-unisalesiano-celebra-a-esperanca\/784a4087-1024x683\/'><img loading=\"lazy\" decoding=\"async\" width=\"150\" height=\"150\" src=\"https:\/\/unisale.com.br\/pastoral\/wp-content\/uploads\/2025\/01\/784A4087-1024x683-1-150x150.jpg\" class=\"attachment-thumbnail size-thumbnail\" alt=\"\" \/><\/a>\n\t\t\t<\/dt><\/dl><br style=\"clear: both\" \/><dl class='gallery-item'>\n\t\t\t<dt class='gallery-icon landscape'>\n\t\t\t\t<a href='https:\/\/unisale.com.br\/pastoral\/missa-de-formatura-da-2a-turma-de-medicina-do-unisalesiano-celebra-a-esperanca\/784a4094-1024x683\/'><img loading=\"lazy\" decoding=\"async\" width=\"150\" height=\"150\" src=\"https:\/\/unisale.com.br\/pastoral\/wp-content\/uploads\/2025\/01\/784A4094-1024x683-1-150x150.jpg\" class=\"attachment-thumbnail size-thumbnail\" alt=\"\" \/><\/a>\n\t\t\t<\/dt><\/dl><dl class='gallery-item'>\n\t\t\t<dt class='gallery-icon landscape'>\n\t\t\t\t<a href='https:\/\/unisale.com.br\/pastoral\/missa-de-formatura-da-2a-turma-de-medicina-do-unisalesiano-celebra-a-esperanca\/784a4178-1024x683\/'><img loading=\"lazy\" decoding=\"async\" width=\"150\" height=\"150\" src=\"https:\/\/unisale.com.br\/pastoral\/wp-content\/uploads\/2025\/01\/784A4178-1024x683-1-150x150.jpg\" class=\"attachment-thumbnail size-thumbnail\" alt=\"\" \/><\/a>\n\t\t\t<\/dt><\/dl><dl class='gallery-item'>\n\t\t\t<dt class='gallery-icon portrait'>\n\t\t\t\t<a href='https:\/\/unisale.com.br\/pastoral\/missa-de-formatura-da-2a-turma-de-medicina-do-unisalesiano-celebra-a-esperanca\/784a4186-683x1024\/'><img loading=\"lazy\" decoding=\"async\" width=\"150\" height=\"150\" src=\"https:\/\/unisale.com.br\/pastoral\/wp-content\/uploads\/2025\/01\/784A4186-683x1024-1-150x150.jpg\" class=\"attachment-thumbnail size-thumbnail\" alt=\"\" \/><\/a>\n\t\t\t<\/dt><\/dl><dl class='gallery-item'>\n\t\t\t<dt class='gallery-icon landscape'>\n\t\t\t\t<a href='https:\/\/unisale.com.br\/pastoral\/missa-de-formatura-da-2a-turma-de-medicina-do-unisalesiano-celebra-a-esperanca\/img_2784-1024x683\/'><img loading=\"lazy\" decoding=\"async\" width=\"150\" height=\"150\" src=\"https:\/\/unisale.com.br\/pastoral\/wp-content\/uploads\/2025\/01\/IMG_2784-1024x683-1-150x150.jpg\" class=\"attachment-thumbnail size-thumbnail\" alt=\"\" \/><\/a>\n\t\t\t<\/dt><\/dl><br style=\"clear: both\" \/><dl class='gallery-item'>\n\t\t\t<dt class='gallery-icon landscape'>\n\t\t\t\t<a href='https:\/\/unisale.com.br\/pastoral\/missa-de-formatura-da-2a-turma-de-medicina-do-unisalesiano-celebra-a-esperanca\/img_2939-1024x683\/'><img loading=\"lazy\" decoding=\"async\" width=\"150\" height=\"150\" src=\"https:\/\/unisale.com.br\/pastoral\/wp-content\/uploads\/2025\/01\/IMG_2939-1024x683-1-150x150.jpg\" class=\"attachment-thumbnail size-thumbnail\" alt=\"\" \/><\/a>\n\t\t\t<\/dt><\/dl><dl class='gallery-item'>\n\t\t\t<dt class='gallery-icon landscape'>\n\t\t\t\t<a href='https:\/\/unisale.com.br\/pastoral\/missa-de-formatura-da-2a-turma-de-medicina-do-unisalesiano-celebra-a-esperanca\/img_2958-1024x683\/'><img loading=\"lazy\" decoding=\"async\" width=\"150\" height=\"150\" src=\"https:\/\/unisale.com.br\/pastoral\/wp-content\/uploads\/2025\/01\/IMG_2958-1024x683-1-150x150.jpg\" class=\"attachment-thumbnail size-thumbnail\" alt=\"\" \/><\/a>\n\t\t\t<\/dt><\/dl><dl class='gallery-item'>\n\t\t\t<dt class='gallery-icon landscape'>\n\t\t\t\t<a href='https:\/\/unisale.com.br\/pastoral\/missa-de-formatura-da-2a-turma-de-medicina-do-unisalesiano-celebra-a-esperanca\/img_2962-1024x683\/'><img loading=\"lazy\" decoding=\"async\" width=\"150\" height=\"150\" src=\"https:\/\/unisale.com.br\/pastoral\/wp-content\/uploads\/2025\/01\/IMG_2962-1024x683-1-150x150.jpg\" class=\"attachment-thumbnail size-thumbnail\" alt=\"\" \/><\/a>\n\t\t\t<\/dt><\/dl><dl class='gallery-item'>\n\t\t\t<dt class='gallery-icon landscape'>\n\t\t\t\t<a href='https:\/\/unisale.com.br\/pastoral\/missa-de-formatura-da-2a-turma-de-medicina-do-unisalesiano-celebra-a-esperanca\/img_2972-1024x683\/'><img loading=\"lazy\" decoding=\"async\" width=\"150\" height=\"150\" src=\"https:\/\/unisale.com.br\/pastoral\/wp-content\/uploads\/2025\/01\/IMG_2972-1024x683-1-150x150.jpg\" class=\"attachment-thumbnail size-thumbnail\" alt=\"\" \/><\/a>\n\t\t\t<\/dt><\/dl><br style=\"clear: both\" \/><dl class='gallery-item'>\n\t\t\t<dt class='gallery-icon landscape'>\n\t\t\t\t<a href='https:\/\/unisale.com.br\/pastoral\/missa-de-formatura-da-2a-turma-de-medicina-do-unisalesiano-celebra-a-esperanca\/img_2978-1024x683\/'><img loading=\"lazy\" decoding=\"async\" width=\"150\" height=\"150\" src=\"https:\/\/unisale.com.br\/pastoral\/wp-content\/uploads\/2025\/01\/IMG_2978-1024x683-1-150x150.jpg\" class=\"attachment-thumbnail size-thumbnail\" alt=\"\" \/><\/a>\n\t\t\t<\/dt><\/dl><dl class='gallery-item'>\n\t\t\t<dt class='gallery-icon landscape'>\n\t\t\t\t<a href='https:\/\/unisale.com.br\/pastoral\/missa-de-formatura-da-2a-turma-de-medicina-do-unisalesiano-celebra-a-esperanca\/img_2985-1024x683\/'><img loading=\"lazy\" decoding=\"async\" width=\"150\" height=\"150\" src=\"https:\/\/unisale.com.br\/pastoral\/wp-content\/uploads\/2025\/01\/IMG_2985-1024x683-1-150x150.jpg\" class=\"attachment-thumbnail size-thumbnail\" alt=\"\" \/><\/a>\n\t\t\t<\/dt><\/dl><dl class='gallery-item'>\n\t\t\t<dt class='gallery-icon landscape'>\n\t\t\t\t<a href='https:\/\/unisale.com.br\/pastoral\/missa-de-formatura-da-2a-turma-de-medicina-do-unisalesiano-celebra-a-esperanca\/img_2997-1024x683\/'><img loading=\"lazy\" decoding=\"async\" width=\"150\" height=\"150\" src=\"https:\/\/unisale.com.br\/pastoral\/wp-content\/uploads\/2025\/01\/IMG_2997-1024x683-1-150x150.jpg\" class=\"attachment-thumbnail size-thumbnail\" alt=\"\" \/><\/a>\n\t\t\t<\/dt><\/dl><dl class='gallery-item'>\n\t\t\t<dt class='gallery-icon landscape'>\n\t\t\t\t<a href='https:\/\/unisale.com.br\/pastoral\/missa-de-formatura-da-2a-turma-de-medicina-do-unisalesiano-celebra-a-esperanca\/img_3046-1024x683\/'><img loading=\"lazy\" decoding=\"async\" width=\"150\" height=\"150\" src=\"https:\/\/unisale.com.br\/pastoral\/wp-content\/uploads\/2025\/01\/IMG_3046-1024x683-1-150x150.jpg\" class=\"attachment-thumbnail size-thumbnail\" alt=\"\" \/><\/a>\n\t\t\t<\/dt><\/dl><br style=\"clear: both\" \/><dl class='gallery-item'>\n\t\t\t<dt class='gallery-icon landscape'>\n\t\t\t\t<a href='https:\/\/unisale.com.br\/pastoral\/missa-de-formatura-da-2a-turma-de-medicina-do-unisalesiano-celebra-a-esperanca\/img_3093-1024x683\/'><img loading=\"lazy\" decoding=\"async\" width=\"150\" height=\"150\" src=\"https:\/\/unisale.com.br\/pastoral\/wp-content\/uploads\/2025\/01\/IMG_3093-1024x683-1-150x150.jpg\" class=\"attachment-thumbnail size-thumbnail\" alt=\"\" \/><\/a>\n\t\t\t<\/dt><\/dl><dl class='gallery-item'>\n\t\t\t<dt class='gallery-icon landscape'>\n\t\t\t\t<a href='https:\/\/unisale.com.br\/pastoral\/missa-de-formatura-da-2a-turma-de-medicina-do-unisalesiano-celebra-a-esperanca\/img_3110-1024x683\/'><img loading=\"lazy\" decoding=\"async\" width=\"150\" height=\"150\" src=\"https:\/\/unisale.com.br\/pastoral\/wp-content\/uploads\/2025\/01\/IMG_3110-1024x683-1-150x150.jpg\" class=\"attachment-thumbnail size-thumbnail\" alt=\"\" \/><\/a>\n\t\t\t<\/dt><\/dl>\n\t\t\t<br style='clear: both' \/>\n\t\t<\/div>\n\n","protected":false},"excerpt":{"rendered":"<p>Na noite do dia 11 de dezembro, a\u00a0Igreja Universit\u00e1ria do UniSALESIANO\u00a0foi palco de um momento de celebra\u00e7\u00e3o e gratid\u00e3o. A\u00a0Missa de Formatura da 2\u00aa Turma&#8230;<\/p>\n","protected":false},"author":1,"featured_media":11872,"comment_status":"closed","ping_status":"closed","sticky":false,"template":"","format":"standard","meta":{"_acf_changed":false,"footnotes":""},"categories":[3],"tags":[],"class_list":["post-11871","post","type-post","status-publish","format-standard","has-post-thumbnail","hentry","category-not"],"acf":[],"yoast_head":"<!-- This site is optimized with the Yoast SEO plugin v27.3 - https:\/\/yoast.com\/product\/yoast-seo-wordpress\/ -->\n<title>Missa de formatura da 2\u00aa Turma de Medicina do UniSALESIANO celebra a esperan\u00e7a - Pastoral Universit\u00e1ria UniSALESIANO<\/title>\n<meta name=\"robots\" content=\"index, follow, max-snippet:-1, max-image-preview:large, max-video-preview:-1\" \/>\n<link rel=\"canonical\" href=\"https:\/\/unisale.com.br\/pastoral\/missa-de-formatura-da-2a-turma-de-medicina-do-unisalesiano-celebra-a-esperanca\/\" \/>\n<meta property=\"og:locale\" content=\"pt_BR\" \/>\n<meta property=\"og:type\" content=\"article\" \/>\n<meta property=\"og:title\" content=\"Missa de formatura da 2\u00aa Turma de Medicina do UniSALESIANO celebra a esperan\u00e7a - Pastoral Universit\u00e1ria UniSALESIANO\" \/>\n<meta property=\"og:description\" content=\"Na noite do dia 11 de dezembro, a\u00a0Igreja Universit\u00e1ria do UniSALESIANO\u00a0foi palco de um momento de celebra\u00e7\u00e3o e gratid\u00e3o. A\u00a0Missa de Formatura da 2\u00aa Turma...\" \/>\n<meta property=\"og:url\" content=\"https:\/\/unisale.com.br\/pastoral\/missa-de-formatura-da-2a-turma-de-medicina-do-unisalesiano-celebra-a-esperanca\/\" \/>\n<meta property=\"og:site_name\" content=\"Pastoral Universit\u00e1ria UniSALESIANO\" \/>\n<meta property=\"article:published_time\" content=\"2025-01-28T15:21:49+00:00\" \/>\n<meta property=\"og:image\" content=\"https:\/\/unisale.com.br\/pastoral\/wp-content\/uploads\/2025\/01\/784A4045-1024x683-1.jpg\" \/>\n\t<meta property=\"og:image:width\" content=\"1024\" \/>\n\t<meta property=\"og:image:height\" content=\"683\" \/>\n\t<meta property=\"og:image:type\" content=\"image\/jpeg\" \/>\n<meta name=\"author\" content=\"pastoral\" \/>\n<meta name=\"twitter:card\" content=\"summary_large_image\" \/>\n<meta name=\"twitter:label1\" content=\"Escrito por\" \/>\n\t<meta name=\"twitter:data1\" content=\"pastoral\" \/>\n\t<meta name=\"twitter:label2\" content=\"Est. tempo de leitura\" \/>\n\t<meta name=\"twitter:data2\" content=\"3 minutos\" \/>\n<script type=\"application\/ld+json\" class=\"yoast-schema-graph\">{\"@context\":\"https:\\\/\\\/schema.org\",\"@graph\":[{\"@type\":\"Article\",\"@id\":\"https:\\\/\\\/unisale.com.br\\\/pastoral\\\/missa-de-formatura-da-2a-turma-de-medicina-do-unisalesiano-celebra-a-esperanca\\\/#article\",\"isPartOf\":{\"@id\":\"https:\\\/\\\/unisale.com.br\\\/pastoral\\\/missa-de-formatura-da-2a-turma-de-medicina-do-unisalesiano-celebra-a-esperanca\\\/\"},\"author\":{\"name\":\"pastoral\",\"@id\":\"https:\\\/\\\/unisale.com.br\\\/pastoral\\\/#\\\/schema\\\/person\\\/a16ba711a0f7dec9cb6b44563144d5a3\"},\"headline\":\"Missa de formatura da 2\u00aa Turma de Medicina do UniSALESIANO celebra a esperan\u00e7a\",\"datePublished\":\"2025-01-28T15:21:49+00:00\",\"mainEntityOfPage\":{\"@id\":\"https:\\\/\\\/unisale.com.br\\\/pastoral\\\/missa-de-formatura-da-2a-turma-de-medicina-do-unisalesiano-celebra-a-esperanca\\\/\"},\"wordCount\":481,\"image\":{\"@id\":\"https:\\\/\\\/unisale.com.br\\\/pastoral\\\/missa-de-formatura-da-2a-turma-de-medicina-do-unisalesiano-celebra-a-esperanca\\\/#primaryimage\"},\"thumbnailUrl\":\"https:\\\/\\\/unisale.com.br\\\/pastoral\\\/wp-content\\\/uploads\\\/2025\\\/01\\\/784A4045-1024x683-1.jpg\",\"articleSection\":[\"Not\u00edcias\"],\"inLanguage\":\"pt-BR\"},{\"@type\":\"WebPage\",\"@id\":\"https:\\\/\\\/unisale.com.br\\\/pastoral\\\/missa-de-formatura-da-2a-turma-de-medicina-do-unisalesiano-celebra-a-esperanca\\\/\",\"url\":\"https:\\\/\\\/unisale.com.br\\\/pastoral\\\/missa-de-formatura-da-2a-turma-de-medicina-do-unisalesiano-celebra-a-esperanca\\\/\",\"name\":\"Missa de formatura da 2\u00aa Turma de Medicina do UniSALESIANO celebra a esperan\u00e7a - Pastoral Universit\u00e1ria UniSALESIANO\",\"isPartOf\":{\"@id\":\"https:\\\/\\\/unisale.com.br\\\/pastoral\\\/#website\"},\"primaryImageOfPage\":{\"@id\":\"https:\\\/\\\/unisale.com.br\\\/pastoral\\\/missa-de-formatura-da-2a-turma-de-medicina-do-unisalesiano-celebra-a-esperanca\\\/#primaryimage\"},\"image\":{\"@id\":\"https:\\\/\\\/unisale.com.br\\\/pastoral\\\/missa-de-formatura-da-2a-turma-de-medicina-do-unisalesiano-celebra-a-esperanca\\\/#primaryimage\"},\"thumbnailUrl\":\"https:\\\/\\\/unisale.com.br\\\/pastoral\\\/wp-content\\\/uploads\\\/2025\\\/01\\\/784A4045-1024x683-1.jpg\",\"datePublished\":\"2025-01-28T15:21:49+00:00\",\"author\":{\"@id\":\"https:\\\/\\\/unisale.com.br\\\/pastoral\\\/#\\\/schema\\\/person\\\/a16ba711a0f7dec9cb6b44563144d5a3\"},\"inLanguage\":\"pt-BR\",\"potentialAction\":[{\"@type\":\"ReadAction\",\"target\":[\"https:\\\/\\\/unisale.com.br\\\/pastoral\\\/missa-de-formatura-da-2a-turma-de-medicina-do-unisalesiano-celebra-a-esperanca\\\/\"]}]},{\"@type\":\"ImageObject\",\"inLanguage\":\"pt-BR\",\"@id\":\"https:\\\/\\\/unisale.com.br\\\/pastoral\\\/missa-de-formatura-da-2a-turma-de-medicina-do-unisalesiano-celebra-a-esperanca\\\/#primaryimage\",\"url\":\"https:\\\/\\\/unisale.com.br\\\/pastoral\\\/wp-content\\\/uploads\\\/2025\\\/01\\\/784A4045-1024x683-1.jpg\",\"contentUrl\":\"https:\\\/\\\/unisale.com.br\\\/pastoral\\\/wp-content\\\/uploads\\\/2025\\\/01\\\/784A4045-1024x683-1.jpg\",\"width\":750,\"height\":500},{\"@type\":\"WebSite\",\"@id\":\"https:\\\/\\\/unisale.com.br\\\/pastoral\\\/#website\",\"url\":\"https:\\\/\\\/unisale.com.br\\\/pastoral\\\/\",\"name\":\"Pastoral Universit\u00e1ria UniSALESIANO\",\"description\":\"Site da Pastoral Universit\u00e1ria do UniSALESIANO\",\"potentialAction\":[{\"@type\":\"SearchAction\",\"target\":{\"@type\":\"EntryPoint\",\"urlTemplate\":\"https:\\\/\\\/unisale.com.br\\\/pastoral\\\/?s={search_term_string}\"},\"query-input\":{\"@type\":\"PropertyValueSpecification\",\"valueRequired\":true,\"valueName\":\"search_term_string\"}}],\"inLanguage\":\"pt-BR\"},{\"@type\":\"Person\",\"@id\":\"https:\\\/\\\/unisale.com.br\\\/pastoral\\\/#\\\/schema\\\/person\\\/a16ba711a0f7dec9cb6b44563144d5a3\",\"name\":\"pastoral\",\"url\":\"https:\\\/\\\/unisale.com.br\\\/pastoral\\\/author\\\/pastoral\\\/\"}]}<\/script>\n<!-- \/ Yoast SEO plugin. -->","yoast_head_json":{"title":"Missa de formatura da 2\u00aa Turma de Medicina do UniSALESIANO celebra a esperan\u00e7a - Pastoral Universit\u00e1ria UniSALESIANO","robots":{"index":"index","follow":"follow","max-snippet":"max-snippet:-1","max-image-preview":"max-image-preview:large","max-video-preview":"max-video-preview:-1"},"canonical":"https:\/\/unisale.com.br\/pastoral\/missa-de-formatura-da-2a-turma-de-medicina-do-unisalesiano-celebra-a-esperanca\/","og_locale":"pt_BR","og_type":"article","og_title":"Missa de formatura da 2\u00aa Turma de Medicina do UniSALESIANO celebra a esperan\u00e7a - Pastoral Universit\u00e1ria UniSALESIANO","og_description":"Na noite do dia 11 de dezembro, a\u00a0Igreja Universit\u00e1ria do UniSALESIANO\u00a0foi palco de um momento de celebra\u00e7\u00e3o e gratid\u00e3o. A\u00a0Missa de Formatura da 2\u00aa Turma...","og_url":"https:\/\/unisale.com.br\/pastoral\/missa-de-formatura-da-2a-turma-de-medicina-do-unisalesiano-celebra-a-esperanca\/","og_site_name":"Pastoral Universit\u00e1ria UniSALESIANO","article_published_time":"2025-01-28T15:21:49+00:00","og_image":[{"width":1024,"height":683,"url":"https:\/\/unisale.com.br\/pastoral\/wp-content\/uploads\/2025\/01\/784A4045-1024x683-1.jpg","type":"image\/jpeg"}],"author":"pastoral","twitter_card":"summary_large_image","twitter_misc":{"Escrito por":"pastoral","Est. tempo de leitura":"3 minutos"},"schema":{"@context":"https:\/\/schema.org","@graph":[{"@type":"Article","@id":"https:\/\/unisale.com.br\/pastoral\/missa-de-formatura-da-2a-turma-de-medicina-do-unisalesiano-celebra-a-esperanca\/#article","isPartOf":{"@id":"https:\/\/unisale.com.br\/pastoral\/missa-de-formatura-da-2a-turma-de-medicina-do-unisalesiano-celebra-a-esperanca\/"},"author":{"name":"pastoral","@id":"https:\/\/unisale.com.br\/pastoral\/#\/schema\/person\/a16ba711a0f7dec9cb6b44563144d5a3"},"headline":"Missa de formatura da 2\u00aa Turma de Medicina do UniSALESIANO celebra a esperan\u00e7a","datePublished":"2025-01-28T15:21:49+00:00","mainEntityOfPage":{"@id":"https:\/\/unisale.com.br\/pastoral\/missa-de-formatura-da-2a-turma-de-medicina-do-unisalesiano-celebra-a-esperanca\/"},"wordCount":481,"image":{"@id":"https:\/\/unisale.com.br\/pastoral\/missa-de-formatura-da-2a-turma-de-medicina-do-unisalesiano-celebra-a-esperanca\/#primaryimage"},"thumbnailUrl":"https:\/\/unisale.com.br\/pastoral\/wp-content\/uploads\/2025\/01\/784A4045-1024x683-1.jpg","articleSection":["Not\u00edcias"],"inLanguage":"pt-BR"},{"@type":"WebPage","@id":"https:\/\/unisale.com.br\/pastoral\/missa-de-formatura-da-2a-turma-de-medicina-do-unisalesiano-celebra-a-esperanca\/","url":"https:\/\/unisale.com.br\/pastoral\/missa-de-formatura-da-2a-turma-de-medicina-do-unisalesiano-celebra-a-esperanca\/","name":"Missa de formatura da 2\u00aa Turma de Medicina do UniSALESIANO celebra a esperan\u00e7a - Pastoral Universit\u00e1ria UniSALESIANO","isPartOf":{"@id":"https:\/\/unisale.com.br\/pastoral\/#website"},"primaryImageOfPage":{"@id":"https:\/\/unisale.com.br\/pastoral\/missa-de-formatura-da-2a-turma-de-medicina-do-unisalesiano-celebra-a-esperanca\/#primaryimage"},"image":{"@id":"https:\/\/unisale.com.br\/pastoral\/missa-de-formatura-da-2a-turma-de-medicina-do-unisalesiano-celebra-a-esperanca\/#primaryimage"},"thumbnailUrl":"https:\/\/unisale.com.br\/pastoral\/wp-content\/uploads\/2025\/01\/784A4045-1024x683-1.jpg","datePublished":"2025-01-28T15:21:49+00:00","author":{"@id":"https:\/\/unisale.com.br\/pastoral\/#\/schema\/person\/a16ba711a0f7dec9cb6b44563144d5a3"},"inLanguage":"pt-BR","potentialAction":[{"@type":"ReadAction","target":["https:\/\/unisale.com.br\/pastoral\/missa-de-formatura-da-2a-turma-de-medicina-do-unisalesiano-celebra-a-esperanca\/"]}]},{"@type":"ImageObject","inLanguage":"pt-BR","@id":"https:\/\/unisale.com.br\/pastoral\/missa-de-formatura-da-2a-turma-de-medicina-do-unisalesiano-celebra-a-esperanca\/#primaryimage","url":"https:\/\/unisale.com.br\/pastoral\/wp-content\/uploads\/2025\/01\/784A4045-1024x683-1.jpg","contentUrl":"https:\/\/unisale.com.br\/pastoral\/wp-content\/uploads\/2025\/01\/784A4045-1024x683-1.jpg","width":750,"height":500},{"@type":"WebSite","@id":"https:\/\/unisale.com.br\/pastoral\/#website","url":"https:\/\/unisale.com.br\/pastoral\/","name":"Pastoral Universit\u00e1ria UniSALESIANO","description":"Site da Pastoral Universit\u00e1ria do UniSALESIANO","potentialAction":[{"@type":"SearchAction","target":{"@type":"EntryPoint","urlTemplate":"https:\/\/unisale.com.br\/pastoral\/?s={search_term_string}"},"query-input":{"@type":"PropertyValueSpecification","valueRequired":true,"valueName":"search_term_string"}}],"inLanguage":"pt-BR"},{"@type":"Person","@id":"https:\/\/unisale.com.br\/pastoral\/#\/schema\/person\/a16ba711a0f7dec9cb6b44563144d5a3","name":"pastoral","url":"https:\/\/unisale.com.br\/pastoral\/author\/pastoral\/"}]}},"_links":{"self":[{"href":"https:\/\/unisale.com.br\/pastoral\/wp-json\/wp\/v2\/posts\/11871","targetHints":{"allow":["GET"]}}],"collection":[{"href":"https:\/\/unisale.com.br\/pastoral\/wp-json\/wp\/v2\/posts"}],"about":[{"href":"https:\/\/unisale.com.br\/pastoral\/wp-json\/wp\/v2\/types\/post"}],"author":[{"embeddable":true,"href":"https:\/\/unisale.com.br\/pastoral\/wp-json\/wp\/v2\/users\/1"}],"replies":[{"embeddable":true,"href":"https:\/\/unisale.com.br\/pastoral\/wp-json\/wp\/v2\/comments?post=11871"}],"version-history":[{"count":1,"href":"https:\/\/unisale.com.br\/pastoral\/wp-json\/wp\/v2\/posts\/11871\/revisions"}],"predecessor-version":[{"id":11911,"href":"https:\/\/unisale.com.br\/pastoral\/wp-json\/wp\/v2\/posts\/11871\/revisions\/11911"}],"wp:featuredmedia":[{"embeddable":true,"href":"https:\/\/unisale.com.br\/pastoral\/wp-json\/wp\/v2\/media\/11872"}],"wp:attachment":[{"href":"https:\/\/unisale.com.br\/pastoral\/wp-json\/wp\/v2\/media?parent=11871"}],"wp:term":[{"taxonomy":"category","embeddable":true,"href":"https:\/\/unisale.com.br\/pastoral\/wp-json\/wp\/v2\/categories?post=11871"},{"taxonomy":"post_tag","embeddable":true,"href":"https:\/\/unisale.com.br\/pastoral\/wp-json\/wp\/v2\/tags?post=11871"}],"curies":[{"name":"wp","href":"https:\/\/api.w.org\/{rel}","templated":true}]}}