{"id":11962,"date":"2025-02-06T17:28:08","date_gmt":"2025-02-06T17:28:08","guid":{"rendered":"https:\/\/unisale.com.br\/pastoral\/?p=11962"},"modified":"2025-02-06T17:28:08","modified_gmt":"2025-02-06T17:28:08","slug":"unisalesiano-encerra-semana-pedagogica-com-reuniao-plenaria-no-campus-de-lins","status":"publish","type":"post","link":"https:\/\/unisale.com.br\/pastoral\/unisalesiano-encerra-semana-pedagogica-com-reuniao-plenaria-no-campus-de-lins\/","title":{"rendered":"UniSALESIANO encerra Semana Pedag\u00f3gica com reuni\u00e3o plen\u00e1ria no c\u00e2mpus de Lins"},"content":{"rendered":"<p>O UniSALESIANO realizou a reuni\u00e3o plen\u00e1ria, no dia 1\u00ba de fevereiro, encerrando, oficialmente, a Semana Pedag\u00f3gica de 2025. O evento, ocorrido no c\u00e2mpus de Lins, reuniu professores, coordenadores, gestores acad\u00eamicos e representantes acad\u00eamicos dos cursos para forma\u00e7\u00e3o, planejamento e comemora\u00e7\u00e3o.<\/p>\n<p>A edi\u00e7\u00e3o deste ano foi especialmente significativa, pois marcou o in\u00edcio das comemora\u00e7\u00f5es pelos 20 anos de Credenciamento do UniSALESIANO. Durante a cerim\u00f4nia, foram relembradas as conquistas da Institui\u00e7\u00e3o e reafirmado o compromisso com a educa\u00e7\u00e3o, inspirada nos valores crist\u00e3os e salesianos.<\/p>\n<p>A abertura do evento foi conduzida pelo\u00a0<strong>Pr\u00f3-Reitor de Pastoral, Pe. Paulo J\u00e1como, SDB,<\/strong>\u00a0que conduziu a ora\u00e7\u00e3o e a reflex\u00e3o sobre a import\u00e2ncia da esperan\u00e7a na miss\u00e3o educacional do UniSALESIANO. \u201cA nossa esperan\u00e7a est\u00e1 ancorada no amor de Deus. Trabalhamos juntos para educar, evangelizar e inspirar nossos jovens\u201d, afirmou.<\/p>\n<p>Em seguida, o\u00a0<strong>Vice-reitor e Diretor-Geral do UniSALESIANO Lins, Pe. Jo\u00e3o Marcos Ara\u00fajo Ramos, SDB<\/strong>, e o\u00a0<strong>Reitor da Institui\u00e7\u00e3o, Pe. Paulo Vendrame, SDB<\/strong>, saudaram os presentes e destacaram a relev\u00e2ncia da unidade institucional. \u201cEste \u00e9 um momento \u00fanico e especial para todo o nosso Centro Universit\u00e1rio. Celebramos nossa hist\u00f3ria e olhamos para o futuro com esperan\u00e7a e novas perspectivas\u201d, ressaltou Pe. Vendrame.<\/p>\n<p>Membros da Reitoria, como o\u00a0<strong>Pr\u00f3-Reitor de Ensino, Pesquisa e P\u00f3s-Gradua\u00e7\u00e3o, Prof. Dr. Andr\u00e9 Ornellas<\/strong>, e a\u00a0<strong>Pr\u00f3-Reitora Administrativa, Vanda Aparecida Guilherme de Moura<\/strong>, assim como o\u00a0<strong>prefeito de Lins, Dr. Jo\u00e3o Pandolfi<\/strong>, participaram do evento.<\/p>\n<p><strong>MEDICINA<\/strong><\/p>\n<p>Durante a reuni\u00e3o, Pe. Paulo Vendrame anunciou que a Miss\u00e3o Salesiana de Mato Grosso, Mantenedora do UniSALESIANO, foi classificada para a implanta\u00e7\u00e3o do Curso de Medicina, na cidade de Lins, por meio do edital n\u00ba 1, de 4 de outubro de 2023, do MEC (Minist\u00e9rio da Educa\u00e7\u00e3o). Esse processo de sele\u00e7\u00e3o acontece no Brasil em diversas regi\u00f5es, e o UniSALESIANO decidiu pelo pleito do curso em Lins, sendo selecionado para tal oferta.<\/p>\n<p>Por sua vez, Ornellas destacou que, agora, o MEC analisar\u00e1 o Projeto Pedag\u00f3gico do Curso (PPC) e o Plano de Neg\u00f3cio para a implanta\u00e7\u00e3o. \u201c\u00c9 importante ressaltar que o UniSALESIANO \u00e9 o \u00fanico classificado em Lins\u201d, enfatizou.<\/p>\n<p><strong>ESPERAN\u00c7A<\/strong><\/p>\n<p>Ap\u00f3s o an\u00fancio, foi realizada a palestra do\u00a0<strong>Prof. Dr. Ronaldo Zacharias,<\/strong>\u00a0padre salesiano, renomado te\u00f3logo e educador, com o tema\u00a0<strong>\u201cEducadores: Profetas da Esperan\u00e7a!\u201d.<\/strong>\u00a0Em sua fala, Pe. Zacharias refor\u00e7ou o papel transformador dos professores na forma\u00e7\u00e3o acad\u00eamica e humana dos alunos, dando \u00eanfase a valores como \u00e9tica, compromisso e empatia no processo educacional.<\/p>\n<p>Os participantes receberam um calend\u00e1rio comemorativo dos 20 anos da institui\u00e7\u00e3o, simbolizando a hist\u00f3ria e os avan\u00e7os conquistados pelo UniSALESIANO ao longo das \u00faltimas duas d\u00e9cadas. Tamb\u00e9m ocorreu a entrega de um Botton a todos os participantes, marcando 2025 como Ano Santo Proclamado pelo Papa Francisco, com o tema \u201cPeregrinos de Esperan\u00e7a\u201d.<\/p>\n<p>&nbsp;<\/p>\n\n\t\t<style type=\"text\/css\">\n\t\t\t#gallery-1 {\n\t\t\t\tmargin: auto;\n\t\t\t}\n\t\t\t#gallery-1 .gallery-item {\n\t\t\t\tfloat: left;\n\t\t\t\tmargin-top: 10px;\n\t\t\t\ttext-align: center;\n\t\t\t\twidth: 25%;\n\t\t\t}\n\t\t\t#gallery-1 img {\n\t\t\t\tborder: 2px solid #cfcfcf;\n\t\t\t}\n\t\t\t#gallery-1 .gallery-caption {\n\t\t\t\tmargin-left: 0;\n\t\t\t}\n\t\t\t\/* see gallery_shortcode() in wp-includes\/media.php *\/\n\t\t<\/style>\n\t\t<div id='gallery-1' class='gallery galleryid-11962 gallery-columns-4 gallery-size-thumbnail'><dl class='gallery-item'>\n\t\t\t<dt class='gallery-icon landscape'>\n\t\t\t\t<a href='https:\/\/unisale.com.br\/pastoral\/unisalesiano-encerra-semana-pedagogica-com-reuniao-plenaria-no-campus-de-lins\/img_7764-1024x683\/'><img decoding=\"async\" width=\"150\" height=\"150\" src=\"https:\/\/unisale.com.br\/pastoral\/wp-content\/uploads\/2025\/02\/IMG_7764-1024x683-1-150x150.jpg\" class=\"attachment-thumbnail size-thumbnail\" alt=\"\" \/><\/a>\n\t\t\t<\/dt><\/dl><dl class='gallery-item'>\n\t\t\t<dt class='gallery-icon landscape'>\n\t\t\t\t<a href='https:\/\/unisale.com.br\/pastoral\/unisalesiano-encerra-semana-pedagogica-com-reuniao-plenaria-no-campus-de-lins\/img_7763-1024x683\/'><img decoding=\"async\" width=\"150\" height=\"150\" src=\"https:\/\/unisale.com.br\/pastoral\/wp-content\/uploads\/2025\/02\/IMG_7763-1024x683-1-150x150.jpg\" class=\"attachment-thumbnail size-thumbnail\" alt=\"\" \/><\/a>\n\t\t\t<\/dt><\/dl><dl class='gallery-item'>\n\t\t\t<dt class='gallery-icon landscape'>\n\t\t\t\t<a href='https:\/\/unisale.com.br\/pastoral\/unisalesiano-encerra-semana-pedagogica-com-reuniao-plenaria-no-campus-de-lins\/img_7761-1024x683\/'><img decoding=\"async\" width=\"150\" height=\"150\" src=\"https:\/\/unisale.com.br\/pastoral\/wp-content\/uploads\/2025\/02\/IMG_7761-1024x683-1-150x150.jpg\" class=\"attachment-thumbnail size-thumbnail\" alt=\"\" \/><\/a>\n\t\t\t<\/dt><\/dl><dl class='gallery-item'>\n\t\t\t<dt class='gallery-icon landscape'>\n\t\t\t\t<a href='https:\/\/unisale.com.br\/pastoral\/unisalesiano-encerra-semana-pedagogica-com-reuniao-plenaria-no-campus-de-lins\/img_7842-1024x683\/'><img loading=\"lazy\" decoding=\"async\" width=\"150\" height=\"150\" src=\"https:\/\/unisale.com.br\/pastoral\/wp-content\/uploads\/2025\/02\/IMG_7842-1024x683-1-150x150.jpg\" class=\"attachment-thumbnail size-thumbnail\" alt=\"\" \/><\/a>\n\t\t\t<\/dt><\/dl><br style=\"clear: both\" \/><dl class='gallery-item'>\n\t\t\t<dt class='gallery-icon landscape'>\n\t\t\t\t<a href='https:\/\/unisale.com.br\/pastoral\/unisalesiano-encerra-semana-pedagogica-com-reuniao-plenaria-no-campus-de-lins\/img_7838-1024x683\/'><img loading=\"lazy\" decoding=\"async\" width=\"150\" height=\"150\" src=\"https:\/\/unisale.com.br\/pastoral\/wp-content\/uploads\/2025\/02\/IMG_7838-1024x683-1-150x150.jpg\" class=\"attachment-thumbnail size-thumbnail\" alt=\"\" \/><\/a>\n\t\t\t<\/dt><\/dl><dl class='gallery-item'>\n\t\t\t<dt class='gallery-icon landscape'>\n\t\t\t\t<a href='https:\/\/unisale.com.br\/pastoral\/unisalesiano-encerra-semana-pedagogica-com-reuniao-plenaria-no-campus-de-lins\/img_7830-1024x683\/'><img loading=\"lazy\" decoding=\"async\" width=\"150\" height=\"150\" src=\"https:\/\/unisale.com.br\/pastoral\/wp-content\/uploads\/2025\/02\/IMG_7830-1024x683-1-150x150.jpg\" class=\"attachment-thumbnail size-thumbnail\" alt=\"\" \/><\/a>\n\t\t\t<\/dt><\/dl><dl class='gallery-item'>\n\t\t\t<dt class='gallery-icon landscape'>\n\t\t\t\t<a href='https:\/\/unisale.com.br\/pastoral\/unisalesiano-encerra-semana-pedagogica-com-reuniao-plenaria-no-campus-de-lins\/img_7811-1024x683\/'><img loading=\"lazy\" decoding=\"async\" width=\"150\" height=\"150\" src=\"https:\/\/unisale.com.br\/pastoral\/wp-content\/uploads\/2025\/02\/IMG_7811-1024x683-1-150x150.jpg\" class=\"attachment-thumbnail size-thumbnail\" alt=\"\" \/><\/a>\n\t\t\t<\/dt><\/dl><dl class='gallery-item'>\n\t\t\t<dt class='gallery-icon landscape'>\n\t\t\t\t<a href='https:\/\/unisale.com.br\/pastoral\/unisalesiano-encerra-semana-pedagogica-com-reuniao-plenaria-no-campus-de-lins\/img_7807-1024x683\/'><img loading=\"lazy\" decoding=\"async\" width=\"150\" height=\"150\" src=\"https:\/\/unisale.com.br\/pastoral\/wp-content\/uploads\/2025\/02\/IMG_7807-1024x683-1-150x150.jpg\" class=\"attachment-thumbnail size-thumbnail\" alt=\"\" \/><\/a>\n\t\t\t<\/dt><\/dl><br style=\"clear: both\" \/><dl class='gallery-item'>\n\t\t\t<dt class='gallery-icon landscape'>\n\t\t\t\t<a href='https:\/\/unisale.com.br\/pastoral\/unisalesiano-encerra-semana-pedagogica-com-reuniao-plenaria-no-campus-de-lins\/img_7794-1024x683\/'><img loading=\"lazy\" decoding=\"async\" width=\"150\" height=\"150\" src=\"https:\/\/unisale.com.br\/pastoral\/wp-content\/uploads\/2025\/02\/IMG_7794-1024x683-1-150x150.jpg\" class=\"attachment-thumbnail size-thumbnail\" alt=\"\" \/><\/a>\n\t\t\t<\/dt><\/dl><dl class='gallery-item'>\n\t\t\t<dt class='gallery-icon landscape'>\n\t\t\t\t<a href='https:\/\/unisale.com.br\/pastoral\/unisalesiano-encerra-semana-pedagogica-com-reuniao-plenaria-no-campus-de-lins\/img_7785-1024x683\/'><img loading=\"lazy\" decoding=\"async\" width=\"150\" height=\"150\" src=\"https:\/\/unisale.com.br\/pastoral\/wp-content\/uploads\/2025\/02\/IMG_7785-1024x683-1-150x150.jpg\" class=\"attachment-thumbnail size-thumbnail\" alt=\"\" \/><\/a>\n\t\t\t<\/dt><\/dl><dl class='gallery-item'>\n\t\t\t<dt class='gallery-icon landscape'>\n\t\t\t\t<a href='https:\/\/unisale.com.br\/pastoral\/unisalesiano-encerra-semana-pedagogica-com-reuniao-plenaria-no-campus-de-lins\/img_7772-1024x683\/'><img loading=\"lazy\" decoding=\"async\" width=\"150\" height=\"150\" src=\"https:\/\/unisale.com.br\/pastoral\/wp-content\/uploads\/2025\/02\/IMG_7772-1024x683-1-150x150.jpg\" class=\"attachment-thumbnail size-thumbnail\" alt=\"\" \/><\/a>\n\t\t\t<\/dt><\/dl><dl class='gallery-item'>\n\t\t\t<dt class='gallery-icon landscape'>\n\t\t\t\t<a href='https:\/\/unisale.com.br\/pastoral\/unisalesiano-encerra-semana-pedagogica-com-reuniao-plenaria-no-campus-de-lins\/img_7768-1024x683\/'><img loading=\"lazy\" decoding=\"async\" width=\"150\" height=\"150\" src=\"https:\/\/unisale.com.br\/pastoral\/wp-content\/uploads\/2025\/02\/IMG_7768-1024x683-1-150x150.jpg\" class=\"attachment-thumbnail size-thumbnail\" alt=\"\" \/><\/a>\n\t\t\t<\/dt><\/dl><br style=\"clear: both\" \/>\n\t\t<\/div>\n\n","protected":false},"excerpt":{"rendered":"<p>O UniSALESIANO realizou a reuni\u00e3o plen\u00e1ria, no dia 1\u00ba de fevereiro, encerrando, oficialmente, a Semana Pedag\u00f3gica de 2025. O evento, ocorrido no c\u00e2mpus de Lins,&#8230;<\/p>\n","protected":false},"author":1,"featured_media":11970,"comment_status":"closed","ping_status":"closed","sticky":false,"template":"","format":"standard","meta":{"_acf_changed":false,"footnotes":""},"categories":[3],"tags":[],"class_list":["post-11962","post","type-post","status-publish","format-standard","has-post-thumbnail","hentry","category-not"],"acf":[],"yoast_head":"<!-- This site is optimized with the Yoast SEO plugin v27.3 - https:\/\/yoast.com\/product\/yoast-seo-wordpress\/ -->\n<title>UniSALESIANO encerra Semana Pedag\u00f3gica com reuni\u00e3o plen\u00e1ria no c\u00e2mpus de Lins - Pastoral Universit\u00e1ria UniSALESIANO<\/title>\n<meta name=\"robots\" content=\"index, follow, max-snippet:-1, max-image-preview:large, max-video-preview:-1\" \/>\n<link rel=\"canonical\" href=\"https:\/\/unisale.com.br\/pastoral\/unisalesiano-encerra-semana-pedagogica-com-reuniao-plenaria-no-campus-de-lins\/\" \/>\n<meta property=\"og:locale\" content=\"pt_BR\" \/>\n<meta property=\"og:type\" content=\"article\" \/>\n<meta property=\"og:title\" content=\"UniSALESIANO encerra Semana Pedag\u00f3gica com reuni\u00e3o plen\u00e1ria no c\u00e2mpus de Lins - Pastoral Universit\u00e1ria UniSALESIANO\" \/>\n<meta property=\"og:description\" content=\"O UniSALESIANO realizou a reuni\u00e3o plen\u00e1ria, no dia 1\u00ba de fevereiro, encerrando, oficialmente, a Semana Pedag\u00f3gica de 2025. O evento, ocorrido no c\u00e2mpus de Lins,...\" \/>\n<meta property=\"og:url\" content=\"https:\/\/unisale.com.br\/pastoral\/unisalesiano-encerra-semana-pedagogica-com-reuniao-plenaria-no-campus-de-lins\/\" \/>\n<meta property=\"og:site_name\" content=\"Pastoral Universit\u00e1ria UniSALESIANO\" \/>\n<meta property=\"article:published_time\" content=\"2025-02-06T17:28:08+00:00\" \/>\n<meta property=\"og:image\" content=\"https:\/\/unisale.com.br\/pastoral\/wp-content\/uploads\/2025\/02\/IMG_7813-768x512-1.jpg\" \/>\n\t<meta property=\"og:image:width\" content=\"768\" \/>\n\t<meta property=\"og:image:height\" content=\"512\" \/>\n\t<meta property=\"og:image:type\" content=\"image\/jpeg\" \/>\n<meta name=\"author\" content=\"pastoral\" \/>\n<meta name=\"twitter:card\" content=\"summary_large_image\" \/>\n<meta name=\"twitter:label1\" content=\"Escrito por\" \/>\n\t<meta name=\"twitter:data1\" content=\"pastoral\" \/>\n\t<meta name=\"twitter:label2\" content=\"Est. tempo de leitura\" \/>\n\t<meta name=\"twitter:data2\" content=\"3 minutos\" \/>\n<script type=\"application\/ld+json\" class=\"yoast-schema-graph\">{\"@context\":\"https:\\\/\\\/schema.org\",\"@graph\":[{\"@type\":\"Article\",\"@id\":\"https:\\\/\\\/unisale.com.br\\\/pastoral\\\/unisalesiano-encerra-semana-pedagogica-com-reuniao-plenaria-no-campus-de-lins\\\/#article\",\"isPartOf\":{\"@id\":\"https:\\\/\\\/unisale.com.br\\\/pastoral\\\/unisalesiano-encerra-semana-pedagogica-com-reuniao-plenaria-no-campus-de-lins\\\/\"},\"author\":{\"name\":\"pastoral\",\"@id\":\"https:\\\/\\\/unisale.com.br\\\/pastoral\\\/#\\\/schema\\\/person\\\/a16ba711a0f7dec9cb6b44563144d5a3\"},\"headline\":\"UniSALESIANO encerra Semana Pedag\u00f3gica com reuni\u00e3o plen\u00e1ria no c\u00e2mpus de Lins\",\"datePublished\":\"2025-02-06T17:28:08+00:00\",\"mainEntityOfPage\":{\"@id\":\"https:\\\/\\\/unisale.com.br\\\/pastoral\\\/unisalesiano-encerra-semana-pedagogica-com-reuniao-plenaria-no-campus-de-lins\\\/\"},\"wordCount\":517,\"image\":{\"@id\":\"https:\\\/\\\/unisale.com.br\\\/pastoral\\\/unisalesiano-encerra-semana-pedagogica-com-reuniao-plenaria-no-campus-de-lins\\\/#primaryimage\"},\"thumbnailUrl\":\"https:\\\/\\\/unisale.com.br\\\/pastoral\\\/wp-content\\\/uploads\\\/2025\\\/02\\\/IMG_7813-768x512-1.jpg\",\"articleSection\":[\"Not\u00edcias\"],\"inLanguage\":\"pt-BR\"},{\"@type\":\"WebPage\",\"@id\":\"https:\\\/\\\/unisale.com.br\\\/pastoral\\\/unisalesiano-encerra-semana-pedagogica-com-reuniao-plenaria-no-campus-de-lins\\\/\",\"url\":\"https:\\\/\\\/unisale.com.br\\\/pastoral\\\/unisalesiano-encerra-semana-pedagogica-com-reuniao-plenaria-no-campus-de-lins\\\/\",\"name\":\"UniSALESIANO encerra Semana Pedag\u00f3gica com reuni\u00e3o plen\u00e1ria no c\u00e2mpus de Lins - Pastoral Universit\u00e1ria UniSALESIANO\",\"isPartOf\":{\"@id\":\"https:\\\/\\\/unisale.com.br\\\/pastoral\\\/#website\"},\"primaryImageOfPage\":{\"@id\":\"https:\\\/\\\/unisale.com.br\\\/pastoral\\\/unisalesiano-encerra-semana-pedagogica-com-reuniao-plenaria-no-campus-de-lins\\\/#primaryimage\"},\"image\":{\"@id\":\"https:\\\/\\\/unisale.com.br\\\/pastoral\\\/unisalesiano-encerra-semana-pedagogica-com-reuniao-plenaria-no-campus-de-lins\\\/#primaryimage\"},\"thumbnailUrl\":\"https:\\\/\\\/unisale.com.br\\\/pastoral\\\/wp-content\\\/uploads\\\/2025\\\/02\\\/IMG_7813-768x512-1.jpg\",\"datePublished\":\"2025-02-06T17:28:08+00:00\",\"author\":{\"@id\":\"https:\\\/\\\/unisale.com.br\\\/pastoral\\\/#\\\/schema\\\/person\\\/a16ba711a0f7dec9cb6b44563144d5a3\"},\"inLanguage\":\"pt-BR\",\"potentialAction\":[{\"@type\":\"ReadAction\",\"target\":[\"https:\\\/\\\/unisale.com.br\\\/pastoral\\\/unisalesiano-encerra-semana-pedagogica-com-reuniao-plenaria-no-campus-de-lins\\\/\"]}]},{\"@type\":\"ImageObject\",\"inLanguage\":\"pt-BR\",\"@id\":\"https:\\\/\\\/unisale.com.br\\\/pastoral\\\/unisalesiano-encerra-semana-pedagogica-com-reuniao-plenaria-no-campus-de-lins\\\/#primaryimage\",\"url\":\"https:\\\/\\\/unisale.com.br\\\/pastoral\\\/wp-content\\\/uploads\\\/2025\\\/02\\\/IMG_7813-768x512-1.jpg\",\"contentUrl\":\"https:\\\/\\\/unisale.com.br\\\/pastoral\\\/wp-content\\\/uploads\\\/2025\\\/02\\\/IMG_7813-768x512-1.jpg\",\"width\":750,\"height\":500},{\"@type\":\"WebSite\",\"@id\":\"https:\\\/\\\/unisale.com.br\\\/pastoral\\\/#website\",\"url\":\"https:\\\/\\\/unisale.com.br\\\/pastoral\\\/\",\"name\":\"Pastoral Universit\u00e1ria UniSALESIANO\",\"description\":\"Site da Pastoral Universit\u00e1ria do UniSALESIANO\",\"potentialAction\":[{\"@type\":\"SearchAction\",\"target\":{\"@type\":\"EntryPoint\",\"urlTemplate\":\"https:\\\/\\\/unisale.com.br\\\/pastoral\\\/?s={search_term_string}\"},\"query-input\":{\"@type\":\"PropertyValueSpecification\",\"valueRequired\":true,\"valueName\":\"search_term_string\"}}],\"inLanguage\":\"pt-BR\"},{\"@type\":\"Person\",\"@id\":\"https:\\\/\\\/unisale.com.br\\\/pastoral\\\/#\\\/schema\\\/person\\\/a16ba711a0f7dec9cb6b44563144d5a3\",\"name\":\"pastoral\",\"url\":\"https:\\\/\\\/unisale.com.br\\\/pastoral\\\/author\\\/pastoral\\\/\"}]}<\/script>\n<!-- \/ Yoast SEO plugin. -->","yoast_head_json":{"title":"UniSALESIANO encerra Semana Pedag\u00f3gica com reuni\u00e3o plen\u00e1ria no c\u00e2mpus de Lins - Pastoral Universit\u00e1ria UniSALESIANO","robots":{"index":"index","follow":"follow","max-snippet":"max-snippet:-1","max-image-preview":"max-image-preview:large","max-video-preview":"max-video-preview:-1"},"canonical":"https:\/\/unisale.com.br\/pastoral\/unisalesiano-encerra-semana-pedagogica-com-reuniao-plenaria-no-campus-de-lins\/","og_locale":"pt_BR","og_type":"article","og_title":"UniSALESIANO encerra Semana Pedag\u00f3gica com reuni\u00e3o plen\u00e1ria no c\u00e2mpus de Lins - Pastoral Universit\u00e1ria UniSALESIANO","og_description":"O UniSALESIANO realizou a reuni\u00e3o plen\u00e1ria, no dia 1\u00ba de fevereiro, encerrando, oficialmente, a Semana Pedag\u00f3gica de 2025. O evento, ocorrido no c\u00e2mpus de Lins,...","og_url":"https:\/\/unisale.com.br\/pastoral\/unisalesiano-encerra-semana-pedagogica-com-reuniao-plenaria-no-campus-de-lins\/","og_site_name":"Pastoral Universit\u00e1ria UniSALESIANO","article_published_time":"2025-02-06T17:28:08+00:00","og_image":[{"width":768,"height":512,"url":"https:\/\/unisale.com.br\/pastoral\/wp-content\/uploads\/2025\/02\/IMG_7813-768x512-1.jpg","type":"image\/jpeg"}],"author":"pastoral","twitter_card":"summary_large_image","twitter_misc":{"Escrito por":"pastoral","Est. tempo de leitura":"3 minutos"},"schema":{"@context":"https:\/\/schema.org","@graph":[{"@type":"Article","@id":"https:\/\/unisale.com.br\/pastoral\/unisalesiano-encerra-semana-pedagogica-com-reuniao-plenaria-no-campus-de-lins\/#article","isPartOf":{"@id":"https:\/\/unisale.com.br\/pastoral\/unisalesiano-encerra-semana-pedagogica-com-reuniao-plenaria-no-campus-de-lins\/"},"author":{"name":"pastoral","@id":"https:\/\/unisale.com.br\/pastoral\/#\/schema\/person\/a16ba711a0f7dec9cb6b44563144d5a3"},"headline":"UniSALESIANO encerra Semana Pedag\u00f3gica com reuni\u00e3o plen\u00e1ria no c\u00e2mpus de Lins","datePublished":"2025-02-06T17:28:08+00:00","mainEntityOfPage":{"@id":"https:\/\/unisale.com.br\/pastoral\/unisalesiano-encerra-semana-pedagogica-com-reuniao-plenaria-no-campus-de-lins\/"},"wordCount":517,"image":{"@id":"https:\/\/unisale.com.br\/pastoral\/unisalesiano-encerra-semana-pedagogica-com-reuniao-plenaria-no-campus-de-lins\/#primaryimage"},"thumbnailUrl":"https:\/\/unisale.com.br\/pastoral\/wp-content\/uploads\/2025\/02\/IMG_7813-768x512-1.jpg","articleSection":["Not\u00edcias"],"inLanguage":"pt-BR"},{"@type":"WebPage","@id":"https:\/\/unisale.com.br\/pastoral\/unisalesiano-encerra-semana-pedagogica-com-reuniao-plenaria-no-campus-de-lins\/","url":"https:\/\/unisale.com.br\/pastoral\/unisalesiano-encerra-semana-pedagogica-com-reuniao-plenaria-no-campus-de-lins\/","name":"UniSALESIANO encerra Semana Pedag\u00f3gica com reuni\u00e3o plen\u00e1ria no c\u00e2mpus de Lins - Pastoral Universit\u00e1ria UniSALESIANO","isPartOf":{"@id":"https:\/\/unisale.com.br\/pastoral\/#website"},"primaryImageOfPage":{"@id":"https:\/\/unisale.com.br\/pastoral\/unisalesiano-encerra-semana-pedagogica-com-reuniao-plenaria-no-campus-de-lins\/#primaryimage"},"image":{"@id":"https:\/\/unisale.com.br\/pastoral\/unisalesiano-encerra-semana-pedagogica-com-reuniao-plenaria-no-campus-de-lins\/#primaryimage"},"thumbnailUrl":"https:\/\/unisale.com.br\/pastoral\/wp-content\/uploads\/2025\/02\/IMG_7813-768x512-1.jpg","datePublished":"2025-02-06T17:28:08+00:00","author":{"@id":"https:\/\/unisale.com.br\/pastoral\/#\/schema\/person\/a16ba711a0f7dec9cb6b44563144d5a3"},"inLanguage":"pt-BR","potentialAction":[{"@type":"ReadAction","target":["https:\/\/unisale.com.br\/pastoral\/unisalesiano-encerra-semana-pedagogica-com-reuniao-plenaria-no-campus-de-lins\/"]}]},{"@type":"ImageObject","inLanguage":"pt-BR","@id":"https:\/\/unisale.com.br\/pastoral\/unisalesiano-encerra-semana-pedagogica-com-reuniao-plenaria-no-campus-de-lins\/#primaryimage","url":"https:\/\/unisale.com.br\/pastoral\/wp-content\/uploads\/2025\/02\/IMG_7813-768x512-1.jpg","contentUrl":"https:\/\/unisale.com.br\/pastoral\/wp-content\/uploads\/2025\/02\/IMG_7813-768x512-1.jpg","width":750,"height":500},{"@type":"WebSite","@id":"https:\/\/unisale.com.br\/pastoral\/#website","url":"https:\/\/unisale.com.br\/pastoral\/","name":"Pastoral Universit\u00e1ria UniSALESIANO","description":"Site da Pastoral Universit\u00e1ria do UniSALESIANO","potentialAction":[{"@type":"SearchAction","target":{"@type":"EntryPoint","urlTemplate":"https:\/\/unisale.com.br\/pastoral\/?s={search_term_string}"},"query-input":{"@type":"PropertyValueSpecification","valueRequired":true,"valueName":"search_term_string"}}],"inLanguage":"pt-BR"},{"@type":"Person","@id":"https:\/\/unisale.com.br\/pastoral\/#\/schema\/person\/a16ba711a0f7dec9cb6b44563144d5a3","name":"pastoral","url":"https:\/\/unisale.com.br\/pastoral\/author\/pastoral\/"}]}},"_links":{"self":[{"href":"https:\/\/unisale.com.br\/pastoral\/wp-json\/wp\/v2\/posts\/11962","targetHints":{"allow":["GET"]}}],"collection":[{"href":"https:\/\/unisale.com.br\/pastoral\/wp-json\/wp\/v2\/posts"}],"about":[{"href":"https:\/\/unisale.com.br\/pastoral\/wp-json\/wp\/v2\/types\/post"}],"author":[{"embeddable":true,"href":"https:\/\/unisale.com.br\/pastoral\/wp-json\/wp\/v2\/users\/1"}],"replies":[{"embeddable":true,"href":"https:\/\/unisale.com.br\/pastoral\/wp-json\/wp\/v2\/comments?post=11962"}],"version-history":[{"count":2,"href":"https:\/\/unisale.com.br\/pastoral\/wp-json\/wp\/v2\/posts\/11962\/revisions"}],"predecessor-version":[{"id":11977,"href":"https:\/\/unisale.com.br\/pastoral\/wp-json\/wp\/v2\/posts\/11962\/revisions\/11977"}],"wp:featuredmedia":[{"embeddable":true,"href":"https:\/\/unisale.com.br\/pastoral\/wp-json\/wp\/v2\/media\/11970"}],"wp:attachment":[{"href":"https:\/\/unisale.com.br\/pastoral\/wp-json\/wp\/v2\/media?parent=11962"}],"wp:term":[{"taxonomy":"category","embeddable":true,"href":"https:\/\/unisale.com.br\/pastoral\/wp-json\/wp\/v2\/categories?post=11962"},{"taxonomy":"post_tag","embeddable":true,"href":"https:\/\/unisale.com.br\/pastoral\/wp-json\/wp\/v2\/tags?post=11962"}],"curies":[{"name":"wp","href":"https:\/\/api.w.org\/{rel}","templated":true}]}}