{"id":11991,"date":"2025-02-19T13:05:51","date_gmt":"2025-02-19T13:05:51","guid":{"rendered":"https:\/\/unisale.com.br\/pastoral\/?p=11991"},"modified":"2025-02-19T13:06:00","modified_gmt":"2025-02-19T13:06:00","slug":"04-03-eis-que-nos-deixamos-tudo-e-te-seguimos","status":"publish","type":"post","link":"https:\/\/unisale.com.br\/pastoral\/04-03-eis-que-nos-deixamos-tudo-e-te-seguimos\/","title":{"rendered":"04\/03 &#8211; Eis que n\u00f3s deixamos tudo e te seguimos."},"content":{"rendered":"<p>Ter\u00e7a-feira, 04 de mar\u00e7o de 2025.<\/p>\n<p>&nbsp;<\/p>\n<p>Evangelho (Mc 10,28-31)<\/p>\n<p>&nbsp;<\/p>\n<p><strong>\u201cEis que n\u00f3s deixamos tudo e te seguimos\u201d.<\/strong><\/p>\n<p>&nbsp;<\/p>\n<p>Naquele tempo, <sup>28<\/sup>come\u00e7ou Pedro a dizer a Jesus: \u201cEis que n\u00f3s deixamos tudo e te seguimos\u201d. <sup>29<\/sup>Respondeu Jesus: \u201cEm verdade vos digo, quem tiver deixado casa, irm\u00e3os, irm\u00e3s, m\u00e3e, pai, filhos, campos, por causa de mim e do Evangelho, <sup>30<\/sup>receber\u00e1 cem vezes mais agora, durante esta vida \u2014 casa, irm\u00e3os, irm\u00e3s, m\u00e3es, filhos e campos, com persegui\u00e7\u00f5es \u2014 e, no mundo futuro, a vida eterna. <sup>31<\/sup>Muitos que agora s\u00e3o os primeiros ser\u00e3o os \u00faltimos. E muitos que agora s\u00e3o os \u00faltimos ser\u00e3o os primeiros\u201d.<\/p>\n<p>&nbsp;<\/p>\n<p><strong>Reflex\u00e3o<\/strong><\/p>\n<p>&nbsp;<\/p>\n<p>\u201cNaquele tempo, come\u00e7ou Pedro a dizer a Jesus: \u201cEis que n\u00f3s deixamos tudo e te seguimos\u201d.<\/p>\n<p>&nbsp;<\/p>\n<p>Parece que estamos escutando o filho mais velho da par\u00e1bola do filho pr\u00f3digo que procura monetizar a sua rela\u00e7\u00e3o com o pai e que aquilo que n\u00f3s mais ou menos pensamos, mas n\u00e3o temos a coragem de dizer em voz alta. Pois quando a vida nos prega uma pe\u00e7a, ent\u00e3o jogamos tudo na cara de Deus dizendo: \u201csempre fiz tudo aquilo que deveria fazer e que a f\u00e9 me ensinou, por que Voc\u00ea permitiu que isso acontecesse comigo?\u201d. \u00c9 in\u00fatil, \u00e9 uma l\u00f3gica comercial na qual queremos encaixar tamb\u00e9m Deus. Jesus n\u00e3o parece escandalizado com estas palavras. Como \u00e9 bom saber que Jesus n\u00e3o se maravilha com a nossa humanidade, tamb\u00e9m quando ela apresenta aspectos assim med\u00edocres. Leva a s\u00e9rio tamb\u00e9m outros aspectos, mas o faz para nos levar a um n\u00edvel mais alto. A recompensa que recebemos n\u00e3o \u00e9 em termos simplesmente materiais. \u201cEm verdade vos digo, quem tiver deixado casa, irm\u00e3os, irm\u00e3s, m\u00e3e, pai, filhos, campos, por causa de mim e do Evangelho, <sup>30<\/sup>receber\u00e1 cem vezes mais agora, durante esta vida&#8230;\u201d Este c\u00eantuplo \u00e9 composto por um conhecimento novo que Cristo acrescenta em nossa vida. \u00c9 um \u201calgo a mais\u201d que centuplica a nossa capacidade de degustar as coisas. Cem vezes mais em gosto pela vida, n\u00e3o em simples coisas materiais. E tudo isto \u00e9 necess\u00e1rio para que n\u00e3o entendamos o cristianismo como uma fixa\u00e7\u00e3o doentia \u00e0 l\u00f3gica do sacrif\u00edcio. Viver de sacrif\u00edcio significa viver mortificando a vida e pensando que desta mortifica\u00e7\u00e3o teremos uma recompensa maior. Mas a vida eterna n\u00e3o \u00e9 algo que tem a haver s\u00f3 com o depois, mas tamb\u00e9m com o agora. Eis porque devemos experimentar uma vida eterna, uma vida plena tamb\u00e9m agora, de outro modo seremos apenas alienados, mas n\u00e3o pessoas de f\u00e9. Pedro entendeu primeiro que todos, e nos ofertou um cristianismo com \u201cos p\u00e9s no ch\u00e3o\u201d.<\/p>\n<p><strong>Pe. Paulo Eduardo J\u00e1como, SDB.<\/strong><\/p>\n","protected":false},"excerpt":{"rendered":"<p>Ter\u00e7a-feira, 04 de mar\u00e7o de 2025. &nbsp; Evangelho (Mc 10,28-31) &nbsp; \u201cEis que n\u00f3s deixamos tudo e te seguimos\u201d. &nbsp; Naquele tempo, 28come\u00e7ou Pedro a&#8230;<\/p>\n","protected":false},"author":1,"featured_media":11992,"comment_status":"closed","ping_status":"closed","sticky":false,"template":"","format":"standard","meta":{"_acf_changed":false,"footnotes":""},"categories":[13],"tags":[],"class_list":["post-11991","post","type-post","status-publish","format-standard","has-post-thumbnail","hentry","category-reflexaodoevagelho"],"acf":[],"yoast_head":"<!-- This site is optimized with the Yoast SEO plugin v27.3 - https:\/\/yoast.com\/product\/yoast-seo-wordpress\/ -->\n<title>04\/03 - Eis que n\u00f3s deixamos tudo e te seguimos. - Pastoral Universit\u00e1ria UniSALESIANO<\/title>\n<meta name=\"robots\" content=\"index, follow, max-snippet:-1, max-image-preview:large, max-video-preview:-1\" \/>\n<link rel=\"canonical\" href=\"https:\/\/unisale.com.br\/pastoral\/04-03-eis-que-nos-deixamos-tudo-e-te-seguimos\/\" \/>\n<meta property=\"og:locale\" content=\"pt_BR\" \/>\n<meta property=\"og:type\" content=\"article\" \/>\n<meta property=\"og:title\" content=\"04\/03 - Eis que n\u00f3s deixamos tudo e te seguimos. - Pastoral Universit\u00e1ria UniSALESIANO\" \/>\n<meta property=\"og:description\" content=\"Ter\u00e7a-feira, 04 de mar\u00e7o de 2025. &nbsp; Evangelho (Mc 10,28-31) &nbsp; \u201cEis que n\u00f3s deixamos tudo e te seguimos\u201d. &nbsp; Naquele tempo, 28come\u00e7ou Pedro a...\" \/>\n<meta property=\"og:url\" content=\"https:\/\/unisale.com.br\/pastoral\/04-03-eis-que-nos-deixamos-tudo-e-te-seguimos\/\" \/>\n<meta property=\"og:site_name\" content=\"Pastoral Universit\u00e1ria UniSALESIANO\" \/>\n<meta property=\"article:published_time\" content=\"2025-02-19T13:05:51+00:00\" \/>\n<meta property=\"article:modified_time\" content=\"2025-02-19T13:06:00+00:00\" \/>\n<meta property=\"og:image\" content=\"https:\/\/unisale.com.br\/pastoral\/wp-content\/uploads\/2025\/02\/Naquele-tempo-35Joao-estava-de-novo-com-dois-de-seus-discipulos-36e-vendo-Jesus-passar-disse-Eis-o-Cordeiro-de-Deus-37Ouvindo-essas-palavras-os-dois-discipulos-seguiram-Jesus.-38Voltand-3.png\" \/>\n\t<meta property=\"og:image:width\" content=\"1080\" \/>\n\t<meta property=\"og:image:height\" content=\"1080\" \/>\n\t<meta property=\"og:image:type\" content=\"image\/png\" \/>\n<meta name=\"author\" content=\"pastoral\" \/>\n<meta name=\"twitter:card\" content=\"summary_large_image\" \/>\n<meta name=\"twitter:label1\" content=\"Escrito por\" \/>\n\t<meta name=\"twitter:data1\" content=\"pastoral\" \/>\n\t<meta name=\"twitter:label2\" content=\"Est. tempo de leitura\" \/>\n\t<meta name=\"twitter:data2\" content=\"3 minutos\" \/>\n<script type=\"application\/ld+json\" class=\"yoast-schema-graph\">{\"@context\":\"https:\\\/\\\/schema.org\",\"@graph\":[{\"@type\":\"Article\",\"@id\":\"https:\\\/\\\/unisale.com.br\\\/pastoral\\\/04-03-eis-que-nos-deixamos-tudo-e-te-seguimos\\\/#article\",\"isPartOf\":{\"@id\":\"https:\\\/\\\/unisale.com.br\\\/pastoral\\\/04-03-eis-que-nos-deixamos-tudo-e-te-seguimos\\\/\"},\"author\":{\"name\":\"pastoral\",\"@id\":\"https:\\\/\\\/unisale.com.br\\\/pastoral\\\/#\\\/schema\\\/person\\\/a16ba711a0f7dec9cb6b44563144d5a3\"},\"headline\":\"04\\\/03 &#8211; Eis que n\u00f3s deixamos tudo e te seguimos.\",\"datePublished\":\"2025-02-19T13:05:51+00:00\",\"dateModified\":\"2025-02-19T13:06:00+00:00\",\"mainEntityOfPage\":{\"@id\":\"https:\\\/\\\/unisale.com.br\\\/pastoral\\\/04-03-eis-que-nos-deixamos-tudo-e-te-seguimos\\\/\"},\"wordCount\":489,\"image\":{\"@id\":\"https:\\\/\\\/unisale.com.br\\\/pastoral\\\/04-03-eis-que-nos-deixamos-tudo-e-te-seguimos\\\/#primaryimage\"},\"thumbnailUrl\":\"https:\\\/\\\/unisale.com.br\\\/pastoral\\\/wp-content\\\/uploads\\\/2025\\\/02\\\/Naquele-tempo-35Joao-estava-de-novo-com-dois-de-seus-discipulos-36e-vendo-Jesus-passar-disse-Eis-o-Cordeiro-de-Deus-37Ouvindo-essas-palavras-os-dois-discipulos-seguiram-Jesus.-38Voltand-3.jpg\",\"articleSection\":[\"Reflex\u00e3o do Evangelho\"],\"inLanguage\":\"pt-BR\"},{\"@type\":\"WebPage\",\"@id\":\"https:\\\/\\\/unisale.com.br\\\/pastoral\\\/04-03-eis-que-nos-deixamos-tudo-e-te-seguimos\\\/\",\"url\":\"https:\\\/\\\/unisale.com.br\\\/pastoral\\\/04-03-eis-que-nos-deixamos-tudo-e-te-seguimos\\\/\",\"name\":\"04\\\/03 - Eis que n\u00f3s deixamos tudo e te seguimos. - Pastoral Universit\u00e1ria UniSALESIANO\",\"isPartOf\":{\"@id\":\"https:\\\/\\\/unisale.com.br\\\/pastoral\\\/#website\"},\"primaryImageOfPage\":{\"@id\":\"https:\\\/\\\/unisale.com.br\\\/pastoral\\\/04-03-eis-que-nos-deixamos-tudo-e-te-seguimos\\\/#primaryimage\"},\"image\":{\"@id\":\"https:\\\/\\\/unisale.com.br\\\/pastoral\\\/04-03-eis-que-nos-deixamos-tudo-e-te-seguimos\\\/#primaryimage\"},\"thumbnailUrl\":\"https:\\\/\\\/unisale.com.br\\\/pastoral\\\/wp-content\\\/uploads\\\/2025\\\/02\\\/Naquele-tempo-35Joao-estava-de-novo-com-dois-de-seus-discipulos-36e-vendo-Jesus-passar-disse-Eis-o-Cordeiro-de-Deus-37Ouvindo-essas-palavras-os-dois-discipulos-seguiram-Jesus.-38Voltand-3.jpg\",\"datePublished\":\"2025-02-19T13:05:51+00:00\",\"dateModified\":\"2025-02-19T13:06:00+00:00\",\"author\":{\"@id\":\"https:\\\/\\\/unisale.com.br\\\/pastoral\\\/#\\\/schema\\\/person\\\/a16ba711a0f7dec9cb6b44563144d5a3\"},\"inLanguage\":\"pt-BR\",\"potentialAction\":[{\"@type\":\"ReadAction\",\"target\":[\"https:\\\/\\\/unisale.com.br\\\/pastoral\\\/04-03-eis-que-nos-deixamos-tudo-e-te-seguimos\\\/\"]}]},{\"@type\":\"ImageObject\",\"inLanguage\":\"pt-BR\",\"@id\":\"https:\\\/\\\/unisale.com.br\\\/pastoral\\\/04-03-eis-que-nos-deixamos-tudo-e-te-seguimos\\\/#primaryimage\",\"url\":\"https:\\\/\\\/unisale.com.br\\\/pastoral\\\/wp-content\\\/uploads\\\/2025\\\/02\\\/Naquele-tempo-35Joao-estava-de-novo-com-dois-de-seus-discipulos-36e-vendo-Jesus-passar-disse-Eis-o-Cordeiro-de-Deus-37Ouvindo-essas-palavras-os-dois-discipulos-seguiram-Jesus.-38Voltand-3.jpg\",\"contentUrl\":\"https:\\\/\\\/unisale.com.br\\\/pastoral\\\/wp-content\\\/uploads\\\/2025\\\/02\\\/Naquele-tempo-35Joao-estava-de-novo-com-dois-de-seus-discipulos-36e-vendo-Jesus-passar-disse-Eis-o-Cordeiro-de-Deus-37Ouvindo-essas-palavras-os-dois-discipulos-seguiram-Jesus.-38Voltand-3.jpg\",\"width\":500,\"height\":500},{\"@type\":\"WebSite\",\"@id\":\"https:\\\/\\\/unisale.com.br\\\/pastoral\\\/#website\",\"url\":\"https:\\\/\\\/unisale.com.br\\\/pastoral\\\/\",\"name\":\"Pastoral Universit\u00e1ria UniSALESIANO\",\"description\":\"Site da Pastoral Universit\u00e1ria do UniSALESIANO\",\"potentialAction\":[{\"@type\":\"SearchAction\",\"target\":{\"@type\":\"EntryPoint\",\"urlTemplate\":\"https:\\\/\\\/unisale.com.br\\\/pastoral\\\/?s={search_term_string}\"},\"query-input\":{\"@type\":\"PropertyValueSpecification\",\"valueRequired\":true,\"valueName\":\"search_term_string\"}}],\"inLanguage\":\"pt-BR\"},{\"@type\":\"Person\",\"@id\":\"https:\\\/\\\/unisale.com.br\\\/pastoral\\\/#\\\/schema\\\/person\\\/a16ba711a0f7dec9cb6b44563144d5a3\",\"name\":\"pastoral\",\"url\":\"https:\\\/\\\/unisale.com.br\\\/pastoral\\\/author\\\/pastoral\\\/\"}]}<\/script>\n<!-- \/ Yoast SEO plugin. -->","yoast_head_json":{"title":"04\/03 - Eis que n\u00f3s deixamos tudo e te seguimos. - Pastoral Universit\u00e1ria UniSALESIANO","robots":{"index":"index","follow":"follow","max-snippet":"max-snippet:-1","max-image-preview":"max-image-preview:large","max-video-preview":"max-video-preview:-1"},"canonical":"https:\/\/unisale.com.br\/pastoral\/04-03-eis-que-nos-deixamos-tudo-e-te-seguimos\/","og_locale":"pt_BR","og_type":"article","og_title":"04\/03 - Eis que n\u00f3s deixamos tudo e te seguimos. - Pastoral Universit\u00e1ria UniSALESIANO","og_description":"Ter\u00e7a-feira, 04 de mar\u00e7o de 2025. &nbsp; Evangelho (Mc 10,28-31) &nbsp; \u201cEis que n\u00f3s deixamos tudo e te seguimos\u201d. &nbsp; Naquele tempo, 28come\u00e7ou Pedro a...","og_url":"https:\/\/unisale.com.br\/pastoral\/04-03-eis-que-nos-deixamos-tudo-e-te-seguimos\/","og_site_name":"Pastoral Universit\u00e1ria UniSALESIANO","article_published_time":"2025-02-19T13:05:51+00:00","article_modified_time":"2025-02-19T13:06:00+00:00","og_image":[{"width":1080,"height":1080,"url":"https:\/\/unisale.com.br\/pastoral\/wp-content\/uploads\/2025\/02\/Naquele-tempo-35Joao-estava-de-novo-com-dois-de-seus-discipulos-36e-vendo-Jesus-passar-disse-Eis-o-Cordeiro-de-Deus-37Ouvindo-essas-palavras-os-dois-discipulos-seguiram-Jesus.-38Voltand-3.png","type":"image\/png"}],"author":"pastoral","twitter_card":"summary_large_image","twitter_misc":{"Escrito por":"pastoral","Est. tempo de leitura":"3 minutos"},"schema":{"@context":"https:\/\/schema.org","@graph":[{"@type":"Article","@id":"https:\/\/unisale.com.br\/pastoral\/04-03-eis-que-nos-deixamos-tudo-e-te-seguimos\/#article","isPartOf":{"@id":"https:\/\/unisale.com.br\/pastoral\/04-03-eis-que-nos-deixamos-tudo-e-te-seguimos\/"},"author":{"name":"pastoral","@id":"https:\/\/unisale.com.br\/pastoral\/#\/schema\/person\/a16ba711a0f7dec9cb6b44563144d5a3"},"headline":"04\/03 &#8211; Eis que n\u00f3s deixamos tudo e te seguimos.","datePublished":"2025-02-19T13:05:51+00:00","dateModified":"2025-02-19T13:06:00+00:00","mainEntityOfPage":{"@id":"https:\/\/unisale.com.br\/pastoral\/04-03-eis-que-nos-deixamos-tudo-e-te-seguimos\/"},"wordCount":489,"image":{"@id":"https:\/\/unisale.com.br\/pastoral\/04-03-eis-que-nos-deixamos-tudo-e-te-seguimos\/#primaryimage"},"thumbnailUrl":"https:\/\/unisale.com.br\/pastoral\/wp-content\/uploads\/2025\/02\/Naquele-tempo-35Joao-estava-de-novo-com-dois-de-seus-discipulos-36e-vendo-Jesus-passar-disse-Eis-o-Cordeiro-de-Deus-37Ouvindo-essas-palavras-os-dois-discipulos-seguiram-Jesus.-38Voltand-3.jpg","articleSection":["Reflex\u00e3o do Evangelho"],"inLanguage":"pt-BR"},{"@type":"WebPage","@id":"https:\/\/unisale.com.br\/pastoral\/04-03-eis-que-nos-deixamos-tudo-e-te-seguimos\/","url":"https:\/\/unisale.com.br\/pastoral\/04-03-eis-que-nos-deixamos-tudo-e-te-seguimos\/","name":"04\/03 - Eis que n\u00f3s deixamos tudo e te seguimos. - Pastoral Universit\u00e1ria UniSALESIANO","isPartOf":{"@id":"https:\/\/unisale.com.br\/pastoral\/#website"},"primaryImageOfPage":{"@id":"https:\/\/unisale.com.br\/pastoral\/04-03-eis-que-nos-deixamos-tudo-e-te-seguimos\/#primaryimage"},"image":{"@id":"https:\/\/unisale.com.br\/pastoral\/04-03-eis-que-nos-deixamos-tudo-e-te-seguimos\/#primaryimage"},"thumbnailUrl":"https:\/\/unisale.com.br\/pastoral\/wp-content\/uploads\/2025\/02\/Naquele-tempo-35Joao-estava-de-novo-com-dois-de-seus-discipulos-36e-vendo-Jesus-passar-disse-Eis-o-Cordeiro-de-Deus-37Ouvindo-essas-palavras-os-dois-discipulos-seguiram-Jesus.-38Voltand-3.jpg","datePublished":"2025-02-19T13:05:51+00:00","dateModified":"2025-02-19T13:06:00+00:00","author":{"@id":"https:\/\/unisale.com.br\/pastoral\/#\/schema\/person\/a16ba711a0f7dec9cb6b44563144d5a3"},"inLanguage":"pt-BR","potentialAction":[{"@type":"ReadAction","target":["https:\/\/unisale.com.br\/pastoral\/04-03-eis-que-nos-deixamos-tudo-e-te-seguimos\/"]}]},{"@type":"ImageObject","inLanguage":"pt-BR","@id":"https:\/\/unisale.com.br\/pastoral\/04-03-eis-que-nos-deixamos-tudo-e-te-seguimos\/#primaryimage","url":"https:\/\/unisale.com.br\/pastoral\/wp-content\/uploads\/2025\/02\/Naquele-tempo-35Joao-estava-de-novo-com-dois-de-seus-discipulos-36e-vendo-Jesus-passar-disse-Eis-o-Cordeiro-de-Deus-37Ouvindo-essas-palavras-os-dois-discipulos-seguiram-Jesus.-38Voltand-3.jpg","contentUrl":"https:\/\/unisale.com.br\/pastoral\/wp-content\/uploads\/2025\/02\/Naquele-tempo-35Joao-estava-de-novo-com-dois-de-seus-discipulos-36e-vendo-Jesus-passar-disse-Eis-o-Cordeiro-de-Deus-37Ouvindo-essas-palavras-os-dois-discipulos-seguiram-Jesus.-38Voltand-3.jpg","width":500,"height":500},{"@type":"WebSite","@id":"https:\/\/unisale.com.br\/pastoral\/#website","url":"https:\/\/unisale.com.br\/pastoral\/","name":"Pastoral Universit\u00e1ria UniSALESIANO","description":"Site da Pastoral Universit\u00e1ria do UniSALESIANO","potentialAction":[{"@type":"SearchAction","target":{"@type":"EntryPoint","urlTemplate":"https:\/\/unisale.com.br\/pastoral\/?s={search_term_string}"},"query-input":{"@type":"PropertyValueSpecification","valueRequired":true,"valueName":"search_term_string"}}],"inLanguage":"pt-BR"},{"@type":"Person","@id":"https:\/\/unisale.com.br\/pastoral\/#\/schema\/person\/a16ba711a0f7dec9cb6b44563144d5a3","name":"pastoral","url":"https:\/\/unisale.com.br\/pastoral\/author\/pastoral\/"}]}},"_links":{"self":[{"href":"https:\/\/unisale.com.br\/pastoral\/wp-json\/wp\/v2\/posts\/11991","targetHints":{"allow":["GET"]}}],"collection":[{"href":"https:\/\/unisale.com.br\/pastoral\/wp-json\/wp\/v2\/posts"}],"about":[{"href":"https:\/\/unisale.com.br\/pastoral\/wp-json\/wp\/v2\/types\/post"}],"author":[{"embeddable":true,"href":"https:\/\/unisale.com.br\/pastoral\/wp-json\/wp\/v2\/users\/1"}],"replies":[{"embeddable":true,"href":"https:\/\/unisale.com.br\/pastoral\/wp-json\/wp\/v2\/comments?post=11991"}],"version-history":[{"count":1,"href":"https:\/\/unisale.com.br\/pastoral\/wp-json\/wp\/v2\/posts\/11991\/revisions"}],"predecessor-version":[{"id":11993,"href":"https:\/\/unisale.com.br\/pastoral\/wp-json\/wp\/v2\/posts\/11991\/revisions\/11993"}],"wp:featuredmedia":[{"embeddable":true,"href":"https:\/\/unisale.com.br\/pastoral\/wp-json\/wp\/v2\/media\/11992"}],"wp:attachment":[{"href":"https:\/\/unisale.com.br\/pastoral\/wp-json\/wp\/v2\/media?parent=11991"}],"wp:term":[{"taxonomy":"category","embeddable":true,"href":"https:\/\/unisale.com.br\/pastoral\/wp-json\/wp\/v2\/categories?post=11991"},{"taxonomy":"post_tag","embeddable":true,"href":"https:\/\/unisale.com.br\/pastoral\/wp-json\/wp\/v2\/tags?post=11991"}],"curies":[{"name":"wp","href":"https:\/\/api.w.org\/{rel}","templated":true}]}}