{"id":12013,"date":"2025-02-26T16:12:23","date_gmt":"2025-02-26T16:12:23","guid":{"rendered":"https:\/\/unisale.com.br\/pastoral\/?p=12013"},"modified":"2025-02-26T16:12:23","modified_gmt":"2025-02-26T16:12:23","slug":"11-03-se-vos-nao-perdoardes-aos-homens-vosso-pai-tambem-nao-perdoara-as-faltas-que-vos-cometestes","status":"publish","type":"post","link":"https:\/\/unisale.com.br\/pastoral\/11-03-se-vos-nao-perdoardes-aos-homens-vosso-pai-tambem-nao-perdoara-as-faltas-que-vos-cometestes\/","title":{"rendered":"11\/03 &#8211; &#8230;se v\u00f3s n\u00e3o perdoardes aos homens, vosso Pai tamb\u00e9m n\u00e3o perdoar\u00e1 as faltas que v\u00f3s cometestes."},"content":{"rendered":"<p>Ter\u00e7a-feira, 11 de mar\u00e7o de 2025.<\/p>\n<p>&nbsp;<\/p>\n<p>Evangelho (Mt 6,7-15)<\/p>\n<p>&nbsp;<\/p>\n<p><strong>\u201c&#8230;se v\u00f3s n\u00e3o perdoardes aos homens, vosso Pai tamb\u00e9m n\u00e3o perdoar\u00e1 as faltas que v\u00f3s cometestes\u201d<\/strong><\/p>\n<p>&nbsp;<\/p>\n<p>Naquele tempo, disse Jesus aos seus disc\u00edpulos: <sup>7<\/sup>\u201cQuando orardes, n\u00e3o useis muitas palavras, como fazem os pag\u00e3os. Eles pensam que ser\u00e3o ouvidos por for\u00e7a das muitas palavras. <sup>8<\/sup>N\u00e3o sejais como eles, pois vosso Pai sabe do que precisais, muito antes que v\u00f3s o pe\u00e7ais. <sup>9<\/sup>V\u00f3s deveis rezar assim: Pai nosso que est\u00e1s nos c\u00e9us, santificado seja o teu nome; <sup>10<\/sup>venha o teu Reino; seja feita a tua vontade, assim na terra como nos c\u00e9us. <sup>11<\/sup>O p\u00e3o nosso de cada dia d\u00e1-nos hoje. <sup>12<\/sup>Perdoa as nossas ofensas, assim como n\u00f3s perdoamos a quem nos tem ofendido. <sup>13<\/sup>E n\u00e3o nos deixes cair em tenta\u00e7\u00e3o, mas livra-nos do mal.<\/p>\n<p><sup>14<\/sup>De fato, se v\u00f3s perdoardes aos homens as faltas que eles cometeram, vosso Pai que est\u00e1 nos c\u00e9us tamb\u00e9m vos perdoar\u00e1. <sup>15<\/sup>Mas, se v\u00f3s n\u00e3o perdoardes aos homens, vosso Pai tamb\u00e9m n\u00e3o perdoar\u00e1 as faltas que v\u00f3s cometestes\u201d.<\/p>\n<p>&nbsp;<\/p>\n<p><strong>Reflex\u00e3o<\/strong><\/p>\n<p>&nbsp;<\/p>\n<p>No evangelho de hoje, Jesus nos d\u00e1 uma li\u00e7\u00e3o sobre a ora\u00e7\u00e3o. Na carta aos Romanos, S\u00e3o Paulo escreve: \u201cO Esp\u00edrito vem em aux\u00edlio \u00e0 nossa fraqueza; porque n\u00e3o sabemos o que devemos pedir, nem orar como conv\u00e9m, mas o Esp\u00edrito mesmo intercede por n\u00f3s com gemidos inef\u00e1veis\u201d (Rm 8,26-27). Mesmo tendo a inten\u00e7\u00e3o de rezar, muitas vezes da nossa boca saem palavras v\u00e3s, acompanhadas de nenhuma for\u00e7a, que n\u00e3o produzem nada. O evangelho de hoje nos prop\u00f5e uma solu\u00e7\u00e3o para este problema: come\u00e7ar, antes de tudo, a economizar palavras, reduzindo aquele desperd\u00edcio de sons que muitas vezes cria confus\u00e3o e introduz ilus\u00f5es no nosso \u00e2nimo, ou seja, uma pessoa pode achar que rezou muito e bem, s\u00f3 porque proferiu muitas palavras, e isso pode n\u00e3o ser verdade. Devemos purificar a nossa ora\u00e7\u00e3o dos excessos verbais, mas isso \u00e9 uma escola de humildade e paci\u00eancia. Usar de poucas palavras quando rezamos a Deus significa aprender a permanecer docilmente diante da sua vontade, na espera que se torne logo tamb\u00e9m a nossa. A vontade de Deus se tornando tamb\u00e9m a nossa, na f\u00e9 de que os nossos desejos ser\u00e3o escutados n\u00e3o com a for\u00e7a das muitas palavras, mas com poucas palavras fortes de esperan\u00e7a. Palavras s\u00f3brias, sinceras, cordiais, que um filho dirige naturalmente a um pai. Jesus \u00e9 para n\u00f3s o Mestre da ora\u00e7\u00e3o porque vive profundamente a atitude filial em rela\u00e7\u00e3o ao Pai, que chama confidencialmente de \u201cAbb\u00e1\u201d, quer dizer, Paizinho. A Sua ora\u00e7\u00e3o nasce da vida, exprime confian\u00e7a filial no Pai e ensina-nos a fazer o mesmo sem desperd\u00edcios de palavras in\u00fateis.<\/p>\n<p><strong>Pe. Paulo Eduardo J\u00e1como, SDB.<\/strong><\/p>\n","protected":false},"excerpt":{"rendered":"<p>Ter\u00e7a-feira, 11 de mar\u00e7o de 2025. &nbsp; Evangelho (Mt 6,7-15) &nbsp; \u201c&#8230;se v\u00f3s n\u00e3o perdoardes aos homens, vosso Pai tamb\u00e9m n\u00e3o perdoar\u00e1 as faltas que&#8230;<\/p>\n","protected":false},"author":1,"featured_media":12014,"comment_status":"closed","ping_status":"closed","sticky":false,"template":"","format":"standard","meta":{"_acf_changed":false,"footnotes":""},"categories":[13],"tags":[],"class_list":["post-12013","post","type-post","status-publish","format-standard","has-post-thumbnail","hentry","category-reflexaodoevagelho"],"acf":[],"yoast_head":"<!-- This site is optimized with the Yoast SEO plugin v27.3 - https:\/\/yoast.com\/product\/yoast-seo-wordpress\/ -->\n<title>11\/03 - ...se v\u00f3s n\u00e3o perdoardes aos homens, vosso Pai tamb\u00e9m n\u00e3o perdoar\u00e1 as faltas que v\u00f3s cometestes. - Pastoral Universit\u00e1ria UniSALESIANO<\/title>\n<meta name=\"robots\" content=\"index, follow, max-snippet:-1, max-image-preview:large, max-video-preview:-1\" \/>\n<link rel=\"canonical\" href=\"https:\/\/unisale.com.br\/pastoral\/11-03-se-vos-nao-perdoardes-aos-homens-vosso-pai-tambem-nao-perdoara-as-faltas-que-vos-cometestes\/\" \/>\n<meta property=\"og:locale\" content=\"pt_BR\" \/>\n<meta property=\"og:type\" content=\"article\" \/>\n<meta property=\"og:title\" content=\"11\/03 - ...se v\u00f3s n\u00e3o perdoardes aos homens, vosso Pai tamb\u00e9m n\u00e3o perdoar\u00e1 as faltas que v\u00f3s cometestes. - Pastoral Universit\u00e1ria UniSALESIANO\" \/>\n<meta property=\"og:description\" content=\"Ter\u00e7a-feira, 11 de mar\u00e7o de 2025. &nbsp; Evangelho (Mt 6,7-15) &nbsp; \u201c&#8230;se v\u00f3s n\u00e3o perdoardes aos homens, vosso Pai tamb\u00e9m n\u00e3o perdoar\u00e1 as faltas que...\" \/>\n<meta property=\"og:url\" content=\"https:\/\/unisale.com.br\/pastoral\/11-03-se-vos-nao-perdoardes-aos-homens-vosso-pai-tambem-nao-perdoara-as-faltas-que-vos-cometestes\/\" \/>\n<meta property=\"og:site_name\" content=\"Pastoral Universit\u00e1ria UniSALESIANO\" \/>\n<meta property=\"article:published_time\" content=\"2025-02-26T16:12:23+00:00\" \/>\n<meta property=\"og:image\" content=\"https:\/\/unisale.com.br\/pastoral\/wp-content\/uploads\/2025\/02\/Naquele-tempo-35Joao-estava-de-novo-com-dois-de-seus-discipulos-36e-vendo-Jesus-passar-disse-Eis-o-Cordeiro-de-Deus-37Ouvindo-essas-palavras-os-dois-discipulos-seguiram-Jesus.-38Voltand-4-1.png\" \/>\n\t<meta property=\"og:image:width\" content=\"1080\" \/>\n\t<meta property=\"og:image:height\" content=\"1080\" \/>\n\t<meta property=\"og:image:type\" content=\"image\/png\" \/>\n<meta name=\"author\" content=\"pastoral\" \/>\n<meta name=\"twitter:card\" content=\"summary_large_image\" \/>\n<meta name=\"twitter:label1\" content=\"Escrito por\" \/>\n\t<meta name=\"twitter:data1\" content=\"pastoral\" \/>\n\t<meta name=\"twitter:label2\" content=\"Est. tempo de leitura\" \/>\n\t<meta name=\"twitter:data2\" content=\"3 minutos\" \/>\n<script type=\"application\/ld+json\" class=\"yoast-schema-graph\">{\"@context\":\"https:\\\/\\\/schema.org\",\"@graph\":[{\"@type\":\"Article\",\"@id\":\"https:\\\/\\\/unisale.com.br\\\/pastoral\\\/11-03-se-vos-nao-perdoardes-aos-homens-vosso-pai-tambem-nao-perdoara-as-faltas-que-vos-cometestes\\\/#article\",\"isPartOf\":{\"@id\":\"https:\\\/\\\/unisale.com.br\\\/pastoral\\\/11-03-se-vos-nao-perdoardes-aos-homens-vosso-pai-tambem-nao-perdoara-as-faltas-que-vos-cometestes\\\/\"},\"author\":{\"name\":\"pastoral\",\"@id\":\"https:\\\/\\\/unisale.com.br\\\/pastoral\\\/#\\\/schema\\\/person\\\/a16ba711a0f7dec9cb6b44563144d5a3\"},\"headline\":\"11\\\/03 &#8211; &#8230;se v\u00f3s n\u00e3o perdoardes aos homens, vosso Pai tamb\u00e9m n\u00e3o perdoar\u00e1 as faltas que v\u00f3s cometestes.\",\"datePublished\":\"2025-02-26T16:12:23+00:00\",\"mainEntityOfPage\":{\"@id\":\"https:\\\/\\\/unisale.com.br\\\/pastoral\\\/11-03-se-vos-nao-perdoardes-aos-homens-vosso-pai-tambem-nao-perdoara-as-faltas-que-vos-cometestes\\\/\"},\"wordCount\":531,\"image\":{\"@id\":\"https:\\\/\\\/unisale.com.br\\\/pastoral\\\/11-03-se-vos-nao-perdoardes-aos-homens-vosso-pai-tambem-nao-perdoara-as-faltas-que-vos-cometestes\\\/#primaryimage\"},\"thumbnailUrl\":\"https:\\\/\\\/unisale.com.br\\\/pastoral\\\/wp-content\\\/uploads\\\/2025\\\/02\\\/Naquele-tempo-35Joao-estava-de-novo-com-dois-de-seus-discipulos-36e-vendo-Jesus-passar-disse-Eis-o-Cordeiro-de-Deus-37Ouvindo-essas-palavras-os-dois-discipulos-seguiram-Jesus.-38Voltand-4-1.jpg\",\"articleSection\":[\"Reflex\u00e3o do Evangelho\"],\"inLanguage\":\"pt-BR\"},{\"@type\":\"WebPage\",\"@id\":\"https:\\\/\\\/unisale.com.br\\\/pastoral\\\/11-03-se-vos-nao-perdoardes-aos-homens-vosso-pai-tambem-nao-perdoara-as-faltas-que-vos-cometestes\\\/\",\"url\":\"https:\\\/\\\/unisale.com.br\\\/pastoral\\\/11-03-se-vos-nao-perdoardes-aos-homens-vosso-pai-tambem-nao-perdoara-as-faltas-que-vos-cometestes\\\/\",\"name\":\"11\\\/03 - ...se v\u00f3s n\u00e3o perdoardes aos homens, vosso Pai tamb\u00e9m n\u00e3o perdoar\u00e1 as faltas que v\u00f3s cometestes. - Pastoral Universit\u00e1ria UniSALESIANO\",\"isPartOf\":{\"@id\":\"https:\\\/\\\/unisale.com.br\\\/pastoral\\\/#website\"},\"primaryImageOfPage\":{\"@id\":\"https:\\\/\\\/unisale.com.br\\\/pastoral\\\/11-03-se-vos-nao-perdoardes-aos-homens-vosso-pai-tambem-nao-perdoara-as-faltas-que-vos-cometestes\\\/#primaryimage\"},\"image\":{\"@id\":\"https:\\\/\\\/unisale.com.br\\\/pastoral\\\/11-03-se-vos-nao-perdoardes-aos-homens-vosso-pai-tambem-nao-perdoara-as-faltas-que-vos-cometestes\\\/#primaryimage\"},\"thumbnailUrl\":\"https:\\\/\\\/unisale.com.br\\\/pastoral\\\/wp-content\\\/uploads\\\/2025\\\/02\\\/Naquele-tempo-35Joao-estava-de-novo-com-dois-de-seus-discipulos-36e-vendo-Jesus-passar-disse-Eis-o-Cordeiro-de-Deus-37Ouvindo-essas-palavras-os-dois-discipulos-seguiram-Jesus.-38Voltand-4-1.jpg\",\"datePublished\":\"2025-02-26T16:12:23+00:00\",\"author\":{\"@id\":\"https:\\\/\\\/unisale.com.br\\\/pastoral\\\/#\\\/schema\\\/person\\\/a16ba711a0f7dec9cb6b44563144d5a3\"},\"inLanguage\":\"pt-BR\",\"potentialAction\":[{\"@type\":\"ReadAction\",\"target\":[\"https:\\\/\\\/unisale.com.br\\\/pastoral\\\/11-03-se-vos-nao-perdoardes-aos-homens-vosso-pai-tambem-nao-perdoara-as-faltas-que-vos-cometestes\\\/\"]}]},{\"@type\":\"ImageObject\",\"inLanguage\":\"pt-BR\",\"@id\":\"https:\\\/\\\/unisale.com.br\\\/pastoral\\\/11-03-se-vos-nao-perdoardes-aos-homens-vosso-pai-tambem-nao-perdoara-as-faltas-que-vos-cometestes\\\/#primaryimage\",\"url\":\"https:\\\/\\\/unisale.com.br\\\/pastoral\\\/wp-content\\\/uploads\\\/2025\\\/02\\\/Naquele-tempo-35Joao-estava-de-novo-com-dois-de-seus-discipulos-36e-vendo-Jesus-passar-disse-Eis-o-Cordeiro-de-Deus-37Ouvindo-essas-palavras-os-dois-discipulos-seguiram-Jesus.-38Voltand-4-1.jpg\",\"contentUrl\":\"https:\\\/\\\/unisale.com.br\\\/pastoral\\\/wp-content\\\/uploads\\\/2025\\\/02\\\/Naquele-tempo-35Joao-estava-de-novo-com-dois-de-seus-discipulos-36e-vendo-Jesus-passar-disse-Eis-o-Cordeiro-de-Deus-37Ouvindo-essas-palavras-os-dois-discipulos-seguiram-Jesus.-38Voltand-4-1.jpg\",\"width\":500,\"height\":500},{\"@type\":\"WebSite\",\"@id\":\"https:\\\/\\\/unisale.com.br\\\/pastoral\\\/#website\",\"url\":\"https:\\\/\\\/unisale.com.br\\\/pastoral\\\/\",\"name\":\"Pastoral Universit\u00e1ria UniSALESIANO\",\"description\":\"Site da Pastoral Universit\u00e1ria do UniSALESIANO\",\"potentialAction\":[{\"@type\":\"SearchAction\",\"target\":{\"@type\":\"EntryPoint\",\"urlTemplate\":\"https:\\\/\\\/unisale.com.br\\\/pastoral\\\/?s={search_term_string}\"},\"query-input\":{\"@type\":\"PropertyValueSpecification\",\"valueRequired\":true,\"valueName\":\"search_term_string\"}}],\"inLanguage\":\"pt-BR\"},{\"@type\":\"Person\",\"@id\":\"https:\\\/\\\/unisale.com.br\\\/pastoral\\\/#\\\/schema\\\/person\\\/a16ba711a0f7dec9cb6b44563144d5a3\",\"name\":\"pastoral\",\"url\":\"https:\\\/\\\/unisale.com.br\\\/pastoral\\\/author\\\/pastoral\\\/\"}]}<\/script>\n<!-- \/ Yoast SEO plugin. -->","yoast_head_json":{"title":"11\/03 - ...se v\u00f3s n\u00e3o perdoardes aos homens, vosso Pai tamb\u00e9m n\u00e3o perdoar\u00e1 as faltas que v\u00f3s cometestes. - Pastoral Universit\u00e1ria UniSALESIANO","robots":{"index":"index","follow":"follow","max-snippet":"max-snippet:-1","max-image-preview":"max-image-preview:large","max-video-preview":"max-video-preview:-1"},"canonical":"https:\/\/unisale.com.br\/pastoral\/11-03-se-vos-nao-perdoardes-aos-homens-vosso-pai-tambem-nao-perdoara-as-faltas-que-vos-cometestes\/","og_locale":"pt_BR","og_type":"article","og_title":"11\/03 - ...se v\u00f3s n\u00e3o perdoardes aos homens, vosso Pai tamb\u00e9m n\u00e3o perdoar\u00e1 as faltas que v\u00f3s cometestes. - Pastoral Universit\u00e1ria UniSALESIANO","og_description":"Ter\u00e7a-feira, 11 de mar\u00e7o de 2025. &nbsp; Evangelho (Mt 6,7-15) &nbsp; \u201c&#8230;se v\u00f3s n\u00e3o perdoardes aos homens, vosso Pai tamb\u00e9m n\u00e3o perdoar\u00e1 as faltas que...","og_url":"https:\/\/unisale.com.br\/pastoral\/11-03-se-vos-nao-perdoardes-aos-homens-vosso-pai-tambem-nao-perdoara-as-faltas-que-vos-cometestes\/","og_site_name":"Pastoral Universit\u00e1ria UniSALESIANO","article_published_time":"2025-02-26T16:12:23+00:00","og_image":[{"width":1080,"height":1080,"url":"https:\/\/unisale.com.br\/pastoral\/wp-content\/uploads\/2025\/02\/Naquele-tempo-35Joao-estava-de-novo-com-dois-de-seus-discipulos-36e-vendo-Jesus-passar-disse-Eis-o-Cordeiro-de-Deus-37Ouvindo-essas-palavras-os-dois-discipulos-seguiram-Jesus.-38Voltand-4-1.png","type":"image\/png"}],"author":"pastoral","twitter_card":"summary_large_image","twitter_misc":{"Escrito por":"pastoral","Est. tempo de leitura":"3 minutos"},"schema":{"@context":"https:\/\/schema.org","@graph":[{"@type":"Article","@id":"https:\/\/unisale.com.br\/pastoral\/11-03-se-vos-nao-perdoardes-aos-homens-vosso-pai-tambem-nao-perdoara-as-faltas-que-vos-cometestes\/#article","isPartOf":{"@id":"https:\/\/unisale.com.br\/pastoral\/11-03-se-vos-nao-perdoardes-aos-homens-vosso-pai-tambem-nao-perdoara-as-faltas-que-vos-cometestes\/"},"author":{"name":"pastoral","@id":"https:\/\/unisale.com.br\/pastoral\/#\/schema\/person\/a16ba711a0f7dec9cb6b44563144d5a3"},"headline":"11\/03 &#8211; &#8230;se v\u00f3s n\u00e3o perdoardes aos homens, vosso Pai tamb\u00e9m n\u00e3o perdoar\u00e1 as faltas que v\u00f3s cometestes.","datePublished":"2025-02-26T16:12:23+00:00","mainEntityOfPage":{"@id":"https:\/\/unisale.com.br\/pastoral\/11-03-se-vos-nao-perdoardes-aos-homens-vosso-pai-tambem-nao-perdoara-as-faltas-que-vos-cometestes\/"},"wordCount":531,"image":{"@id":"https:\/\/unisale.com.br\/pastoral\/11-03-se-vos-nao-perdoardes-aos-homens-vosso-pai-tambem-nao-perdoara-as-faltas-que-vos-cometestes\/#primaryimage"},"thumbnailUrl":"https:\/\/unisale.com.br\/pastoral\/wp-content\/uploads\/2025\/02\/Naquele-tempo-35Joao-estava-de-novo-com-dois-de-seus-discipulos-36e-vendo-Jesus-passar-disse-Eis-o-Cordeiro-de-Deus-37Ouvindo-essas-palavras-os-dois-discipulos-seguiram-Jesus.-38Voltand-4-1.jpg","articleSection":["Reflex\u00e3o do Evangelho"],"inLanguage":"pt-BR"},{"@type":"WebPage","@id":"https:\/\/unisale.com.br\/pastoral\/11-03-se-vos-nao-perdoardes-aos-homens-vosso-pai-tambem-nao-perdoara-as-faltas-que-vos-cometestes\/","url":"https:\/\/unisale.com.br\/pastoral\/11-03-se-vos-nao-perdoardes-aos-homens-vosso-pai-tambem-nao-perdoara-as-faltas-que-vos-cometestes\/","name":"11\/03 - ...se v\u00f3s n\u00e3o perdoardes aos homens, vosso Pai tamb\u00e9m n\u00e3o perdoar\u00e1 as faltas que v\u00f3s cometestes. - Pastoral Universit\u00e1ria UniSALESIANO","isPartOf":{"@id":"https:\/\/unisale.com.br\/pastoral\/#website"},"primaryImageOfPage":{"@id":"https:\/\/unisale.com.br\/pastoral\/11-03-se-vos-nao-perdoardes-aos-homens-vosso-pai-tambem-nao-perdoara-as-faltas-que-vos-cometestes\/#primaryimage"},"image":{"@id":"https:\/\/unisale.com.br\/pastoral\/11-03-se-vos-nao-perdoardes-aos-homens-vosso-pai-tambem-nao-perdoara-as-faltas-que-vos-cometestes\/#primaryimage"},"thumbnailUrl":"https:\/\/unisale.com.br\/pastoral\/wp-content\/uploads\/2025\/02\/Naquele-tempo-35Joao-estava-de-novo-com-dois-de-seus-discipulos-36e-vendo-Jesus-passar-disse-Eis-o-Cordeiro-de-Deus-37Ouvindo-essas-palavras-os-dois-discipulos-seguiram-Jesus.-38Voltand-4-1.jpg","datePublished":"2025-02-26T16:12:23+00:00","author":{"@id":"https:\/\/unisale.com.br\/pastoral\/#\/schema\/person\/a16ba711a0f7dec9cb6b44563144d5a3"},"inLanguage":"pt-BR","potentialAction":[{"@type":"ReadAction","target":["https:\/\/unisale.com.br\/pastoral\/11-03-se-vos-nao-perdoardes-aos-homens-vosso-pai-tambem-nao-perdoara-as-faltas-que-vos-cometestes\/"]}]},{"@type":"ImageObject","inLanguage":"pt-BR","@id":"https:\/\/unisale.com.br\/pastoral\/11-03-se-vos-nao-perdoardes-aos-homens-vosso-pai-tambem-nao-perdoara-as-faltas-que-vos-cometestes\/#primaryimage","url":"https:\/\/unisale.com.br\/pastoral\/wp-content\/uploads\/2025\/02\/Naquele-tempo-35Joao-estava-de-novo-com-dois-de-seus-discipulos-36e-vendo-Jesus-passar-disse-Eis-o-Cordeiro-de-Deus-37Ouvindo-essas-palavras-os-dois-discipulos-seguiram-Jesus.-38Voltand-4-1.jpg","contentUrl":"https:\/\/unisale.com.br\/pastoral\/wp-content\/uploads\/2025\/02\/Naquele-tempo-35Joao-estava-de-novo-com-dois-de-seus-discipulos-36e-vendo-Jesus-passar-disse-Eis-o-Cordeiro-de-Deus-37Ouvindo-essas-palavras-os-dois-discipulos-seguiram-Jesus.-38Voltand-4-1.jpg","width":500,"height":500},{"@type":"WebSite","@id":"https:\/\/unisale.com.br\/pastoral\/#website","url":"https:\/\/unisale.com.br\/pastoral\/","name":"Pastoral Universit\u00e1ria UniSALESIANO","description":"Site da Pastoral Universit\u00e1ria do UniSALESIANO","potentialAction":[{"@type":"SearchAction","target":{"@type":"EntryPoint","urlTemplate":"https:\/\/unisale.com.br\/pastoral\/?s={search_term_string}"},"query-input":{"@type":"PropertyValueSpecification","valueRequired":true,"valueName":"search_term_string"}}],"inLanguage":"pt-BR"},{"@type":"Person","@id":"https:\/\/unisale.com.br\/pastoral\/#\/schema\/person\/a16ba711a0f7dec9cb6b44563144d5a3","name":"pastoral","url":"https:\/\/unisale.com.br\/pastoral\/author\/pastoral\/"}]}},"_links":{"self":[{"href":"https:\/\/unisale.com.br\/pastoral\/wp-json\/wp\/v2\/posts\/12013","targetHints":{"allow":["GET"]}}],"collection":[{"href":"https:\/\/unisale.com.br\/pastoral\/wp-json\/wp\/v2\/posts"}],"about":[{"href":"https:\/\/unisale.com.br\/pastoral\/wp-json\/wp\/v2\/types\/post"}],"author":[{"embeddable":true,"href":"https:\/\/unisale.com.br\/pastoral\/wp-json\/wp\/v2\/users\/1"}],"replies":[{"embeddable":true,"href":"https:\/\/unisale.com.br\/pastoral\/wp-json\/wp\/v2\/comments?post=12013"}],"version-history":[{"count":1,"href":"https:\/\/unisale.com.br\/pastoral\/wp-json\/wp\/v2\/posts\/12013\/revisions"}],"predecessor-version":[{"id":12015,"href":"https:\/\/unisale.com.br\/pastoral\/wp-json\/wp\/v2\/posts\/12013\/revisions\/12015"}],"wp:featuredmedia":[{"embeddable":true,"href":"https:\/\/unisale.com.br\/pastoral\/wp-json\/wp\/v2\/media\/12014"}],"wp:attachment":[{"href":"https:\/\/unisale.com.br\/pastoral\/wp-json\/wp\/v2\/media?parent=12013"}],"wp:term":[{"taxonomy":"category","embeddable":true,"href":"https:\/\/unisale.com.br\/pastoral\/wp-json\/wp\/v2\/categories?post=12013"},{"taxonomy":"post_tag","embeddable":true,"href":"https:\/\/unisale.com.br\/pastoral\/wp-json\/wp\/v2\/tags?post=12013"}],"curies":[{"name":"wp","href":"https:\/\/api.w.org\/{rel}","templated":true}]}}