{"id":12032,"date":"2025-03-07T12:13:29","date_gmt":"2025-03-07T12:13:29","guid":{"rendered":"https:\/\/unisale.com.br\/pastoral\/?p=12032"},"modified":"2025-03-07T12:13:29","modified_gmt":"2025-03-07T12:13:29","slug":"16-03-este-e-o-meu-filho-o-escolhido-escutai-o-que-ele-diz","status":"publish","type":"post","link":"https:\/\/unisale.com.br\/pastoral\/16-03-este-e-o-meu-filho-o-escolhido-escutai-o-que-ele-diz\/","title":{"rendered":"16\/03 &#8211; Este \u00e9 o meu filho, o escolhido. Escutai o que ele diz."},"content":{"rendered":"<p>Domingo, 16 de mar\u00e7o de 2025.<\/p>\n<p>&nbsp;<\/p>\n<p>Evangelho (Lc 9,28-36)<\/p>\n<p>&nbsp;<\/p>\n<p><strong>\u201cEste \u00e9 o meu filho, o escolhido. Escutai o que ele diz\u201d<\/strong><\/p>\n<p>&nbsp;<\/p>\n<p>Naquele tempo, <sup>28b<\/sup>Jesus levou consigo Pedro, Jo\u00e3o e Tiago, e subiu \u00e0 montanha para rezar. <sup>29<\/sup>Enquanto rezava, seu rosto mudou de apar\u00eancia e sua roupa ficou muito branca e brilhante. <sup>30<\/sup>Eis que dois homens estavam conversando com Jesus: eram Mois\u00e9s e Elias. <sup>31<\/sup>Eles apareceram revestidos de gl\u00f3ria e conversavam sobre a morte, que Jesus iria sofrer em Jerusal\u00e9m. <sup>32<\/sup>Pedro e os companheiros estavam com muito sono. Ao despertarem, viram a gl\u00f3ria de Jesus e os dois homens que estavam com ele. <sup>33<\/sup>E, quando estes homens se iam afastando, Pedro disse a Jesus: \u201cMestre, \u00e9 bom estarmos aqui. Vamos fazer tr\u00eas tendas: uma para ti, outra para Mois\u00e9s e outra para Elias\u201d. Pedro n\u00e3o sabia o que estava dizendo. <sup>34<\/sup>Ele estava ainda falando, quando apareceu uma nuvem que os cobriu com sua sombra. Os disc\u00edpulos ficaram com medo ao entrarem dentro da nuvem. <sup>35<\/sup>Da nuvem, por\u00e9m, saiu uma voz que dizia: \u201cEste \u00e9 o meu Filho, o Escolhido. Escutai o que ele diz!\u201d <sup>36<\/sup>Enquanto a voz ressoava, Jesus encontrou-se sozinho. Os disc\u00edpulos ficaram calados e naqueles dias n\u00e3o contaram a ningu\u00e9m nada do que tinham visto.<\/p>\n<p>&nbsp;<\/p>\n<p><strong>Reflex\u00e3o<\/strong><\/p>\n<p>&nbsp;<\/p>\n<p>Hoje o evangelho nos apresenta o acontecimento belo e marcante, o da Transfigura\u00e7\u00e3o do Senhor. Jesus se transfigura enquanto rezava; uma profunda rela\u00e7\u00e3o com o Pai no retiro espiritual que Jesus vive em um monte alto em companhia de Pedro, Tiago e Jo\u00e3o. Jesus que pouco antes havia preanunciado a sua morte e ressurrei\u00e7\u00e3o, oferece aos disc\u00edpulos uma antecipa\u00e7\u00e3o de sua gl\u00f3ria. Como no batismo, tamb\u00e9m na Transfigura\u00e7\u00e3o ressoa a voz do Pai: \u201cEste \u00e9 o meu filho amado, escutai-o\u201d. a presen\u00e7a de Mois\u00e9s e Elias representam a Lei e os Profetas da Antiga Alian\u00e7a, cuja hist\u00f3ria est\u00e1 orientada para Cristo. Ele cumpre o novo \u201c\u00eaxodo\u201d, n\u00e3o rumo \u00e0 terra prometida, mas rumo ao c\u00e9u. N\u00e3o poder\u00edamos deixar de lado a interven\u00e7\u00e3o de Pedro: \u201cMestre, \u00e9 bom estamos aqui\u201d, ela representa a tentativa imposs\u00edvel de deter esta experi\u00eancia m\u00edstica. O que podemos tirar deste acontecimento? Primeiramente devemos ressaltar a import\u00e2ncia da ora\u00e7\u00e3o, sem ela, toda atividade e caridade se reduz a um ativismo. A Quaresma nos ensina a reservar um tempo para a ora\u00e7\u00e3o, tanto pessoal como comunit\u00e1ria. A ora\u00e7\u00e3o d\u00e1 al\u00edvio \u00e0 nossa vida espiritual. E ora\u00e7\u00e3o n\u00e3o \u00e9 isolamento do mundo e das suas contradi\u00e7\u00f5es, como Pedro queria fazer no Tabor, mas a ora\u00e7\u00e3o reconduz \u00e0 a\u00e7\u00e3o. Nossa vida consiste num constante subir ao monto do encontro com Deus, para depois descer trazendo o amor e a for\u00e7a que deste encontro derivam. Com o amor e a for\u00e7a n\u00f3s nos colocamos \u00e0 servi\u00e7o dos irm\u00e3os com o mesmo amor de Deus.<\/p>\n<p><strong>Pe. Paulo Eduardo J\u00e1como, SDB.<\/strong><\/p>\n","protected":false},"excerpt":{"rendered":"<p>Domingo, 16 de mar\u00e7o de 2025. &nbsp; Evangelho (Lc 9,28-36) &nbsp; \u201cEste \u00e9 o meu filho, o escolhido. Escutai o que ele diz\u201d &nbsp; Naquele&#8230;<\/p>\n","protected":false},"author":1,"featured_media":12033,"comment_status":"closed","ping_status":"closed","sticky":false,"template":"","format":"standard","meta":{"_acf_changed":false,"footnotes":""},"categories":[13],"tags":[],"class_list":["post-12032","post","type-post","status-publish","format-standard","has-post-thumbnail","hentry","category-reflexaodoevagelho"],"acf":[],"yoast_head":"<!-- This site is optimized with the Yoast SEO plugin v27.3 - https:\/\/yoast.com\/product\/yoast-seo-wordpress\/ -->\n<title>16\/03 - Este \u00e9 o meu filho, o escolhido. Escutai o que ele diz. - Pastoral Universit\u00e1ria UniSALESIANO<\/title>\n<meta name=\"robots\" content=\"index, follow, max-snippet:-1, max-image-preview:large, max-video-preview:-1\" \/>\n<link rel=\"canonical\" href=\"https:\/\/unisale.com.br\/pastoral\/16-03-este-e-o-meu-filho-o-escolhido-escutai-o-que-ele-diz\/\" \/>\n<meta property=\"og:locale\" content=\"pt_BR\" \/>\n<meta property=\"og:type\" content=\"article\" \/>\n<meta property=\"og:title\" content=\"16\/03 - Este \u00e9 o meu filho, o escolhido. Escutai o que ele diz. - Pastoral Universit\u00e1ria UniSALESIANO\" \/>\n<meta property=\"og:description\" content=\"Domingo, 16 de mar\u00e7o de 2025. &nbsp; Evangelho (Lc 9,28-36) &nbsp; \u201cEste \u00e9 o meu filho, o escolhido. Escutai o que ele diz\u201d &nbsp; Naquele...\" \/>\n<meta property=\"og:url\" content=\"https:\/\/unisale.com.br\/pastoral\/16-03-este-e-o-meu-filho-o-escolhido-escutai-o-que-ele-diz\/\" \/>\n<meta property=\"og:site_name\" content=\"Pastoral Universit\u00e1ria UniSALESIANO\" \/>\n<meta property=\"article:published_time\" content=\"2025-03-07T12:13:29+00:00\" \/>\n<meta property=\"og:image\" content=\"https:\/\/unisale.com.br\/pastoral\/wp-content\/uploads\/2025\/03\/Naquele-tempo-28bJesus-levou-consigo-Pedro-Joao-e-Tiago-e-subiu-a-montanha-para-rezar.-29Enquanto-rezava-seu-rosto-mudou-de-aparencia-e-sua-roupa-ficou-muito-branca-e-brilhante.-30Eis-que-dois.jpg\" \/>\n\t<meta property=\"og:image:width\" content=\"1120\" \/>\n\t<meta property=\"og:image:height\" content=\"1120\" \/>\n\t<meta property=\"og:image:type\" content=\"image\/jpeg\" \/>\n<meta name=\"author\" content=\"pastoral\" \/>\n<meta name=\"twitter:card\" content=\"summary_large_image\" \/>\n<meta name=\"twitter:label1\" content=\"Escrito por\" \/>\n\t<meta name=\"twitter:data1\" content=\"pastoral\" \/>\n\t<meta name=\"twitter:label2\" content=\"Est. tempo de leitura\" \/>\n\t<meta name=\"twitter:data2\" content=\"3 minutos\" \/>\n<script type=\"application\/ld+json\" class=\"yoast-schema-graph\">{\"@context\":\"https:\\\/\\\/schema.org\",\"@graph\":[{\"@type\":\"Article\",\"@id\":\"https:\\\/\\\/unisale.com.br\\\/pastoral\\\/16-03-este-e-o-meu-filho-o-escolhido-escutai-o-que-ele-diz\\\/#article\",\"isPartOf\":{\"@id\":\"https:\\\/\\\/unisale.com.br\\\/pastoral\\\/16-03-este-e-o-meu-filho-o-escolhido-escutai-o-que-ele-diz\\\/\"},\"author\":{\"name\":\"pastoral\",\"@id\":\"https:\\\/\\\/unisale.com.br\\\/pastoral\\\/#\\\/schema\\\/person\\\/a16ba711a0f7dec9cb6b44563144d5a3\"},\"headline\":\"16\\\/03 &#8211; Este \u00e9 o meu filho, o escolhido. Escutai o que ele diz.\",\"datePublished\":\"2025-03-07T12:13:29+00:00\",\"mainEntityOfPage\":{\"@id\":\"https:\\\/\\\/unisale.com.br\\\/pastoral\\\/16-03-este-e-o-meu-filho-o-escolhido-escutai-o-que-ele-diz\\\/\"},\"wordCount\":523,\"image\":{\"@id\":\"https:\\\/\\\/unisale.com.br\\\/pastoral\\\/16-03-este-e-o-meu-filho-o-escolhido-escutai-o-que-ele-diz\\\/#primaryimage\"},\"thumbnailUrl\":\"https:\\\/\\\/unisale.com.br\\\/pastoral\\\/wp-content\\\/uploads\\\/2025\\\/03\\\/Naquele-tempo-28bJesus-levou-consigo-Pedro-Joao-e-Tiago-e-subiu-a-montanha-para-rezar.-29Enquanto-rezava-seu-rosto-mudou-de-aparencia-e-sua-roupa-ficou-muito-branca-e-brilhante.-30Eis-que-dois.jpg\",\"articleSection\":[\"Reflex\u00e3o do Evangelho\"],\"inLanguage\":\"pt-BR\"},{\"@type\":\"WebPage\",\"@id\":\"https:\\\/\\\/unisale.com.br\\\/pastoral\\\/16-03-este-e-o-meu-filho-o-escolhido-escutai-o-que-ele-diz\\\/\",\"url\":\"https:\\\/\\\/unisale.com.br\\\/pastoral\\\/16-03-este-e-o-meu-filho-o-escolhido-escutai-o-que-ele-diz\\\/\",\"name\":\"16\\\/03 - Este \u00e9 o meu filho, o escolhido. Escutai o que ele diz. - Pastoral Universit\u00e1ria UniSALESIANO\",\"isPartOf\":{\"@id\":\"https:\\\/\\\/unisale.com.br\\\/pastoral\\\/#website\"},\"primaryImageOfPage\":{\"@id\":\"https:\\\/\\\/unisale.com.br\\\/pastoral\\\/16-03-este-e-o-meu-filho-o-escolhido-escutai-o-que-ele-diz\\\/#primaryimage\"},\"image\":{\"@id\":\"https:\\\/\\\/unisale.com.br\\\/pastoral\\\/16-03-este-e-o-meu-filho-o-escolhido-escutai-o-que-ele-diz\\\/#primaryimage\"},\"thumbnailUrl\":\"https:\\\/\\\/unisale.com.br\\\/pastoral\\\/wp-content\\\/uploads\\\/2025\\\/03\\\/Naquele-tempo-28bJesus-levou-consigo-Pedro-Joao-e-Tiago-e-subiu-a-montanha-para-rezar.-29Enquanto-rezava-seu-rosto-mudou-de-aparencia-e-sua-roupa-ficou-muito-branca-e-brilhante.-30Eis-que-dois.jpg\",\"datePublished\":\"2025-03-07T12:13:29+00:00\",\"author\":{\"@id\":\"https:\\\/\\\/unisale.com.br\\\/pastoral\\\/#\\\/schema\\\/person\\\/a16ba711a0f7dec9cb6b44563144d5a3\"},\"inLanguage\":\"pt-BR\",\"potentialAction\":[{\"@type\":\"ReadAction\",\"target\":[\"https:\\\/\\\/unisale.com.br\\\/pastoral\\\/16-03-este-e-o-meu-filho-o-escolhido-escutai-o-que-ele-diz\\\/\"]}]},{\"@type\":\"ImageObject\",\"inLanguage\":\"pt-BR\",\"@id\":\"https:\\\/\\\/unisale.com.br\\\/pastoral\\\/16-03-este-e-o-meu-filho-o-escolhido-escutai-o-que-ele-diz\\\/#primaryimage\",\"url\":\"https:\\\/\\\/unisale.com.br\\\/pastoral\\\/wp-content\\\/uploads\\\/2025\\\/03\\\/Naquele-tempo-28bJesus-levou-consigo-Pedro-Joao-e-Tiago-e-subiu-a-montanha-para-rezar.-29Enquanto-rezava-seu-rosto-mudou-de-aparencia-e-sua-roupa-ficou-muito-branca-e-brilhante.-30Eis-que-dois.jpg\",\"contentUrl\":\"https:\\\/\\\/unisale.com.br\\\/pastoral\\\/wp-content\\\/uploads\\\/2025\\\/03\\\/Naquele-tempo-28bJesus-levou-consigo-Pedro-Joao-e-Tiago-e-subiu-a-montanha-para-rezar.-29Enquanto-rezava-seu-rosto-mudou-de-aparencia-e-sua-roupa-ficou-muito-branca-e-brilhante.-30Eis-que-dois.jpg\",\"width\":500,\"height\":500},{\"@type\":\"WebSite\",\"@id\":\"https:\\\/\\\/unisale.com.br\\\/pastoral\\\/#website\",\"url\":\"https:\\\/\\\/unisale.com.br\\\/pastoral\\\/\",\"name\":\"Pastoral Universit\u00e1ria UniSALESIANO\",\"description\":\"Site da Pastoral Universit\u00e1ria do UniSALESIANO\",\"potentialAction\":[{\"@type\":\"SearchAction\",\"target\":{\"@type\":\"EntryPoint\",\"urlTemplate\":\"https:\\\/\\\/unisale.com.br\\\/pastoral\\\/?s={search_term_string}\"},\"query-input\":{\"@type\":\"PropertyValueSpecification\",\"valueRequired\":true,\"valueName\":\"search_term_string\"}}],\"inLanguage\":\"pt-BR\"},{\"@type\":\"Person\",\"@id\":\"https:\\\/\\\/unisale.com.br\\\/pastoral\\\/#\\\/schema\\\/person\\\/a16ba711a0f7dec9cb6b44563144d5a3\",\"name\":\"pastoral\",\"url\":\"https:\\\/\\\/unisale.com.br\\\/pastoral\\\/author\\\/pastoral\\\/\"}]}<\/script>\n<!-- \/ Yoast SEO plugin. -->","yoast_head_json":{"title":"16\/03 - Este \u00e9 o meu filho, o escolhido. Escutai o que ele diz. - Pastoral Universit\u00e1ria UniSALESIANO","robots":{"index":"index","follow":"follow","max-snippet":"max-snippet:-1","max-image-preview":"max-image-preview:large","max-video-preview":"max-video-preview:-1"},"canonical":"https:\/\/unisale.com.br\/pastoral\/16-03-este-e-o-meu-filho-o-escolhido-escutai-o-que-ele-diz\/","og_locale":"pt_BR","og_type":"article","og_title":"16\/03 - Este \u00e9 o meu filho, o escolhido. Escutai o que ele diz. - Pastoral Universit\u00e1ria UniSALESIANO","og_description":"Domingo, 16 de mar\u00e7o de 2025. &nbsp; Evangelho (Lc 9,28-36) &nbsp; \u201cEste \u00e9 o meu filho, o escolhido. Escutai o que ele diz\u201d &nbsp; Naquele...","og_url":"https:\/\/unisale.com.br\/pastoral\/16-03-este-e-o-meu-filho-o-escolhido-escutai-o-que-ele-diz\/","og_site_name":"Pastoral Universit\u00e1ria UniSALESIANO","article_published_time":"2025-03-07T12:13:29+00:00","og_image":[{"width":1120,"height":1120,"url":"https:\/\/unisale.com.br\/pastoral\/wp-content\/uploads\/2025\/03\/Naquele-tempo-28bJesus-levou-consigo-Pedro-Joao-e-Tiago-e-subiu-a-montanha-para-rezar.-29Enquanto-rezava-seu-rosto-mudou-de-aparencia-e-sua-roupa-ficou-muito-branca-e-brilhante.-30Eis-que-dois.jpg","type":"image\/jpeg"}],"author":"pastoral","twitter_card":"summary_large_image","twitter_misc":{"Escrito por":"pastoral","Est. tempo de leitura":"3 minutos"},"schema":{"@context":"https:\/\/schema.org","@graph":[{"@type":"Article","@id":"https:\/\/unisale.com.br\/pastoral\/16-03-este-e-o-meu-filho-o-escolhido-escutai-o-que-ele-diz\/#article","isPartOf":{"@id":"https:\/\/unisale.com.br\/pastoral\/16-03-este-e-o-meu-filho-o-escolhido-escutai-o-que-ele-diz\/"},"author":{"name":"pastoral","@id":"https:\/\/unisale.com.br\/pastoral\/#\/schema\/person\/a16ba711a0f7dec9cb6b44563144d5a3"},"headline":"16\/03 &#8211; Este \u00e9 o meu filho, o escolhido. Escutai o que ele diz.","datePublished":"2025-03-07T12:13:29+00:00","mainEntityOfPage":{"@id":"https:\/\/unisale.com.br\/pastoral\/16-03-este-e-o-meu-filho-o-escolhido-escutai-o-que-ele-diz\/"},"wordCount":523,"image":{"@id":"https:\/\/unisale.com.br\/pastoral\/16-03-este-e-o-meu-filho-o-escolhido-escutai-o-que-ele-diz\/#primaryimage"},"thumbnailUrl":"https:\/\/unisale.com.br\/pastoral\/wp-content\/uploads\/2025\/03\/Naquele-tempo-28bJesus-levou-consigo-Pedro-Joao-e-Tiago-e-subiu-a-montanha-para-rezar.-29Enquanto-rezava-seu-rosto-mudou-de-aparencia-e-sua-roupa-ficou-muito-branca-e-brilhante.-30Eis-que-dois.jpg","articleSection":["Reflex\u00e3o do Evangelho"],"inLanguage":"pt-BR"},{"@type":"WebPage","@id":"https:\/\/unisale.com.br\/pastoral\/16-03-este-e-o-meu-filho-o-escolhido-escutai-o-que-ele-diz\/","url":"https:\/\/unisale.com.br\/pastoral\/16-03-este-e-o-meu-filho-o-escolhido-escutai-o-que-ele-diz\/","name":"16\/03 - Este \u00e9 o meu filho, o escolhido. Escutai o que ele diz. - Pastoral Universit\u00e1ria UniSALESIANO","isPartOf":{"@id":"https:\/\/unisale.com.br\/pastoral\/#website"},"primaryImageOfPage":{"@id":"https:\/\/unisale.com.br\/pastoral\/16-03-este-e-o-meu-filho-o-escolhido-escutai-o-que-ele-diz\/#primaryimage"},"image":{"@id":"https:\/\/unisale.com.br\/pastoral\/16-03-este-e-o-meu-filho-o-escolhido-escutai-o-que-ele-diz\/#primaryimage"},"thumbnailUrl":"https:\/\/unisale.com.br\/pastoral\/wp-content\/uploads\/2025\/03\/Naquele-tempo-28bJesus-levou-consigo-Pedro-Joao-e-Tiago-e-subiu-a-montanha-para-rezar.-29Enquanto-rezava-seu-rosto-mudou-de-aparencia-e-sua-roupa-ficou-muito-branca-e-brilhante.-30Eis-que-dois.jpg","datePublished":"2025-03-07T12:13:29+00:00","author":{"@id":"https:\/\/unisale.com.br\/pastoral\/#\/schema\/person\/a16ba711a0f7dec9cb6b44563144d5a3"},"inLanguage":"pt-BR","potentialAction":[{"@type":"ReadAction","target":["https:\/\/unisale.com.br\/pastoral\/16-03-este-e-o-meu-filho-o-escolhido-escutai-o-que-ele-diz\/"]}]},{"@type":"ImageObject","inLanguage":"pt-BR","@id":"https:\/\/unisale.com.br\/pastoral\/16-03-este-e-o-meu-filho-o-escolhido-escutai-o-que-ele-diz\/#primaryimage","url":"https:\/\/unisale.com.br\/pastoral\/wp-content\/uploads\/2025\/03\/Naquele-tempo-28bJesus-levou-consigo-Pedro-Joao-e-Tiago-e-subiu-a-montanha-para-rezar.-29Enquanto-rezava-seu-rosto-mudou-de-aparencia-e-sua-roupa-ficou-muito-branca-e-brilhante.-30Eis-que-dois.jpg","contentUrl":"https:\/\/unisale.com.br\/pastoral\/wp-content\/uploads\/2025\/03\/Naquele-tempo-28bJesus-levou-consigo-Pedro-Joao-e-Tiago-e-subiu-a-montanha-para-rezar.-29Enquanto-rezava-seu-rosto-mudou-de-aparencia-e-sua-roupa-ficou-muito-branca-e-brilhante.-30Eis-que-dois.jpg","width":500,"height":500},{"@type":"WebSite","@id":"https:\/\/unisale.com.br\/pastoral\/#website","url":"https:\/\/unisale.com.br\/pastoral\/","name":"Pastoral Universit\u00e1ria UniSALESIANO","description":"Site da Pastoral Universit\u00e1ria do UniSALESIANO","potentialAction":[{"@type":"SearchAction","target":{"@type":"EntryPoint","urlTemplate":"https:\/\/unisale.com.br\/pastoral\/?s={search_term_string}"},"query-input":{"@type":"PropertyValueSpecification","valueRequired":true,"valueName":"search_term_string"}}],"inLanguage":"pt-BR"},{"@type":"Person","@id":"https:\/\/unisale.com.br\/pastoral\/#\/schema\/person\/a16ba711a0f7dec9cb6b44563144d5a3","name":"pastoral","url":"https:\/\/unisale.com.br\/pastoral\/author\/pastoral\/"}]}},"_links":{"self":[{"href":"https:\/\/unisale.com.br\/pastoral\/wp-json\/wp\/v2\/posts\/12032","targetHints":{"allow":["GET"]}}],"collection":[{"href":"https:\/\/unisale.com.br\/pastoral\/wp-json\/wp\/v2\/posts"}],"about":[{"href":"https:\/\/unisale.com.br\/pastoral\/wp-json\/wp\/v2\/types\/post"}],"author":[{"embeddable":true,"href":"https:\/\/unisale.com.br\/pastoral\/wp-json\/wp\/v2\/users\/1"}],"replies":[{"embeddable":true,"href":"https:\/\/unisale.com.br\/pastoral\/wp-json\/wp\/v2\/comments?post=12032"}],"version-history":[{"count":1,"href":"https:\/\/unisale.com.br\/pastoral\/wp-json\/wp\/v2\/posts\/12032\/revisions"}],"predecessor-version":[{"id":12034,"href":"https:\/\/unisale.com.br\/pastoral\/wp-json\/wp\/v2\/posts\/12032\/revisions\/12034"}],"wp:featuredmedia":[{"embeddable":true,"href":"https:\/\/unisale.com.br\/pastoral\/wp-json\/wp\/v2\/media\/12033"}],"wp:attachment":[{"href":"https:\/\/unisale.com.br\/pastoral\/wp-json\/wp\/v2\/media?parent=12032"}],"wp:term":[{"taxonomy":"category","embeddable":true,"href":"https:\/\/unisale.com.br\/pastoral\/wp-json\/wp\/v2\/categories?post=12032"},{"taxonomy":"post_tag","embeddable":true,"href":"https:\/\/unisale.com.br\/pastoral\/wp-json\/wp\/v2\/tags?post=12032"}],"curies":[{"name":"wp","href":"https:\/\/api.w.org\/{rel}","templated":true}]}}