{"id":12035,"date":"2025-03-07T12:42:04","date_gmt":"2025-03-07T12:42:04","guid":{"rendered":"https:\/\/unisale.com.br\/pastoral\/?p=12035"},"modified":"2025-03-07T12:42:04","modified_gmt":"2025-03-07T12:42:04","slug":"17-03-perdoai-e-sereis-perdoados","status":"publish","type":"post","link":"https:\/\/unisale.com.br\/pastoral\/17-03-perdoai-e-sereis-perdoados\/","title":{"rendered":"17\/03 &#8211; &#8230;perdoai e sereis perdoados."},"content":{"rendered":"<p>Segunda-feira, 17 de mar\u00e7o de 2025.<\/p>\n<p>&nbsp;<\/p>\n<p>Evangelho (Lc 6,36-38)<\/p>\n<p>&nbsp;<\/p>\n<p><strong>\u201c&#8230;perdoai e sereis perdoados\u201d<\/strong><\/p>\n<p>&nbsp;<\/p>\n<p>Naquele tempo, disse Jesus aos seus disc\u00edpulos: <sup>36<\/sup>\u201cSede misericordiosos, como tamb\u00e9m o vosso Pai \u00e9 misericordioso. <sup>37<\/sup>N\u00e3o julgueis e n\u00e3o sereis julgados; n\u00e3o condeneis e n\u00e3o sereis condenados; perdoai, e sereis perdoados. <sup>38<\/sup>Dai e vos ser\u00e1 dado. Uma boa medida, calcada, sacudida, transbordante ser\u00e1 colocada no vosso colo; porque com a mesma medida com que medirdes os outros, v\u00f3s tamb\u00e9m sereis medidos\u201d.<\/p>\n<p>&nbsp;<\/p>\n<p><strong>Reflex\u00e3o<\/strong><\/p>\n<p>&nbsp;<\/p>\n<p>\u201cSede misericordiosos, como tamb\u00e9m o vosso Pai \u00e9 misericordioso.\u201d<\/p>\n<p>&nbsp;<\/p>\n<p>Poderia parecer presun\u00e7oso o pedido de ser como o Pai. Quem de n\u00f3s pode ter a pretens\u00e3o de comportar-se como Deus? No entanto a santidade consiste exatamente no pensar e agir como Deus pensa e age. Mas isso sem buscar ser sensacionalista. O milagre ao qual somos chamados \u00e9 aquele de nos tornarmos iguais a Deus na miseric\u00f3rdia, na ren\u00fancia do julgamento e da condena\u00e7\u00e3o, na capacidade de perdoar: <sup>\u201c<\/sup>N\u00e3o julgueis e n\u00e3o sereis julgados; n\u00e3o condeneis e n\u00e3o sereis condenados; perdoai, e sereis perdoados\u201d. Mas talvez a coisa que mais nos faz ser como Deus \u00e9 a invers\u00e3o daquela que \u00e9 a \u00edndole predat\u00f3ria que cada um de n\u00f3s tr\u00e1s dentro de si. De fato, nos \u00e9 natural pensar que est\u00e1 no verbo \u201cter\u201d a raiz da felicidade. O Evangelho ao inv\u00e9s nos ensina o contr\u00e1rio, ensina que o que realmente realiza todo homem na sua humanidade \u00e9 se este est\u00e1 disposto a \u201cdar\u201d e n\u00e3o a \u201ctirar\u201d: \u201cDai e vos ser\u00e1 dado. Uma boa medida, calcada, sacudida, transbordante ser\u00e1 colocada no vosso colo; porque com a mesma medida com que medirdes os outros, v\u00f3s tamb\u00e9m sereis medidos\u201d. Mas a sabedoria de um similar pedido se apoia um assunto universal, valido para cada um de n\u00f3s: \u201cTe ser\u00e1 feito exatamente como tu far\u00e1s ao teu pr\u00f3ximo\u201d. Somente quando as consequ\u00eancias das nossas escolhas recaem sobre n\u00f3s mesmos \u00e9 que nos conscientizamos se foram boas ou n\u00e3o. At\u00e9 que fa\u00e7amos aos outros as coisas que n\u00e3o sentimos na nossa pele, agora arriscamos de desejar para n\u00f3s miseric\u00f3rdia e reservamos aos outros o ju\u00edzo e a dureza. Neste sentido Jesus, no Evangelho de hoje, parece nos recordar que ainda uma vez podemos separar os tr\u00eas amores com os quais somos chamados a viver a nossa vida: o amor a Deus, o amor ao pr\u00f3ximo e o amor a n\u00f3s mesmos.\u00a0 N\u00e3o podemos desejar sermos amados por Deus se n\u00e3o amamos o nosso pr\u00f3ximo, mas podemos amar o nosso pr\u00f3ximo somente se o amamos como a n\u00f3s mesmos.<\/p>\n<p><strong>Pe. Paulo Eduardo J\u00e1como, SDB.<\/strong><\/p>\n","protected":false},"excerpt":{"rendered":"<p>Segunda-feira, 17 de mar\u00e7o de 2025. &nbsp; Evangelho (Lc 6,36-38) &nbsp; \u201c&#8230;perdoai e sereis perdoados\u201d &nbsp; Naquele tempo, disse Jesus aos seus disc\u00edpulos: 36\u201cSede misericordiosos,&#8230;<\/p>\n","protected":false},"author":1,"featured_media":12036,"comment_status":"closed","ping_status":"closed","sticky":false,"template":"","format":"standard","meta":{"_acf_changed":false,"footnotes":""},"categories":[13],"tags":[],"class_list":["post-12035","post","type-post","status-publish","format-standard","has-post-thumbnail","hentry","category-reflexaodoevagelho"],"acf":[],"yoast_head":"<!-- This site is optimized with the Yoast SEO plugin v27.3 - https:\/\/yoast.com\/product\/yoast-seo-wordpress\/ -->\n<title>17\/03 - ...perdoai e sereis perdoados. - Pastoral Universit\u00e1ria UniSALESIANO<\/title>\n<meta name=\"robots\" content=\"index, follow, max-snippet:-1, max-image-preview:large, max-video-preview:-1\" \/>\n<link rel=\"canonical\" href=\"https:\/\/unisale.com.br\/pastoral\/17-03-perdoai-e-sereis-perdoados\/\" \/>\n<meta property=\"og:locale\" content=\"pt_BR\" \/>\n<meta property=\"og:type\" content=\"article\" \/>\n<meta property=\"og:title\" content=\"17\/03 - ...perdoai e sereis perdoados. - Pastoral Universit\u00e1ria UniSALESIANO\" \/>\n<meta property=\"og:description\" content=\"Segunda-feira, 17 de mar\u00e7o de 2025. &nbsp; Evangelho (Lc 6,36-38) &nbsp; \u201c&#8230;perdoai e sereis perdoados\u201d &nbsp; Naquele tempo, disse Jesus aos seus disc\u00edpulos: 36\u201cSede misericordiosos,...\" \/>\n<meta property=\"og:url\" content=\"https:\/\/unisale.com.br\/pastoral\/17-03-perdoai-e-sereis-perdoados\/\" \/>\n<meta property=\"og:site_name\" content=\"Pastoral Universit\u00e1ria UniSALESIANO\" \/>\n<meta property=\"article:published_time\" content=\"2025-03-07T12:42:04+00:00\" \/>\n<meta property=\"og:image\" content=\"https:\/\/unisale.com.br\/pastoral\/wp-content\/uploads\/2025\/03\/Naquele-tempo-disse-Jesus-aos-seus-discipulos_-36Sede-misericordiosos-como-tambem-o-vosso-Pai-e-misericordioso.-37Nao-julgueis-e-nao-sereis-julgados-nao-condeneis-e-nao-sereis-condenados-perd.jpg\" \/>\n\t<meta property=\"og:image:width\" content=\"1120\" \/>\n\t<meta property=\"og:image:height\" content=\"1120\" \/>\n\t<meta property=\"og:image:type\" content=\"image\/jpeg\" \/>\n<meta name=\"author\" content=\"pastoral\" \/>\n<meta name=\"twitter:card\" content=\"summary_large_image\" \/>\n<meta name=\"twitter:label1\" content=\"Escrito por\" \/>\n\t<meta name=\"twitter:data1\" content=\"pastoral\" \/>\n\t<meta name=\"twitter:label2\" content=\"Est. tempo de leitura\" \/>\n\t<meta name=\"twitter:data2\" content=\"3 minutos\" \/>\n<script type=\"application\/ld+json\" class=\"yoast-schema-graph\">{\"@context\":\"https:\\\/\\\/schema.org\",\"@graph\":[{\"@type\":\"Article\",\"@id\":\"https:\\\/\\\/unisale.com.br\\\/pastoral\\\/17-03-perdoai-e-sereis-perdoados\\\/#article\",\"isPartOf\":{\"@id\":\"https:\\\/\\\/unisale.com.br\\\/pastoral\\\/17-03-perdoai-e-sereis-perdoados\\\/\"},\"author\":{\"name\":\"pastoral\",\"@id\":\"https:\\\/\\\/unisale.com.br\\\/pastoral\\\/#\\\/schema\\\/person\\\/a16ba711a0f7dec9cb6b44563144d5a3\"},\"headline\":\"17\\\/03 &#8211; &#8230;perdoai e sereis perdoados.\",\"datePublished\":\"2025-03-07T12:42:04+00:00\",\"mainEntityOfPage\":{\"@id\":\"https:\\\/\\\/unisale.com.br\\\/pastoral\\\/17-03-perdoai-e-sereis-perdoados\\\/\"},\"wordCount\":477,\"image\":{\"@id\":\"https:\\\/\\\/unisale.com.br\\\/pastoral\\\/17-03-perdoai-e-sereis-perdoados\\\/#primaryimage\"},\"thumbnailUrl\":\"https:\\\/\\\/unisale.com.br\\\/pastoral\\\/wp-content\\\/uploads\\\/2025\\\/03\\\/Naquele-tempo-disse-Jesus-aos-seus-discipulos_-36Sede-misericordiosos-como-tambem-o-vosso-Pai-e-misericordioso.-37Nao-julgueis-e-nao-sereis-julgados-nao-condeneis-e-nao-sereis-condenados-perd.jpg\",\"articleSection\":[\"Reflex\u00e3o do Evangelho\"],\"inLanguage\":\"pt-BR\"},{\"@type\":\"WebPage\",\"@id\":\"https:\\\/\\\/unisale.com.br\\\/pastoral\\\/17-03-perdoai-e-sereis-perdoados\\\/\",\"url\":\"https:\\\/\\\/unisale.com.br\\\/pastoral\\\/17-03-perdoai-e-sereis-perdoados\\\/\",\"name\":\"17\\\/03 - ...perdoai e sereis perdoados. - Pastoral Universit\u00e1ria UniSALESIANO\",\"isPartOf\":{\"@id\":\"https:\\\/\\\/unisale.com.br\\\/pastoral\\\/#website\"},\"primaryImageOfPage\":{\"@id\":\"https:\\\/\\\/unisale.com.br\\\/pastoral\\\/17-03-perdoai-e-sereis-perdoados\\\/#primaryimage\"},\"image\":{\"@id\":\"https:\\\/\\\/unisale.com.br\\\/pastoral\\\/17-03-perdoai-e-sereis-perdoados\\\/#primaryimage\"},\"thumbnailUrl\":\"https:\\\/\\\/unisale.com.br\\\/pastoral\\\/wp-content\\\/uploads\\\/2025\\\/03\\\/Naquele-tempo-disse-Jesus-aos-seus-discipulos_-36Sede-misericordiosos-como-tambem-o-vosso-Pai-e-misericordioso.-37Nao-julgueis-e-nao-sereis-julgados-nao-condeneis-e-nao-sereis-condenados-perd.jpg\",\"datePublished\":\"2025-03-07T12:42:04+00:00\",\"author\":{\"@id\":\"https:\\\/\\\/unisale.com.br\\\/pastoral\\\/#\\\/schema\\\/person\\\/a16ba711a0f7dec9cb6b44563144d5a3\"},\"inLanguage\":\"pt-BR\",\"potentialAction\":[{\"@type\":\"ReadAction\",\"target\":[\"https:\\\/\\\/unisale.com.br\\\/pastoral\\\/17-03-perdoai-e-sereis-perdoados\\\/\"]}]},{\"@type\":\"ImageObject\",\"inLanguage\":\"pt-BR\",\"@id\":\"https:\\\/\\\/unisale.com.br\\\/pastoral\\\/17-03-perdoai-e-sereis-perdoados\\\/#primaryimage\",\"url\":\"https:\\\/\\\/unisale.com.br\\\/pastoral\\\/wp-content\\\/uploads\\\/2025\\\/03\\\/Naquele-tempo-disse-Jesus-aos-seus-discipulos_-36Sede-misericordiosos-como-tambem-o-vosso-Pai-e-misericordioso.-37Nao-julgueis-e-nao-sereis-julgados-nao-condeneis-e-nao-sereis-condenados-perd.jpg\",\"contentUrl\":\"https:\\\/\\\/unisale.com.br\\\/pastoral\\\/wp-content\\\/uploads\\\/2025\\\/03\\\/Naquele-tempo-disse-Jesus-aos-seus-discipulos_-36Sede-misericordiosos-como-tambem-o-vosso-Pai-e-misericordioso.-37Nao-julgueis-e-nao-sereis-julgados-nao-condeneis-e-nao-sereis-condenados-perd.jpg\",\"width\":500,\"height\":500},{\"@type\":\"WebSite\",\"@id\":\"https:\\\/\\\/unisale.com.br\\\/pastoral\\\/#website\",\"url\":\"https:\\\/\\\/unisale.com.br\\\/pastoral\\\/\",\"name\":\"Pastoral Universit\u00e1ria UniSALESIANO\",\"description\":\"Site da Pastoral Universit\u00e1ria do UniSALESIANO\",\"potentialAction\":[{\"@type\":\"SearchAction\",\"target\":{\"@type\":\"EntryPoint\",\"urlTemplate\":\"https:\\\/\\\/unisale.com.br\\\/pastoral\\\/?s={search_term_string}\"},\"query-input\":{\"@type\":\"PropertyValueSpecification\",\"valueRequired\":true,\"valueName\":\"search_term_string\"}}],\"inLanguage\":\"pt-BR\"},{\"@type\":\"Person\",\"@id\":\"https:\\\/\\\/unisale.com.br\\\/pastoral\\\/#\\\/schema\\\/person\\\/a16ba711a0f7dec9cb6b44563144d5a3\",\"name\":\"pastoral\",\"url\":\"https:\\\/\\\/unisale.com.br\\\/pastoral\\\/author\\\/pastoral\\\/\"}]}<\/script>\n<!-- \/ Yoast SEO plugin. -->","yoast_head_json":{"title":"17\/03 - ...perdoai e sereis perdoados. - Pastoral Universit\u00e1ria UniSALESIANO","robots":{"index":"index","follow":"follow","max-snippet":"max-snippet:-1","max-image-preview":"max-image-preview:large","max-video-preview":"max-video-preview:-1"},"canonical":"https:\/\/unisale.com.br\/pastoral\/17-03-perdoai-e-sereis-perdoados\/","og_locale":"pt_BR","og_type":"article","og_title":"17\/03 - ...perdoai e sereis perdoados. - Pastoral Universit\u00e1ria UniSALESIANO","og_description":"Segunda-feira, 17 de mar\u00e7o de 2025. &nbsp; Evangelho (Lc 6,36-38) &nbsp; \u201c&#8230;perdoai e sereis perdoados\u201d &nbsp; Naquele tempo, disse Jesus aos seus disc\u00edpulos: 36\u201cSede misericordiosos,...","og_url":"https:\/\/unisale.com.br\/pastoral\/17-03-perdoai-e-sereis-perdoados\/","og_site_name":"Pastoral Universit\u00e1ria UniSALESIANO","article_published_time":"2025-03-07T12:42:04+00:00","og_image":[{"width":1120,"height":1120,"url":"https:\/\/unisale.com.br\/pastoral\/wp-content\/uploads\/2025\/03\/Naquele-tempo-disse-Jesus-aos-seus-discipulos_-36Sede-misericordiosos-como-tambem-o-vosso-Pai-e-misericordioso.-37Nao-julgueis-e-nao-sereis-julgados-nao-condeneis-e-nao-sereis-condenados-perd.jpg","type":"image\/jpeg"}],"author":"pastoral","twitter_card":"summary_large_image","twitter_misc":{"Escrito por":"pastoral","Est. tempo de leitura":"3 minutos"},"schema":{"@context":"https:\/\/schema.org","@graph":[{"@type":"Article","@id":"https:\/\/unisale.com.br\/pastoral\/17-03-perdoai-e-sereis-perdoados\/#article","isPartOf":{"@id":"https:\/\/unisale.com.br\/pastoral\/17-03-perdoai-e-sereis-perdoados\/"},"author":{"name":"pastoral","@id":"https:\/\/unisale.com.br\/pastoral\/#\/schema\/person\/a16ba711a0f7dec9cb6b44563144d5a3"},"headline":"17\/03 &#8211; &#8230;perdoai e sereis perdoados.","datePublished":"2025-03-07T12:42:04+00:00","mainEntityOfPage":{"@id":"https:\/\/unisale.com.br\/pastoral\/17-03-perdoai-e-sereis-perdoados\/"},"wordCount":477,"image":{"@id":"https:\/\/unisale.com.br\/pastoral\/17-03-perdoai-e-sereis-perdoados\/#primaryimage"},"thumbnailUrl":"https:\/\/unisale.com.br\/pastoral\/wp-content\/uploads\/2025\/03\/Naquele-tempo-disse-Jesus-aos-seus-discipulos_-36Sede-misericordiosos-como-tambem-o-vosso-Pai-e-misericordioso.-37Nao-julgueis-e-nao-sereis-julgados-nao-condeneis-e-nao-sereis-condenados-perd.jpg","articleSection":["Reflex\u00e3o do Evangelho"],"inLanguage":"pt-BR"},{"@type":"WebPage","@id":"https:\/\/unisale.com.br\/pastoral\/17-03-perdoai-e-sereis-perdoados\/","url":"https:\/\/unisale.com.br\/pastoral\/17-03-perdoai-e-sereis-perdoados\/","name":"17\/03 - ...perdoai e sereis perdoados. - Pastoral Universit\u00e1ria UniSALESIANO","isPartOf":{"@id":"https:\/\/unisale.com.br\/pastoral\/#website"},"primaryImageOfPage":{"@id":"https:\/\/unisale.com.br\/pastoral\/17-03-perdoai-e-sereis-perdoados\/#primaryimage"},"image":{"@id":"https:\/\/unisale.com.br\/pastoral\/17-03-perdoai-e-sereis-perdoados\/#primaryimage"},"thumbnailUrl":"https:\/\/unisale.com.br\/pastoral\/wp-content\/uploads\/2025\/03\/Naquele-tempo-disse-Jesus-aos-seus-discipulos_-36Sede-misericordiosos-como-tambem-o-vosso-Pai-e-misericordioso.-37Nao-julgueis-e-nao-sereis-julgados-nao-condeneis-e-nao-sereis-condenados-perd.jpg","datePublished":"2025-03-07T12:42:04+00:00","author":{"@id":"https:\/\/unisale.com.br\/pastoral\/#\/schema\/person\/a16ba711a0f7dec9cb6b44563144d5a3"},"inLanguage":"pt-BR","potentialAction":[{"@type":"ReadAction","target":["https:\/\/unisale.com.br\/pastoral\/17-03-perdoai-e-sereis-perdoados\/"]}]},{"@type":"ImageObject","inLanguage":"pt-BR","@id":"https:\/\/unisale.com.br\/pastoral\/17-03-perdoai-e-sereis-perdoados\/#primaryimage","url":"https:\/\/unisale.com.br\/pastoral\/wp-content\/uploads\/2025\/03\/Naquele-tempo-disse-Jesus-aos-seus-discipulos_-36Sede-misericordiosos-como-tambem-o-vosso-Pai-e-misericordioso.-37Nao-julgueis-e-nao-sereis-julgados-nao-condeneis-e-nao-sereis-condenados-perd.jpg","contentUrl":"https:\/\/unisale.com.br\/pastoral\/wp-content\/uploads\/2025\/03\/Naquele-tempo-disse-Jesus-aos-seus-discipulos_-36Sede-misericordiosos-como-tambem-o-vosso-Pai-e-misericordioso.-37Nao-julgueis-e-nao-sereis-julgados-nao-condeneis-e-nao-sereis-condenados-perd.jpg","width":500,"height":500},{"@type":"WebSite","@id":"https:\/\/unisale.com.br\/pastoral\/#website","url":"https:\/\/unisale.com.br\/pastoral\/","name":"Pastoral Universit\u00e1ria UniSALESIANO","description":"Site da Pastoral Universit\u00e1ria do UniSALESIANO","potentialAction":[{"@type":"SearchAction","target":{"@type":"EntryPoint","urlTemplate":"https:\/\/unisale.com.br\/pastoral\/?s={search_term_string}"},"query-input":{"@type":"PropertyValueSpecification","valueRequired":true,"valueName":"search_term_string"}}],"inLanguage":"pt-BR"},{"@type":"Person","@id":"https:\/\/unisale.com.br\/pastoral\/#\/schema\/person\/a16ba711a0f7dec9cb6b44563144d5a3","name":"pastoral","url":"https:\/\/unisale.com.br\/pastoral\/author\/pastoral\/"}]}},"_links":{"self":[{"href":"https:\/\/unisale.com.br\/pastoral\/wp-json\/wp\/v2\/posts\/12035","targetHints":{"allow":["GET"]}}],"collection":[{"href":"https:\/\/unisale.com.br\/pastoral\/wp-json\/wp\/v2\/posts"}],"about":[{"href":"https:\/\/unisale.com.br\/pastoral\/wp-json\/wp\/v2\/types\/post"}],"author":[{"embeddable":true,"href":"https:\/\/unisale.com.br\/pastoral\/wp-json\/wp\/v2\/users\/1"}],"replies":[{"embeddable":true,"href":"https:\/\/unisale.com.br\/pastoral\/wp-json\/wp\/v2\/comments?post=12035"}],"version-history":[{"count":1,"href":"https:\/\/unisale.com.br\/pastoral\/wp-json\/wp\/v2\/posts\/12035\/revisions"}],"predecessor-version":[{"id":12037,"href":"https:\/\/unisale.com.br\/pastoral\/wp-json\/wp\/v2\/posts\/12035\/revisions\/12037"}],"wp:featuredmedia":[{"embeddable":true,"href":"https:\/\/unisale.com.br\/pastoral\/wp-json\/wp\/v2\/media\/12036"}],"wp:attachment":[{"href":"https:\/\/unisale.com.br\/pastoral\/wp-json\/wp\/v2\/media?parent=12035"}],"wp:term":[{"taxonomy":"category","embeddable":true,"href":"https:\/\/unisale.com.br\/pastoral\/wp-json\/wp\/v2\/categories?post=12035"},{"taxonomy":"post_tag","embeddable":true,"href":"https:\/\/unisale.com.br\/pastoral\/wp-json\/wp\/v2\/tags?post=12035"}],"curies":[{"name":"wp","href":"https:\/\/api.w.org\/{rel}","templated":true}]}}