{"id":12123,"date":"2025-04-11T19:19:20","date_gmt":"2025-04-11T19:19:20","guid":{"rendered":"https:\/\/unisale.com.br\/pastoral\/?p=12123"},"modified":"2025-04-11T19:19:20","modified_gmt":"2025-04-11T19:19:20","slug":"13-04-se-eles-se-calarem-as-pedras-falarao","status":"publish","type":"post","link":"https:\/\/unisale.com.br\/pastoral\/13-04-se-eles-se-calarem-as-pedras-falarao\/","title":{"rendered":"13\/04 &#8211; Se eles se calarem, as pedras falar\u00e3o."},"content":{"rendered":"<p>Domingo, 13 de abril de 2025.<\/p>\n<p>&nbsp;<\/p>\n<p>Evangelho (Lc 19,28-40)<\/p>\n<p>&nbsp;<\/p>\n<p><strong>\u201cse eles se calarem, as pedras falar\u00e3o\u201d<\/strong><\/p>\n<p>&nbsp;<\/p>\n<p>Naquele tempo, <sup>28<\/sup>Jesus caminhava \u00e0 frente dos disc\u00edpulos, subindo para Jerusal\u00e9m. <sup>29<\/sup>Quando se aproximou de Betfag\u00e9 e Bet\u00e2nia, perto do monte chamado das Oliveiras, enviou dois de seus disc\u00edpulos, dizendo: <sup>30<\/sup>\u201cIde ao povoado ali na frente. Logo na entrada encontrareis um jumentinho amarrado, que nunca foi montado. Desamarrai-o e trazei-o aqui. <sup>31<\/sup>Se algu\u00e9m, por acaso, vos perguntar: \u2018Por que desamarrais o jumentinho?\u2019, respondereis assim: \u2018O Senhor precisa dele\u2019\u201d. <sup>32<\/sup>Os enviados partiram e encontraram tudo exatamente como Jesus lhes havia dito. <sup>33<\/sup>Quando desamarravam o jumentinho, os donos perguntaram: \u201cPor que estais desamarrando o jumentinho?\u201d <sup>34<\/sup>Eles responderam: \u201cO Senhor precisa dele\u201d. <sup>35<\/sup>E levaram o jumentinho a Jesus. Ent\u00e3o puseram seus mantos sobre o animal e ajudaram Jesus a montar. <sup>36<\/sup>E enquanto Jesus passava, o povo ia estendendo suas roupas no caminho. <sup>37<\/sup>Quando chegou perto da descida do monte das Oliveiras, a multid\u00e3o dos disc\u00edpulos, aos gritos e cheia de alegria, come\u00e7ou a louvar a Deus por todos os milagres que tinha visto. <sup>38<\/sup>Todos gritavam: \u201cBendito o rei, que vem em nome do Senhor! Paz no c\u00e9u e gl\u00f3ria nas alturas!\u201d <sup>39<\/sup>Do meio da multid\u00e3o, alguns dos fariseus disseram a Jesus: \u201cMestre, repreende teus disc\u00edpulos!\u201d <sup>40<\/sup>Jesus, por\u00e9m, respondeu: \u201cEu vos declaro: se eles se calarem, as pedras gritar\u00e3o\u201d.<\/p>\n<p>&nbsp;<\/p>\n<p><strong>Reflex\u00e3o<\/strong><\/p>\n<p>&nbsp;<\/p>\n<p>Hoje a liturgia nos convida a reviver o entusiasmo daquela multid\u00e3o de Jerusal\u00e9m; gritamos Cristo como Aquele que vem em nome do Senhor e somos felizes por caminhar atr\u00e1s dele, porque ele \u00e9 o Filho de Deus, \u00e9 o nosso Salvador. Por\u00e9m, n\u00e3o podemos nos esquecer o que Jesus disse a Pilatos: \u201co meu reino n\u00e3o \u00e9 deste mundo\u201d. N\u00e3o \u00e9 daqui de baixo o reino de Deus! E hoje vemos como s\u00e3o diferentes as estradas de Deus das estradas dos homens. Para n\u00f3s \u00e9 importante responder: Quem \u00e9 Jesus? \u00c9 o Filho de Deus, que se fez \u201cservo\u201d; Jesus \u00e9 Deus com o Pai, e assim mesmo, se fez um de n\u00f3s, se humilhou sendo obediente at\u00e9 a morte de cruz. \u00c9 um fato incr\u00edvel que nos deixa sem ar e nos faz pedir quase com um desespero: \u201cSenhor, porqu\u00ea?\u201d Cristo nos responde com a sua paix\u00e3o e nos revela quem somos n\u00f3s e quem \u00e9 Deus. Disse Jesus: \u201cDesejei tanto comer esta P\u00e1scoa com v\u00f3s, antes da minha paix\u00e3o\u201d. \u00c9 um ato de bondade, mas porqu\u00ea? Jesus nos conhece bem e acrescenta: \u201cEis, a m\u00e3o daquele que me trai est\u00e1 comigo, sobre a mesa\u201d. A m\u00e3o do traidor \u00e9 tamb\u00e9m a nossa m\u00e3o. N\u00f3s e Deus. Jesus \u00e9 o Amor de Deus que entra dentro do nosso pecado para venc\u00ea-lo: feliz de quem o acolhe. Feliz de quem se deixa salvar! Jesus lava os p\u00e9s dos ap\u00f3stolos, manifestando um segredo de beleza inigual\u00e1vel: em Deus n\u00e3o h\u00e1 sombra de orgulho, Deus \u00e9 humilde! E os ap\u00f3stolos? E n\u00f3s? Nos diz S\u00e3o Lucas: \u201cE nasce entre eles tamb\u00e9m uma discuss\u00e3o: Quem deles seria o maior\u201d. Que abismo entre Cristo e os ap\u00f3stolos, entre Deus e n\u00f3s! No entanto, Jesus, que \u00e9 o Deus do Amor, tem a for\u00e7a ainda de crer e esperar em n\u00f3s. Ainda espera a nossa convers\u00e3o. Ainda um contraste n\u00f3s encontramos na hist\u00f3ria da paix\u00e3o de Cristo. Jesus havia escolhido Pedro como rocha sobre a qual construir a sua Igreja, no entanto, o pr\u00f3prio Pedro desiludir\u00e1 o Mestre na hora da grande prova. Mas o amor de Cristo n\u00e3o volta atr\u00e1s, porque Deus \u00e9 fiel. Este \u00e9 Deus! E esse \u00e9 o caminho que a Igreja escolheu e que \u00e9 a estra da nossa convers\u00e3o. Nesta semana n\u00f3s reviveremos a hist\u00f3ria de um amor ensanguentado: e o faremos com a esperan\u00e7a de que um raio de luz entre nos nossos cora\u00e7\u00f5es e o transforme e o prepare para a \u00faltima semana, para a \u00faltima P\u00e1scoa: aquela do C\u00e9u!<\/p>\n<p>&nbsp;<\/p>\n<p><strong>Pe. Paulo Eduardo J\u00e1como, SDB.<\/strong><\/p>\n","protected":false},"excerpt":{"rendered":"<p>Domingo, 13 de abril de 2025. &nbsp; Evangelho (Lc 19,28-40) &nbsp; \u201cse eles se calarem, as pedras falar\u00e3o\u201d &nbsp; Naquele tempo, 28Jesus caminhava \u00e0 frente&#8230;<\/p>\n","protected":false},"author":1,"featured_media":12124,"comment_status":"closed","ping_status":"closed","sticky":false,"template":"","format":"standard","meta":{"_acf_changed":false,"footnotes":""},"categories":[13],"tags":[],"class_list":["post-12123","post","type-post","status-publish","format-standard","has-post-thumbnail","hentry","category-reflexaodoevagelho"],"acf":[],"yoast_head":"<!-- This site is optimized with the Yoast SEO plugin v27.3 - https:\/\/yoast.com\/product\/yoast-seo-wordpress\/ -->\n<title>13\/04 - Se eles se calarem, as pedras falar\u00e3o. - Pastoral Universit\u00e1ria UniSALESIANO<\/title>\n<meta name=\"robots\" content=\"index, follow, max-snippet:-1, max-image-preview:large, max-video-preview:-1\" \/>\n<link rel=\"canonical\" href=\"https:\/\/unisale.com.br\/pastoral\/13-04-se-eles-se-calarem-as-pedras-falarao\/\" \/>\n<meta property=\"og:locale\" content=\"pt_BR\" \/>\n<meta property=\"og:type\" content=\"article\" \/>\n<meta property=\"og:title\" content=\"13\/04 - Se eles se calarem, as pedras falar\u00e3o. - Pastoral Universit\u00e1ria UniSALESIANO\" \/>\n<meta property=\"og:description\" content=\"Domingo, 13 de abril de 2025. &nbsp; Evangelho (Lc 19,28-40) &nbsp; \u201cse eles se calarem, as pedras falar\u00e3o\u201d &nbsp; Naquele tempo, 28Jesus caminhava \u00e0 frente...\" \/>\n<meta property=\"og:url\" content=\"https:\/\/unisale.com.br\/pastoral\/13-04-se-eles-se-calarem-as-pedras-falarao\/\" \/>\n<meta property=\"og:site_name\" content=\"Pastoral Universit\u00e1ria UniSALESIANO\" \/>\n<meta property=\"article:published_time\" content=\"2025-04-11T19:19:20+00:00\" \/>\n<meta property=\"og:image\" content=\"https:\/\/unisale.com.br\/pastoral\/wp-content\/uploads\/2025\/04\/Naquele-tempo-28Jesus-caminhava-a-frente-dos-discipulos-subindo-para-Jerusalem.-29Quando-se-aproximou-de-Betfage-e-Betania-perto-do-monte-chamado-das-Oliveiras-enviou-dois-de-seus-discipulos-.jpg\" \/>\n\t<meta property=\"og:image:width\" content=\"1120\" \/>\n\t<meta property=\"og:image:height\" content=\"1120\" \/>\n\t<meta property=\"og:image:type\" content=\"image\/jpeg\" \/>\n<meta name=\"author\" content=\"pastoral\" \/>\n<meta name=\"twitter:card\" content=\"summary_large_image\" \/>\n<meta name=\"twitter:label1\" content=\"Escrito por\" \/>\n\t<meta name=\"twitter:data1\" content=\"pastoral\" \/>\n\t<meta name=\"twitter:label2\" content=\"Est. tempo de leitura\" \/>\n\t<meta name=\"twitter:data2\" content=\"4 minutos\" \/>\n<script type=\"application\/ld+json\" class=\"yoast-schema-graph\">{\"@context\":\"https:\\\/\\\/schema.org\",\"@graph\":[{\"@type\":\"Article\",\"@id\":\"https:\\\/\\\/unisale.com.br\\\/pastoral\\\/13-04-se-eles-se-calarem-as-pedras-falarao\\\/#article\",\"isPartOf\":{\"@id\":\"https:\\\/\\\/unisale.com.br\\\/pastoral\\\/13-04-se-eles-se-calarem-as-pedras-falarao\\\/\"},\"author\":{\"name\":\"pastoral\",\"@id\":\"https:\\\/\\\/unisale.com.br\\\/pastoral\\\/#\\\/schema\\\/person\\\/a16ba711a0f7dec9cb6b44563144d5a3\"},\"headline\":\"13\\\/04 &#8211; Se eles se calarem, as pedras falar\u00e3o.\",\"datePublished\":\"2025-04-11T19:19:20+00:00\",\"mainEntityOfPage\":{\"@id\":\"https:\\\/\\\/unisale.com.br\\\/pastoral\\\/13-04-se-eles-se-calarem-as-pedras-falarao\\\/\"},\"wordCount\":710,\"image\":{\"@id\":\"https:\\\/\\\/unisale.com.br\\\/pastoral\\\/13-04-se-eles-se-calarem-as-pedras-falarao\\\/#primaryimage\"},\"thumbnailUrl\":\"https:\\\/\\\/unisale.com.br\\\/pastoral\\\/wp-content\\\/uploads\\\/2025\\\/04\\\/Naquele-tempo-28Jesus-caminhava-a-frente-dos-discipulos-subindo-para-Jerusalem.-29Quando-se-aproximou-de-Betfage-e-Betania-perto-do-monte-chamado-das-Oliveiras-enviou-dois-de-seus-discipulos-.jpg\",\"articleSection\":[\"Reflex\u00e3o do Evangelho\"],\"inLanguage\":\"pt-BR\"},{\"@type\":\"WebPage\",\"@id\":\"https:\\\/\\\/unisale.com.br\\\/pastoral\\\/13-04-se-eles-se-calarem-as-pedras-falarao\\\/\",\"url\":\"https:\\\/\\\/unisale.com.br\\\/pastoral\\\/13-04-se-eles-se-calarem-as-pedras-falarao\\\/\",\"name\":\"13\\\/04 - Se eles se calarem, as pedras falar\u00e3o. - Pastoral Universit\u00e1ria UniSALESIANO\",\"isPartOf\":{\"@id\":\"https:\\\/\\\/unisale.com.br\\\/pastoral\\\/#website\"},\"primaryImageOfPage\":{\"@id\":\"https:\\\/\\\/unisale.com.br\\\/pastoral\\\/13-04-se-eles-se-calarem-as-pedras-falarao\\\/#primaryimage\"},\"image\":{\"@id\":\"https:\\\/\\\/unisale.com.br\\\/pastoral\\\/13-04-se-eles-se-calarem-as-pedras-falarao\\\/#primaryimage\"},\"thumbnailUrl\":\"https:\\\/\\\/unisale.com.br\\\/pastoral\\\/wp-content\\\/uploads\\\/2025\\\/04\\\/Naquele-tempo-28Jesus-caminhava-a-frente-dos-discipulos-subindo-para-Jerusalem.-29Quando-se-aproximou-de-Betfage-e-Betania-perto-do-monte-chamado-das-Oliveiras-enviou-dois-de-seus-discipulos-.jpg\",\"datePublished\":\"2025-04-11T19:19:20+00:00\",\"author\":{\"@id\":\"https:\\\/\\\/unisale.com.br\\\/pastoral\\\/#\\\/schema\\\/person\\\/a16ba711a0f7dec9cb6b44563144d5a3\"},\"inLanguage\":\"pt-BR\",\"potentialAction\":[{\"@type\":\"ReadAction\",\"target\":[\"https:\\\/\\\/unisale.com.br\\\/pastoral\\\/13-04-se-eles-se-calarem-as-pedras-falarao\\\/\"]}]},{\"@type\":\"ImageObject\",\"inLanguage\":\"pt-BR\",\"@id\":\"https:\\\/\\\/unisale.com.br\\\/pastoral\\\/13-04-se-eles-se-calarem-as-pedras-falarao\\\/#primaryimage\",\"url\":\"https:\\\/\\\/unisale.com.br\\\/pastoral\\\/wp-content\\\/uploads\\\/2025\\\/04\\\/Naquele-tempo-28Jesus-caminhava-a-frente-dos-discipulos-subindo-para-Jerusalem.-29Quando-se-aproximou-de-Betfage-e-Betania-perto-do-monte-chamado-das-Oliveiras-enviou-dois-de-seus-discipulos-.jpg\",\"contentUrl\":\"https:\\\/\\\/unisale.com.br\\\/pastoral\\\/wp-content\\\/uploads\\\/2025\\\/04\\\/Naquele-tempo-28Jesus-caminhava-a-frente-dos-discipulos-subindo-para-Jerusalem.-29Quando-se-aproximou-de-Betfage-e-Betania-perto-do-monte-chamado-das-Oliveiras-enviou-dois-de-seus-discipulos-.jpg\",\"width\":500,\"height\":500},{\"@type\":\"WebSite\",\"@id\":\"https:\\\/\\\/unisale.com.br\\\/pastoral\\\/#website\",\"url\":\"https:\\\/\\\/unisale.com.br\\\/pastoral\\\/\",\"name\":\"Pastoral Universit\u00e1ria UniSALESIANO\",\"description\":\"Site da Pastoral Universit\u00e1ria do UniSALESIANO\",\"potentialAction\":[{\"@type\":\"SearchAction\",\"target\":{\"@type\":\"EntryPoint\",\"urlTemplate\":\"https:\\\/\\\/unisale.com.br\\\/pastoral\\\/?s={search_term_string}\"},\"query-input\":{\"@type\":\"PropertyValueSpecification\",\"valueRequired\":true,\"valueName\":\"search_term_string\"}}],\"inLanguage\":\"pt-BR\"},{\"@type\":\"Person\",\"@id\":\"https:\\\/\\\/unisale.com.br\\\/pastoral\\\/#\\\/schema\\\/person\\\/a16ba711a0f7dec9cb6b44563144d5a3\",\"name\":\"pastoral\",\"url\":\"https:\\\/\\\/unisale.com.br\\\/pastoral\\\/author\\\/pastoral\\\/\"}]}<\/script>\n<!-- \/ Yoast SEO plugin. -->","yoast_head_json":{"title":"13\/04 - Se eles se calarem, as pedras falar\u00e3o. - Pastoral Universit\u00e1ria UniSALESIANO","robots":{"index":"index","follow":"follow","max-snippet":"max-snippet:-1","max-image-preview":"max-image-preview:large","max-video-preview":"max-video-preview:-1"},"canonical":"https:\/\/unisale.com.br\/pastoral\/13-04-se-eles-se-calarem-as-pedras-falarao\/","og_locale":"pt_BR","og_type":"article","og_title":"13\/04 - Se eles se calarem, as pedras falar\u00e3o. - Pastoral Universit\u00e1ria UniSALESIANO","og_description":"Domingo, 13 de abril de 2025. &nbsp; Evangelho (Lc 19,28-40) &nbsp; \u201cse eles se calarem, as pedras falar\u00e3o\u201d &nbsp; Naquele tempo, 28Jesus caminhava \u00e0 frente...","og_url":"https:\/\/unisale.com.br\/pastoral\/13-04-se-eles-se-calarem-as-pedras-falarao\/","og_site_name":"Pastoral Universit\u00e1ria UniSALESIANO","article_published_time":"2025-04-11T19:19:20+00:00","og_image":[{"width":1120,"height":1120,"url":"https:\/\/unisale.com.br\/pastoral\/wp-content\/uploads\/2025\/04\/Naquele-tempo-28Jesus-caminhava-a-frente-dos-discipulos-subindo-para-Jerusalem.-29Quando-se-aproximou-de-Betfage-e-Betania-perto-do-monte-chamado-das-Oliveiras-enviou-dois-de-seus-discipulos-.jpg","type":"image\/jpeg"}],"author":"pastoral","twitter_card":"summary_large_image","twitter_misc":{"Escrito por":"pastoral","Est. tempo de leitura":"4 minutos"},"schema":{"@context":"https:\/\/schema.org","@graph":[{"@type":"Article","@id":"https:\/\/unisale.com.br\/pastoral\/13-04-se-eles-se-calarem-as-pedras-falarao\/#article","isPartOf":{"@id":"https:\/\/unisale.com.br\/pastoral\/13-04-se-eles-se-calarem-as-pedras-falarao\/"},"author":{"name":"pastoral","@id":"https:\/\/unisale.com.br\/pastoral\/#\/schema\/person\/a16ba711a0f7dec9cb6b44563144d5a3"},"headline":"13\/04 &#8211; Se eles se calarem, as pedras falar\u00e3o.","datePublished":"2025-04-11T19:19:20+00:00","mainEntityOfPage":{"@id":"https:\/\/unisale.com.br\/pastoral\/13-04-se-eles-se-calarem-as-pedras-falarao\/"},"wordCount":710,"image":{"@id":"https:\/\/unisale.com.br\/pastoral\/13-04-se-eles-se-calarem-as-pedras-falarao\/#primaryimage"},"thumbnailUrl":"https:\/\/unisale.com.br\/pastoral\/wp-content\/uploads\/2025\/04\/Naquele-tempo-28Jesus-caminhava-a-frente-dos-discipulos-subindo-para-Jerusalem.-29Quando-se-aproximou-de-Betfage-e-Betania-perto-do-monte-chamado-das-Oliveiras-enviou-dois-de-seus-discipulos-.jpg","articleSection":["Reflex\u00e3o do Evangelho"],"inLanguage":"pt-BR"},{"@type":"WebPage","@id":"https:\/\/unisale.com.br\/pastoral\/13-04-se-eles-se-calarem-as-pedras-falarao\/","url":"https:\/\/unisale.com.br\/pastoral\/13-04-se-eles-se-calarem-as-pedras-falarao\/","name":"13\/04 - Se eles se calarem, as pedras falar\u00e3o. - Pastoral Universit\u00e1ria UniSALESIANO","isPartOf":{"@id":"https:\/\/unisale.com.br\/pastoral\/#website"},"primaryImageOfPage":{"@id":"https:\/\/unisale.com.br\/pastoral\/13-04-se-eles-se-calarem-as-pedras-falarao\/#primaryimage"},"image":{"@id":"https:\/\/unisale.com.br\/pastoral\/13-04-se-eles-se-calarem-as-pedras-falarao\/#primaryimage"},"thumbnailUrl":"https:\/\/unisale.com.br\/pastoral\/wp-content\/uploads\/2025\/04\/Naquele-tempo-28Jesus-caminhava-a-frente-dos-discipulos-subindo-para-Jerusalem.-29Quando-se-aproximou-de-Betfage-e-Betania-perto-do-monte-chamado-das-Oliveiras-enviou-dois-de-seus-discipulos-.jpg","datePublished":"2025-04-11T19:19:20+00:00","author":{"@id":"https:\/\/unisale.com.br\/pastoral\/#\/schema\/person\/a16ba711a0f7dec9cb6b44563144d5a3"},"inLanguage":"pt-BR","potentialAction":[{"@type":"ReadAction","target":["https:\/\/unisale.com.br\/pastoral\/13-04-se-eles-se-calarem-as-pedras-falarao\/"]}]},{"@type":"ImageObject","inLanguage":"pt-BR","@id":"https:\/\/unisale.com.br\/pastoral\/13-04-se-eles-se-calarem-as-pedras-falarao\/#primaryimage","url":"https:\/\/unisale.com.br\/pastoral\/wp-content\/uploads\/2025\/04\/Naquele-tempo-28Jesus-caminhava-a-frente-dos-discipulos-subindo-para-Jerusalem.-29Quando-se-aproximou-de-Betfage-e-Betania-perto-do-monte-chamado-das-Oliveiras-enviou-dois-de-seus-discipulos-.jpg","contentUrl":"https:\/\/unisale.com.br\/pastoral\/wp-content\/uploads\/2025\/04\/Naquele-tempo-28Jesus-caminhava-a-frente-dos-discipulos-subindo-para-Jerusalem.-29Quando-se-aproximou-de-Betfage-e-Betania-perto-do-monte-chamado-das-Oliveiras-enviou-dois-de-seus-discipulos-.jpg","width":500,"height":500},{"@type":"WebSite","@id":"https:\/\/unisale.com.br\/pastoral\/#website","url":"https:\/\/unisale.com.br\/pastoral\/","name":"Pastoral Universit\u00e1ria UniSALESIANO","description":"Site da Pastoral Universit\u00e1ria do UniSALESIANO","potentialAction":[{"@type":"SearchAction","target":{"@type":"EntryPoint","urlTemplate":"https:\/\/unisale.com.br\/pastoral\/?s={search_term_string}"},"query-input":{"@type":"PropertyValueSpecification","valueRequired":true,"valueName":"search_term_string"}}],"inLanguage":"pt-BR"},{"@type":"Person","@id":"https:\/\/unisale.com.br\/pastoral\/#\/schema\/person\/a16ba711a0f7dec9cb6b44563144d5a3","name":"pastoral","url":"https:\/\/unisale.com.br\/pastoral\/author\/pastoral\/"}]}},"_links":{"self":[{"href":"https:\/\/unisale.com.br\/pastoral\/wp-json\/wp\/v2\/posts\/12123","targetHints":{"allow":["GET"]}}],"collection":[{"href":"https:\/\/unisale.com.br\/pastoral\/wp-json\/wp\/v2\/posts"}],"about":[{"href":"https:\/\/unisale.com.br\/pastoral\/wp-json\/wp\/v2\/types\/post"}],"author":[{"embeddable":true,"href":"https:\/\/unisale.com.br\/pastoral\/wp-json\/wp\/v2\/users\/1"}],"replies":[{"embeddable":true,"href":"https:\/\/unisale.com.br\/pastoral\/wp-json\/wp\/v2\/comments?post=12123"}],"version-history":[{"count":1,"href":"https:\/\/unisale.com.br\/pastoral\/wp-json\/wp\/v2\/posts\/12123\/revisions"}],"predecessor-version":[{"id":12125,"href":"https:\/\/unisale.com.br\/pastoral\/wp-json\/wp\/v2\/posts\/12123\/revisions\/12125"}],"wp:featuredmedia":[{"embeddable":true,"href":"https:\/\/unisale.com.br\/pastoral\/wp-json\/wp\/v2\/media\/12124"}],"wp:attachment":[{"href":"https:\/\/unisale.com.br\/pastoral\/wp-json\/wp\/v2\/media?parent=12123"}],"wp:term":[{"taxonomy":"category","embeddable":true,"href":"https:\/\/unisale.com.br\/pastoral\/wp-json\/wp\/v2\/categories?post=12123"},{"taxonomy":"post_tag","embeddable":true,"href":"https:\/\/unisale.com.br\/pastoral\/wp-json\/wp\/v2\/tags?post=12123"}],"curies":[{"name":"wp","href":"https:\/\/api.w.org\/{rel}","templated":true}]}}