{"id":12146,"date":"2025-04-16T21:45:51","date_gmt":"2025-04-16T21:45:51","guid":{"rendered":"https:\/\/unisale.com.br\/pastoral\/?p=12146"},"modified":"2025-04-16T21:45:51","modified_gmt":"2025-04-16T21:45:51","slug":"20-04-entao-entrou-tambem-o-outro-discipulo-ele-viu-e-acreditou","status":"publish","type":"post","link":"https:\/\/unisale.com.br\/pastoral\/20-04-entao-entrou-tambem-o-outro-discipulo-ele-viu-e-acreditou\/","title":{"rendered":"20\/04 &#8211; Ent\u00e3o entrou tamb\u00e9m o outro disc\u00edpulo&#8230; Ele viu e acreditou."},"content":{"rendered":"<p>Domingo, 20 de abril de 2025. Domingo de P\u00e1scoa<\/p>\n<p>&nbsp;<\/p>\n<p>Evangelho (Jo 20,1-9)<\/p>\n<p>&nbsp;<\/p>\n<p><strong>\u201cEnt\u00e3o entrou tamb\u00e9m o outro disc\u00edpulo&#8230; Ele viu e acreditou\u201d<\/strong><\/p>\n<p>&nbsp;<\/p>\n<p><sup>1<\/sup>No primeiro dia da semana, Maria Madalena foi ao t\u00famulo de Jesus, bem de madrugada, quando ainda estava escuro, e viu que a pedra tinha sido retirada do t\u00famulo. <sup>2<\/sup>Ent\u00e3o ela saiu correndo e foi encontrar Sim\u00e3o Pedro e o outro disc\u00edpulo, aquele que Jesus amava, e lhes disse: \u201cTiraram o Senhor do t\u00famulo, e n\u00e3o sabemos onde o colocaram\u201d. <sup>3<\/sup>Sa\u00edram, ent\u00e3o, Pedro e o outro disc\u00edpulo e foram ao t\u00famulo. <sup>4<\/sup>Os dois corriam juntos, mas o outro disc\u00edpulo correu mais depressa que Pedro e chegou primeiro ao t\u00famulo. <sup>5<\/sup>Olhando para dentro, viu as faixas de linho no ch\u00e3o, mas n\u00e3o entrou. <sup>6<\/sup>Chegou tamb\u00e9m Sim\u00e3o Pedro, que vinha correndo atr\u00e1s, e entrou no t\u00famulo. Viu as faixas de linho deitadas no ch\u00e3o <sup>7<\/sup>e o pano que tinha estado sobre a cabe\u00e7a de Jesus, n\u00e3o posto com as faixas, mas enrolado num lugar \u00e0 parte. <sup>8<\/sup>Ent\u00e3o entrou tamb\u00e9m o outro disc\u00edpulo, que tinha chegado primeiro ao t\u00famulo. Ele viu, e acreditou. <sup>9<\/sup>De fato, eles ainda n\u00e3o tinham compreendido a Escritura, segundo a qual ele devia ressuscitar dos mortos.<\/p>\n<p>&nbsp;<\/p>\n<p><strong>Reflex\u00e3o<\/strong><\/p>\n<p>&nbsp;<\/p>\n<p>Um pensador contempor\u00e2neo disse uma vez: \u201cO homem tem necessidade de algo que seja diferente da terra\u201d. De fato, dentro de n\u00f3s existe esta espera de algo que n\u00e3o sabemos descrever: no fundo de nossa alma temos uma grande esperan\u00e7a, mas ao mesmo tempo n\u00e3o sabemos como acalm\u00e1-la. E aqui, diria bem Santo Agostinho: \u201cFizeste-nos para Ti e inquieto estar\u00e1 nosso cora\u00e7\u00e3o, enquanto n\u00e3o repousar em Ti\u201d. Ao longo dos s\u00e9culos os mercadores da felicidade prometeram uma solu\u00e7\u00e3o. Disseram: A cultura vai fazer feliz o homem! Mas, n\u00e3o foi bem assim. Disseram ainda: O progresso vai fazer feliz o homem! E tamb\u00e9m n\u00e3o foi assim. Disseram ent\u00e3o: O bem-estar far\u00e1 feliz o homem! E, mais uma vez, n\u00e3o foi assim. E agora disseram, e esta foi a \u00faltima proposta, que seria a liberdade de toda lei moral a fazer o homem feliz. O falimento desta proposta est\u00e1 diante dos nossos olhos. Hoje, neste dia de P\u00e1scoa, anunciamos a jovialidade do Evangelho e pronunciamos o nome da esperan\u00e7a doada ao homem: se chama Ressurrei\u00e7\u00e3o, porque existe um Ressuscitado. E podemos perguntar: Como podemos acreditar que Cristo Ressuscitou? Se olharmos a hist\u00f3ria com os olhos purificados descobriremos por toda parte os sinais do Ressuscitado. Os Santos viram isso e os m\u00e1rtires de todos os s\u00e9culos, de Santo Estev\u00e3o at\u00e9 os m\u00e1rtires de hoje, todos s\u00e3o sinais do Ressuscitado. Que alegria para n\u00f3s se, como Pedro e Jo\u00e3o, corr\u00eassemos hoje para verificar a solidez da nossa f\u00e9 em Cristo! Que surpresa nos espera: o sepulcro est\u00e1 vazio! Que grande e bela aventura \u00e9 a vida: \u00c9 tempo de colher a semente da Ressurrei\u00e7\u00e3o e deixa-la madurar ao sol da caridade. Hoje n\u00f3s sabemos que a humanidade tem uma meta, tem um destino, uma terra prometida: a Ressurrei\u00e7\u00e3o. Este destino tem uma estrada, s\u00f3 uma: a vida de Cristo, a vida vivida como amor que se faz servi\u00e7o ao pr\u00f3ximo, que se faz perd\u00e3o para quem nos ofende, que se faz caridade para todos: com Cristo, por Cristo!<\/p>\n<p><strong>Pe. Paulo Eduardo J\u00e1como, SDB.\u00a0<\/strong><\/p>\n","protected":false},"excerpt":{"rendered":"<p>Domingo, 20 de abril de 2025. Domingo de P\u00e1scoa &nbsp; Evangelho (Jo 20,1-9) &nbsp; \u201cEnt\u00e3o entrou tamb\u00e9m o outro disc\u00edpulo&#8230; Ele viu e acreditou\u201d &nbsp;&#8230;<\/p>\n","protected":false},"author":1,"featured_media":12147,"comment_status":"closed","ping_status":"closed","sticky":false,"template":"","format":"standard","meta":{"_acf_changed":false,"footnotes":""},"categories":[13],"tags":[],"class_list":["post-12146","post","type-post","status-publish","format-standard","has-post-thumbnail","hentry","category-reflexaodoevagelho"],"acf":[],"yoast_head":"<!-- This site is optimized with the Yoast SEO plugin v27.3 - https:\/\/yoast.com\/product\/yoast-seo-wordpress\/ -->\n<title>20\/04 - Ent\u00e3o entrou tamb\u00e9m o outro disc\u00edpulo... Ele viu e acreditou. - Pastoral Universit\u00e1ria UniSALESIANO<\/title>\n<meta name=\"robots\" content=\"index, follow, max-snippet:-1, max-image-preview:large, max-video-preview:-1\" \/>\n<link rel=\"canonical\" href=\"https:\/\/unisale.com.br\/pastoral\/20-04-entao-entrou-tambem-o-outro-discipulo-ele-viu-e-acreditou\/\" \/>\n<meta property=\"og:locale\" content=\"pt_BR\" \/>\n<meta property=\"og:type\" content=\"article\" \/>\n<meta property=\"og:title\" content=\"20\/04 - Ent\u00e3o entrou tamb\u00e9m o outro disc\u00edpulo... Ele viu e acreditou. - Pastoral Universit\u00e1ria UniSALESIANO\" \/>\n<meta property=\"og:description\" content=\"Domingo, 20 de abril de 2025. Domingo de P\u00e1scoa &nbsp; Evangelho (Jo 20,1-9) &nbsp; \u201cEnt\u00e3o entrou tamb\u00e9m o outro disc\u00edpulo&#8230; Ele viu e acreditou\u201d &nbsp;...\" \/>\n<meta property=\"og:url\" content=\"https:\/\/unisale.com.br\/pastoral\/20-04-entao-entrou-tambem-o-outro-discipulo-ele-viu-e-acreditou\/\" \/>\n<meta property=\"og:site_name\" content=\"Pastoral Universit\u00e1ria UniSALESIANO\" \/>\n<meta property=\"article:published_time\" content=\"2025-04-16T21:45:51+00:00\" \/>\n<meta property=\"og:image\" content=\"https:\/\/unisale.com.br\/pastoral\/wp-content\/uploads\/2025\/04\/1No-primeiro-dia-da-semana-Maria-Madalena-foi-ao-tumulo-de-Jesus-bem-de-madrugada-quando-ainda-estava-escuro-e-viu-que-a-pedra-tinha-sido-retirada-do-tumulo.-2Entao-ela-saiu-correndo-e-foi-enc.jpg\" \/>\n\t<meta property=\"og:image:width\" content=\"1120\" \/>\n\t<meta property=\"og:image:height\" content=\"1120\" \/>\n\t<meta property=\"og:image:type\" content=\"image\/jpeg\" \/>\n<meta name=\"author\" content=\"pastoral\" \/>\n<meta name=\"twitter:card\" content=\"summary_large_image\" \/>\n<meta name=\"twitter:label1\" content=\"Escrito por\" \/>\n\t<meta name=\"twitter:data1\" content=\"pastoral\" \/>\n\t<meta name=\"twitter:label2\" content=\"Est. tempo de leitura\" \/>\n\t<meta name=\"twitter:data2\" content=\"4 minutos\" \/>\n<script type=\"application\/ld+json\" class=\"yoast-schema-graph\">{\"@context\":\"https:\\\/\\\/schema.org\",\"@graph\":[{\"@type\":\"Article\",\"@id\":\"https:\\\/\\\/unisale.com.br\\\/pastoral\\\/20-04-entao-entrou-tambem-o-outro-discipulo-ele-viu-e-acreditou\\\/#article\",\"isPartOf\":{\"@id\":\"https:\\\/\\\/unisale.com.br\\\/pastoral\\\/20-04-entao-entrou-tambem-o-outro-discipulo-ele-viu-e-acreditou\\\/\"},\"author\":{\"name\":\"pastoral\",\"@id\":\"https:\\\/\\\/unisale.com.br\\\/pastoral\\\/#\\\/schema\\\/person\\\/a16ba711a0f7dec9cb6b44563144d5a3\"},\"headline\":\"20\\\/04 &#8211; Ent\u00e3o entrou tamb\u00e9m o outro disc\u00edpulo&#8230; Ele viu e acreditou.\",\"datePublished\":\"2025-04-16T21:45:51+00:00\",\"mainEntityOfPage\":{\"@id\":\"https:\\\/\\\/unisale.com.br\\\/pastoral\\\/20-04-entao-entrou-tambem-o-outro-discipulo-ele-viu-e-acreditou\\\/\"},\"wordCount\":619,\"image\":{\"@id\":\"https:\\\/\\\/unisale.com.br\\\/pastoral\\\/20-04-entao-entrou-tambem-o-outro-discipulo-ele-viu-e-acreditou\\\/#primaryimage\"},\"thumbnailUrl\":\"https:\\\/\\\/unisale.com.br\\\/pastoral\\\/wp-content\\\/uploads\\\/2025\\\/04\\\/1No-primeiro-dia-da-semana-Maria-Madalena-foi-ao-tumulo-de-Jesus-bem-de-madrugada-quando-ainda-estava-escuro-e-viu-que-a-pedra-tinha-sido-retirada-do-tumulo.-2Entao-ela-saiu-correndo-e-foi-enc.jpg\",\"articleSection\":[\"Reflex\u00e3o do Evangelho\"],\"inLanguage\":\"pt-BR\"},{\"@type\":\"WebPage\",\"@id\":\"https:\\\/\\\/unisale.com.br\\\/pastoral\\\/20-04-entao-entrou-tambem-o-outro-discipulo-ele-viu-e-acreditou\\\/\",\"url\":\"https:\\\/\\\/unisale.com.br\\\/pastoral\\\/20-04-entao-entrou-tambem-o-outro-discipulo-ele-viu-e-acreditou\\\/\",\"name\":\"20\\\/04 - Ent\u00e3o entrou tamb\u00e9m o outro disc\u00edpulo... Ele viu e acreditou. - Pastoral Universit\u00e1ria UniSALESIANO\",\"isPartOf\":{\"@id\":\"https:\\\/\\\/unisale.com.br\\\/pastoral\\\/#website\"},\"primaryImageOfPage\":{\"@id\":\"https:\\\/\\\/unisale.com.br\\\/pastoral\\\/20-04-entao-entrou-tambem-o-outro-discipulo-ele-viu-e-acreditou\\\/#primaryimage\"},\"image\":{\"@id\":\"https:\\\/\\\/unisale.com.br\\\/pastoral\\\/20-04-entao-entrou-tambem-o-outro-discipulo-ele-viu-e-acreditou\\\/#primaryimage\"},\"thumbnailUrl\":\"https:\\\/\\\/unisale.com.br\\\/pastoral\\\/wp-content\\\/uploads\\\/2025\\\/04\\\/1No-primeiro-dia-da-semana-Maria-Madalena-foi-ao-tumulo-de-Jesus-bem-de-madrugada-quando-ainda-estava-escuro-e-viu-que-a-pedra-tinha-sido-retirada-do-tumulo.-2Entao-ela-saiu-correndo-e-foi-enc.jpg\",\"datePublished\":\"2025-04-16T21:45:51+00:00\",\"author\":{\"@id\":\"https:\\\/\\\/unisale.com.br\\\/pastoral\\\/#\\\/schema\\\/person\\\/a16ba711a0f7dec9cb6b44563144d5a3\"},\"inLanguage\":\"pt-BR\",\"potentialAction\":[{\"@type\":\"ReadAction\",\"target\":[\"https:\\\/\\\/unisale.com.br\\\/pastoral\\\/20-04-entao-entrou-tambem-o-outro-discipulo-ele-viu-e-acreditou\\\/\"]}]},{\"@type\":\"ImageObject\",\"inLanguage\":\"pt-BR\",\"@id\":\"https:\\\/\\\/unisale.com.br\\\/pastoral\\\/20-04-entao-entrou-tambem-o-outro-discipulo-ele-viu-e-acreditou\\\/#primaryimage\",\"url\":\"https:\\\/\\\/unisale.com.br\\\/pastoral\\\/wp-content\\\/uploads\\\/2025\\\/04\\\/1No-primeiro-dia-da-semana-Maria-Madalena-foi-ao-tumulo-de-Jesus-bem-de-madrugada-quando-ainda-estava-escuro-e-viu-que-a-pedra-tinha-sido-retirada-do-tumulo.-2Entao-ela-saiu-correndo-e-foi-enc.jpg\",\"contentUrl\":\"https:\\\/\\\/unisale.com.br\\\/pastoral\\\/wp-content\\\/uploads\\\/2025\\\/04\\\/1No-primeiro-dia-da-semana-Maria-Madalena-foi-ao-tumulo-de-Jesus-bem-de-madrugada-quando-ainda-estava-escuro-e-viu-que-a-pedra-tinha-sido-retirada-do-tumulo.-2Entao-ela-saiu-correndo-e-foi-enc.jpg\",\"width\":500,\"height\":500},{\"@type\":\"WebSite\",\"@id\":\"https:\\\/\\\/unisale.com.br\\\/pastoral\\\/#website\",\"url\":\"https:\\\/\\\/unisale.com.br\\\/pastoral\\\/\",\"name\":\"Pastoral Universit\u00e1ria UniSALESIANO\",\"description\":\"Site da Pastoral Universit\u00e1ria do UniSALESIANO\",\"potentialAction\":[{\"@type\":\"SearchAction\",\"target\":{\"@type\":\"EntryPoint\",\"urlTemplate\":\"https:\\\/\\\/unisale.com.br\\\/pastoral\\\/?s={search_term_string}\"},\"query-input\":{\"@type\":\"PropertyValueSpecification\",\"valueRequired\":true,\"valueName\":\"search_term_string\"}}],\"inLanguage\":\"pt-BR\"},{\"@type\":\"Person\",\"@id\":\"https:\\\/\\\/unisale.com.br\\\/pastoral\\\/#\\\/schema\\\/person\\\/a16ba711a0f7dec9cb6b44563144d5a3\",\"name\":\"pastoral\",\"url\":\"https:\\\/\\\/unisale.com.br\\\/pastoral\\\/author\\\/pastoral\\\/\"}]}<\/script>\n<!-- \/ Yoast SEO plugin. -->","yoast_head_json":{"title":"20\/04 - Ent\u00e3o entrou tamb\u00e9m o outro disc\u00edpulo... Ele viu e acreditou. - Pastoral Universit\u00e1ria UniSALESIANO","robots":{"index":"index","follow":"follow","max-snippet":"max-snippet:-1","max-image-preview":"max-image-preview:large","max-video-preview":"max-video-preview:-1"},"canonical":"https:\/\/unisale.com.br\/pastoral\/20-04-entao-entrou-tambem-o-outro-discipulo-ele-viu-e-acreditou\/","og_locale":"pt_BR","og_type":"article","og_title":"20\/04 - Ent\u00e3o entrou tamb\u00e9m o outro disc\u00edpulo... Ele viu e acreditou. - Pastoral Universit\u00e1ria UniSALESIANO","og_description":"Domingo, 20 de abril de 2025. Domingo de P\u00e1scoa &nbsp; Evangelho (Jo 20,1-9) &nbsp; \u201cEnt\u00e3o entrou tamb\u00e9m o outro disc\u00edpulo&#8230; Ele viu e acreditou\u201d &nbsp;...","og_url":"https:\/\/unisale.com.br\/pastoral\/20-04-entao-entrou-tambem-o-outro-discipulo-ele-viu-e-acreditou\/","og_site_name":"Pastoral Universit\u00e1ria UniSALESIANO","article_published_time":"2025-04-16T21:45:51+00:00","og_image":[{"width":1120,"height":1120,"url":"https:\/\/unisale.com.br\/pastoral\/wp-content\/uploads\/2025\/04\/1No-primeiro-dia-da-semana-Maria-Madalena-foi-ao-tumulo-de-Jesus-bem-de-madrugada-quando-ainda-estava-escuro-e-viu-que-a-pedra-tinha-sido-retirada-do-tumulo.-2Entao-ela-saiu-correndo-e-foi-enc.jpg","type":"image\/jpeg"}],"author":"pastoral","twitter_card":"summary_large_image","twitter_misc":{"Escrito por":"pastoral","Est. tempo de leitura":"4 minutos"},"schema":{"@context":"https:\/\/schema.org","@graph":[{"@type":"Article","@id":"https:\/\/unisale.com.br\/pastoral\/20-04-entao-entrou-tambem-o-outro-discipulo-ele-viu-e-acreditou\/#article","isPartOf":{"@id":"https:\/\/unisale.com.br\/pastoral\/20-04-entao-entrou-tambem-o-outro-discipulo-ele-viu-e-acreditou\/"},"author":{"name":"pastoral","@id":"https:\/\/unisale.com.br\/pastoral\/#\/schema\/person\/a16ba711a0f7dec9cb6b44563144d5a3"},"headline":"20\/04 &#8211; Ent\u00e3o entrou tamb\u00e9m o outro disc\u00edpulo&#8230; Ele viu e acreditou.","datePublished":"2025-04-16T21:45:51+00:00","mainEntityOfPage":{"@id":"https:\/\/unisale.com.br\/pastoral\/20-04-entao-entrou-tambem-o-outro-discipulo-ele-viu-e-acreditou\/"},"wordCount":619,"image":{"@id":"https:\/\/unisale.com.br\/pastoral\/20-04-entao-entrou-tambem-o-outro-discipulo-ele-viu-e-acreditou\/#primaryimage"},"thumbnailUrl":"https:\/\/unisale.com.br\/pastoral\/wp-content\/uploads\/2025\/04\/1No-primeiro-dia-da-semana-Maria-Madalena-foi-ao-tumulo-de-Jesus-bem-de-madrugada-quando-ainda-estava-escuro-e-viu-que-a-pedra-tinha-sido-retirada-do-tumulo.-2Entao-ela-saiu-correndo-e-foi-enc.jpg","articleSection":["Reflex\u00e3o do Evangelho"],"inLanguage":"pt-BR"},{"@type":"WebPage","@id":"https:\/\/unisale.com.br\/pastoral\/20-04-entao-entrou-tambem-o-outro-discipulo-ele-viu-e-acreditou\/","url":"https:\/\/unisale.com.br\/pastoral\/20-04-entao-entrou-tambem-o-outro-discipulo-ele-viu-e-acreditou\/","name":"20\/04 - Ent\u00e3o entrou tamb\u00e9m o outro disc\u00edpulo... Ele viu e acreditou. - Pastoral Universit\u00e1ria UniSALESIANO","isPartOf":{"@id":"https:\/\/unisale.com.br\/pastoral\/#website"},"primaryImageOfPage":{"@id":"https:\/\/unisale.com.br\/pastoral\/20-04-entao-entrou-tambem-o-outro-discipulo-ele-viu-e-acreditou\/#primaryimage"},"image":{"@id":"https:\/\/unisale.com.br\/pastoral\/20-04-entao-entrou-tambem-o-outro-discipulo-ele-viu-e-acreditou\/#primaryimage"},"thumbnailUrl":"https:\/\/unisale.com.br\/pastoral\/wp-content\/uploads\/2025\/04\/1No-primeiro-dia-da-semana-Maria-Madalena-foi-ao-tumulo-de-Jesus-bem-de-madrugada-quando-ainda-estava-escuro-e-viu-que-a-pedra-tinha-sido-retirada-do-tumulo.-2Entao-ela-saiu-correndo-e-foi-enc.jpg","datePublished":"2025-04-16T21:45:51+00:00","author":{"@id":"https:\/\/unisale.com.br\/pastoral\/#\/schema\/person\/a16ba711a0f7dec9cb6b44563144d5a3"},"inLanguage":"pt-BR","potentialAction":[{"@type":"ReadAction","target":["https:\/\/unisale.com.br\/pastoral\/20-04-entao-entrou-tambem-o-outro-discipulo-ele-viu-e-acreditou\/"]}]},{"@type":"ImageObject","inLanguage":"pt-BR","@id":"https:\/\/unisale.com.br\/pastoral\/20-04-entao-entrou-tambem-o-outro-discipulo-ele-viu-e-acreditou\/#primaryimage","url":"https:\/\/unisale.com.br\/pastoral\/wp-content\/uploads\/2025\/04\/1No-primeiro-dia-da-semana-Maria-Madalena-foi-ao-tumulo-de-Jesus-bem-de-madrugada-quando-ainda-estava-escuro-e-viu-que-a-pedra-tinha-sido-retirada-do-tumulo.-2Entao-ela-saiu-correndo-e-foi-enc.jpg","contentUrl":"https:\/\/unisale.com.br\/pastoral\/wp-content\/uploads\/2025\/04\/1No-primeiro-dia-da-semana-Maria-Madalena-foi-ao-tumulo-de-Jesus-bem-de-madrugada-quando-ainda-estava-escuro-e-viu-que-a-pedra-tinha-sido-retirada-do-tumulo.-2Entao-ela-saiu-correndo-e-foi-enc.jpg","width":500,"height":500},{"@type":"WebSite","@id":"https:\/\/unisale.com.br\/pastoral\/#website","url":"https:\/\/unisale.com.br\/pastoral\/","name":"Pastoral Universit\u00e1ria UniSALESIANO","description":"Site da Pastoral Universit\u00e1ria do UniSALESIANO","potentialAction":[{"@type":"SearchAction","target":{"@type":"EntryPoint","urlTemplate":"https:\/\/unisale.com.br\/pastoral\/?s={search_term_string}"},"query-input":{"@type":"PropertyValueSpecification","valueRequired":true,"valueName":"search_term_string"}}],"inLanguage":"pt-BR"},{"@type":"Person","@id":"https:\/\/unisale.com.br\/pastoral\/#\/schema\/person\/a16ba711a0f7dec9cb6b44563144d5a3","name":"pastoral","url":"https:\/\/unisale.com.br\/pastoral\/author\/pastoral\/"}]}},"_links":{"self":[{"href":"https:\/\/unisale.com.br\/pastoral\/wp-json\/wp\/v2\/posts\/12146","targetHints":{"allow":["GET"]}}],"collection":[{"href":"https:\/\/unisale.com.br\/pastoral\/wp-json\/wp\/v2\/posts"}],"about":[{"href":"https:\/\/unisale.com.br\/pastoral\/wp-json\/wp\/v2\/types\/post"}],"author":[{"embeddable":true,"href":"https:\/\/unisale.com.br\/pastoral\/wp-json\/wp\/v2\/users\/1"}],"replies":[{"embeddable":true,"href":"https:\/\/unisale.com.br\/pastoral\/wp-json\/wp\/v2\/comments?post=12146"}],"version-history":[{"count":1,"href":"https:\/\/unisale.com.br\/pastoral\/wp-json\/wp\/v2\/posts\/12146\/revisions"}],"predecessor-version":[{"id":12148,"href":"https:\/\/unisale.com.br\/pastoral\/wp-json\/wp\/v2\/posts\/12146\/revisions\/12148"}],"wp:featuredmedia":[{"embeddable":true,"href":"https:\/\/unisale.com.br\/pastoral\/wp-json\/wp\/v2\/media\/12147"}],"wp:attachment":[{"href":"https:\/\/unisale.com.br\/pastoral\/wp-json\/wp\/v2\/media?parent=12146"}],"wp:term":[{"taxonomy":"category","embeddable":true,"href":"https:\/\/unisale.com.br\/pastoral\/wp-json\/wp\/v2\/categories?post=12146"},{"taxonomy":"post_tag","embeddable":true,"href":"https:\/\/unisale.com.br\/pastoral\/wp-json\/wp\/v2\/tags?post=12146"}],"curies":[{"name":"wp","href":"https:\/\/api.w.org\/{rel}","templated":true}]}}