{"id":12166,"date":"2025-04-25T18:43:04","date_gmt":"2025-04-25T18:43:04","guid":{"rendered":"https:\/\/unisale.com.br\/pastoral\/?p=12166"},"modified":"2025-04-25T18:43:04","modified_gmt":"2025-04-25T18:43:04","slug":"26-04-ide-pelo-mundo-inteiro-e-anunciai-o-evangelho-a-toda-criatura","status":"publish","type":"post","link":"https:\/\/unisale.com.br\/pastoral\/26-04-ide-pelo-mundo-inteiro-e-anunciai-o-evangelho-a-toda-criatura\/","title":{"rendered":"26\/04 &#8211; Ide pelo mundo inteiro e anunciai o Evangelho a toda criatura!"},"content":{"rendered":"<p>S\u00e1bado, 26 de abril de 2025.<\/p>\n<p>&nbsp;<\/p>\n<p>Evangelho (Mc 16,9-15)<\/p>\n<p>&nbsp;<\/p>\n<p><strong>\u201cIde pelo mundo inteiro e anunciai o Evangelho a toda criatura!\u201d<\/strong><\/p>\n<p>&nbsp;<\/p>\n<p><sup>9<\/sup>Depois de ressuscitar, na madrugada do primeiro dia ap\u00f3s o s\u00e1bado, Jesus apareceu primeiro a Maria Madalena, da qual havia expulsado sete dem\u00f4nios. <sup>10<\/sup>Ela foi anunciar isso aos seguidores de Jesus, que estavam de luto e chorando. <sup>11<\/sup>Quando ouviram que ele estava vivo e fora visto por ela, n\u00e3o quiseram acreditar. <sup>12<\/sup>Em seguida, Jesus apareceu a dois deles, com outra apar\u00eancia, enquanto estavam indo para o campo. <sup>13<\/sup>Eles tamb\u00e9m voltaram e anunciaram isso aos outros. Tamb\u00e9m a estes n\u00e3o deram cr\u00e9dito. <sup>14<\/sup>Por fim, Jesus apareceu aos onze disc\u00edpulos enquanto estavam comendo, repreendeu-os por causa da falta de f\u00e9 e pela dureza de cora\u00e7\u00e3o, porque n\u00e3o tinham acreditado naqueles que o tinham visto ressuscitado. <sup>15<\/sup>E disse-lhes: \u201cIde pelo mundo inteiro e anunciai o Evangelho a toda criatura!\u201d<\/p>\n<p>&nbsp;<\/p>\n<p><strong>Reflex\u00e3o<\/strong><\/p>\n<p>&nbsp;<\/p>\n<p>A ressurrei\u00e7\u00e3o \u00e9 uma experi\u00eancia pessoal ou restrita que pouco a pouco se torna sempre maior e inclusiva. Eis porque o Evangelho de hoje se inicia com o elenco de apari\u00e7\u00f5es. A coisa que, por\u00e9m, chama a aten\u00e7\u00e3o \u00e9 a incredulidade dos disc\u00edpulos que recebem o an\u00fancio: \u201cRessuscitado pela manh\u00e3, o primeiro dia depois do s\u00e1bado, Jesus apareceu primeiro a Maria Madalena, da qual havia expulso sete dem\u00f4nios. Esta foi anuncia-lo a quantos tinham estado com ele e estavam tristes e chorando. Mas estes escutaram que estava vivo e que foi visto por ela, mas n\u00e3o acreditaram\u201d. \u00c9 trabalhoso confiar no testemunho de algu\u00e9m. \u00c9 trabalhoso cultivar, antes de tudo, um sentimento de confian\u00e7a na experi\u00eancia de quem nos circunda ou de quem nos precede em algo. A n\u00f3s agrada verificar as coisas pessoalmente. Em certo sentido isto \u00e9 justo. Chega um momento na vida no qual nos serve entender o que de verdade \u00e9 algo para mim, n\u00e3o para o outro. O cristianismo n\u00e3o pode ser somente a hist\u00f3ria de algu\u00e9m no qual eu confio, deve se tornar a minha hist\u00f3ria. Mas antes de se tornar a minha hist\u00f3ria \u00e9 a experi\u00eancia dos outros o verdadeiro ponto de partida. Para isto existe a Igreja. A Igreja \u00e9 este passaporte que de experi\u00eancia em experi\u00eancia nos alcan\u00e7a, fazendo-nos passar da hist\u00f3ria dos outros \u00e0 nossa mesma experi\u00eancia. \u00c9 um antes que torna poss\u00edvel o depois. Talvez devemos nos reconciliar com a nossa incredulidade. Mas o que conta \u00e9 ter a humildade de deixar de lado a nossa incredulidade quando \u00e9 Cristo mesmo a manifestar-se a cada um de n\u00f3s nos modos e nos tempos que Ele decide para cada um de n\u00f3s.<\/p>\n<p><strong>Pe. Paulo Eduardo J\u00e1como, SDB.<\/strong><\/p>\n","protected":false},"excerpt":{"rendered":"<p>S\u00e1bado, 26 de abril de 2025. &nbsp; Evangelho (Mc 16,9-15) &nbsp; \u201cIde pelo mundo inteiro e anunciai o Evangelho a toda criatura!\u201d &nbsp; 9Depois de&#8230;<\/p>\n","protected":false},"author":1,"featured_media":12167,"comment_status":"closed","ping_status":"closed","sticky":false,"template":"","format":"standard","meta":{"_acf_changed":false,"footnotes":""},"categories":[13],"tags":[],"class_list":["post-12166","post","type-post","status-publish","format-standard","has-post-thumbnail","hentry","category-reflexaodoevagelho"],"acf":[],"yoast_head":"<!-- This site is optimized with the Yoast SEO plugin v27.3 - https:\/\/yoast.com\/product\/yoast-seo-wordpress\/ -->\n<title>26\/04 - Ide pelo mundo inteiro e anunciai o Evangelho a toda criatura! - Pastoral Universit\u00e1ria UniSALESIANO<\/title>\n<meta name=\"robots\" content=\"index, follow, max-snippet:-1, max-image-preview:large, max-video-preview:-1\" \/>\n<link rel=\"canonical\" href=\"https:\/\/unisale.com.br\/pastoral\/26-04-ide-pelo-mundo-inteiro-e-anunciai-o-evangelho-a-toda-criatura\/\" \/>\n<meta property=\"og:locale\" content=\"pt_BR\" \/>\n<meta property=\"og:type\" content=\"article\" \/>\n<meta property=\"og:title\" content=\"26\/04 - Ide pelo mundo inteiro e anunciai o Evangelho a toda criatura! - Pastoral Universit\u00e1ria UniSALESIANO\" \/>\n<meta property=\"og:description\" content=\"S\u00e1bado, 26 de abril de 2025. &nbsp; Evangelho (Mc 16,9-15) &nbsp; \u201cIde pelo mundo inteiro e anunciai o Evangelho a toda criatura!\u201d &nbsp; 9Depois de...\" \/>\n<meta property=\"og:url\" content=\"https:\/\/unisale.com.br\/pastoral\/26-04-ide-pelo-mundo-inteiro-e-anunciai-o-evangelho-a-toda-criatura\/\" \/>\n<meta property=\"og:site_name\" content=\"Pastoral Universit\u00e1ria UniSALESIANO\" \/>\n<meta property=\"article:published_time\" content=\"2025-04-25T18:43:04+00:00\" \/>\n<meta property=\"og:image\" content=\"https:\/\/unisale.com.br\/pastoral\/wp-content\/uploads\/2025\/04\/download-2-1024x1024.png\" \/>\n\t<meta property=\"og:image:width\" content=\"1024\" \/>\n\t<meta property=\"og:image:height\" content=\"1024\" \/>\n\t<meta property=\"og:image:type\" content=\"image\/png\" \/>\n<meta name=\"author\" content=\"pastoral\" \/>\n<meta name=\"twitter:card\" content=\"summary_large_image\" \/>\n<meta name=\"twitter:label1\" content=\"Escrito por\" \/>\n\t<meta name=\"twitter:data1\" content=\"pastoral\" \/>\n\t<meta name=\"twitter:label2\" content=\"Est. tempo de leitura\" \/>\n\t<meta name=\"twitter:data2\" content=\"3 minutos\" \/>\n<script type=\"application\/ld+json\" class=\"yoast-schema-graph\">{\"@context\":\"https:\\\/\\\/schema.org\",\"@graph\":[{\"@type\":\"Article\",\"@id\":\"https:\\\/\\\/unisale.com.br\\\/pastoral\\\/26-04-ide-pelo-mundo-inteiro-e-anunciai-o-evangelho-a-toda-criatura\\\/#article\",\"isPartOf\":{\"@id\":\"https:\\\/\\\/unisale.com.br\\\/pastoral\\\/26-04-ide-pelo-mundo-inteiro-e-anunciai-o-evangelho-a-toda-criatura\\\/\"},\"author\":{\"name\":\"pastoral\",\"@id\":\"https:\\\/\\\/unisale.com.br\\\/pastoral\\\/#\\\/schema\\\/person\\\/a16ba711a0f7dec9cb6b44563144d5a3\"},\"headline\":\"26\\\/04 &#8211; Ide pelo mundo inteiro e anunciai o Evangelho a toda criatura!\",\"datePublished\":\"2025-04-25T18:43:04+00:00\",\"mainEntityOfPage\":{\"@id\":\"https:\\\/\\\/unisale.com.br\\\/pastoral\\\/26-04-ide-pelo-mundo-inteiro-e-anunciai-o-evangelho-a-toda-criatura\\\/\"},\"wordCount\":481,\"image\":{\"@id\":\"https:\\\/\\\/unisale.com.br\\\/pastoral\\\/26-04-ide-pelo-mundo-inteiro-e-anunciai-o-evangelho-a-toda-criatura\\\/#primaryimage\"},\"thumbnailUrl\":\"https:\\\/\\\/unisale.com.br\\\/pastoral\\\/wp-content\\\/uploads\\\/2025\\\/04\\\/download-2.jpg\",\"articleSection\":[\"Reflex\u00e3o do Evangelho\"],\"inLanguage\":\"pt-BR\"},{\"@type\":\"WebPage\",\"@id\":\"https:\\\/\\\/unisale.com.br\\\/pastoral\\\/26-04-ide-pelo-mundo-inteiro-e-anunciai-o-evangelho-a-toda-criatura\\\/\",\"url\":\"https:\\\/\\\/unisale.com.br\\\/pastoral\\\/26-04-ide-pelo-mundo-inteiro-e-anunciai-o-evangelho-a-toda-criatura\\\/\",\"name\":\"26\\\/04 - Ide pelo mundo inteiro e anunciai o Evangelho a toda criatura! - Pastoral Universit\u00e1ria UniSALESIANO\",\"isPartOf\":{\"@id\":\"https:\\\/\\\/unisale.com.br\\\/pastoral\\\/#website\"},\"primaryImageOfPage\":{\"@id\":\"https:\\\/\\\/unisale.com.br\\\/pastoral\\\/26-04-ide-pelo-mundo-inteiro-e-anunciai-o-evangelho-a-toda-criatura\\\/#primaryimage\"},\"image\":{\"@id\":\"https:\\\/\\\/unisale.com.br\\\/pastoral\\\/26-04-ide-pelo-mundo-inteiro-e-anunciai-o-evangelho-a-toda-criatura\\\/#primaryimage\"},\"thumbnailUrl\":\"https:\\\/\\\/unisale.com.br\\\/pastoral\\\/wp-content\\\/uploads\\\/2025\\\/04\\\/download-2.jpg\",\"datePublished\":\"2025-04-25T18:43:04+00:00\",\"author\":{\"@id\":\"https:\\\/\\\/unisale.com.br\\\/pastoral\\\/#\\\/schema\\\/person\\\/a16ba711a0f7dec9cb6b44563144d5a3\"},\"inLanguage\":\"pt-BR\",\"potentialAction\":[{\"@type\":\"ReadAction\",\"target\":[\"https:\\\/\\\/unisale.com.br\\\/pastoral\\\/26-04-ide-pelo-mundo-inteiro-e-anunciai-o-evangelho-a-toda-criatura\\\/\"]}]},{\"@type\":\"ImageObject\",\"inLanguage\":\"pt-BR\",\"@id\":\"https:\\\/\\\/unisale.com.br\\\/pastoral\\\/26-04-ide-pelo-mundo-inteiro-e-anunciai-o-evangelho-a-toda-criatura\\\/#primaryimage\",\"url\":\"https:\\\/\\\/unisale.com.br\\\/pastoral\\\/wp-content\\\/uploads\\\/2025\\\/04\\\/download-2.jpg\",\"contentUrl\":\"https:\\\/\\\/unisale.com.br\\\/pastoral\\\/wp-content\\\/uploads\\\/2025\\\/04\\\/download-2.jpg\",\"width\":500,\"height\":500},{\"@type\":\"WebSite\",\"@id\":\"https:\\\/\\\/unisale.com.br\\\/pastoral\\\/#website\",\"url\":\"https:\\\/\\\/unisale.com.br\\\/pastoral\\\/\",\"name\":\"Pastoral Universit\u00e1ria UniSALESIANO\",\"description\":\"Site da Pastoral Universit\u00e1ria do UniSALESIANO\",\"potentialAction\":[{\"@type\":\"SearchAction\",\"target\":{\"@type\":\"EntryPoint\",\"urlTemplate\":\"https:\\\/\\\/unisale.com.br\\\/pastoral\\\/?s={search_term_string}\"},\"query-input\":{\"@type\":\"PropertyValueSpecification\",\"valueRequired\":true,\"valueName\":\"search_term_string\"}}],\"inLanguage\":\"pt-BR\"},{\"@type\":\"Person\",\"@id\":\"https:\\\/\\\/unisale.com.br\\\/pastoral\\\/#\\\/schema\\\/person\\\/a16ba711a0f7dec9cb6b44563144d5a3\",\"name\":\"pastoral\",\"url\":\"https:\\\/\\\/unisale.com.br\\\/pastoral\\\/author\\\/pastoral\\\/\"}]}<\/script>\n<!-- \/ Yoast SEO plugin. -->","yoast_head_json":{"title":"26\/04 - Ide pelo mundo inteiro e anunciai o Evangelho a toda criatura! - Pastoral Universit\u00e1ria UniSALESIANO","robots":{"index":"index","follow":"follow","max-snippet":"max-snippet:-1","max-image-preview":"max-image-preview:large","max-video-preview":"max-video-preview:-1"},"canonical":"https:\/\/unisale.com.br\/pastoral\/26-04-ide-pelo-mundo-inteiro-e-anunciai-o-evangelho-a-toda-criatura\/","og_locale":"pt_BR","og_type":"article","og_title":"26\/04 - Ide pelo mundo inteiro e anunciai o Evangelho a toda criatura! - Pastoral Universit\u00e1ria UniSALESIANO","og_description":"S\u00e1bado, 26 de abril de 2025. &nbsp; Evangelho (Mc 16,9-15) &nbsp; \u201cIde pelo mundo inteiro e anunciai o Evangelho a toda criatura!\u201d &nbsp; 9Depois de...","og_url":"https:\/\/unisale.com.br\/pastoral\/26-04-ide-pelo-mundo-inteiro-e-anunciai-o-evangelho-a-toda-criatura\/","og_site_name":"Pastoral Universit\u00e1ria UniSALESIANO","article_published_time":"2025-04-25T18:43:04+00:00","og_image":[{"width":1024,"height":1024,"url":"https:\/\/unisale.com.br\/pastoral\/wp-content\/uploads\/2025\/04\/download-2-1024x1024.png","type":"image\/png"}],"author":"pastoral","twitter_card":"summary_large_image","twitter_misc":{"Escrito por":"pastoral","Est. tempo de leitura":"3 minutos"},"schema":{"@context":"https:\/\/schema.org","@graph":[{"@type":"Article","@id":"https:\/\/unisale.com.br\/pastoral\/26-04-ide-pelo-mundo-inteiro-e-anunciai-o-evangelho-a-toda-criatura\/#article","isPartOf":{"@id":"https:\/\/unisale.com.br\/pastoral\/26-04-ide-pelo-mundo-inteiro-e-anunciai-o-evangelho-a-toda-criatura\/"},"author":{"name":"pastoral","@id":"https:\/\/unisale.com.br\/pastoral\/#\/schema\/person\/a16ba711a0f7dec9cb6b44563144d5a3"},"headline":"26\/04 &#8211; Ide pelo mundo inteiro e anunciai o Evangelho a toda criatura!","datePublished":"2025-04-25T18:43:04+00:00","mainEntityOfPage":{"@id":"https:\/\/unisale.com.br\/pastoral\/26-04-ide-pelo-mundo-inteiro-e-anunciai-o-evangelho-a-toda-criatura\/"},"wordCount":481,"image":{"@id":"https:\/\/unisale.com.br\/pastoral\/26-04-ide-pelo-mundo-inteiro-e-anunciai-o-evangelho-a-toda-criatura\/#primaryimage"},"thumbnailUrl":"https:\/\/unisale.com.br\/pastoral\/wp-content\/uploads\/2025\/04\/download-2.jpg","articleSection":["Reflex\u00e3o do Evangelho"],"inLanguage":"pt-BR"},{"@type":"WebPage","@id":"https:\/\/unisale.com.br\/pastoral\/26-04-ide-pelo-mundo-inteiro-e-anunciai-o-evangelho-a-toda-criatura\/","url":"https:\/\/unisale.com.br\/pastoral\/26-04-ide-pelo-mundo-inteiro-e-anunciai-o-evangelho-a-toda-criatura\/","name":"26\/04 - Ide pelo mundo inteiro e anunciai o Evangelho a toda criatura! - Pastoral Universit\u00e1ria UniSALESIANO","isPartOf":{"@id":"https:\/\/unisale.com.br\/pastoral\/#website"},"primaryImageOfPage":{"@id":"https:\/\/unisale.com.br\/pastoral\/26-04-ide-pelo-mundo-inteiro-e-anunciai-o-evangelho-a-toda-criatura\/#primaryimage"},"image":{"@id":"https:\/\/unisale.com.br\/pastoral\/26-04-ide-pelo-mundo-inteiro-e-anunciai-o-evangelho-a-toda-criatura\/#primaryimage"},"thumbnailUrl":"https:\/\/unisale.com.br\/pastoral\/wp-content\/uploads\/2025\/04\/download-2.jpg","datePublished":"2025-04-25T18:43:04+00:00","author":{"@id":"https:\/\/unisale.com.br\/pastoral\/#\/schema\/person\/a16ba711a0f7dec9cb6b44563144d5a3"},"inLanguage":"pt-BR","potentialAction":[{"@type":"ReadAction","target":["https:\/\/unisale.com.br\/pastoral\/26-04-ide-pelo-mundo-inteiro-e-anunciai-o-evangelho-a-toda-criatura\/"]}]},{"@type":"ImageObject","inLanguage":"pt-BR","@id":"https:\/\/unisale.com.br\/pastoral\/26-04-ide-pelo-mundo-inteiro-e-anunciai-o-evangelho-a-toda-criatura\/#primaryimage","url":"https:\/\/unisale.com.br\/pastoral\/wp-content\/uploads\/2025\/04\/download-2.jpg","contentUrl":"https:\/\/unisale.com.br\/pastoral\/wp-content\/uploads\/2025\/04\/download-2.jpg","width":500,"height":500},{"@type":"WebSite","@id":"https:\/\/unisale.com.br\/pastoral\/#website","url":"https:\/\/unisale.com.br\/pastoral\/","name":"Pastoral Universit\u00e1ria UniSALESIANO","description":"Site da Pastoral Universit\u00e1ria do UniSALESIANO","potentialAction":[{"@type":"SearchAction","target":{"@type":"EntryPoint","urlTemplate":"https:\/\/unisale.com.br\/pastoral\/?s={search_term_string}"},"query-input":{"@type":"PropertyValueSpecification","valueRequired":true,"valueName":"search_term_string"}}],"inLanguage":"pt-BR"},{"@type":"Person","@id":"https:\/\/unisale.com.br\/pastoral\/#\/schema\/person\/a16ba711a0f7dec9cb6b44563144d5a3","name":"pastoral","url":"https:\/\/unisale.com.br\/pastoral\/author\/pastoral\/"}]}},"_links":{"self":[{"href":"https:\/\/unisale.com.br\/pastoral\/wp-json\/wp\/v2\/posts\/12166","targetHints":{"allow":["GET"]}}],"collection":[{"href":"https:\/\/unisale.com.br\/pastoral\/wp-json\/wp\/v2\/posts"}],"about":[{"href":"https:\/\/unisale.com.br\/pastoral\/wp-json\/wp\/v2\/types\/post"}],"author":[{"embeddable":true,"href":"https:\/\/unisale.com.br\/pastoral\/wp-json\/wp\/v2\/users\/1"}],"replies":[{"embeddable":true,"href":"https:\/\/unisale.com.br\/pastoral\/wp-json\/wp\/v2\/comments?post=12166"}],"version-history":[{"count":1,"href":"https:\/\/unisale.com.br\/pastoral\/wp-json\/wp\/v2\/posts\/12166\/revisions"}],"predecessor-version":[{"id":12168,"href":"https:\/\/unisale.com.br\/pastoral\/wp-json\/wp\/v2\/posts\/12166\/revisions\/12168"}],"wp:featuredmedia":[{"embeddable":true,"href":"https:\/\/unisale.com.br\/pastoral\/wp-json\/wp\/v2\/media\/12167"}],"wp:attachment":[{"href":"https:\/\/unisale.com.br\/pastoral\/wp-json\/wp\/v2\/media?parent=12166"}],"wp:term":[{"taxonomy":"category","embeddable":true,"href":"https:\/\/unisale.com.br\/pastoral\/wp-json\/wp\/v2\/categories?post=12166"},{"taxonomy":"post_tag","embeddable":true,"href":"https:\/\/unisale.com.br\/pastoral\/wp-json\/wp\/v2\/tags?post=12166"}],"curies":[{"name":"wp","href":"https:\/\/api.w.org\/{rel}","templated":true}]}}