{"id":12237,"date":"2025-04-30T12:56:42","date_gmt":"2025-04-30T12:56:42","guid":{"rendered":"https:\/\/unisale.com.br\/pastoral\/?p=12237"},"modified":"2025-04-30T12:56:42","modified_gmt":"2025-04-30T12:56:42","slug":"2a-jornada-salesiana-fortalece-a-fe-e-o-protagonismo-juvenil-ancorados-na-esperanca","status":"publish","type":"post","link":"https:\/\/unisale.com.br\/pastoral\/2a-jornada-salesiana-fortalece-a-fe-e-o-protagonismo-juvenil-ancorados-na-esperanca\/","title":{"rendered":"2\u00aa Jornada Salesiana fortalece a f\u00e9 e o protagonismo juvenil: \u201cAncorados na Esperan\u00e7a\u201d"},"content":{"rendered":"<p>Alunos do\u00a0<strong>Col\u00e9gio Salesiano \u201cDom Luiz Lasagna\u201d<\/strong>\u00a0se reuniram no UniSALESIANO, entre os dias 14 a 16 de mar\u00e7o, para participarem da<strong>\u00a02\u00aa Jornada Salesiana.<\/strong><br \/>\nCom o tema\u00a0<strong>\u201cAncorados na Esperan\u00e7a\u201d,<\/strong>\u00a0que foi inspirado na motiva\u00e7\u00e3o para a Fam\u00edlia Salesiana em 2025, a jornada foi acompanhada pelo\u00a0<strong>Pr\u00f3-Reitor de Pastoral, Pe. Paulo J\u00e1como, SDB<\/strong>, com a coordena\u00e7\u00e3o do colaborador\u00a0<strong>Bruno Henrique Ferreira Carvalho<\/strong>, e equipe de pastoral do Col\u00e9gio e UniSALESIANO. Contou tamb\u00e9m com volunt\u00e1rios acad\u00eamicos e alunos.<\/p>\n<p>Durante os tr\u00eas dias de jornada, os jovens do 9\u00ba ano do Ensino Fundamental e das 1\u00aa e 2\u00aa s\u00e9ries do Ensino M\u00e9dio, tiveram momentos de reflex\u00e3o, din\u00e2micas e viv\u00eancias pastorais, sempre guiados pelo carisma salesiano.<\/p>\n<p>Segundo o\u00a0<strong>Coordenador de Pastoral do Col\u00e9gio Salesiano, Jos\u00e9 Valentim da Silva Filho<\/strong>, a experi\u00eancia fortalece o compromisso dos alunos com a f\u00e9 e a comunidade. \u201cA jornada \u00e9 um convite para que os jovens se sintam parte de algo maior, entendam a import\u00e2ncia da espiritualidade em suas vidas e percebam que a F\u00e9 \u00e9 a esperan\u00e7a s\u00e3o \u00e2ncoras que nos mant\u00e9m firmes diante dos desafios\u201d, destacou.<\/p>\n<p><strong>AJS<\/strong><\/p>\n<p>Al\u00e9m de proporcionar um espa\u00e7o de crescimento pessoal e espiritual, a jornada tamb\u00e9m prop\u00f5e a forma\u00e7\u00e3o de grupos juvenis dentro do ambiente escolar, fortalecendo a Articula\u00e7\u00e3o da Juventude Salesiana (AJS). Valentim afirma que essa constru\u00e7\u00e3o coletiva \u00e9 essencial para a viv\u00eancia salesiana no cotidiano dos estudantes. \u201cQueremos que essa experi\u00eancia se estenda para al\u00e9m da Jornada . A ideia \u00e9 que os jovens levem essa viv\u00eancia para seu grupo de amigos, suas realidades, transformando o ambiente escolar e social com os valores que aprenderam aqui\u201d, ressaltou.<\/p>\n<p>Para o diretor do evento, a 2\u00aa Jornada Salesiana reafirmou o compromisso de educar e evangelizar com alegria, esperan\u00e7a e protagonismo juvenil, inspirando os alunos a viverem o carisma salesiano em sua plenitude.<\/p>\n<p>A aluna do 2\u00ba ano do Ensino M\u00e9dio,\u00a0<strong>J\u00falia Souza Moroti<\/strong>, disse ter achado a experi\u00eancia incr\u00edvel. \u201cL\u00e1, me senti segura e muito especial com o amor de Jesus. Se eu pudesse, reviveria esse momento que eu tive v\u00e1rias vezes\u201d, comentou.<\/p>\n<p>Por fim, o estudante do 9\u00ba ano do Ensino Fundamental,<strong>\u00a0Jos\u00e9 Henrique Favarin Celestino<\/strong>, refor\u00e7ou que viveu momentos de mudan\u00e7a com a Jornada, dando a oportunidade de pensar em atitudes sempre melhores. \u201cFoi um momento da minha vida que eu consegui me aproximar de Deus, foi incr\u00edvel! Parecia que Jesus estava ali do meu lado, e realmente estava\u201d, concluiu.<\/p>\n<p>&nbsp;<\/p>\n\n\t\t<style type=\"text\/css\">\n\t\t\t#gallery-1 {\n\t\t\t\tmargin: auto;\n\t\t\t}\n\t\t\t#gallery-1 .gallery-item {\n\t\t\t\tfloat: left;\n\t\t\t\tmargin-top: 10px;\n\t\t\t\ttext-align: center;\n\t\t\t\twidth: 33%;\n\t\t\t}\n\t\t\t#gallery-1 img {\n\t\t\t\tborder: 2px solid #cfcfcf;\n\t\t\t}\n\t\t\t#gallery-1 .gallery-caption {\n\t\t\t\tmargin-left: 0;\n\t\t\t}\n\t\t\t\/* see gallery_shortcode() in wp-includes\/media.php *\/\n\t\t<\/style>\n\t\t<div id='gallery-1' class='gallery galleryid-12237 gallery-columns-3 gallery-size-thumbnail'><dl class='gallery-item'>\n\t\t\t<dt class='gallery-icon landscape'>\n\t\t\t\t<a href='https:\/\/unisale.com.br\/pastoral\/2a-jornada-salesiana-fortalece-a-fe-e-o-protagonismo-juvenil-ancorados-na-esperanca\/img_9508-1024x683\/'><img decoding=\"async\" width=\"150\" height=\"150\" src=\"https:\/\/unisale.com.br\/pastoral\/wp-content\/uploads\/2025\/04\/IMG_9508-1024x683-1-150x150.jpg\" class=\"attachment-thumbnail size-thumbnail\" alt=\"\" \/><\/a>\n\t\t\t<\/dt><\/dl><dl class='gallery-item'>\n\t\t\t<dt class='gallery-icon landscape'>\n\t\t\t\t<a href='https:\/\/unisale.com.br\/pastoral\/2a-jornada-salesiana-fortalece-a-fe-e-o-protagonismo-juvenil-ancorados-na-esperanca\/img_9504-1024x683\/'><img decoding=\"async\" width=\"150\" height=\"150\" src=\"https:\/\/unisale.com.br\/pastoral\/wp-content\/uploads\/2025\/04\/IMG_9504-1024x683-1-150x150.jpg\" class=\"attachment-thumbnail size-thumbnail\" alt=\"\" \/><\/a>\n\t\t\t<\/dt><\/dl><dl class='gallery-item'>\n\t\t\t<dt class='gallery-icon landscape'>\n\t\t\t\t<a href='https:\/\/unisale.com.br\/pastoral\/2a-jornada-salesiana-fortalece-a-fe-e-o-protagonismo-juvenil-ancorados-na-esperanca\/img_9495-1024x683\/'><img decoding=\"async\" width=\"150\" height=\"150\" src=\"https:\/\/unisale.com.br\/pastoral\/wp-content\/uploads\/2025\/04\/IMG_9495-1024x683-1-150x150.jpg\" class=\"attachment-thumbnail size-thumbnail\" alt=\"\" \/><\/a>\n\t\t\t<\/dt><\/dl><br style=\"clear: both\" \/><dl class='gallery-item'>\n\t\t\t<dt class='gallery-icon landscape'>\n\t\t\t\t<a href='https:\/\/unisale.com.br\/pastoral\/2a-jornada-salesiana-fortalece-a-fe-e-o-protagonismo-juvenil-ancorados-na-esperanca\/img_9482-1024x683\/'><img loading=\"lazy\" decoding=\"async\" width=\"150\" height=\"150\" src=\"https:\/\/unisale.com.br\/pastoral\/wp-content\/uploads\/2025\/04\/IMG_9482-1024x683-1-150x150.jpg\" class=\"attachment-thumbnail size-thumbnail\" alt=\"\" \/><\/a>\n\t\t\t<\/dt><\/dl><dl class='gallery-item'>\n\t\t\t<dt class='gallery-icon landscape'>\n\t\t\t\t<a href='https:\/\/unisale.com.br\/pastoral\/2a-jornada-salesiana-fortalece-a-fe-e-o-protagonismo-juvenil-ancorados-na-esperanca\/img_9480-1024x683\/'><img loading=\"lazy\" decoding=\"async\" width=\"150\" height=\"150\" src=\"https:\/\/unisale.com.br\/pastoral\/wp-content\/uploads\/2025\/04\/IMG_9480-1024x683-1-150x150.jpg\" class=\"attachment-thumbnail size-thumbnail\" alt=\"\" \/><\/a>\n\t\t\t<\/dt><\/dl><dl class='gallery-item'>\n\t\t\t<dt class='gallery-icon landscape'>\n\t\t\t\t<a href='https:\/\/unisale.com.br\/pastoral\/2a-jornada-salesiana-fortalece-a-fe-e-o-protagonismo-juvenil-ancorados-na-esperanca\/img_9555-1024x683\/'><img loading=\"lazy\" decoding=\"async\" width=\"150\" height=\"150\" src=\"https:\/\/unisale.com.br\/pastoral\/wp-content\/uploads\/2025\/04\/IMG_9555-1024x683-1-150x150.jpg\" class=\"attachment-thumbnail size-thumbnail\" alt=\"\" \/><\/a>\n\t\t\t<\/dt><\/dl><br style=\"clear: both\" \/><dl class='gallery-item'>\n\t\t\t<dt class='gallery-icon landscape'>\n\t\t\t\t<a href='https:\/\/unisale.com.br\/pastoral\/2a-jornada-salesiana-fortalece-a-fe-e-o-protagonismo-juvenil-ancorados-na-esperanca\/img_9548-1024x683-2\/'><img loading=\"lazy\" decoding=\"async\" width=\"150\" height=\"150\" src=\"https:\/\/unisale.com.br\/pastoral\/wp-content\/uploads\/2025\/04\/IMG_9548-1024x683-1-150x150.jpg\" class=\"attachment-thumbnail size-thumbnail\" alt=\"\" \/><\/a>\n\t\t\t<\/dt><\/dl><dl class='gallery-item'>\n\t\t\t<dt class='gallery-icon landscape'>\n\t\t\t\t<a href='https:\/\/unisale.com.br\/pastoral\/2a-jornada-salesiana-fortalece-a-fe-e-o-protagonismo-juvenil-ancorados-na-esperanca\/img_9545-1024x683\/'><img loading=\"lazy\" decoding=\"async\" width=\"150\" height=\"150\" src=\"https:\/\/unisale.com.br\/pastoral\/wp-content\/uploads\/2025\/04\/IMG_9545-1024x683-1-150x150.jpg\" class=\"attachment-thumbnail size-thumbnail\" alt=\"\" \/><\/a>\n\t\t\t<\/dt><\/dl><dl class='gallery-item'>\n\t\t\t<dt class='gallery-icon landscape'>\n\t\t\t\t<a href='https:\/\/unisale.com.br\/pastoral\/2a-jornada-salesiana-fortalece-a-fe-e-o-protagonismo-juvenil-ancorados-na-esperanca\/img_9539-1024x683\/'><img loading=\"lazy\" decoding=\"async\" width=\"150\" height=\"150\" src=\"https:\/\/unisale.com.br\/pastoral\/wp-content\/uploads\/2025\/04\/IMG_9539-1024x683-1-150x150.jpg\" class=\"attachment-thumbnail size-thumbnail\" alt=\"\" \/><\/a>\n\t\t\t<\/dt><\/dl><br style=\"clear: both\" \/><dl class='gallery-item'>\n\t\t\t<dt class='gallery-icon landscape'>\n\t\t\t\t<a href='https:\/\/unisale.com.br\/pastoral\/2a-jornada-salesiana-fortalece-a-fe-e-o-protagonismo-juvenil-ancorados-na-esperanca\/img_9514-1024x683\/'><img loading=\"lazy\" decoding=\"async\" width=\"150\" height=\"150\" src=\"https:\/\/unisale.com.br\/pastoral\/wp-content\/uploads\/2025\/04\/IMG_9514-1024x683-1-150x150.jpg\" class=\"attachment-thumbnail size-thumbnail\" alt=\"\" \/><\/a>\n\t\t\t<\/dt><\/dl>\n\t\t\t<br style='clear: both' \/>\n\t\t<\/div>\n\n","protected":false},"excerpt":{"rendered":"<p>Alunos do\u00a0Col\u00e9gio Salesiano \u201cDom Luiz Lasagna\u201d\u00a0se reuniram no UniSALESIANO, entre os dias 14 a 16 de mar\u00e7o, para participarem da\u00a02\u00aa Jornada Salesiana. Com o tema\u00a0\u201cAncorados&#8230;<\/p>\n","protected":false},"author":1,"featured_media":12243,"comment_status":"closed","ping_status":"closed","sticky":false,"template":"","format":"standard","meta":{"_acf_changed":false,"footnotes":""},"categories":[3],"tags":[],"class_list":["post-12237","post","type-post","status-publish","format-standard","has-post-thumbnail","hentry","category-not"],"acf":[],"yoast_head":"<!-- This site is optimized with the Yoast SEO plugin v27.3 - https:\/\/yoast.com\/product\/yoast-seo-wordpress\/ -->\n<title>2\u00aa Jornada Salesiana fortalece a f\u00e9 e o protagonismo juvenil: \u201cAncorados na Esperan\u00e7a\u201d - Pastoral Universit\u00e1ria UniSALESIANO<\/title>\n<meta name=\"robots\" content=\"index, follow, max-snippet:-1, max-image-preview:large, max-video-preview:-1\" \/>\n<link rel=\"canonical\" href=\"https:\/\/unisale.com.br\/pastoral\/2a-jornada-salesiana-fortalece-a-fe-e-o-protagonismo-juvenil-ancorados-na-esperanca\/\" \/>\n<meta property=\"og:locale\" content=\"pt_BR\" \/>\n<meta property=\"og:type\" content=\"article\" \/>\n<meta property=\"og:title\" content=\"2\u00aa Jornada Salesiana fortalece a f\u00e9 e o protagonismo juvenil: \u201cAncorados na Esperan\u00e7a\u201d - Pastoral Universit\u00e1ria UniSALESIANO\" \/>\n<meta property=\"og:description\" content=\"Alunos do\u00a0Col\u00e9gio Salesiano \u201cDom Luiz Lasagna\u201d\u00a0se reuniram no UniSALESIANO, entre os dias 14 a 16 de mar\u00e7o, para participarem da\u00a02\u00aa Jornada Salesiana. Com o tema\u00a0\u201cAncorados...\" \/>\n<meta property=\"og:url\" content=\"https:\/\/unisale.com.br\/pastoral\/2a-jornada-salesiana-fortalece-a-fe-e-o-protagonismo-juvenil-ancorados-na-esperanca\/\" \/>\n<meta property=\"og:site_name\" content=\"Pastoral Universit\u00e1ria UniSALESIANO\" \/>\n<meta property=\"article:published_time\" content=\"2025-04-30T12:56:42+00:00\" \/>\n<meta property=\"og:image\" content=\"https:\/\/unisale.com.br\/pastoral\/wp-content\/uploads\/2025\/04\/IMG_9479-768x512-1.jpg\" \/>\n\t<meta property=\"og:image:width\" content=\"768\" \/>\n\t<meta property=\"og:image:height\" content=\"512\" \/>\n\t<meta property=\"og:image:type\" content=\"image\/jpeg\" \/>\n<meta name=\"author\" content=\"pastoral\" \/>\n<meta name=\"twitter:card\" content=\"summary_large_image\" \/>\n<meta name=\"twitter:label1\" content=\"Escrito por\" \/>\n\t<meta name=\"twitter:data1\" content=\"pastoral\" \/>\n\t<meta name=\"twitter:label2\" content=\"Est. tempo de leitura\" \/>\n\t<meta name=\"twitter:data2\" content=\"3 minutos\" \/>\n<script type=\"application\/ld+json\" class=\"yoast-schema-graph\">{\"@context\":\"https:\\\/\\\/schema.org\",\"@graph\":[{\"@type\":\"Article\",\"@id\":\"https:\\\/\\\/unisale.com.br\\\/pastoral\\\/2a-jornada-salesiana-fortalece-a-fe-e-o-protagonismo-juvenil-ancorados-na-esperanca\\\/#article\",\"isPartOf\":{\"@id\":\"https:\\\/\\\/unisale.com.br\\\/pastoral\\\/2a-jornada-salesiana-fortalece-a-fe-e-o-protagonismo-juvenil-ancorados-na-esperanca\\\/\"},\"author\":{\"name\":\"pastoral\",\"@id\":\"https:\\\/\\\/unisale.com.br\\\/pastoral\\\/#\\\/schema\\\/person\\\/a16ba711a0f7dec9cb6b44563144d5a3\"},\"headline\":\"2\u00aa Jornada Salesiana fortalece a f\u00e9 e o protagonismo juvenil: \u201cAncorados na Esperan\u00e7a\u201d\",\"datePublished\":\"2025-04-30T12:56:42+00:00\",\"mainEntityOfPage\":{\"@id\":\"https:\\\/\\\/unisale.com.br\\\/pastoral\\\/2a-jornada-salesiana-fortalece-a-fe-e-o-protagonismo-juvenil-ancorados-na-esperanca\\\/\"},\"wordCount\":446,\"image\":{\"@id\":\"https:\\\/\\\/unisale.com.br\\\/pastoral\\\/2a-jornada-salesiana-fortalece-a-fe-e-o-protagonismo-juvenil-ancorados-na-esperanca\\\/#primaryimage\"},\"thumbnailUrl\":\"https:\\\/\\\/unisale.com.br\\\/pastoral\\\/wp-content\\\/uploads\\\/2025\\\/04\\\/IMG_9479-768x512-1.jpg\",\"articleSection\":[\"Not\u00edcias\"],\"inLanguage\":\"pt-BR\"},{\"@type\":\"WebPage\",\"@id\":\"https:\\\/\\\/unisale.com.br\\\/pastoral\\\/2a-jornada-salesiana-fortalece-a-fe-e-o-protagonismo-juvenil-ancorados-na-esperanca\\\/\",\"url\":\"https:\\\/\\\/unisale.com.br\\\/pastoral\\\/2a-jornada-salesiana-fortalece-a-fe-e-o-protagonismo-juvenil-ancorados-na-esperanca\\\/\",\"name\":\"2\u00aa Jornada Salesiana fortalece a f\u00e9 e o protagonismo juvenil: \u201cAncorados na Esperan\u00e7a\u201d - Pastoral Universit\u00e1ria UniSALESIANO\",\"isPartOf\":{\"@id\":\"https:\\\/\\\/unisale.com.br\\\/pastoral\\\/#website\"},\"primaryImageOfPage\":{\"@id\":\"https:\\\/\\\/unisale.com.br\\\/pastoral\\\/2a-jornada-salesiana-fortalece-a-fe-e-o-protagonismo-juvenil-ancorados-na-esperanca\\\/#primaryimage\"},\"image\":{\"@id\":\"https:\\\/\\\/unisale.com.br\\\/pastoral\\\/2a-jornada-salesiana-fortalece-a-fe-e-o-protagonismo-juvenil-ancorados-na-esperanca\\\/#primaryimage\"},\"thumbnailUrl\":\"https:\\\/\\\/unisale.com.br\\\/pastoral\\\/wp-content\\\/uploads\\\/2025\\\/04\\\/IMG_9479-768x512-1.jpg\",\"datePublished\":\"2025-04-30T12:56:42+00:00\",\"author\":{\"@id\":\"https:\\\/\\\/unisale.com.br\\\/pastoral\\\/#\\\/schema\\\/person\\\/a16ba711a0f7dec9cb6b44563144d5a3\"},\"inLanguage\":\"pt-BR\",\"potentialAction\":[{\"@type\":\"ReadAction\",\"target\":[\"https:\\\/\\\/unisale.com.br\\\/pastoral\\\/2a-jornada-salesiana-fortalece-a-fe-e-o-protagonismo-juvenil-ancorados-na-esperanca\\\/\"]}]},{\"@type\":\"ImageObject\",\"inLanguage\":\"pt-BR\",\"@id\":\"https:\\\/\\\/unisale.com.br\\\/pastoral\\\/2a-jornada-salesiana-fortalece-a-fe-e-o-protagonismo-juvenil-ancorados-na-esperanca\\\/#primaryimage\",\"url\":\"https:\\\/\\\/unisale.com.br\\\/pastoral\\\/wp-content\\\/uploads\\\/2025\\\/04\\\/IMG_9479-768x512-1.jpg\",\"contentUrl\":\"https:\\\/\\\/unisale.com.br\\\/pastoral\\\/wp-content\\\/uploads\\\/2025\\\/04\\\/IMG_9479-768x512-1.jpg\",\"width\":750,\"height\":500},{\"@type\":\"WebSite\",\"@id\":\"https:\\\/\\\/unisale.com.br\\\/pastoral\\\/#website\",\"url\":\"https:\\\/\\\/unisale.com.br\\\/pastoral\\\/\",\"name\":\"Pastoral Universit\u00e1ria UniSALESIANO\",\"description\":\"Site da Pastoral Universit\u00e1ria do UniSALESIANO\",\"potentialAction\":[{\"@type\":\"SearchAction\",\"target\":{\"@type\":\"EntryPoint\",\"urlTemplate\":\"https:\\\/\\\/unisale.com.br\\\/pastoral\\\/?s={search_term_string}\"},\"query-input\":{\"@type\":\"PropertyValueSpecification\",\"valueRequired\":true,\"valueName\":\"search_term_string\"}}],\"inLanguage\":\"pt-BR\"},{\"@type\":\"Person\",\"@id\":\"https:\\\/\\\/unisale.com.br\\\/pastoral\\\/#\\\/schema\\\/person\\\/a16ba711a0f7dec9cb6b44563144d5a3\",\"name\":\"pastoral\",\"url\":\"https:\\\/\\\/unisale.com.br\\\/pastoral\\\/author\\\/pastoral\\\/\"}]}<\/script>\n<!-- \/ Yoast SEO plugin. -->","yoast_head_json":{"title":"2\u00aa Jornada Salesiana fortalece a f\u00e9 e o protagonismo juvenil: \u201cAncorados na Esperan\u00e7a\u201d - Pastoral Universit\u00e1ria UniSALESIANO","robots":{"index":"index","follow":"follow","max-snippet":"max-snippet:-1","max-image-preview":"max-image-preview:large","max-video-preview":"max-video-preview:-1"},"canonical":"https:\/\/unisale.com.br\/pastoral\/2a-jornada-salesiana-fortalece-a-fe-e-o-protagonismo-juvenil-ancorados-na-esperanca\/","og_locale":"pt_BR","og_type":"article","og_title":"2\u00aa Jornada Salesiana fortalece a f\u00e9 e o protagonismo juvenil: \u201cAncorados na Esperan\u00e7a\u201d - Pastoral Universit\u00e1ria UniSALESIANO","og_description":"Alunos do\u00a0Col\u00e9gio Salesiano \u201cDom Luiz Lasagna\u201d\u00a0se reuniram no UniSALESIANO, entre os dias 14 a 16 de mar\u00e7o, para participarem da\u00a02\u00aa Jornada Salesiana. Com o tema\u00a0\u201cAncorados...","og_url":"https:\/\/unisale.com.br\/pastoral\/2a-jornada-salesiana-fortalece-a-fe-e-o-protagonismo-juvenil-ancorados-na-esperanca\/","og_site_name":"Pastoral Universit\u00e1ria UniSALESIANO","article_published_time":"2025-04-30T12:56:42+00:00","og_image":[{"width":768,"height":512,"url":"https:\/\/unisale.com.br\/pastoral\/wp-content\/uploads\/2025\/04\/IMG_9479-768x512-1.jpg","type":"image\/jpeg"}],"author":"pastoral","twitter_card":"summary_large_image","twitter_misc":{"Escrito por":"pastoral","Est. tempo de leitura":"3 minutos"},"schema":{"@context":"https:\/\/schema.org","@graph":[{"@type":"Article","@id":"https:\/\/unisale.com.br\/pastoral\/2a-jornada-salesiana-fortalece-a-fe-e-o-protagonismo-juvenil-ancorados-na-esperanca\/#article","isPartOf":{"@id":"https:\/\/unisale.com.br\/pastoral\/2a-jornada-salesiana-fortalece-a-fe-e-o-protagonismo-juvenil-ancorados-na-esperanca\/"},"author":{"name":"pastoral","@id":"https:\/\/unisale.com.br\/pastoral\/#\/schema\/person\/a16ba711a0f7dec9cb6b44563144d5a3"},"headline":"2\u00aa Jornada Salesiana fortalece a f\u00e9 e o protagonismo juvenil: \u201cAncorados na Esperan\u00e7a\u201d","datePublished":"2025-04-30T12:56:42+00:00","mainEntityOfPage":{"@id":"https:\/\/unisale.com.br\/pastoral\/2a-jornada-salesiana-fortalece-a-fe-e-o-protagonismo-juvenil-ancorados-na-esperanca\/"},"wordCount":446,"image":{"@id":"https:\/\/unisale.com.br\/pastoral\/2a-jornada-salesiana-fortalece-a-fe-e-o-protagonismo-juvenil-ancorados-na-esperanca\/#primaryimage"},"thumbnailUrl":"https:\/\/unisale.com.br\/pastoral\/wp-content\/uploads\/2025\/04\/IMG_9479-768x512-1.jpg","articleSection":["Not\u00edcias"],"inLanguage":"pt-BR"},{"@type":"WebPage","@id":"https:\/\/unisale.com.br\/pastoral\/2a-jornada-salesiana-fortalece-a-fe-e-o-protagonismo-juvenil-ancorados-na-esperanca\/","url":"https:\/\/unisale.com.br\/pastoral\/2a-jornada-salesiana-fortalece-a-fe-e-o-protagonismo-juvenil-ancorados-na-esperanca\/","name":"2\u00aa Jornada Salesiana fortalece a f\u00e9 e o protagonismo juvenil: \u201cAncorados na Esperan\u00e7a\u201d - Pastoral Universit\u00e1ria UniSALESIANO","isPartOf":{"@id":"https:\/\/unisale.com.br\/pastoral\/#website"},"primaryImageOfPage":{"@id":"https:\/\/unisale.com.br\/pastoral\/2a-jornada-salesiana-fortalece-a-fe-e-o-protagonismo-juvenil-ancorados-na-esperanca\/#primaryimage"},"image":{"@id":"https:\/\/unisale.com.br\/pastoral\/2a-jornada-salesiana-fortalece-a-fe-e-o-protagonismo-juvenil-ancorados-na-esperanca\/#primaryimage"},"thumbnailUrl":"https:\/\/unisale.com.br\/pastoral\/wp-content\/uploads\/2025\/04\/IMG_9479-768x512-1.jpg","datePublished":"2025-04-30T12:56:42+00:00","author":{"@id":"https:\/\/unisale.com.br\/pastoral\/#\/schema\/person\/a16ba711a0f7dec9cb6b44563144d5a3"},"inLanguage":"pt-BR","potentialAction":[{"@type":"ReadAction","target":["https:\/\/unisale.com.br\/pastoral\/2a-jornada-salesiana-fortalece-a-fe-e-o-protagonismo-juvenil-ancorados-na-esperanca\/"]}]},{"@type":"ImageObject","inLanguage":"pt-BR","@id":"https:\/\/unisale.com.br\/pastoral\/2a-jornada-salesiana-fortalece-a-fe-e-o-protagonismo-juvenil-ancorados-na-esperanca\/#primaryimage","url":"https:\/\/unisale.com.br\/pastoral\/wp-content\/uploads\/2025\/04\/IMG_9479-768x512-1.jpg","contentUrl":"https:\/\/unisale.com.br\/pastoral\/wp-content\/uploads\/2025\/04\/IMG_9479-768x512-1.jpg","width":750,"height":500},{"@type":"WebSite","@id":"https:\/\/unisale.com.br\/pastoral\/#website","url":"https:\/\/unisale.com.br\/pastoral\/","name":"Pastoral Universit\u00e1ria UniSALESIANO","description":"Site da Pastoral Universit\u00e1ria do UniSALESIANO","potentialAction":[{"@type":"SearchAction","target":{"@type":"EntryPoint","urlTemplate":"https:\/\/unisale.com.br\/pastoral\/?s={search_term_string}"},"query-input":{"@type":"PropertyValueSpecification","valueRequired":true,"valueName":"search_term_string"}}],"inLanguage":"pt-BR"},{"@type":"Person","@id":"https:\/\/unisale.com.br\/pastoral\/#\/schema\/person\/a16ba711a0f7dec9cb6b44563144d5a3","name":"pastoral","url":"https:\/\/unisale.com.br\/pastoral\/author\/pastoral\/"}]}},"_links":{"self":[{"href":"https:\/\/unisale.com.br\/pastoral\/wp-json\/wp\/v2\/posts\/12237","targetHints":{"allow":["GET"]}}],"collection":[{"href":"https:\/\/unisale.com.br\/pastoral\/wp-json\/wp\/v2\/posts"}],"about":[{"href":"https:\/\/unisale.com.br\/pastoral\/wp-json\/wp\/v2\/types\/post"}],"author":[{"embeddable":true,"href":"https:\/\/unisale.com.br\/pastoral\/wp-json\/wp\/v2\/users\/1"}],"replies":[{"embeddable":true,"href":"https:\/\/unisale.com.br\/pastoral\/wp-json\/wp\/v2\/comments?post=12237"}],"version-history":[{"count":1,"href":"https:\/\/unisale.com.br\/pastoral\/wp-json\/wp\/v2\/posts\/12237\/revisions"}],"predecessor-version":[{"id":12249,"href":"https:\/\/unisale.com.br\/pastoral\/wp-json\/wp\/v2\/posts\/12237\/revisions\/12249"}],"wp:featuredmedia":[{"embeddable":true,"href":"https:\/\/unisale.com.br\/pastoral\/wp-json\/wp\/v2\/media\/12243"}],"wp:attachment":[{"href":"https:\/\/unisale.com.br\/pastoral\/wp-json\/wp\/v2\/media?parent=12237"}],"wp:term":[{"taxonomy":"category","embeddable":true,"href":"https:\/\/unisale.com.br\/pastoral\/wp-json\/wp\/v2\/categories?post=12237"},{"taxonomy":"post_tag","embeddable":true,"href":"https:\/\/unisale.com.br\/pastoral\/wp-json\/wp\/v2\/tags?post=12237"}],"curies":[{"name":"wp","href":"https:\/\/api.w.org\/{rel}","templated":true}]}}