{"id":12256,"date":"2025-04-30T13:16:22","date_gmt":"2025-04-30T13:16:22","guid":{"rendered":"https:\/\/unisale.com.br\/pastoral\/?p=12256"},"modified":"2025-04-30T13:16:32","modified_gmt":"2025-04-30T13:16:32","slug":"unisalesiano-apresenta-nova-filial-zatti-saude-em-encontro-formativo-com-os-colaboradores","status":"publish","type":"post","link":"https:\/\/unisale.com.br\/pastoral\/unisalesiano-apresenta-nova-filial-zatti-saude-em-encontro-formativo-com-os-colaboradores\/","title":{"rendered":"UniSALESIANO apresenta nova filial \u201cZatti Sa\u00fade\u201d em encontro formativo com os colaboradores"},"content":{"rendered":"<p>Colaboradores do UniSALESIANO participaram da\u00a0<strong>Forma\u00e7\u00e3o Mensal<\/strong>, realizada na Capela do Centro de Conviv\u00eancia, no dia 25 de mar\u00e7o, cujo destaque foi a apresenta\u00e7\u00e3o da nova filial da Miss\u00e3o Salesiana de Mato Grosso em Ara\u00e7atuba, denominada\u00a0<strong>\u201cZatti Sa\u00fade\u201d<\/strong>. Aconteceu tamb\u00e9m a entrega de presentes aos aniversariantes dos meses de fevereiro e mar\u00e7o e um momento de confraterniza\u00e7\u00e3o com comes e bebes.<\/p>\n<p>A abertura do evento foi conduzida pelo\u00a0<strong>Pr\u00f3-Reitor de Pastoral, Pe. Paulo J\u00e1como, SDB,<\/strong>\u00a0que enfatizou a import\u00e2ncia de iniciar o encontro com um momento de ora\u00e7\u00e3o.<\/p>\n<p>Na sequ\u00eancia, o\u00a0<strong>Reitor do UniSALESIANO, Pe. Paulo Vendrame, SDB,<\/strong>\u00a0trouxe detalhes sobre a nova parceria da Miss\u00e3o Salesiana, que \u00e9 a mantenedora do UniSALESIANO, com a Secretaria Municipal de Sa\u00fade de Ara\u00e7atuba. A iniciativa permitir\u00e1 \u00e0 institui\u00e7\u00e3o gerenciar e conduzir servi\u00e7os essenciais na \u00e1rea da sa\u00fade, com foco em dois setores priorit\u00e1rios: Sa\u00fade Mental (CAPS) e, a partir de 1\u00ba de junho, as Unidades B\u00e1sicas de Sa\u00fade (UBS) do munic\u00edpio.<\/p>\n<p>\u201cA sa\u00fade \u00e9 responsabilidade da Uni\u00e3o, do governo estadual e do munic\u00edpio. Estes tr\u00eas entes destinam em seus planos or\u00e7ament\u00e1rios, valores para esse servi\u00e7o. O que nos animou a abra\u00e7ar essa ideia \u00e9 que temos excelentes professores e profissionais da \u00e1rea de sa\u00fade e gest\u00e3o, dispostos a atuar nessa \u00e1rea. Al\u00e9m disso, nossa miss\u00e3o sempre esteve ligada ao cuidado e \u00e0 preven\u00e7\u00e3o\u201d, acrescentou.<\/p>\n<p>O Reitor tamb\u00e9m destacou a import\u00e2ncia do trabalho preventivo na sa\u00fade, refor\u00e7ando que o atendimento ser\u00e1 voltado, principalmente, para a popula\u00e7\u00e3o mais vulner\u00e1vel, que n\u00e3o tem acesso a planos de sa\u00fade e necessita de acompanhamento.<\/p>\n<p><strong>Santo Art\u00eamides Zatti<\/strong><\/p>\n<p>A nova filial da Miss\u00e3o Salesiana, Zatti Sa\u00fade, recebe esse nome em homenagem a Santo Art\u00eamides Zatti, um Salesiano Irm\u00e3o que dedicou sua vida ao cuidado dos doentes e necessitados.<\/p>\n<p>Nascido na It\u00e1lia em 1880, Zatti migrou com sua fam\u00edlia para a Argentina aos 17 anos e, ap\u00f3s sobreviver \u00e0 tuberculose, fez uma promessa a Maria Auxiliadora de que se dedicaria aos enfermos. Cumpriu sua promessa tornando-se enfermeiro e farmac\u00eautico, atuando incansavelmente no hospital salesiano de Viedma, onde conquistou reconhecimento pelo seu trabalho humanit\u00e1rio.<\/p>\n<p>Em 2002, foi proclamado Bem-aventurado pelo Papa S\u00e3o Jo\u00e3o Paulo II e, em 2022, canonizado pelo Papa Francisco, tornando-se o primeiro Santo Salesiano Irm\u00e3o.<\/p>\n<p>A escolha do nome \u201cZatti Sa\u00fade\u201d para a nova filial representa um compromisso com o atendimento preventivo, humanizado e solid\u00e1rio, princ\u00edpios que marcaram a trajet\u00f3ria deste santo salesiano.<\/p>\n<p>\u201cPara Jesus devemos dar o melhor.\u201d \u2013 Santo Art\u00eamides Zatti, o \u201cBom Samaritano\u201d Salesiano<\/p>\n\n\t\t<style type=\"text\/css\">\n\t\t\t#gallery-1 {\n\t\t\t\tmargin: auto;\n\t\t\t}\n\t\t\t#gallery-1 .gallery-item {\n\t\t\t\tfloat: left;\n\t\t\t\tmargin-top: 10px;\n\t\t\t\ttext-align: center;\n\t\t\t\twidth: 33%;\n\t\t\t}\n\t\t\t#gallery-1 img {\n\t\t\t\tborder: 2px solid #cfcfcf;\n\t\t\t}\n\t\t\t#gallery-1 .gallery-caption {\n\t\t\t\tmargin-left: 0;\n\t\t\t}\n\t\t\t\/* see gallery_shortcode() in wp-includes\/media.php *\/\n\t\t<\/style>\n\t\t<div id='gallery-1' class='gallery galleryid-12256 gallery-columns-3 gallery-size-thumbnail'><dl class='gallery-item'>\n\t\t\t<dt class='gallery-icon landscape'>\n\t\t\t\t<a href='https:\/\/unisale.com.br\/pastoral\/unisalesiano-apresenta-nova-filial-zatti-saude-em-encontro-formativo-com-os-colaboradores\/img_1530-1024x683\/'><img decoding=\"async\" width=\"150\" height=\"150\" src=\"https:\/\/unisale.com.br\/pastoral\/wp-content\/uploads\/2025\/04\/IMG_1530-1024x683-1-150x150.jpg\" class=\"attachment-thumbnail size-thumbnail\" alt=\"\" \/><\/a>\n\t\t\t<\/dt><\/dl><dl class='gallery-item'>\n\t\t\t<dt class='gallery-icon landscape'>\n\t\t\t\t<a href='https:\/\/unisale.com.br\/pastoral\/unisalesiano-apresenta-nova-filial-zatti-saude-em-encontro-formativo-com-os-colaboradores\/img_1535-1024x683\/'><img decoding=\"async\" width=\"150\" height=\"150\" src=\"https:\/\/unisale.com.br\/pastoral\/wp-content\/uploads\/2025\/04\/IMG_1535-1024x683-1-150x150.jpg\" class=\"attachment-thumbnail size-thumbnail\" alt=\"\" \/><\/a>\n\t\t\t<\/dt><\/dl><dl class='gallery-item'>\n\t\t\t<dt class='gallery-icon landscape'>\n\t\t\t\t<a href='https:\/\/unisale.com.br\/pastoral\/unisalesiano-apresenta-nova-filial-zatti-saude-em-encontro-formativo-com-os-colaboradores\/img_1552-1024x683\/'><img decoding=\"async\" width=\"150\" height=\"150\" src=\"https:\/\/unisale.com.br\/pastoral\/wp-content\/uploads\/2025\/04\/IMG_1552-1024x683-1-150x150.jpg\" class=\"attachment-thumbnail size-thumbnail\" alt=\"\" \/><\/a>\n\t\t\t<\/dt><\/dl><br style=\"clear: both\" \/><dl class='gallery-item'>\n\t\t\t<dt class='gallery-icon landscape'>\n\t\t\t\t<a href='https:\/\/unisale.com.br\/pastoral\/unisalesiano-apresenta-nova-filial-zatti-saude-em-encontro-formativo-com-os-colaboradores\/img_1556-1024x683\/'><img loading=\"lazy\" decoding=\"async\" width=\"150\" height=\"150\" src=\"https:\/\/unisale.com.br\/pastoral\/wp-content\/uploads\/2025\/04\/IMG_1556-1024x683-1-150x150.jpg\" class=\"attachment-thumbnail size-thumbnail\" alt=\"\" \/><\/a>\n\t\t\t<\/dt><\/dl><dl class='gallery-item'>\n\t\t\t<dt class='gallery-icon landscape'>\n\t\t\t\t<a href='https:\/\/unisale.com.br\/pastoral\/unisalesiano-apresenta-nova-filial-zatti-saude-em-encontro-formativo-com-os-colaboradores\/img_1564-1024x683\/'><img loading=\"lazy\" decoding=\"async\" width=\"150\" height=\"150\" src=\"https:\/\/unisale.com.br\/pastoral\/wp-content\/uploads\/2025\/04\/IMG_1564-1024x683-1-150x150.jpg\" class=\"attachment-thumbnail size-thumbnail\" alt=\"\" \/><\/a>\n\t\t\t<\/dt><\/dl><dl class='gallery-item'>\n\t\t\t<dt class='gallery-icon landscape'>\n\t\t\t\t<a href='https:\/\/unisale.com.br\/pastoral\/unisalesiano-apresenta-nova-filial-zatti-saude-em-encontro-formativo-com-os-colaboradores\/img_1564-1024x683-1\/'><img loading=\"lazy\" decoding=\"async\" width=\"150\" height=\"150\" src=\"https:\/\/unisale.com.br\/pastoral\/wp-content\/uploads\/2025\/04\/IMG_1564-1024x683-1-1-150x150.jpg\" class=\"attachment-thumbnail size-thumbnail\" alt=\"\" \/><\/a>\n\t\t\t<\/dt><\/dl><br style=\"clear: both\" \/><dl class='gallery-item'>\n\t\t\t<dt class='gallery-icon landscape'>\n\t\t\t\t<a href='https:\/\/unisale.com.br\/pastoral\/unisalesiano-apresenta-nova-filial-zatti-saude-em-encontro-formativo-com-os-colaboradores\/img_1597-1024x683-2\/'><img loading=\"lazy\" decoding=\"async\" width=\"150\" height=\"150\" src=\"https:\/\/unisale.com.br\/pastoral\/wp-content\/uploads\/2025\/04\/IMG_1597-1024x683-1-150x150.jpg\" class=\"attachment-thumbnail size-thumbnail\" alt=\"\" \/><\/a>\n\t\t\t<\/dt><\/dl><dl class='gallery-item'>\n\t\t\t<dt class='gallery-icon landscape'>\n\t\t\t\t<a href='https:\/\/unisale.com.br\/pastoral\/unisalesiano-apresenta-nova-filial-zatti-saude-em-encontro-formativo-com-os-colaboradores\/img_1614-1024x683\/'><img loading=\"lazy\" decoding=\"async\" width=\"150\" height=\"150\" src=\"https:\/\/unisale.com.br\/pastoral\/wp-content\/uploads\/2025\/04\/IMG_1614-1024x683-1-150x150.jpg\" class=\"attachment-thumbnail size-thumbnail\" alt=\"\" \/><\/a>\n\t\t\t<\/dt><\/dl><dl class='gallery-item'>\n\t\t\t<dt class='gallery-icon landscape'>\n\t\t\t\t<a href='https:\/\/unisale.com.br\/pastoral\/unisalesiano-apresenta-nova-filial-zatti-saude-em-encontro-formativo-com-os-colaboradores\/img_1614-1024x683-1\/'><img loading=\"lazy\" decoding=\"async\" width=\"150\" height=\"150\" src=\"https:\/\/unisale.com.br\/pastoral\/wp-content\/uploads\/2025\/04\/IMG_1614-1024x683-1-1-150x150.jpg\" class=\"attachment-thumbnail size-thumbnail\" alt=\"\" \/><\/a>\n\t\t\t<\/dt><\/dl><br style=\"clear: both\" \/>\n\t\t<\/div>\n\n","protected":false},"excerpt":{"rendered":"<p>Colaboradores do UniSALESIANO participaram da\u00a0Forma\u00e7\u00e3o Mensal, realizada na Capela do Centro de Conviv\u00eancia, no dia 25 de mar\u00e7o, cujo destaque foi a apresenta\u00e7\u00e3o da nova&#8230;<\/p>\n","protected":false},"author":1,"featured_media":12257,"comment_status":"closed","ping_status":"closed","sticky":false,"template":"","format":"standard","meta":{"_acf_changed":false,"footnotes":""},"categories":[3],"tags":[],"class_list":["post-12256","post","type-post","status-publish","format-standard","has-post-thumbnail","hentry","category-not"],"acf":[],"yoast_head":"<!-- This site is optimized with the Yoast SEO plugin v27.3 - https:\/\/yoast.com\/product\/yoast-seo-wordpress\/ -->\n<title>UniSALESIANO apresenta nova filial \u201cZatti Sa\u00fade\u201d em encontro formativo com os colaboradores - Pastoral Universit\u00e1ria UniSALESIANO<\/title>\n<meta name=\"robots\" content=\"index, follow, max-snippet:-1, max-image-preview:large, max-video-preview:-1\" \/>\n<link rel=\"canonical\" href=\"https:\/\/unisale.com.br\/pastoral\/unisalesiano-apresenta-nova-filial-zatti-saude-em-encontro-formativo-com-os-colaboradores\/\" \/>\n<meta property=\"og:locale\" content=\"pt_BR\" \/>\n<meta property=\"og:type\" content=\"article\" \/>\n<meta property=\"og:title\" content=\"UniSALESIANO apresenta nova filial \u201cZatti Sa\u00fade\u201d em encontro formativo com os colaboradores - Pastoral Universit\u00e1ria UniSALESIANO\" \/>\n<meta property=\"og:description\" content=\"Colaboradores do UniSALESIANO participaram da\u00a0Forma\u00e7\u00e3o Mensal, realizada na Capela do Centro de Conviv\u00eancia, no dia 25 de mar\u00e7o, cujo destaque foi a apresenta\u00e7\u00e3o da nova...\" \/>\n<meta property=\"og:url\" content=\"https:\/\/unisale.com.br\/pastoral\/unisalesiano-apresenta-nova-filial-zatti-saude-em-encontro-formativo-com-os-colaboradores\/\" \/>\n<meta property=\"og:site_name\" content=\"Pastoral Universit\u00e1ria UniSALESIANO\" \/>\n<meta property=\"article:published_time\" content=\"2025-04-30T13:16:22+00:00\" \/>\n<meta property=\"article:modified_time\" content=\"2025-04-30T13:16:32+00:00\" \/>\n<meta property=\"og:image\" content=\"https:\/\/unisale.com.br\/pastoral\/wp-content\/uploads\/2025\/04\/IMG_1538-768x512-1.jpg\" \/>\n\t<meta property=\"og:image:width\" content=\"768\" \/>\n\t<meta property=\"og:image:height\" content=\"512\" \/>\n\t<meta property=\"og:image:type\" content=\"image\/jpeg\" \/>\n<meta name=\"author\" content=\"pastoral\" \/>\n<meta name=\"twitter:card\" content=\"summary_large_image\" \/>\n<meta name=\"twitter:label1\" content=\"Escrito por\" \/>\n\t<meta name=\"twitter:data1\" content=\"pastoral\" \/>\n\t<meta name=\"twitter:label2\" content=\"Est. tempo de leitura\" \/>\n\t<meta name=\"twitter:data2\" content=\"3 minutos\" \/>\n<script type=\"application\/ld+json\" class=\"yoast-schema-graph\">{\"@context\":\"https:\\\/\\\/schema.org\",\"@graph\":[{\"@type\":\"Article\",\"@id\":\"https:\\\/\\\/unisale.com.br\\\/pastoral\\\/unisalesiano-apresenta-nova-filial-zatti-saude-em-encontro-formativo-com-os-colaboradores\\\/#article\",\"isPartOf\":{\"@id\":\"https:\\\/\\\/unisale.com.br\\\/pastoral\\\/unisalesiano-apresenta-nova-filial-zatti-saude-em-encontro-formativo-com-os-colaboradores\\\/\"},\"author\":{\"name\":\"pastoral\",\"@id\":\"https:\\\/\\\/unisale.com.br\\\/pastoral\\\/#\\\/schema\\\/person\\\/a16ba711a0f7dec9cb6b44563144d5a3\"},\"headline\":\"UniSALESIANO apresenta nova filial \u201cZatti Sa\u00fade\u201d em encontro formativo com os colaboradores\",\"datePublished\":\"2025-04-30T13:16:22+00:00\",\"dateModified\":\"2025-04-30T13:16:32+00:00\",\"mainEntityOfPage\":{\"@id\":\"https:\\\/\\\/unisale.com.br\\\/pastoral\\\/unisalesiano-apresenta-nova-filial-zatti-saude-em-encontro-formativo-com-os-colaboradores\\\/\"},\"wordCount\":477,\"image\":{\"@id\":\"https:\\\/\\\/unisale.com.br\\\/pastoral\\\/unisalesiano-apresenta-nova-filial-zatti-saude-em-encontro-formativo-com-os-colaboradores\\\/#primaryimage\"},\"thumbnailUrl\":\"https:\\\/\\\/unisale.com.br\\\/pastoral\\\/wp-content\\\/uploads\\\/2025\\\/04\\\/IMG_1538-768x512-1.jpg\",\"articleSection\":[\"Not\u00edcias\"],\"inLanguage\":\"pt-BR\"},{\"@type\":\"WebPage\",\"@id\":\"https:\\\/\\\/unisale.com.br\\\/pastoral\\\/unisalesiano-apresenta-nova-filial-zatti-saude-em-encontro-formativo-com-os-colaboradores\\\/\",\"url\":\"https:\\\/\\\/unisale.com.br\\\/pastoral\\\/unisalesiano-apresenta-nova-filial-zatti-saude-em-encontro-formativo-com-os-colaboradores\\\/\",\"name\":\"UniSALESIANO apresenta nova filial \u201cZatti Sa\u00fade\u201d em encontro formativo com os colaboradores - Pastoral Universit\u00e1ria UniSALESIANO\",\"isPartOf\":{\"@id\":\"https:\\\/\\\/unisale.com.br\\\/pastoral\\\/#website\"},\"primaryImageOfPage\":{\"@id\":\"https:\\\/\\\/unisale.com.br\\\/pastoral\\\/unisalesiano-apresenta-nova-filial-zatti-saude-em-encontro-formativo-com-os-colaboradores\\\/#primaryimage\"},\"image\":{\"@id\":\"https:\\\/\\\/unisale.com.br\\\/pastoral\\\/unisalesiano-apresenta-nova-filial-zatti-saude-em-encontro-formativo-com-os-colaboradores\\\/#primaryimage\"},\"thumbnailUrl\":\"https:\\\/\\\/unisale.com.br\\\/pastoral\\\/wp-content\\\/uploads\\\/2025\\\/04\\\/IMG_1538-768x512-1.jpg\",\"datePublished\":\"2025-04-30T13:16:22+00:00\",\"dateModified\":\"2025-04-30T13:16:32+00:00\",\"author\":{\"@id\":\"https:\\\/\\\/unisale.com.br\\\/pastoral\\\/#\\\/schema\\\/person\\\/a16ba711a0f7dec9cb6b44563144d5a3\"},\"inLanguage\":\"pt-BR\",\"potentialAction\":[{\"@type\":\"ReadAction\",\"target\":[\"https:\\\/\\\/unisale.com.br\\\/pastoral\\\/unisalesiano-apresenta-nova-filial-zatti-saude-em-encontro-formativo-com-os-colaboradores\\\/\"]}]},{\"@type\":\"ImageObject\",\"inLanguage\":\"pt-BR\",\"@id\":\"https:\\\/\\\/unisale.com.br\\\/pastoral\\\/unisalesiano-apresenta-nova-filial-zatti-saude-em-encontro-formativo-com-os-colaboradores\\\/#primaryimage\",\"url\":\"https:\\\/\\\/unisale.com.br\\\/pastoral\\\/wp-content\\\/uploads\\\/2025\\\/04\\\/IMG_1538-768x512-1.jpg\",\"contentUrl\":\"https:\\\/\\\/unisale.com.br\\\/pastoral\\\/wp-content\\\/uploads\\\/2025\\\/04\\\/IMG_1538-768x512-1.jpg\",\"width\":750,\"height\":500},{\"@type\":\"WebSite\",\"@id\":\"https:\\\/\\\/unisale.com.br\\\/pastoral\\\/#website\",\"url\":\"https:\\\/\\\/unisale.com.br\\\/pastoral\\\/\",\"name\":\"Pastoral Universit\u00e1ria UniSALESIANO\",\"description\":\"Site da Pastoral Universit\u00e1ria do UniSALESIANO\",\"potentialAction\":[{\"@type\":\"SearchAction\",\"target\":{\"@type\":\"EntryPoint\",\"urlTemplate\":\"https:\\\/\\\/unisale.com.br\\\/pastoral\\\/?s={search_term_string}\"},\"query-input\":{\"@type\":\"PropertyValueSpecification\",\"valueRequired\":true,\"valueName\":\"search_term_string\"}}],\"inLanguage\":\"pt-BR\"},{\"@type\":\"Person\",\"@id\":\"https:\\\/\\\/unisale.com.br\\\/pastoral\\\/#\\\/schema\\\/person\\\/a16ba711a0f7dec9cb6b44563144d5a3\",\"name\":\"pastoral\",\"url\":\"https:\\\/\\\/unisale.com.br\\\/pastoral\\\/author\\\/pastoral\\\/\"}]}<\/script>\n<!-- \/ Yoast SEO plugin. -->","yoast_head_json":{"title":"UniSALESIANO apresenta nova filial \u201cZatti Sa\u00fade\u201d em encontro formativo com os colaboradores - Pastoral Universit\u00e1ria UniSALESIANO","robots":{"index":"index","follow":"follow","max-snippet":"max-snippet:-1","max-image-preview":"max-image-preview:large","max-video-preview":"max-video-preview:-1"},"canonical":"https:\/\/unisale.com.br\/pastoral\/unisalesiano-apresenta-nova-filial-zatti-saude-em-encontro-formativo-com-os-colaboradores\/","og_locale":"pt_BR","og_type":"article","og_title":"UniSALESIANO apresenta nova filial \u201cZatti Sa\u00fade\u201d em encontro formativo com os colaboradores - Pastoral Universit\u00e1ria UniSALESIANO","og_description":"Colaboradores do UniSALESIANO participaram da\u00a0Forma\u00e7\u00e3o Mensal, realizada na Capela do Centro de Conviv\u00eancia, no dia 25 de mar\u00e7o, cujo destaque foi a apresenta\u00e7\u00e3o da nova...","og_url":"https:\/\/unisale.com.br\/pastoral\/unisalesiano-apresenta-nova-filial-zatti-saude-em-encontro-formativo-com-os-colaboradores\/","og_site_name":"Pastoral Universit\u00e1ria UniSALESIANO","article_published_time":"2025-04-30T13:16:22+00:00","article_modified_time":"2025-04-30T13:16:32+00:00","og_image":[{"width":768,"height":512,"url":"https:\/\/unisale.com.br\/pastoral\/wp-content\/uploads\/2025\/04\/IMG_1538-768x512-1.jpg","type":"image\/jpeg"}],"author":"pastoral","twitter_card":"summary_large_image","twitter_misc":{"Escrito por":"pastoral","Est. tempo de leitura":"3 minutos"},"schema":{"@context":"https:\/\/schema.org","@graph":[{"@type":"Article","@id":"https:\/\/unisale.com.br\/pastoral\/unisalesiano-apresenta-nova-filial-zatti-saude-em-encontro-formativo-com-os-colaboradores\/#article","isPartOf":{"@id":"https:\/\/unisale.com.br\/pastoral\/unisalesiano-apresenta-nova-filial-zatti-saude-em-encontro-formativo-com-os-colaboradores\/"},"author":{"name":"pastoral","@id":"https:\/\/unisale.com.br\/pastoral\/#\/schema\/person\/a16ba711a0f7dec9cb6b44563144d5a3"},"headline":"UniSALESIANO apresenta nova filial \u201cZatti Sa\u00fade\u201d em encontro formativo com os colaboradores","datePublished":"2025-04-30T13:16:22+00:00","dateModified":"2025-04-30T13:16:32+00:00","mainEntityOfPage":{"@id":"https:\/\/unisale.com.br\/pastoral\/unisalesiano-apresenta-nova-filial-zatti-saude-em-encontro-formativo-com-os-colaboradores\/"},"wordCount":477,"image":{"@id":"https:\/\/unisale.com.br\/pastoral\/unisalesiano-apresenta-nova-filial-zatti-saude-em-encontro-formativo-com-os-colaboradores\/#primaryimage"},"thumbnailUrl":"https:\/\/unisale.com.br\/pastoral\/wp-content\/uploads\/2025\/04\/IMG_1538-768x512-1.jpg","articleSection":["Not\u00edcias"],"inLanguage":"pt-BR"},{"@type":"WebPage","@id":"https:\/\/unisale.com.br\/pastoral\/unisalesiano-apresenta-nova-filial-zatti-saude-em-encontro-formativo-com-os-colaboradores\/","url":"https:\/\/unisale.com.br\/pastoral\/unisalesiano-apresenta-nova-filial-zatti-saude-em-encontro-formativo-com-os-colaboradores\/","name":"UniSALESIANO apresenta nova filial \u201cZatti Sa\u00fade\u201d em encontro formativo com os colaboradores - Pastoral Universit\u00e1ria UniSALESIANO","isPartOf":{"@id":"https:\/\/unisale.com.br\/pastoral\/#website"},"primaryImageOfPage":{"@id":"https:\/\/unisale.com.br\/pastoral\/unisalesiano-apresenta-nova-filial-zatti-saude-em-encontro-formativo-com-os-colaboradores\/#primaryimage"},"image":{"@id":"https:\/\/unisale.com.br\/pastoral\/unisalesiano-apresenta-nova-filial-zatti-saude-em-encontro-formativo-com-os-colaboradores\/#primaryimage"},"thumbnailUrl":"https:\/\/unisale.com.br\/pastoral\/wp-content\/uploads\/2025\/04\/IMG_1538-768x512-1.jpg","datePublished":"2025-04-30T13:16:22+00:00","dateModified":"2025-04-30T13:16:32+00:00","author":{"@id":"https:\/\/unisale.com.br\/pastoral\/#\/schema\/person\/a16ba711a0f7dec9cb6b44563144d5a3"},"inLanguage":"pt-BR","potentialAction":[{"@type":"ReadAction","target":["https:\/\/unisale.com.br\/pastoral\/unisalesiano-apresenta-nova-filial-zatti-saude-em-encontro-formativo-com-os-colaboradores\/"]}]},{"@type":"ImageObject","inLanguage":"pt-BR","@id":"https:\/\/unisale.com.br\/pastoral\/unisalesiano-apresenta-nova-filial-zatti-saude-em-encontro-formativo-com-os-colaboradores\/#primaryimage","url":"https:\/\/unisale.com.br\/pastoral\/wp-content\/uploads\/2025\/04\/IMG_1538-768x512-1.jpg","contentUrl":"https:\/\/unisale.com.br\/pastoral\/wp-content\/uploads\/2025\/04\/IMG_1538-768x512-1.jpg","width":750,"height":500},{"@type":"WebSite","@id":"https:\/\/unisale.com.br\/pastoral\/#website","url":"https:\/\/unisale.com.br\/pastoral\/","name":"Pastoral Universit\u00e1ria UniSALESIANO","description":"Site da Pastoral Universit\u00e1ria do UniSALESIANO","potentialAction":[{"@type":"SearchAction","target":{"@type":"EntryPoint","urlTemplate":"https:\/\/unisale.com.br\/pastoral\/?s={search_term_string}"},"query-input":{"@type":"PropertyValueSpecification","valueRequired":true,"valueName":"search_term_string"}}],"inLanguage":"pt-BR"},{"@type":"Person","@id":"https:\/\/unisale.com.br\/pastoral\/#\/schema\/person\/a16ba711a0f7dec9cb6b44563144d5a3","name":"pastoral","url":"https:\/\/unisale.com.br\/pastoral\/author\/pastoral\/"}]}},"_links":{"self":[{"href":"https:\/\/unisale.com.br\/pastoral\/wp-json\/wp\/v2\/posts\/12256","targetHints":{"allow":["GET"]}}],"collection":[{"href":"https:\/\/unisale.com.br\/pastoral\/wp-json\/wp\/v2\/posts"}],"about":[{"href":"https:\/\/unisale.com.br\/pastoral\/wp-json\/wp\/v2\/types\/post"}],"author":[{"embeddable":true,"href":"https:\/\/unisale.com.br\/pastoral\/wp-json\/wp\/v2\/users\/1"}],"replies":[{"embeddable":true,"href":"https:\/\/unisale.com.br\/pastoral\/wp-json\/wp\/v2\/comments?post=12256"}],"version-history":[{"count":1,"href":"https:\/\/unisale.com.br\/pastoral\/wp-json\/wp\/v2\/posts\/12256\/revisions"}],"predecessor-version":[{"id":12267,"href":"https:\/\/unisale.com.br\/pastoral\/wp-json\/wp\/v2\/posts\/12256\/revisions\/12267"}],"wp:featuredmedia":[{"embeddable":true,"href":"https:\/\/unisale.com.br\/pastoral\/wp-json\/wp\/v2\/media\/12257"}],"wp:attachment":[{"href":"https:\/\/unisale.com.br\/pastoral\/wp-json\/wp\/v2\/media?parent=12256"}],"wp:term":[{"taxonomy":"category","embeddable":true,"href":"https:\/\/unisale.com.br\/pastoral\/wp-json\/wp\/v2\/categories?post=12256"},{"taxonomy":"post_tag","embeddable":true,"href":"https:\/\/unisale.com.br\/pastoral\/wp-json\/wp\/v2\/tags?post=12256"}],"curies":[{"name":"wp","href":"https:\/\/api.w.org\/{rel}","templated":true}]}}