{"id":12268,"date":"2025-04-30T13:20:27","date_gmt":"2025-04-30T13:20:27","guid":{"rendered":"https:\/\/unisale.com.br\/pastoral\/?p=12268"},"modified":"2025-04-30T13:20:27","modified_gmt":"2025-04-30T13:20:27","slug":"unisalesiano-realiza-primeira-cerimonia-de-entrega-do-jaleco-para-academicos-de-biomedicina","status":"publish","type":"post","link":"https:\/\/unisale.com.br\/pastoral\/unisalesiano-realiza-primeira-cerimonia-de-entrega-do-jaleco-para-academicos-de-biomedicina\/","title":{"rendered":"UniSALESIANO realiza primeira cerim\u00f4nia de entrega do jaleco para acad\u00eamicos de Biomedicina"},"content":{"rendered":"<p>A emo\u00e7\u00e3o marcou a noite de sexta-feira, 21 de mar\u00e7o, no UniSALESIANO, durante a primeira\u00a0<strong>Cerim\u00f4nia de Entrega do Jaleco<\/strong>\u00a0para os acad\u00eamicos do primeiro termo do\u00a0<strong>Curso de Biomedicina<\/strong>. O evento foi realizado na Igreja Universit\u00e1ria, com o envolvimento dos Departamentos de Marketing, Comunica\u00e7\u00e3o, Cerimonial e a Reitoria, al\u00e9m do trabalho das docentes biom\u00e9dicas do curso e a presen\u00e7a dos familiares e amigos dos discentes.<\/p>\n<p>A\u00a0<strong>Coordenadora do Curso de Biomedicina, Prof\u00aa. Rossana Abud Cabrera Rosa<\/strong>, destacou que o jaleco representa mais do que um uniforme. \u201cA cerim\u00f4nia simboliza o in\u00edcio da prepara\u00e7\u00e3o para uma nova vida, um degrau a mais na trajet\u00f3ria do aluno e, principalmente, o compromisso com a sa\u00fade\u201d, ressaltou, ao completar que, ao vestir o jaleco, o futuro biom\u00e9dico assume a responsabilidade de trabalhar pelo bem-estar, pela promo\u00e7\u00e3o da sa\u00fade e pelo cuidado com a vida humana.<\/p>\n<p>Durante a cerim\u00f4nia, o\u00a0<strong>Reitor do UniSALESIANO, Pe. Paulo Vendrame, SDB,<\/strong>\u00a0citou o papel essencial da Biomedicina na sociedade e destacou o prest\u00edgio da profiss\u00e3o, evidenciado pelo grande p\u00fablico presente. Em seguida, foi realizada a imposi\u00e7\u00e3o do jaleco, momento que marcou o evento. Durante a b\u00ean\u00e7\u00e3o dada pelo Reitor, muitos se emocionaram ao testemunhar o in\u00edcio de uma jornada que exige \u00e9tica, compet\u00eancia e dedica\u00e7\u00e3o.<\/p>\n<p><strong>TRADI\u00c7\u00c3O<\/strong><\/p>\n<p>De acordo com Rossana, essa solenidade passa a integrar oficialmente a Biomedicina do UniSALESIANO, tornando-se uma tradi\u00e7\u00e3o que valoriza tanto os acad\u00eamicos quanto a profiss\u00e3o. \u201cDentro da nossa miss\u00e3o institucional, est\u00e1 a preocupa\u00e7\u00e3o com a \u00e9tica, com a cidadania e com a forma\u00e7\u00e3o profissional de excel\u00eancia. Por isso, recomendo que os alunos se dediquem ao m\u00e1ximo, aproveitem todas as oportunidades, que sejam sempre os melhores biom\u00e9dicos e, principalmente, que sejam muito felizes e realizados profissionalmente\u201d, frisou.<\/p>\n<p>O\u00a0<strong>Pr\u00f3-Reitor de Ensino, Pesquisa e P\u00f3s-Gradua\u00e7\u00e3o do UniSALESIANO, Prof. Andr\u00e9 Ornellas,<\/strong>\u00a0tamb\u00e9m refor\u00e7ou a relev\u00e2ncia do momento e o compromisso do UniSALESIANO com a excel\u00eancia acad\u00eamica. \u201cA entrega do jaleco marca o in\u00edcio de uma caminhada que exige conhecimento, dedica\u00e7\u00e3o e \u00e9tica. O UniSALESIANO tem a miss\u00e3o de formar profissionais altamente capacitados para enfrentar os desafios da sa\u00fade com responsabilidade e inova\u00e7\u00e3o.\u201d<\/p>\n<p>&nbsp;<\/p>\n\n\t\t<style type=\"text\/css\">\n\t\t\t#gallery-1 {\n\t\t\t\tmargin: auto;\n\t\t\t}\n\t\t\t#gallery-1 .gallery-item {\n\t\t\t\tfloat: left;\n\t\t\t\tmargin-top: 10px;\n\t\t\t\ttext-align: center;\n\t\t\t\twidth: 33%;\n\t\t\t}\n\t\t\t#gallery-1 img {\n\t\t\t\tborder: 2px solid #cfcfcf;\n\t\t\t}\n\t\t\t#gallery-1 .gallery-caption {\n\t\t\t\tmargin-left: 0;\n\t\t\t}\n\t\t\t\/* see gallery_shortcode() in wp-includes\/media.php *\/\n\t\t<\/style>\n\t\t<div id='gallery-1' class='gallery galleryid-12268 gallery-columns-3 gallery-size-thumbnail'><dl class='gallery-item'>\n\t\t\t<dt class='gallery-icon landscape'>\n\t\t\t\t<a href='https:\/\/unisale.com.br\/pastoral\/unisalesiano-realiza-primeira-cerimonia-de-entrega-do-jaleco-para-academicos-de-biomedicina\/784a0750-1024x683\/'><img decoding=\"async\" width=\"150\" height=\"150\" src=\"https:\/\/unisale.com.br\/pastoral\/wp-content\/uploads\/2025\/04\/784A0750-1024x683-1-150x150.jpg\" class=\"attachment-thumbnail size-thumbnail\" alt=\"\" \/><\/a>\n\t\t\t<\/dt><\/dl><dl class='gallery-item'>\n\t\t\t<dt class='gallery-icon landscape'>\n\t\t\t\t<a href='https:\/\/unisale.com.br\/pastoral\/unisalesiano-realiza-primeira-cerimonia-de-entrega-do-jaleco-para-academicos-de-biomedicina\/784a0760-1024x683\/'><img decoding=\"async\" width=\"150\" height=\"150\" src=\"https:\/\/unisale.com.br\/pastoral\/wp-content\/uploads\/2025\/04\/784A0760-1024x683-1-150x150.jpg\" class=\"attachment-thumbnail size-thumbnail\" alt=\"\" \/><\/a>\n\t\t\t<\/dt><\/dl><dl class='gallery-item'>\n\t\t\t<dt class='gallery-icon landscape'>\n\t\t\t\t<a href='https:\/\/unisale.com.br\/pastoral\/unisalesiano-realiza-primeira-cerimonia-de-entrega-do-jaleco-para-academicos-de-biomedicina\/784a0779-1-1024x683\/'><img decoding=\"async\" width=\"150\" height=\"150\" src=\"https:\/\/unisale.com.br\/pastoral\/wp-content\/uploads\/2025\/04\/784A0779-1-1024x683-1-150x150.jpg\" class=\"attachment-thumbnail size-thumbnail\" alt=\"\" \/><\/a>\n\t\t\t<\/dt><\/dl><br style=\"clear: both\" \/><dl class='gallery-item'>\n\t\t\t<dt class='gallery-icon landscape'>\n\t\t\t\t<a href='https:\/\/unisale.com.br\/pastoral\/unisalesiano-realiza-primeira-cerimonia-de-entrega-do-jaleco-para-academicos-de-biomedicina\/784a0779-768x512\/'><img loading=\"lazy\" decoding=\"async\" width=\"150\" height=\"150\" src=\"https:\/\/unisale.com.br\/pastoral\/wp-content\/uploads\/2025\/04\/784A0779-768x512-1-150x150.jpg\" class=\"attachment-thumbnail size-thumbnail\" alt=\"\" \/><\/a>\n\t\t\t<\/dt><\/dl><dl class='gallery-item'>\n\t\t\t<dt class='gallery-icon landscape'>\n\t\t\t\t<a href='https:\/\/unisale.com.br\/pastoral\/unisalesiano-realiza-primeira-cerimonia-de-entrega-do-jaleco-para-academicos-de-biomedicina\/784a0816-1024x683\/'><img loading=\"lazy\" decoding=\"async\" width=\"150\" height=\"150\" src=\"https:\/\/unisale.com.br\/pastoral\/wp-content\/uploads\/2025\/04\/784A0816-1024x683-1-150x150.jpg\" class=\"attachment-thumbnail size-thumbnail\" alt=\"\" \/><\/a>\n\t\t\t<\/dt><\/dl><dl class='gallery-item'>\n\t\t\t<dt class='gallery-icon landscape'>\n\t\t\t\t<a href='https:\/\/unisale.com.br\/pastoral\/unisalesiano-realiza-primeira-cerimonia-de-entrega-do-jaleco-para-academicos-de-biomedicina\/784a0833-1024x683\/'><img loading=\"lazy\" decoding=\"async\" width=\"150\" height=\"150\" src=\"https:\/\/unisale.com.br\/pastoral\/wp-content\/uploads\/2025\/04\/784A0833-1024x683-1-150x150.jpg\" class=\"attachment-thumbnail size-thumbnail\" alt=\"\" \/><\/a>\n\t\t\t<\/dt><\/dl><br style=\"clear: both\" \/><dl class='gallery-item'>\n\t\t\t<dt class='gallery-icon landscape'>\n\t\t\t\t<a href='https:\/\/unisale.com.br\/pastoral\/unisalesiano-realiza-primeira-cerimonia-de-entrega-do-jaleco-para-academicos-de-biomedicina\/j\/'><img loading=\"lazy\" decoding=\"async\" width=\"150\" height=\"150\" src=\"https:\/\/unisale.com.br\/pastoral\/wp-content\/uploads\/2025\/04\/j-150x150.jpg\" class=\"attachment-thumbnail size-thumbnail\" alt=\"\" \/><\/a>\n\t\t\t<\/dt><\/dl><dl class='gallery-item'>\n\t\t\t<dt class='gallery-icon landscape'>\n\t\t\t\t<a href='https:\/\/unisale.com.br\/pastoral\/unisalesiano-realiza-primeira-cerimonia-de-entrega-do-jaleco-para-academicos-de-biomedicina\/whatsapp-image-2025-03-27-at-10-11-19-1024x682\/'><img loading=\"lazy\" decoding=\"async\" width=\"150\" height=\"150\" src=\"https:\/\/unisale.com.br\/pastoral\/wp-content\/uploads\/2025\/04\/WhatsApp-Image-2025-03-27-at-10.11.19-1024x682-1-150x150.jpeg\" class=\"attachment-thumbnail size-thumbnail\" alt=\"\" \/><\/a>\n\t\t\t<\/dt><\/dl><dl class='gallery-item'>\n\t\t\t<dt class='gallery-icon landscape'>\n\t\t\t\t<a href='https:\/\/unisale.com.br\/pastoral\/unisalesiano-realiza-primeira-cerimonia-de-entrega-do-jaleco-para-academicos-de-biomedicina\/784a0532-768x512\/'><img loading=\"lazy\" decoding=\"async\" width=\"150\" height=\"150\" src=\"https:\/\/unisale.com.br\/pastoral\/wp-content\/uploads\/2025\/04\/784A0532-768x512-1-150x150.jpg\" class=\"attachment-thumbnail size-thumbnail\" alt=\"\" \/><\/a>\n\t\t\t<\/dt><\/dl><br style=\"clear: both\" \/><dl class='gallery-item'>\n\t\t\t<dt class='gallery-icon landscape'>\n\t\t\t\t<a href='https:\/\/unisale.com.br\/pastoral\/unisalesiano-realiza-primeira-cerimonia-de-entrega-do-jaleco-para-academicos-de-biomedicina\/784a0573-1024x683\/'><img loading=\"lazy\" decoding=\"async\" width=\"150\" height=\"150\" src=\"https:\/\/unisale.com.br\/pastoral\/wp-content\/uploads\/2025\/04\/784A0573-1024x683-1-150x150.jpg\" class=\"attachment-thumbnail size-thumbnail\" alt=\"\" \/><\/a>\n\t\t\t<\/dt><\/dl><dl class='gallery-item'>\n\t\t\t<dt class='gallery-icon landscape'>\n\t\t\t\t<a href='https:\/\/unisale.com.br\/pastoral\/unisalesiano-realiza-primeira-cerimonia-de-entrega-do-jaleco-para-academicos-de-biomedicina\/784a0596-1024x683\/'><img loading=\"lazy\" decoding=\"async\" width=\"150\" height=\"150\" src=\"https:\/\/unisale.com.br\/pastoral\/wp-content\/uploads\/2025\/04\/784A0596-1024x683-1-150x150.jpg\" class=\"attachment-thumbnail size-thumbnail\" alt=\"\" \/><\/a>\n\t\t\t<\/dt><\/dl><dl class='gallery-item'>\n\t\t\t<dt class='gallery-icon landscape'>\n\t\t\t\t<a href='https:\/\/unisale.com.br\/pastoral\/unisalesiano-realiza-primeira-cerimonia-de-entrega-do-jaleco-para-academicos-de-biomedicina\/784a0610-1024x683\/'><img loading=\"lazy\" decoding=\"async\" width=\"150\" height=\"150\" src=\"https:\/\/unisale.com.br\/pastoral\/wp-content\/uploads\/2025\/04\/784A0610-1024x683-1-150x150.jpg\" class=\"attachment-thumbnail size-thumbnail\" alt=\"\" \/><\/a>\n\t\t\t<\/dt><\/dl><br style=\"clear: both\" \/><dl class='gallery-item'>\n\t\t\t<dt class='gallery-icon landscape'>\n\t\t\t\t<a href='https:\/\/unisale.com.br\/pastoral\/unisalesiano-realiza-primeira-cerimonia-de-entrega-do-jaleco-para-academicos-de-biomedicina\/784a0626-1024x683\/'><img loading=\"lazy\" decoding=\"async\" width=\"150\" height=\"150\" src=\"https:\/\/unisale.com.br\/pastoral\/wp-content\/uploads\/2025\/04\/784A0626-1024x683-1-150x150.jpg\" class=\"attachment-thumbnail size-thumbnail\" alt=\"\" \/><\/a>\n\t\t\t<\/dt><\/dl><dl class='gallery-item'>\n\t\t\t<dt class='gallery-icon landscape'>\n\t\t\t\t<a href='https:\/\/unisale.com.br\/pastoral\/unisalesiano-realiza-primeira-cerimonia-de-entrega-do-jaleco-para-academicos-de-biomedicina\/784a0633-1024x683\/'><img loading=\"lazy\" decoding=\"async\" width=\"150\" height=\"150\" src=\"https:\/\/unisale.com.br\/pastoral\/wp-content\/uploads\/2025\/04\/784A0633-1024x683-1-150x150.jpg\" class=\"attachment-thumbnail size-thumbnail\" alt=\"\" \/><\/a>\n\t\t\t<\/dt><\/dl><dl class='gallery-item'>\n\t\t\t<dt class='gallery-icon landscape'>\n\t\t\t\t<a href='https:\/\/unisale.com.br\/pastoral\/unisalesiano-realiza-primeira-cerimonia-de-entrega-do-jaleco-para-academicos-de-biomedicina\/784a0642-1024x683\/'><img loading=\"lazy\" decoding=\"async\" width=\"150\" height=\"150\" src=\"https:\/\/unisale.com.br\/pastoral\/wp-content\/uploads\/2025\/04\/784A0642-1024x683-1-150x150.jpg\" class=\"attachment-thumbnail size-thumbnail\" alt=\"\" \/><\/a>\n\t\t\t<\/dt><\/dl><br style=\"clear: both\" \/><dl class='gallery-item'>\n\t\t\t<dt class='gallery-icon landscape'>\n\t\t\t\t<a href='https:\/\/unisale.com.br\/pastoral\/unisalesiano-realiza-primeira-cerimonia-de-entrega-do-jaleco-para-academicos-de-biomedicina\/784a0676-1024x683\/'><img loading=\"lazy\" decoding=\"async\" width=\"150\" height=\"150\" src=\"https:\/\/unisale.com.br\/pastoral\/wp-content\/uploads\/2025\/04\/784A0676-1024x683-1-150x150.jpg\" class=\"attachment-thumbnail size-thumbnail\" alt=\"\" \/><\/a>\n\t\t\t<\/dt><\/dl><dl class='gallery-item'>\n\t\t\t<dt class='gallery-icon landscape'>\n\t\t\t\t<a href='https:\/\/unisale.com.br\/pastoral\/unisalesiano-realiza-primeira-cerimonia-de-entrega-do-jaleco-para-academicos-de-biomedicina\/784a0729-1024x683\/'><img loading=\"lazy\" decoding=\"async\" width=\"150\" height=\"150\" src=\"https:\/\/unisale.com.br\/pastoral\/wp-content\/uploads\/2025\/04\/784A0729-1024x683-1-150x150.jpg\" class=\"attachment-thumbnail size-thumbnail\" alt=\"\" \/><\/a>\n\t\t\t<\/dt><\/dl><dl class='gallery-item'>\n\t\t\t<dt class='gallery-icon landscape'>\n\t\t\t\t<a href='https:\/\/unisale.com.br\/pastoral\/unisalesiano-realiza-primeira-cerimonia-de-entrega-do-jaleco-para-academicos-de-biomedicina\/784a0738-1024x683\/'><img loading=\"lazy\" decoding=\"async\" width=\"150\" height=\"150\" src=\"https:\/\/unisale.com.br\/pastoral\/wp-content\/uploads\/2025\/04\/784A0738-1024x683-1-150x150.jpg\" class=\"attachment-thumbnail size-thumbnail\" alt=\"\" \/><\/a>\n\t\t\t<\/dt><\/dl><br style=\"clear: both\" \/><dl class='gallery-item'>\n\t\t\t<dt class='gallery-icon landscape'>\n\t\t\t\t<a href='https:\/\/unisale.com.br\/pastoral\/unisalesiano-realiza-primeira-cerimonia-de-entrega-do-jaleco-para-academicos-de-biomedicina\/784a0741-1024x683\/'><img loading=\"lazy\" decoding=\"async\" width=\"150\" height=\"150\" src=\"https:\/\/unisale.com.br\/pastoral\/wp-content\/uploads\/2025\/04\/784A0741-1024x683-1-150x150.jpg\" class=\"attachment-thumbnail size-thumbnail\" alt=\"\" \/><\/a>\n\t\t\t<\/dt><\/dl>\n\t\t\t<br style='clear: both' \/>\n\t\t<\/div>\n\n<p>&nbsp;<\/p>\n","protected":false},"excerpt":{"rendered":"<p>A emo\u00e7\u00e3o marcou a noite de sexta-feira, 21 de mar\u00e7o, no UniSALESIANO, durante a primeira\u00a0Cerim\u00f4nia de Entrega do Jaleco\u00a0para os acad\u00eamicos do primeiro termo do\u00a0Curso&#8230;<\/p>\n","protected":false},"author":1,"featured_media":12269,"comment_status":"closed","ping_status":"closed","sticky":false,"template":"","format":"standard","meta":{"_acf_changed":false,"footnotes":""},"categories":[3],"tags":[],"class_list":["post-12268","post","type-post","status-publish","format-standard","has-post-thumbnail","hentry","category-not"],"acf":[],"yoast_head":"<!-- This site is optimized with the Yoast SEO plugin v27.3 - https:\/\/yoast.com\/product\/yoast-seo-wordpress\/ -->\n<title>UniSALESIANO realiza primeira cerim\u00f4nia de entrega do jaleco para acad\u00eamicos de Biomedicina - Pastoral Universit\u00e1ria UniSALESIANO<\/title>\n<meta name=\"robots\" content=\"index, follow, max-snippet:-1, max-image-preview:large, max-video-preview:-1\" \/>\n<link rel=\"canonical\" href=\"https:\/\/unisale.com.br\/pastoral\/unisalesiano-realiza-primeira-cerimonia-de-entrega-do-jaleco-para-academicos-de-biomedicina\/\" \/>\n<meta property=\"og:locale\" content=\"pt_BR\" \/>\n<meta property=\"og:type\" content=\"article\" \/>\n<meta property=\"og:title\" content=\"UniSALESIANO realiza primeira cerim\u00f4nia de entrega do jaleco para acad\u00eamicos de Biomedicina - Pastoral Universit\u00e1ria UniSALESIANO\" \/>\n<meta property=\"og:description\" content=\"A emo\u00e7\u00e3o marcou a noite de sexta-feira, 21 de mar\u00e7o, no UniSALESIANO, durante a primeira\u00a0Cerim\u00f4nia de Entrega do Jaleco\u00a0para os acad\u00eamicos do primeiro termo do\u00a0Curso...\" \/>\n<meta property=\"og:url\" content=\"https:\/\/unisale.com.br\/pastoral\/unisalesiano-realiza-primeira-cerimonia-de-entrega-do-jaleco-para-academicos-de-biomedicina\/\" \/>\n<meta property=\"og:site_name\" content=\"Pastoral Universit\u00e1ria UniSALESIANO\" \/>\n<meta property=\"article:published_time\" content=\"2025-04-30T13:20:27+00:00\" \/>\n<meta property=\"og:image\" content=\"https:\/\/unisale.com.br\/pastoral\/wp-content\/uploads\/2025\/04\/p.jpg\" \/>\n\t<meta property=\"og:image:width\" content=\"768\" \/>\n\t<meta property=\"og:image:height\" content=\"512\" \/>\n\t<meta property=\"og:image:type\" content=\"image\/jpeg\" \/>\n<meta name=\"author\" content=\"pastoral\" \/>\n<meta name=\"twitter:card\" content=\"summary_large_image\" \/>\n<meta name=\"twitter:label1\" content=\"Escrito por\" \/>\n\t<meta name=\"twitter:data1\" content=\"pastoral\" \/>\n\t<meta name=\"twitter:label2\" content=\"Est. tempo de leitura\" \/>\n\t<meta name=\"twitter:data2\" content=\"3 minutos\" \/>\n<script type=\"application\/ld+json\" class=\"yoast-schema-graph\">{\"@context\":\"https:\\\/\\\/schema.org\",\"@graph\":[{\"@type\":\"Article\",\"@id\":\"https:\\\/\\\/unisale.com.br\\\/pastoral\\\/unisalesiano-realiza-primeira-cerimonia-de-entrega-do-jaleco-para-academicos-de-biomedicina\\\/#article\",\"isPartOf\":{\"@id\":\"https:\\\/\\\/unisale.com.br\\\/pastoral\\\/unisalesiano-realiza-primeira-cerimonia-de-entrega-do-jaleco-para-academicos-de-biomedicina\\\/\"},\"author\":{\"name\":\"pastoral\",\"@id\":\"https:\\\/\\\/unisale.com.br\\\/pastoral\\\/#\\\/schema\\\/person\\\/a16ba711a0f7dec9cb6b44563144d5a3\"},\"headline\":\"UniSALESIANO realiza primeira cerim\u00f4nia de entrega do jaleco para acad\u00eamicos de Biomedicina\",\"datePublished\":\"2025-04-30T13:20:27+00:00\",\"mainEntityOfPage\":{\"@id\":\"https:\\\/\\\/unisale.com.br\\\/pastoral\\\/unisalesiano-realiza-primeira-cerimonia-de-entrega-do-jaleco-para-academicos-de-biomedicina\\\/\"},\"wordCount\":414,\"image\":{\"@id\":\"https:\\\/\\\/unisale.com.br\\\/pastoral\\\/unisalesiano-realiza-primeira-cerimonia-de-entrega-do-jaleco-para-academicos-de-biomedicina\\\/#primaryimage\"},\"thumbnailUrl\":\"https:\\\/\\\/unisale.com.br\\\/pastoral\\\/wp-content\\\/uploads\\\/2025\\\/04\\\/p.jpg\",\"articleSection\":[\"Not\u00edcias\"],\"inLanguage\":\"pt-BR\"},{\"@type\":\"WebPage\",\"@id\":\"https:\\\/\\\/unisale.com.br\\\/pastoral\\\/unisalesiano-realiza-primeira-cerimonia-de-entrega-do-jaleco-para-academicos-de-biomedicina\\\/\",\"url\":\"https:\\\/\\\/unisale.com.br\\\/pastoral\\\/unisalesiano-realiza-primeira-cerimonia-de-entrega-do-jaleco-para-academicos-de-biomedicina\\\/\",\"name\":\"UniSALESIANO realiza primeira cerim\u00f4nia de entrega do jaleco para acad\u00eamicos de Biomedicina - Pastoral Universit\u00e1ria UniSALESIANO\",\"isPartOf\":{\"@id\":\"https:\\\/\\\/unisale.com.br\\\/pastoral\\\/#website\"},\"primaryImageOfPage\":{\"@id\":\"https:\\\/\\\/unisale.com.br\\\/pastoral\\\/unisalesiano-realiza-primeira-cerimonia-de-entrega-do-jaleco-para-academicos-de-biomedicina\\\/#primaryimage\"},\"image\":{\"@id\":\"https:\\\/\\\/unisale.com.br\\\/pastoral\\\/unisalesiano-realiza-primeira-cerimonia-de-entrega-do-jaleco-para-academicos-de-biomedicina\\\/#primaryimage\"},\"thumbnailUrl\":\"https:\\\/\\\/unisale.com.br\\\/pastoral\\\/wp-content\\\/uploads\\\/2025\\\/04\\\/p.jpg\",\"datePublished\":\"2025-04-30T13:20:27+00:00\",\"author\":{\"@id\":\"https:\\\/\\\/unisale.com.br\\\/pastoral\\\/#\\\/schema\\\/person\\\/a16ba711a0f7dec9cb6b44563144d5a3\"},\"inLanguage\":\"pt-BR\",\"potentialAction\":[{\"@type\":\"ReadAction\",\"target\":[\"https:\\\/\\\/unisale.com.br\\\/pastoral\\\/unisalesiano-realiza-primeira-cerimonia-de-entrega-do-jaleco-para-academicos-de-biomedicina\\\/\"]}]},{\"@type\":\"ImageObject\",\"inLanguage\":\"pt-BR\",\"@id\":\"https:\\\/\\\/unisale.com.br\\\/pastoral\\\/unisalesiano-realiza-primeira-cerimonia-de-entrega-do-jaleco-para-academicos-de-biomedicina\\\/#primaryimage\",\"url\":\"https:\\\/\\\/unisale.com.br\\\/pastoral\\\/wp-content\\\/uploads\\\/2025\\\/04\\\/p.jpg\",\"contentUrl\":\"https:\\\/\\\/unisale.com.br\\\/pastoral\\\/wp-content\\\/uploads\\\/2025\\\/04\\\/p.jpg\",\"width\":750,\"height\":500},{\"@type\":\"WebSite\",\"@id\":\"https:\\\/\\\/unisale.com.br\\\/pastoral\\\/#website\",\"url\":\"https:\\\/\\\/unisale.com.br\\\/pastoral\\\/\",\"name\":\"Pastoral Universit\u00e1ria UniSALESIANO\",\"description\":\"Site da Pastoral Universit\u00e1ria do UniSALESIANO\",\"potentialAction\":[{\"@type\":\"SearchAction\",\"target\":{\"@type\":\"EntryPoint\",\"urlTemplate\":\"https:\\\/\\\/unisale.com.br\\\/pastoral\\\/?s={search_term_string}\"},\"query-input\":{\"@type\":\"PropertyValueSpecification\",\"valueRequired\":true,\"valueName\":\"search_term_string\"}}],\"inLanguage\":\"pt-BR\"},{\"@type\":\"Person\",\"@id\":\"https:\\\/\\\/unisale.com.br\\\/pastoral\\\/#\\\/schema\\\/person\\\/a16ba711a0f7dec9cb6b44563144d5a3\",\"name\":\"pastoral\",\"url\":\"https:\\\/\\\/unisale.com.br\\\/pastoral\\\/author\\\/pastoral\\\/\"}]}<\/script>\n<!-- \/ Yoast SEO plugin. -->","yoast_head_json":{"title":"UniSALESIANO realiza primeira cerim\u00f4nia de entrega do jaleco para acad\u00eamicos de Biomedicina - Pastoral Universit\u00e1ria UniSALESIANO","robots":{"index":"index","follow":"follow","max-snippet":"max-snippet:-1","max-image-preview":"max-image-preview:large","max-video-preview":"max-video-preview:-1"},"canonical":"https:\/\/unisale.com.br\/pastoral\/unisalesiano-realiza-primeira-cerimonia-de-entrega-do-jaleco-para-academicos-de-biomedicina\/","og_locale":"pt_BR","og_type":"article","og_title":"UniSALESIANO realiza primeira cerim\u00f4nia de entrega do jaleco para acad\u00eamicos de Biomedicina - Pastoral Universit\u00e1ria UniSALESIANO","og_description":"A emo\u00e7\u00e3o marcou a noite de sexta-feira, 21 de mar\u00e7o, no UniSALESIANO, durante a primeira\u00a0Cerim\u00f4nia de Entrega do Jaleco\u00a0para os acad\u00eamicos do primeiro termo do\u00a0Curso...","og_url":"https:\/\/unisale.com.br\/pastoral\/unisalesiano-realiza-primeira-cerimonia-de-entrega-do-jaleco-para-academicos-de-biomedicina\/","og_site_name":"Pastoral Universit\u00e1ria UniSALESIANO","article_published_time":"2025-04-30T13:20:27+00:00","og_image":[{"width":768,"height":512,"url":"https:\/\/unisale.com.br\/pastoral\/wp-content\/uploads\/2025\/04\/p.jpg","type":"image\/jpeg"}],"author":"pastoral","twitter_card":"summary_large_image","twitter_misc":{"Escrito por":"pastoral","Est. tempo de leitura":"3 minutos"},"schema":{"@context":"https:\/\/schema.org","@graph":[{"@type":"Article","@id":"https:\/\/unisale.com.br\/pastoral\/unisalesiano-realiza-primeira-cerimonia-de-entrega-do-jaleco-para-academicos-de-biomedicina\/#article","isPartOf":{"@id":"https:\/\/unisale.com.br\/pastoral\/unisalesiano-realiza-primeira-cerimonia-de-entrega-do-jaleco-para-academicos-de-biomedicina\/"},"author":{"name":"pastoral","@id":"https:\/\/unisale.com.br\/pastoral\/#\/schema\/person\/a16ba711a0f7dec9cb6b44563144d5a3"},"headline":"UniSALESIANO realiza primeira cerim\u00f4nia de entrega do jaleco para acad\u00eamicos de Biomedicina","datePublished":"2025-04-30T13:20:27+00:00","mainEntityOfPage":{"@id":"https:\/\/unisale.com.br\/pastoral\/unisalesiano-realiza-primeira-cerimonia-de-entrega-do-jaleco-para-academicos-de-biomedicina\/"},"wordCount":414,"image":{"@id":"https:\/\/unisale.com.br\/pastoral\/unisalesiano-realiza-primeira-cerimonia-de-entrega-do-jaleco-para-academicos-de-biomedicina\/#primaryimage"},"thumbnailUrl":"https:\/\/unisale.com.br\/pastoral\/wp-content\/uploads\/2025\/04\/p.jpg","articleSection":["Not\u00edcias"],"inLanguage":"pt-BR"},{"@type":"WebPage","@id":"https:\/\/unisale.com.br\/pastoral\/unisalesiano-realiza-primeira-cerimonia-de-entrega-do-jaleco-para-academicos-de-biomedicina\/","url":"https:\/\/unisale.com.br\/pastoral\/unisalesiano-realiza-primeira-cerimonia-de-entrega-do-jaleco-para-academicos-de-biomedicina\/","name":"UniSALESIANO realiza primeira cerim\u00f4nia de entrega do jaleco para acad\u00eamicos de Biomedicina - Pastoral Universit\u00e1ria UniSALESIANO","isPartOf":{"@id":"https:\/\/unisale.com.br\/pastoral\/#website"},"primaryImageOfPage":{"@id":"https:\/\/unisale.com.br\/pastoral\/unisalesiano-realiza-primeira-cerimonia-de-entrega-do-jaleco-para-academicos-de-biomedicina\/#primaryimage"},"image":{"@id":"https:\/\/unisale.com.br\/pastoral\/unisalesiano-realiza-primeira-cerimonia-de-entrega-do-jaleco-para-academicos-de-biomedicina\/#primaryimage"},"thumbnailUrl":"https:\/\/unisale.com.br\/pastoral\/wp-content\/uploads\/2025\/04\/p.jpg","datePublished":"2025-04-30T13:20:27+00:00","author":{"@id":"https:\/\/unisale.com.br\/pastoral\/#\/schema\/person\/a16ba711a0f7dec9cb6b44563144d5a3"},"inLanguage":"pt-BR","potentialAction":[{"@type":"ReadAction","target":["https:\/\/unisale.com.br\/pastoral\/unisalesiano-realiza-primeira-cerimonia-de-entrega-do-jaleco-para-academicos-de-biomedicina\/"]}]},{"@type":"ImageObject","inLanguage":"pt-BR","@id":"https:\/\/unisale.com.br\/pastoral\/unisalesiano-realiza-primeira-cerimonia-de-entrega-do-jaleco-para-academicos-de-biomedicina\/#primaryimage","url":"https:\/\/unisale.com.br\/pastoral\/wp-content\/uploads\/2025\/04\/p.jpg","contentUrl":"https:\/\/unisale.com.br\/pastoral\/wp-content\/uploads\/2025\/04\/p.jpg","width":750,"height":500},{"@type":"WebSite","@id":"https:\/\/unisale.com.br\/pastoral\/#website","url":"https:\/\/unisale.com.br\/pastoral\/","name":"Pastoral Universit\u00e1ria UniSALESIANO","description":"Site da Pastoral Universit\u00e1ria do UniSALESIANO","potentialAction":[{"@type":"SearchAction","target":{"@type":"EntryPoint","urlTemplate":"https:\/\/unisale.com.br\/pastoral\/?s={search_term_string}"},"query-input":{"@type":"PropertyValueSpecification","valueRequired":true,"valueName":"search_term_string"}}],"inLanguage":"pt-BR"},{"@type":"Person","@id":"https:\/\/unisale.com.br\/pastoral\/#\/schema\/person\/a16ba711a0f7dec9cb6b44563144d5a3","name":"pastoral","url":"https:\/\/unisale.com.br\/pastoral\/author\/pastoral\/"}]}},"_links":{"self":[{"href":"https:\/\/unisale.com.br\/pastoral\/wp-json\/wp\/v2\/posts\/12268","targetHints":{"allow":["GET"]}}],"collection":[{"href":"https:\/\/unisale.com.br\/pastoral\/wp-json\/wp\/v2\/posts"}],"about":[{"href":"https:\/\/unisale.com.br\/pastoral\/wp-json\/wp\/v2\/types\/post"}],"author":[{"embeddable":true,"href":"https:\/\/unisale.com.br\/pastoral\/wp-json\/wp\/v2\/users\/1"}],"replies":[{"embeddable":true,"href":"https:\/\/unisale.com.br\/pastoral\/wp-json\/wp\/v2\/comments?post=12268"}],"version-history":[{"count":1,"href":"https:\/\/unisale.com.br\/pastoral\/wp-json\/wp\/v2\/posts\/12268\/revisions"}],"predecessor-version":[{"id":12289,"href":"https:\/\/unisale.com.br\/pastoral\/wp-json\/wp\/v2\/posts\/12268\/revisions\/12289"}],"wp:featuredmedia":[{"embeddable":true,"href":"https:\/\/unisale.com.br\/pastoral\/wp-json\/wp\/v2\/media\/12269"}],"wp:attachment":[{"href":"https:\/\/unisale.com.br\/pastoral\/wp-json\/wp\/v2\/media?parent=12268"}],"wp:term":[{"taxonomy":"category","embeddable":true,"href":"https:\/\/unisale.com.br\/pastoral\/wp-json\/wp\/v2\/categories?post=12268"},{"taxonomy":"post_tag","embeddable":true,"href":"https:\/\/unisale.com.br\/pastoral\/wp-json\/wp\/v2\/tags?post=12268"}],"curies":[{"name":"wp","href":"https:\/\/api.w.org\/{rel}","templated":true}]}}