{"id":12290,"date":"2025-04-30T13:24:42","date_gmt":"2025-04-30T13:24:42","guid":{"rendered":"https:\/\/unisale.com.br\/pastoral\/?p=12290"},"modified":"2025-04-30T13:24:42","modified_gmt":"2025-04-30T13:24:42","slug":"oratorio-dom-bosco-de-aracatuba-passa-a-comemorar-aniversariantes-do-mes","status":"publish","type":"post","link":"https:\/\/unisale.com.br\/pastoral\/oratorio-dom-bosco-de-aracatuba-passa-a-comemorar-aniversariantes-do-mes\/","title":{"rendered":"Orat\u00f3rio Dom Bosco de Ara\u00e7atuba passa a comemorar aniversariantes do m\u00eas"},"content":{"rendered":"<p>O\u00a0<strong>Orat\u00f3rio Dom Bosco<\/strong>\u00a0iniciou suas atividades em 2025, no dia 15 de fevereiro, com novidades. Uma das principais foi a comemora\u00e7\u00e3o mensal dos aniversariantes, realizada no \u00faltimo s\u00e1bado de cada m\u00eas. A ideia surgiu dos pr\u00f3prios volunt\u00e1rios da Par\u00f3quia S\u00e3o Francisco e Santa Clara e do UniSALESIANO, e foi aprovada em uma reuni\u00e3o de planejamento realizada no in\u00edcio do ano.<\/p>\n<p>Participaram do encontro o\u00a0<strong>Pr\u00f3-Reitor de Pastoral do UniSALESIANO, Pe. Paulo J\u00e1como, SDB<\/strong>, da\u00a0<strong>Coordenadora do Curso de Psicologia do UniSALESIANO, Prof.\u00aa Mirella Justi Martins,<\/strong>\u00a0do docente do\u00a0<strong>Curso de Educa\u00e7\u00e3o F\u00edsica do UniSALESIANO, Prof. Ivo Pedon<\/strong>, e de todos os volunt\u00e1rios do Orat\u00f3rio.<\/p>\n<p>A cada edi\u00e7\u00e3o, os volunt\u00e1rios levam bolos, que s\u00e3o servidos durante a confraterniza\u00e7\u00e3o. O que sobra \u00e9 distribu\u00eddo para que os participantes levem para casa. \u201cCantamos parab\u00e9ns e vivemos um momento muito especial com as crian\u00e7as e fam\u00edlias. \u00c9 uma a\u00e7\u00e3o pequena, mas com grande significado\u201d, explicou Juliana Mitidiero, Coordenadora do Curso de Educa\u00e7\u00e3o F\u00edsica e dos Projetos de Extens\u00e3o do UniSALESIANO.<\/p>\n<p>O jovem\u00a0<strong>Miguel Bruno Proietti<\/strong>\u00a0foi um dos aniversariantes homenageados. \u201cFoi bem divertido. A cada ano, eu valorizo mais as pessoas ao meu redor. Cada anivers\u00e1rio \u00e9 uma experi\u00eancia \u00fanica. Tento aproveitar ao m\u00e1ximo\u201d, disse ele, que completou 18 anos em 16 de fevereiro.<\/p>\n<p>A m\u00e3e de Miguel,\u00a0<strong>Carina Bruno Proietti,<\/strong>\u00a0que tamb\u00e9m \u00e9 m\u00e3e de Davi e Samuel, tamb\u00e9m compartilhou sua experi\u00eancia. \u201cConheci o Orat\u00f3rio por causa do Davi, que estava sofrendo bullying. O psic\u00f3logo do CAPS Infantil recomendou que eu o levasse para o jiu-jitsu. Depois, o Miguel passou a acompanhar o irm\u00e3o, e agora o Samuel tamb\u00e9m participa. At\u00e9 minha m\u00e3e quer ir. Aprendi a gostar da luta por causa deles\u201d, contou.<\/p>\n<p>A volunt\u00e1ria desde 2019,\u00a0<strong>Elis\u00e2ngela Messias de Souza Silva<\/strong>, conheceu o Orat\u00f3rio enquanto cursava Servi\u00e7o Social. \u201cA popula\u00e7\u00e3o atendida \u00e9 de bastante vulnerabilidade. Ali s\u00e3o oferecidas oficinas e, ao final, um lanche. Se voc\u00ea v\u00ea como eles participam, fica impactado\u201d, comentou.<\/p>\n<p><strong>PARCERIA<\/strong><\/p>\n<p>O UniSALESIANO \u00e9 parceiro do Orat\u00f3rio, atividade social que re\u00fane crian\u00e7as e jovens aos s\u00e1bados, das 14h \u00e0s 17h, com atividades recreativas, formativas, culturais e religiosas.<\/p>\n<p>O Orat\u00f3rio em Ara\u00e7atuba representa o legado de S\u00e3o Jo\u00e3o Bosco, fundador dos Salesianos. Oferece um espa\u00e7o que \u00e9, ao mesmo tempo, casa, escola, igreja e p\u00e1tio para os jovens crescerem com dignidade, respeito e alegria.<\/p>\n<p>&nbsp;<\/p>\n\n\t\t<style type=\"text\/css\">\n\t\t\t#gallery-1 {\n\t\t\t\tmargin: auto;\n\t\t\t}\n\t\t\t#gallery-1 .gallery-item {\n\t\t\t\tfloat: left;\n\t\t\t\tmargin-top: 10px;\n\t\t\t\ttext-align: center;\n\t\t\t\twidth: 33%;\n\t\t\t}\n\t\t\t#gallery-1 img {\n\t\t\t\tborder: 2px solid #cfcfcf;\n\t\t\t}\n\t\t\t#gallery-1 .gallery-caption {\n\t\t\t\tmargin-left: 0;\n\t\t\t}\n\t\t\t\/* see gallery_shortcode() in wp-includes\/media.php *\/\n\t\t<\/style>\n\t\t<div id='gallery-1' class='gallery galleryid-12290 gallery-columns-3 gallery-size-thumbnail'><dl class='gallery-item'>\n\t\t\t<dt class='gallery-icon landscape'>\n\t\t\t\t<a href='https:\/\/unisale.com.br\/pastoral\/oratorio-dom-bosco-de-aracatuba-passa-a-comemorar-aniversariantes-do-mes\/whatsapp-image-2025-04-07-at-10-55-49-2-1024x576-2\/'><img decoding=\"async\" width=\"150\" height=\"150\" src=\"https:\/\/unisale.com.br\/pastoral\/wp-content\/uploads\/2025\/04\/WhatsApp-Image-2025-04-07-at-10.55.49-2-1024x576-2-150x150.jpeg\" class=\"attachment-thumbnail size-thumbnail\" alt=\"\" \/><\/a>\n\t\t\t<\/dt><\/dl><dl class='gallery-item'>\n\t\t\t<dt class='gallery-icon landscape'>\n\t\t\t\t<a href='https:\/\/unisale.com.br\/pastoral\/oratorio-dom-bosco-de-aracatuba-passa-a-comemorar-aniversariantes-do-mes\/whatsapp-image-2025-04-07-at-10-56-35-768x576-2\/'><img decoding=\"async\" width=\"150\" height=\"150\" src=\"https:\/\/unisale.com.br\/pastoral\/wp-content\/uploads\/2025\/04\/WhatsApp-Image-2025-04-07-at-10.56.35-768x576-2-150x150.jpeg\" class=\"attachment-thumbnail size-thumbnail\" alt=\"\" \/><\/a>\n\t\t\t<\/dt><\/dl><dl class='gallery-item'>\n\t\t\t<dt class='gallery-icon portrait'>\n\t\t\t\t<a href='https:\/\/unisale.com.br\/pastoral\/oratorio-dom-bosco-de-aracatuba-passa-a-comemorar-aniversariantes-do-mes\/whatsapp-image-2025-04-07-at-10-56-35-1-768x1024-2\/'><img decoding=\"async\" width=\"150\" height=\"150\" src=\"https:\/\/unisale.com.br\/pastoral\/wp-content\/uploads\/2025\/04\/WhatsApp-Image-2025-04-07-at-10.56.35-1-768x1024-2-150x150.jpeg\" class=\"attachment-thumbnail size-thumbnail\" alt=\"\" \/><\/a>\n\t\t\t<\/dt><\/dl><br style=\"clear: both\" \/>\n\t\t<\/div>\n\n","protected":false},"excerpt":{"rendered":"<p>O\u00a0Orat\u00f3rio Dom Bosco\u00a0iniciou suas atividades em 2025, no dia 15 de fevereiro, com novidades. Uma das principais foi a comemora\u00e7\u00e3o mensal dos aniversariantes, realizada no&#8230;<\/p>\n","protected":false},"author":1,"featured_media":12294,"comment_status":"closed","ping_status":"closed","sticky":false,"template":"","format":"standard","meta":{"_acf_changed":false,"footnotes":""},"categories":[1],"tags":[],"class_list":["post-12290","post","type-post","status-publish","format-standard","has-post-thumbnail","hentry","category-uncategorized"],"acf":[],"yoast_head":"<!-- This site is optimized with the Yoast SEO plugin v27.3 - https:\/\/yoast.com\/product\/yoast-seo-wordpress\/ -->\n<title>Orat\u00f3rio Dom Bosco de Ara\u00e7atuba passa a comemorar aniversariantes do m\u00eas - Pastoral Universit\u00e1ria UniSALESIANO<\/title>\n<meta name=\"robots\" content=\"index, follow, max-snippet:-1, max-image-preview:large, max-video-preview:-1\" \/>\n<link rel=\"canonical\" href=\"https:\/\/unisale.com.br\/pastoral\/oratorio-dom-bosco-de-aracatuba-passa-a-comemorar-aniversariantes-do-mes\/\" \/>\n<meta property=\"og:locale\" content=\"pt_BR\" \/>\n<meta property=\"og:type\" content=\"article\" \/>\n<meta property=\"og:title\" content=\"Orat\u00f3rio Dom Bosco de Ara\u00e7atuba passa a comemorar aniversariantes do m\u00eas - Pastoral Universit\u00e1ria UniSALESIANO\" \/>\n<meta property=\"og:description\" content=\"O\u00a0Orat\u00f3rio Dom Bosco\u00a0iniciou suas atividades em 2025, no dia 15 de fevereiro, com novidades. Uma das principais foi a comemora\u00e7\u00e3o mensal dos aniversariantes, realizada no...\" \/>\n<meta property=\"og:url\" content=\"https:\/\/unisale.com.br\/pastoral\/oratorio-dom-bosco-de-aracatuba-passa-a-comemorar-aniversariantes-do-mes\/\" \/>\n<meta property=\"og:site_name\" content=\"Pastoral Universit\u00e1ria UniSALESIANO\" \/>\n<meta property=\"article:published_time\" content=\"2025-04-30T13:24:42+00:00\" \/>\n<meta property=\"og:image\" content=\"https:\/\/unisale.com.br\/pastoral\/wp-content\/uploads\/2025\/04\/WhatsApp-Image-2025-04-07-at-10.55.49-768x432-1.jpeg\" \/>\n\t<meta property=\"og:image:width\" content=\"768\" \/>\n\t<meta property=\"og:image:height\" content=\"432\" \/>\n\t<meta property=\"og:image:type\" content=\"image\/jpeg\" \/>\n<meta name=\"author\" content=\"pastoral\" \/>\n<meta name=\"twitter:card\" content=\"summary_large_image\" \/>\n<meta name=\"twitter:label1\" content=\"Escrito por\" \/>\n\t<meta name=\"twitter:data1\" content=\"pastoral\" \/>\n\t<meta name=\"twitter:label2\" content=\"Est. tempo de leitura\" \/>\n\t<meta name=\"twitter:data2\" content=\"3 minutos\" \/>\n<script type=\"application\/ld+json\" class=\"yoast-schema-graph\">{\"@context\":\"https:\\\/\\\/schema.org\",\"@graph\":[{\"@type\":\"Article\",\"@id\":\"https:\\\/\\\/unisale.com.br\\\/pastoral\\\/oratorio-dom-bosco-de-aracatuba-passa-a-comemorar-aniversariantes-do-mes\\\/#article\",\"isPartOf\":{\"@id\":\"https:\\\/\\\/unisale.com.br\\\/pastoral\\\/oratorio-dom-bosco-de-aracatuba-passa-a-comemorar-aniversariantes-do-mes\\\/\"},\"author\":{\"name\":\"pastoral\",\"@id\":\"https:\\\/\\\/unisale.com.br\\\/pastoral\\\/#\\\/schema\\\/person\\\/a16ba711a0f7dec9cb6b44563144d5a3\"},\"headline\":\"Orat\u00f3rio Dom Bosco de Ara\u00e7atuba passa a comemorar aniversariantes do m\u00eas\",\"datePublished\":\"2025-04-30T13:24:42+00:00\",\"mainEntityOfPage\":{\"@id\":\"https:\\\/\\\/unisale.com.br\\\/pastoral\\\/oratorio-dom-bosco-de-aracatuba-passa-a-comemorar-aniversariantes-do-mes\\\/\"},\"wordCount\":448,\"image\":{\"@id\":\"https:\\\/\\\/unisale.com.br\\\/pastoral\\\/oratorio-dom-bosco-de-aracatuba-passa-a-comemorar-aniversariantes-do-mes\\\/#primaryimage\"},\"thumbnailUrl\":\"https:\\\/\\\/unisale.com.br\\\/pastoral\\\/wp-content\\\/uploads\\\/2025\\\/04\\\/WhatsApp-Image-2025-04-07-at-10.55.49-768x432-1.jpeg\",\"inLanguage\":\"pt-BR\"},{\"@type\":\"WebPage\",\"@id\":\"https:\\\/\\\/unisale.com.br\\\/pastoral\\\/oratorio-dom-bosco-de-aracatuba-passa-a-comemorar-aniversariantes-do-mes\\\/\",\"url\":\"https:\\\/\\\/unisale.com.br\\\/pastoral\\\/oratorio-dom-bosco-de-aracatuba-passa-a-comemorar-aniversariantes-do-mes\\\/\",\"name\":\"Orat\u00f3rio Dom Bosco de Ara\u00e7atuba passa a comemorar aniversariantes do m\u00eas - Pastoral Universit\u00e1ria UniSALESIANO\",\"isPartOf\":{\"@id\":\"https:\\\/\\\/unisale.com.br\\\/pastoral\\\/#website\"},\"primaryImageOfPage\":{\"@id\":\"https:\\\/\\\/unisale.com.br\\\/pastoral\\\/oratorio-dom-bosco-de-aracatuba-passa-a-comemorar-aniversariantes-do-mes\\\/#primaryimage\"},\"image\":{\"@id\":\"https:\\\/\\\/unisale.com.br\\\/pastoral\\\/oratorio-dom-bosco-de-aracatuba-passa-a-comemorar-aniversariantes-do-mes\\\/#primaryimage\"},\"thumbnailUrl\":\"https:\\\/\\\/unisale.com.br\\\/pastoral\\\/wp-content\\\/uploads\\\/2025\\\/04\\\/WhatsApp-Image-2025-04-07-at-10.55.49-768x432-1.jpeg\",\"datePublished\":\"2025-04-30T13:24:42+00:00\",\"author\":{\"@id\":\"https:\\\/\\\/unisale.com.br\\\/pastoral\\\/#\\\/schema\\\/person\\\/a16ba711a0f7dec9cb6b44563144d5a3\"},\"inLanguage\":\"pt-BR\",\"potentialAction\":[{\"@type\":\"ReadAction\",\"target\":[\"https:\\\/\\\/unisale.com.br\\\/pastoral\\\/oratorio-dom-bosco-de-aracatuba-passa-a-comemorar-aniversariantes-do-mes\\\/\"]}]},{\"@type\":\"ImageObject\",\"inLanguage\":\"pt-BR\",\"@id\":\"https:\\\/\\\/unisale.com.br\\\/pastoral\\\/oratorio-dom-bosco-de-aracatuba-passa-a-comemorar-aniversariantes-do-mes\\\/#primaryimage\",\"url\":\"https:\\\/\\\/unisale.com.br\\\/pastoral\\\/wp-content\\\/uploads\\\/2025\\\/04\\\/WhatsApp-Image-2025-04-07-at-10.55.49-768x432-1.jpeg\",\"contentUrl\":\"https:\\\/\\\/unisale.com.br\\\/pastoral\\\/wp-content\\\/uploads\\\/2025\\\/04\\\/WhatsApp-Image-2025-04-07-at-10.55.49-768x432-1.jpeg\",\"width\":768,\"height\":432},{\"@type\":\"WebSite\",\"@id\":\"https:\\\/\\\/unisale.com.br\\\/pastoral\\\/#website\",\"url\":\"https:\\\/\\\/unisale.com.br\\\/pastoral\\\/\",\"name\":\"Pastoral Universit\u00e1ria UniSALESIANO\",\"description\":\"Site da Pastoral Universit\u00e1ria do UniSALESIANO\",\"potentialAction\":[{\"@type\":\"SearchAction\",\"target\":{\"@type\":\"EntryPoint\",\"urlTemplate\":\"https:\\\/\\\/unisale.com.br\\\/pastoral\\\/?s={search_term_string}\"},\"query-input\":{\"@type\":\"PropertyValueSpecification\",\"valueRequired\":true,\"valueName\":\"search_term_string\"}}],\"inLanguage\":\"pt-BR\"},{\"@type\":\"Person\",\"@id\":\"https:\\\/\\\/unisale.com.br\\\/pastoral\\\/#\\\/schema\\\/person\\\/a16ba711a0f7dec9cb6b44563144d5a3\",\"name\":\"pastoral\",\"url\":\"https:\\\/\\\/unisale.com.br\\\/pastoral\\\/author\\\/pastoral\\\/\"}]}<\/script>\n<!-- \/ Yoast SEO plugin. -->","yoast_head_json":{"title":"Orat\u00f3rio Dom Bosco de Ara\u00e7atuba passa a comemorar aniversariantes do m\u00eas - Pastoral Universit\u00e1ria UniSALESIANO","robots":{"index":"index","follow":"follow","max-snippet":"max-snippet:-1","max-image-preview":"max-image-preview:large","max-video-preview":"max-video-preview:-1"},"canonical":"https:\/\/unisale.com.br\/pastoral\/oratorio-dom-bosco-de-aracatuba-passa-a-comemorar-aniversariantes-do-mes\/","og_locale":"pt_BR","og_type":"article","og_title":"Orat\u00f3rio Dom Bosco de Ara\u00e7atuba passa a comemorar aniversariantes do m\u00eas - Pastoral Universit\u00e1ria UniSALESIANO","og_description":"O\u00a0Orat\u00f3rio Dom Bosco\u00a0iniciou suas atividades em 2025, no dia 15 de fevereiro, com novidades. Uma das principais foi a comemora\u00e7\u00e3o mensal dos aniversariantes, realizada no...","og_url":"https:\/\/unisale.com.br\/pastoral\/oratorio-dom-bosco-de-aracatuba-passa-a-comemorar-aniversariantes-do-mes\/","og_site_name":"Pastoral Universit\u00e1ria UniSALESIANO","article_published_time":"2025-04-30T13:24:42+00:00","og_image":[{"width":768,"height":432,"url":"https:\/\/unisale.com.br\/pastoral\/wp-content\/uploads\/2025\/04\/WhatsApp-Image-2025-04-07-at-10.55.49-768x432-1.jpeg","type":"image\/jpeg"}],"author":"pastoral","twitter_card":"summary_large_image","twitter_misc":{"Escrito por":"pastoral","Est. tempo de leitura":"3 minutos"},"schema":{"@context":"https:\/\/schema.org","@graph":[{"@type":"Article","@id":"https:\/\/unisale.com.br\/pastoral\/oratorio-dom-bosco-de-aracatuba-passa-a-comemorar-aniversariantes-do-mes\/#article","isPartOf":{"@id":"https:\/\/unisale.com.br\/pastoral\/oratorio-dom-bosco-de-aracatuba-passa-a-comemorar-aniversariantes-do-mes\/"},"author":{"name":"pastoral","@id":"https:\/\/unisale.com.br\/pastoral\/#\/schema\/person\/a16ba711a0f7dec9cb6b44563144d5a3"},"headline":"Orat\u00f3rio Dom Bosco de Ara\u00e7atuba passa a comemorar aniversariantes do m\u00eas","datePublished":"2025-04-30T13:24:42+00:00","mainEntityOfPage":{"@id":"https:\/\/unisale.com.br\/pastoral\/oratorio-dom-bosco-de-aracatuba-passa-a-comemorar-aniversariantes-do-mes\/"},"wordCount":448,"image":{"@id":"https:\/\/unisale.com.br\/pastoral\/oratorio-dom-bosco-de-aracatuba-passa-a-comemorar-aniversariantes-do-mes\/#primaryimage"},"thumbnailUrl":"https:\/\/unisale.com.br\/pastoral\/wp-content\/uploads\/2025\/04\/WhatsApp-Image-2025-04-07-at-10.55.49-768x432-1.jpeg","inLanguage":"pt-BR"},{"@type":"WebPage","@id":"https:\/\/unisale.com.br\/pastoral\/oratorio-dom-bosco-de-aracatuba-passa-a-comemorar-aniversariantes-do-mes\/","url":"https:\/\/unisale.com.br\/pastoral\/oratorio-dom-bosco-de-aracatuba-passa-a-comemorar-aniversariantes-do-mes\/","name":"Orat\u00f3rio Dom Bosco de Ara\u00e7atuba passa a comemorar aniversariantes do m\u00eas - Pastoral Universit\u00e1ria UniSALESIANO","isPartOf":{"@id":"https:\/\/unisale.com.br\/pastoral\/#website"},"primaryImageOfPage":{"@id":"https:\/\/unisale.com.br\/pastoral\/oratorio-dom-bosco-de-aracatuba-passa-a-comemorar-aniversariantes-do-mes\/#primaryimage"},"image":{"@id":"https:\/\/unisale.com.br\/pastoral\/oratorio-dom-bosco-de-aracatuba-passa-a-comemorar-aniversariantes-do-mes\/#primaryimage"},"thumbnailUrl":"https:\/\/unisale.com.br\/pastoral\/wp-content\/uploads\/2025\/04\/WhatsApp-Image-2025-04-07-at-10.55.49-768x432-1.jpeg","datePublished":"2025-04-30T13:24:42+00:00","author":{"@id":"https:\/\/unisale.com.br\/pastoral\/#\/schema\/person\/a16ba711a0f7dec9cb6b44563144d5a3"},"inLanguage":"pt-BR","potentialAction":[{"@type":"ReadAction","target":["https:\/\/unisale.com.br\/pastoral\/oratorio-dom-bosco-de-aracatuba-passa-a-comemorar-aniversariantes-do-mes\/"]}]},{"@type":"ImageObject","inLanguage":"pt-BR","@id":"https:\/\/unisale.com.br\/pastoral\/oratorio-dom-bosco-de-aracatuba-passa-a-comemorar-aniversariantes-do-mes\/#primaryimage","url":"https:\/\/unisale.com.br\/pastoral\/wp-content\/uploads\/2025\/04\/WhatsApp-Image-2025-04-07-at-10.55.49-768x432-1.jpeg","contentUrl":"https:\/\/unisale.com.br\/pastoral\/wp-content\/uploads\/2025\/04\/WhatsApp-Image-2025-04-07-at-10.55.49-768x432-1.jpeg","width":768,"height":432},{"@type":"WebSite","@id":"https:\/\/unisale.com.br\/pastoral\/#website","url":"https:\/\/unisale.com.br\/pastoral\/","name":"Pastoral Universit\u00e1ria UniSALESIANO","description":"Site da Pastoral Universit\u00e1ria do UniSALESIANO","potentialAction":[{"@type":"SearchAction","target":{"@type":"EntryPoint","urlTemplate":"https:\/\/unisale.com.br\/pastoral\/?s={search_term_string}"},"query-input":{"@type":"PropertyValueSpecification","valueRequired":true,"valueName":"search_term_string"}}],"inLanguage":"pt-BR"},{"@type":"Person","@id":"https:\/\/unisale.com.br\/pastoral\/#\/schema\/person\/a16ba711a0f7dec9cb6b44563144d5a3","name":"pastoral","url":"https:\/\/unisale.com.br\/pastoral\/author\/pastoral\/"}]}},"_links":{"self":[{"href":"https:\/\/unisale.com.br\/pastoral\/wp-json\/wp\/v2\/posts\/12290","targetHints":{"allow":["GET"]}}],"collection":[{"href":"https:\/\/unisale.com.br\/pastoral\/wp-json\/wp\/v2\/posts"}],"about":[{"href":"https:\/\/unisale.com.br\/pastoral\/wp-json\/wp\/v2\/types\/post"}],"author":[{"embeddable":true,"href":"https:\/\/unisale.com.br\/pastoral\/wp-json\/wp\/v2\/users\/1"}],"replies":[{"embeddable":true,"href":"https:\/\/unisale.com.br\/pastoral\/wp-json\/wp\/v2\/comments?post=12290"}],"version-history":[{"count":1,"href":"https:\/\/unisale.com.br\/pastoral\/wp-json\/wp\/v2\/posts\/12290\/revisions"}],"predecessor-version":[{"id":12298,"href":"https:\/\/unisale.com.br\/pastoral\/wp-json\/wp\/v2\/posts\/12290\/revisions\/12298"}],"wp:featuredmedia":[{"embeddable":true,"href":"https:\/\/unisale.com.br\/pastoral\/wp-json\/wp\/v2\/media\/12294"}],"wp:attachment":[{"href":"https:\/\/unisale.com.br\/pastoral\/wp-json\/wp\/v2\/media?parent=12290"}],"wp:term":[{"taxonomy":"category","embeddable":true,"href":"https:\/\/unisale.com.br\/pastoral\/wp-json\/wp\/v2\/categories?post=12290"},{"taxonomy":"post_tag","embeddable":true,"href":"https:\/\/unisale.com.br\/pastoral\/wp-json\/wp\/v2\/tags?post=12290"}],"curies":[{"name":"wp","href":"https:\/\/api.w.org\/{rel}","templated":true}]}}