{"id":12299,"date":"2025-04-30T13:27:54","date_gmt":"2025-04-30T13:27:54","guid":{"rendered":"https:\/\/unisale.com.br\/pastoral\/?p=12299"},"modified":"2025-04-30T13:27:54","modified_gmt":"2025-04-30T13:27:54","slug":"6a-vigilia-da-misericordia-convida-comunidade-academica-a-viver-intensamente-a-semana-santa","status":"publish","type":"post","link":"https:\/\/unisale.com.br\/pastoral\/6a-vigilia-da-misericordia-convida-comunidade-academica-a-viver-intensamente-a-semana-santa\/","title":{"rendered":"6\u00aa Vig\u00edlia da Miseric\u00f3rdia convida comunidade acad\u00eamica a viver intensamente a Semana Santa"},"content":{"rendered":"<p>A\u00a0<strong>Pastoral Universit\u00e1ria do UniSALESIANO<\/strong>\u00a0promove, no dia 10 de abril , a\u00a0<strong>6\u00aa Vig\u00edlia da Miseric\u00f3rdia<\/strong>, um momento especial de espiritualidade e prepara\u00e7\u00e3o para a Semana Santa. O evento acontecer\u00e1 a partir das 19h30, no Centro de Conviv\u00eancia do UniSALESIANO, e tem como objetivo acolher os alunos e toda a comunidade acad\u00eamica, oferecendo uma oportunidade de renova\u00e7\u00e3o interior por meio da ora\u00e7\u00e3o, da confiss\u00e3o e da adora\u00e7\u00e3o.<\/p>\n<p>Com uma programa\u00e7\u00e3o voltada ao aprofundamento da f\u00e9 e \u00e0 viv\u00eancia do amor e da miseric\u00f3rdia de Deus, a vig\u00edlia contar\u00e1 com acolhida, celebra\u00e7\u00e3o penitencial e possibilidade de confiss\u00e3o. A condu\u00e7\u00e3o ser\u00e1 feita pelo\u00a0<strong>Pr\u00f3-Reitor de Pastoral, Pe. Paulo Eduardo J\u00e1como, SDB<\/strong>, com o apoio da equipe de pastoral.<\/p>\n<p>Segundo o\u00a0<strong>Coordenador de Pastoral, Bruno Carvalho<\/strong>, a expectativa \u00e9 que o evento seja um verdadeiro impulso para que os participantes vivam com mais intensidade a Semana Maior da Igreja, que celebra a paix\u00e3o, morte e ressurrei\u00e7\u00e3o de Jesus Cristo.<\/p>\n<p>Pe. Paulo complementa que a vig\u00edlia quer ser um aux\u00edlio para que cada um finalize bem a Quaresma, para vivenciar de forma mais intensa os momentos da Semana Santa: Domingo de Ramos, Quinta-feira Santa, a Sexta-feira da Paix\u00e3o, o S\u00e1bado de Aleluia e a P\u00e1scoa.<\/p>\n<p>Al\u00e9m dos acad\u00eamicos, docentes e colaboradores do UniSALESIANO, o evento \u00e9 aberto a membros da comunidade externa. De acordo com o Pr\u00f3-Reitor, a participa\u00e7\u00e3o na vig\u00edlia \u00e9 gratuita, mas \u00e9 necess\u00e1rio preencher o formul\u00e1rio de inscri\u00e7\u00e3o para auxiliar na organiza\u00e7\u00e3o do espa\u00e7o \u2013<\/p>\n<p><em>https:\/\/docs.google.com\/forms\/d\/e\/1FAIpQLScux4RnQ520d0T9PEchM0mGXd6YDCBWHV2BeFgbvqsoStVLOw\/viewform?usp=sharing<\/em><\/p>\n<p><strong>CONFISS\u00c3O<\/strong><\/p>\n<p>Al\u00e9m da vig\u00edlia, a Pastoral est\u00e1 oferecendo atendimento de confiss\u00f5es entre os dias 7 e 9 de abril, das 9h \u00e0s 11h e das 19h \u00e0s 21h, na sala 33 \u2013 2\u00ba andar do Bloco B, e tamb\u00e9m na Capela do Sant\u00edssimo. Os atendimentos s\u00e3o realizados por padres da casa e est\u00e3o dispon\u00edveis para toda a comunidade acad\u00eamica.<\/p>\n<p>&nbsp;<\/p>\n<p><img fetchpriority=\"high\" decoding=\"async\" class=\"alignnone size-full wp-image-12301\" src=\"https:\/\/unisale.com.br\/pastoral\/wp-content\/uploads\/2025\/04\/WhatsApp-Image-2025-04-08-at-10.54.51-768x768-1.jpeg\" alt=\"\" width=\"768\" height=\"768\" srcset=\"https:\/\/unisale.com.br\/pastoral\/wp-content\/uploads\/2025\/04\/WhatsApp-Image-2025-04-08-at-10.54.51-768x768-1.jpeg 500w, https:\/\/unisale.com.br\/pastoral\/wp-content\/uploads\/2025\/04\/WhatsApp-Image-2025-04-08-at-10.54.51-768x768-1-300x300.jpeg 300w, https:\/\/unisale.com.br\/pastoral\/wp-content\/uploads\/2025\/04\/WhatsApp-Image-2025-04-08-at-10.54.51-768x768-1-150x150.jpeg 150w\" sizes=\"(max-width: 768px) 100vw, 768px\" \/><\/p>\n","protected":false},"excerpt":{"rendered":"<p>A\u00a0Pastoral Universit\u00e1ria do UniSALESIANO\u00a0promove, no dia 10 de abril , a\u00a06\u00aa Vig\u00edlia da Miseric\u00f3rdia, um momento especial de espiritualidade e prepara\u00e7\u00e3o para a Semana Santa&#8230;.<\/p>\n","protected":false},"author":1,"featured_media":12300,"comment_status":"closed","ping_status":"closed","sticky":false,"template":"","format":"standard","meta":{"_acf_changed":false,"footnotes":""},"categories":[3],"tags":[],"class_list":["post-12299","post","type-post","status-publish","format-standard","has-post-thumbnail","hentry","category-not"],"acf":[],"yoast_head":"<!-- This site is optimized with the Yoast SEO plugin v27.3 - https:\/\/yoast.com\/product\/yoast-seo-wordpress\/ -->\n<title>6\u00aa Vig\u00edlia da Miseric\u00f3rdia convida comunidade acad\u00eamica a viver intensamente a Semana Santa - Pastoral Universit\u00e1ria UniSALESIANO<\/title>\n<meta name=\"robots\" content=\"index, follow, max-snippet:-1, max-image-preview:large, max-video-preview:-1\" \/>\n<link rel=\"canonical\" href=\"https:\/\/unisale.com.br\/pastoral\/6a-vigilia-da-misericordia-convida-comunidade-academica-a-viver-intensamente-a-semana-santa\/\" \/>\n<meta property=\"og:locale\" content=\"pt_BR\" \/>\n<meta property=\"og:type\" content=\"article\" \/>\n<meta property=\"og:title\" content=\"6\u00aa Vig\u00edlia da Miseric\u00f3rdia convida comunidade acad\u00eamica a viver intensamente a Semana Santa - Pastoral Universit\u00e1ria UniSALESIANO\" \/>\n<meta property=\"og:description\" content=\"A\u00a0Pastoral Universit\u00e1ria do UniSALESIANO\u00a0promove, no dia 10 de abril , a\u00a06\u00aa Vig\u00edlia da Miseric\u00f3rdia, um momento especial de espiritualidade e prepara\u00e7\u00e3o para a Semana Santa....\" \/>\n<meta property=\"og:url\" content=\"https:\/\/unisale.com.br\/pastoral\/6a-vigilia-da-misericordia-convida-comunidade-academica-a-viver-intensamente-a-semana-santa\/\" \/>\n<meta property=\"og:site_name\" content=\"Pastoral Universit\u00e1ria UniSALESIANO\" \/>\n<meta property=\"article:published_time\" content=\"2025-04-30T13:27:54+00:00\" \/>\n<meta property=\"og:image\" content=\"https:\/\/unisale.com.br\/pastoral\/wp-content\/uploads\/2025\/04\/WhatsApp-Image-2025-04-08-at-06.11.58-768x960-1.jpeg\" \/>\n\t<meta property=\"og:image:width\" content=\"768\" \/>\n\t<meta property=\"og:image:height\" content=\"960\" \/>\n\t<meta property=\"og:image:type\" content=\"image\/jpeg\" \/>\n<meta name=\"author\" content=\"pastoral\" \/>\n<meta name=\"twitter:card\" content=\"summary_large_image\" \/>\n<meta name=\"twitter:label1\" content=\"Escrito por\" \/>\n\t<meta name=\"twitter:data1\" content=\"pastoral\" \/>\n\t<meta name=\"twitter:label2\" content=\"Est. tempo de leitura\" \/>\n\t<meta name=\"twitter:data2\" content=\"3 minutos\" \/>\n<script type=\"application\/ld+json\" class=\"yoast-schema-graph\">{\"@context\":\"https:\\\/\\\/schema.org\",\"@graph\":[{\"@type\":\"Article\",\"@id\":\"https:\\\/\\\/unisale.com.br\\\/pastoral\\\/6a-vigilia-da-misericordia-convida-comunidade-academica-a-viver-intensamente-a-semana-santa\\\/#article\",\"isPartOf\":{\"@id\":\"https:\\\/\\\/unisale.com.br\\\/pastoral\\\/6a-vigilia-da-misericordia-convida-comunidade-academica-a-viver-intensamente-a-semana-santa\\\/\"},\"author\":{\"name\":\"pastoral\",\"@id\":\"https:\\\/\\\/unisale.com.br\\\/pastoral\\\/#\\\/schema\\\/person\\\/a16ba711a0f7dec9cb6b44563144d5a3\"},\"headline\":\"6\u00aa Vig\u00edlia da Miseric\u00f3rdia convida comunidade acad\u00eamica a viver intensamente a Semana Santa\",\"datePublished\":\"2025-04-30T13:27:54+00:00\",\"mainEntityOfPage\":{\"@id\":\"https:\\\/\\\/unisale.com.br\\\/pastoral\\\/6a-vigilia-da-misericordia-convida-comunidade-academica-a-viver-intensamente-a-semana-santa\\\/\"},\"wordCount\":370,\"image\":{\"@id\":\"https:\\\/\\\/unisale.com.br\\\/pastoral\\\/6a-vigilia-da-misericordia-convida-comunidade-academica-a-viver-intensamente-a-semana-santa\\\/#primaryimage\"},\"thumbnailUrl\":\"https:\\\/\\\/unisale.com.br\\\/pastoral\\\/wp-content\\\/uploads\\\/2025\\\/04\\\/WhatsApp-Image-2025-04-08-at-06.11.58-768x960-1.jpeg\",\"articleSection\":[\"Not\u00edcias\"],\"inLanguage\":\"pt-BR\"},{\"@type\":\"WebPage\",\"@id\":\"https:\\\/\\\/unisale.com.br\\\/pastoral\\\/6a-vigilia-da-misericordia-convida-comunidade-academica-a-viver-intensamente-a-semana-santa\\\/\",\"url\":\"https:\\\/\\\/unisale.com.br\\\/pastoral\\\/6a-vigilia-da-misericordia-convida-comunidade-academica-a-viver-intensamente-a-semana-santa\\\/\",\"name\":\"6\u00aa Vig\u00edlia da Miseric\u00f3rdia convida comunidade acad\u00eamica a viver intensamente a Semana Santa - Pastoral Universit\u00e1ria UniSALESIANO\",\"isPartOf\":{\"@id\":\"https:\\\/\\\/unisale.com.br\\\/pastoral\\\/#website\"},\"primaryImageOfPage\":{\"@id\":\"https:\\\/\\\/unisale.com.br\\\/pastoral\\\/6a-vigilia-da-misericordia-convida-comunidade-academica-a-viver-intensamente-a-semana-santa\\\/#primaryimage\"},\"image\":{\"@id\":\"https:\\\/\\\/unisale.com.br\\\/pastoral\\\/6a-vigilia-da-misericordia-convida-comunidade-academica-a-viver-intensamente-a-semana-santa\\\/#primaryimage\"},\"thumbnailUrl\":\"https:\\\/\\\/unisale.com.br\\\/pastoral\\\/wp-content\\\/uploads\\\/2025\\\/04\\\/WhatsApp-Image-2025-04-08-at-06.11.58-768x960-1.jpeg\",\"datePublished\":\"2025-04-30T13:27:54+00:00\",\"author\":{\"@id\":\"https:\\\/\\\/unisale.com.br\\\/pastoral\\\/#\\\/schema\\\/person\\\/a16ba711a0f7dec9cb6b44563144d5a3\"},\"inLanguage\":\"pt-BR\",\"potentialAction\":[{\"@type\":\"ReadAction\",\"target\":[\"https:\\\/\\\/unisale.com.br\\\/pastoral\\\/6a-vigilia-da-misericordia-convida-comunidade-academica-a-viver-intensamente-a-semana-santa\\\/\"]}]},{\"@type\":\"ImageObject\",\"inLanguage\":\"pt-BR\",\"@id\":\"https:\\\/\\\/unisale.com.br\\\/pastoral\\\/6a-vigilia-da-misericordia-convida-comunidade-academica-a-viver-intensamente-a-semana-santa\\\/#primaryimage\",\"url\":\"https:\\\/\\\/unisale.com.br\\\/pastoral\\\/wp-content\\\/uploads\\\/2025\\\/04\\\/WhatsApp-Image-2025-04-08-at-06.11.58-768x960-1.jpeg\",\"contentUrl\":\"https:\\\/\\\/unisale.com.br\\\/pastoral\\\/wp-content\\\/uploads\\\/2025\\\/04\\\/WhatsApp-Image-2025-04-08-at-06.11.58-768x960-1.jpeg\",\"width\":400,\"height\":500},{\"@type\":\"WebSite\",\"@id\":\"https:\\\/\\\/unisale.com.br\\\/pastoral\\\/#website\",\"url\":\"https:\\\/\\\/unisale.com.br\\\/pastoral\\\/\",\"name\":\"Pastoral Universit\u00e1ria UniSALESIANO\",\"description\":\"Site da Pastoral Universit\u00e1ria do UniSALESIANO\",\"potentialAction\":[{\"@type\":\"SearchAction\",\"target\":{\"@type\":\"EntryPoint\",\"urlTemplate\":\"https:\\\/\\\/unisale.com.br\\\/pastoral\\\/?s={search_term_string}\"},\"query-input\":{\"@type\":\"PropertyValueSpecification\",\"valueRequired\":true,\"valueName\":\"search_term_string\"}}],\"inLanguage\":\"pt-BR\"},{\"@type\":\"Person\",\"@id\":\"https:\\\/\\\/unisale.com.br\\\/pastoral\\\/#\\\/schema\\\/person\\\/a16ba711a0f7dec9cb6b44563144d5a3\",\"name\":\"pastoral\",\"url\":\"https:\\\/\\\/unisale.com.br\\\/pastoral\\\/author\\\/pastoral\\\/\"}]}<\/script>\n<!-- \/ Yoast SEO plugin. -->","yoast_head_json":{"title":"6\u00aa Vig\u00edlia da Miseric\u00f3rdia convida comunidade acad\u00eamica a viver intensamente a Semana Santa - Pastoral Universit\u00e1ria UniSALESIANO","robots":{"index":"index","follow":"follow","max-snippet":"max-snippet:-1","max-image-preview":"max-image-preview:large","max-video-preview":"max-video-preview:-1"},"canonical":"https:\/\/unisale.com.br\/pastoral\/6a-vigilia-da-misericordia-convida-comunidade-academica-a-viver-intensamente-a-semana-santa\/","og_locale":"pt_BR","og_type":"article","og_title":"6\u00aa Vig\u00edlia da Miseric\u00f3rdia convida comunidade acad\u00eamica a viver intensamente a Semana Santa - Pastoral Universit\u00e1ria UniSALESIANO","og_description":"A\u00a0Pastoral Universit\u00e1ria do UniSALESIANO\u00a0promove, no dia 10 de abril , a\u00a06\u00aa Vig\u00edlia da Miseric\u00f3rdia, um momento especial de espiritualidade e prepara\u00e7\u00e3o para a Semana Santa....","og_url":"https:\/\/unisale.com.br\/pastoral\/6a-vigilia-da-misericordia-convida-comunidade-academica-a-viver-intensamente-a-semana-santa\/","og_site_name":"Pastoral Universit\u00e1ria UniSALESIANO","article_published_time":"2025-04-30T13:27:54+00:00","og_image":[{"width":768,"height":960,"url":"https:\/\/unisale.com.br\/pastoral\/wp-content\/uploads\/2025\/04\/WhatsApp-Image-2025-04-08-at-06.11.58-768x960-1.jpeg","type":"image\/jpeg"}],"author":"pastoral","twitter_card":"summary_large_image","twitter_misc":{"Escrito por":"pastoral","Est. tempo de leitura":"3 minutos"},"schema":{"@context":"https:\/\/schema.org","@graph":[{"@type":"Article","@id":"https:\/\/unisale.com.br\/pastoral\/6a-vigilia-da-misericordia-convida-comunidade-academica-a-viver-intensamente-a-semana-santa\/#article","isPartOf":{"@id":"https:\/\/unisale.com.br\/pastoral\/6a-vigilia-da-misericordia-convida-comunidade-academica-a-viver-intensamente-a-semana-santa\/"},"author":{"name":"pastoral","@id":"https:\/\/unisale.com.br\/pastoral\/#\/schema\/person\/a16ba711a0f7dec9cb6b44563144d5a3"},"headline":"6\u00aa Vig\u00edlia da Miseric\u00f3rdia convida comunidade acad\u00eamica a viver intensamente a Semana Santa","datePublished":"2025-04-30T13:27:54+00:00","mainEntityOfPage":{"@id":"https:\/\/unisale.com.br\/pastoral\/6a-vigilia-da-misericordia-convida-comunidade-academica-a-viver-intensamente-a-semana-santa\/"},"wordCount":370,"image":{"@id":"https:\/\/unisale.com.br\/pastoral\/6a-vigilia-da-misericordia-convida-comunidade-academica-a-viver-intensamente-a-semana-santa\/#primaryimage"},"thumbnailUrl":"https:\/\/unisale.com.br\/pastoral\/wp-content\/uploads\/2025\/04\/WhatsApp-Image-2025-04-08-at-06.11.58-768x960-1.jpeg","articleSection":["Not\u00edcias"],"inLanguage":"pt-BR"},{"@type":"WebPage","@id":"https:\/\/unisale.com.br\/pastoral\/6a-vigilia-da-misericordia-convida-comunidade-academica-a-viver-intensamente-a-semana-santa\/","url":"https:\/\/unisale.com.br\/pastoral\/6a-vigilia-da-misericordia-convida-comunidade-academica-a-viver-intensamente-a-semana-santa\/","name":"6\u00aa Vig\u00edlia da Miseric\u00f3rdia convida comunidade acad\u00eamica a viver intensamente a Semana Santa - Pastoral Universit\u00e1ria UniSALESIANO","isPartOf":{"@id":"https:\/\/unisale.com.br\/pastoral\/#website"},"primaryImageOfPage":{"@id":"https:\/\/unisale.com.br\/pastoral\/6a-vigilia-da-misericordia-convida-comunidade-academica-a-viver-intensamente-a-semana-santa\/#primaryimage"},"image":{"@id":"https:\/\/unisale.com.br\/pastoral\/6a-vigilia-da-misericordia-convida-comunidade-academica-a-viver-intensamente-a-semana-santa\/#primaryimage"},"thumbnailUrl":"https:\/\/unisale.com.br\/pastoral\/wp-content\/uploads\/2025\/04\/WhatsApp-Image-2025-04-08-at-06.11.58-768x960-1.jpeg","datePublished":"2025-04-30T13:27:54+00:00","author":{"@id":"https:\/\/unisale.com.br\/pastoral\/#\/schema\/person\/a16ba711a0f7dec9cb6b44563144d5a3"},"inLanguage":"pt-BR","potentialAction":[{"@type":"ReadAction","target":["https:\/\/unisale.com.br\/pastoral\/6a-vigilia-da-misericordia-convida-comunidade-academica-a-viver-intensamente-a-semana-santa\/"]}]},{"@type":"ImageObject","inLanguage":"pt-BR","@id":"https:\/\/unisale.com.br\/pastoral\/6a-vigilia-da-misericordia-convida-comunidade-academica-a-viver-intensamente-a-semana-santa\/#primaryimage","url":"https:\/\/unisale.com.br\/pastoral\/wp-content\/uploads\/2025\/04\/WhatsApp-Image-2025-04-08-at-06.11.58-768x960-1.jpeg","contentUrl":"https:\/\/unisale.com.br\/pastoral\/wp-content\/uploads\/2025\/04\/WhatsApp-Image-2025-04-08-at-06.11.58-768x960-1.jpeg","width":400,"height":500},{"@type":"WebSite","@id":"https:\/\/unisale.com.br\/pastoral\/#website","url":"https:\/\/unisale.com.br\/pastoral\/","name":"Pastoral Universit\u00e1ria UniSALESIANO","description":"Site da Pastoral Universit\u00e1ria do UniSALESIANO","potentialAction":[{"@type":"SearchAction","target":{"@type":"EntryPoint","urlTemplate":"https:\/\/unisale.com.br\/pastoral\/?s={search_term_string}"},"query-input":{"@type":"PropertyValueSpecification","valueRequired":true,"valueName":"search_term_string"}}],"inLanguage":"pt-BR"},{"@type":"Person","@id":"https:\/\/unisale.com.br\/pastoral\/#\/schema\/person\/a16ba711a0f7dec9cb6b44563144d5a3","name":"pastoral","url":"https:\/\/unisale.com.br\/pastoral\/author\/pastoral\/"}]}},"_links":{"self":[{"href":"https:\/\/unisale.com.br\/pastoral\/wp-json\/wp\/v2\/posts\/12299","targetHints":{"allow":["GET"]}}],"collection":[{"href":"https:\/\/unisale.com.br\/pastoral\/wp-json\/wp\/v2\/posts"}],"about":[{"href":"https:\/\/unisale.com.br\/pastoral\/wp-json\/wp\/v2\/types\/post"}],"author":[{"embeddable":true,"href":"https:\/\/unisale.com.br\/pastoral\/wp-json\/wp\/v2\/users\/1"}],"replies":[{"embeddable":true,"href":"https:\/\/unisale.com.br\/pastoral\/wp-json\/wp\/v2\/comments?post=12299"}],"version-history":[{"count":1,"href":"https:\/\/unisale.com.br\/pastoral\/wp-json\/wp\/v2\/posts\/12299\/revisions"}],"predecessor-version":[{"id":12302,"href":"https:\/\/unisale.com.br\/pastoral\/wp-json\/wp\/v2\/posts\/12299\/revisions\/12302"}],"wp:featuredmedia":[{"embeddable":true,"href":"https:\/\/unisale.com.br\/pastoral\/wp-json\/wp\/v2\/media\/12300"}],"wp:attachment":[{"href":"https:\/\/unisale.com.br\/pastoral\/wp-json\/wp\/v2\/media?parent=12299"}],"wp:term":[{"taxonomy":"category","embeddable":true,"href":"https:\/\/unisale.com.br\/pastoral\/wp-json\/wp\/v2\/categories?post=12299"},{"taxonomy":"post_tag","embeddable":true,"href":"https:\/\/unisale.com.br\/pastoral\/wp-json\/wp\/v2\/tags?post=12299"}],"curies":[{"name":"wp","href":"https:\/\/api.w.org\/{rel}","templated":true}]}}