{"id":12303,"date":"2025-04-30T13:33:02","date_gmt":"2025-04-30T13:33:02","guid":{"rendered":"https:\/\/unisale.com.br\/pastoral\/?p=12303"},"modified":"2025-04-30T13:33:02","modified_gmt":"2025-04-30T13:33:02","slug":"unisalesiano-realiza-6a-vigilia-da-misericordia-com-forte-adesao-da-comunidade-academica","status":"publish","type":"post","link":"https:\/\/unisale.com.br\/pastoral\/unisalesiano-realiza-6a-vigilia-da-misericordia-com-forte-adesao-da-comunidade-academica\/","title":{"rendered":"UniSALESIANO realiza 6\u00aa Vig\u00edlia da Miseric\u00f3rdia com forte ades\u00e3o da comunidade acad\u00eamica"},"content":{"rendered":"<p>A\u00a0<strong>Pastoral Universit\u00e1ria do UniSALESIANO<\/strong>\u00a0promoveu, na noite de 10 de abril, a\u00a0<strong>6\u00aa edi\u00e7\u00e3o da Vig\u00edlia da Miseric\u00f3rdia<\/strong>. Realizado no Centro de Conviv\u00eancia da Institui\u00e7\u00e3o, o evento reuniu acad\u00eamicos, colaboradores, familiares e membros da comunidade externa.<\/p>\n<p>A programa\u00e7\u00e3o foi marcada por momentos de ora\u00e7\u00e3o, contempla\u00e7\u00e3o da Santa Cruz e atendimento de confiss\u00f5es, proporcionando uma atmosfera de profunda reflex\u00e3o e recolhimento espiritual. O destaque da noite foi a intensa participa\u00e7\u00e3o dos presentes, que demonstraram grande abertura para viver uma experi\u00eancia de espiritualidade e interioriza\u00e7\u00e3o.<\/p>\n<p>O\u00a0<strong>Pr\u00f3-Reitor de Pastoral, Pe. Paulo Eduardo J\u00e1como, SDB<\/strong>, conduziu a celebra\u00e7\u00e3o com o apoio da equipe pastoral e avaliou o evento de forma muito positiva. Segundo ele, a vig\u00edlia cumpriu seu papel de convidar cada participante a fazer uma pausa na correria do cotidiano e voltar o olhar para dentro de si. \u201cA proposta era fazer com que este momento fosse um olhar interior, para que cada um refletisse sobre a pr\u00f3pria vida e percebesse o quanto ainda temos a caminhar para viver, de fato, as propostas do Evangelho\u201d, afirmou.<\/p>\n<p><strong>MISERIC\u00d3RDIA<\/strong><\/p>\n<p>Pe. Paulo destacou que, muitas vezes, as pessoas s\u00e3o movidas por um \u201ccora\u00e7\u00e3o de pedra\u201d que dificulta a viv\u00eancia da Miseric\u00f3rdia de Deus. \u201cJesus nos convida: \u2018Sede misericordiosos uns com os outros\u2019. Essa \u00e9 a base da verdadeira convers\u00e3o\u201d, explicou. As reflex\u00f5es da noite tiveram como base os Evangelhos de Jo\u00e3o 8,1-11 \u2014 o epis\u00f3dio da mulher pecadora \u2014 e Mateus 25,31-46 \u2014 sobre o julgamento final.<\/p>\n<p>\u201cNo Evangelho de Jo\u00e3o, Jesus nos pede uma convers\u00e3o do cora\u00e7\u00e3o: \u2018Quem n\u00e3o tiver pecado, atire a primeira pedra\u2019. J\u00e1 em Mateus, Ele nos lembra que todos estaremos diante de Deus e seremos julgados pelo amor que deixamos de praticar\u201d, completou.<\/p>\n<p>O\u00a0<strong>Coordenador de Pastoral, Bruno Carvalho<\/strong>, ficou entusiasmado com a realiza\u00e7\u00e3o do encontro: \u201cFoi uma celebra\u00e7\u00e3o muito bonita e contemplativa. Os jovens participaram ativamente, muitos procuraram o sacramento da confiss\u00e3o, e isso refor\u00e7a o car\u00e1ter espiritual e transformador da vig\u00edlia\u201d, destacou. Al\u00e9m de Bruno, participaram da organiza\u00e7\u00e3o do evento os agentes de Pastoral,\u00a0<strong>Jo\u00e3o Paulo dos Santos Babolin, Jo\u00e3o Paulo dos Santos Galdino e Luiz Alexandre Marinho Lanzoni.<\/strong><\/p>\n<p>Um dos pontos altos do evento foi a diversidade do p\u00fablico, que reuniu alunos, colaboradores, pais de alunos e membros da comunidade salesiana de Lins. \u201cFoi tocante perceber como todos estavam dispostos a viver esse momento com esp\u00edrito de acolhida e verdadeira reflex\u00e3o\u201d, concluiu Pe. Paulo.<\/p>\n<p><strong>IMPACTO<\/strong><\/p>\n<p>O impacto da Vig\u00edlia da Miseric\u00f3rdia tamb\u00e9m foi evidenciado nos depoimentos de participantes. A professora Giselle Sailer, coordenadora do curso de Enfermagem, afirmou que, ao t\u00e9rmino do encontro, experimentou uma sensa\u00e7\u00e3o de leveza e serenidade. A professora Ana Carolina Frade Gomes, coordenadora do curso de Farm\u00e1cia, ressaltou a relev\u00e2ncia do momento como uma oportunidade singular de interioriza\u00e7\u00e3o e reflex\u00e3o pessoal. As professoras Mirella Justi Martins, coordenadora do curso de Psicologia, e Juliana Mitidiero, coordenadora do curso de Educa\u00e7\u00e3o F\u00edsica, tamb\u00e9m destacaram o car\u00e1ter especial da vig\u00edlia, observando o envolvimento profundo e o esp\u00edrito reflexivo demonstrado por todos os presentes.<\/p>\n<p>Por fim, o\u00a0<strong>Reitor do UniSALESIANO, Pe. Paulo Fernando Vendrame, SDB<\/strong>, que participou do evento religioso, destacou que \u201ca Vig\u00edlia da Miseric\u00f3rdia acontece na prepara\u00e7\u00e3o da P\u00e1scoa. Na pr\u00f3xima semana iniciaremos a Semana Santa, e celebraremos a P\u00e1scoa de Jesus Cristo, preparando tamb\u00e9m a nossa P\u00e1scoa com Ele. Como nos recorda a Igreja, somos o Povo de Deus a caminho, olhos fixos em Jesus Cristo, que \u00e9 nossa meta!\u201d<\/p>\n<p>&nbsp;<\/p>\n\n\t\t<style type=\"text\/css\">\n\t\t\t#gallery-1 {\n\t\t\t\tmargin: auto;\n\t\t\t}\n\t\t\t#gallery-1 .gallery-item {\n\t\t\t\tfloat: left;\n\t\t\t\tmargin-top: 10px;\n\t\t\t\ttext-align: center;\n\t\t\t\twidth: 33%;\n\t\t\t}\n\t\t\t#gallery-1 img {\n\t\t\t\tborder: 2px solid #cfcfcf;\n\t\t\t}\n\t\t\t#gallery-1 .gallery-caption {\n\t\t\t\tmargin-left: 0;\n\t\t\t}\n\t\t\t\/* see gallery_shortcode() in wp-includes\/media.php *\/\n\t\t<\/style>\n\t\t<div id='gallery-1' class='gallery galleryid-12303 gallery-columns-3 gallery-size-thumbnail'><dl class='gallery-item'>\n\t\t\t<dt class='gallery-icon portrait'>\n\t\t\t\t<a href='https:\/\/unisale.com.br\/pastoral\/unisalesiano-realiza-6a-vigilia-da-misericordia-com-forte-adesao-da-comunidade-academica\/img_0190-683x1024\/'><img decoding=\"async\" width=\"150\" height=\"150\" src=\"https:\/\/unisale.com.br\/pastoral\/wp-content\/uploads\/2025\/04\/IMG_0190-683x1024-1-150x150.jpg\" class=\"attachment-thumbnail size-thumbnail\" alt=\"\" \/><\/a>\n\t\t\t<\/dt><\/dl><dl class='gallery-item'>\n\t\t\t<dt class='gallery-icon landscape'>\n\t\t\t\t<a href='https:\/\/unisale.com.br\/pastoral\/unisalesiano-realiza-6a-vigilia-da-misericordia-com-forte-adesao-da-comunidade-academica\/img_0297-1024x683\/'><img decoding=\"async\" width=\"150\" height=\"150\" src=\"https:\/\/unisale.com.br\/pastoral\/wp-content\/uploads\/2025\/04\/IMG_0297-1024x683-1-150x150.jpg\" class=\"attachment-thumbnail size-thumbnail\" alt=\"\" \/><\/a>\n\t\t\t<\/dt><\/dl><dl class='gallery-item'>\n\t\t\t<dt class='gallery-icon portrait'>\n\t\t\t\t<a href='https:\/\/unisale.com.br\/pastoral\/unisalesiano-realiza-6a-vigilia-da-misericordia-com-forte-adesao-da-comunidade-academica\/img_0293-683x1024\/'><img decoding=\"async\" width=\"150\" height=\"150\" src=\"https:\/\/unisale.com.br\/pastoral\/wp-content\/uploads\/2025\/04\/IMG_0293-683x1024-1-150x150.jpg\" class=\"attachment-thumbnail size-thumbnail\" alt=\"\" \/><\/a>\n\t\t\t<\/dt><\/dl><br style=\"clear: both\" \/><dl class='gallery-item'>\n\t\t\t<dt class='gallery-icon portrait'>\n\t\t\t\t<a href='https:\/\/unisale.com.br\/pastoral\/unisalesiano-realiza-6a-vigilia-da-misericordia-com-forte-adesao-da-comunidade-academica\/img_0286-683x1024\/'><img loading=\"lazy\" decoding=\"async\" width=\"150\" height=\"150\" src=\"https:\/\/unisale.com.br\/pastoral\/wp-content\/uploads\/2025\/04\/IMG_0286-683x1024-1-150x150.jpg\" class=\"attachment-thumbnail size-thumbnail\" alt=\"\" \/><\/a>\n\t\t\t<\/dt><\/dl><dl class='gallery-item'>\n\t\t\t<dt class='gallery-icon landscape'>\n\t\t\t\t<a href='https:\/\/unisale.com.br\/pastoral\/unisalesiano-realiza-6a-vigilia-da-misericordia-com-forte-adesao-da-comunidade-academica\/img_0269-1024x683\/'><img loading=\"lazy\" decoding=\"async\" width=\"150\" height=\"150\" src=\"https:\/\/unisale.com.br\/pastoral\/wp-content\/uploads\/2025\/04\/IMG_0269-1024x683-1-150x150.jpg\" class=\"attachment-thumbnail size-thumbnail\" alt=\"\" \/><\/a>\n\t\t\t<\/dt><\/dl><dl class='gallery-item'>\n\t\t\t<dt class='gallery-icon portrait'>\n\t\t\t\t<a href='https:\/\/unisale.com.br\/pastoral\/unisalesiano-realiza-6a-vigilia-da-misericordia-com-forte-adesao-da-comunidade-academica\/img_0265-683x1024\/'><img loading=\"lazy\" decoding=\"async\" width=\"150\" height=\"150\" src=\"https:\/\/unisale.com.br\/pastoral\/wp-content\/uploads\/2025\/04\/IMG_0265-683x1024-1-150x150.jpg\" class=\"attachment-thumbnail size-thumbnail\" alt=\"\" \/><\/a>\n\t\t\t<\/dt><\/dl><br style=\"clear: both\" \/><dl class='gallery-item'>\n\t\t\t<dt class='gallery-icon landscape'>\n\t\t\t\t<a href='https:\/\/unisale.com.br\/pastoral\/unisalesiano-realiza-6a-vigilia-da-misericordia-com-forte-adesao-da-comunidade-academica\/img_0253-1024x683-2\/'><img loading=\"lazy\" decoding=\"async\" width=\"150\" height=\"150\" src=\"https:\/\/unisale.com.br\/pastoral\/wp-content\/uploads\/2025\/04\/IMG_0253-1024x683-2-150x150.jpg\" class=\"attachment-thumbnail size-thumbnail\" alt=\"\" \/><\/a>\n\t\t\t<\/dt><\/dl><dl class='gallery-item'>\n\t\t\t<dt class='gallery-icon landscape'>\n\t\t\t\t<a href='https:\/\/unisale.com.br\/pastoral\/unisalesiano-realiza-6a-vigilia-da-misericordia-com-forte-adesao-da-comunidade-academica\/img_0253-1024x683-1\/'><img loading=\"lazy\" decoding=\"async\" width=\"150\" height=\"150\" src=\"https:\/\/unisale.com.br\/pastoral\/wp-content\/uploads\/2025\/04\/IMG_0253-1024x683-1-150x150.jpg\" class=\"attachment-thumbnail size-thumbnail\" alt=\"\" \/><\/a>\n\t\t\t<\/dt><\/dl><dl class='gallery-item'>\n\t\t\t<dt class='gallery-icon landscape'>\n\t\t\t\t<a href='https:\/\/unisale.com.br\/pastoral\/unisalesiano-realiza-6a-vigilia-da-misericordia-com-forte-adesao-da-comunidade-academica\/img_0251-1024x683\/'><img loading=\"lazy\" decoding=\"async\" width=\"150\" height=\"150\" src=\"https:\/\/unisale.com.br\/pastoral\/wp-content\/uploads\/2025\/04\/IMG_0251-1024x683-1-150x150.jpg\" class=\"attachment-thumbnail size-thumbnail\" alt=\"\" \/><\/a>\n\t\t\t<\/dt><\/dl><br style=\"clear: both\" \/><dl class='gallery-item'>\n\t\t\t<dt class='gallery-icon landscape'>\n\t\t\t\t<a href='https:\/\/unisale.com.br\/pastoral\/unisalesiano-realiza-6a-vigilia-da-misericordia-com-forte-adesao-da-comunidade-academica\/img_0249-1024x683\/'><img loading=\"lazy\" decoding=\"async\" width=\"150\" height=\"150\" src=\"https:\/\/unisale.com.br\/pastoral\/wp-content\/uploads\/2025\/04\/IMG_0249-1024x683-1-150x150.jpg\" class=\"attachment-thumbnail size-thumbnail\" alt=\"\" \/><\/a>\n\t\t\t<\/dt><\/dl><dl class='gallery-item'>\n\t\t\t<dt class='gallery-icon landscape'>\n\t\t\t\t<a href='https:\/\/unisale.com.br\/pastoral\/unisalesiano-realiza-6a-vigilia-da-misericordia-com-forte-adesao-da-comunidade-academica\/img_0200-1024x683\/'><img loading=\"lazy\" decoding=\"async\" width=\"150\" height=\"150\" src=\"https:\/\/unisale.com.br\/pastoral\/wp-content\/uploads\/2025\/04\/IMG_0200-1024x683-1-150x150.jpg\" class=\"attachment-thumbnail size-thumbnail\" alt=\"\" \/><\/a>\n\t\t\t<\/dt><\/dl><dl class='gallery-item'>\n\t\t\t<dt class='gallery-icon landscape'>\n\t\t\t\t<a href='https:\/\/unisale.com.br\/pastoral\/unisalesiano-realiza-6a-vigilia-da-misericordia-com-forte-adesao-da-comunidade-academica\/img_0198-1024x683\/'><img loading=\"lazy\" decoding=\"async\" width=\"150\" height=\"150\" src=\"https:\/\/unisale.com.br\/pastoral\/wp-content\/uploads\/2025\/04\/IMG_0198-1024x683-1-150x150.jpg\" class=\"attachment-thumbnail size-thumbnail\" alt=\"\" \/><\/a>\n\t\t\t<\/dt><\/dl><br style=\"clear: both\" \/><dl class='gallery-item'>\n\t\t\t<dt class='gallery-icon landscape'>\n\t\t\t\t<a href='https:\/\/unisale.com.br\/pastoral\/unisalesiano-realiza-6a-vigilia-da-misericordia-com-forte-adesao-da-comunidade-academica\/img_0195-1024x683\/'><img loading=\"lazy\" decoding=\"async\" width=\"150\" height=\"150\" src=\"https:\/\/unisale.com.br\/pastoral\/wp-content\/uploads\/2025\/04\/IMG_0195-1024x683-1-150x150.jpg\" class=\"attachment-thumbnail size-thumbnail\" alt=\"\" \/><\/a>\n\t\t\t<\/dt><\/dl>\n\t\t\t<br style='clear: both' \/>\n\t\t<\/div>\n\n","protected":false},"excerpt":{"rendered":"<p>A\u00a0Pastoral Universit\u00e1ria do UniSALESIANO\u00a0promoveu, na noite de 10 de abril, a\u00a06\u00aa edi\u00e7\u00e3o da Vig\u00edlia da Miseric\u00f3rdia. Realizado no Centro de Conviv\u00eancia da Institui\u00e7\u00e3o, o evento&#8230;<\/p>\n","protected":false},"author":1,"featured_media":12316,"comment_status":"closed","ping_status":"closed","sticky":false,"template":"","format":"standard","meta":{"_acf_changed":false,"footnotes":""},"categories":[3],"tags":[],"class_list":["post-12303","post","type-post","status-publish","format-standard","has-post-thumbnail","hentry","category-not"],"acf":[],"yoast_head":"<!-- This site is optimized with the Yoast SEO plugin v27.3 - https:\/\/yoast.com\/product\/yoast-seo-wordpress\/ -->\n<title>UniSALESIANO realiza 6\u00aa Vig\u00edlia da Miseric\u00f3rdia com forte ades\u00e3o da comunidade acad\u00eamica - Pastoral Universit\u00e1ria UniSALESIANO<\/title>\n<meta name=\"robots\" content=\"index, follow, max-snippet:-1, max-image-preview:large, max-video-preview:-1\" \/>\n<link rel=\"canonical\" href=\"https:\/\/unisale.com.br\/pastoral\/unisalesiano-realiza-6a-vigilia-da-misericordia-com-forte-adesao-da-comunidade-academica\/\" \/>\n<meta property=\"og:locale\" content=\"pt_BR\" \/>\n<meta property=\"og:type\" content=\"article\" \/>\n<meta property=\"og:title\" content=\"UniSALESIANO realiza 6\u00aa Vig\u00edlia da Miseric\u00f3rdia com forte ades\u00e3o da comunidade acad\u00eamica - Pastoral Universit\u00e1ria UniSALESIANO\" \/>\n<meta property=\"og:description\" content=\"A\u00a0Pastoral Universit\u00e1ria do UniSALESIANO\u00a0promoveu, na noite de 10 de abril, a\u00a06\u00aa edi\u00e7\u00e3o da Vig\u00edlia da Miseric\u00f3rdia. Realizado no Centro de Conviv\u00eancia da Institui\u00e7\u00e3o, o evento...\" \/>\n<meta property=\"og:url\" content=\"https:\/\/unisale.com.br\/pastoral\/unisalesiano-realiza-6a-vigilia-da-misericordia-com-forte-adesao-da-comunidade-academica\/\" \/>\n<meta property=\"og:site_name\" content=\"Pastoral Universit\u00e1ria UniSALESIANO\" \/>\n<meta property=\"article:published_time\" content=\"2025-04-30T13:33:02+00:00\" \/>\n<meta property=\"og:image\" content=\"https:\/\/unisale.com.br\/pastoral\/wp-content\/uploads\/2025\/04\/IMG_0310-768x512-1.jpg\" \/>\n\t<meta property=\"og:image:width\" content=\"768\" \/>\n\t<meta property=\"og:image:height\" content=\"512\" \/>\n\t<meta property=\"og:image:type\" content=\"image\/jpeg\" \/>\n<meta name=\"author\" content=\"pastoral\" \/>\n<meta name=\"twitter:card\" content=\"summary_large_image\" \/>\n<meta name=\"twitter:label1\" content=\"Escrito por\" \/>\n\t<meta name=\"twitter:data1\" content=\"pastoral\" \/>\n\t<meta name=\"twitter:label2\" content=\"Est. tempo de leitura\" \/>\n\t<meta name=\"twitter:data2\" content=\"4 minutos\" \/>\n<script type=\"application\/ld+json\" class=\"yoast-schema-graph\">{\"@context\":\"https:\\\/\\\/schema.org\",\"@graph\":[{\"@type\":\"Article\",\"@id\":\"https:\\\/\\\/unisale.com.br\\\/pastoral\\\/unisalesiano-realiza-6a-vigilia-da-misericordia-com-forte-adesao-da-comunidade-academica\\\/#article\",\"isPartOf\":{\"@id\":\"https:\\\/\\\/unisale.com.br\\\/pastoral\\\/unisalesiano-realiza-6a-vigilia-da-misericordia-com-forte-adesao-da-comunidade-academica\\\/\"},\"author\":{\"name\":\"pastoral\",\"@id\":\"https:\\\/\\\/unisale.com.br\\\/pastoral\\\/#\\\/schema\\\/person\\\/a16ba711a0f7dec9cb6b44563144d5a3\"},\"headline\":\"UniSALESIANO realiza 6\u00aa Vig\u00edlia da Miseric\u00f3rdia com forte ades\u00e3o da comunidade acad\u00eamica\",\"datePublished\":\"2025-04-30T13:33:02+00:00\",\"mainEntityOfPage\":{\"@id\":\"https:\\\/\\\/unisale.com.br\\\/pastoral\\\/unisalesiano-realiza-6a-vigilia-da-misericordia-com-forte-adesao-da-comunidade-academica\\\/\"},\"wordCount\":647,\"image\":{\"@id\":\"https:\\\/\\\/unisale.com.br\\\/pastoral\\\/unisalesiano-realiza-6a-vigilia-da-misericordia-com-forte-adesao-da-comunidade-academica\\\/#primaryimage\"},\"thumbnailUrl\":\"https:\\\/\\\/unisale.com.br\\\/pastoral\\\/wp-content\\\/uploads\\\/2025\\\/04\\\/IMG_0310-768x512-1.jpg\",\"articleSection\":[\"Not\u00edcias\"],\"inLanguage\":\"pt-BR\"},{\"@type\":\"WebPage\",\"@id\":\"https:\\\/\\\/unisale.com.br\\\/pastoral\\\/unisalesiano-realiza-6a-vigilia-da-misericordia-com-forte-adesao-da-comunidade-academica\\\/\",\"url\":\"https:\\\/\\\/unisale.com.br\\\/pastoral\\\/unisalesiano-realiza-6a-vigilia-da-misericordia-com-forte-adesao-da-comunidade-academica\\\/\",\"name\":\"UniSALESIANO realiza 6\u00aa Vig\u00edlia da Miseric\u00f3rdia com forte ades\u00e3o da comunidade acad\u00eamica - Pastoral Universit\u00e1ria UniSALESIANO\",\"isPartOf\":{\"@id\":\"https:\\\/\\\/unisale.com.br\\\/pastoral\\\/#website\"},\"primaryImageOfPage\":{\"@id\":\"https:\\\/\\\/unisale.com.br\\\/pastoral\\\/unisalesiano-realiza-6a-vigilia-da-misericordia-com-forte-adesao-da-comunidade-academica\\\/#primaryimage\"},\"image\":{\"@id\":\"https:\\\/\\\/unisale.com.br\\\/pastoral\\\/unisalesiano-realiza-6a-vigilia-da-misericordia-com-forte-adesao-da-comunidade-academica\\\/#primaryimage\"},\"thumbnailUrl\":\"https:\\\/\\\/unisale.com.br\\\/pastoral\\\/wp-content\\\/uploads\\\/2025\\\/04\\\/IMG_0310-768x512-1.jpg\",\"datePublished\":\"2025-04-30T13:33:02+00:00\",\"author\":{\"@id\":\"https:\\\/\\\/unisale.com.br\\\/pastoral\\\/#\\\/schema\\\/person\\\/a16ba711a0f7dec9cb6b44563144d5a3\"},\"inLanguage\":\"pt-BR\",\"potentialAction\":[{\"@type\":\"ReadAction\",\"target\":[\"https:\\\/\\\/unisale.com.br\\\/pastoral\\\/unisalesiano-realiza-6a-vigilia-da-misericordia-com-forte-adesao-da-comunidade-academica\\\/\"]}]},{\"@type\":\"ImageObject\",\"inLanguage\":\"pt-BR\",\"@id\":\"https:\\\/\\\/unisale.com.br\\\/pastoral\\\/unisalesiano-realiza-6a-vigilia-da-misericordia-com-forte-adesao-da-comunidade-academica\\\/#primaryimage\",\"url\":\"https:\\\/\\\/unisale.com.br\\\/pastoral\\\/wp-content\\\/uploads\\\/2025\\\/04\\\/IMG_0310-768x512-1.jpg\",\"contentUrl\":\"https:\\\/\\\/unisale.com.br\\\/pastoral\\\/wp-content\\\/uploads\\\/2025\\\/04\\\/IMG_0310-768x512-1.jpg\",\"width\":750,\"height\":500},{\"@type\":\"WebSite\",\"@id\":\"https:\\\/\\\/unisale.com.br\\\/pastoral\\\/#website\",\"url\":\"https:\\\/\\\/unisale.com.br\\\/pastoral\\\/\",\"name\":\"Pastoral Universit\u00e1ria UniSALESIANO\",\"description\":\"Site da Pastoral Universit\u00e1ria do UniSALESIANO\",\"potentialAction\":[{\"@type\":\"SearchAction\",\"target\":{\"@type\":\"EntryPoint\",\"urlTemplate\":\"https:\\\/\\\/unisale.com.br\\\/pastoral\\\/?s={search_term_string}\"},\"query-input\":{\"@type\":\"PropertyValueSpecification\",\"valueRequired\":true,\"valueName\":\"search_term_string\"}}],\"inLanguage\":\"pt-BR\"},{\"@type\":\"Person\",\"@id\":\"https:\\\/\\\/unisale.com.br\\\/pastoral\\\/#\\\/schema\\\/person\\\/a16ba711a0f7dec9cb6b44563144d5a3\",\"name\":\"pastoral\",\"url\":\"https:\\\/\\\/unisale.com.br\\\/pastoral\\\/author\\\/pastoral\\\/\"}]}<\/script>\n<!-- \/ Yoast SEO plugin. -->","yoast_head_json":{"title":"UniSALESIANO realiza 6\u00aa Vig\u00edlia da Miseric\u00f3rdia com forte ades\u00e3o da comunidade acad\u00eamica - Pastoral Universit\u00e1ria UniSALESIANO","robots":{"index":"index","follow":"follow","max-snippet":"max-snippet:-1","max-image-preview":"max-image-preview:large","max-video-preview":"max-video-preview:-1"},"canonical":"https:\/\/unisale.com.br\/pastoral\/unisalesiano-realiza-6a-vigilia-da-misericordia-com-forte-adesao-da-comunidade-academica\/","og_locale":"pt_BR","og_type":"article","og_title":"UniSALESIANO realiza 6\u00aa Vig\u00edlia da Miseric\u00f3rdia com forte ades\u00e3o da comunidade acad\u00eamica - Pastoral Universit\u00e1ria UniSALESIANO","og_description":"A\u00a0Pastoral Universit\u00e1ria do UniSALESIANO\u00a0promoveu, na noite de 10 de abril, a\u00a06\u00aa edi\u00e7\u00e3o da Vig\u00edlia da Miseric\u00f3rdia. Realizado no Centro de Conviv\u00eancia da Institui\u00e7\u00e3o, o evento...","og_url":"https:\/\/unisale.com.br\/pastoral\/unisalesiano-realiza-6a-vigilia-da-misericordia-com-forte-adesao-da-comunidade-academica\/","og_site_name":"Pastoral Universit\u00e1ria UniSALESIANO","article_published_time":"2025-04-30T13:33:02+00:00","og_image":[{"width":768,"height":512,"url":"https:\/\/unisale.com.br\/pastoral\/wp-content\/uploads\/2025\/04\/IMG_0310-768x512-1.jpg","type":"image\/jpeg"}],"author":"pastoral","twitter_card":"summary_large_image","twitter_misc":{"Escrito por":"pastoral","Est. tempo de leitura":"4 minutos"},"schema":{"@context":"https:\/\/schema.org","@graph":[{"@type":"Article","@id":"https:\/\/unisale.com.br\/pastoral\/unisalesiano-realiza-6a-vigilia-da-misericordia-com-forte-adesao-da-comunidade-academica\/#article","isPartOf":{"@id":"https:\/\/unisale.com.br\/pastoral\/unisalesiano-realiza-6a-vigilia-da-misericordia-com-forte-adesao-da-comunidade-academica\/"},"author":{"name":"pastoral","@id":"https:\/\/unisale.com.br\/pastoral\/#\/schema\/person\/a16ba711a0f7dec9cb6b44563144d5a3"},"headline":"UniSALESIANO realiza 6\u00aa Vig\u00edlia da Miseric\u00f3rdia com forte ades\u00e3o da comunidade acad\u00eamica","datePublished":"2025-04-30T13:33:02+00:00","mainEntityOfPage":{"@id":"https:\/\/unisale.com.br\/pastoral\/unisalesiano-realiza-6a-vigilia-da-misericordia-com-forte-adesao-da-comunidade-academica\/"},"wordCount":647,"image":{"@id":"https:\/\/unisale.com.br\/pastoral\/unisalesiano-realiza-6a-vigilia-da-misericordia-com-forte-adesao-da-comunidade-academica\/#primaryimage"},"thumbnailUrl":"https:\/\/unisale.com.br\/pastoral\/wp-content\/uploads\/2025\/04\/IMG_0310-768x512-1.jpg","articleSection":["Not\u00edcias"],"inLanguage":"pt-BR"},{"@type":"WebPage","@id":"https:\/\/unisale.com.br\/pastoral\/unisalesiano-realiza-6a-vigilia-da-misericordia-com-forte-adesao-da-comunidade-academica\/","url":"https:\/\/unisale.com.br\/pastoral\/unisalesiano-realiza-6a-vigilia-da-misericordia-com-forte-adesao-da-comunidade-academica\/","name":"UniSALESIANO realiza 6\u00aa Vig\u00edlia da Miseric\u00f3rdia com forte ades\u00e3o da comunidade acad\u00eamica - Pastoral Universit\u00e1ria UniSALESIANO","isPartOf":{"@id":"https:\/\/unisale.com.br\/pastoral\/#website"},"primaryImageOfPage":{"@id":"https:\/\/unisale.com.br\/pastoral\/unisalesiano-realiza-6a-vigilia-da-misericordia-com-forte-adesao-da-comunidade-academica\/#primaryimage"},"image":{"@id":"https:\/\/unisale.com.br\/pastoral\/unisalesiano-realiza-6a-vigilia-da-misericordia-com-forte-adesao-da-comunidade-academica\/#primaryimage"},"thumbnailUrl":"https:\/\/unisale.com.br\/pastoral\/wp-content\/uploads\/2025\/04\/IMG_0310-768x512-1.jpg","datePublished":"2025-04-30T13:33:02+00:00","author":{"@id":"https:\/\/unisale.com.br\/pastoral\/#\/schema\/person\/a16ba711a0f7dec9cb6b44563144d5a3"},"inLanguage":"pt-BR","potentialAction":[{"@type":"ReadAction","target":["https:\/\/unisale.com.br\/pastoral\/unisalesiano-realiza-6a-vigilia-da-misericordia-com-forte-adesao-da-comunidade-academica\/"]}]},{"@type":"ImageObject","inLanguage":"pt-BR","@id":"https:\/\/unisale.com.br\/pastoral\/unisalesiano-realiza-6a-vigilia-da-misericordia-com-forte-adesao-da-comunidade-academica\/#primaryimage","url":"https:\/\/unisale.com.br\/pastoral\/wp-content\/uploads\/2025\/04\/IMG_0310-768x512-1.jpg","contentUrl":"https:\/\/unisale.com.br\/pastoral\/wp-content\/uploads\/2025\/04\/IMG_0310-768x512-1.jpg","width":750,"height":500},{"@type":"WebSite","@id":"https:\/\/unisale.com.br\/pastoral\/#website","url":"https:\/\/unisale.com.br\/pastoral\/","name":"Pastoral Universit\u00e1ria UniSALESIANO","description":"Site da Pastoral Universit\u00e1ria do UniSALESIANO","potentialAction":[{"@type":"SearchAction","target":{"@type":"EntryPoint","urlTemplate":"https:\/\/unisale.com.br\/pastoral\/?s={search_term_string}"},"query-input":{"@type":"PropertyValueSpecification","valueRequired":true,"valueName":"search_term_string"}}],"inLanguage":"pt-BR"},{"@type":"Person","@id":"https:\/\/unisale.com.br\/pastoral\/#\/schema\/person\/a16ba711a0f7dec9cb6b44563144d5a3","name":"pastoral","url":"https:\/\/unisale.com.br\/pastoral\/author\/pastoral\/"}]}},"_links":{"self":[{"href":"https:\/\/unisale.com.br\/pastoral\/wp-json\/wp\/v2\/posts\/12303","targetHints":{"allow":["GET"]}}],"collection":[{"href":"https:\/\/unisale.com.br\/pastoral\/wp-json\/wp\/v2\/posts"}],"about":[{"href":"https:\/\/unisale.com.br\/pastoral\/wp-json\/wp\/v2\/types\/post"}],"author":[{"embeddable":true,"href":"https:\/\/unisale.com.br\/pastoral\/wp-json\/wp\/v2\/users\/1"}],"replies":[{"embeddable":true,"href":"https:\/\/unisale.com.br\/pastoral\/wp-json\/wp\/v2\/comments?post=12303"}],"version-history":[{"count":1,"href":"https:\/\/unisale.com.br\/pastoral\/wp-json\/wp\/v2\/posts\/12303\/revisions"}],"predecessor-version":[{"id":12318,"href":"https:\/\/unisale.com.br\/pastoral\/wp-json\/wp\/v2\/posts\/12303\/revisions\/12318"}],"wp:featuredmedia":[{"embeddable":true,"href":"https:\/\/unisale.com.br\/pastoral\/wp-json\/wp\/v2\/media\/12316"}],"wp:attachment":[{"href":"https:\/\/unisale.com.br\/pastoral\/wp-json\/wp\/v2\/media?parent=12303"}],"wp:term":[{"taxonomy":"category","embeddable":true,"href":"https:\/\/unisale.com.br\/pastoral\/wp-json\/wp\/v2\/categories?post=12303"},{"taxonomy":"post_tag","embeddable":true,"href":"https:\/\/unisale.com.br\/pastoral\/wp-json\/wp\/v2\/tags?post=12303"}],"curies":[{"name":"wp","href":"https:\/\/api.w.org\/{rel}","templated":true}]}}