{"id":12319,"date":"2025-04-30T13:36:31","date_gmt":"2025-04-30T13:36:31","guid":{"rendered":"https:\/\/unisale.com.br\/pastoral\/?p=12319"},"modified":"2025-04-30T13:37:32","modified_gmt":"2025-04-30T13:37:32","slug":"a-pastoral-universitaria-do-unisalesiano-promoveu-na-noite-de-10-de-abril-a-6a-edicao-da-vigilia-da-misericordia-realizado-no-centro-de-convivencia-da-instituicao-o-evento-reuniu-academicos-colab","status":"publish","type":"post","link":"https:\/\/unisale.com.br\/pastoral\/a-pastoral-universitaria-do-unisalesiano-promoveu-na-noite-de-10-de-abril-a-6a-edicao-da-vigilia-da-misericordia-realizado-no-centro-de-convivencia-da-instituicao-o-evento-reuniu-academicos-colab\/","title":{"rendered":"Celebra\u00e7\u00e3o de P\u00e1scoa no Orat\u00f3rio Dom Bosco emociona oratorianos com s\u00edmbolos e partilha"},"content":{"rendered":"<p>O\u00a0<strong>Orat\u00f3rio Dom Bosco<\/strong>\u00a0celebrou a P\u00e1scoa de forma especial, com uma programa\u00e7\u00e3o que reuniu espiritualidade, solidariedade e muita alegria, no \u00faltimo s\u00e1bado, dia 12. A a\u00e7\u00e3o contou com o apoio dos volunt\u00e1rios do UniSALESIANO e da Par\u00f3quia S\u00e3o Francisco e Santa Clara.<\/p>\n<p>Durante o hor\u00e1rio do orat\u00f3rio, das 14h30 \u00e0s 17h30, crian\u00e7as, jovens e adultos participaram de uma intensa viv\u00eancia pascal. A celebra\u00e7\u00e3o religiosa foi conduzida por\u00a0<strong>Nivaldo Almeida Pinto<\/strong>, volunt\u00e1rio de longa data no Orat\u00f3rio Dom Bosco. Com uma trajet\u00f3ria marcada pela espiritualidade salesiana, Nivaldo preparou uma celebra\u00e7\u00e3o que percorreu a hist\u00f3ria da salva\u00e7\u00e3o \u2014 do G\u00eanesis \u00e0 Ressurrei\u00e7\u00e3o de Cristo \u2014 com forte carga simb\u00f3lica.<\/p>\n<p>\u201cO objetivo era que os oratorianos pudessem compreender o sentido profundo da P\u00e1scoa. Trouxemos elementos da antiga celebra\u00e7\u00e3o judaica, como o p\u00e3o sem fermento, o almeir\u00e3o \u2014 representando as ervas amargas \u2014 e o suco de uva. Eles experimentaram cada s\u00edmbolo e foram convidados a refletir sobre a passagem da escravid\u00e3o para a liberdade, e da morte para a vida, que a P\u00e1scoa representa para os crist\u00e3os\u201d, explicou Nivaldo.<\/p>\n<p>A celebra\u00e7\u00e3o tamb\u00e9m apresentou elementos simb\u00f3licos da tradi\u00e7\u00e3o crist\u00e3, como o c\u00edrio pascal, os cravos \u2014 trazidos por Nivaldo de sua casa, utilizados em trilhos de trem \u2014 e a coroa de espinhos, feita com espinhos reais e passada de m\u00e3o em m\u00e3o. \u201cA inten\u00e7\u00e3o era que cada oratoriano pudesse sentir o que Cristo sentiu. \u00c9 uma forma de tornar essa experi\u00eancia mais viva e tocante\u201d, completou o volunt\u00e1rio, que soma mais de 20 anos de dedica\u00e7\u00e3o ao trabalho com orat\u00f3rios.<\/p>\n<p><strong>BOMBOM<\/strong><\/p>\n<p>Ap\u00f3s o momento religioso, crian\u00e7as e jovens participaram de oficinas tem\u00e1ticas sobre a P\u00e1scoa e foram presenteados com uma caixa de bombom, fruto de uma campanha solid\u00e1ria promovida pelo UniSALESIANO, com doa\u00e7\u00f5es de alunos, professores e colaboradores. Para tornar o dia ainda mais festivo, o tradicional lanche foi substitu\u00eddo por uma tarde com pastel e guaran\u00e1.<\/p>\n<p>A\u00a0<strong>Coordenadora do Curso de Educa\u00e7\u00e3o F\u00edsica e de Projetos de Extens\u00e3o do UniSALESIANO, Juliana Mitidiero<\/strong>, destacou a import\u00e2ncia de momentos como esse: \u201cA P\u00e1scoa no Orat\u00f3rio Dom Bosco \u00e9 mais do que uma comemora\u00e7\u00e3o; \u00e9 uma viv\u00eancia de f\u00e9, comunidade e amor ao pr\u00f3ximo. Ver a dedica\u00e7\u00e3o dos volunt\u00e1rios e a alegria dos oratorianos ao participarem de cada atividade nos mostra o quanto o trabalho de extens\u00e3o universit\u00e1ria pode transformar realidades\u201d.<\/p>\n<p>De acordo com o\u00a0<strong>Pr\u00f3-Reitor de Ensino, Pesquisa e P\u00f3s-Gradua\u00e7\u00e3o do UniSALESIANO, Prof. Andr\u00e9 Ornellas<\/strong>, a a\u00e7\u00e3o foi considerada um sucesso e deixou sementes para futuras celebra\u00e7\u00f5es, refor\u00e7ando o compromisso com a forma\u00e7\u00e3o humana e espiritual das crian\u00e7as e jovens que frequentam o orat\u00f3rio.<\/p>\n<p>&nbsp;<\/p>\n\n\t\t<style type=\"text\/css\">\n\t\t\t#gallery-1 {\n\t\t\t\tmargin: auto;\n\t\t\t}\n\t\t\t#gallery-1 .gallery-item {\n\t\t\t\tfloat: left;\n\t\t\t\tmargin-top: 10px;\n\t\t\t\ttext-align: center;\n\t\t\t\twidth: 33%;\n\t\t\t}\n\t\t\t#gallery-1 img {\n\t\t\t\tborder: 2px solid #cfcfcf;\n\t\t\t}\n\t\t\t#gallery-1 .gallery-caption {\n\t\t\t\tmargin-left: 0;\n\t\t\t}\n\t\t\t\/* see gallery_shortcode() in wp-includes\/media.php *\/\n\t\t<\/style>\n\t\t<div id='gallery-1' class='gallery galleryid-12319 gallery-columns-3 gallery-size-thumbnail'><dl class='gallery-item'>\n\t\t\t<dt class='gallery-icon portrait'>\n\t\t\t\t<a href='https:\/\/unisale.com.br\/pastoral\/a-pastoral-universitaria-do-unisalesiano-promoveu-na-noite-de-10-de-abril-a-6a-edicao-da-vigilia-da-misericordia-realizado-no-centro-de-convivencia-da-instituicao-o-evento-reuniu-academicos-colab\/whatsapp-image-2025-04-14-at-11-35-12-3-768x1024\/'><img decoding=\"async\" width=\"150\" height=\"150\" src=\"https:\/\/unisale.com.br\/pastoral\/wp-content\/uploads\/2025\/04\/WhatsApp-Image-2025-04-14-at-11.35.12-3-768x1024-1-150x150.jpeg\" class=\"attachment-thumbnail size-thumbnail\" alt=\"\" \/><\/a>\n\t\t\t<\/dt><\/dl><dl class='gallery-item'>\n\t\t\t<dt class='gallery-icon portrait'>\n\t\t\t\t<a href='https:\/\/unisale.com.br\/pastoral\/a-pastoral-universitaria-do-unisalesiano-promoveu-na-noite-de-10-de-abril-a-6a-edicao-da-vigilia-da-misericordia-realizado-no-centro-de-convivencia-da-instituicao-o-evento-reuniu-academicos-colab\/whatsapp-image-2025-04-14-at-11-35-12-1-768x1024\/'><img decoding=\"async\" width=\"150\" height=\"150\" src=\"https:\/\/unisale.com.br\/pastoral\/wp-content\/uploads\/2025\/04\/WhatsApp-Image-2025-04-14-at-11.35.12-1-768x1024-1-150x150.jpeg\" class=\"attachment-thumbnail size-thumbnail\" alt=\"\" \/><\/a>\n\t\t\t<\/dt><\/dl><dl class='gallery-item'>\n\t\t\t<dt class='gallery-icon portrait'>\n\t\t\t\t<a href='https:\/\/unisale.com.br\/pastoral\/a-pastoral-universitaria-do-unisalesiano-promoveu-na-noite-de-10-de-abril-a-6a-edicao-da-vigilia-da-misericordia-realizado-no-centro-de-convivencia-da-instituicao-o-evento-reuniu-academicos-colab\/whatsapp-image-2025-04-14-at-11-35-11-768x1024\/'><img decoding=\"async\" width=\"150\" height=\"150\" src=\"https:\/\/unisale.com.br\/pastoral\/wp-content\/uploads\/2025\/04\/WhatsApp-Image-2025-04-14-at-11.35.11-768x1024-1-150x150.jpeg\" class=\"attachment-thumbnail size-thumbnail\" alt=\"\" \/><\/a>\n\t\t\t<\/dt><\/dl><br style=\"clear: both\" \/><dl class='gallery-item'>\n\t\t\t<dt class='gallery-icon portrait'>\n\t\t\t\t<a href='https:\/\/unisale.com.br\/pastoral\/a-pastoral-universitaria-do-unisalesiano-promoveu-na-noite-de-10-de-abril-a-6a-edicao-da-vigilia-da-misericordia-realizado-no-centro-de-convivencia-da-instituicao-o-evento-reuniu-academicos-colab\/whatsapp-image-2025-04-14-at-11-35-11-3-768x1024\/'><img loading=\"lazy\" decoding=\"async\" width=\"150\" height=\"150\" src=\"https:\/\/unisale.com.br\/pastoral\/wp-content\/uploads\/2025\/04\/WhatsApp-Image-2025-04-14-at-11.35.11-3-768x1024-1-150x150.jpeg\" class=\"attachment-thumbnail size-thumbnail\" alt=\"\" \/><\/a>\n\t\t\t<\/dt><\/dl><dl class='gallery-item'>\n\t\t\t<dt class='gallery-icon portrait'>\n\t\t\t\t<a href='https:\/\/unisale.com.br\/pastoral\/a-pastoral-universitaria-do-unisalesiano-promoveu-na-noite-de-10-de-abril-a-6a-edicao-da-vigilia-da-misericordia-realizado-no-centro-de-convivencia-da-instituicao-o-evento-reuniu-academicos-colab\/whatsapp-image-2025-04-14-at-11-35-11-2-768x1024\/'><img loading=\"lazy\" decoding=\"async\" width=\"150\" height=\"150\" src=\"https:\/\/unisale.com.br\/pastoral\/wp-content\/uploads\/2025\/04\/WhatsApp-Image-2025-04-14-at-11.35.11-2-768x1024-1-150x150.jpeg\" class=\"attachment-thumbnail size-thumbnail\" alt=\"\" \/><\/a>\n\t\t\t<\/dt><\/dl><dl class='gallery-item'>\n\t\t\t<dt class='gallery-icon portrait'>\n\t\t\t\t<a href='https:\/\/unisale.com.br\/pastoral\/a-pastoral-universitaria-do-unisalesiano-promoveu-na-noite-de-10-de-abril-a-6a-edicao-da-vigilia-da-misericordia-realizado-no-centro-de-convivencia-da-instituicao-o-evento-reuniu-academicos-colab\/whatsapp-image-2025-04-14-at-11-35-11-1-768x1024\/'><img loading=\"lazy\" decoding=\"async\" width=\"150\" height=\"150\" src=\"https:\/\/unisale.com.br\/pastoral\/wp-content\/uploads\/2025\/04\/WhatsApp-Image-2025-04-14-at-11.35.11-1-768x1024-1-150x150.jpeg\" class=\"attachment-thumbnail size-thumbnail\" alt=\"\" \/><\/a>\n\t\t\t<\/dt><\/dl><br style=\"clear: both\" \/><dl class='gallery-item'>\n\t\t\t<dt class='gallery-icon portrait'>\n\t\t\t\t<a href='https:\/\/unisale.com.br\/pastoral\/a-pastoral-universitaria-do-unisalesiano-promoveu-na-noite-de-10-de-abril-a-6a-edicao-da-vigilia-da-misericordia-realizado-no-centro-de-convivencia-da-instituicao-o-evento-reuniu-academicos-colab\/whatsapp-image-2025-04-14-at-11-35-10-768x1024\/'><img loading=\"lazy\" decoding=\"async\" width=\"150\" height=\"150\" src=\"https:\/\/unisale.com.br\/pastoral\/wp-content\/uploads\/2025\/04\/WhatsApp-Image-2025-04-14-at-11.35.10-768x1024-1-150x150.jpeg\" class=\"attachment-thumbnail size-thumbnail\" alt=\"\" \/><\/a>\n\t\t\t<\/dt><\/dl><dl class='gallery-item'>\n\t\t\t<dt class='gallery-icon portrait'>\n\t\t\t\t<a href='https:\/\/unisale.com.br\/pastoral\/a-pastoral-universitaria-do-unisalesiano-promoveu-na-noite-de-10-de-abril-a-6a-edicao-da-vigilia-da-misericordia-realizado-no-centro-de-convivencia-da-instituicao-o-evento-reuniu-academicos-colab\/whatsapp-image-2025-04-14-at-11-35-10-2-768x1024\/'><img loading=\"lazy\" decoding=\"async\" width=\"150\" height=\"150\" src=\"https:\/\/unisale.com.br\/pastoral\/wp-content\/uploads\/2025\/04\/WhatsApp-Image-2025-04-14-at-11.35.10-2-768x1024-1-150x150.jpeg\" class=\"attachment-thumbnail size-thumbnail\" alt=\"\" \/><\/a>\n\t\t\t<\/dt><\/dl><dl class='gallery-item'>\n\t\t\t<dt class='gallery-icon landscape'>\n\t\t\t\t<a href='https:\/\/unisale.com.br\/pastoral\/a-pastoral-universitaria-do-unisalesiano-promoveu-na-noite-de-10-de-abril-a-6a-edicao-da-vigilia-da-misericordia-realizado-no-centro-de-convivencia-da-instituicao-o-evento-reuniu-academicos-colab\/whatsapp-image-2025-04-14-at-11-35-15-1-1024x768\/'><img loading=\"lazy\" decoding=\"async\" width=\"150\" height=\"150\" src=\"https:\/\/unisale.com.br\/pastoral\/wp-content\/uploads\/2025\/04\/WhatsApp-Image-2025-04-14-at-11.35.15-1-1024x768-1-150x150.jpeg\" class=\"attachment-thumbnail size-thumbnail\" alt=\"\" \/><\/a>\n\t\t\t<\/dt><\/dl><br style=\"clear: both\" \/><dl class='gallery-item'>\n\t\t\t<dt class='gallery-icon portrait'>\n\t\t\t\t<a href='https:\/\/unisale.com.br\/pastoral\/a-pastoral-universitaria-do-unisalesiano-promoveu-na-noite-de-10-de-abril-a-6a-edicao-da-vigilia-da-misericordia-realizado-no-centro-de-convivencia-da-instituicao-o-evento-reuniu-academicos-colab\/whatsapp-image-2025-04-14-at-11-35-14-768x1024\/'><img loading=\"lazy\" decoding=\"async\" width=\"150\" height=\"150\" src=\"https:\/\/unisale.com.br\/pastoral\/wp-content\/uploads\/2025\/04\/WhatsApp-Image-2025-04-14-at-11.35.14-768x1024-1-150x150.jpeg\" class=\"attachment-thumbnail size-thumbnail\" alt=\"\" \/><\/a>\n\t\t\t<\/dt><\/dl><dl class='gallery-item'>\n\t\t\t<dt class='gallery-icon portrait'>\n\t\t\t\t<a href='https:\/\/unisale.com.br\/pastoral\/a-pastoral-universitaria-do-unisalesiano-promoveu-na-noite-de-10-de-abril-a-6a-edicao-da-vigilia-da-misericordia-realizado-no-centro-de-convivencia-da-instituicao-o-evento-reuniu-academicos-colab\/whatsapp-image-2025-04-14-at-11-35-14-3-768x1024\/'><img loading=\"lazy\" decoding=\"async\" width=\"150\" height=\"150\" src=\"https:\/\/unisale.com.br\/pastoral\/wp-content\/uploads\/2025\/04\/WhatsApp-Image-2025-04-14-at-11.35.14-3-768x1024-1-150x150.jpeg\" class=\"attachment-thumbnail size-thumbnail\" alt=\"\" \/><\/a>\n\t\t\t<\/dt><\/dl><dl class='gallery-item'>\n\t\t\t<dt class='gallery-icon landscape'>\n\t\t\t\t<a href='https:\/\/unisale.com.br\/pastoral\/a-pastoral-universitaria-do-unisalesiano-promoveu-na-noite-de-10-de-abril-a-6a-edicao-da-vigilia-da-misericordia-realizado-no-centro-de-convivencia-da-instituicao-o-evento-reuniu-academicos-colab\/whatsapp-image-2025-04-14-at-11-35-14-2-1024x768\/'><img loading=\"lazy\" decoding=\"async\" width=\"150\" height=\"150\" src=\"https:\/\/unisale.com.br\/pastoral\/wp-content\/uploads\/2025\/04\/WhatsApp-Image-2025-04-14-at-11.35.14-2-1024x768-1-150x150.jpeg\" class=\"attachment-thumbnail size-thumbnail\" alt=\"\" \/><\/a>\n\t\t\t<\/dt><\/dl><br style=\"clear: both\" \/><dl class='gallery-item'>\n\t\t\t<dt class='gallery-icon portrait'>\n\t\t\t\t<a href='https:\/\/unisale.com.br\/pastoral\/a-pastoral-universitaria-do-unisalesiano-promoveu-na-noite-de-10-de-abril-a-6a-edicao-da-vigilia-da-misericordia-realizado-no-centro-de-convivencia-da-instituicao-o-evento-reuniu-academicos-colab\/whatsapp-image-2025-04-14-at-11-35-14-1-768x1024\/'><img loading=\"lazy\" decoding=\"async\" width=\"150\" height=\"150\" src=\"https:\/\/unisale.com.br\/pastoral\/wp-content\/uploads\/2025\/04\/WhatsApp-Image-2025-04-14-at-11.35.14-1-768x1024-1-150x150.jpeg\" class=\"attachment-thumbnail size-thumbnail\" alt=\"\" \/><\/a>\n\t\t\t<\/dt><\/dl><dl class='gallery-item'>\n\t\t\t<dt class='gallery-icon portrait'>\n\t\t\t\t<a href='https:\/\/unisale.com.br\/pastoral\/a-pastoral-universitaria-do-unisalesiano-promoveu-na-noite-de-10-de-abril-a-6a-edicao-da-vigilia-da-misericordia-realizado-no-centro-de-convivencia-da-instituicao-o-evento-reuniu-academicos-colab\/whatsapp-image-2025-04-14-at-11-35-13-3-768x1024\/'><img loading=\"lazy\" decoding=\"async\" width=\"150\" height=\"150\" src=\"https:\/\/unisale.com.br\/pastoral\/wp-content\/uploads\/2025\/04\/WhatsApp-Image-2025-04-14-at-11.35.13-3-768x1024-1-150x150.jpeg\" class=\"attachment-thumbnail size-thumbnail\" alt=\"\" \/><\/a>\n\t\t\t<\/dt><\/dl><dl class='gallery-item'>\n\t\t\t<dt class='gallery-icon portrait'>\n\t\t\t\t<a href='https:\/\/unisale.com.br\/pastoral\/a-pastoral-universitaria-do-unisalesiano-promoveu-na-noite-de-10-de-abril-a-6a-edicao-da-vigilia-da-misericordia-realizado-no-centro-de-convivencia-da-instituicao-o-evento-reuniu-academicos-colab\/whatsapp-image-2025-04-14-at-11-35-13-2-768x1024\/'><img loading=\"lazy\" decoding=\"async\" width=\"150\" height=\"150\" src=\"https:\/\/unisale.com.br\/pastoral\/wp-content\/uploads\/2025\/04\/WhatsApp-Image-2025-04-14-at-11.35.13-2-768x1024-1-150x150.jpeg\" class=\"attachment-thumbnail size-thumbnail\" alt=\"\" \/><\/a>\n\t\t\t<\/dt><\/dl><br style=\"clear: both\" \/><dl class='gallery-item'>\n\t\t\t<dt class='gallery-icon portrait'>\n\t\t\t\t<a href='https:\/\/unisale.com.br\/pastoral\/a-pastoral-universitaria-do-unisalesiano-promoveu-na-noite-de-10-de-abril-a-6a-edicao-da-vigilia-da-misericordia-realizado-no-centro-de-convivencia-da-instituicao-o-evento-reuniu-academicos-colab\/whatsapp-image-2025-04-14-at-11-35-13-1-768x1024\/'><img loading=\"lazy\" decoding=\"async\" width=\"150\" height=\"150\" src=\"https:\/\/unisale.com.br\/pastoral\/wp-content\/uploads\/2025\/04\/WhatsApp-Image-2025-04-14-at-11.35.13-1-768x1024-1-150x150.jpeg\" class=\"attachment-thumbnail size-thumbnail\" alt=\"\" \/><\/a>\n\t\t\t<\/dt><\/dl><dl class='gallery-item'>\n\t\t\t<dt class='gallery-icon portrait'>\n\t\t\t\t<a href='https:\/\/unisale.com.br\/pastoral\/a-pastoral-universitaria-do-unisalesiano-promoveu-na-noite-de-10-de-abril-a-6a-edicao-da-vigilia-da-misericordia-realizado-no-centro-de-convivencia-da-instituicao-o-evento-reuniu-academicos-colab\/whatsapp-image-2025-04-14-at-11-35-12-768x1024\/'><img loading=\"lazy\" decoding=\"async\" width=\"150\" height=\"150\" src=\"https:\/\/unisale.com.br\/pastoral\/wp-content\/uploads\/2025\/04\/WhatsApp-Image-2025-04-14-at-11.35.12-768x1024-1-150x150.jpeg\" class=\"attachment-thumbnail size-thumbnail\" alt=\"\" \/><\/a>\n\t\t\t<\/dt><\/dl>\n\t\t\t<br style='clear: both' \/>\n\t\t<\/div>\n\n","protected":false},"excerpt":{"rendered":"<p>O\u00a0Orat\u00f3rio Dom Bosco\u00a0celebrou a P\u00e1scoa de forma especial, com uma programa\u00e7\u00e3o que reuniu espiritualidade, solidariedade e muita alegria, no \u00faltimo s\u00e1bado, dia 12. A a\u00e7\u00e3o&#8230;<\/p>\n","protected":false},"author":1,"featured_media":12329,"comment_status":"closed","ping_status":"closed","sticky":false,"template":"elementor_theme","format":"standard","meta":{"_acf_changed":false,"footnotes":""},"categories":[3],"tags":[],"class_list":["post-12319","post","type-post","status-publish","format-standard","has-post-thumbnail","hentry","category-not"],"acf":[],"yoast_head":"<!-- This site is optimized with the Yoast SEO plugin v27.3 - https:\/\/yoast.com\/product\/yoast-seo-wordpress\/ -->\n<title>Celebra\u00e7\u00e3o de P\u00e1scoa no Orat\u00f3rio Dom Bosco emociona oratorianos com s\u00edmbolos e partilha - Pastoral Universit\u00e1ria UniSALESIANO<\/title>\n<meta name=\"robots\" content=\"index, follow, max-snippet:-1, max-image-preview:large, max-video-preview:-1\" \/>\n<link rel=\"canonical\" href=\"https:\/\/unisale.com.br\/pastoral\/a-pastoral-universitaria-do-unisalesiano-promoveu-na-noite-de-10-de-abril-a-6a-edicao-da-vigilia-da-misericordia-realizado-no-centro-de-convivencia-da-instituicao-o-evento-reuniu-academicos-colab\/\" \/>\n<meta property=\"og:locale\" content=\"pt_BR\" \/>\n<meta property=\"og:type\" content=\"article\" \/>\n<meta property=\"og:title\" content=\"Celebra\u00e7\u00e3o de P\u00e1scoa no Orat\u00f3rio Dom Bosco emociona oratorianos com s\u00edmbolos e partilha - Pastoral Universit\u00e1ria UniSALESIANO\" \/>\n<meta property=\"og:description\" content=\"O\u00a0Orat\u00f3rio Dom Bosco\u00a0celebrou a P\u00e1scoa de forma especial, com uma programa\u00e7\u00e3o que reuniu espiritualidade, solidariedade e muita alegria, no \u00faltimo s\u00e1bado, dia 12. A a\u00e7\u00e3o...\" \/>\n<meta property=\"og:url\" content=\"https:\/\/unisale.com.br\/pastoral\/a-pastoral-universitaria-do-unisalesiano-promoveu-na-noite-de-10-de-abril-a-6a-edicao-da-vigilia-da-misericordia-realizado-no-centro-de-convivencia-da-instituicao-o-evento-reuniu-academicos-colab\/\" \/>\n<meta property=\"og:site_name\" content=\"Pastoral Universit\u00e1ria UniSALESIANO\" \/>\n<meta property=\"article:published_time\" content=\"2025-04-30T13:36:31+00:00\" \/>\n<meta property=\"article:modified_time\" content=\"2025-04-30T13:37:32+00:00\" \/>\n<meta property=\"og:image\" content=\"https:\/\/unisale.com.br\/pastoral\/wp-content\/uploads\/2025\/04\/WhatsApp-Image-2025-04-14-at-11.35.15-768x576-1.jpeg\" \/>\n\t<meta property=\"og:image:width\" content=\"768\" \/>\n\t<meta property=\"og:image:height\" content=\"576\" \/>\n\t<meta property=\"og:image:type\" content=\"image\/jpeg\" \/>\n<meta name=\"author\" content=\"pastoral\" \/>\n<meta name=\"twitter:card\" content=\"summary_large_image\" \/>\n<meta name=\"twitter:label1\" content=\"Escrito por\" \/>\n\t<meta name=\"twitter:data1\" content=\"pastoral\" \/>\n\t<meta name=\"twitter:label2\" content=\"Est. tempo de leitura\" \/>\n\t<meta name=\"twitter:data2\" content=\"3 minutos\" \/>\n<script type=\"application\/ld+json\" class=\"yoast-schema-graph\">{\"@context\":\"https:\\\/\\\/schema.org\",\"@graph\":[{\"@type\":\"Article\",\"@id\":\"https:\\\/\\\/unisale.com.br\\\/pastoral\\\/a-pastoral-universitaria-do-unisalesiano-promoveu-na-noite-de-10-de-abril-a-6a-edicao-da-vigilia-da-misericordia-realizado-no-centro-de-convivencia-da-instituicao-o-evento-reuniu-academicos-colab\\\/#article\",\"isPartOf\":{\"@id\":\"https:\\\/\\\/unisale.com.br\\\/pastoral\\\/a-pastoral-universitaria-do-unisalesiano-promoveu-na-noite-de-10-de-abril-a-6a-edicao-da-vigilia-da-misericordia-realizado-no-centro-de-convivencia-da-instituicao-o-evento-reuniu-academicos-colab\\\/\"},\"author\":{\"name\":\"pastoral\",\"@id\":\"https:\\\/\\\/unisale.com.br\\\/pastoral\\\/#\\\/schema\\\/person\\\/a16ba711a0f7dec9cb6b44563144d5a3\"},\"headline\":\"Celebra\u00e7\u00e3o de P\u00e1scoa no Orat\u00f3rio Dom Bosco emociona oratorianos com s\u00edmbolos e partilha\",\"datePublished\":\"2025-04-30T13:36:31+00:00\",\"dateModified\":\"2025-04-30T13:37:32+00:00\",\"mainEntityOfPage\":{\"@id\":\"https:\\\/\\\/unisale.com.br\\\/pastoral\\\/a-pastoral-universitaria-do-unisalesiano-promoveu-na-noite-de-10-de-abril-a-6a-edicao-da-vigilia-da-misericordia-realizado-no-centro-de-convivencia-da-instituicao-o-evento-reuniu-academicos-colab\\\/\"},\"wordCount\":510,\"image\":{\"@id\":\"https:\\\/\\\/unisale.com.br\\\/pastoral\\\/a-pastoral-universitaria-do-unisalesiano-promoveu-na-noite-de-10-de-abril-a-6a-edicao-da-vigilia-da-misericordia-realizado-no-centro-de-convivencia-da-instituicao-o-evento-reuniu-academicos-colab\\\/#primaryimage\"},\"thumbnailUrl\":\"https:\\\/\\\/unisale.com.br\\\/pastoral\\\/wp-content\\\/uploads\\\/2025\\\/04\\\/WhatsApp-Image-2025-04-14-at-11.35.15-768x576-1.jpeg\",\"articleSection\":[\"Not\u00edcias\"],\"inLanguage\":\"pt-BR\"},{\"@type\":\"WebPage\",\"@id\":\"https:\\\/\\\/unisale.com.br\\\/pastoral\\\/a-pastoral-universitaria-do-unisalesiano-promoveu-na-noite-de-10-de-abril-a-6a-edicao-da-vigilia-da-misericordia-realizado-no-centro-de-convivencia-da-instituicao-o-evento-reuniu-academicos-colab\\\/\",\"url\":\"https:\\\/\\\/unisale.com.br\\\/pastoral\\\/a-pastoral-universitaria-do-unisalesiano-promoveu-na-noite-de-10-de-abril-a-6a-edicao-da-vigilia-da-misericordia-realizado-no-centro-de-convivencia-da-instituicao-o-evento-reuniu-academicos-colab\\\/\",\"name\":\"Celebra\u00e7\u00e3o de P\u00e1scoa no Orat\u00f3rio Dom Bosco emociona oratorianos com s\u00edmbolos e partilha - Pastoral Universit\u00e1ria UniSALESIANO\",\"isPartOf\":{\"@id\":\"https:\\\/\\\/unisale.com.br\\\/pastoral\\\/#website\"},\"primaryImageOfPage\":{\"@id\":\"https:\\\/\\\/unisale.com.br\\\/pastoral\\\/a-pastoral-universitaria-do-unisalesiano-promoveu-na-noite-de-10-de-abril-a-6a-edicao-da-vigilia-da-misericordia-realizado-no-centro-de-convivencia-da-instituicao-o-evento-reuniu-academicos-colab\\\/#primaryimage\"},\"image\":{\"@id\":\"https:\\\/\\\/unisale.com.br\\\/pastoral\\\/a-pastoral-universitaria-do-unisalesiano-promoveu-na-noite-de-10-de-abril-a-6a-edicao-da-vigilia-da-misericordia-realizado-no-centro-de-convivencia-da-instituicao-o-evento-reuniu-academicos-colab\\\/#primaryimage\"},\"thumbnailUrl\":\"https:\\\/\\\/unisale.com.br\\\/pastoral\\\/wp-content\\\/uploads\\\/2025\\\/04\\\/WhatsApp-Image-2025-04-14-at-11.35.15-768x576-1.jpeg\",\"datePublished\":\"2025-04-30T13:36:31+00:00\",\"dateModified\":\"2025-04-30T13:37:32+00:00\",\"author\":{\"@id\":\"https:\\\/\\\/unisale.com.br\\\/pastoral\\\/#\\\/schema\\\/person\\\/a16ba711a0f7dec9cb6b44563144d5a3\"},\"inLanguage\":\"pt-BR\",\"potentialAction\":[{\"@type\":\"ReadAction\",\"target\":[\"https:\\\/\\\/unisale.com.br\\\/pastoral\\\/a-pastoral-universitaria-do-unisalesiano-promoveu-na-noite-de-10-de-abril-a-6a-edicao-da-vigilia-da-misericordia-realizado-no-centro-de-convivencia-da-instituicao-o-evento-reuniu-academicos-colab\\\/\"]}]},{\"@type\":\"ImageObject\",\"inLanguage\":\"pt-BR\",\"@id\":\"https:\\\/\\\/unisale.com.br\\\/pastoral\\\/a-pastoral-universitaria-do-unisalesiano-promoveu-na-noite-de-10-de-abril-a-6a-edicao-da-vigilia-da-misericordia-realizado-no-centro-de-convivencia-da-instituicao-o-evento-reuniu-academicos-colab\\\/#primaryimage\",\"url\":\"https:\\\/\\\/unisale.com.br\\\/pastoral\\\/wp-content\\\/uploads\\\/2025\\\/04\\\/WhatsApp-Image-2025-04-14-at-11.35.15-768x576-1.jpeg\",\"contentUrl\":\"https:\\\/\\\/unisale.com.br\\\/pastoral\\\/wp-content\\\/uploads\\\/2025\\\/04\\\/WhatsApp-Image-2025-04-14-at-11.35.15-768x576-1.jpeg\",\"width\":667,\"height\":500},{\"@type\":\"WebSite\",\"@id\":\"https:\\\/\\\/unisale.com.br\\\/pastoral\\\/#website\",\"url\":\"https:\\\/\\\/unisale.com.br\\\/pastoral\\\/\",\"name\":\"Pastoral Universit\u00e1ria UniSALESIANO\",\"description\":\"Site da Pastoral Universit\u00e1ria do UniSALESIANO\",\"potentialAction\":[{\"@type\":\"SearchAction\",\"target\":{\"@type\":\"EntryPoint\",\"urlTemplate\":\"https:\\\/\\\/unisale.com.br\\\/pastoral\\\/?s={search_term_string}\"},\"query-input\":{\"@type\":\"PropertyValueSpecification\",\"valueRequired\":true,\"valueName\":\"search_term_string\"}}],\"inLanguage\":\"pt-BR\"},{\"@type\":\"Person\",\"@id\":\"https:\\\/\\\/unisale.com.br\\\/pastoral\\\/#\\\/schema\\\/person\\\/a16ba711a0f7dec9cb6b44563144d5a3\",\"name\":\"pastoral\",\"url\":\"https:\\\/\\\/unisale.com.br\\\/pastoral\\\/author\\\/pastoral\\\/\"}]}<\/script>\n<!-- \/ Yoast SEO plugin. -->","yoast_head_json":{"title":"Celebra\u00e7\u00e3o de P\u00e1scoa no Orat\u00f3rio Dom Bosco emociona oratorianos com s\u00edmbolos e partilha - Pastoral Universit\u00e1ria UniSALESIANO","robots":{"index":"index","follow":"follow","max-snippet":"max-snippet:-1","max-image-preview":"max-image-preview:large","max-video-preview":"max-video-preview:-1"},"canonical":"https:\/\/unisale.com.br\/pastoral\/a-pastoral-universitaria-do-unisalesiano-promoveu-na-noite-de-10-de-abril-a-6a-edicao-da-vigilia-da-misericordia-realizado-no-centro-de-convivencia-da-instituicao-o-evento-reuniu-academicos-colab\/","og_locale":"pt_BR","og_type":"article","og_title":"Celebra\u00e7\u00e3o de P\u00e1scoa no Orat\u00f3rio Dom Bosco emociona oratorianos com s\u00edmbolos e partilha - Pastoral Universit\u00e1ria UniSALESIANO","og_description":"O\u00a0Orat\u00f3rio Dom Bosco\u00a0celebrou a P\u00e1scoa de forma especial, com uma programa\u00e7\u00e3o que reuniu espiritualidade, solidariedade e muita alegria, no \u00faltimo s\u00e1bado, dia 12. A a\u00e7\u00e3o...","og_url":"https:\/\/unisale.com.br\/pastoral\/a-pastoral-universitaria-do-unisalesiano-promoveu-na-noite-de-10-de-abril-a-6a-edicao-da-vigilia-da-misericordia-realizado-no-centro-de-convivencia-da-instituicao-o-evento-reuniu-academicos-colab\/","og_site_name":"Pastoral Universit\u00e1ria UniSALESIANO","article_published_time":"2025-04-30T13:36:31+00:00","article_modified_time":"2025-04-30T13:37:32+00:00","og_image":[{"width":768,"height":576,"url":"https:\/\/unisale.com.br\/pastoral\/wp-content\/uploads\/2025\/04\/WhatsApp-Image-2025-04-14-at-11.35.15-768x576-1.jpeg","type":"image\/jpeg"}],"author":"pastoral","twitter_card":"summary_large_image","twitter_misc":{"Escrito por":"pastoral","Est. tempo de leitura":"3 minutos"},"schema":{"@context":"https:\/\/schema.org","@graph":[{"@type":"Article","@id":"https:\/\/unisale.com.br\/pastoral\/a-pastoral-universitaria-do-unisalesiano-promoveu-na-noite-de-10-de-abril-a-6a-edicao-da-vigilia-da-misericordia-realizado-no-centro-de-convivencia-da-instituicao-o-evento-reuniu-academicos-colab\/#article","isPartOf":{"@id":"https:\/\/unisale.com.br\/pastoral\/a-pastoral-universitaria-do-unisalesiano-promoveu-na-noite-de-10-de-abril-a-6a-edicao-da-vigilia-da-misericordia-realizado-no-centro-de-convivencia-da-instituicao-o-evento-reuniu-academicos-colab\/"},"author":{"name":"pastoral","@id":"https:\/\/unisale.com.br\/pastoral\/#\/schema\/person\/a16ba711a0f7dec9cb6b44563144d5a3"},"headline":"Celebra\u00e7\u00e3o de P\u00e1scoa no Orat\u00f3rio Dom Bosco emociona oratorianos com s\u00edmbolos e partilha","datePublished":"2025-04-30T13:36:31+00:00","dateModified":"2025-04-30T13:37:32+00:00","mainEntityOfPage":{"@id":"https:\/\/unisale.com.br\/pastoral\/a-pastoral-universitaria-do-unisalesiano-promoveu-na-noite-de-10-de-abril-a-6a-edicao-da-vigilia-da-misericordia-realizado-no-centro-de-convivencia-da-instituicao-o-evento-reuniu-academicos-colab\/"},"wordCount":510,"image":{"@id":"https:\/\/unisale.com.br\/pastoral\/a-pastoral-universitaria-do-unisalesiano-promoveu-na-noite-de-10-de-abril-a-6a-edicao-da-vigilia-da-misericordia-realizado-no-centro-de-convivencia-da-instituicao-o-evento-reuniu-academicos-colab\/#primaryimage"},"thumbnailUrl":"https:\/\/unisale.com.br\/pastoral\/wp-content\/uploads\/2025\/04\/WhatsApp-Image-2025-04-14-at-11.35.15-768x576-1.jpeg","articleSection":["Not\u00edcias"],"inLanguage":"pt-BR"},{"@type":"WebPage","@id":"https:\/\/unisale.com.br\/pastoral\/a-pastoral-universitaria-do-unisalesiano-promoveu-na-noite-de-10-de-abril-a-6a-edicao-da-vigilia-da-misericordia-realizado-no-centro-de-convivencia-da-instituicao-o-evento-reuniu-academicos-colab\/","url":"https:\/\/unisale.com.br\/pastoral\/a-pastoral-universitaria-do-unisalesiano-promoveu-na-noite-de-10-de-abril-a-6a-edicao-da-vigilia-da-misericordia-realizado-no-centro-de-convivencia-da-instituicao-o-evento-reuniu-academicos-colab\/","name":"Celebra\u00e7\u00e3o de P\u00e1scoa no Orat\u00f3rio Dom Bosco emociona oratorianos com s\u00edmbolos e partilha - Pastoral Universit\u00e1ria UniSALESIANO","isPartOf":{"@id":"https:\/\/unisale.com.br\/pastoral\/#website"},"primaryImageOfPage":{"@id":"https:\/\/unisale.com.br\/pastoral\/a-pastoral-universitaria-do-unisalesiano-promoveu-na-noite-de-10-de-abril-a-6a-edicao-da-vigilia-da-misericordia-realizado-no-centro-de-convivencia-da-instituicao-o-evento-reuniu-academicos-colab\/#primaryimage"},"image":{"@id":"https:\/\/unisale.com.br\/pastoral\/a-pastoral-universitaria-do-unisalesiano-promoveu-na-noite-de-10-de-abril-a-6a-edicao-da-vigilia-da-misericordia-realizado-no-centro-de-convivencia-da-instituicao-o-evento-reuniu-academicos-colab\/#primaryimage"},"thumbnailUrl":"https:\/\/unisale.com.br\/pastoral\/wp-content\/uploads\/2025\/04\/WhatsApp-Image-2025-04-14-at-11.35.15-768x576-1.jpeg","datePublished":"2025-04-30T13:36:31+00:00","dateModified":"2025-04-30T13:37:32+00:00","author":{"@id":"https:\/\/unisale.com.br\/pastoral\/#\/schema\/person\/a16ba711a0f7dec9cb6b44563144d5a3"},"inLanguage":"pt-BR","potentialAction":[{"@type":"ReadAction","target":["https:\/\/unisale.com.br\/pastoral\/a-pastoral-universitaria-do-unisalesiano-promoveu-na-noite-de-10-de-abril-a-6a-edicao-da-vigilia-da-misericordia-realizado-no-centro-de-convivencia-da-instituicao-o-evento-reuniu-academicos-colab\/"]}]},{"@type":"ImageObject","inLanguage":"pt-BR","@id":"https:\/\/unisale.com.br\/pastoral\/a-pastoral-universitaria-do-unisalesiano-promoveu-na-noite-de-10-de-abril-a-6a-edicao-da-vigilia-da-misericordia-realizado-no-centro-de-convivencia-da-instituicao-o-evento-reuniu-academicos-colab\/#primaryimage","url":"https:\/\/unisale.com.br\/pastoral\/wp-content\/uploads\/2025\/04\/WhatsApp-Image-2025-04-14-at-11.35.15-768x576-1.jpeg","contentUrl":"https:\/\/unisale.com.br\/pastoral\/wp-content\/uploads\/2025\/04\/WhatsApp-Image-2025-04-14-at-11.35.15-768x576-1.jpeg","width":667,"height":500},{"@type":"WebSite","@id":"https:\/\/unisale.com.br\/pastoral\/#website","url":"https:\/\/unisale.com.br\/pastoral\/","name":"Pastoral Universit\u00e1ria UniSALESIANO","description":"Site da Pastoral Universit\u00e1ria do UniSALESIANO","potentialAction":[{"@type":"SearchAction","target":{"@type":"EntryPoint","urlTemplate":"https:\/\/unisale.com.br\/pastoral\/?s={search_term_string}"},"query-input":{"@type":"PropertyValueSpecification","valueRequired":true,"valueName":"search_term_string"}}],"inLanguage":"pt-BR"},{"@type":"Person","@id":"https:\/\/unisale.com.br\/pastoral\/#\/schema\/person\/a16ba711a0f7dec9cb6b44563144d5a3","name":"pastoral","url":"https:\/\/unisale.com.br\/pastoral\/author\/pastoral\/"}]}},"_links":{"self":[{"href":"https:\/\/unisale.com.br\/pastoral\/wp-json\/wp\/v2\/posts\/12319","targetHints":{"allow":["GET"]}}],"collection":[{"href":"https:\/\/unisale.com.br\/pastoral\/wp-json\/wp\/v2\/posts"}],"about":[{"href":"https:\/\/unisale.com.br\/pastoral\/wp-json\/wp\/v2\/types\/post"}],"author":[{"embeddable":true,"href":"https:\/\/unisale.com.br\/pastoral\/wp-json\/wp\/v2\/users\/1"}],"replies":[{"embeddable":true,"href":"https:\/\/unisale.com.br\/pastoral\/wp-json\/wp\/v2\/comments?post=12319"}],"version-history":[{"count":3,"href":"https:\/\/unisale.com.br\/pastoral\/wp-json\/wp\/v2\/posts\/12319\/revisions"}],"predecessor-version":[{"id":12339,"href":"https:\/\/unisale.com.br\/pastoral\/wp-json\/wp\/v2\/posts\/12319\/revisions\/12339"}],"wp:featuredmedia":[{"embeddable":true,"href":"https:\/\/unisale.com.br\/pastoral\/wp-json\/wp\/v2\/media\/12329"}],"wp:attachment":[{"href":"https:\/\/unisale.com.br\/pastoral\/wp-json\/wp\/v2\/media?parent=12319"}],"wp:term":[{"taxonomy":"category","embeddable":true,"href":"https:\/\/unisale.com.br\/pastoral\/wp-json\/wp\/v2\/categories?post=12319"},{"taxonomy":"post_tag","embeddable":true,"href":"https:\/\/unisale.com.br\/pastoral\/wp-json\/wp\/v2\/tags?post=12319"}],"curies":[{"name":"wp","href":"https:\/\/api.w.org\/{rel}","templated":true}]}}