{"id":12341,"date":"2025-04-30T13:40:30","date_gmt":"2025-04-30T13:40:30","guid":{"rendered":"https:\/\/unisale.com.br\/pastoral\/?p=12341"},"modified":"2025-04-30T13:40:30","modified_gmt":"2025-04-30T13:40:30","slug":"alunos-do-colegio-salesiano-encantam-com-encenacao-da-paixao-e-ressurreicao-de-cristo","status":"publish","type":"post","link":"https:\/\/unisale.com.br\/pastoral\/alunos-do-colegio-salesiano-encantam-com-encenacao-da-paixao-e-ressurreicao-de-cristo\/","title":{"rendered":"Alunos do Col\u00e9gio Salesiano encantam com encena\u00e7\u00e3o da Paix\u00e3o e Ressurrei\u00e7\u00e3o de Cristo"},"content":{"rendered":"<p>A Igreja Nossa Senhora Auxiliadora, no c\u00e2mpus do UniSALESIANO, foi palco de um momento de profunda emo\u00e7\u00e3o e espiritualidade: a\u00a0<strong>Cantata de P\u00e1scoa<\/strong>, promovida pelos alunos do\u00a0<strong>Col\u00e9gio Salesiano \u201cDom Luiz Lasagna\u201d<\/strong>, no dia 11 de abril. O evento reuniu os alunos da Educa\u00e7\u00e3o Infantil ao 5\u00ba ano, familiares, educadores e membros da comunidade religiosa, em uma celebra\u00e7\u00e3o marcada pela f\u00e9, pela uni\u00e3o e pela sensibilidade art\u00edstica.<\/p>\n<p>De acordo com a\u00a0<strong>Coordenadora Pedag\u00f3gica do Col\u00e9gio, Profa. Liliana Aparecida Cor\u00e1<\/strong>, a cantata foi a culmin\u00e2ncia de um trabalho j\u00e1 realizado internamente nos \u00faltimos anos, voltado ao verdadeiro significado da P\u00e1scoa. \u201cEssa celebra\u00e7\u00e3o sobre a paix\u00e3o, morte e ressurrei\u00e7\u00e3o de Cristo j\u00e1 faz parte de nossa proposta educativa pastoral. N\u00f3s vivemos isso com as crian\u00e7as, com os funcion\u00e1rios e com toda a comunidade escolar. A mudan\u00e7a neste ano, foi o convite do Reitor para que lev\u00e1ssemos essa viv\u00eancia ao p\u00fablico, em um espa\u00e7o maior, acolhendo tamb\u00e9m as fam\u00edlias e toda a comunidade externa\u201d, explicou.<\/p>\n<p>A troca de espa\u00e7o e a amplia\u00e7\u00e3o do p\u00fablico representaram um desafio: transportar para o UniSALESIANO tudo o que j\u00e1 era feito com tanto carinho no col\u00e9gio. \u201cMas, foi lindo! Os alunos foram incr\u00edveis, se dedicaram muito e brilharam. Eu costumo dizer que foram \u2018maravilindos\u2019. Assumiram com responsabilidade e fizeram tudo com amor\u201d, relatou a coordenadora.<\/p>\n<p><strong>REPERT\u00d3RIO<\/strong><\/p>\n<p>O repert\u00f3rio foi cuidadosamente pensado para acompanhar cada momento importante da Semana Santa, com m\u00fasicas escolhidas pelo professor de m\u00fasica,\u00a0<strong>Leosino Eduardo de Sousa<\/strong>, em conjunto com a Pastoral, e com a orienta\u00e7\u00e3o do\u00a0<strong>Diretor do Col\u00e9gio, Pe. Paulo Vendrame, SDB<\/strong>. As apresenta\u00e7\u00f5es foram ensaiadas por mais de dois meses, durante as aulas de m\u00fasica, e envolveram toda a escola: \u201cFoi uma verdadeira corrente do bem. Todos ajudaram, desde a confec\u00e7\u00e3o das roupas at\u00e9 a montagem dos elementos da Via Sacra. Foi um movimento de muita uni\u00e3o crist\u00e3\u201d, ressaltou Liliana.<\/p>\n<p>O evento comoveu a todos os presentes e foi elogiado por fam\u00edlias e representantes da comunidade religiosa. \u201cFiquei muito tocada com um coment\u00e1rio que ouvi das irm\u00e3s da CRB (Confer\u00eancia dos Religiosos do Brasil): \u2018A gente j\u00e1 viu isso com adolescentes, mas com crian\u00e7as, do jeito que voc\u00eas fizeram, nunca t\u00ednhamos visto\u2019. Isso me encheu de orgulho, porque mostra que conseguimos tocar os cora\u00e7\u00f5es at\u00e9 mesmo com os pequenos\u201d, finalizou a coordenadora, emocionada.<\/p>\n<p>A Cantata de P\u00e1scoa foi mais do que uma apresenta\u00e7\u00e3o musical: foi um testemunho de f\u00e9, uni\u00e3o e dedica\u00e7\u00e3o, mostrando que \u00e9 poss\u00edvel, sim, viver o sentido mais profundo da P\u00e1scoa desde a inf\u00e2ncia \u2014 com arte, sensibilidade e espiritualidade.<\/p>\n<p>&nbsp;<\/p>\n\n\t\t<style type=\"text\/css\">\n\t\t\t#gallery-1 {\n\t\t\t\tmargin: auto;\n\t\t\t}\n\t\t\t#gallery-1 .gallery-item {\n\t\t\t\tfloat: left;\n\t\t\t\tmargin-top: 10px;\n\t\t\t\ttext-align: center;\n\t\t\t\twidth: 33%;\n\t\t\t}\n\t\t\t#gallery-1 img {\n\t\t\t\tborder: 2px solid #cfcfcf;\n\t\t\t}\n\t\t\t#gallery-1 .gallery-caption {\n\t\t\t\tmargin-left: 0;\n\t\t\t}\n\t\t\t\/* see gallery_shortcode() in wp-includes\/media.php *\/\n\t\t<\/style>\n\t\t<div id='gallery-1' class='gallery galleryid-12341 gallery-columns-3 gallery-size-thumbnail'><dl class='gallery-item'>\n\t\t\t<dt class='gallery-icon landscape'>\n\t\t\t\t<a href='https:\/\/unisale.com.br\/pastoral\/alunos-do-colegio-salesiano-encantam-com-encenacao-da-paixao-e-ressurreicao-de-cristo\/img_0503-1024x683\/'><img decoding=\"async\" width=\"150\" height=\"150\" src=\"https:\/\/unisale.com.br\/pastoral\/wp-content\/uploads\/2025\/04\/IMG_0503-1024x683-1-150x150.jpg\" class=\"attachment-thumbnail size-thumbnail\" alt=\"\" \/><\/a>\n\t\t\t<\/dt><\/dl><dl class='gallery-item'>\n\t\t\t<dt class='gallery-icon landscape'>\n\t\t\t\t<a href='https:\/\/unisale.com.br\/pastoral\/alunos-do-colegio-salesiano-encantam-com-encenacao-da-paixao-e-ressurreicao-de-cristo\/img_0517-1024x683\/'><img decoding=\"async\" width=\"150\" height=\"150\" src=\"https:\/\/unisale.com.br\/pastoral\/wp-content\/uploads\/2025\/04\/IMG_0517-1024x683-1-150x150.jpg\" class=\"attachment-thumbnail size-thumbnail\" alt=\"\" \/><\/a>\n\t\t\t<\/dt><\/dl><dl class='gallery-item'>\n\t\t\t<dt class='gallery-icon landscape'>\n\t\t\t\t<a href='https:\/\/unisale.com.br\/pastoral\/alunos-do-colegio-salesiano-encantam-com-encenacao-da-paixao-e-ressurreicao-de-cristo\/img_0527-1024x683\/'><img decoding=\"async\" width=\"150\" height=\"150\" src=\"https:\/\/unisale.com.br\/pastoral\/wp-content\/uploads\/2025\/04\/IMG_0527-1024x683-1-150x150.jpg\" class=\"attachment-thumbnail size-thumbnail\" alt=\"\" \/><\/a>\n\t\t\t<\/dt><\/dl><br style=\"clear: both\" \/><dl class='gallery-item'>\n\t\t\t<dt class='gallery-icon landscape'>\n\t\t\t\t<a href='https:\/\/unisale.com.br\/pastoral\/alunos-do-colegio-salesiano-encantam-com-encenacao-da-paixao-e-ressurreicao-de-cristo\/img_0535-1024x683\/'><img loading=\"lazy\" decoding=\"async\" width=\"150\" height=\"150\" src=\"https:\/\/unisale.com.br\/pastoral\/wp-content\/uploads\/2025\/04\/IMG_0535-1024x683-1-150x150.jpg\" class=\"attachment-thumbnail size-thumbnail\" alt=\"\" \/><\/a>\n\t\t\t<\/dt><\/dl><dl class='gallery-item'>\n\t\t\t<dt class='gallery-icon portrait'>\n\t\t\t\t<a href='https:\/\/unisale.com.br\/pastoral\/alunos-do-colegio-salesiano-encantam-com-encenacao-da-paixao-e-ressurreicao-de-cristo\/img_0540-683x1024\/'><img loading=\"lazy\" decoding=\"async\" width=\"150\" height=\"150\" src=\"https:\/\/unisale.com.br\/pastoral\/wp-content\/uploads\/2025\/04\/IMG_0540-683x1024-1-150x150.jpg\" class=\"attachment-thumbnail size-thumbnail\" alt=\"\" \/><\/a>\n\t\t\t<\/dt><\/dl><dl class='gallery-item'>\n\t\t\t<dt class='gallery-icon landscape'>\n\t\t\t\t<a href='https:\/\/unisale.com.br\/pastoral\/alunos-do-colegio-salesiano-encantam-com-encenacao-da-paixao-e-ressurreicao-de-cristo\/img_0542-1024x683\/'><img loading=\"lazy\" decoding=\"async\" width=\"150\" height=\"150\" src=\"https:\/\/unisale.com.br\/pastoral\/wp-content\/uploads\/2025\/04\/IMG_0542-1024x683-1-150x150.jpg\" class=\"attachment-thumbnail size-thumbnail\" alt=\"\" \/><\/a>\n\t\t\t<\/dt><\/dl><br style=\"clear: both\" \/><dl class='gallery-item'>\n\t\t\t<dt class='gallery-icon landscape'>\n\t\t\t\t<a href='https:\/\/unisale.com.br\/pastoral\/alunos-do-colegio-salesiano-encantam-com-encenacao-da-paixao-e-ressurreicao-de-cristo\/img_0553-1024x683\/'><img loading=\"lazy\" decoding=\"async\" width=\"150\" height=\"150\" src=\"https:\/\/unisale.com.br\/pastoral\/wp-content\/uploads\/2025\/04\/IMG_0553-1024x683-1-150x150.jpg\" class=\"attachment-thumbnail size-thumbnail\" alt=\"\" \/><\/a>\n\t\t\t<\/dt><\/dl><dl class='gallery-item'>\n\t\t\t<dt class='gallery-icon landscape'>\n\t\t\t\t<a href='https:\/\/unisale.com.br\/pastoral\/alunos-do-colegio-salesiano-encantam-com-encenacao-da-paixao-e-ressurreicao-de-cristo\/img_0563-1024x683\/'><img loading=\"lazy\" decoding=\"async\" width=\"150\" height=\"150\" src=\"https:\/\/unisale.com.br\/pastoral\/wp-content\/uploads\/2025\/04\/IMG_0563-1024x683-1-150x150.jpg\" class=\"attachment-thumbnail size-thumbnail\" alt=\"\" \/><\/a>\n\t\t\t<\/dt><\/dl><dl class='gallery-item'>\n\t\t\t<dt class='gallery-icon landscape'>\n\t\t\t\t<a href='https:\/\/unisale.com.br\/pastoral\/alunos-do-colegio-salesiano-encantam-com-encenacao-da-paixao-e-ressurreicao-de-cristo\/img_0565-1024x683\/'><img loading=\"lazy\" decoding=\"async\" width=\"150\" height=\"150\" src=\"https:\/\/unisale.com.br\/pastoral\/wp-content\/uploads\/2025\/04\/IMG_0565-1024x683-1-150x150.jpg\" class=\"attachment-thumbnail size-thumbnail\" alt=\"\" \/><\/a>\n\t\t\t<\/dt><\/dl><br style=\"clear: both\" \/><dl class='gallery-item'>\n\t\t\t<dt class='gallery-icon landscape'>\n\t\t\t\t<a href='https:\/\/unisale.com.br\/pastoral\/alunos-do-colegio-salesiano-encantam-com-encenacao-da-paixao-e-ressurreicao-de-cristo\/img_0571-1024x683\/'><img loading=\"lazy\" decoding=\"async\" width=\"150\" height=\"150\" src=\"https:\/\/unisale.com.br\/pastoral\/wp-content\/uploads\/2025\/04\/IMG_0571-1024x683-1-150x150.jpg\" class=\"attachment-thumbnail size-thumbnail\" alt=\"\" \/><\/a>\n\t\t\t<\/dt><\/dl><dl class='gallery-item'>\n\t\t\t<dt class='gallery-icon landscape'>\n\t\t\t\t<a href='https:\/\/unisale.com.br\/pastoral\/alunos-do-colegio-salesiano-encantam-com-encenacao-da-paixao-e-ressurreicao-de-cristo\/img_0324-1024x683\/'><img loading=\"lazy\" decoding=\"async\" width=\"150\" height=\"150\" src=\"https:\/\/unisale.com.br\/pastoral\/wp-content\/uploads\/2025\/04\/IMG_0324-1024x683-1-150x150.jpg\" class=\"attachment-thumbnail size-thumbnail\" alt=\"\" \/><\/a>\n\t\t\t<\/dt><\/dl><dl class='gallery-item'>\n\t\t\t<dt class='gallery-icon landscape'>\n\t\t\t\t<a href='https:\/\/unisale.com.br\/pastoral\/alunos-do-colegio-salesiano-encantam-com-encenacao-da-paixao-e-ressurreicao-de-cristo\/img_0382-1024x683\/'><img loading=\"lazy\" decoding=\"async\" width=\"150\" height=\"150\" src=\"https:\/\/unisale.com.br\/pastoral\/wp-content\/uploads\/2025\/04\/IMG_0382-1024x683-1-150x150.jpg\" class=\"attachment-thumbnail size-thumbnail\" alt=\"\" \/><\/a>\n\t\t\t<\/dt><\/dl><br style=\"clear: both\" \/><dl class='gallery-item'>\n\t\t\t<dt class='gallery-icon landscape'>\n\t\t\t\t<a href='https:\/\/unisale.com.br\/pastoral\/alunos-do-colegio-salesiano-encantam-com-encenacao-da-paixao-e-ressurreicao-de-cristo\/img_0400-1024x683\/'><img loading=\"lazy\" decoding=\"async\" width=\"150\" height=\"150\" src=\"https:\/\/unisale.com.br\/pastoral\/wp-content\/uploads\/2025\/04\/IMG_0400-1024x683-1-150x150.jpg\" class=\"attachment-thumbnail size-thumbnail\" alt=\"\" \/><\/a>\n\t\t\t<\/dt><\/dl><dl class='gallery-item'>\n\t\t\t<dt class='gallery-icon portrait'>\n\t\t\t\t<a href='https:\/\/unisale.com.br\/pastoral\/alunos-do-colegio-salesiano-encantam-com-encenacao-da-paixao-e-ressurreicao-de-cristo\/img_0404-683x1024\/'><img loading=\"lazy\" decoding=\"async\" width=\"150\" height=\"150\" src=\"https:\/\/unisale.com.br\/pastoral\/wp-content\/uploads\/2025\/04\/IMG_0404-683x1024-1-150x150.jpg\" class=\"attachment-thumbnail size-thumbnail\" alt=\"\" \/><\/a>\n\t\t\t<\/dt><\/dl><dl class='gallery-item'>\n\t\t\t<dt class='gallery-icon landscape'>\n\t\t\t\t<a href='https:\/\/unisale.com.br\/pastoral\/alunos-do-colegio-salesiano-encantam-com-encenacao-da-paixao-e-ressurreicao-de-cristo\/img_0426-1024x683\/'><img loading=\"lazy\" decoding=\"async\" width=\"150\" height=\"150\" src=\"https:\/\/unisale.com.br\/pastoral\/wp-content\/uploads\/2025\/04\/IMG_0426-1024x683-1-150x150.jpg\" class=\"attachment-thumbnail size-thumbnail\" alt=\"\" \/><\/a>\n\t\t\t<\/dt><\/dl><br style=\"clear: both\" \/><dl class='gallery-item'>\n\t\t\t<dt class='gallery-icon landscape'>\n\t\t\t\t<a href='https:\/\/unisale.com.br\/pastoral\/alunos-do-colegio-salesiano-encantam-com-encenacao-da-paixao-e-ressurreicao-de-cristo\/img_0435-1024x683\/'><img loading=\"lazy\" decoding=\"async\" width=\"150\" height=\"150\" src=\"https:\/\/unisale.com.br\/pastoral\/wp-content\/uploads\/2025\/04\/IMG_0435-1024x683-1-150x150.jpg\" class=\"attachment-thumbnail size-thumbnail\" alt=\"\" \/><\/a>\n\t\t\t<\/dt><\/dl><dl class='gallery-item'>\n\t\t\t<dt class='gallery-icon landscape'>\n\t\t\t\t<a href='https:\/\/unisale.com.br\/pastoral\/alunos-do-colegio-salesiano-encantam-com-encenacao-da-paixao-e-ressurreicao-de-cristo\/img_0442-1024x683\/'><img loading=\"lazy\" decoding=\"async\" width=\"150\" height=\"150\" src=\"https:\/\/unisale.com.br\/pastoral\/wp-content\/uploads\/2025\/04\/IMG_0442-1024x683-1-150x150.jpg\" class=\"attachment-thumbnail size-thumbnail\" alt=\"\" \/><\/a>\n\t\t\t<\/dt><\/dl><dl class='gallery-item'>\n\t\t\t<dt class='gallery-icon landscape'>\n\t\t\t\t<a href='https:\/\/unisale.com.br\/pastoral\/alunos-do-colegio-salesiano-encantam-com-encenacao-da-paixao-e-ressurreicao-de-cristo\/img_0445-1024x683\/'><img loading=\"lazy\" decoding=\"async\" width=\"150\" height=\"150\" src=\"https:\/\/unisale.com.br\/pastoral\/wp-content\/uploads\/2025\/04\/IMG_0445-1024x683-1-150x150.jpg\" class=\"attachment-thumbnail size-thumbnail\" alt=\"\" \/><\/a>\n\t\t\t<\/dt><\/dl><br style=\"clear: both\" \/><dl class='gallery-item'>\n\t\t\t<dt class='gallery-icon landscape'>\n\t\t\t\t<a href='https:\/\/unisale.com.br\/pastoral\/alunos-do-colegio-salesiano-encantam-com-encenacao-da-paixao-e-ressurreicao-de-cristo\/img_0450-1024x683\/'><img loading=\"lazy\" decoding=\"async\" width=\"150\" height=\"150\" src=\"https:\/\/unisale.com.br\/pastoral\/wp-content\/uploads\/2025\/04\/IMG_0450-1024x683-1-150x150.jpg\" class=\"attachment-thumbnail size-thumbnail\" alt=\"\" \/><\/a>\n\t\t\t<\/dt><\/dl><dl class='gallery-item'>\n\t\t\t<dt class='gallery-icon landscape'>\n\t\t\t\t<a href='https:\/\/unisale.com.br\/pastoral\/alunos-do-colegio-salesiano-encantam-com-encenacao-da-paixao-e-ressurreicao-de-cristo\/img_0457-1024x683\/'><img loading=\"lazy\" decoding=\"async\" width=\"150\" height=\"150\" src=\"https:\/\/unisale.com.br\/pastoral\/wp-content\/uploads\/2025\/04\/IMG_0457-1024x683-1-150x150.jpg\" class=\"attachment-thumbnail size-thumbnail\" alt=\"\" \/><\/a>\n\t\t\t<\/dt><\/dl><dl class='gallery-item'>\n\t\t\t<dt class='gallery-icon portrait'>\n\t\t\t\t<a href='https:\/\/unisale.com.br\/pastoral\/alunos-do-colegio-salesiano-encantam-com-encenacao-da-paixao-e-ressurreicao-de-cristo\/img_0467-683x1024\/'><img loading=\"lazy\" decoding=\"async\" width=\"150\" height=\"150\" src=\"https:\/\/unisale.com.br\/pastoral\/wp-content\/uploads\/2025\/04\/IMG_0467-683x1024-1-150x150.jpg\" class=\"attachment-thumbnail size-thumbnail\" alt=\"\" \/><\/a>\n\t\t\t<\/dt><\/dl><br style=\"clear: both\" \/><dl class='gallery-item'>\n\t\t\t<dt class='gallery-icon landscape'>\n\t\t\t\t<a href='https:\/\/unisale.com.br\/pastoral\/alunos-do-colegio-salesiano-encantam-com-encenacao-da-paixao-e-ressurreicao-de-cristo\/img_0468-1024x683\/'><img loading=\"lazy\" decoding=\"async\" width=\"150\" height=\"150\" src=\"https:\/\/unisale.com.br\/pastoral\/wp-content\/uploads\/2025\/04\/IMG_0468-1024x683-1-150x150.jpg\" class=\"attachment-thumbnail size-thumbnail\" alt=\"\" \/><\/a>\n\t\t\t<\/dt><\/dl><dl class='gallery-item'>\n\t\t\t<dt class='gallery-icon landscape'>\n\t\t\t\t<a href='https:\/\/unisale.com.br\/pastoral\/alunos-do-colegio-salesiano-encantam-com-encenacao-da-paixao-e-ressurreicao-de-cristo\/img_0473-1024x683\/'><img loading=\"lazy\" decoding=\"async\" width=\"150\" height=\"150\" src=\"https:\/\/unisale.com.br\/pastoral\/wp-content\/uploads\/2025\/04\/IMG_0473-1024x683-1-150x150.jpg\" class=\"attachment-thumbnail size-thumbnail\" alt=\"\" \/><\/a>\n\t\t\t<\/dt><\/dl><dl class='gallery-item'>\n\t\t\t<dt class='gallery-icon portrait'>\n\t\t\t\t<a href='https:\/\/unisale.com.br\/pastoral\/alunos-do-colegio-salesiano-encantam-com-encenacao-da-paixao-e-ressurreicao-de-cristo\/img_0484-683x1024\/'><img loading=\"lazy\" decoding=\"async\" width=\"150\" height=\"150\" src=\"https:\/\/unisale.com.br\/pastoral\/wp-content\/uploads\/2025\/04\/IMG_0484-683x1024-1-150x150.jpg\" class=\"attachment-thumbnail size-thumbnail\" alt=\"\" \/><\/a>\n\t\t\t<\/dt><\/dl><br style=\"clear: both\" \/><dl class='gallery-item'>\n\t\t\t<dt class='gallery-icon landscape'>\n\t\t\t\t<a href='https:\/\/unisale.com.br\/pastoral\/alunos-do-colegio-salesiano-encantam-com-encenacao-da-paixao-e-ressurreicao-de-cristo\/img_0493-1024x683\/'><img loading=\"lazy\" decoding=\"async\" width=\"150\" height=\"150\" src=\"https:\/\/unisale.com.br\/pastoral\/wp-content\/uploads\/2025\/04\/IMG_0493-1024x683-1-150x150.jpg\" class=\"attachment-thumbnail size-thumbnail\" alt=\"\" \/><\/a>\n\t\t\t<\/dt><\/dl>\n\t\t\t<br style='clear: both' \/>\n\t\t<\/div>\n\n","protected":false},"excerpt":{"rendered":"<p>A Igreja Nossa Senhora Auxiliadora, no c\u00e2mpus do UniSALESIANO, foi palco de um momento de profunda emo\u00e7\u00e3o e espiritualidade: a\u00a0Cantata de P\u00e1scoa, promovida pelos alunos&#8230;<\/p>\n","protected":false},"author":1,"featured_media":12342,"comment_status":"closed","ping_status":"closed","sticky":false,"template":"","format":"standard","meta":{"_acf_changed":false,"footnotes":""},"categories":[3],"tags":[],"class_list":["post-12341","post","type-post","status-publish","format-standard","has-post-thumbnail","hentry","category-not"],"acf":[],"yoast_head":"<!-- This site is optimized with the Yoast SEO plugin v27.3 - https:\/\/yoast.com\/product\/yoast-seo-wordpress\/ -->\n<title>Alunos do Col\u00e9gio Salesiano encantam com encena\u00e7\u00e3o da Paix\u00e3o e Ressurrei\u00e7\u00e3o de Cristo - Pastoral Universit\u00e1ria UniSALESIANO<\/title>\n<meta name=\"robots\" content=\"index, follow, max-snippet:-1, max-image-preview:large, max-video-preview:-1\" \/>\n<link rel=\"canonical\" href=\"https:\/\/unisale.com.br\/pastoral\/alunos-do-colegio-salesiano-encantam-com-encenacao-da-paixao-e-ressurreicao-de-cristo\/\" \/>\n<meta property=\"og:locale\" content=\"pt_BR\" \/>\n<meta property=\"og:type\" content=\"article\" \/>\n<meta property=\"og:title\" content=\"Alunos do Col\u00e9gio Salesiano encantam com encena\u00e7\u00e3o da Paix\u00e3o e Ressurrei\u00e7\u00e3o de Cristo - Pastoral Universit\u00e1ria UniSALESIANO\" \/>\n<meta property=\"og:description\" content=\"A Igreja Nossa Senhora Auxiliadora, no c\u00e2mpus do UniSALESIANO, foi palco de um momento de profunda emo\u00e7\u00e3o e espiritualidade: a\u00a0Cantata de P\u00e1scoa, promovida pelos alunos...\" \/>\n<meta property=\"og:url\" content=\"https:\/\/unisale.com.br\/pastoral\/alunos-do-colegio-salesiano-encantam-com-encenacao-da-paixao-e-ressurreicao-de-cristo\/\" \/>\n<meta property=\"og:site_name\" content=\"Pastoral Universit\u00e1ria UniSALESIANO\" \/>\n<meta property=\"article:published_time\" content=\"2025-04-30T13:40:30+00:00\" \/>\n<meta property=\"og:image\" content=\"https:\/\/unisale.com.br\/pastoral\/wp-content\/uploads\/2025\/04\/IMG_0507-768x512-1.jpg\" \/>\n\t<meta property=\"og:image:width\" content=\"768\" \/>\n\t<meta property=\"og:image:height\" content=\"512\" \/>\n\t<meta property=\"og:image:type\" content=\"image\/jpeg\" \/>\n<meta name=\"author\" content=\"pastoral\" \/>\n<meta name=\"twitter:card\" content=\"summary_large_image\" \/>\n<meta name=\"twitter:label1\" content=\"Escrito por\" \/>\n\t<meta name=\"twitter:data1\" content=\"pastoral\" \/>\n\t<meta name=\"twitter:label2\" content=\"Est. tempo de leitura\" \/>\n\t<meta name=\"twitter:data2\" content=\"3 minutos\" \/>\n<script type=\"application\/ld+json\" class=\"yoast-schema-graph\">{\"@context\":\"https:\\\/\\\/schema.org\",\"@graph\":[{\"@type\":\"Article\",\"@id\":\"https:\\\/\\\/unisale.com.br\\\/pastoral\\\/alunos-do-colegio-salesiano-encantam-com-encenacao-da-paixao-e-ressurreicao-de-cristo\\\/#article\",\"isPartOf\":{\"@id\":\"https:\\\/\\\/unisale.com.br\\\/pastoral\\\/alunos-do-colegio-salesiano-encantam-com-encenacao-da-paixao-e-ressurreicao-de-cristo\\\/\"},\"author\":{\"name\":\"pastoral\",\"@id\":\"https:\\\/\\\/unisale.com.br\\\/pastoral\\\/#\\\/schema\\\/person\\\/a16ba711a0f7dec9cb6b44563144d5a3\"},\"headline\":\"Alunos do Col\u00e9gio Salesiano encantam com encena\u00e7\u00e3o da Paix\u00e3o e Ressurrei\u00e7\u00e3o de Cristo\",\"datePublished\":\"2025-04-30T13:40:30+00:00\",\"mainEntityOfPage\":{\"@id\":\"https:\\\/\\\/unisale.com.br\\\/pastoral\\\/alunos-do-colegio-salesiano-encantam-com-encenacao-da-paixao-e-ressurreicao-de-cristo\\\/\"},\"wordCount\":493,\"image\":{\"@id\":\"https:\\\/\\\/unisale.com.br\\\/pastoral\\\/alunos-do-colegio-salesiano-encantam-com-encenacao-da-paixao-e-ressurreicao-de-cristo\\\/#primaryimage\"},\"thumbnailUrl\":\"https:\\\/\\\/unisale.com.br\\\/pastoral\\\/wp-content\\\/uploads\\\/2025\\\/04\\\/IMG_0507-768x512-1.jpg\",\"articleSection\":[\"Not\u00edcias\"],\"inLanguage\":\"pt-BR\"},{\"@type\":\"WebPage\",\"@id\":\"https:\\\/\\\/unisale.com.br\\\/pastoral\\\/alunos-do-colegio-salesiano-encantam-com-encenacao-da-paixao-e-ressurreicao-de-cristo\\\/\",\"url\":\"https:\\\/\\\/unisale.com.br\\\/pastoral\\\/alunos-do-colegio-salesiano-encantam-com-encenacao-da-paixao-e-ressurreicao-de-cristo\\\/\",\"name\":\"Alunos do Col\u00e9gio Salesiano encantam com encena\u00e7\u00e3o da Paix\u00e3o e Ressurrei\u00e7\u00e3o de Cristo - Pastoral Universit\u00e1ria UniSALESIANO\",\"isPartOf\":{\"@id\":\"https:\\\/\\\/unisale.com.br\\\/pastoral\\\/#website\"},\"primaryImageOfPage\":{\"@id\":\"https:\\\/\\\/unisale.com.br\\\/pastoral\\\/alunos-do-colegio-salesiano-encantam-com-encenacao-da-paixao-e-ressurreicao-de-cristo\\\/#primaryimage\"},\"image\":{\"@id\":\"https:\\\/\\\/unisale.com.br\\\/pastoral\\\/alunos-do-colegio-salesiano-encantam-com-encenacao-da-paixao-e-ressurreicao-de-cristo\\\/#primaryimage\"},\"thumbnailUrl\":\"https:\\\/\\\/unisale.com.br\\\/pastoral\\\/wp-content\\\/uploads\\\/2025\\\/04\\\/IMG_0507-768x512-1.jpg\",\"datePublished\":\"2025-04-30T13:40:30+00:00\",\"author\":{\"@id\":\"https:\\\/\\\/unisale.com.br\\\/pastoral\\\/#\\\/schema\\\/person\\\/a16ba711a0f7dec9cb6b44563144d5a3\"},\"inLanguage\":\"pt-BR\",\"potentialAction\":[{\"@type\":\"ReadAction\",\"target\":[\"https:\\\/\\\/unisale.com.br\\\/pastoral\\\/alunos-do-colegio-salesiano-encantam-com-encenacao-da-paixao-e-ressurreicao-de-cristo\\\/\"]}]},{\"@type\":\"ImageObject\",\"inLanguage\":\"pt-BR\",\"@id\":\"https:\\\/\\\/unisale.com.br\\\/pastoral\\\/alunos-do-colegio-salesiano-encantam-com-encenacao-da-paixao-e-ressurreicao-de-cristo\\\/#primaryimage\",\"url\":\"https:\\\/\\\/unisale.com.br\\\/pastoral\\\/wp-content\\\/uploads\\\/2025\\\/04\\\/IMG_0507-768x512-1.jpg\",\"contentUrl\":\"https:\\\/\\\/unisale.com.br\\\/pastoral\\\/wp-content\\\/uploads\\\/2025\\\/04\\\/IMG_0507-768x512-1.jpg\",\"width\":750,\"height\":500},{\"@type\":\"WebSite\",\"@id\":\"https:\\\/\\\/unisale.com.br\\\/pastoral\\\/#website\",\"url\":\"https:\\\/\\\/unisale.com.br\\\/pastoral\\\/\",\"name\":\"Pastoral Universit\u00e1ria UniSALESIANO\",\"description\":\"Site da Pastoral Universit\u00e1ria do UniSALESIANO\",\"potentialAction\":[{\"@type\":\"SearchAction\",\"target\":{\"@type\":\"EntryPoint\",\"urlTemplate\":\"https:\\\/\\\/unisale.com.br\\\/pastoral\\\/?s={search_term_string}\"},\"query-input\":{\"@type\":\"PropertyValueSpecification\",\"valueRequired\":true,\"valueName\":\"search_term_string\"}}],\"inLanguage\":\"pt-BR\"},{\"@type\":\"Person\",\"@id\":\"https:\\\/\\\/unisale.com.br\\\/pastoral\\\/#\\\/schema\\\/person\\\/a16ba711a0f7dec9cb6b44563144d5a3\",\"name\":\"pastoral\",\"url\":\"https:\\\/\\\/unisale.com.br\\\/pastoral\\\/author\\\/pastoral\\\/\"}]}<\/script>\n<!-- \/ Yoast SEO plugin. -->","yoast_head_json":{"title":"Alunos do Col\u00e9gio Salesiano encantam com encena\u00e7\u00e3o da Paix\u00e3o e Ressurrei\u00e7\u00e3o de Cristo - Pastoral Universit\u00e1ria UniSALESIANO","robots":{"index":"index","follow":"follow","max-snippet":"max-snippet:-1","max-image-preview":"max-image-preview:large","max-video-preview":"max-video-preview:-1"},"canonical":"https:\/\/unisale.com.br\/pastoral\/alunos-do-colegio-salesiano-encantam-com-encenacao-da-paixao-e-ressurreicao-de-cristo\/","og_locale":"pt_BR","og_type":"article","og_title":"Alunos do Col\u00e9gio Salesiano encantam com encena\u00e7\u00e3o da Paix\u00e3o e Ressurrei\u00e7\u00e3o de Cristo - Pastoral Universit\u00e1ria UniSALESIANO","og_description":"A Igreja Nossa Senhora Auxiliadora, no c\u00e2mpus do UniSALESIANO, foi palco de um momento de profunda emo\u00e7\u00e3o e espiritualidade: a\u00a0Cantata de P\u00e1scoa, promovida pelos alunos...","og_url":"https:\/\/unisale.com.br\/pastoral\/alunos-do-colegio-salesiano-encantam-com-encenacao-da-paixao-e-ressurreicao-de-cristo\/","og_site_name":"Pastoral Universit\u00e1ria UniSALESIANO","article_published_time":"2025-04-30T13:40:30+00:00","og_image":[{"width":768,"height":512,"url":"https:\/\/unisale.com.br\/pastoral\/wp-content\/uploads\/2025\/04\/IMG_0507-768x512-1.jpg","type":"image\/jpeg"}],"author":"pastoral","twitter_card":"summary_large_image","twitter_misc":{"Escrito por":"pastoral","Est. tempo de leitura":"3 minutos"},"schema":{"@context":"https:\/\/schema.org","@graph":[{"@type":"Article","@id":"https:\/\/unisale.com.br\/pastoral\/alunos-do-colegio-salesiano-encantam-com-encenacao-da-paixao-e-ressurreicao-de-cristo\/#article","isPartOf":{"@id":"https:\/\/unisale.com.br\/pastoral\/alunos-do-colegio-salesiano-encantam-com-encenacao-da-paixao-e-ressurreicao-de-cristo\/"},"author":{"name":"pastoral","@id":"https:\/\/unisale.com.br\/pastoral\/#\/schema\/person\/a16ba711a0f7dec9cb6b44563144d5a3"},"headline":"Alunos do Col\u00e9gio Salesiano encantam com encena\u00e7\u00e3o da Paix\u00e3o e Ressurrei\u00e7\u00e3o de Cristo","datePublished":"2025-04-30T13:40:30+00:00","mainEntityOfPage":{"@id":"https:\/\/unisale.com.br\/pastoral\/alunos-do-colegio-salesiano-encantam-com-encenacao-da-paixao-e-ressurreicao-de-cristo\/"},"wordCount":493,"image":{"@id":"https:\/\/unisale.com.br\/pastoral\/alunos-do-colegio-salesiano-encantam-com-encenacao-da-paixao-e-ressurreicao-de-cristo\/#primaryimage"},"thumbnailUrl":"https:\/\/unisale.com.br\/pastoral\/wp-content\/uploads\/2025\/04\/IMG_0507-768x512-1.jpg","articleSection":["Not\u00edcias"],"inLanguage":"pt-BR"},{"@type":"WebPage","@id":"https:\/\/unisale.com.br\/pastoral\/alunos-do-colegio-salesiano-encantam-com-encenacao-da-paixao-e-ressurreicao-de-cristo\/","url":"https:\/\/unisale.com.br\/pastoral\/alunos-do-colegio-salesiano-encantam-com-encenacao-da-paixao-e-ressurreicao-de-cristo\/","name":"Alunos do Col\u00e9gio Salesiano encantam com encena\u00e7\u00e3o da Paix\u00e3o e Ressurrei\u00e7\u00e3o de Cristo - Pastoral Universit\u00e1ria UniSALESIANO","isPartOf":{"@id":"https:\/\/unisale.com.br\/pastoral\/#website"},"primaryImageOfPage":{"@id":"https:\/\/unisale.com.br\/pastoral\/alunos-do-colegio-salesiano-encantam-com-encenacao-da-paixao-e-ressurreicao-de-cristo\/#primaryimage"},"image":{"@id":"https:\/\/unisale.com.br\/pastoral\/alunos-do-colegio-salesiano-encantam-com-encenacao-da-paixao-e-ressurreicao-de-cristo\/#primaryimage"},"thumbnailUrl":"https:\/\/unisale.com.br\/pastoral\/wp-content\/uploads\/2025\/04\/IMG_0507-768x512-1.jpg","datePublished":"2025-04-30T13:40:30+00:00","author":{"@id":"https:\/\/unisale.com.br\/pastoral\/#\/schema\/person\/a16ba711a0f7dec9cb6b44563144d5a3"},"inLanguage":"pt-BR","potentialAction":[{"@type":"ReadAction","target":["https:\/\/unisale.com.br\/pastoral\/alunos-do-colegio-salesiano-encantam-com-encenacao-da-paixao-e-ressurreicao-de-cristo\/"]}]},{"@type":"ImageObject","inLanguage":"pt-BR","@id":"https:\/\/unisale.com.br\/pastoral\/alunos-do-colegio-salesiano-encantam-com-encenacao-da-paixao-e-ressurreicao-de-cristo\/#primaryimage","url":"https:\/\/unisale.com.br\/pastoral\/wp-content\/uploads\/2025\/04\/IMG_0507-768x512-1.jpg","contentUrl":"https:\/\/unisale.com.br\/pastoral\/wp-content\/uploads\/2025\/04\/IMG_0507-768x512-1.jpg","width":750,"height":500},{"@type":"WebSite","@id":"https:\/\/unisale.com.br\/pastoral\/#website","url":"https:\/\/unisale.com.br\/pastoral\/","name":"Pastoral Universit\u00e1ria UniSALESIANO","description":"Site da Pastoral Universit\u00e1ria do UniSALESIANO","potentialAction":[{"@type":"SearchAction","target":{"@type":"EntryPoint","urlTemplate":"https:\/\/unisale.com.br\/pastoral\/?s={search_term_string}"},"query-input":{"@type":"PropertyValueSpecification","valueRequired":true,"valueName":"search_term_string"}}],"inLanguage":"pt-BR"},{"@type":"Person","@id":"https:\/\/unisale.com.br\/pastoral\/#\/schema\/person\/a16ba711a0f7dec9cb6b44563144d5a3","name":"pastoral","url":"https:\/\/unisale.com.br\/pastoral\/author\/pastoral\/"}]}},"_links":{"self":[{"href":"https:\/\/unisale.com.br\/pastoral\/wp-json\/wp\/v2\/posts\/12341","targetHints":{"allow":["GET"]}}],"collection":[{"href":"https:\/\/unisale.com.br\/pastoral\/wp-json\/wp\/v2\/posts"}],"about":[{"href":"https:\/\/unisale.com.br\/pastoral\/wp-json\/wp\/v2\/types\/post"}],"author":[{"embeddable":true,"href":"https:\/\/unisale.com.br\/pastoral\/wp-json\/wp\/v2\/users\/1"}],"replies":[{"embeddable":true,"href":"https:\/\/unisale.com.br\/pastoral\/wp-json\/wp\/v2\/comments?post=12341"}],"version-history":[{"count":1,"href":"https:\/\/unisale.com.br\/pastoral\/wp-json\/wp\/v2\/posts\/12341\/revisions"}],"predecessor-version":[{"id":12369,"href":"https:\/\/unisale.com.br\/pastoral\/wp-json\/wp\/v2\/posts\/12341\/revisions\/12369"}],"wp:featuredmedia":[{"embeddable":true,"href":"https:\/\/unisale.com.br\/pastoral\/wp-json\/wp\/v2\/media\/12342"}],"wp:attachment":[{"href":"https:\/\/unisale.com.br\/pastoral\/wp-json\/wp\/v2\/media?parent=12341"}],"wp:term":[{"taxonomy":"category","embeddable":true,"href":"https:\/\/unisale.com.br\/pastoral\/wp-json\/wp\/v2\/categories?post=12341"},{"taxonomy":"post_tag","embeddable":true,"href":"https:\/\/unisale.com.br\/pastoral\/wp-json\/wp\/v2\/tags?post=12341"}],"curies":[{"name":"wp","href":"https:\/\/api.w.org\/{rel}","templated":true}]}}