{"id":12370,"date":"2025-04-30T13:41:51","date_gmt":"2025-04-30T13:41:51","guid":{"rendered":"https:\/\/unisale.com.br\/pastoral\/?p=12370"},"modified":"2025-04-30T13:41:51","modified_gmt":"2025-04-30T13:41:51","slug":"unisalesiano-manifesta-pesar-pelo-falecimento-do-papa-francisco","status":"publish","type":"post","link":"https:\/\/unisale.com.br\/pastoral\/unisalesiano-manifesta-pesar-pelo-falecimento-do-papa-francisco\/","title":{"rendered":"UniSALESIANO manifesta pesar pelo falecimento do Papa Francisco"},"content":{"rendered":"<p>O\u00a0<strong>Reitor do UniSALESIANO, Pe. Paulo Fernando Vendrame<\/strong>,\u00a0<strong>SDB,<\/strong>\u00a0une-se \u00e0\u00a0<strong>Associa\u00e7\u00e3o Nacional de Educa\u00e7\u00e3o Cat\u00f3lica do Brasil (ANEC)<\/strong>, \u00e0 Igreja e \u00e0 comunidade educacional brasileira para expressar seu profundo pesar pelo falecimento do Papa Francisco. Compartilhando integralmente o conte\u00fado e o esp\u00edrito da nota oficial da ANEC, o UniSALESIANO reproduz, abaixo, as palavras que tamb\u00e9m traduzem o sentimento de toda a Institui\u00e7\u00e3o neste momento de dor, mas tamb\u00e9m de esperan\u00e7a crist\u00e3:<\/p>\n<p>&nbsp;<\/p>\n<p><strong>\u201cEu sou a ressurrei\u00e7\u00e3o e a vida. Quem cr\u00ea em mim, ainda que morra, viver\u00e1\u201d<\/strong><br data-start=\"949\" data-end=\"952\" \/><em data-start=\"954\" data-end=\"967\">(Jo 11, 25)<\/em><\/p>\n<p>A Associa\u00e7\u00e3o Nacional de Educa\u00e7\u00e3o Cat\u00f3lica do Brasil (ANEC) une-se \u00e0 Igreja Cat\u00f3lica, aos bispos do Brasil e a toda a comunidade educacional para expressar seu profundo pesar pelo falecimento do Santo Padre, o Papa Francisco. Com cora\u00e7\u00e3o entristecido, mas firmes na f\u00e9, elevamos nossa prece pelo descanso eterno deste disc\u00edpulo de Cristo eleito como Bispo de Roma e chefe de toda a Igreja que tanto nos ensinou com sua simplicidade, compaix\u00e3o e compromisso inabal\u00e1vel com os mais pobres e com a Casa Comum.<\/p>\n<p>O Papa Francisco nos deixou um legado de amor, miseric\u00f3rdia e esperan\u00e7a. Seu pontificado foi marcado pelo chamado \u00e0 fraternidade universal, pelo cuidado com a cria\u00e7\u00e3o e pela defesa da educa\u00e7\u00e3o como caminho de transforma\u00e7\u00e3o social. Seu testemunho de servi\u00e7o continua a iluminar nosso compromisso com uma educa\u00e7\u00e3o enraizada nos valores do Evangelho e no cuidado integral do ser humano.<\/p>\n<p>Neste momento de luto, encontramos consolo na certeza da ressurrei\u00e7\u00e3o e na promessa de Cristo: a vida n\u00e3o se encerra na morte, mas se plenifica em Deus. Que sua mem\u00f3ria nos inspire a seguir adiante com esperan\u00e7a, construindo um mundo mais justo, solid\u00e1rio e fraterno.<\/p>\n<p>Rogamos a Deus que conceda ao Papa Francisco o descanso eterno e que seu exemplo continue a nos guiar. Convidamos toda a comunidade acad\u00eamica e pastoral a se unir em ora\u00e7\u00e3o, confiantes de que ele agora repousa nos bra\u00e7os do Pai. E rogamos ao Senhor da Messe e Pastor do rebanho que continue a guiar sua Igreja com a for\u00e7a do Esp\u00edrito, iluminando aqueles que, durante a S\u00e9 Vacante, se encarregar\u00e3o de pastorear seu povo.<\/p>\n<p style=\"text-align: center;\">\n<p style=\"text-align: center;\">\u201cN\u00e3o vivemos sem meta nem destino. Somos esperados, somos preciosos. Deus para n\u00f3s preparou o lugar mais digno e belo: o Para\u00edso.\u201d<\/p>\n<p style=\"text-align: center;\">(Papa Francisco)<\/p>\n<p>&nbsp;<\/p>\n<p style=\"text-align: right;\">Bras\u00edlia, 21 de abril de 2025<\/p>\n<p style=\"text-align: right;\">Prof. Ms. Pe. Jo\u00e3o Batista Gomes de Lima<\/p>\n<p style=\"text-align: right;\">Diretor-Presidente da ANEC<\/p>\n<p style=\"text-align: right;\">Reitor do Centro Universit\u00e1rio S\u00e3o Camilo<\/p>\n<p style=\"text-align: right;\">\n<p><img fetchpriority=\"high\" decoding=\"async\" class=\"size-full wp-image-12371 aligncenter\" src=\"https:\/\/unisale.com.br\/pastoral\/wp-content\/uploads\/2025\/04\/nota-de-pesar.png\" alt=\"\" width=\"768\" height=\"957\" srcset=\"https:\/\/unisale.com.br\/pastoral\/wp-content\/uploads\/2025\/04\/nota-de-pesar.png 401w, https:\/\/unisale.com.br\/pastoral\/wp-content\/uploads\/2025\/04\/nota-de-pesar-241x300.png 241w\" sizes=\"(max-width: 768px) 100vw, 768px\" \/><\/p>\n","protected":false},"excerpt":{"rendered":"<p>O\u00a0Reitor do UniSALESIANO, Pe. Paulo Fernando Vendrame,\u00a0SDB,\u00a0une-se \u00e0\u00a0Associa\u00e7\u00e3o Nacional de Educa\u00e7\u00e3o Cat\u00f3lica do Brasil (ANEC), \u00e0 Igreja e \u00e0 comunidade educacional brasileira para expressar seu&#8230;<\/p>\n","protected":false},"author":1,"featured_media":12371,"comment_status":"closed","ping_status":"closed","sticky":false,"template":"","format":"standard","meta":{"_acf_changed":false,"footnotes":""},"categories":[3],"tags":[],"class_list":["post-12370","post","type-post","status-publish","format-standard","has-post-thumbnail","hentry","category-not"],"acf":[],"yoast_head":"<!-- This site is optimized with the Yoast SEO plugin v27.3 - https:\/\/yoast.com\/product\/yoast-seo-wordpress\/ -->\n<title>UniSALESIANO manifesta pesar pelo falecimento do Papa Francisco - Pastoral Universit\u00e1ria UniSALESIANO<\/title>\n<meta name=\"robots\" content=\"index, follow, max-snippet:-1, max-image-preview:large, max-video-preview:-1\" \/>\n<link rel=\"canonical\" href=\"https:\/\/unisale.com.br\/pastoral\/unisalesiano-manifesta-pesar-pelo-falecimento-do-papa-francisco\/\" \/>\n<meta property=\"og:locale\" content=\"pt_BR\" \/>\n<meta property=\"og:type\" content=\"article\" \/>\n<meta property=\"og:title\" content=\"UniSALESIANO manifesta pesar pelo falecimento do Papa Francisco - Pastoral Universit\u00e1ria UniSALESIANO\" \/>\n<meta property=\"og:description\" content=\"O\u00a0Reitor do UniSALESIANO, Pe. Paulo Fernando Vendrame,\u00a0SDB,\u00a0une-se \u00e0\u00a0Associa\u00e7\u00e3o Nacional de Educa\u00e7\u00e3o Cat\u00f3lica do Brasil (ANEC), \u00e0 Igreja e \u00e0 comunidade educacional brasileira para expressar seu...\" \/>\n<meta property=\"og:url\" content=\"https:\/\/unisale.com.br\/pastoral\/unisalesiano-manifesta-pesar-pelo-falecimento-do-papa-francisco\/\" \/>\n<meta property=\"og:site_name\" content=\"Pastoral Universit\u00e1ria UniSALESIANO\" \/>\n<meta property=\"article:published_time\" content=\"2025-04-30T13:41:51+00:00\" \/>\n<meta property=\"og:image\" content=\"https:\/\/unisale.com.br\/pastoral\/wp-content\/uploads\/2025\/04\/nota-de-pesar.png\" \/>\n\t<meta property=\"og:image:width\" content=\"768\" \/>\n\t<meta property=\"og:image:height\" content=\"957\" \/>\n\t<meta property=\"og:image:type\" content=\"image\/png\" \/>\n<meta name=\"author\" content=\"pastoral\" \/>\n<meta name=\"twitter:card\" content=\"summary_large_image\" \/>\n<meta name=\"twitter:label1\" content=\"Escrito por\" \/>\n\t<meta name=\"twitter:data1\" content=\"pastoral\" \/>\n\t<meta name=\"twitter:label2\" content=\"Est. tempo de leitura\" \/>\n\t<meta name=\"twitter:data2\" content=\"3 minutos\" \/>\n<script type=\"application\/ld+json\" class=\"yoast-schema-graph\">{\"@context\":\"https:\\\/\\\/schema.org\",\"@graph\":[{\"@type\":\"Article\",\"@id\":\"https:\\\/\\\/unisale.com.br\\\/pastoral\\\/unisalesiano-manifesta-pesar-pelo-falecimento-do-papa-francisco\\\/#article\",\"isPartOf\":{\"@id\":\"https:\\\/\\\/unisale.com.br\\\/pastoral\\\/unisalesiano-manifesta-pesar-pelo-falecimento-do-papa-francisco\\\/\"},\"author\":{\"name\":\"pastoral\",\"@id\":\"https:\\\/\\\/unisale.com.br\\\/pastoral\\\/#\\\/schema\\\/person\\\/a16ba711a0f7dec9cb6b44563144d5a3\"},\"headline\":\"UniSALESIANO manifesta pesar pelo falecimento do Papa Francisco\",\"datePublished\":\"2025-04-30T13:41:51+00:00\",\"mainEntityOfPage\":{\"@id\":\"https:\\\/\\\/unisale.com.br\\\/pastoral\\\/unisalesiano-manifesta-pesar-pelo-falecimento-do-papa-francisco\\\/\"},\"wordCount\":445,\"image\":{\"@id\":\"https:\\\/\\\/unisale.com.br\\\/pastoral\\\/unisalesiano-manifesta-pesar-pelo-falecimento-do-papa-francisco\\\/#primaryimage\"},\"thumbnailUrl\":\"https:\\\/\\\/unisale.com.br\\\/pastoral\\\/wp-content\\\/uploads\\\/2025\\\/04\\\/nota-de-pesar.png\",\"articleSection\":[\"Not\u00edcias\"],\"inLanguage\":\"pt-BR\"},{\"@type\":\"WebPage\",\"@id\":\"https:\\\/\\\/unisale.com.br\\\/pastoral\\\/unisalesiano-manifesta-pesar-pelo-falecimento-do-papa-francisco\\\/\",\"url\":\"https:\\\/\\\/unisale.com.br\\\/pastoral\\\/unisalesiano-manifesta-pesar-pelo-falecimento-do-papa-francisco\\\/\",\"name\":\"UniSALESIANO manifesta pesar pelo falecimento do Papa Francisco - Pastoral Universit\u00e1ria UniSALESIANO\",\"isPartOf\":{\"@id\":\"https:\\\/\\\/unisale.com.br\\\/pastoral\\\/#website\"},\"primaryImageOfPage\":{\"@id\":\"https:\\\/\\\/unisale.com.br\\\/pastoral\\\/unisalesiano-manifesta-pesar-pelo-falecimento-do-papa-francisco\\\/#primaryimage\"},\"image\":{\"@id\":\"https:\\\/\\\/unisale.com.br\\\/pastoral\\\/unisalesiano-manifesta-pesar-pelo-falecimento-do-papa-francisco\\\/#primaryimage\"},\"thumbnailUrl\":\"https:\\\/\\\/unisale.com.br\\\/pastoral\\\/wp-content\\\/uploads\\\/2025\\\/04\\\/nota-de-pesar.png\",\"datePublished\":\"2025-04-30T13:41:51+00:00\",\"author\":{\"@id\":\"https:\\\/\\\/unisale.com.br\\\/pastoral\\\/#\\\/schema\\\/person\\\/a16ba711a0f7dec9cb6b44563144d5a3\"},\"inLanguage\":\"pt-BR\",\"potentialAction\":[{\"@type\":\"ReadAction\",\"target\":[\"https:\\\/\\\/unisale.com.br\\\/pastoral\\\/unisalesiano-manifesta-pesar-pelo-falecimento-do-papa-francisco\\\/\"]}]},{\"@type\":\"ImageObject\",\"inLanguage\":\"pt-BR\",\"@id\":\"https:\\\/\\\/unisale.com.br\\\/pastoral\\\/unisalesiano-manifesta-pesar-pelo-falecimento-do-papa-francisco\\\/#primaryimage\",\"url\":\"https:\\\/\\\/unisale.com.br\\\/pastoral\\\/wp-content\\\/uploads\\\/2025\\\/04\\\/nota-de-pesar.png\",\"contentUrl\":\"https:\\\/\\\/unisale.com.br\\\/pastoral\\\/wp-content\\\/uploads\\\/2025\\\/04\\\/nota-de-pesar.png\",\"width\":401,\"height\":500},{\"@type\":\"WebSite\",\"@id\":\"https:\\\/\\\/unisale.com.br\\\/pastoral\\\/#website\",\"url\":\"https:\\\/\\\/unisale.com.br\\\/pastoral\\\/\",\"name\":\"Pastoral Universit\u00e1ria UniSALESIANO\",\"description\":\"Site da Pastoral Universit\u00e1ria do UniSALESIANO\",\"potentialAction\":[{\"@type\":\"SearchAction\",\"target\":{\"@type\":\"EntryPoint\",\"urlTemplate\":\"https:\\\/\\\/unisale.com.br\\\/pastoral\\\/?s={search_term_string}\"},\"query-input\":{\"@type\":\"PropertyValueSpecification\",\"valueRequired\":true,\"valueName\":\"search_term_string\"}}],\"inLanguage\":\"pt-BR\"},{\"@type\":\"Person\",\"@id\":\"https:\\\/\\\/unisale.com.br\\\/pastoral\\\/#\\\/schema\\\/person\\\/a16ba711a0f7dec9cb6b44563144d5a3\",\"name\":\"pastoral\",\"url\":\"https:\\\/\\\/unisale.com.br\\\/pastoral\\\/author\\\/pastoral\\\/\"}]}<\/script>\n<!-- \/ Yoast SEO plugin. -->","yoast_head_json":{"title":"UniSALESIANO manifesta pesar pelo falecimento do Papa Francisco - Pastoral Universit\u00e1ria UniSALESIANO","robots":{"index":"index","follow":"follow","max-snippet":"max-snippet:-1","max-image-preview":"max-image-preview:large","max-video-preview":"max-video-preview:-1"},"canonical":"https:\/\/unisale.com.br\/pastoral\/unisalesiano-manifesta-pesar-pelo-falecimento-do-papa-francisco\/","og_locale":"pt_BR","og_type":"article","og_title":"UniSALESIANO manifesta pesar pelo falecimento do Papa Francisco - Pastoral Universit\u00e1ria UniSALESIANO","og_description":"O\u00a0Reitor do UniSALESIANO, Pe. Paulo Fernando Vendrame,\u00a0SDB,\u00a0une-se \u00e0\u00a0Associa\u00e7\u00e3o Nacional de Educa\u00e7\u00e3o Cat\u00f3lica do Brasil (ANEC), \u00e0 Igreja e \u00e0 comunidade educacional brasileira para expressar seu...","og_url":"https:\/\/unisale.com.br\/pastoral\/unisalesiano-manifesta-pesar-pelo-falecimento-do-papa-francisco\/","og_site_name":"Pastoral Universit\u00e1ria UniSALESIANO","article_published_time":"2025-04-30T13:41:51+00:00","og_image":[{"width":768,"height":957,"url":"https:\/\/unisale.com.br\/pastoral\/wp-content\/uploads\/2025\/04\/nota-de-pesar.png","type":"image\/png"}],"author":"pastoral","twitter_card":"summary_large_image","twitter_misc":{"Escrito por":"pastoral","Est. tempo de leitura":"3 minutos"},"schema":{"@context":"https:\/\/schema.org","@graph":[{"@type":"Article","@id":"https:\/\/unisale.com.br\/pastoral\/unisalesiano-manifesta-pesar-pelo-falecimento-do-papa-francisco\/#article","isPartOf":{"@id":"https:\/\/unisale.com.br\/pastoral\/unisalesiano-manifesta-pesar-pelo-falecimento-do-papa-francisco\/"},"author":{"name":"pastoral","@id":"https:\/\/unisale.com.br\/pastoral\/#\/schema\/person\/a16ba711a0f7dec9cb6b44563144d5a3"},"headline":"UniSALESIANO manifesta pesar pelo falecimento do Papa Francisco","datePublished":"2025-04-30T13:41:51+00:00","mainEntityOfPage":{"@id":"https:\/\/unisale.com.br\/pastoral\/unisalesiano-manifesta-pesar-pelo-falecimento-do-papa-francisco\/"},"wordCount":445,"image":{"@id":"https:\/\/unisale.com.br\/pastoral\/unisalesiano-manifesta-pesar-pelo-falecimento-do-papa-francisco\/#primaryimage"},"thumbnailUrl":"https:\/\/unisale.com.br\/pastoral\/wp-content\/uploads\/2025\/04\/nota-de-pesar.png","articleSection":["Not\u00edcias"],"inLanguage":"pt-BR"},{"@type":"WebPage","@id":"https:\/\/unisale.com.br\/pastoral\/unisalesiano-manifesta-pesar-pelo-falecimento-do-papa-francisco\/","url":"https:\/\/unisale.com.br\/pastoral\/unisalesiano-manifesta-pesar-pelo-falecimento-do-papa-francisco\/","name":"UniSALESIANO manifesta pesar pelo falecimento do Papa Francisco - Pastoral Universit\u00e1ria UniSALESIANO","isPartOf":{"@id":"https:\/\/unisale.com.br\/pastoral\/#website"},"primaryImageOfPage":{"@id":"https:\/\/unisale.com.br\/pastoral\/unisalesiano-manifesta-pesar-pelo-falecimento-do-papa-francisco\/#primaryimage"},"image":{"@id":"https:\/\/unisale.com.br\/pastoral\/unisalesiano-manifesta-pesar-pelo-falecimento-do-papa-francisco\/#primaryimage"},"thumbnailUrl":"https:\/\/unisale.com.br\/pastoral\/wp-content\/uploads\/2025\/04\/nota-de-pesar.png","datePublished":"2025-04-30T13:41:51+00:00","author":{"@id":"https:\/\/unisale.com.br\/pastoral\/#\/schema\/person\/a16ba711a0f7dec9cb6b44563144d5a3"},"inLanguage":"pt-BR","potentialAction":[{"@type":"ReadAction","target":["https:\/\/unisale.com.br\/pastoral\/unisalesiano-manifesta-pesar-pelo-falecimento-do-papa-francisco\/"]}]},{"@type":"ImageObject","inLanguage":"pt-BR","@id":"https:\/\/unisale.com.br\/pastoral\/unisalesiano-manifesta-pesar-pelo-falecimento-do-papa-francisco\/#primaryimage","url":"https:\/\/unisale.com.br\/pastoral\/wp-content\/uploads\/2025\/04\/nota-de-pesar.png","contentUrl":"https:\/\/unisale.com.br\/pastoral\/wp-content\/uploads\/2025\/04\/nota-de-pesar.png","width":401,"height":500},{"@type":"WebSite","@id":"https:\/\/unisale.com.br\/pastoral\/#website","url":"https:\/\/unisale.com.br\/pastoral\/","name":"Pastoral Universit\u00e1ria UniSALESIANO","description":"Site da Pastoral Universit\u00e1ria do UniSALESIANO","potentialAction":[{"@type":"SearchAction","target":{"@type":"EntryPoint","urlTemplate":"https:\/\/unisale.com.br\/pastoral\/?s={search_term_string}"},"query-input":{"@type":"PropertyValueSpecification","valueRequired":true,"valueName":"search_term_string"}}],"inLanguage":"pt-BR"},{"@type":"Person","@id":"https:\/\/unisale.com.br\/pastoral\/#\/schema\/person\/a16ba711a0f7dec9cb6b44563144d5a3","name":"pastoral","url":"https:\/\/unisale.com.br\/pastoral\/author\/pastoral\/"}]}},"_links":{"self":[{"href":"https:\/\/unisale.com.br\/pastoral\/wp-json\/wp\/v2\/posts\/12370","targetHints":{"allow":["GET"]}}],"collection":[{"href":"https:\/\/unisale.com.br\/pastoral\/wp-json\/wp\/v2\/posts"}],"about":[{"href":"https:\/\/unisale.com.br\/pastoral\/wp-json\/wp\/v2\/types\/post"}],"author":[{"embeddable":true,"href":"https:\/\/unisale.com.br\/pastoral\/wp-json\/wp\/v2\/users\/1"}],"replies":[{"embeddable":true,"href":"https:\/\/unisale.com.br\/pastoral\/wp-json\/wp\/v2\/comments?post=12370"}],"version-history":[{"count":1,"href":"https:\/\/unisale.com.br\/pastoral\/wp-json\/wp\/v2\/posts\/12370\/revisions"}],"predecessor-version":[{"id":12372,"href":"https:\/\/unisale.com.br\/pastoral\/wp-json\/wp\/v2\/posts\/12370\/revisions\/12372"}],"wp:featuredmedia":[{"embeddable":true,"href":"https:\/\/unisale.com.br\/pastoral\/wp-json\/wp\/v2\/media\/12371"}],"wp:attachment":[{"href":"https:\/\/unisale.com.br\/pastoral\/wp-json\/wp\/v2\/media?parent=12370"}],"wp:term":[{"taxonomy":"category","embeddable":true,"href":"https:\/\/unisale.com.br\/pastoral\/wp-json\/wp\/v2\/categories?post=12370"},{"taxonomy":"post_tag","embeddable":true,"href":"https:\/\/unisale.com.br\/pastoral\/wp-json\/wp\/v2\/tags?post=12370"}],"curies":[{"name":"wp","href":"https:\/\/api.w.org\/{rel}","templated":true}]}}