{"id":12373,"date":"2025-04-30T13:45:36","date_gmt":"2025-04-30T13:45:36","guid":{"rendered":"https:\/\/unisale.com.br\/pastoral\/?p=12373"},"modified":"2025-04-30T13:45:36","modified_gmt":"2025-04-30T13:45:36","slug":"celebracao-de-pascoa-no-unisalesiano-reforca-espirito-de-comunidade-e-servico","status":"publish","type":"post","link":"https:\/\/unisale.com.br\/pastoral\/celebracao-de-pascoa-no-unisalesiano-reforca-espirito-de-comunidade-e-servico\/","title":{"rendered":"Celebra\u00e7\u00e3o de P\u00e1scoa no UniSALESIANO refor\u00e7a esp\u00edrito de comunidade e servi\u00e7o"},"content":{"rendered":"<p>Com momentos de espiritualidade, reflex\u00e3o e confraterniza\u00e7\u00e3o, o<strong>\u00a0UniSALESIANO celebrou a P\u00e1scoa<\/strong>\u00a0no dia 10 de abril, no audit\u00f3rio Papa Francisco. A ocasi\u00e3o reuniu os colaboradores e demais membros da comunidade acad\u00eamica para vivenciar o verdadeiro sentido da data: a renova\u00e7\u00e3o, o amor ao pr\u00f3ximo e o servi\u00e7o.<\/p>\n<p>A celebra\u00e7\u00e3o foi conduzida pelo\u00a0<strong>Reitor do UniSALESIANO, Pe. Paulo Vendrame, SDB<\/strong>, e pelo\u00a0<strong>Pr\u00f3-Reitor de Pastoral, Pe. Paulo J\u00e1como, SDB<\/strong>, que ressaltaram o significado do Tr\u00edduo Pascal e a import\u00e2ncia de cultivar valores crist\u00e3os no ambiente universit\u00e1rio.<\/p>\n<p>Pe. Paulo J\u00e1como lembrou que momentos como esse s\u00e3o parte essencial da forma\u00e7\u00e3o salesiana: \u201cA amizade, a generosidade, a humanidade nas rela\u00e7\u00f5es s\u00e3o marcas desse ambiente. Esses momentos de conviv\u00eancia nos ajudam a perceber a alegria de estar juntos e o desejo de servir.\u201d<\/p>\n<p>Ele tamb\u00e9m agradeceu \u00e0 equipe da Pastoral pelo empenho em criar espa\u00e7os de acolhida. \u201cNosso trabalho pastoral n\u00e3o \u00e9 s\u00f3 com os acad\u00eamicos, mas com toda a universidade. Agrade\u00e7o minha equipe que est\u00e1 sempre \u00e0 frente, promovendo alegria e integra\u00e7\u00e3o.\u201d<\/p>\n<p>Por sua vez, o Reitor refor\u00e7ou a import\u00e2ncia da viv\u00eancia lit\u00fargica e espiritual da Semana Santa, explicando os s\u00edmbolos preparados para a celebra\u00e7\u00e3o e destacando a mensagem de humildade deixada por Jesus na \u00faltima ceia. \u201cJesus lavou os p\u00e9s dos disc\u00edpulos, mostrando que o verdadeiro l\u00edder \u00e9 aquele que serve. Todos n\u00f3s temos um papel de servi\u00e7o na universidade. Nossa vida s\u00f3 faz sentido se for vivida com esse prop\u00f3sito\u201d, frisou Pe. Paulo Vendrame.<\/p>\n<p>A cerim\u00f4nia foi encerrada com a entrega dos tradicionais ovos de P\u00e1scoa aos colaboradores, em um gesto de gratid\u00e3o e reconhecimento. O encontro reafirmou os pilares salesianos de acolhida, espiritualidade e compromisso com a forma\u00e7\u00e3o integral.<\/p>\n<p>&nbsp;<\/p>\n\n\t\t<style type=\"text\/css\">\n\t\t\t#gallery-1 {\n\t\t\t\tmargin: auto;\n\t\t\t}\n\t\t\t#gallery-1 .gallery-item {\n\t\t\t\tfloat: left;\n\t\t\t\tmargin-top: 10px;\n\t\t\t\ttext-align: center;\n\t\t\t\twidth: 33%;\n\t\t\t}\n\t\t\t#gallery-1 img {\n\t\t\t\tborder: 2px solid #cfcfcf;\n\t\t\t}\n\t\t\t#gallery-1 .gallery-caption {\n\t\t\t\tmargin-left: 0;\n\t\t\t}\n\t\t\t\/* see gallery_shortcode() in wp-includes\/media.php *\/\n\t\t<\/style>\n\t\t<div id='gallery-1' class='gallery galleryid-12373 gallery-columns-3 gallery-size-thumbnail'><dl class='gallery-item'>\n\t\t\t<dt class='gallery-icon landscape'>\n\t\t\t\t<a href='https:\/\/unisale.com.br\/pastoral\/celebracao-de-pascoa-no-unisalesiano-reforca-espirito-de-comunidade-e-servico\/img_0765-1024x683\/'><img decoding=\"async\" width=\"150\" height=\"150\" src=\"https:\/\/unisale.com.br\/pastoral\/wp-content\/uploads\/2025\/04\/IMG_0765-1024x683-1-150x150.jpg\" class=\"attachment-thumbnail size-thumbnail\" alt=\"\" \/><\/a>\n\t\t\t<\/dt><\/dl><dl class='gallery-item'>\n\t\t\t<dt class='gallery-icon landscape'>\n\t\t\t\t<a href='https:\/\/unisale.com.br\/pastoral\/celebracao-de-pascoa-no-unisalesiano-reforca-espirito-de-comunidade-e-servico\/img_0763-1024x683\/'><img decoding=\"async\" width=\"150\" height=\"150\" src=\"https:\/\/unisale.com.br\/pastoral\/wp-content\/uploads\/2025\/04\/IMG_0763-1024x683-1-150x150.jpg\" class=\"attachment-thumbnail size-thumbnail\" alt=\"\" \/><\/a>\n\t\t\t<\/dt><\/dl><dl class='gallery-item'>\n\t\t\t<dt class='gallery-icon landscape'>\n\t\t\t\t<a href='https:\/\/unisale.com.br\/pastoral\/celebracao-de-pascoa-no-unisalesiano-reforca-espirito-de-comunidade-e-servico\/img_0756-1024x683\/'><img decoding=\"async\" width=\"150\" height=\"150\" src=\"https:\/\/unisale.com.br\/pastoral\/wp-content\/uploads\/2025\/04\/IMG_0756-1024x683-1-150x150.jpg\" class=\"attachment-thumbnail size-thumbnail\" alt=\"\" \/><\/a>\n\t\t\t<\/dt><\/dl><br style=\"clear: both\" \/><dl class='gallery-item'>\n\t\t\t<dt class='gallery-icon landscape'>\n\t\t\t\t<a href='https:\/\/unisale.com.br\/pastoral\/celebracao-de-pascoa-no-unisalesiano-reforca-espirito-de-comunidade-e-servico\/img_0750-1024x683\/'><img loading=\"lazy\" decoding=\"async\" width=\"150\" height=\"150\" src=\"https:\/\/unisale.com.br\/pastoral\/wp-content\/uploads\/2025\/04\/IMG_0750-1024x683-1-150x150.jpg\" class=\"attachment-thumbnail size-thumbnail\" alt=\"\" \/><\/a>\n\t\t\t<\/dt><\/dl><dl class='gallery-item'>\n\t\t\t<dt class='gallery-icon landscape'>\n\t\t\t\t<a href='https:\/\/unisale.com.br\/pastoral\/celebracao-de-pascoa-no-unisalesiano-reforca-espirito-de-comunidade-e-servico\/img_0741-1024x683\/'><img loading=\"lazy\" decoding=\"async\" width=\"150\" height=\"150\" src=\"https:\/\/unisale.com.br\/pastoral\/wp-content\/uploads\/2025\/04\/IMG_0741-1024x683-1-150x150.jpg\" class=\"attachment-thumbnail size-thumbnail\" alt=\"\" \/><\/a>\n\t\t\t<\/dt><\/dl><dl class='gallery-item'>\n\t\t\t<dt class='gallery-icon landscape'>\n\t\t\t\t<a href='https:\/\/unisale.com.br\/pastoral\/celebracao-de-pascoa-no-unisalesiano-reforca-espirito-de-comunidade-e-servico\/img_0737-1024x683\/'><img loading=\"lazy\" decoding=\"async\" width=\"150\" height=\"150\" src=\"https:\/\/unisale.com.br\/pastoral\/wp-content\/uploads\/2025\/04\/IMG_0737-1024x683-1-150x150.jpg\" class=\"attachment-thumbnail size-thumbnail\" alt=\"\" \/><\/a>\n\t\t\t<\/dt><\/dl><br style=\"clear: both\" \/><dl class='gallery-item'>\n\t\t\t<dt class='gallery-icon landscape'>\n\t\t\t\t<a href='https:\/\/unisale.com.br\/pastoral\/celebracao-de-pascoa-no-unisalesiano-reforca-espirito-de-comunidade-e-servico\/img_0735-1024x683\/'><img loading=\"lazy\" decoding=\"async\" width=\"150\" height=\"150\" src=\"https:\/\/unisale.com.br\/pastoral\/wp-content\/uploads\/2025\/04\/IMG_0735-1024x683-1-150x150.jpg\" class=\"attachment-thumbnail size-thumbnail\" alt=\"\" \/><\/a>\n\t\t\t<\/dt><\/dl><dl class='gallery-item'>\n\t\t\t<dt class='gallery-icon landscape'>\n\t\t\t\t<a href='https:\/\/unisale.com.br\/pastoral\/celebracao-de-pascoa-no-unisalesiano-reforca-espirito-de-comunidade-e-servico\/img_0901-1024x683\/'><img loading=\"lazy\" decoding=\"async\" width=\"150\" height=\"150\" src=\"https:\/\/unisale.com.br\/pastoral\/wp-content\/uploads\/2025\/04\/IMG_0901-1024x683-1-150x150.jpg\" class=\"attachment-thumbnail size-thumbnail\" alt=\"\" \/><\/a>\n\t\t\t<\/dt><\/dl><dl class='gallery-item'>\n\t\t\t<dt class='gallery-icon landscape'>\n\t\t\t\t<a href='https:\/\/unisale.com.br\/pastoral\/celebracao-de-pascoa-no-unisalesiano-reforca-espirito-de-comunidade-e-servico\/img_0889-1024x683\/'><img loading=\"lazy\" decoding=\"async\" width=\"150\" height=\"150\" src=\"https:\/\/unisale.com.br\/pastoral\/wp-content\/uploads\/2025\/04\/IMG_0889-1024x683-1-150x150.jpg\" class=\"attachment-thumbnail size-thumbnail\" alt=\"\" \/><\/a>\n\t\t\t<\/dt><\/dl><br style=\"clear: both\" \/><dl class='gallery-item'>\n\t\t\t<dt class='gallery-icon landscape'>\n\t\t\t\t<a href='https:\/\/unisale.com.br\/pastoral\/celebracao-de-pascoa-no-unisalesiano-reforca-espirito-de-comunidade-e-servico\/img_0883-1024x683\/'><img loading=\"lazy\" decoding=\"async\" width=\"150\" height=\"150\" src=\"https:\/\/unisale.com.br\/pastoral\/wp-content\/uploads\/2025\/04\/IMG_0883-1024x683-1-150x150.jpg\" class=\"attachment-thumbnail size-thumbnail\" alt=\"\" \/><\/a>\n\t\t\t<\/dt><\/dl><dl class='gallery-item'>\n\t\t\t<dt class='gallery-icon landscape'>\n\t\t\t\t<a href='https:\/\/unisale.com.br\/pastoral\/celebracao-de-pascoa-no-unisalesiano-reforca-espirito-de-comunidade-e-servico\/img_0879-1024x683\/'><img loading=\"lazy\" decoding=\"async\" width=\"150\" height=\"150\" src=\"https:\/\/unisale.com.br\/pastoral\/wp-content\/uploads\/2025\/04\/IMG_0879-1024x683-1-150x150.jpg\" class=\"attachment-thumbnail size-thumbnail\" alt=\"\" \/><\/a>\n\t\t\t<\/dt><\/dl><dl class='gallery-item'>\n\t\t\t<dt class='gallery-icon landscape'>\n\t\t\t\t<a href='https:\/\/unisale.com.br\/pastoral\/celebracao-de-pascoa-no-unisalesiano-reforca-espirito-de-comunidade-e-servico\/img_0877-1024x683\/'><img loading=\"lazy\" decoding=\"async\" width=\"150\" height=\"150\" src=\"https:\/\/unisale.com.br\/pastoral\/wp-content\/uploads\/2025\/04\/IMG_0877-1024x683-1-150x150.jpg\" class=\"attachment-thumbnail size-thumbnail\" alt=\"\" \/><\/a>\n\t\t\t<\/dt><\/dl><br style=\"clear: both\" \/><dl class='gallery-item'>\n\t\t\t<dt class='gallery-icon landscape'>\n\t\t\t\t<a href='https:\/\/unisale.com.br\/pastoral\/celebracao-de-pascoa-no-unisalesiano-reforca-espirito-de-comunidade-e-servico\/img_0873-1024x683\/'><img loading=\"lazy\" decoding=\"async\" width=\"150\" height=\"150\" src=\"https:\/\/unisale.com.br\/pastoral\/wp-content\/uploads\/2025\/04\/IMG_0873-1024x683-1-150x150.jpg\" class=\"attachment-thumbnail size-thumbnail\" alt=\"\" \/><\/a>\n\t\t\t<\/dt><\/dl><dl class='gallery-item'>\n\t\t\t<dt class='gallery-icon landscape'>\n\t\t\t\t<a href='https:\/\/unisale.com.br\/pastoral\/celebracao-de-pascoa-no-unisalesiano-reforca-espirito-de-comunidade-e-servico\/img_0870-1024x683\/'><img loading=\"lazy\" decoding=\"async\" width=\"150\" height=\"150\" src=\"https:\/\/unisale.com.br\/pastoral\/wp-content\/uploads\/2025\/04\/IMG_0870-1024x683-1-150x150.jpg\" class=\"attachment-thumbnail size-thumbnail\" alt=\"\" \/><\/a>\n\t\t\t<\/dt><\/dl><dl class='gallery-item'>\n\t\t\t<dt class='gallery-icon landscape'>\n\t\t\t\t<a href='https:\/\/unisale.com.br\/pastoral\/celebracao-de-pascoa-no-unisalesiano-reforca-espirito-de-comunidade-e-servico\/img_0867-1024x683\/'><img loading=\"lazy\" decoding=\"async\" width=\"150\" height=\"150\" src=\"https:\/\/unisale.com.br\/pastoral\/wp-content\/uploads\/2025\/04\/IMG_0867-1024x683-1-150x150.jpg\" class=\"attachment-thumbnail size-thumbnail\" alt=\"\" \/><\/a>\n\t\t\t<\/dt><\/dl><br style=\"clear: both\" \/><dl class='gallery-item'>\n\t\t\t<dt class='gallery-icon landscape'>\n\t\t\t\t<a href='https:\/\/unisale.com.br\/pastoral\/celebracao-de-pascoa-no-unisalesiano-reforca-espirito-de-comunidade-e-servico\/img_0859-1024x683\/'><img loading=\"lazy\" decoding=\"async\" width=\"150\" height=\"150\" src=\"https:\/\/unisale.com.br\/pastoral\/wp-content\/uploads\/2025\/04\/IMG_0859-1024x683-1-150x150.jpg\" class=\"attachment-thumbnail size-thumbnail\" alt=\"\" \/><\/a>\n\t\t\t<\/dt><\/dl><dl class='gallery-item'>\n\t\t\t<dt class='gallery-icon landscape'>\n\t\t\t\t<a href='https:\/\/unisale.com.br\/pastoral\/celebracao-de-pascoa-no-unisalesiano-reforca-espirito-de-comunidade-e-servico\/img_0845-1024x683\/'><img loading=\"lazy\" decoding=\"async\" width=\"150\" height=\"150\" src=\"https:\/\/unisale.com.br\/pastoral\/wp-content\/uploads\/2025\/04\/IMG_0845-1024x683-1-150x150.jpg\" class=\"attachment-thumbnail size-thumbnail\" alt=\"\" \/><\/a>\n\t\t\t<\/dt><\/dl><dl class='gallery-item'>\n\t\t\t<dt class='gallery-icon landscape'>\n\t\t\t\t<a href='https:\/\/unisale.com.br\/pastoral\/celebracao-de-pascoa-no-unisalesiano-reforca-espirito-de-comunidade-e-servico\/img_0839-1024x683\/'><img loading=\"lazy\" decoding=\"async\" width=\"150\" height=\"150\" src=\"https:\/\/unisale.com.br\/pastoral\/wp-content\/uploads\/2025\/04\/IMG_0839-1024x683-1-150x150.jpg\" class=\"attachment-thumbnail size-thumbnail\" alt=\"\" \/><\/a>\n\t\t\t<\/dt><\/dl><br style=\"clear: both\" \/><dl class='gallery-item'>\n\t\t\t<dt class='gallery-icon landscape'>\n\t\t\t\t<a href='https:\/\/unisale.com.br\/pastoral\/celebracao-de-pascoa-no-unisalesiano-reforca-espirito-de-comunidade-e-servico\/img_0830-1024x683\/'><img loading=\"lazy\" decoding=\"async\" width=\"150\" height=\"150\" src=\"https:\/\/unisale.com.br\/pastoral\/wp-content\/uploads\/2025\/04\/IMG_0830-1024x683-1-150x150.jpg\" class=\"attachment-thumbnail size-thumbnail\" alt=\"\" \/><\/a>\n\t\t\t<\/dt><\/dl><dl class='gallery-item'>\n\t\t\t<dt class='gallery-icon landscape'>\n\t\t\t\t<a href='https:\/\/unisale.com.br\/pastoral\/celebracao-de-pascoa-no-unisalesiano-reforca-espirito-de-comunidade-e-servico\/img_0807-1024x683\/'><img loading=\"lazy\" decoding=\"async\" width=\"150\" height=\"150\" src=\"https:\/\/unisale.com.br\/pastoral\/wp-content\/uploads\/2025\/04\/IMG_0807-1024x683-1-150x150.jpg\" class=\"attachment-thumbnail size-thumbnail\" alt=\"\" \/><\/a>\n\t\t\t<\/dt><\/dl><dl class='gallery-item'>\n\t\t\t<dt class='gallery-icon landscape'>\n\t\t\t\t<a href='https:\/\/unisale.com.br\/pastoral\/celebracao-de-pascoa-no-unisalesiano-reforca-espirito-de-comunidade-e-servico\/img_0795-1024x683\/'><img loading=\"lazy\" decoding=\"async\" width=\"150\" height=\"150\" src=\"https:\/\/unisale.com.br\/pastoral\/wp-content\/uploads\/2025\/04\/IMG_0795-1024x683-1-150x150.jpg\" class=\"attachment-thumbnail size-thumbnail\" alt=\"\" \/><\/a>\n\t\t\t<\/dt><\/dl><br style=\"clear: both\" \/><dl class='gallery-item'>\n\t\t\t<dt class='gallery-icon landscape'>\n\t\t\t\t<a href='https:\/\/unisale.com.br\/pastoral\/celebracao-de-pascoa-no-unisalesiano-reforca-espirito-de-comunidade-e-servico\/img_0782-1024x683\/'><img loading=\"lazy\" decoding=\"async\" width=\"150\" height=\"150\" src=\"https:\/\/unisale.com.br\/pastoral\/wp-content\/uploads\/2025\/04\/IMG_0782-1024x683-1-150x150.jpg\" class=\"attachment-thumbnail size-thumbnail\" alt=\"\" \/><\/a>\n\t\t\t<\/dt><\/dl>\n\t\t\t<br style='clear: both' \/>\n\t\t<\/div>\n\n","protected":false},"excerpt":{"rendered":"<p>Com momentos de espiritualidade, reflex\u00e3o e confraterniza\u00e7\u00e3o, o\u00a0UniSALESIANO celebrou a P\u00e1scoa\u00a0no dia 10 de abril, no audit\u00f3rio Papa Francisco. A ocasi\u00e3o reuniu os colaboradores e&#8230;<\/p>\n","protected":false},"author":1,"featured_media":12374,"comment_status":"closed","ping_status":"closed","sticky":false,"template":"","format":"standard","meta":{"_acf_changed":false,"footnotes":""},"categories":[3],"tags":[],"class_list":["post-12373","post","type-post","status-publish","format-standard","has-post-thumbnail","hentry","category-not"],"acf":[],"yoast_head":"<!-- This site is optimized with the Yoast SEO plugin v27.3 - https:\/\/yoast.com\/product\/yoast-seo-wordpress\/ -->\n<title>Celebra\u00e7\u00e3o de P\u00e1scoa no UniSALESIANO refor\u00e7a esp\u00edrito de comunidade e servi\u00e7o - Pastoral Universit\u00e1ria UniSALESIANO<\/title>\n<meta name=\"robots\" content=\"index, follow, max-snippet:-1, max-image-preview:large, max-video-preview:-1\" \/>\n<link rel=\"canonical\" href=\"https:\/\/unisale.com.br\/pastoral\/celebracao-de-pascoa-no-unisalesiano-reforca-espirito-de-comunidade-e-servico\/\" \/>\n<meta property=\"og:locale\" content=\"pt_BR\" \/>\n<meta property=\"og:type\" content=\"article\" \/>\n<meta property=\"og:title\" content=\"Celebra\u00e7\u00e3o de P\u00e1scoa no UniSALESIANO refor\u00e7a esp\u00edrito de comunidade e servi\u00e7o - Pastoral Universit\u00e1ria UniSALESIANO\" \/>\n<meta property=\"og:description\" content=\"Com momentos de espiritualidade, reflex\u00e3o e confraterniza\u00e7\u00e3o, o\u00a0UniSALESIANO celebrou a P\u00e1scoa\u00a0no dia 10 de abril, no audit\u00f3rio Papa Francisco. A ocasi\u00e3o reuniu os colaboradores e...\" \/>\n<meta property=\"og:url\" content=\"https:\/\/unisale.com.br\/pastoral\/celebracao-de-pascoa-no-unisalesiano-reforca-espirito-de-comunidade-e-servico\/\" \/>\n<meta property=\"og:site_name\" content=\"Pastoral Universit\u00e1ria UniSALESIANO\" \/>\n<meta property=\"article:published_time\" content=\"2025-04-30T13:45:36+00:00\" \/>\n<meta property=\"og:image\" content=\"https:\/\/unisale.com.br\/pastoral\/wp-content\/uploads\/2025\/04\/a.jpg\" \/>\n\t<meta property=\"og:image:width\" content=\"768\" \/>\n\t<meta property=\"og:image:height\" content=\"512\" \/>\n\t<meta property=\"og:image:type\" content=\"image\/jpeg\" \/>\n<meta name=\"author\" content=\"pastoral\" \/>\n<meta name=\"twitter:card\" content=\"summary_large_image\" \/>\n<meta name=\"twitter:label1\" content=\"Escrito por\" \/>\n\t<meta name=\"twitter:data1\" content=\"pastoral\" \/>\n\t<meta name=\"twitter:label2\" content=\"Est. tempo de leitura\" \/>\n\t<meta name=\"twitter:data2\" content=\"2 minutos\" \/>\n<script type=\"application\/ld+json\" class=\"yoast-schema-graph\">{\"@context\":\"https:\\\/\\\/schema.org\",\"@graph\":[{\"@type\":\"Article\",\"@id\":\"https:\\\/\\\/unisale.com.br\\\/pastoral\\\/celebracao-de-pascoa-no-unisalesiano-reforca-espirito-de-comunidade-e-servico\\\/#article\",\"isPartOf\":{\"@id\":\"https:\\\/\\\/unisale.com.br\\\/pastoral\\\/celebracao-de-pascoa-no-unisalesiano-reforca-espirito-de-comunidade-e-servico\\\/\"},\"author\":{\"name\":\"pastoral\",\"@id\":\"https:\\\/\\\/unisale.com.br\\\/pastoral\\\/#\\\/schema\\\/person\\\/a16ba711a0f7dec9cb6b44563144d5a3\"},\"headline\":\"Celebra\u00e7\u00e3o de P\u00e1scoa no UniSALESIANO refor\u00e7a esp\u00edrito de comunidade e servi\u00e7o\",\"datePublished\":\"2025-04-30T13:45:36+00:00\",\"mainEntityOfPage\":{\"@id\":\"https:\\\/\\\/unisale.com.br\\\/pastoral\\\/celebracao-de-pascoa-no-unisalesiano-reforca-espirito-de-comunidade-e-servico\\\/\"},\"wordCount\":338,\"image\":{\"@id\":\"https:\\\/\\\/unisale.com.br\\\/pastoral\\\/celebracao-de-pascoa-no-unisalesiano-reforca-espirito-de-comunidade-e-servico\\\/#primaryimage\"},\"thumbnailUrl\":\"https:\\\/\\\/unisale.com.br\\\/pastoral\\\/wp-content\\\/uploads\\\/2025\\\/04\\\/a.jpg\",\"articleSection\":[\"Not\u00edcias\"],\"inLanguage\":\"pt-BR\"},{\"@type\":\"WebPage\",\"@id\":\"https:\\\/\\\/unisale.com.br\\\/pastoral\\\/celebracao-de-pascoa-no-unisalesiano-reforca-espirito-de-comunidade-e-servico\\\/\",\"url\":\"https:\\\/\\\/unisale.com.br\\\/pastoral\\\/celebracao-de-pascoa-no-unisalesiano-reforca-espirito-de-comunidade-e-servico\\\/\",\"name\":\"Celebra\u00e7\u00e3o de P\u00e1scoa no UniSALESIANO refor\u00e7a esp\u00edrito de comunidade e servi\u00e7o - Pastoral Universit\u00e1ria UniSALESIANO\",\"isPartOf\":{\"@id\":\"https:\\\/\\\/unisale.com.br\\\/pastoral\\\/#website\"},\"primaryImageOfPage\":{\"@id\":\"https:\\\/\\\/unisale.com.br\\\/pastoral\\\/celebracao-de-pascoa-no-unisalesiano-reforca-espirito-de-comunidade-e-servico\\\/#primaryimage\"},\"image\":{\"@id\":\"https:\\\/\\\/unisale.com.br\\\/pastoral\\\/celebracao-de-pascoa-no-unisalesiano-reforca-espirito-de-comunidade-e-servico\\\/#primaryimage\"},\"thumbnailUrl\":\"https:\\\/\\\/unisale.com.br\\\/pastoral\\\/wp-content\\\/uploads\\\/2025\\\/04\\\/a.jpg\",\"datePublished\":\"2025-04-30T13:45:36+00:00\",\"author\":{\"@id\":\"https:\\\/\\\/unisale.com.br\\\/pastoral\\\/#\\\/schema\\\/person\\\/a16ba711a0f7dec9cb6b44563144d5a3\"},\"inLanguage\":\"pt-BR\",\"potentialAction\":[{\"@type\":\"ReadAction\",\"target\":[\"https:\\\/\\\/unisale.com.br\\\/pastoral\\\/celebracao-de-pascoa-no-unisalesiano-reforca-espirito-de-comunidade-e-servico\\\/\"]}]},{\"@type\":\"ImageObject\",\"inLanguage\":\"pt-BR\",\"@id\":\"https:\\\/\\\/unisale.com.br\\\/pastoral\\\/celebracao-de-pascoa-no-unisalesiano-reforca-espirito-de-comunidade-e-servico\\\/#primaryimage\",\"url\":\"https:\\\/\\\/unisale.com.br\\\/pastoral\\\/wp-content\\\/uploads\\\/2025\\\/04\\\/a.jpg\",\"contentUrl\":\"https:\\\/\\\/unisale.com.br\\\/pastoral\\\/wp-content\\\/uploads\\\/2025\\\/04\\\/a.jpg\",\"width\":750,\"height\":500},{\"@type\":\"WebSite\",\"@id\":\"https:\\\/\\\/unisale.com.br\\\/pastoral\\\/#website\",\"url\":\"https:\\\/\\\/unisale.com.br\\\/pastoral\\\/\",\"name\":\"Pastoral Universit\u00e1ria UniSALESIANO\",\"description\":\"Site da Pastoral Universit\u00e1ria do UniSALESIANO\",\"potentialAction\":[{\"@type\":\"SearchAction\",\"target\":{\"@type\":\"EntryPoint\",\"urlTemplate\":\"https:\\\/\\\/unisale.com.br\\\/pastoral\\\/?s={search_term_string}\"},\"query-input\":{\"@type\":\"PropertyValueSpecification\",\"valueRequired\":true,\"valueName\":\"search_term_string\"}}],\"inLanguage\":\"pt-BR\"},{\"@type\":\"Person\",\"@id\":\"https:\\\/\\\/unisale.com.br\\\/pastoral\\\/#\\\/schema\\\/person\\\/a16ba711a0f7dec9cb6b44563144d5a3\",\"name\":\"pastoral\",\"url\":\"https:\\\/\\\/unisale.com.br\\\/pastoral\\\/author\\\/pastoral\\\/\"}]}<\/script>\n<!-- \/ Yoast SEO plugin. -->","yoast_head_json":{"title":"Celebra\u00e7\u00e3o de P\u00e1scoa no UniSALESIANO refor\u00e7a esp\u00edrito de comunidade e servi\u00e7o - Pastoral Universit\u00e1ria UniSALESIANO","robots":{"index":"index","follow":"follow","max-snippet":"max-snippet:-1","max-image-preview":"max-image-preview:large","max-video-preview":"max-video-preview:-1"},"canonical":"https:\/\/unisale.com.br\/pastoral\/celebracao-de-pascoa-no-unisalesiano-reforca-espirito-de-comunidade-e-servico\/","og_locale":"pt_BR","og_type":"article","og_title":"Celebra\u00e7\u00e3o de P\u00e1scoa no UniSALESIANO refor\u00e7a esp\u00edrito de comunidade e servi\u00e7o - Pastoral Universit\u00e1ria UniSALESIANO","og_description":"Com momentos de espiritualidade, reflex\u00e3o e confraterniza\u00e7\u00e3o, o\u00a0UniSALESIANO celebrou a P\u00e1scoa\u00a0no dia 10 de abril, no audit\u00f3rio Papa Francisco. A ocasi\u00e3o reuniu os colaboradores e...","og_url":"https:\/\/unisale.com.br\/pastoral\/celebracao-de-pascoa-no-unisalesiano-reforca-espirito-de-comunidade-e-servico\/","og_site_name":"Pastoral Universit\u00e1ria UniSALESIANO","article_published_time":"2025-04-30T13:45:36+00:00","og_image":[{"width":768,"height":512,"url":"https:\/\/unisale.com.br\/pastoral\/wp-content\/uploads\/2025\/04\/a.jpg","type":"image\/jpeg"}],"author":"pastoral","twitter_card":"summary_large_image","twitter_misc":{"Escrito por":"pastoral","Est. tempo de leitura":"2 minutos"},"schema":{"@context":"https:\/\/schema.org","@graph":[{"@type":"Article","@id":"https:\/\/unisale.com.br\/pastoral\/celebracao-de-pascoa-no-unisalesiano-reforca-espirito-de-comunidade-e-servico\/#article","isPartOf":{"@id":"https:\/\/unisale.com.br\/pastoral\/celebracao-de-pascoa-no-unisalesiano-reforca-espirito-de-comunidade-e-servico\/"},"author":{"name":"pastoral","@id":"https:\/\/unisale.com.br\/pastoral\/#\/schema\/person\/a16ba711a0f7dec9cb6b44563144d5a3"},"headline":"Celebra\u00e7\u00e3o de P\u00e1scoa no UniSALESIANO refor\u00e7a esp\u00edrito de comunidade e servi\u00e7o","datePublished":"2025-04-30T13:45:36+00:00","mainEntityOfPage":{"@id":"https:\/\/unisale.com.br\/pastoral\/celebracao-de-pascoa-no-unisalesiano-reforca-espirito-de-comunidade-e-servico\/"},"wordCount":338,"image":{"@id":"https:\/\/unisale.com.br\/pastoral\/celebracao-de-pascoa-no-unisalesiano-reforca-espirito-de-comunidade-e-servico\/#primaryimage"},"thumbnailUrl":"https:\/\/unisale.com.br\/pastoral\/wp-content\/uploads\/2025\/04\/a.jpg","articleSection":["Not\u00edcias"],"inLanguage":"pt-BR"},{"@type":"WebPage","@id":"https:\/\/unisale.com.br\/pastoral\/celebracao-de-pascoa-no-unisalesiano-reforca-espirito-de-comunidade-e-servico\/","url":"https:\/\/unisale.com.br\/pastoral\/celebracao-de-pascoa-no-unisalesiano-reforca-espirito-de-comunidade-e-servico\/","name":"Celebra\u00e7\u00e3o de P\u00e1scoa no UniSALESIANO refor\u00e7a esp\u00edrito de comunidade e servi\u00e7o - Pastoral Universit\u00e1ria UniSALESIANO","isPartOf":{"@id":"https:\/\/unisale.com.br\/pastoral\/#website"},"primaryImageOfPage":{"@id":"https:\/\/unisale.com.br\/pastoral\/celebracao-de-pascoa-no-unisalesiano-reforca-espirito-de-comunidade-e-servico\/#primaryimage"},"image":{"@id":"https:\/\/unisale.com.br\/pastoral\/celebracao-de-pascoa-no-unisalesiano-reforca-espirito-de-comunidade-e-servico\/#primaryimage"},"thumbnailUrl":"https:\/\/unisale.com.br\/pastoral\/wp-content\/uploads\/2025\/04\/a.jpg","datePublished":"2025-04-30T13:45:36+00:00","author":{"@id":"https:\/\/unisale.com.br\/pastoral\/#\/schema\/person\/a16ba711a0f7dec9cb6b44563144d5a3"},"inLanguage":"pt-BR","potentialAction":[{"@type":"ReadAction","target":["https:\/\/unisale.com.br\/pastoral\/celebracao-de-pascoa-no-unisalesiano-reforca-espirito-de-comunidade-e-servico\/"]}]},{"@type":"ImageObject","inLanguage":"pt-BR","@id":"https:\/\/unisale.com.br\/pastoral\/celebracao-de-pascoa-no-unisalesiano-reforca-espirito-de-comunidade-e-servico\/#primaryimage","url":"https:\/\/unisale.com.br\/pastoral\/wp-content\/uploads\/2025\/04\/a.jpg","contentUrl":"https:\/\/unisale.com.br\/pastoral\/wp-content\/uploads\/2025\/04\/a.jpg","width":750,"height":500},{"@type":"WebSite","@id":"https:\/\/unisale.com.br\/pastoral\/#website","url":"https:\/\/unisale.com.br\/pastoral\/","name":"Pastoral Universit\u00e1ria UniSALESIANO","description":"Site da Pastoral Universit\u00e1ria do UniSALESIANO","potentialAction":[{"@type":"SearchAction","target":{"@type":"EntryPoint","urlTemplate":"https:\/\/unisale.com.br\/pastoral\/?s={search_term_string}"},"query-input":{"@type":"PropertyValueSpecification","valueRequired":true,"valueName":"search_term_string"}}],"inLanguage":"pt-BR"},{"@type":"Person","@id":"https:\/\/unisale.com.br\/pastoral\/#\/schema\/person\/a16ba711a0f7dec9cb6b44563144d5a3","name":"pastoral","url":"https:\/\/unisale.com.br\/pastoral\/author\/pastoral\/"}]}},"_links":{"self":[{"href":"https:\/\/unisale.com.br\/pastoral\/wp-json\/wp\/v2\/posts\/12373","targetHints":{"allow":["GET"]}}],"collection":[{"href":"https:\/\/unisale.com.br\/pastoral\/wp-json\/wp\/v2\/posts"}],"about":[{"href":"https:\/\/unisale.com.br\/pastoral\/wp-json\/wp\/v2\/types\/post"}],"author":[{"embeddable":true,"href":"https:\/\/unisale.com.br\/pastoral\/wp-json\/wp\/v2\/users\/1"}],"replies":[{"embeddable":true,"href":"https:\/\/unisale.com.br\/pastoral\/wp-json\/wp\/v2\/comments?post=12373"}],"version-history":[{"count":1,"href":"https:\/\/unisale.com.br\/pastoral\/wp-json\/wp\/v2\/posts\/12373\/revisions"}],"predecessor-version":[{"id":12398,"href":"https:\/\/unisale.com.br\/pastoral\/wp-json\/wp\/v2\/posts\/12373\/revisions\/12398"}],"wp:featuredmedia":[{"embeddable":true,"href":"https:\/\/unisale.com.br\/pastoral\/wp-json\/wp\/v2\/media\/12374"}],"wp:attachment":[{"href":"https:\/\/unisale.com.br\/pastoral\/wp-json\/wp\/v2\/media?parent=12373"}],"wp:term":[{"taxonomy":"category","embeddable":true,"href":"https:\/\/unisale.com.br\/pastoral\/wp-json\/wp\/v2\/categories?post=12373"},{"taxonomy":"post_tag","embeddable":true,"href":"https:\/\/unisale.com.br\/pastoral\/wp-json\/wp\/v2\/tags?post=12373"}],"curies":[{"name":"wp","href":"https:\/\/api.w.org\/{rel}","templated":true}]}}