{"id":12399,"date":"2025-04-30T14:12:07","date_gmt":"2025-04-30T14:12:07","guid":{"rendered":"https:\/\/unisale.com.br\/pastoral\/?p=12399"},"modified":"2025-04-30T14:12:20","modified_gmt":"2025-04-30T14:12:20","slug":"reitor-do-unisalesiano-pe-paulo-vendrame-participa-do-funeral-do-papa-francisco","status":"publish","type":"post","link":"https:\/\/unisale.com.br\/pastoral\/reitor-do-unisalesiano-pe-paulo-vendrame-participa-do-funeral-do-papa-francisco\/","title":{"rendered":"Reitor do UniSALESIANO, Pe. Paulo Vendrame, participa do funeral do Papa Francisco"},"content":{"rendered":"<p>O\u00a0<strong>Reitor do UniSALESIANO, Pe. Paulo Fernando Vendrame, SDB,<\/strong>\u00a0esteve presente nesta quarta-feira (23) na Bas\u00edlica de S\u00e3o Pedro, no Vaticano, para prestar suas \u00faltimas homenagens ao\u00a0<strong>Papa Francisco<\/strong>, falecido no \u00faltimo dia 21 de abril, aos 88 anos, v\u00edtima de um acidente vascular cerebral e insufici\u00eancia card\u00edaca.<\/p>\n<p>Pe. Paulo uniu-se a milhares de fi\u00e9is e l\u00edderes religiosos de todo o mundo em um momento de ora\u00e7\u00e3o e reflex\u00e3o diante do corpo do pont\u00edfice.<\/p>\n<p>Em suas palavras, o Reitor destacou o legado de Francisco como o\u00a0<strong>\u201cPapa da miseric\u00f3rdia\u201d,<\/strong>\u00a0lembrando sua dedica\u00e7\u00e3o \u00e0 promo\u00e7\u00e3o do perd\u00e3o, da paz e da justi\u00e7a social. \u201cEle nos ensinou a cuidar da nossa casa comum, a educar com responsabilidade e a viver a f\u00e9 com simplicidade e coragem\u201d, afirmou.<\/p>\n<p>O funeral oficial do Papa Francisco est\u00e1 marcado para s\u00e1bado, 26 de abril, \u00e0s 10h (hor\u00e1rio local de Roma), na Pra\u00e7a de S\u00e3o Pedro. A cerim\u00f4nia ser\u00e1 presidida pelo cardeal Giovanni Battista e contar\u00e1 com a presen\u00e7a de autoridades eclesi\u00e1sticas e civis de diversos pa\u00edses<\/p>\n<p>&nbsp;<\/p>\n<p><img fetchpriority=\"high\" decoding=\"async\" class=\"size-full wp-image-12414 aligncenter\" src=\"https:\/\/unisale.com.br\/pastoral\/wp-content\/uploads\/2025\/04\/WhatsApp-Image-2025-04-23-at-11.01.22-3-768x1024-1.jpeg\" alt=\"\" width=\"768\" height=\"1024\" srcset=\"https:\/\/unisale.com.br\/pastoral\/wp-content\/uploads\/2025\/04\/WhatsApp-Image-2025-04-23-at-11.01.22-3-768x1024-1.jpeg 375w, https:\/\/unisale.com.br\/pastoral\/wp-content\/uploads\/2025\/04\/WhatsApp-Image-2025-04-23-at-11.01.22-3-768x1024-1-225x300.jpeg 225w\" sizes=\"(max-width: 768px) 100vw, 768px\" \/><\/p>\n\n\t\t<style type=\"text\/css\">\n\t\t\t#gallery-1 {\n\t\t\t\tmargin: auto;\n\t\t\t}\n\t\t\t#gallery-1 .gallery-item {\n\t\t\t\tfloat: left;\n\t\t\t\tmargin-top: 10px;\n\t\t\t\ttext-align: center;\n\t\t\t\twidth: 33%;\n\t\t\t}\n\t\t\t#gallery-1 img {\n\t\t\t\tborder: 2px solid #cfcfcf;\n\t\t\t}\n\t\t\t#gallery-1 .gallery-caption {\n\t\t\t\tmargin-left: 0;\n\t\t\t}\n\t\t\t\/* see gallery_shortcode() in wp-includes\/media.php *\/\n\t\t<\/style>\n\t\t<div id='gallery-1' class='gallery galleryid-12399 gallery-columns-3 gallery-size-thumbnail'><dl class='gallery-item'>\n\t\t\t<dt class='gallery-icon portrait'>\n\t\t\t\t<a href='https:\/\/unisale.com.br\/pastoral\/reitor-do-unisalesiano-pe-paulo-vendrame-participa-do-funeral-do-papa-francisco\/whatsapp-image-2025-04-23-at-14-17-53-1-1-768x1024\/'><img decoding=\"async\" width=\"150\" height=\"150\" src=\"https:\/\/unisale.com.br\/pastoral\/wp-content\/uploads\/2025\/04\/WhatsApp-Image-2025-04-23-at-14.17.53-1-1-768x1024-1-150x150.jpeg\" class=\"attachment-thumbnail size-thumbnail\" alt=\"\" \/><\/a>\n\t\t\t<\/dt><\/dl><dl class='gallery-item'>\n\t\t\t<dt class='gallery-icon portrait'>\n\t\t\t\t<a href='https:\/\/unisale.com.br\/pastoral\/reitor-do-unisalesiano-pe-paulo-vendrame-participa-do-funeral-do-papa-francisco\/whatsapp-image-2025-04-23-at-14-19-10-3-768x1024\/'><img decoding=\"async\" width=\"150\" height=\"150\" src=\"https:\/\/unisale.com.br\/pastoral\/wp-content\/uploads\/2025\/04\/WhatsApp-Image-2025-04-23-at-14.19.10-3-768x1024-1-150x150.jpeg\" class=\"attachment-thumbnail size-thumbnail\" alt=\"\" \/><\/a>\n\t\t\t<\/dt><\/dl><dl class='gallery-item'>\n\t\t\t<dt class='gallery-icon portrait'>\n\t\t\t\t<a href='https:\/\/unisale.com.br\/pastoral\/reitor-do-unisalesiano-pe-paulo-vendrame-participa-do-funeral-do-papa-francisco\/whatsapp-image-2025-04-23-at-14-17-54-2-768x1024\/'><img loading=\"lazy\" decoding=\"async\" width=\"150\" height=\"150\" src=\"https:\/\/unisale.com.br\/pastoral\/wp-content\/uploads\/2025\/04\/WhatsApp-Image-2025-04-23-at-14.17.54-2-768x1024-1-150x150.jpeg\" class=\"attachment-thumbnail size-thumbnail\" alt=\"\" \/><\/a>\n\t\t\t<\/dt><\/dl><br style=\"clear: both\" \/><dl class='gallery-item'>\n\t\t\t<dt class='gallery-icon portrait'>\n\t\t\t\t<a href='https:\/\/unisale.com.br\/pastoral\/reitor-do-unisalesiano-pe-paulo-vendrame-participa-do-funeral-do-papa-francisco\/whatsapp-image-2025-04-23-at-14-17-54-1-768x1024\/'><img loading=\"lazy\" decoding=\"async\" width=\"150\" height=\"150\" src=\"https:\/\/unisale.com.br\/pastoral\/wp-content\/uploads\/2025\/04\/WhatsApp-Image-2025-04-23-at-14.17.54-1-768x1024-1-150x150.jpeg\" class=\"attachment-thumbnail size-thumbnail\" alt=\"\" \/><\/a>\n\t\t\t<\/dt><\/dl><dl class='gallery-item'>\n\t\t\t<dt class='gallery-icon landscape'>\n\t\t\t\t<a href='https:\/\/unisale.com.br\/pastoral\/reitor-do-unisalesiano-pe-paulo-vendrame-participa-do-funeral-do-papa-francisco\/whatsapp-image-2025-04-23-at-14-17-54-1024x768\/'><img loading=\"lazy\" decoding=\"async\" width=\"150\" height=\"150\" src=\"https:\/\/unisale.com.br\/pastoral\/wp-content\/uploads\/2025\/04\/WhatsApp-Image-2025-04-23-at-14.17.54-1024x768-1-150x150.jpeg\" class=\"attachment-thumbnail size-thumbnail\" alt=\"\" \/><\/a>\n\t\t\t<\/dt><\/dl><dl class='gallery-item'>\n\t\t\t<dt class='gallery-icon portrait'>\n\t\t\t\t<a href='https:\/\/unisale.com.br\/pastoral\/reitor-do-unisalesiano-pe-paulo-vendrame-participa-do-funeral-do-papa-francisco\/attachment\/12410\/'><img loading=\"lazy\" decoding=\"async\" width=\"150\" height=\"150\" src=\"https:\/\/unisale.com.br\/pastoral\/wp-content\/uploads\/2025\/04\/unnamed-file-150x150.jpeg\" class=\"attachment-thumbnail size-thumbnail\" alt=\"\" \/><\/a>\n\t\t\t<\/dt><\/dl><br style=\"clear: both\" \/><dl class='gallery-item'>\n\t\t\t<dt class='gallery-icon portrait'>\n\t\t\t\t<a href='https:\/\/unisale.com.br\/pastoral\/reitor-do-unisalesiano-pe-paulo-vendrame-participa-do-funeral-do-papa-francisco\/whatsapp-image-2025-04-23-at-14-17-53-2-768x1024\/'><img loading=\"lazy\" decoding=\"async\" width=\"150\" height=\"150\" src=\"https:\/\/unisale.com.br\/pastoral\/wp-content\/uploads\/2025\/04\/WhatsApp-Image-2025-04-23-at-14.17.53-2-768x1024-1-150x150.jpeg\" class=\"attachment-thumbnail size-thumbnail\" alt=\"\" \/><\/a>\n\t\t\t<\/dt><\/dl><dl class='gallery-item'>\n\t\t\t<dt class='gallery-icon portrait'>\n\t\t\t\t<a href='https:\/\/unisale.com.br\/pastoral\/reitor-do-unisalesiano-pe-paulo-vendrame-participa-do-funeral-do-papa-francisco\/whatsapp-image-2025-04-23-at-14-17-53-768x1024\/'><img loading=\"lazy\" decoding=\"async\" width=\"150\" height=\"150\" src=\"https:\/\/unisale.com.br\/pastoral\/wp-content\/uploads\/2025\/04\/WhatsApp-Image-2025-04-23-at-14.17.53-768x1024-1-150x150.jpeg\" class=\"attachment-thumbnail size-thumbnail\" alt=\"\" \/><\/a>\n\t\t\t<\/dt><\/dl><dl class='gallery-item'>\n\t\t\t<dt class='gallery-icon portrait'>\n\t\t\t\t<a href='https:\/\/unisale.com.br\/pastoral\/reitor-do-unisalesiano-pe-paulo-vendrame-participa-do-funeral-do-papa-francisco\/whatsapp-image-2025-04-23-at-11-01-22-1-768x1024\/'><img loading=\"lazy\" decoding=\"async\" width=\"150\" height=\"150\" src=\"https:\/\/unisale.com.br\/pastoral\/wp-content\/uploads\/2025\/04\/WhatsApp-Image-2025-04-23-at-11.01.22-1-768x1024-1-150x150.jpeg\" class=\"attachment-thumbnail size-thumbnail\" alt=\"\" \/><\/a>\n\t\t\t<\/dt><\/dl><br style=\"clear: both\" \/><dl class='gallery-item'>\n\t\t\t<dt class='gallery-icon portrait'>\n\t\t\t\t<a href='https:\/\/unisale.com.br\/pastoral\/reitor-do-unisalesiano-pe-paulo-vendrame-participa-do-funeral-do-papa-francisco\/whatsapp-image-2025-04-23-at-11-01-22-768x1024\/'><img loading=\"lazy\" decoding=\"async\" width=\"150\" height=\"150\" src=\"https:\/\/unisale.com.br\/pastoral\/wp-content\/uploads\/2025\/04\/WhatsApp-Image-2025-04-23-at-11.01.22-768x1024-1-150x150.jpeg\" class=\"attachment-thumbnail size-thumbnail\" alt=\"\" \/><\/a>\n\t\t\t<\/dt><\/dl><dl class='gallery-item'>\n\t\t\t<dt class='gallery-icon portrait'>\n\t\t\t\t<a href='https:\/\/unisale.com.br\/pastoral\/reitor-do-unisalesiano-pe-paulo-vendrame-participa-do-funeral-do-papa-francisco\/whatsapp-image-2025-04-23-at-11-01-21-2-768x1024\/'><img loading=\"lazy\" decoding=\"async\" width=\"150\" height=\"150\" src=\"https:\/\/unisale.com.br\/pastoral\/wp-content\/uploads\/2025\/04\/WhatsApp-Image-2025-04-23-at-11.01.21-2-768x1024-1-150x150.jpeg\" class=\"attachment-thumbnail size-thumbnail\" alt=\"\" \/><\/a>\n\t\t\t<\/dt><\/dl><dl class='gallery-item'>\n\t\t\t<dt class='gallery-icon portrait'>\n\t\t\t\t<a href='https:\/\/unisale.com.br\/pastoral\/reitor-do-unisalesiano-pe-paulo-vendrame-participa-do-funeral-do-papa-francisco\/whatsapp-image-2025-04-23-at-11-01-21-1-768x1024\/'><img loading=\"lazy\" decoding=\"async\" width=\"150\" height=\"150\" src=\"https:\/\/unisale.com.br\/pastoral\/wp-content\/uploads\/2025\/04\/WhatsApp-Image-2025-04-23-at-11.01.21-1-768x1024-1-150x150.jpeg\" class=\"attachment-thumbnail size-thumbnail\" alt=\"\" \/><\/a>\n\t\t\t<\/dt><\/dl><br style=\"clear: both\" \/>\n\t\t<\/div>\n\n","protected":false},"excerpt":{"rendered":"<p>O\u00a0Reitor do UniSALESIANO, Pe. Paulo Fernando Vendrame, SDB,\u00a0esteve presente nesta quarta-feira (23) na Bas\u00edlica de S\u00e3o Pedro, no Vaticano, para prestar suas \u00faltimas homenagens ao\u00a0Papa&#8230;<\/p>\n","protected":false},"author":1,"featured_media":12400,"comment_status":"closed","ping_status":"closed","sticky":false,"template":"","format":"standard","meta":{"_acf_changed":false,"footnotes":""},"categories":[3],"tags":[],"class_list":["post-12399","post","type-post","status-publish","format-standard","has-post-thumbnail","hentry","category-not"],"acf":[],"yoast_head":"<!-- This site is optimized with the Yoast SEO plugin v27.3 - https:\/\/yoast.com\/product\/yoast-seo-wordpress\/ -->\n<title>Reitor do UniSALESIANO, Pe. Paulo Vendrame, participa do funeral do Papa Francisco - Pastoral Universit\u00e1ria UniSALESIANO<\/title>\n<meta name=\"robots\" content=\"index, follow, max-snippet:-1, max-image-preview:large, max-video-preview:-1\" \/>\n<link rel=\"canonical\" href=\"https:\/\/unisale.com.br\/pastoral\/reitor-do-unisalesiano-pe-paulo-vendrame-participa-do-funeral-do-papa-francisco\/\" \/>\n<meta property=\"og:locale\" content=\"pt_BR\" \/>\n<meta property=\"og:type\" content=\"article\" \/>\n<meta property=\"og:title\" content=\"Reitor do UniSALESIANO, Pe. Paulo Vendrame, participa do funeral do Papa Francisco - Pastoral Universit\u00e1ria UniSALESIANO\" \/>\n<meta property=\"og:description\" content=\"O\u00a0Reitor do UniSALESIANO, Pe. Paulo Fernando Vendrame, SDB,\u00a0esteve presente nesta quarta-feira (23) na Bas\u00edlica de S\u00e3o Pedro, no Vaticano, para prestar suas \u00faltimas homenagens ao\u00a0Papa...\" \/>\n<meta property=\"og:url\" content=\"https:\/\/unisale.com.br\/pastoral\/reitor-do-unisalesiano-pe-paulo-vendrame-participa-do-funeral-do-papa-francisco\/\" \/>\n<meta property=\"og:site_name\" content=\"Pastoral Universit\u00e1ria UniSALESIANO\" \/>\n<meta property=\"article:published_time\" content=\"2025-04-30T14:12:07+00:00\" \/>\n<meta property=\"article:modified_time\" content=\"2025-04-30T14:12:20+00:00\" \/>\n<meta property=\"og:image\" content=\"https:\/\/unisale.com.br\/pastoral\/wp-content\/uploads\/2025\/04\/WhatsApp-Image-2025-04-23-at-14.17.53-1-768x990-1.jpeg\" \/>\n\t<meta property=\"og:image:width\" content=\"768\" \/>\n\t<meta property=\"og:image:height\" content=\"990\" \/>\n\t<meta property=\"og:image:type\" content=\"image\/jpeg\" \/>\n<meta name=\"author\" content=\"pastoral\" \/>\n<meta name=\"twitter:card\" content=\"summary_large_image\" \/>\n<meta name=\"twitter:label1\" content=\"Escrito por\" \/>\n\t<meta name=\"twitter:data1\" content=\"pastoral\" \/>\n\t<meta name=\"twitter:label2\" content=\"Est. tempo de leitura\" \/>\n\t<meta name=\"twitter:data2\" content=\"2 minutos\" \/>\n<script type=\"application\/ld+json\" class=\"yoast-schema-graph\">{\"@context\":\"https:\\\/\\\/schema.org\",\"@graph\":[{\"@type\":\"Article\",\"@id\":\"https:\\\/\\\/unisale.com.br\\\/pastoral\\\/reitor-do-unisalesiano-pe-paulo-vendrame-participa-do-funeral-do-papa-francisco\\\/#article\",\"isPartOf\":{\"@id\":\"https:\\\/\\\/unisale.com.br\\\/pastoral\\\/reitor-do-unisalesiano-pe-paulo-vendrame-participa-do-funeral-do-papa-francisco\\\/\"},\"author\":{\"name\":\"pastoral\",\"@id\":\"https:\\\/\\\/unisale.com.br\\\/pastoral\\\/#\\\/schema\\\/person\\\/a16ba711a0f7dec9cb6b44563144d5a3\"},\"headline\":\"Reitor do UniSALESIANO, Pe. Paulo Vendrame, participa do funeral do Papa Francisco\",\"datePublished\":\"2025-04-30T14:12:07+00:00\",\"dateModified\":\"2025-04-30T14:12:20+00:00\",\"mainEntityOfPage\":{\"@id\":\"https:\\\/\\\/unisale.com.br\\\/pastoral\\\/reitor-do-unisalesiano-pe-paulo-vendrame-participa-do-funeral-do-papa-francisco\\\/\"},\"wordCount\":203,\"image\":{\"@id\":\"https:\\\/\\\/unisale.com.br\\\/pastoral\\\/reitor-do-unisalesiano-pe-paulo-vendrame-participa-do-funeral-do-papa-francisco\\\/#primaryimage\"},\"thumbnailUrl\":\"https:\\\/\\\/unisale.com.br\\\/pastoral\\\/wp-content\\\/uploads\\\/2025\\\/04\\\/WhatsApp-Image-2025-04-23-at-14.17.53-1-768x990-1.jpeg\",\"articleSection\":[\"Not\u00edcias\"],\"inLanguage\":\"pt-BR\"},{\"@type\":\"WebPage\",\"@id\":\"https:\\\/\\\/unisale.com.br\\\/pastoral\\\/reitor-do-unisalesiano-pe-paulo-vendrame-participa-do-funeral-do-papa-francisco\\\/\",\"url\":\"https:\\\/\\\/unisale.com.br\\\/pastoral\\\/reitor-do-unisalesiano-pe-paulo-vendrame-participa-do-funeral-do-papa-francisco\\\/\",\"name\":\"Reitor do UniSALESIANO, Pe. Paulo Vendrame, participa do funeral do Papa Francisco - Pastoral Universit\u00e1ria UniSALESIANO\",\"isPartOf\":{\"@id\":\"https:\\\/\\\/unisale.com.br\\\/pastoral\\\/#website\"},\"primaryImageOfPage\":{\"@id\":\"https:\\\/\\\/unisale.com.br\\\/pastoral\\\/reitor-do-unisalesiano-pe-paulo-vendrame-participa-do-funeral-do-papa-francisco\\\/#primaryimage\"},\"image\":{\"@id\":\"https:\\\/\\\/unisale.com.br\\\/pastoral\\\/reitor-do-unisalesiano-pe-paulo-vendrame-participa-do-funeral-do-papa-francisco\\\/#primaryimage\"},\"thumbnailUrl\":\"https:\\\/\\\/unisale.com.br\\\/pastoral\\\/wp-content\\\/uploads\\\/2025\\\/04\\\/WhatsApp-Image-2025-04-23-at-14.17.53-1-768x990-1.jpeg\",\"datePublished\":\"2025-04-30T14:12:07+00:00\",\"dateModified\":\"2025-04-30T14:12:20+00:00\",\"author\":{\"@id\":\"https:\\\/\\\/unisale.com.br\\\/pastoral\\\/#\\\/schema\\\/person\\\/a16ba711a0f7dec9cb6b44563144d5a3\"},\"inLanguage\":\"pt-BR\",\"potentialAction\":[{\"@type\":\"ReadAction\",\"target\":[\"https:\\\/\\\/unisale.com.br\\\/pastoral\\\/reitor-do-unisalesiano-pe-paulo-vendrame-participa-do-funeral-do-papa-francisco\\\/\"]}]},{\"@type\":\"ImageObject\",\"inLanguage\":\"pt-BR\",\"@id\":\"https:\\\/\\\/unisale.com.br\\\/pastoral\\\/reitor-do-unisalesiano-pe-paulo-vendrame-participa-do-funeral-do-papa-francisco\\\/#primaryimage\",\"url\":\"https:\\\/\\\/unisale.com.br\\\/pastoral\\\/wp-content\\\/uploads\\\/2025\\\/04\\\/WhatsApp-Image-2025-04-23-at-14.17.53-1-768x990-1.jpeg\",\"contentUrl\":\"https:\\\/\\\/unisale.com.br\\\/pastoral\\\/wp-content\\\/uploads\\\/2025\\\/04\\\/WhatsApp-Image-2025-04-23-at-14.17.53-1-768x990-1.jpeg\",\"width\":388,\"height\":500},{\"@type\":\"WebSite\",\"@id\":\"https:\\\/\\\/unisale.com.br\\\/pastoral\\\/#website\",\"url\":\"https:\\\/\\\/unisale.com.br\\\/pastoral\\\/\",\"name\":\"Pastoral Universit\u00e1ria UniSALESIANO\",\"description\":\"Site da Pastoral Universit\u00e1ria do UniSALESIANO\",\"potentialAction\":[{\"@type\":\"SearchAction\",\"target\":{\"@type\":\"EntryPoint\",\"urlTemplate\":\"https:\\\/\\\/unisale.com.br\\\/pastoral\\\/?s={search_term_string}\"},\"query-input\":{\"@type\":\"PropertyValueSpecification\",\"valueRequired\":true,\"valueName\":\"search_term_string\"}}],\"inLanguage\":\"pt-BR\"},{\"@type\":\"Person\",\"@id\":\"https:\\\/\\\/unisale.com.br\\\/pastoral\\\/#\\\/schema\\\/person\\\/a16ba711a0f7dec9cb6b44563144d5a3\",\"name\":\"pastoral\",\"url\":\"https:\\\/\\\/unisale.com.br\\\/pastoral\\\/author\\\/pastoral\\\/\"}]}<\/script>\n<!-- \/ Yoast SEO plugin. -->","yoast_head_json":{"title":"Reitor do UniSALESIANO, Pe. Paulo Vendrame, participa do funeral do Papa Francisco - Pastoral Universit\u00e1ria UniSALESIANO","robots":{"index":"index","follow":"follow","max-snippet":"max-snippet:-1","max-image-preview":"max-image-preview:large","max-video-preview":"max-video-preview:-1"},"canonical":"https:\/\/unisale.com.br\/pastoral\/reitor-do-unisalesiano-pe-paulo-vendrame-participa-do-funeral-do-papa-francisco\/","og_locale":"pt_BR","og_type":"article","og_title":"Reitor do UniSALESIANO, Pe. Paulo Vendrame, participa do funeral do Papa Francisco - Pastoral Universit\u00e1ria UniSALESIANO","og_description":"O\u00a0Reitor do UniSALESIANO, Pe. Paulo Fernando Vendrame, SDB,\u00a0esteve presente nesta quarta-feira (23) na Bas\u00edlica de S\u00e3o Pedro, no Vaticano, para prestar suas \u00faltimas homenagens ao\u00a0Papa...","og_url":"https:\/\/unisale.com.br\/pastoral\/reitor-do-unisalesiano-pe-paulo-vendrame-participa-do-funeral-do-papa-francisco\/","og_site_name":"Pastoral Universit\u00e1ria UniSALESIANO","article_published_time":"2025-04-30T14:12:07+00:00","article_modified_time":"2025-04-30T14:12:20+00:00","og_image":[{"width":768,"height":990,"url":"https:\/\/unisale.com.br\/pastoral\/wp-content\/uploads\/2025\/04\/WhatsApp-Image-2025-04-23-at-14.17.53-1-768x990-1.jpeg","type":"image\/jpeg"}],"author":"pastoral","twitter_card":"summary_large_image","twitter_misc":{"Escrito por":"pastoral","Est. tempo de leitura":"2 minutos"},"schema":{"@context":"https:\/\/schema.org","@graph":[{"@type":"Article","@id":"https:\/\/unisale.com.br\/pastoral\/reitor-do-unisalesiano-pe-paulo-vendrame-participa-do-funeral-do-papa-francisco\/#article","isPartOf":{"@id":"https:\/\/unisale.com.br\/pastoral\/reitor-do-unisalesiano-pe-paulo-vendrame-participa-do-funeral-do-papa-francisco\/"},"author":{"name":"pastoral","@id":"https:\/\/unisale.com.br\/pastoral\/#\/schema\/person\/a16ba711a0f7dec9cb6b44563144d5a3"},"headline":"Reitor do UniSALESIANO, Pe. Paulo Vendrame, participa do funeral do Papa Francisco","datePublished":"2025-04-30T14:12:07+00:00","dateModified":"2025-04-30T14:12:20+00:00","mainEntityOfPage":{"@id":"https:\/\/unisale.com.br\/pastoral\/reitor-do-unisalesiano-pe-paulo-vendrame-participa-do-funeral-do-papa-francisco\/"},"wordCount":203,"image":{"@id":"https:\/\/unisale.com.br\/pastoral\/reitor-do-unisalesiano-pe-paulo-vendrame-participa-do-funeral-do-papa-francisco\/#primaryimage"},"thumbnailUrl":"https:\/\/unisale.com.br\/pastoral\/wp-content\/uploads\/2025\/04\/WhatsApp-Image-2025-04-23-at-14.17.53-1-768x990-1.jpeg","articleSection":["Not\u00edcias"],"inLanguage":"pt-BR"},{"@type":"WebPage","@id":"https:\/\/unisale.com.br\/pastoral\/reitor-do-unisalesiano-pe-paulo-vendrame-participa-do-funeral-do-papa-francisco\/","url":"https:\/\/unisale.com.br\/pastoral\/reitor-do-unisalesiano-pe-paulo-vendrame-participa-do-funeral-do-papa-francisco\/","name":"Reitor do UniSALESIANO, Pe. Paulo Vendrame, participa do funeral do Papa Francisco - Pastoral Universit\u00e1ria UniSALESIANO","isPartOf":{"@id":"https:\/\/unisale.com.br\/pastoral\/#website"},"primaryImageOfPage":{"@id":"https:\/\/unisale.com.br\/pastoral\/reitor-do-unisalesiano-pe-paulo-vendrame-participa-do-funeral-do-papa-francisco\/#primaryimage"},"image":{"@id":"https:\/\/unisale.com.br\/pastoral\/reitor-do-unisalesiano-pe-paulo-vendrame-participa-do-funeral-do-papa-francisco\/#primaryimage"},"thumbnailUrl":"https:\/\/unisale.com.br\/pastoral\/wp-content\/uploads\/2025\/04\/WhatsApp-Image-2025-04-23-at-14.17.53-1-768x990-1.jpeg","datePublished":"2025-04-30T14:12:07+00:00","dateModified":"2025-04-30T14:12:20+00:00","author":{"@id":"https:\/\/unisale.com.br\/pastoral\/#\/schema\/person\/a16ba711a0f7dec9cb6b44563144d5a3"},"inLanguage":"pt-BR","potentialAction":[{"@type":"ReadAction","target":["https:\/\/unisale.com.br\/pastoral\/reitor-do-unisalesiano-pe-paulo-vendrame-participa-do-funeral-do-papa-francisco\/"]}]},{"@type":"ImageObject","inLanguage":"pt-BR","@id":"https:\/\/unisale.com.br\/pastoral\/reitor-do-unisalesiano-pe-paulo-vendrame-participa-do-funeral-do-papa-francisco\/#primaryimage","url":"https:\/\/unisale.com.br\/pastoral\/wp-content\/uploads\/2025\/04\/WhatsApp-Image-2025-04-23-at-14.17.53-1-768x990-1.jpeg","contentUrl":"https:\/\/unisale.com.br\/pastoral\/wp-content\/uploads\/2025\/04\/WhatsApp-Image-2025-04-23-at-14.17.53-1-768x990-1.jpeg","width":388,"height":500},{"@type":"WebSite","@id":"https:\/\/unisale.com.br\/pastoral\/#website","url":"https:\/\/unisale.com.br\/pastoral\/","name":"Pastoral Universit\u00e1ria UniSALESIANO","description":"Site da Pastoral Universit\u00e1ria do UniSALESIANO","potentialAction":[{"@type":"SearchAction","target":{"@type":"EntryPoint","urlTemplate":"https:\/\/unisale.com.br\/pastoral\/?s={search_term_string}"},"query-input":{"@type":"PropertyValueSpecification","valueRequired":true,"valueName":"search_term_string"}}],"inLanguage":"pt-BR"},{"@type":"Person","@id":"https:\/\/unisale.com.br\/pastoral\/#\/schema\/person\/a16ba711a0f7dec9cb6b44563144d5a3","name":"pastoral","url":"https:\/\/unisale.com.br\/pastoral\/author\/pastoral\/"}]}},"_links":{"self":[{"href":"https:\/\/unisale.com.br\/pastoral\/wp-json\/wp\/v2\/posts\/12399","targetHints":{"allow":["GET"]}}],"collection":[{"href":"https:\/\/unisale.com.br\/pastoral\/wp-json\/wp\/v2\/posts"}],"about":[{"href":"https:\/\/unisale.com.br\/pastoral\/wp-json\/wp\/v2\/types\/post"}],"author":[{"embeddable":true,"href":"https:\/\/unisale.com.br\/pastoral\/wp-json\/wp\/v2\/users\/1"}],"replies":[{"embeddable":true,"href":"https:\/\/unisale.com.br\/pastoral\/wp-json\/wp\/v2\/comments?post=12399"}],"version-history":[{"count":1,"href":"https:\/\/unisale.com.br\/pastoral\/wp-json\/wp\/v2\/posts\/12399\/revisions"}],"predecessor-version":[{"id":12415,"href":"https:\/\/unisale.com.br\/pastoral\/wp-json\/wp\/v2\/posts\/12399\/revisions\/12415"}],"wp:featuredmedia":[{"embeddable":true,"href":"https:\/\/unisale.com.br\/pastoral\/wp-json\/wp\/v2\/media\/12400"}],"wp:attachment":[{"href":"https:\/\/unisale.com.br\/pastoral\/wp-json\/wp\/v2\/media?parent=12399"}],"wp:term":[{"taxonomy":"category","embeddable":true,"href":"https:\/\/unisale.com.br\/pastoral\/wp-json\/wp\/v2\/categories?post=12399"},{"taxonomy":"post_tag","embeddable":true,"href":"https:\/\/unisale.com.br\/pastoral\/wp-json\/wp\/v2\/tags?post=12399"}],"curies":[{"name":"wp","href":"https:\/\/api.w.org\/{rel}","templated":true}]}}