{"id":12444,"date":"2025-05-07T20:24:34","date_gmt":"2025-05-07T20:24:34","guid":{"rendered":"https:\/\/unisale.com.br\/pastoral\/?p=12444"},"modified":"2025-05-07T20:24:34","modified_gmt":"2025-05-07T20:24:34","slug":"12-05-eu-sou-a-porta-das-ovelhas","status":"publish","type":"post","link":"https:\/\/unisale.com.br\/pastoral\/12-05-eu-sou-a-porta-das-ovelhas\/","title":{"rendered":"12\/05 &#8211; Eu sou a porta das ovelhas."},"content":{"rendered":"<p>Segunda-Feira, 12 de maio de 2025.<\/p>\n<p>&nbsp;<\/p>\n<p>Evangelho (Jo 10,1-10)<\/p>\n<p>&nbsp;<\/p>\n<p><strong>\u201cEu sou a porta das ovelhas\u201d<\/strong><\/p>\n<p>&nbsp;<\/p>\n<p>Naquele tempo, disse Jesus: <sup>1<\/sup>\u201cEm verdade, em verdade vos digo, quem n\u00e3o entra no redil das ovelhas pela porta, mas sobe por outro lugar, \u00e9 ladr\u00e3o e assaltante. <sup>2<\/sup>Quem entra pela porta \u00e9 o pastor das ovelhas. <sup>3<\/sup>A esse o porteiro abre, e as ovelhas escutam a sua voz; ele chama as ovelhas pelo nome e as conduz para fora. <sup>4<\/sup>E, depois de fazer sair todas as que s\u00e3o suas, caminha \u00e0 sua frente, e as ovelhas o seguem, porque conhecem a sua voz. <sup>5<\/sup>Mas n\u00e3o seguem um estranho, antes fogem dele, porque n\u00e3o conhecem a voz dos estranhos\u201d. <sup>6<\/sup>Jesus contou-lhes esta par\u00e1bola, mas eles n\u00e3o entenderam o que ele queria dizer. <sup>7<\/sup>Ent\u00e3o Jesus continuou: \u201cEm verdade, em verdade vos digo, eu sou a porta das ovelhas. <sup>8<\/sup>Todos aqueles que vieram antes de mim s\u00e3o ladr\u00f5es e assaltantes, mas as ovelhas n\u00e3o os escutaram. <sup>9<\/sup>Eu sou a porta. Quem entrar por mim, ser\u00e1 salvo; entrar\u00e1 e sair\u00e1 e encontrar\u00e1 pastagem. <sup>10<\/sup>O ladr\u00e3o s\u00f3 vem para roubar, matar e destruir. Eu vim para que tenham vida e a tenham em abund\u00e2ncia\u201d.<\/p>\n<p>&nbsp;<\/p>\n<p><strong>Reflex\u00e3o<\/strong><\/p>\n<p>&nbsp;<\/p>\n<p>\u201cEu sou a porta das ovelhas&#8230; Ele chama cada uma por seu nome&#8230;\u201d. Se usa dar um nome aos animais dom\u00e9sticos como sinal de perten\u00e7a, perten\u00e7a \u00e0 pessoa, \u00e0 casa, \u00e0 fam\u00edlia. Para os judeus dar um nome a algu\u00e9m significava submiss\u00e3o. No livro do Genesis Deus conduz todos os animais criados a Ad\u00e3o para que ele d\u00ea nomes; assim se torna dono deles e estes devem servi-lo. Deus muda o nome de Abr\u00e3o e de Sim\u00e3o Pedro: o nome exprime a voca\u00e7\u00e3o que receberam. Tamb\u00e9m os religiosos, ainda hoje, podem mudar o nome quando entram no mosteiro. Quando Cristo disse chamar as ovelhas uma por uma, significa que d\u00e1 a cada um de n\u00f3s uma pr\u00f3pria e irrepet\u00edvel miss\u00e3o. No reino de Deus cada um \u00e9 uma pequena pedra em um grande mosaico, e nossa tarefa \u00e9 de n\u00e3o estragar o desenho completo. \u201cO ladr\u00e3o s\u00f3 vem para roubar, matar e destruir\u201d. Junto aos bedu\u00ednos o roubo dos animais \u00e9 muito frequente. \u00c9 muito comum ter um c\u00e3o de guarda, carregar as ovelhas sobre um carro e desaparecer no deserto. Na vida espiritual o ladr\u00e3o \u00e9 representado pelo esp\u00edrito maligno. De fato, o diabo n\u00e3o possui nada seu: tudo aquilo que existe foi criado por Deus, e ele pode somente apropriar-se roubando. Ele rouba de Deus tantas almas, e cada um de n\u00f3s, se considera a pr\u00f3pria experi\u00eancia, pode ver quantos belos momentos da nossa vida nos foram roubados pelo maligno. Poder\u00edamos ter feito tanto bem, e ao inv\u00e9s perdemos tempo precioso como o filho pr\u00f3digo. Se diz que o tempo \u00e9 dinheiro, e ningu\u00e9m, portanto, deseja que lhe seja roubado. Podemos parafrasear dizendo que o tempo \u00e9 oportunidade de fazer o bem, mas continuamente tem algu\u00e9m que nos arma ciladas para roub\u00e1-lo e faz\u00ea-lo pagar com interesse. N\u00e3o resta se n\u00e3o estar sempre atentos para cada escolha, cada a\u00e7\u00e3o, cada pensamento, passem somente atrav\u00e9s do cora\u00e7\u00e3o, atrav\u00e9s da verdadeira porta que \u00e9 Cristo.<\/p>\n<p><strong>Pe. Paulo Eduardo J\u00e1como, SDB.<\/strong><\/p>\n","protected":false},"excerpt":{"rendered":"<p>Segunda-Feira, 12 de maio de 2025. &nbsp; Evangelho (Jo 10,1-10) &nbsp; \u201cEu sou a porta das ovelhas\u201d &nbsp; Naquele tempo, disse Jesus: 1\u201cEm verdade, em&#8230;<\/p>\n","protected":false},"author":1,"featured_media":12445,"comment_status":"closed","ping_status":"closed","sticky":false,"template":"","format":"standard","meta":{"_acf_changed":false,"footnotes":""},"categories":[13],"tags":[],"class_list":["post-12444","post","type-post","status-publish","format-standard","has-post-thumbnail","hentry","category-reflexaodoevagelho"],"acf":[],"yoast_head":"<!-- This site is optimized with the Yoast SEO plugin v27.3 - https:\/\/yoast.com\/product\/yoast-seo-wordpress\/ -->\n<title>12\/05 - Eu sou a porta das ovelhas. - Pastoral Universit\u00e1ria UniSALESIANO<\/title>\n<meta name=\"robots\" content=\"index, follow, max-snippet:-1, max-image-preview:large, max-video-preview:-1\" \/>\n<link rel=\"canonical\" href=\"https:\/\/unisale.com.br\/pastoral\/12-05-eu-sou-a-porta-das-ovelhas\/\" \/>\n<meta property=\"og:locale\" content=\"pt_BR\" \/>\n<meta property=\"og:type\" content=\"article\" \/>\n<meta property=\"og:title\" content=\"12\/05 - Eu sou a porta das ovelhas. - Pastoral Universit\u00e1ria UniSALESIANO\" \/>\n<meta property=\"og:description\" content=\"Segunda-Feira, 12 de maio de 2025. &nbsp; Evangelho (Jo 10,1-10) &nbsp; \u201cEu sou a porta das ovelhas\u201d &nbsp; Naquele tempo, disse Jesus: 1\u201cEm verdade, em...\" \/>\n<meta property=\"og:url\" content=\"https:\/\/unisale.com.br\/pastoral\/12-05-eu-sou-a-porta-das-ovelhas\/\" \/>\n<meta property=\"og:site_name\" content=\"Pastoral Universit\u00e1ria UniSALESIANO\" \/>\n<meta property=\"article:published_time\" content=\"2025-05-07T20:24:34+00:00\" \/>\n<meta property=\"og:image\" content=\"https:\/\/unisale.com.br\/pastoral\/wp-content\/uploads\/2025\/05\/ChatGPT-Image-7-de-mai.-de-2025-17_24_46.png\" \/>\n\t<meta property=\"og:image:width\" content=\"1024\" \/>\n\t<meta property=\"og:image:height\" content=\"1024\" \/>\n\t<meta property=\"og:image:type\" content=\"image\/png\" \/>\n<meta name=\"author\" content=\"pastoral\" \/>\n<meta name=\"twitter:card\" content=\"summary_large_image\" \/>\n<meta name=\"twitter:label1\" content=\"Escrito por\" \/>\n\t<meta name=\"twitter:data1\" content=\"pastoral\" \/>\n\t<meta name=\"twitter:label2\" content=\"Est. tempo de leitura\" \/>\n\t<meta name=\"twitter:data2\" content=\"4 minutos\" \/>\n<script type=\"application\/ld+json\" class=\"yoast-schema-graph\">{\"@context\":\"https:\\\/\\\/schema.org\",\"@graph\":[{\"@type\":\"Article\",\"@id\":\"https:\\\/\\\/unisale.com.br\\\/pastoral\\\/12-05-eu-sou-a-porta-das-ovelhas\\\/#article\",\"isPartOf\":{\"@id\":\"https:\\\/\\\/unisale.com.br\\\/pastoral\\\/12-05-eu-sou-a-porta-das-ovelhas\\\/\"},\"author\":{\"name\":\"pastoral\",\"@id\":\"https:\\\/\\\/unisale.com.br\\\/pastoral\\\/#\\\/schema\\\/person\\\/a16ba711a0f7dec9cb6b44563144d5a3\"},\"headline\":\"12\\\/05 &#8211; Eu sou a porta das ovelhas.\",\"datePublished\":\"2025-05-07T20:24:34+00:00\",\"mainEntityOfPage\":{\"@id\":\"https:\\\/\\\/unisale.com.br\\\/pastoral\\\/12-05-eu-sou-a-porta-das-ovelhas\\\/\"},\"wordCount\":575,\"image\":{\"@id\":\"https:\\\/\\\/unisale.com.br\\\/pastoral\\\/12-05-eu-sou-a-porta-das-ovelhas\\\/#primaryimage\"},\"thumbnailUrl\":\"https:\\\/\\\/unisale.com.br\\\/pastoral\\\/wp-content\\\/uploads\\\/2025\\\/05\\\/ChatGPT-Image-7-de-mai.-de-2025-17_24_46.jpg\",\"articleSection\":[\"Reflex\u00e3o do Evangelho\"],\"inLanguage\":\"pt-BR\"},{\"@type\":\"WebPage\",\"@id\":\"https:\\\/\\\/unisale.com.br\\\/pastoral\\\/12-05-eu-sou-a-porta-das-ovelhas\\\/\",\"url\":\"https:\\\/\\\/unisale.com.br\\\/pastoral\\\/12-05-eu-sou-a-porta-das-ovelhas\\\/\",\"name\":\"12\\\/05 - Eu sou a porta das ovelhas. - Pastoral Universit\u00e1ria UniSALESIANO\",\"isPartOf\":{\"@id\":\"https:\\\/\\\/unisale.com.br\\\/pastoral\\\/#website\"},\"primaryImageOfPage\":{\"@id\":\"https:\\\/\\\/unisale.com.br\\\/pastoral\\\/12-05-eu-sou-a-porta-das-ovelhas\\\/#primaryimage\"},\"image\":{\"@id\":\"https:\\\/\\\/unisale.com.br\\\/pastoral\\\/12-05-eu-sou-a-porta-das-ovelhas\\\/#primaryimage\"},\"thumbnailUrl\":\"https:\\\/\\\/unisale.com.br\\\/pastoral\\\/wp-content\\\/uploads\\\/2025\\\/05\\\/ChatGPT-Image-7-de-mai.-de-2025-17_24_46.jpg\",\"datePublished\":\"2025-05-07T20:24:34+00:00\",\"author\":{\"@id\":\"https:\\\/\\\/unisale.com.br\\\/pastoral\\\/#\\\/schema\\\/person\\\/a16ba711a0f7dec9cb6b44563144d5a3\"},\"inLanguage\":\"pt-BR\",\"potentialAction\":[{\"@type\":\"ReadAction\",\"target\":[\"https:\\\/\\\/unisale.com.br\\\/pastoral\\\/12-05-eu-sou-a-porta-das-ovelhas\\\/\"]}]},{\"@type\":\"ImageObject\",\"inLanguage\":\"pt-BR\",\"@id\":\"https:\\\/\\\/unisale.com.br\\\/pastoral\\\/12-05-eu-sou-a-porta-das-ovelhas\\\/#primaryimage\",\"url\":\"https:\\\/\\\/unisale.com.br\\\/pastoral\\\/wp-content\\\/uploads\\\/2025\\\/05\\\/ChatGPT-Image-7-de-mai.-de-2025-17_24_46.jpg\",\"contentUrl\":\"https:\\\/\\\/unisale.com.br\\\/pastoral\\\/wp-content\\\/uploads\\\/2025\\\/05\\\/ChatGPT-Image-7-de-mai.-de-2025-17_24_46.jpg\",\"width\":500,\"height\":500},{\"@type\":\"WebSite\",\"@id\":\"https:\\\/\\\/unisale.com.br\\\/pastoral\\\/#website\",\"url\":\"https:\\\/\\\/unisale.com.br\\\/pastoral\\\/\",\"name\":\"Pastoral Universit\u00e1ria UniSALESIANO\",\"description\":\"Site da Pastoral Universit\u00e1ria do UniSALESIANO\",\"potentialAction\":[{\"@type\":\"SearchAction\",\"target\":{\"@type\":\"EntryPoint\",\"urlTemplate\":\"https:\\\/\\\/unisale.com.br\\\/pastoral\\\/?s={search_term_string}\"},\"query-input\":{\"@type\":\"PropertyValueSpecification\",\"valueRequired\":true,\"valueName\":\"search_term_string\"}}],\"inLanguage\":\"pt-BR\"},{\"@type\":\"Person\",\"@id\":\"https:\\\/\\\/unisale.com.br\\\/pastoral\\\/#\\\/schema\\\/person\\\/a16ba711a0f7dec9cb6b44563144d5a3\",\"name\":\"pastoral\",\"url\":\"https:\\\/\\\/unisale.com.br\\\/pastoral\\\/author\\\/pastoral\\\/\"}]}<\/script>\n<!-- \/ Yoast SEO plugin. -->","yoast_head_json":{"title":"12\/05 - Eu sou a porta das ovelhas. - Pastoral Universit\u00e1ria UniSALESIANO","robots":{"index":"index","follow":"follow","max-snippet":"max-snippet:-1","max-image-preview":"max-image-preview:large","max-video-preview":"max-video-preview:-1"},"canonical":"https:\/\/unisale.com.br\/pastoral\/12-05-eu-sou-a-porta-das-ovelhas\/","og_locale":"pt_BR","og_type":"article","og_title":"12\/05 - Eu sou a porta das ovelhas. - Pastoral Universit\u00e1ria UniSALESIANO","og_description":"Segunda-Feira, 12 de maio de 2025. &nbsp; Evangelho (Jo 10,1-10) &nbsp; \u201cEu sou a porta das ovelhas\u201d &nbsp; Naquele tempo, disse Jesus: 1\u201cEm verdade, em...","og_url":"https:\/\/unisale.com.br\/pastoral\/12-05-eu-sou-a-porta-das-ovelhas\/","og_site_name":"Pastoral Universit\u00e1ria UniSALESIANO","article_published_time":"2025-05-07T20:24:34+00:00","og_image":[{"url":"https:\/\/unisale.com.br\/pastoral\/wp-content\/uploads\/2025\/05\/ChatGPT-Image-7-de-mai.-de-2025-17_24_46.png","width":1024,"height":1024,"type":"image\/png"}],"author":"pastoral","twitter_card":"summary_large_image","twitter_misc":{"Escrito por":"pastoral","Est. tempo de leitura":"4 minutos"},"schema":{"@context":"https:\/\/schema.org","@graph":[{"@type":"Article","@id":"https:\/\/unisale.com.br\/pastoral\/12-05-eu-sou-a-porta-das-ovelhas\/#article","isPartOf":{"@id":"https:\/\/unisale.com.br\/pastoral\/12-05-eu-sou-a-porta-das-ovelhas\/"},"author":{"name":"pastoral","@id":"https:\/\/unisale.com.br\/pastoral\/#\/schema\/person\/a16ba711a0f7dec9cb6b44563144d5a3"},"headline":"12\/05 &#8211; Eu sou a porta das ovelhas.","datePublished":"2025-05-07T20:24:34+00:00","mainEntityOfPage":{"@id":"https:\/\/unisale.com.br\/pastoral\/12-05-eu-sou-a-porta-das-ovelhas\/"},"wordCount":575,"image":{"@id":"https:\/\/unisale.com.br\/pastoral\/12-05-eu-sou-a-porta-das-ovelhas\/#primaryimage"},"thumbnailUrl":"https:\/\/unisale.com.br\/pastoral\/wp-content\/uploads\/2025\/05\/ChatGPT-Image-7-de-mai.-de-2025-17_24_46.jpg","articleSection":["Reflex\u00e3o do Evangelho"],"inLanguage":"pt-BR"},{"@type":"WebPage","@id":"https:\/\/unisale.com.br\/pastoral\/12-05-eu-sou-a-porta-das-ovelhas\/","url":"https:\/\/unisale.com.br\/pastoral\/12-05-eu-sou-a-porta-das-ovelhas\/","name":"12\/05 - Eu sou a porta das ovelhas. - Pastoral Universit\u00e1ria UniSALESIANO","isPartOf":{"@id":"https:\/\/unisale.com.br\/pastoral\/#website"},"primaryImageOfPage":{"@id":"https:\/\/unisale.com.br\/pastoral\/12-05-eu-sou-a-porta-das-ovelhas\/#primaryimage"},"image":{"@id":"https:\/\/unisale.com.br\/pastoral\/12-05-eu-sou-a-porta-das-ovelhas\/#primaryimage"},"thumbnailUrl":"https:\/\/unisale.com.br\/pastoral\/wp-content\/uploads\/2025\/05\/ChatGPT-Image-7-de-mai.-de-2025-17_24_46.jpg","datePublished":"2025-05-07T20:24:34+00:00","author":{"@id":"https:\/\/unisale.com.br\/pastoral\/#\/schema\/person\/a16ba711a0f7dec9cb6b44563144d5a3"},"inLanguage":"pt-BR","potentialAction":[{"@type":"ReadAction","target":["https:\/\/unisale.com.br\/pastoral\/12-05-eu-sou-a-porta-das-ovelhas\/"]}]},{"@type":"ImageObject","inLanguage":"pt-BR","@id":"https:\/\/unisale.com.br\/pastoral\/12-05-eu-sou-a-porta-das-ovelhas\/#primaryimage","url":"https:\/\/unisale.com.br\/pastoral\/wp-content\/uploads\/2025\/05\/ChatGPT-Image-7-de-mai.-de-2025-17_24_46.jpg","contentUrl":"https:\/\/unisale.com.br\/pastoral\/wp-content\/uploads\/2025\/05\/ChatGPT-Image-7-de-mai.-de-2025-17_24_46.jpg","width":500,"height":500},{"@type":"WebSite","@id":"https:\/\/unisale.com.br\/pastoral\/#website","url":"https:\/\/unisale.com.br\/pastoral\/","name":"Pastoral Universit\u00e1ria UniSALESIANO","description":"Site da Pastoral Universit\u00e1ria do UniSALESIANO","potentialAction":[{"@type":"SearchAction","target":{"@type":"EntryPoint","urlTemplate":"https:\/\/unisale.com.br\/pastoral\/?s={search_term_string}"},"query-input":{"@type":"PropertyValueSpecification","valueRequired":true,"valueName":"search_term_string"}}],"inLanguage":"pt-BR"},{"@type":"Person","@id":"https:\/\/unisale.com.br\/pastoral\/#\/schema\/person\/a16ba711a0f7dec9cb6b44563144d5a3","name":"pastoral","url":"https:\/\/unisale.com.br\/pastoral\/author\/pastoral\/"}]}},"_links":{"self":[{"href":"https:\/\/unisale.com.br\/pastoral\/wp-json\/wp\/v2\/posts\/12444","targetHints":{"allow":["GET"]}}],"collection":[{"href":"https:\/\/unisale.com.br\/pastoral\/wp-json\/wp\/v2\/posts"}],"about":[{"href":"https:\/\/unisale.com.br\/pastoral\/wp-json\/wp\/v2\/types\/post"}],"author":[{"embeddable":true,"href":"https:\/\/unisale.com.br\/pastoral\/wp-json\/wp\/v2\/users\/1"}],"replies":[{"embeddable":true,"href":"https:\/\/unisale.com.br\/pastoral\/wp-json\/wp\/v2\/comments?post=12444"}],"version-history":[{"count":1,"href":"https:\/\/unisale.com.br\/pastoral\/wp-json\/wp\/v2\/posts\/12444\/revisions"}],"predecessor-version":[{"id":12446,"href":"https:\/\/unisale.com.br\/pastoral\/wp-json\/wp\/v2\/posts\/12444\/revisions\/12446"}],"wp:featuredmedia":[{"embeddable":true,"href":"https:\/\/unisale.com.br\/pastoral\/wp-json\/wp\/v2\/media\/12445"}],"wp:attachment":[{"href":"https:\/\/unisale.com.br\/pastoral\/wp-json\/wp\/v2\/media?parent=12444"}],"wp:term":[{"taxonomy":"category","embeddable":true,"href":"https:\/\/unisale.com.br\/pastoral\/wp-json\/wp\/v2\/categories?post=12444"},{"taxonomy":"post_tag","embeddable":true,"href":"https:\/\/unisale.com.br\/pastoral\/wp-json\/wp\/v2\/tags?post=12444"}],"curies":[{"name":"wp","href":"https:\/\/api.w.org\/{rel}","templated":true}]}}