{"id":1246,"date":"2021-05-10T14:50:48","date_gmt":"2021-05-10T14:50:48","guid":{"rendered":"https:\/\/unisale.com.br\/pastoral\/?p=1246"},"modified":"2021-05-21T11:53:14","modified_gmt":"2021-05-21T11:53:14","slug":"em-verdade","status":"publish","type":"post","link":"https:\/\/unisale.com.br\/pastoral\/em-verdade\/","title":{"rendered":"15\/05 &#8211; Em verdade, em verdade vos digo, se pedirdes ao Pai alguma coisa em meu nome, ele vo-la dar\u00e1"},"content":{"rendered":"<p><strong>S\u00e1bado, 15 de maio de 2021.<\/strong><\/p>\n<p>Evangelho (Jo 16,23-28)<\/p>\n<p><strong>\u00a0<\/strong><\/p>\n<p><strong><em>\u201cEm verdade, em verdade vos digo, se pedirdes ao Pai alguma coisa em meu nome, ele vo-la dar\u00e1\u201d<\/em><\/strong><\/p>\n<p>Naquele tempo, disse Jesus a seus disc\u00edpulos: <sup>23<\/sup>\u201cEm verdade, em verdade eu vos digo, se perdirdes ao Pai alguma coisa em meu nome, ele vo-la dar\u00e1. <sup>24<\/sup>At\u00e9 agora nada pedistes em meu nome; pedi e recebereis, para que a vossa alegria seja completa. <sup>25<\/sup>Disse-vos estas coisas em linguagem figurativa. Vem a hora em que n\u00e3o vos falarei mais em figuras, mas claramente vos falarei do Pai. <sup>26<\/sup>Naquele dia pedireis em meu nome, e n\u00e3o vos digo que vou pedir ao Pai por v\u00f3s, <sup>27<\/sup>pois o pr\u00f3prio Pai vos ama, porque v\u00f3s me amastes e acreditastes que eu vim da parte de Deus. <sup>28<\/sup>Eu sai do Pai e vim ao mundo; e novamente parto do mundo e vou para o Pai\u201d.<\/p>\n<p>&nbsp;<\/p>\n<p><strong>Reflex\u00e3o<\/strong><\/p>\n<p>\u201c&#8230;se pedirdes ao Pai alguma coisa em nome, ele vo-la dar\u00e1.\u201d Na vida comum de n\u00f3s, seres humanos, \u00e9 normal que fa\u00e7amos pedidos, pe\u00e7amos favores somente a pessoas com as quais temos um v\u00ednculo de amizade, ou seja, \u00e9 preciso um pouco de intimidade para pedirmos e sermos atendidos. No evangelho de hoje, Jesus declara alguns privil\u00e9gios para quem se faz seu disc\u00edpulo: intimidade com Ele e com o Pai e garantia de pedidos atendidos. \u00c9 pelo Esp\u00edrito que permanecemos unidos a Jesus e o Esp\u00edrito faz sua morada em n\u00f3s, portanto, Jesus tamb\u00e9m se faz presente em n\u00f3s. N\u00f3s permanecemos Nele e Ele permanece em n\u00f3s.<\/p>\n<p>\u201cSe permanecerdes em mim&#8230; pedis o que quiserdes, e vos ser\u00e1 feito\u201d. Porque n\u00f3s temos a presen\u00e7a \u00edntima de Jesus no Par\u00e1clito, tamb\u00e9m desfrutamos de uma intimidade com o Pai que \u00e9 um com Jesus. \u00c9 por Jesus habitar em n\u00f3s pelo Esp\u00edrito, que n\u00f3s temos o privil\u00e9gio de fazer nossos pedidos ao Pai em seu nome. Nossos pedidos n\u00e3o podem tomar como base somente as necessidades ordin\u00e1rias da nossa vida, mas precisam, principalmente, tomar como base tudo quanto diz respeito \u00e0 vida eterna e aos frutos da obra do Esp\u00edrito em n\u00f3s. Se assim for, a alegria de Jesus estar\u00e1 em n\u00f3s. Tudo o que Jesus ensinou, fez e nos deixou, \u00e9 para que n\u00f3s tenhamos a alegria verdadeira e duradoura. A plenitude da alegria crist\u00e3 vem atrav\u00e9s da compreens\u00e3o do que Jesus revelou, uma compreens\u00e3o que influencia o nosso modo de vida.<\/p>\n<p>A intimidade do disc\u00edpulo com Jesus faz intimidade do disc\u00edpulo com o Pai. O Pai ama os disc\u00edpulos com o mesmo amor que ama Jesus. \u00c9 no amor que Jesus e os disc\u00edpulos se tornam um. Assim, Jesus n\u00e3o precisa interceder junto ao Pai em favor dos crist\u00e3os, pois a ora\u00e7\u00e3o dos crist\u00e3os ser\u00e1 a ora\u00e7\u00e3o de Jesus. Este \u00e9 o ponto mais alto da m\u00edstica crist\u00e3: O Pai v\u00ea nos crist\u00e3os o pr\u00f3prio Cristo que, ao mesmo tempo, \u00e9 o objeto de sua f\u00e9 e amor.<\/p>\n<p>&nbsp;<\/p>\n<p>Pe. Paulo Eduardo J\u00e1como, sdb.<\/p>\n","protected":false},"excerpt":{"rendered":"<p>S\u00e1bado, 15 de maio de 2021. Evangelho (Jo 16,23-28) \u00a0 \u201cEm verdade, em verdade vos digo, se pedirdes ao Pai alguma coisa em meu nome,&#8230;<\/p>\n","protected":false},"author":1,"featured_media":1135,"comment_status":"closed","ping_status":"closed","sticky":false,"template":"","format":"standard","meta":{"_acf_changed":false,"footnotes":""},"categories":[13],"tags":[],"class_list":["post-1246","post","type-post","status-publish","format-standard","has-post-thumbnail","hentry","category-reflexaodoevagelho"],"acf":[],"yoast_head":"<!-- This site is optimized with the Yoast SEO plugin v27.3 - https:\/\/yoast.com\/product\/yoast-seo-wordpress\/ -->\n<title>15\/05 - Em verdade, em verdade vos digo, se pedirdes ao Pai alguma coisa em meu nome, ele vo-la dar\u00e1 - Pastoral Universit\u00e1ria UniSALESIANO<\/title>\n<meta name=\"robots\" content=\"index, follow, max-snippet:-1, max-image-preview:large, max-video-preview:-1\" \/>\n<link rel=\"canonical\" href=\"https:\/\/unisale.com.br\/novo\/em-verdade\/\" \/>\n<meta property=\"og:locale\" content=\"pt_BR\" \/>\n<meta property=\"og:type\" content=\"article\" \/>\n<meta property=\"og:title\" content=\"15\/05 - Em verdade, em verdade vos digo, se pedirdes ao Pai alguma coisa em meu nome, ele vo-la dar\u00e1 - Pastoral Universit\u00e1ria UniSALESIANO\" \/>\n<meta property=\"og:description\" content=\"S\u00e1bado, 15 de maio de 2021. Evangelho (Jo 16,23-28) \u00a0 \u201cEm verdade, em verdade vos digo, se pedirdes ao Pai alguma coisa em meu nome,...\" \/>\n<meta property=\"og:url\" content=\"https:\/\/unisale.com.br\/novo\/em-verdade\/\" \/>\n<meta property=\"og:site_name\" content=\"Pastoral Universit\u00e1ria UniSALESIANO\" \/>\n<meta property=\"article:published_time\" content=\"2021-05-10T14:50:48+00:00\" \/>\n<meta property=\"article:modified_time\" content=\"2021-05-21T11:53:14+00:00\" \/>\n<meta property=\"og:image\" content=\"https:\/\/unisale.com.br\/novo\/wp-content\/uploads\/2021\/05\/15-05.jpg\" \/>\n\t<meta property=\"og:image:width\" content=\"1920\" \/>\n\t<meta property=\"og:image:height\" content=\"1080\" \/>\n\t<meta property=\"og:image:type\" content=\"image\/jpeg\" \/>\n<meta name=\"author\" content=\"pastoral\" \/>\n<meta name=\"twitter:card\" content=\"summary_large_image\" \/>\n<meta name=\"twitter:label1\" content=\"Escrito por\" \/>\n\t<meta name=\"twitter:data1\" content=\"pastoral\" \/>\n\t<meta name=\"twitter:label2\" content=\"Est. tempo de leitura\" \/>\n\t<meta name=\"twitter:data2\" content=\"3 minutos\" \/>\n<script type=\"application\/ld+json\" class=\"yoast-schema-graph\">{\"@context\":\"https:\\\/\\\/schema.org\",\"@graph\":[{\"@type\":\"Article\",\"@id\":\"https:\\\/\\\/unisale.com.br\\\/novo\\\/em-verdade\\\/#article\",\"isPartOf\":{\"@id\":\"https:\\\/\\\/unisale.com.br\\\/novo\\\/em-verdade\\\/\"},\"author\":{\"name\":\"pastoral\",\"@id\":\"https:\\\/\\\/unisale.com.br\\\/pastoral\\\/#\\\/schema\\\/person\\\/a16ba711a0f7dec9cb6b44563144d5a3\"},\"headline\":\"15\\\/05 &#8211; Em verdade, em verdade vos digo, se pedirdes ao Pai alguma coisa em meu nome, ele vo-la dar\u00e1\",\"datePublished\":\"2021-05-10T14:50:48+00:00\",\"dateModified\":\"2021-05-21T11:53:14+00:00\",\"mainEntityOfPage\":{\"@id\":\"https:\\\/\\\/unisale.com.br\\\/novo\\\/em-verdade\\\/\"},\"wordCount\":551,\"image\":{\"@id\":\"https:\\\/\\\/unisale.com.br\\\/novo\\\/em-verdade\\\/#primaryimage\"},\"thumbnailUrl\":\"https:\\\/\\\/unisale.com.br\\\/pastoral\\\/wp-content\\\/uploads\\\/2021\\\/05\\\/15-05.jpg\",\"articleSection\":[\"Reflex\u00e3o do Evangelho\"],\"inLanguage\":\"pt-BR\"},{\"@type\":\"WebPage\",\"@id\":\"https:\\\/\\\/unisale.com.br\\\/novo\\\/em-verdade\\\/\",\"url\":\"https:\\\/\\\/unisale.com.br\\\/novo\\\/em-verdade\\\/\",\"name\":\"15\\\/05 - Em verdade, em verdade vos digo, se pedirdes ao Pai alguma coisa em meu nome, ele vo-la dar\u00e1 - Pastoral Universit\u00e1ria UniSALESIANO\",\"isPartOf\":{\"@id\":\"https:\\\/\\\/unisale.com.br\\\/pastoral\\\/#website\"},\"primaryImageOfPage\":{\"@id\":\"https:\\\/\\\/unisale.com.br\\\/novo\\\/em-verdade\\\/#primaryimage\"},\"image\":{\"@id\":\"https:\\\/\\\/unisale.com.br\\\/novo\\\/em-verdade\\\/#primaryimage\"},\"thumbnailUrl\":\"https:\\\/\\\/unisale.com.br\\\/pastoral\\\/wp-content\\\/uploads\\\/2021\\\/05\\\/15-05.jpg\",\"datePublished\":\"2021-05-10T14:50:48+00:00\",\"dateModified\":\"2021-05-21T11:53:14+00:00\",\"author\":{\"@id\":\"https:\\\/\\\/unisale.com.br\\\/pastoral\\\/#\\\/schema\\\/person\\\/a16ba711a0f7dec9cb6b44563144d5a3\"},\"inLanguage\":\"pt-BR\",\"potentialAction\":[{\"@type\":\"ReadAction\",\"target\":[\"https:\\\/\\\/unisale.com.br\\\/novo\\\/em-verdade\\\/\"]}]},{\"@type\":\"ImageObject\",\"inLanguage\":\"pt-BR\",\"@id\":\"https:\\\/\\\/unisale.com.br\\\/novo\\\/em-verdade\\\/#primaryimage\",\"url\":\"https:\\\/\\\/unisale.com.br\\\/pastoral\\\/wp-content\\\/uploads\\\/2021\\\/05\\\/15-05.jpg\",\"contentUrl\":\"https:\\\/\\\/unisale.com.br\\\/pastoral\\\/wp-content\\\/uploads\\\/2021\\\/05\\\/15-05.jpg\",\"width\":889,\"height\":500},{\"@type\":\"WebSite\",\"@id\":\"https:\\\/\\\/unisale.com.br\\\/pastoral\\\/#website\",\"url\":\"https:\\\/\\\/unisale.com.br\\\/pastoral\\\/\",\"name\":\"Pastoral Universit\u00e1ria UniSALESIANO\",\"description\":\"Site da Pastoral Universit\u00e1ria do UniSALESIANO\",\"potentialAction\":[{\"@type\":\"SearchAction\",\"target\":{\"@type\":\"EntryPoint\",\"urlTemplate\":\"https:\\\/\\\/unisale.com.br\\\/pastoral\\\/?s={search_term_string}\"},\"query-input\":{\"@type\":\"PropertyValueSpecification\",\"valueRequired\":true,\"valueName\":\"search_term_string\"}}],\"inLanguage\":\"pt-BR\"},{\"@type\":\"Person\",\"@id\":\"https:\\\/\\\/unisale.com.br\\\/pastoral\\\/#\\\/schema\\\/person\\\/a16ba711a0f7dec9cb6b44563144d5a3\",\"name\":\"pastoral\",\"url\":\"https:\\\/\\\/unisale.com.br\\\/pastoral\\\/author\\\/pastoral\\\/\"}]}<\/script>\n<!-- \/ Yoast SEO plugin. -->","yoast_head_json":{"title":"15\/05 - Em verdade, em verdade vos digo, se pedirdes ao Pai alguma coisa em meu nome, ele vo-la dar\u00e1 - Pastoral Universit\u00e1ria UniSALESIANO","robots":{"index":"index","follow":"follow","max-snippet":"max-snippet:-1","max-image-preview":"max-image-preview:large","max-video-preview":"max-video-preview:-1"},"canonical":"https:\/\/unisale.com.br\/novo\/em-verdade\/","og_locale":"pt_BR","og_type":"article","og_title":"15\/05 - Em verdade, em verdade vos digo, se pedirdes ao Pai alguma coisa em meu nome, ele vo-la dar\u00e1 - Pastoral Universit\u00e1ria UniSALESIANO","og_description":"S\u00e1bado, 15 de maio de 2021. Evangelho (Jo 16,23-28) \u00a0 \u201cEm verdade, em verdade vos digo, se pedirdes ao Pai alguma coisa em meu nome,...","og_url":"https:\/\/unisale.com.br\/novo\/em-verdade\/","og_site_name":"Pastoral Universit\u00e1ria UniSALESIANO","article_published_time":"2021-05-10T14:50:48+00:00","article_modified_time":"2021-05-21T11:53:14+00:00","og_image":[{"width":1920,"height":1080,"url":"https:\/\/unisale.com.br\/novo\/wp-content\/uploads\/2021\/05\/15-05.jpg","type":"image\/jpeg"}],"author":"pastoral","twitter_card":"summary_large_image","twitter_misc":{"Escrito por":"pastoral","Est. tempo de leitura":"3 minutos"},"schema":{"@context":"https:\/\/schema.org","@graph":[{"@type":"Article","@id":"https:\/\/unisale.com.br\/novo\/em-verdade\/#article","isPartOf":{"@id":"https:\/\/unisale.com.br\/novo\/em-verdade\/"},"author":{"name":"pastoral","@id":"https:\/\/unisale.com.br\/pastoral\/#\/schema\/person\/a16ba711a0f7dec9cb6b44563144d5a3"},"headline":"15\/05 &#8211; Em verdade, em verdade vos digo, se pedirdes ao Pai alguma coisa em meu nome, ele vo-la dar\u00e1","datePublished":"2021-05-10T14:50:48+00:00","dateModified":"2021-05-21T11:53:14+00:00","mainEntityOfPage":{"@id":"https:\/\/unisale.com.br\/novo\/em-verdade\/"},"wordCount":551,"image":{"@id":"https:\/\/unisale.com.br\/novo\/em-verdade\/#primaryimage"},"thumbnailUrl":"https:\/\/unisale.com.br\/pastoral\/wp-content\/uploads\/2021\/05\/15-05.jpg","articleSection":["Reflex\u00e3o do Evangelho"],"inLanguage":"pt-BR"},{"@type":"WebPage","@id":"https:\/\/unisale.com.br\/novo\/em-verdade\/","url":"https:\/\/unisale.com.br\/novo\/em-verdade\/","name":"15\/05 - Em verdade, em verdade vos digo, se pedirdes ao Pai alguma coisa em meu nome, ele vo-la dar\u00e1 - Pastoral Universit\u00e1ria UniSALESIANO","isPartOf":{"@id":"https:\/\/unisale.com.br\/pastoral\/#website"},"primaryImageOfPage":{"@id":"https:\/\/unisale.com.br\/novo\/em-verdade\/#primaryimage"},"image":{"@id":"https:\/\/unisale.com.br\/novo\/em-verdade\/#primaryimage"},"thumbnailUrl":"https:\/\/unisale.com.br\/pastoral\/wp-content\/uploads\/2021\/05\/15-05.jpg","datePublished":"2021-05-10T14:50:48+00:00","dateModified":"2021-05-21T11:53:14+00:00","author":{"@id":"https:\/\/unisale.com.br\/pastoral\/#\/schema\/person\/a16ba711a0f7dec9cb6b44563144d5a3"},"inLanguage":"pt-BR","potentialAction":[{"@type":"ReadAction","target":["https:\/\/unisale.com.br\/novo\/em-verdade\/"]}]},{"@type":"ImageObject","inLanguage":"pt-BR","@id":"https:\/\/unisale.com.br\/novo\/em-verdade\/#primaryimage","url":"https:\/\/unisale.com.br\/pastoral\/wp-content\/uploads\/2021\/05\/15-05.jpg","contentUrl":"https:\/\/unisale.com.br\/pastoral\/wp-content\/uploads\/2021\/05\/15-05.jpg","width":889,"height":500},{"@type":"WebSite","@id":"https:\/\/unisale.com.br\/pastoral\/#website","url":"https:\/\/unisale.com.br\/pastoral\/","name":"Pastoral Universit\u00e1ria UniSALESIANO","description":"Site da Pastoral Universit\u00e1ria do UniSALESIANO","potentialAction":[{"@type":"SearchAction","target":{"@type":"EntryPoint","urlTemplate":"https:\/\/unisale.com.br\/pastoral\/?s={search_term_string}"},"query-input":{"@type":"PropertyValueSpecification","valueRequired":true,"valueName":"search_term_string"}}],"inLanguage":"pt-BR"},{"@type":"Person","@id":"https:\/\/unisale.com.br\/pastoral\/#\/schema\/person\/a16ba711a0f7dec9cb6b44563144d5a3","name":"pastoral","url":"https:\/\/unisale.com.br\/pastoral\/author\/pastoral\/"}]}},"_links":{"self":[{"href":"https:\/\/unisale.com.br\/pastoral\/wp-json\/wp\/v2\/posts\/1246","targetHints":{"allow":["GET"]}}],"collection":[{"href":"https:\/\/unisale.com.br\/pastoral\/wp-json\/wp\/v2\/posts"}],"about":[{"href":"https:\/\/unisale.com.br\/pastoral\/wp-json\/wp\/v2\/types\/post"}],"author":[{"embeddable":true,"href":"https:\/\/unisale.com.br\/pastoral\/wp-json\/wp\/v2\/users\/1"}],"replies":[{"embeddable":true,"href":"https:\/\/unisale.com.br\/pastoral\/wp-json\/wp\/v2\/comments?post=1246"}],"version-history":[{"count":0,"href":"https:\/\/unisale.com.br\/pastoral\/wp-json\/wp\/v2\/posts\/1246\/revisions"}],"wp:featuredmedia":[{"embeddable":true,"href":"https:\/\/unisale.com.br\/pastoral\/wp-json\/wp\/v2\/media\/1135"}],"wp:attachment":[{"href":"https:\/\/unisale.com.br\/pastoral\/wp-json\/wp\/v2\/media?parent=1246"}],"wp:term":[{"taxonomy":"category","embeddable":true,"href":"https:\/\/unisale.com.br\/pastoral\/wp-json\/wp\/v2\/categories?post=1246"},{"taxonomy":"post_tag","embeddable":true,"href":"https:\/\/unisale.com.br\/pastoral\/wp-json\/wp\/v2\/tags?post=1246"}],"curies":[{"name":"wp","href":"https:\/\/api.w.org\/{rel}","templated":true}]}}