{"id":12466,"date":"2025-05-15T21:29:40","date_gmt":"2025-05-15T21:29:40","guid":{"rendered":"https:\/\/unisale.com.br\/pastoral\/?p=12466"},"modified":"2025-05-15T21:29:40","modified_gmt":"2025-05-15T21:29:40","slug":"19-05-se-alguem-me-ama-guardara-minha-palavra-e-o-meu-pai-o-amara-e-nos-viremos-e-faremos-nele-a-nossa-morada","status":"publish","type":"post","link":"https:\/\/unisale.com.br\/pastoral\/19-05-se-alguem-me-ama-guardara-minha-palavra-e-o-meu-pai-o-amara-e-nos-viremos-e-faremos-nele-a-nossa-morada\/","title":{"rendered":"19\/05 &#8211; Se algu\u00e9m me ama, guardar\u00e1 minha palavra, e o meu Pai o amar\u00e1, e n\u00f3s viremos e faremos nele a nossa morada."},"content":{"rendered":"<p>Segunda-feira, 19 de maio de 2025.<\/p>\n<p>&nbsp;<\/p>\n<p>Evangelho (Jo 14,21-26)<\/p>\n<p>&nbsp;<\/p>\n<p><strong>\u201cSe algu\u00e9m me ama, guardar\u00e1 minha palavra, e o meu Pai o amar\u00e1, e n\u00f3s viremos e faremos nele a nossa morada.\u201d<\/strong><\/p>\n<p>&nbsp;<\/p>\n<p>Naquele tempo, disse Jesus a seus disc\u00edpulos:<sup> 21<\/sup>\u201cQuem acolheu os meus mandamentos e os observa, esse me ama. Ora, quem me ama ser\u00e1 amado por meu Pai, e eu o amarei e me manifestarei a ele\u201d. <sup>22J<\/sup>udas \u2013 n\u00e3o o Iscariotes \u2013 disse-lhe: \u201cSenhor, como se explica que te manifestar\u00e1s a n\u00f3s e n\u00e3o ao mundo?\u201d <sup>23<\/sup>Jesus respondeu-lhe: \u201cSe algu\u00e9m me ama, guardar\u00e1 minha palavra, e o meu Pai o amar\u00e1, e n\u00f3s viremos e faremos nele a nossa morada. <sup>24<\/sup>Quem n\u00e3o me ama n\u00e3o guarda a minha palavra. E a palavra que escutais n\u00e3o \u00e9 minha, mas do Pai que me enviou. <sup>25<\/sup>Isso \u00e9 o que vos disse enquanto estava convosco. <sup>26<\/sup>Mas o Defensor, o Esp\u00edrito Santo que o Pai enviar\u00e1 em meu nome, ele vos ensinar\u00e1 tudo e vos recordar\u00e1 tudo o que eu vos tenho dito\u201d.<\/p>\n<p>&nbsp;<\/p>\n<p><strong>Reflex\u00e3o<\/strong><\/p>\n<p>&nbsp;<\/p>\n<p>No evangelho de hoje Jesus expressa o seu grande desejo de nos fazer participantes da sua plenitude. Unidos a Ele, estamos na fonte de vida divina que \u00e9 a Sant\u00edssima Trindade. Jesus nos assegura que estar\u00e1 presente em n\u00f3s, far\u00e1 de n\u00f3s morada de Deus pela gra\u00e7a. Assim, n\u00e3o somos \u00f3rf\u00e3os, visto que nos ama tanto, mesmo n\u00e3o precisando de n\u00f3s, ele n\u00e3o nos despreza. Acolher os seus mandamentos nos assegura a presen\u00e7a de Deus. A presen\u00e7a de Deus no cora\u00e7\u00e3o nos ajudar\u00e1 a descobrir e realizar neste mundo os planos que a Provid\u00eancia nos prepara. O Esp\u00edrito do Senhor suscitar\u00e1 no nosso cora\u00e7\u00e3o iniciativa para coloca-lo acima de qualquer atividade humana e fazer assim, com que Cristo esteja presente em toda parte da terra. Se cultivamos uma intimidade com Jesus seremos bons filhos de Deus e nos sentiremos amigos seus em todos os lugares e momentos da nossa vida. Toda luz de vida divina brilhar\u00e1 sobre cada um de n\u00f3s que estivermos dispostos a ser morada de Deus.<\/p>\n<p><strong>Pe. Paulo Eduardo J\u00e1como, SDB.<\/strong><\/p>\n","protected":false},"excerpt":{"rendered":"<p>Segunda-feira, 19 de maio de 2025. &nbsp; Evangelho (Jo 14,21-26) &nbsp; \u201cSe algu\u00e9m me ama, guardar\u00e1 minha palavra, e o meu Pai o amar\u00e1, e&#8230;<\/p>\n","protected":false},"author":1,"featured_media":12467,"comment_status":"closed","ping_status":"closed","sticky":false,"template":"","format":"standard","meta":{"_acf_changed":false,"footnotes":""},"categories":[13],"tags":[],"class_list":["post-12466","post","type-post","status-publish","format-standard","has-post-thumbnail","hentry","category-reflexaodoevagelho"],"acf":[],"yoast_head":"<!-- This site is optimized with the Yoast SEO plugin v27.3 - https:\/\/yoast.com\/product\/yoast-seo-wordpress\/ -->\n<title>19\/05 - Se algu\u00e9m me ama, guardar\u00e1 minha palavra, e o meu Pai o amar\u00e1, e n\u00f3s viremos e faremos nele a nossa morada. - Pastoral Universit\u00e1ria UniSALESIANO<\/title>\n<meta name=\"robots\" content=\"index, follow, max-snippet:-1, max-image-preview:large, max-video-preview:-1\" \/>\n<link rel=\"canonical\" href=\"https:\/\/unisale.com.br\/pastoral\/19-05-se-alguem-me-ama-guardara-minha-palavra-e-o-meu-pai-o-amara-e-nos-viremos-e-faremos-nele-a-nossa-morada\/\" \/>\n<meta property=\"og:locale\" content=\"pt_BR\" \/>\n<meta property=\"og:type\" content=\"article\" \/>\n<meta property=\"og:title\" content=\"19\/05 - Se algu\u00e9m me ama, guardar\u00e1 minha palavra, e o meu Pai o amar\u00e1, e n\u00f3s viremos e faremos nele a nossa morada. - Pastoral Universit\u00e1ria UniSALESIANO\" \/>\n<meta property=\"og:description\" content=\"Segunda-feira, 19 de maio de 2025. &nbsp; Evangelho (Jo 14,21-26) &nbsp; \u201cSe algu\u00e9m me ama, guardar\u00e1 minha palavra, e o meu Pai o amar\u00e1, e...\" \/>\n<meta property=\"og:url\" content=\"https:\/\/unisale.com.br\/pastoral\/19-05-se-alguem-me-ama-guardara-minha-palavra-e-o-meu-pai-o-amara-e-nos-viremos-e-faremos-nele-a-nossa-morada\/\" \/>\n<meta property=\"og:site_name\" content=\"Pastoral Universit\u00e1ria UniSALESIANO\" \/>\n<meta property=\"article:published_time\" content=\"2025-05-15T21:29:40+00:00\" \/>\n<meta property=\"og:image\" content=\"https:\/\/unisale.com.br\/pastoral\/wp-content\/uploads\/2025\/05\/Naquele-tempo-disse-Jesus-a-seus-discipulos_-21Quem-acolheu-os-meus-mandamentos-e-os-observa-esse-me-ama.-Ora-quem-me-ama-sera-amado-por-meu-Pai-e-eu-o-amarei-e-me-manifestarei-a-ele.-22Juda.jpg\" \/>\n\t<meta property=\"og:image:width\" content=\"1120\" \/>\n\t<meta property=\"og:image:height\" content=\"1120\" \/>\n\t<meta property=\"og:image:type\" content=\"image\/jpeg\" \/>\n<meta name=\"author\" content=\"pastoral\" \/>\n<meta name=\"twitter:card\" content=\"summary_large_image\" \/>\n<meta name=\"twitter:label1\" content=\"Escrito por\" \/>\n\t<meta name=\"twitter:data1\" content=\"pastoral\" \/>\n\t<meta name=\"twitter:label2\" content=\"Est. tempo de leitura\" \/>\n\t<meta name=\"twitter:data2\" content=\"3 minutos\" \/>\n<script type=\"application\/ld+json\" class=\"yoast-schema-graph\">{\"@context\":\"https:\\\/\\\/schema.org\",\"@graph\":[{\"@type\":\"Article\",\"@id\":\"https:\\\/\\\/unisale.com.br\\\/pastoral\\\/19-05-se-alguem-me-ama-guardara-minha-palavra-e-o-meu-pai-o-amara-e-nos-viremos-e-faremos-nele-a-nossa-morada\\\/#article\",\"isPartOf\":{\"@id\":\"https:\\\/\\\/unisale.com.br\\\/pastoral\\\/19-05-se-alguem-me-ama-guardara-minha-palavra-e-o-meu-pai-o-amara-e-nos-viremos-e-faremos-nele-a-nossa-morada\\\/\"},\"author\":{\"name\":\"pastoral\",\"@id\":\"https:\\\/\\\/unisale.com.br\\\/pastoral\\\/#\\\/schema\\\/person\\\/a16ba711a0f7dec9cb6b44563144d5a3\"},\"headline\":\"19\\\/05 &#8211; Se algu\u00e9m me ama, guardar\u00e1 minha palavra, e o meu Pai o amar\u00e1, e n\u00f3s viremos e faremos nele a nossa morada.\",\"datePublished\":\"2025-05-15T21:29:40+00:00\",\"mainEntityOfPage\":{\"@id\":\"https:\\\/\\\/unisale.com.br\\\/pastoral\\\/19-05-se-alguem-me-ama-guardara-minha-palavra-e-o-meu-pai-o-amara-e-nos-viremos-e-faremos-nele-a-nossa-morada\\\/\"},\"wordCount\":399,\"image\":{\"@id\":\"https:\\\/\\\/unisale.com.br\\\/pastoral\\\/19-05-se-alguem-me-ama-guardara-minha-palavra-e-o-meu-pai-o-amara-e-nos-viremos-e-faremos-nele-a-nossa-morada\\\/#primaryimage\"},\"thumbnailUrl\":\"https:\\\/\\\/unisale.com.br\\\/pastoral\\\/wp-content\\\/uploads\\\/2025\\\/05\\\/Naquele-tempo-disse-Jesus-a-seus-discipulos_-21Quem-acolheu-os-meus-mandamentos-e-os-observa-esse-me-ama.-Ora-quem-me-ama-sera-amado-por-meu-Pai-e-eu-o-amarei-e-me-manifestarei-a-ele.-22Juda.jpg\",\"articleSection\":[\"Reflex\u00e3o do Evangelho\"],\"inLanguage\":\"pt-BR\"},{\"@type\":\"WebPage\",\"@id\":\"https:\\\/\\\/unisale.com.br\\\/pastoral\\\/19-05-se-alguem-me-ama-guardara-minha-palavra-e-o-meu-pai-o-amara-e-nos-viremos-e-faremos-nele-a-nossa-morada\\\/\",\"url\":\"https:\\\/\\\/unisale.com.br\\\/pastoral\\\/19-05-se-alguem-me-ama-guardara-minha-palavra-e-o-meu-pai-o-amara-e-nos-viremos-e-faremos-nele-a-nossa-morada\\\/\",\"name\":\"19\\\/05 - Se algu\u00e9m me ama, guardar\u00e1 minha palavra, e o meu Pai o amar\u00e1, e n\u00f3s viremos e faremos nele a nossa morada. - Pastoral Universit\u00e1ria UniSALESIANO\",\"isPartOf\":{\"@id\":\"https:\\\/\\\/unisale.com.br\\\/pastoral\\\/#website\"},\"primaryImageOfPage\":{\"@id\":\"https:\\\/\\\/unisale.com.br\\\/pastoral\\\/19-05-se-alguem-me-ama-guardara-minha-palavra-e-o-meu-pai-o-amara-e-nos-viremos-e-faremos-nele-a-nossa-morada\\\/#primaryimage\"},\"image\":{\"@id\":\"https:\\\/\\\/unisale.com.br\\\/pastoral\\\/19-05-se-alguem-me-ama-guardara-minha-palavra-e-o-meu-pai-o-amara-e-nos-viremos-e-faremos-nele-a-nossa-morada\\\/#primaryimage\"},\"thumbnailUrl\":\"https:\\\/\\\/unisale.com.br\\\/pastoral\\\/wp-content\\\/uploads\\\/2025\\\/05\\\/Naquele-tempo-disse-Jesus-a-seus-discipulos_-21Quem-acolheu-os-meus-mandamentos-e-os-observa-esse-me-ama.-Ora-quem-me-ama-sera-amado-por-meu-Pai-e-eu-o-amarei-e-me-manifestarei-a-ele.-22Juda.jpg\",\"datePublished\":\"2025-05-15T21:29:40+00:00\",\"author\":{\"@id\":\"https:\\\/\\\/unisale.com.br\\\/pastoral\\\/#\\\/schema\\\/person\\\/a16ba711a0f7dec9cb6b44563144d5a3\"},\"inLanguage\":\"pt-BR\",\"potentialAction\":[{\"@type\":\"ReadAction\",\"target\":[\"https:\\\/\\\/unisale.com.br\\\/pastoral\\\/19-05-se-alguem-me-ama-guardara-minha-palavra-e-o-meu-pai-o-amara-e-nos-viremos-e-faremos-nele-a-nossa-morada\\\/\"]}]},{\"@type\":\"ImageObject\",\"inLanguage\":\"pt-BR\",\"@id\":\"https:\\\/\\\/unisale.com.br\\\/pastoral\\\/19-05-se-alguem-me-ama-guardara-minha-palavra-e-o-meu-pai-o-amara-e-nos-viremos-e-faremos-nele-a-nossa-morada\\\/#primaryimage\",\"url\":\"https:\\\/\\\/unisale.com.br\\\/pastoral\\\/wp-content\\\/uploads\\\/2025\\\/05\\\/Naquele-tempo-disse-Jesus-a-seus-discipulos_-21Quem-acolheu-os-meus-mandamentos-e-os-observa-esse-me-ama.-Ora-quem-me-ama-sera-amado-por-meu-Pai-e-eu-o-amarei-e-me-manifestarei-a-ele.-22Juda.jpg\",\"contentUrl\":\"https:\\\/\\\/unisale.com.br\\\/pastoral\\\/wp-content\\\/uploads\\\/2025\\\/05\\\/Naquele-tempo-disse-Jesus-a-seus-discipulos_-21Quem-acolheu-os-meus-mandamentos-e-os-observa-esse-me-ama.-Ora-quem-me-ama-sera-amado-por-meu-Pai-e-eu-o-amarei-e-me-manifestarei-a-ele.-22Juda.jpg\",\"width\":500,\"height\":500},{\"@type\":\"WebSite\",\"@id\":\"https:\\\/\\\/unisale.com.br\\\/pastoral\\\/#website\",\"url\":\"https:\\\/\\\/unisale.com.br\\\/pastoral\\\/\",\"name\":\"Pastoral Universit\u00e1ria UniSALESIANO\",\"description\":\"Site da Pastoral Universit\u00e1ria do UniSALESIANO\",\"potentialAction\":[{\"@type\":\"SearchAction\",\"target\":{\"@type\":\"EntryPoint\",\"urlTemplate\":\"https:\\\/\\\/unisale.com.br\\\/pastoral\\\/?s={search_term_string}\"},\"query-input\":{\"@type\":\"PropertyValueSpecification\",\"valueRequired\":true,\"valueName\":\"search_term_string\"}}],\"inLanguage\":\"pt-BR\"},{\"@type\":\"Person\",\"@id\":\"https:\\\/\\\/unisale.com.br\\\/pastoral\\\/#\\\/schema\\\/person\\\/a16ba711a0f7dec9cb6b44563144d5a3\",\"name\":\"pastoral\",\"url\":\"https:\\\/\\\/unisale.com.br\\\/pastoral\\\/author\\\/pastoral\\\/\"}]}<\/script>\n<!-- \/ Yoast SEO plugin. -->","yoast_head_json":{"title":"19\/05 - Se algu\u00e9m me ama, guardar\u00e1 minha palavra, e o meu Pai o amar\u00e1, e n\u00f3s viremos e faremos nele a nossa morada. - Pastoral Universit\u00e1ria UniSALESIANO","robots":{"index":"index","follow":"follow","max-snippet":"max-snippet:-1","max-image-preview":"max-image-preview:large","max-video-preview":"max-video-preview:-1"},"canonical":"https:\/\/unisale.com.br\/pastoral\/19-05-se-alguem-me-ama-guardara-minha-palavra-e-o-meu-pai-o-amara-e-nos-viremos-e-faremos-nele-a-nossa-morada\/","og_locale":"pt_BR","og_type":"article","og_title":"19\/05 - Se algu\u00e9m me ama, guardar\u00e1 minha palavra, e o meu Pai o amar\u00e1, e n\u00f3s viremos e faremos nele a nossa morada. - Pastoral Universit\u00e1ria UniSALESIANO","og_description":"Segunda-feira, 19 de maio de 2025. &nbsp; Evangelho (Jo 14,21-26) &nbsp; \u201cSe algu\u00e9m me ama, guardar\u00e1 minha palavra, e o meu Pai o amar\u00e1, e...","og_url":"https:\/\/unisale.com.br\/pastoral\/19-05-se-alguem-me-ama-guardara-minha-palavra-e-o-meu-pai-o-amara-e-nos-viremos-e-faremos-nele-a-nossa-morada\/","og_site_name":"Pastoral Universit\u00e1ria UniSALESIANO","article_published_time":"2025-05-15T21:29:40+00:00","og_image":[{"width":1120,"height":1120,"url":"https:\/\/unisale.com.br\/pastoral\/wp-content\/uploads\/2025\/05\/Naquele-tempo-disse-Jesus-a-seus-discipulos_-21Quem-acolheu-os-meus-mandamentos-e-os-observa-esse-me-ama.-Ora-quem-me-ama-sera-amado-por-meu-Pai-e-eu-o-amarei-e-me-manifestarei-a-ele.-22Juda.jpg","type":"image\/jpeg"}],"author":"pastoral","twitter_card":"summary_large_image","twitter_misc":{"Escrito por":"pastoral","Est. tempo de leitura":"3 minutos"},"schema":{"@context":"https:\/\/schema.org","@graph":[{"@type":"Article","@id":"https:\/\/unisale.com.br\/pastoral\/19-05-se-alguem-me-ama-guardara-minha-palavra-e-o-meu-pai-o-amara-e-nos-viremos-e-faremos-nele-a-nossa-morada\/#article","isPartOf":{"@id":"https:\/\/unisale.com.br\/pastoral\/19-05-se-alguem-me-ama-guardara-minha-palavra-e-o-meu-pai-o-amara-e-nos-viremos-e-faremos-nele-a-nossa-morada\/"},"author":{"name":"pastoral","@id":"https:\/\/unisale.com.br\/pastoral\/#\/schema\/person\/a16ba711a0f7dec9cb6b44563144d5a3"},"headline":"19\/05 &#8211; Se algu\u00e9m me ama, guardar\u00e1 minha palavra, e o meu Pai o amar\u00e1, e n\u00f3s viremos e faremos nele a nossa morada.","datePublished":"2025-05-15T21:29:40+00:00","mainEntityOfPage":{"@id":"https:\/\/unisale.com.br\/pastoral\/19-05-se-alguem-me-ama-guardara-minha-palavra-e-o-meu-pai-o-amara-e-nos-viremos-e-faremos-nele-a-nossa-morada\/"},"wordCount":399,"image":{"@id":"https:\/\/unisale.com.br\/pastoral\/19-05-se-alguem-me-ama-guardara-minha-palavra-e-o-meu-pai-o-amara-e-nos-viremos-e-faremos-nele-a-nossa-morada\/#primaryimage"},"thumbnailUrl":"https:\/\/unisale.com.br\/pastoral\/wp-content\/uploads\/2025\/05\/Naquele-tempo-disse-Jesus-a-seus-discipulos_-21Quem-acolheu-os-meus-mandamentos-e-os-observa-esse-me-ama.-Ora-quem-me-ama-sera-amado-por-meu-Pai-e-eu-o-amarei-e-me-manifestarei-a-ele.-22Juda.jpg","articleSection":["Reflex\u00e3o do Evangelho"],"inLanguage":"pt-BR"},{"@type":"WebPage","@id":"https:\/\/unisale.com.br\/pastoral\/19-05-se-alguem-me-ama-guardara-minha-palavra-e-o-meu-pai-o-amara-e-nos-viremos-e-faremos-nele-a-nossa-morada\/","url":"https:\/\/unisale.com.br\/pastoral\/19-05-se-alguem-me-ama-guardara-minha-palavra-e-o-meu-pai-o-amara-e-nos-viremos-e-faremos-nele-a-nossa-morada\/","name":"19\/05 - Se algu\u00e9m me ama, guardar\u00e1 minha palavra, e o meu Pai o amar\u00e1, e n\u00f3s viremos e faremos nele a nossa morada. - Pastoral Universit\u00e1ria UniSALESIANO","isPartOf":{"@id":"https:\/\/unisale.com.br\/pastoral\/#website"},"primaryImageOfPage":{"@id":"https:\/\/unisale.com.br\/pastoral\/19-05-se-alguem-me-ama-guardara-minha-palavra-e-o-meu-pai-o-amara-e-nos-viremos-e-faremos-nele-a-nossa-morada\/#primaryimage"},"image":{"@id":"https:\/\/unisale.com.br\/pastoral\/19-05-se-alguem-me-ama-guardara-minha-palavra-e-o-meu-pai-o-amara-e-nos-viremos-e-faremos-nele-a-nossa-morada\/#primaryimage"},"thumbnailUrl":"https:\/\/unisale.com.br\/pastoral\/wp-content\/uploads\/2025\/05\/Naquele-tempo-disse-Jesus-a-seus-discipulos_-21Quem-acolheu-os-meus-mandamentos-e-os-observa-esse-me-ama.-Ora-quem-me-ama-sera-amado-por-meu-Pai-e-eu-o-amarei-e-me-manifestarei-a-ele.-22Juda.jpg","datePublished":"2025-05-15T21:29:40+00:00","author":{"@id":"https:\/\/unisale.com.br\/pastoral\/#\/schema\/person\/a16ba711a0f7dec9cb6b44563144d5a3"},"inLanguage":"pt-BR","potentialAction":[{"@type":"ReadAction","target":["https:\/\/unisale.com.br\/pastoral\/19-05-se-alguem-me-ama-guardara-minha-palavra-e-o-meu-pai-o-amara-e-nos-viremos-e-faremos-nele-a-nossa-morada\/"]}]},{"@type":"ImageObject","inLanguage":"pt-BR","@id":"https:\/\/unisale.com.br\/pastoral\/19-05-se-alguem-me-ama-guardara-minha-palavra-e-o-meu-pai-o-amara-e-nos-viremos-e-faremos-nele-a-nossa-morada\/#primaryimage","url":"https:\/\/unisale.com.br\/pastoral\/wp-content\/uploads\/2025\/05\/Naquele-tempo-disse-Jesus-a-seus-discipulos_-21Quem-acolheu-os-meus-mandamentos-e-os-observa-esse-me-ama.-Ora-quem-me-ama-sera-amado-por-meu-Pai-e-eu-o-amarei-e-me-manifestarei-a-ele.-22Juda.jpg","contentUrl":"https:\/\/unisale.com.br\/pastoral\/wp-content\/uploads\/2025\/05\/Naquele-tempo-disse-Jesus-a-seus-discipulos_-21Quem-acolheu-os-meus-mandamentos-e-os-observa-esse-me-ama.-Ora-quem-me-ama-sera-amado-por-meu-Pai-e-eu-o-amarei-e-me-manifestarei-a-ele.-22Juda.jpg","width":500,"height":500},{"@type":"WebSite","@id":"https:\/\/unisale.com.br\/pastoral\/#website","url":"https:\/\/unisale.com.br\/pastoral\/","name":"Pastoral Universit\u00e1ria UniSALESIANO","description":"Site da Pastoral Universit\u00e1ria do UniSALESIANO","potentialAction":[{"@type":"SearchAction","target":{"@type":"EntryPoint","urlTemplate":"https:\/\/unisale.com.br\/pastoral\/?s={search_term_string}"},"query-input":{"@type":"PropertyValueSpecification","valueRequired":true,"valueName":"search_term_string"}}],"inLanguage":"pt-BR"},{"@type":"Person","@id":"https:\/\/unisale.com.br\/pastoral\/#\/schema\/person\/a16ba711a0f7dec9cb6b44563144d5a3","name":"pastoral","url":"https:\/\/unisale.com.br\/pastoral\/author\/pastoral\/"}]}},"_links":{"self":[{"href":"https:\/\/unisale.com.br\/pastoral\/wp-json\/wp\/v2\/posts\/12466","targetHints":{"allow":["GET"]}}],"collection":[{"href":"https:\/\/unisale.com.br\/pastoral\/wp-json\/wp\/v2\/posts"}],"about":[{"href":"https:\/\/unisale.com.br\/pastoral\/wp-json\/wp\/v2\/types\/post"}],"author":[{"embeddable":true,"href":"https:\/\/unisale.com.br\/pastoral\/wp-json\/wp\/v2\/users\/1"}],"replies":[{"embeddable":true,"href":"https:\/\/unisale.com.br\/pastoral\/wp-json\/wp\/v2\/comments?post=12466"}],"version-history":[{"count":1,"href":"https:\/\/unisale.com.br\/pastoral\/wp-json\/wp\/v2\/posts\/12466\/revisions"}],"predecessor-version":[{"id":12468,"href":"https:\/\/unisale.com.br\/pastoral\/wp-json\/wp\/v2\/posts\/12466\/revisions\/12468"}],"wp:featuredmedia":[{"embeddable":true,"href":"https:\/\/unisale.com.br\/pastoral\/wp-json\/wp\/v2\/media\/12467"}],"wp:attachment":[{"href":"https:\/\/unisale.com.br\/pastoral\/wp-json\/wp\/v2\/media?parent=12466"}],"wp:term":[{"taxonomy":"category","embeddable":true,"href":"https:\/\/unisale.com.br\/pastoral\/wp-json\/wp\/v2\/categories?post=12466"},{"taxonomy":"post_tag","embeddable":true,"href":"https:\/\/unisale.com.br\/pastoral\/wp-json\/wp\/v2\/tags?post=12466"}],"curies":[{"name":"wp","href":"https:\/\/api.w.org\/{rel}","templated":true}]}}