{"id":12482,"date":"2025-05-22T22:22:09","date_gmt":"2025-05-22T22:22:09","guid":{"rendered":"https:\/\/unisale.com.br\/pastoral\/?p=12482"},"modified":"2025-05-22T22:22:09","modified_gmt":"2025-05-22T22:22:09","slug":"24-05-o-servo-nao-e-maior-que-seu-senhor","status":"publish","type":"post","link":"https:\/\/unisale.com.br\/pastoral\/24-05-o-servo-nao-e-maior-que-seu-senhor\/","title":{"rendered":"24\/05 &#8211; O servo n\u00e3o \u00e9 maior que seu senhor."},"content":{"rendered":"<p>S\u00e1bado, 24 de maio de 2025.<\/p>\n<p>&nbsp;<\/p>\n<p>Evangelho (Jo 15,18-21)<\/p>\n<p>&nbsp;<\/p>\n<p><strong>\u201cO servo n\u00e3o \u00e9 maior que seu senhor\u201d<\/strong><\/p>\n<p>&nbsp;<\/p>\n<p>Naquele tempo, disse Jesus aos seus disc\u00edpulos: <sup>18<\/sup>\u201cSe o mundo vos odeia, sabei que primeiro me odiou a mim. <sup>19<\/sup>Se f\u00f4sseis do mundo, o mundo gostaria daquilo que lhe pertence. Mas, porque n\u00e3o sois do mundo, porque eu vos escolhi e apartei do mundo, o mundo por isso vos odeia. <sup>20<\/sup>Lembrai-vos daquilo que eu vos disse: \u2018O servo n\u00e3o \u00e9 maior que seu senhor\u2019. Se me perseguiram a mim, tamb\u00e9m perseguir\u00e3o a v\u00f3s. Se guardaram a minha palavra, tamb\u00e9m guardar\u00e3o a vossa. <sup>21<\/sup>Tudo isto eles far\u00e3o contra v\u00f3s por causa do meu nome, porque n\u00e3o conhecem aquele que me enviou\u201d.<\/p>\n<p>&nbsp;<\/p>\n<p><strong>Reflex\u00e3o<\/strong><\/p>\n<p>&nbsp;<\/p>\n<p>\u201cSe o mundo vos odeia, sabei que primeiro me odiou a mim. Se f\u00f4sseis do mundo, o mundo gostaria daquilo que lhe pertence. Mas, porque n\u00e3o sois do mundo, porque eu vos escolhi e apartei do mundo, o mundo por isso vos odeia.\u201d<\/p>\n<p>&nbsp;<\/p>\n<p>Uma f\u00e9 que fecha os olhos ao mundo at\u00e9 estamos de acordo \u00e9 um alarme que diz que no nosso modo de viver o Evangelho entrou a mentalidade mundana. Por sua natureza a f\u00e9 \u00e9 um corpo estranho para o mundo. De fato, se a cultura contempor\u00e2nea \u00e9 toda constru\u00edda sobre o individualismo e sobre a economia, de nenhum modo o Evangelho pode descer a compromissos com uma mentalidade semelhante, e por isto automaticamente quem vive diversamente \u00e9 olhado com suspeita ou com desprezo pela maioria. Mas a ningu\u00e9m agrada se sentir como uma voz \u201cfora da tonalidade\u201d e assim preferimos adequarmo-nos \u00e0 massa que testemunhar at\u00e9 o fim a diversidade que nos ensinou Jesus. Ao mesmo tempo \u00e9 sempre perigoso quem goza excessivamente desta diversidade at\u00e9 o ponto de se tornar um fan\u00e1tico da f\u00e9. Na realidade devemos ser sempre humildes, porque os humildes s\u00e3os obstinados naquilo que consideram verdadeiro e n\u00e3o usam de presun\u00e7\u00f5es em testemunh\u00e1-lo. Sem esta humildade teremos somente duas alternativas: ou sermos desonestos ou nos tornamos fan\u00e1ticos. A n\u00f3s como solu\u00e7\u00e3o existe a recomenda\u00e7\u00e3o do pr\u00f3prio Jesus: <sup>\u201c<\/sup>Lembrai-vos daquilo que eu vos disse: \u2018O servo n\u00e3o \u00e9 maior que seu senhor\u2019. Se me perseguiram a mim, tamb\u00e9m perseguir\u00e3o a v\u00f3s. Se guardaram a minha palavra, tamb\u00e9m guardar\u00e3o a vossa. Tudo isto eles far\u00e3o contra v\u00f3s por causa do meu nome, porque n\u00e3o conhecem aquele que me enviou\u201d. Devemos sempre ter a coragem de ler a nossa vida marcada com a vida de Jesus. N\u00e3o podemos nos esquecer que como crist\u00e3os somos chamados a ser \u201coutro Cristo\u201d, e para isto na hist\u00f3ria de Jesus encontramos a nossa estrada que \u00e9 a estrada que n\u00e3o desvia da Cruz, mas conhecemos tamb\u00e9m o nosso destino que \u00e9 a vit\u00f3ria da Ressurrei\u00e7\u00e3o.<\/p>\n<p><strong>Pe. Paulo Eduardo J\u00e1como, SDB.\u00a0<\/strong><\/p>\n","protected":false},"excerpt":{"rendered":"<p>S\u00e1bado, 24 de maio de 2025. &nbsp; Evangelho (Jo 15,18-21) &nbsp; \u201cO servo n\u00e3o \u00e9 maior que seu senhor\u201d &nbsp; Naquele tempo, disse Jesus aos&#8230;<\/p>\n","protected":false},"author":1,"featured_media":12483,"comment_status":"closed","ping_status":"closed","sticky":false,"template":"","format":"standard","meta":{"_acf_changed":false,"footnotes":""},"categories":[13],"tags":[],"class_list":["post-12482","post","type-post","status-publish","format-standard","has-post-thumbnail","hentry","category-reflexaodoevagelho"],"acf":[],"yoast_head":"<!-- This site is optimized with the Yoast SEO plugin v27.3 - https:\/\/yoast.com\/product\/yoast-seo-wordpress\/ -->\n<title>24\/05 - O servo n\u00e3o \u00e9 maior que seu senhor. - Pastoral Universit\u00e1ria UniSALESIANO<\/title>\n<meta name=\"robots\" content=\"index, follow, max-snippet:-1, max-image-preview:large, max-video-preview:-1\" \/>\n<link rel=\"canonical\" href=\"https:\/\/unisale.com.br\/pastoral\/24-05-o-servo-nao-e-maior-que-seu-senhor\/\" \/>\n<meta property=\"og:locale\" content=\"pt_BR\" \/>\n<meta property=\"og:type\" content=\"article\" \/>\n<meta property=\"og:title\" content=\"24\/05 - O servo n\u00e3o \u00e9 maior que seu senhor. - Pastoral Universit\u00e1ria UniSALESIANO\" \/>\n<meta property=\"og:description\" content=\"S\u00e1bado, 24 de maio de 2025. &nbsp; Evangelho (Jo 15,18-21) &nbsp; \u201cO servo n\u00e3o \u00e9 maior que seu senhor\u201d &nbsp; Naquele tempo, disse Jesus aos...\" \/>\n<meta property=\"og:url\" content=\"https:\/\/unisale.com.br\/pastoral\/24-05-o-servo-nao-e-maior-que-seu-senhor\/\" \/>\n<meta property=\"og:site_name\" content=\"Pastoral Universit\u00e1ria UniSALESIANO\" \/>\n<meta property=\"article:published_time\" content=\"2025-05-22T22:22:09+00:00\" \/>\n<meta property=\"og:image\" content=\"https:\/\/unisale.com.br\/pastoral\/wp-content\/uploads\/2025\/05\/Naquele-tempo-disse-Jesus-aos-seus-discipulos_-18Se-o-mundo-vos-odeia-sabei-que-primeiro-me-odiou-a-mim.-19Se-fosseis-do-mundo-o-mundo-gostaria-daquilo-que-lhe-pertence.-Mas-porque-nao-sois-d.jpg\" \/>\n\t<meta property=\"og:image:width\" content=\"1120\" \/>\n\t<meta property=\"og:image:height\" content=\"1120\" \/>\n\t<meta property=\"og:image:type\" content=\"image\/jpeg\" \/>\n<meta name=\"author\" content=\"pastoral\" \/>\n<meta name=\"twitter:card\" content=\"summary_large_image\" \/>\n<meta name=\"twitter:label1\" content=\"Escrito por\" \/>\n\t<meta name=\"twitter:data1\" content=\"pastoral\" \/>\n\t<meta name=\"twitter:label2\" content=\"Est. tempo de leitura\" \/>\n\t<meta name=\"twitter:data2\" content=\"3 minutos\" \/>\n<script type=\"application\/ld+json\" class=\"yoast-schema-graph\">{\"@context\":\"https:\\\/\\\/schema.org\",\"@graph\":[{\"@type\":\"Article\",\"@id\":\"https:\\\/\\\/unisale.com.br\\\/pastoral\\\/24-05-o-servo-nao-e-maior-que-seu-senhor\\\/#article\",\"isPartOf\":{\"@id\":\"https:\\\/\\\/unisale.com.br\\\/pastoral\\\/24-05-o-servo-nao-e-maior-que-seu-senhor\\\/\"},\"author\":{\"name\":\"pastoral\",\"@id\":\"https:\\\/\\\/unisale.com.br\\\/pastoral\\\/#\\\/schema\\\/person\\\/a16ba711a0f7dec9cb6b44563144d5a3\"},\"headline\":\"24\\\/05 &#8211; O servo n\u00e3o \u00e9 maior que seu senhor.\",\"datePublished\":\"2025-05-22T22:22:09+00:00\",\"mainEntityOfPage\":{\"@id\":\"https:\\\/\\\/unisale.com.br\\\/pastoral\\\/24-05-o-servo-nao-e-maior-que-seu-senhor\\\/\"},\"wordCount\":508,\"image\":{\"@id\":\"https:\\\/\\\/unisale.com.br\\\/pastoral\\\/24-05-o-servo-nao-e-maior-que-seu-senhor\\\/#primaryimage\"},\"thumbnailUrl\":\"https:\\\/\\\/unisale.com.br\\\/pastoral\\\/wp-content\\\/uploads\\\/2025\\\/05\\\/Naquele-tempo-disse-Jesus-aos-seus-discipulos_-18Se-o-mundo-vos-odeia-sabei-que-primeiro-me-odiou-a-mim.-19Se-fosseis-do-mundo-o-mundo-gostaria-daquilo-que-lhe-pertence.-Mas-porque-nao-sois-d.jpg\",\"articleSection\":[\"Reflex\u00e3o do Evangelho\"],\"inLanguage\":\"pt-BR\"},{\"@type\":\"WebPage\",\"@id\":\"https:\\\/\\\/unisale.com.br\\\/pastoral\\\/24-05-o-servo-nao-e-maior-que-seu-senhor\\\/\",\"url\":\"https:\\\/\\\/unisale.com.br\\\/pastoral\\\/24-05-o-servo-nao-e-maior-que-seu-senhor\\\/\",\"name\":\"24\\\/05 - O servo n\u00e3o \u00e9 maior que seu senhor. - Pastoral Universit\u00e1ria UniSALESIANO\",\"isPartOf\":{\"@id\":\"https:\\\/\\\/unisale.com.br\\\/pastoral\\\/#website\"},\"primaryImageOfPage\":{\"@id\":\"https:\\\/\\\/unisale.com.br\\\/pastoral\\\/24-05-o-servo-nao-e-maior-que-seu-senhor\\\/#primaryimage\"},\"image\":{\"@id\":\"https:\\\/\\\/unisale.com.br\\\/pastoral\\\/24-05-o-servo-nao-e-maior-que-seu-senhor\\\/#primaryimage\"},\"thumbnailUrl\":\"https:\\\/\\\/unisale.com.br\\\/pastoral\\\/wp-content\\\/uploads\\\/2025\\\/05\\\/Naquele-tempo-disse-Jesus-aos-seus-discipulos_-18Se-o-mundo-vos-odeia-sabei-que-primeiro-me-odiou-a-mim.-19Se-fosseis-do-mundo-o-mundo-gostaria-daquilo-que-lhe-pertence.-Mas-porque-nao-sois-d.jpg\",\"datePublished\":\"2025-05-22T22:22:09+00:00\",\"author\":{\"@id\":\"https:\\\/\\\/unisale.com.br\\\/pastoral\\\/#\\\/schema\\\/person\\\/a16ba711a0f7dec9cb6b44563144d5a3\"},\"inLanguage\":\"pt-BR\",\"potentialAction\":[{\"@type\":\"ReadAction\",\"target\":[\"https:\\\/\\\/unisale.com.br\\\/pastoral\\\/24-05-o-servo-nao-e-maior-que-seu-senhor\\\/\"]}]},{\"@type\":\"ImageObject\",\"inLanguage\":\"pt-BR\",\"@id\":\"https:\\\/\\\/unisale.com.br\\\/pastoral\\\/24-05-o-servo-nao-e-maior-que-seu-senhor\\\/#primaryimage\",\"url\":\"https:\\\/\\\/unisale.com.br\\\/pastoral\\\/wp-content\\\/uploads\\\/2025\\\/05\\\/Naquele-tempo-disse-Jesus-aos-seus-discipulos_-18Se-o-mundo-vos-odeia-sabei-que-primeiro-me-odiou-a-mim.-19Se-fosseis-do-mundo-o-mundo-gostaria-daquilo-que-lhe-pertence.-Mas-porque-nao-sois-d.jpg\",\"contentUrl\":\"https:\\\/\\\/unisale.com.br\\\/pastoral\\\/wp-content\\\/uploads\\\/2025\\\/05\\\/Naquele-tempo-disse-Jesus-aos-seus-discipulos_-18Se-o-mundo-vos-odeia-sabei-que-primeiro-me-odiou-a-mim.-19Se-fosseis-do-mundo-o-mundo-gostaria-daquilo-que-lhe-pertence.-Mas-porque-nao-sois-d.jpg\",\"width\":500,\"height\":500},{\"@type\":\"WebSite\",\"@id\":\"https:\\\/\\\/unisale.com.br\\\/pastoral\\\/#website\",\"url\":\"https:\\\/\\\/unisale.com.br\\\/pastoral\\\/\",\"name\":\"Pastoral Universit\u00e1ria UniSALESIANO\",\"description\":\"Site da Pastoral Universit\u00e1ria do UniSALESIANO\",\"potentialAction\":[{\"@type\":\"SearchAction\",\"target\":{\"@type\":\"EntryPoint\",\"urlTemplate\":\"https:\\\/\\\/unisale.com.br\\\/pastoral\\\/?s={search_term_string}\"},\"query-input\":{\"@type\":\"PropertyValueSpecification\",\"valueRequired\":true,\"valueName\":\"search_term_string\"}}],\"inLanguage\":\"pt-BR\"},{\"@type\":\"Person\",\"@id\":\"https:\\\/\\\/unisale.com.br\\\/pastoral\\\/#\\\/schema\\\/person\\\/a16ba711a0f7dec9cb6b44563144d5a3\",\"name\":\"pastoral\",\"url\":\"https:\\\/\\\/unisale.com.br\\\/pastoral\\\/author\\\/pastoral\\\/\"}]}<\/script>\n<!-- \/ Yoast SEO plugin. -->","yoast_head_json":{"title":"24\/05 - O servo n\u00e3o \u00e9 maior que seu senhor. - Pastoral Universit\u00e1ria UniSALESIANO","robots":{"index":"index","follow":"follow","max-snippet":"max-snippet:-1","max-image-preview":"max-image-preview:large","max-video-preview":"max-video-preview:-1"},"canonical":"https:\/\/unisale.com.br\/pastoral\/24-05-o-servo-nao-e-maior-que-seu-senhor\/","og_locale":"pt_BR","og_type":"article","og_title":"24\/05 - O servo n\u00e3o \u00e9 maior que seu senhor. - Pastoral Universit\u00e1ria UniSALESIANO","og_description":"S\u00e1bado, 24 de maio de 2025. &nbsp; Evangelho (Jo 15,18-21) &nbsp; \u201cO servo n\u00e3o \u00e9 maior que seu senhor\u201d &nbsp; Naquele tempo, disse Jesus aos...","og_url":"https:\/\/unisale.com.br\/pastoral\/24-05-o-servo-nao-e-maior-que-seu-senhor\/","og_site_name":"Pastoral Universit\u00e1ria UniSALESIANO","article_published_time":"2025-05-22T22:22:09+00:00","og_image":[{"width":1120,"height":1120,"url":"https:\/\/unisale.com.br\/pastoral\/wp-content\/uploads\/2025\/05\/Naquele-tempo-disse-Jesus-aos-seus-discipulos_-18Se-o-mundo-vos-odeia-sabei-que-primeiro-me-odiou-a-mim.-19Se-fosseis-do-mundo-o-mundo-gostaria-daquilo-que-lhe-pertence.-Mas-porque-nao-sois-d.jpg","type":"image\/jpeg"}],"author":"pastoral","twitter_card":"summary_large_image","twitter_misc":{"Escrito por":"pastoral","Est. tempo de leitura":"3 minutos"},"schema":{"@context":"https:\/\/schema.org","@graph":[{"@type":"Article","@id":"https:\/\/unisale.com.br\/pastoral\/24-05-o-servo-nao-e-maior-que-seu-senhor\/#article","isPartOf":{"@id":"https:\/\/unisale.com.br\/pastoral\/24-05-o-servo-nao-e-maior-que-seu-senhor\/"},"author":{"name":"pastoral","@id":"https:\/\/unisale.com.br\/pastoral\/#\/schema\/person\/a16ba711a0f7dec9cb6b44563144d5a3"},"headline":"24\/05 &#8211; O servo n\u00e3o \u00e9 maior que seu senhor.","datePublished":"2025-05-22T22:22:09+00:00","mainEntityOfPage":{"@id":"https:\/\/unisale.com.br\/pastoral\/24-05-o-servo-nao-e-maior-que-seu-senhor\/"},"wordCount":508,"image":{"@id":"https:\/\/unisale.com.br\/pastoral\/24-05-o-servo-nao-e-maior-que-seu-senhor\/#primaryimage"},"thumbnailUrl":"https:\/\/unisale.com.br\/pastoral\/wp-content\/uploads\/2025\/05\/Naquele-tempo-disse-Jesus-aos-seus-discipulos_-18Se-o-mundo-vos-odeia-sabei-que-primeiro-me-odiou-a-mim.-19Se-fosseis-do-mundo-o-mundo-gostaria-daquilo-que-lhe-pertence.-Mas-porque-nao-sois-d.jpg","articleSection":["Reflex\u00e3o do Evangelho"],"inLanguage":"pt-BR"},{"@type":"WebPage","@id":"https:\/\/unisale.com.br\/pastoral\/24-05-o-servo-nao-e-maior-que-seu-senhor\/","url":"https:\/\/unisale.com.br\/pastoral\/24-05-o-servo-nao-e-maior-que-seu-senhor\/","name":"24\/05 - O servo n\u00e3o \u00e9 maior que seu senhor. - Pastoral Universit\u00e1ria UniSALESIANO","isPartOf":{"@id":"https:\/\/unisale.com.br\/pastoral\/#website"},"primaryImageOfPage":{"@id":"https:\/\/unisale.com.br\/pastoral\/24-05-o-servo-nao-e-maior-que-seu-senhor\/#primaryimage"},"image":{"@id":"https:\/\/unisale.com.br\/pastoral\/24-05-o-servo-nao-e-maior-que-seu-senhor\/#primaryimage"},"thumbnailUrl":"https:\/\/unisale.com.br\/pastoral\/wp-content\/uploads\/2025\/05\/Naquele-tempo-disse-Jesus-aos-seus-discipulos_-18Se-o-mundo-vos-odeia-sabei-que-primeiro-me-odiou-a-mim.-19Se-fosseis-do-mundo-o-mundo-gostaria-daquilo-que-lhe-pertence.-Mas-porque-nao-sois-d.jpg","datePublished":"2025-05-22T22:22:09+00:00","author":{"@id":"https:\/\/unisale.com.br\/pastoral\/#\/schema\/person\/a16ba711a0f7dec9cb6b44563144d5a3"},"inLanguage":"pt-BR","potentialAction":[{"@type":"ReadAction","target":["https:\/\/unisale.com.br\/pastoral\/24-05-o-servo-nao-e-maior-que-seu-senhor\/"]}]},{"@type":"ImageObject","inLanguage":"pt-BR","@id":"https:\/\/unisale.com.br\/pastoral\/24-05-o-servo-nao-e-maior-que-seu-senhor\/#primaryimage","url":"https:\/\/unisale.com.br\/pastoral\/wp-content\/uploads\/2025\/05\/Naquele-tempo-disse-Jesus-aos-seus-discipulos_-18Se-o-mundo-vos-odeia-sabei-que-primeiro-me-odiou-a-mim.-19Se-fosseis-do-mundo-o-mundo-gostaria-daquilo-que-lhe-pertence.-Mas-porque-nao-sois-d.jpg","contentUrl":"https:\/\/unisale.com.br\/pastoral\/wp-content\/uploads\/2025\/05\/Naquele-tempo-disse-Jesus-aos-seus-discipulos_-18Se-o-mundo-vos-odeia-sabei-que-primeiro-me-odiou-a-mim.-19Se-fosseis-do-mundo-o-mundo-gostaria-daquilo-que-lhe-pertence.-Mas-porque-nao-sois-d.jpg","width":500,"height":500},{"@type":"WebSite","@id":"https:\/\/unisale.com.br\/pastoral\/#website","url":"https:\/\/unisale.com.br\/pastoral\/","name":"Pastoral Universit\u00e1ria UniSALESIANO","description":"Site da Pastoral Universit\u00e1ria do UniSALESIANO","potentialAction":[{"@type":"SearchAction","target":{"@type":"EntryPoint","urlTemplate":"https:\/\/unisale.com.br\/pastoral\/?s={search_term_string}"},"query-input":{"@type":"PropertyValueSpecification","valueRequired":true,"valueName":"search_term_string"}}],"inLanguage":"pt-BR"},{"@type":"Person","@id":"https:\/\/unisale.com.br\/pastoral\/#\/schema\/person\/a16ba711a0f7dec9cb6b44563144d5a3","name":"pastoral","url":"https:\/\/unisale.com.br\/pastoral\/author\/pastoral\/"}]}},"_links":{"self":[{"href":"https:\/\/unisale.com.br\/pastoral\/wp-json\/wp\/v2\/posts\/12482","targetHints":{"allow":["GET"]}}],"collection":[{"href":"https:\/\/unisale.com.br\/pastoral\/wp-json\/wp\/v2\/posts"}],"about":[{"href":"https:\/\/unisale.com.br\/pastoral\/wp-json\/wp\/v2\/types\/post"}],"author":[{"embeddable":true,"href":"https:\/\/unisale.com.br\/pastoral\/wp-json\/wp\/v2\/users\/1"}],"replies":[{"embeddable":true,"href":"https:\/\/unisale.com.br\/pastoral\/wp-json\/wp\/v2\/comments?post=12482"}],"version-history":[{"count":1,"href":"https:\/\/unisale.com.br\/pastoral\/wp-json\/wp\/v2\/posts\/12482\/revisions"}],"predecessor-version":[{"id":12484,"href":"https:\/\/unisale.com.br\/pastoral\/wp-json\/wp\/v2\/posts\/12482\/revisions\/12484"}],"wp:featuredmedia":[{"embeddable":true,"href":"https:\/\/unisale.com.br\/pastoral\/wp-json\/wp\/v2\/media\/12483"}],"wp:attachment":[{"href":"https:\/\/unisale.com.br\/pastoral\/wp-json\/wp\/v2\/media?parent=12482"}],"wp:term":[{"taxonomy":"category","embeddable":true,"href":"https:\/\/unisale.com.br\/pastoral\/wp-json\/wp\/v2\/categories?post=12482"},{"taxonomy":"post_tag","embeddable":true,"href":"https:\/\/unisale.com.br\/pastoral\/wp-json\/wp\/v2\/tags?post=12482"}],"curies":[{"name":"wp","href":"https:\/\/api.w.org\/{rel}","templated":true}]}}