{"id":12494,"date":"2025-05-28T20:31:38","date_gmt":"2025-05-28T20:31:38","guid":{"rendered":"https:\/\/unisale.com.br\/pastoral\/?p=12494"},"modified":"2025-05-28T20:31:38","modified_gmt":"2025-05-28T20:31:38","slug":"29-05-pouco-tempo-ainda-e-ja-nao-me-vereis-e-outra-vez-pouco-tempo-e-me-vereis-de-novo","status":"publish","type":"post","link":"https:\/\/unisale.com.br\/pastoral\/29-05-pouco-tempo-ainda-e-ja-nao-me-vereis-e-outra-vez-pouco-tempo-e-me-vereis-de-novo\/","title":{"rendered":"29\/05 &#8211; Pouco tempo ainda, e j\u00e1 n\u00e3o me vereis. E outra vez pouco tempo, e me vereis de novo."},"content":{"rendered":"<p>Quinta-feira, 29 de maio de 2025.<\/p>\n<p>&nbsp;<\/p>\n<p>Evangelho (Jo 16,16-20)<\/p>\n<p>&nbsp;<\/p>\n<p><strong>\u201cPouco tempo ainda, e j\u00e1 n\u00e3o me vereis. E outra vez pouco tempo, e me vereis de novo\u201d<\/strong><\/p>\n<p>&nbsp;<\/p>\n<p>Naquele tempo, disse Jesus aos seus disc\u00edpulos: <sup>16<\/sup>\u201cPouco tempo ainda, e j\u00e1 n\u00e3o me vereis. E outra vez pouco tempo, e me vereis de novo\u201d. <sup>17<\/sup>Alguns dos seus disc\u00edpulos disseram ent\u00e3o entre si: \u201cO que significa o que ele nos est\u00e1 dizendo: \u2018Pouco tempo, e n\u00e3o me vereis, e outra vez pouco tempo, e me vereis de novo\u2019, e: \u2018Eu vou para junto do Pai?\u2019\u201d. <sup>18<\/sup>Diziam, pois: \u201cO que significa este pouco tempo? N\u00e3o entendemos o que ele quer dizer\u201d. <sup>19<\/sup>Jesus compreendeu que eles queriam interrog\u00e1-lo; ent\u00e3o disse-lhes: \u2018Estais discutindo entre v\u00f3s porque eu disse: \u2018Pouco tempo e j\u00e1 n\u00e3o me vereis, e outra vez pouco tempo e me vereis?\u2019 <sup>20<\/sup>Em verdade, em verdade vos digo: V\u00f3s chorareis e vos lamentareis, mas o mundo se alegrar\u00e1; v\u00f3s ficareis tristes, mas a vossa tristeza se transformar\u00e1 em alegria\u201d.<\/p>\n<p>&nbsp;<\/p>\n<p><strong>Reflex\u00e3o<\/strong><\/p>\n<p>&nbsp;<\/p>\n<p>\u201cPouco tempo ainda, e j\u00e1 n\u00e3o me vereis. E outra vez pouco tempo, e me vereis de novo\u201d<\/p>\n<p>&nbsp;<\/p>\n<p>N\u00e3o podemos entender o evangelho de hoje se n\u00e3o levarmos em considera\u00e7\u00e3o que estamos refletindo o cap\u00edtulo 16 do Evangelho de Jo\u00e3o cujo ponto central \u00e9 a paix\u00e3o de Jesus. O momento aqui narrado acontece um pouco antes da morte de Jesus. N\u00e3o o ver faz refer\u00eancia \u00e0 sua morte e sepultura, o rev\u00ea-lo faz refer\u00eancia \u00e0 sua ressurrei\u00e7\u00e3o, mas isto os disc\u00edpulos justamente n\u00e3o conseguem entender. Exatamente como \u00e9 dif\u00edcil para cada um de n\u00f3s entender qual \u00e9 o sentido da escurid\u00e3o que tantas vezes somos obrigados a viver. No cora\u00e7\u00e3o de cada uma das nossas \u201csextas-feiras santas\u201d reina a confus\u00e3o, o medo, a desmotiva\u00e7\u00e3o. Quando se sofre, quando se \u201cest\u00e1 na cruz\u201d n\u00e3o somos capazes de compreender jamais o sentido de tudo. Como pode Deus permitir isso, e onde na verdade est\u00e1 nos conduzindo? S\u00e3o questionamentos que quando pronunciamos no cora\u00e7\u00e3o de um sofrimento, s\u00e3o destinadas a permanecer sem resposta. \u00c9 assim que acontece tamb\u00e9m a Jesus. Mas Ele nos ensina que em semelhante situa\u00e7\u00e3o n\u00e3o precisamos ficar presos aos nossos questionamentos, mas precisamos confiar. \u201cEstais discutindo entre v\u00f3s porque eu disse: \u2018Pouco tempo e j\u00e1 n\u00e3o me vereis, e outra vez pouco tempo e me vereis?\u2019 <sup>20<\/sup>Em verdade, em verdade vos digo: V\u00f3s chorareis e vos lamentareis, mas o mundo se alegrar\u00e1; v\u00f3s ficareis tristes, mas a vossa tristeza se transformar\u00e1 em alegria\u201d. O mundo ao qual se refere Jesus \u00e9 o mundo baseado no \u00f3dio, no mal e no ego\u00edsmo. Em alguns momentos a cruz parece a vit\u00f3ria do mal. Mas esta alegria \u00e9 destinada a um fim. Existe de fato algo que ningu\u00e9m sabe, ou seja, a surpresa da ressurrei\u00e7\u00e3o. A n\u00f3s muitas vezes falta esta f\u00e9, esta confian\u00e7a para al\u00e9m de qualquer \u201cpor que\u201d que n\u00e3o conseguimos responder.<\/p>\n<p><strong>Pe. Paulo Eduardo J\u00e1como, SDB.<\/strong><\/p>\n","protected":false},"excerpt":{"rendered":"<p>Quinta-feira, 29 de maio de 2025. &nbsp; Evangelho (Jo 16,16-20) &nbsp; \u201cPouco tempo ainda, e j\u00e1 n\u00e3o me vereis. E outra vez pouco tempo, e&#8230;<\/p>\n","protected":false},"author":1,"featured_media":12495,"comment_status":"closed","ping_status":"closed","sticky":false,"template":"","format":"standard","meta":{"_acf_changed":false,"footnotes":""},"categories":[13],"tags":[],"class_list":["post-12494","post","type-post","status-publish","format-standard","has-post-thumbnail","hentry","category-reflexaodoevagelho"],"acf":[],"yoast_head":"<!-- This site is optimized with the Yoast SEO plugin v27.3 - https:\/\/yoast.com\/product\/yoast-seo-wordpress\/ -->\n<title>29\/05 - Pouco tempo ainda, e j\u00e1 n\u00e3o me vereis. E outra vez pouco tempo, e me vereis de novo. - Pastoral Universit\u00e1ria UniSALESIANO<\/title>\n<meta name=\"robots\" content=\"index, follow, max-snippet:-1, max-image-preview:large, max-video-preview:-1\" \/>\n<link rel=\"canonical\" href=\"https:\/\/unisale.com.br\/pastoral\/29-05-pouco-tempo-ainda-e-ja-nao-me-vereis-e-outra-vez-pouco-tempo-e-me-vereis-de-novo\/\" \/>\n<meta property=\"og:locale\" content=\"pt_BR\" \/>\n<meta property=\"og:type\" content=\"article\" \/>\n<meta property=\"og:title\" content=\"29\/05 - Pouco tempo ainda, e j\u00e1 n\u00e3o me vereis. E outra vez pouco tempo, e me vereis de novo. - Pastoral Universit\u00e1ria UniSALESIANO\" \/>\n<meta property=\"og:description\" content=\"Quinta-feira, 29 de maio de 2025. &nbsp; Evangelho (Jo 16,16-20) &nbsp; \u201cPouco tempo ainda, e j\u00e1 n\u00e3o me vereis. E outra vez pouco tempo, e...\" \/>\n<meta property=\"og:url\" content=\"https:\/\/unisale.com.br\/pastoral\/29-05-pouco-tempo-ainda-e-ja-nao-me-vereis-e-outra-vez-pouco-tempo-e-me-vereis-de-novo\/\" \/>\n<meta property=\"og:site_name\" content=\"Pastoral Universit\u00e1ria UniSALESIANO\" \/>\n<meta property=\"article:published_time\" content=\"2025-05-28T20:31:38+00:00\" \/>\n<meta property=\"og:image\" content=\"https:\/\/unisale.com.br\/pastoral\/wp-content\/uploads\/2025\/05\/Naquele-tempo-disse-Jesus-aos-seus-discipulos_-16Pouco-tempo-ainda-e-ja-nao-me-vereis.-E-outra-vez-pouco-tempo-e-me-vereis-de-novo.-17Alguns-dos-seus-discipulos-disseram-entao-entre-si_-O-qu.jpg\" \/>\n\t<meta property=\"og:image:width\" content=\"1120\" \/>\n\t<meta property=\"og:image:height\" content=\"1120\" \/>\n\t<meta property=\"og:image:type\" content=\"image\/jpeg\" \/>\n<meta name=\"author\" content=\"pastoral\" \/>\n<meta name=\"twitter:card\" content=\"summary_large_image\" \/>\n<meta name=\"twitter:label1\" content=\"Escrito por\" \/>\n\t<meta name=\"twitter:data1\" content=\"pastoral\" \/>\n\t<meta name=\"twitter:label2\" content=\"Est. tempo de leitura\" \/>\n\t<meta name=\"twitter:data2\" content=\"3 minutos\" \/>\n<script type=\"application\/ld+json\" class=\"yoast-schema-graph\">{\"@context\":\"https:\\\/\\\/schema.org\",\"@graph\":[{\"@type\":\"Article\",\"@id\":\"https:\\\/\\\/unisale.com.br\\\/pastoral\\\/29-05-pouco-tempo-ainda-e-ja-nao-me-vereis-e-outra-vez-pouco-tempo-e-me-vereis-de-novo\\\/#article\",\"isPartOf\":{\"@id\":\"https:\\\/\\\/unisale.com.br\\\/pastoral\\\/29-05-pouco-tempo-ainda-e-ja-nao-me-vereis-e-outra-vez-pouco-tempo-e-me-vereis-de-novo\\\/\"},\"author\":{\"name\":\"pastoral\",\"@id\":\"https:\\\/\\\/unisale.com.br\\\/pastoral\\\/#\\\/schema\\\/person\\\/a16ba711a0f7dec9cb6b44563144d5a3\"},\"headline\":\"29\\\/05 &#8211; Pouco tempo ainda, e j\u00e1 n\u00e3o me vereis. E outra vez pouco tempo, e me vereis de novo.\",\"datePublished\":\"2025-05-28T20:31:38+00:00\",\"mainEntityOfPage\":{\"@id\":\"https:\\\/\\\/unisale.com.br\\\/pastoral\\\/29-05-pouco-tempo-ainda-e-ja-nao-me-vereis-e-outra-vez-pouco-tempo-e-me-vereis-de-novo\\\/\"},\"wordCount\":551,\"image\":{\"@id\":\"https:\\\/\\\/unisale.com.br\\\/pastoral\\\/29-05-pouco-tempo-ainda-e-ja-nao-me-vereis-e-outra-vez-pouco-tempo-e-me-vereis-de-novo\\\/#primaryimage\"},\"thumbnailUrl\":\"https:\\\/\\\/unisale.com.br\\\/pastoral\\\/wp-content\\\/uploads\\\/2025\\\/05\\\/Naquele-tempo-disse-Jesus-aos-seus-discipulos_-16Pouco-tempo-ainda-e-ja-nao-me-vereis.-E-outra-vez-pouco-tempo-e-me-vereis-de-novo.-17Alguns-dos-seus-discipulos-disseram-entao-entre-si_-O-qu.jpg\",\"articleSection\":[\"Reflex\u00e3o do Evangelho\"],\"inLanguage\":\"pt-BR\"},{\"@type\":\"WebPage\",\"@id\":\"https:\\\/\\\/unisale.com.br\\\/pastoral\\\/29-05-pouco-tempo-ainda-e-ja-nao-me-vereis-e-outra-vez-pouco-tempo-e-me-vereis-de-novo\\\/\",\"url\":\"https:\\\/\\\/unisale.com.br\\\/pastoral\\\/29-05-pouco-tempo-ainda-e-ja-nao-me-vereis-e-outra-vez-pouco-tempo-e-me-vereis-de-novo\\\/\",\"name\":\"29\\\/05 - Pouco tempo ainda, e j\u00e1 n\u00e3o me vereis. E outra vez pouco tempo, e me vereis de novo. - Pastoral Universit\u00e1ria UniSALESIANO\",\"isPartOf\":{\"@id\":\"https:\\\/\\\/unisale.com.br\\\/pastoral\\\/#website\"},\"primaryImageOfPage\":{\"@id\":\"https:\\\/\\\/unisale.com.br\\\/pastoral\\\/29-05-pouco-tempo-ainda-e-ja-nao-me-vereis-e-outra-vez-pouco-tempo-e-me-vereis-de-novo\\\/#primaryimage\"},\"image\":{\"@id\":\"https:\\\/\\\/unisale.com.br\\\/pastoral\\\/29-05-pouco-tempo-ainda-e-ja-nao-me-vereis-e-outra-vez-pouco-tempo-e-me-vereis-de-novo\\\/#primaryimage\"},\"thumbnailUrl\":\"https:\\\/\\\/unisale.com.br\\\/pastoral\\\/wp-content\\\/uploads\\\/2025\\\/05\\\/Naquele-tempo-disse-Jesus-aos-seus-discipulos_-16Pouco-tempo-ainda-e-ja-nao-me-vereis.-E-outra-vez-pouco-tempo-e-me-vereis-de-novo.-17Alguns-dos-seus-discipulos-disseram-entao-entre-si_-O-qu.jpg\",\"datePublished\":\"2025-05-28T20:31:38+00:00\",\"author\":{\"@id\":\"https:\\\/\\\/unisale.com.br\\\/pastoral\\\/#\\\/schema\\\/person\\\/a16ba711a0f7dec9cb6b44563144d5a3\"},\"inLanguage\":\"pt-BR\",\"potentialAction\":[{\"@type\":\"ReadAction\",\"target\":[\"https:\\\/\\\/unisale.com.br\\\/pastoral\\\/29-05-pouco-tempo-ainda-e-ja-nao-me-vereis-e-outra-vez-pouco-tempo-e-me-vereis-de-novo\\\/\"]}]},{\"@type\":\"ImageObject\",\"inLanguage\":\"pt-BR\",\"@id\":\"https:\\\/\\\/unisale.com.br\\\/pastoral\\\/29-05-pouco-tempo-ainda-e-ja-nao-me-vereis-e-outra-vez-pouco-tempo-e-me-vereis-de-novo\\\/#primaryimage\",\"url\":\"https:\\\/\\\/unisale.com.br\\\/pastoral\\\/wp-content\\\/uploads\\\/2025\\\/05\\\/Naquele-tempo-disse-Jesus-aos-seus-discipulos_-16Pouco-tempo-ainda-e-ja-nao-me-vereis.-E-outra-vez-pouco-tempo-e-me-vereis-de-novo.-17Alguns-dos-seus-discipulos-disseram-entao-entre-si_-O-qu.jpg\",\"contentUrl\":\"https:\\\/\\\/unisale.com.br\\\/pastoral\\\/wp-content\\\/uploads\\\/2025\\\/05\\\/Naquele-tempo-disse-Jesus-aos-seus-discipulos_-16Pouco-tempo-ainda-e-ja-nao-me-vereis.-E-outra-vez-pouco-tempo-e-me-vereis-de-novo.-17Alguns-dos-seus-discipulos-disseram-entao-entre-si_-O-qu.jpg\",\"width\":500,\"height\":500},{\"@type\":\"WebSite\",\"@id\":\"https:\\\/\\\/unisale.com.br\\\/pastoral\\\/#website\",\"url\":\"https:\\\/\\\/unisale.com.br\\\/pastoral\\\/\",\"name\":\"Pastoral Universit\u00e1ria UniSALESIANO\",\"description\":\"Site da Pastoral Universit\u00e1ria do UniSALESIANO\",\"potentialAction\":[{\"@type\":\"SearchAction\",\"target\":{\"@type\":\"EntryPoint\",\"urlTemplate\":\"https:\\\/\\\/unisale.com.br\\\/pastoral\\\/?s={search_term_string}\"},\"query-input\":{\"@type\":\"PropertyValueSpecification\",\"valueRequired\":true,\"valueName\":\"search_term_string\"}}],\"inLanguage\":\"pt-BR\"},{\"@type\":\"Person\",\"@id\":\"https:\\\/\\\/unisale.com.br\\\/pastoral\\\/#\\\/schema\\\/person\\\/a16ba711a0f7dec9cb6b44563144d5a3\",\"name\":\"pastoral\",\"url\":\"https:\\\/\\\/unisale.com.br\\\/pastoral\\\/author\\\/pastoral\\\/\"}]}<\/script>\n<!-- \/ Yoast SEO plugin. -->","yoast_head_json":{"title":"29\/05 - Pouco tempo ainda, e j\u00e1 n\u00e3o me vereis. E outra vez pouco tempo, e me vereis de novo. - Pastoral Universit\u00e1ria UniSALESIANO","robots":{"index":"index","follow":"follow","max-snippet":"max-snippet:-1","max-image-preview":"max-image-preview:large","max-video-preview":"max-video-preview:-1"},"canonical":"https:\/\/unisale.com.br\/pastoral\/29-05-pouco-tempo-ainda-e-ja-nao-me-vereis-e-outra-vez-pouco-tempo-e-me-vereis-de-novo\/","og_locale":"pt_BR","og_type":"article","og_title":"29\/05 - Pouco tempo ainda, e j\u00e1 n\u00e3o me vereis. E outra vez pouco tempo, e me vereis de novo. - Pastoral Universit\u00e1ria UniSALESIANO","og_description":"Quinta-feira, 29 de maio de 2025. &nbsp; Evangelho (Jo 16,16-20) &nbsp; \u201cPouco tempo ainda, e j\u00e1 n\u00e3o me vereis. E outra vez pouco tempo, e...","og_url":"https:\/\/unisale.com.br\/pastoral\/29-05-pouco-tempo-ainda-e-ja-nao-me-vereis-e-outra-vez-pouco-tempo-e-me-vereis-de-novo\/","og_site_name":"Pastoral Universit\u00e1ria UniSALESIANO","article_published_time":"2025-05-28T20:31:38+00:00","og_image":[{"width":1120,"height":1120,"url":"https:\/\/unisale.com.br\/pastoral\/wp-content\/uploads\/2025\/05\/Naquele-tempo-disse-Jesus-aos-seus-discipulos_-16Pouco-tempo-ainda-e-ja-nao-me-vereis.-E-outra-vez-pouco-tempo-e-me-vereis-de-novo.-17Alguns-dos-seus-discipulos-disseram-entao-entre-si_-O-qu.jpg","type":"image\/jpeg"}],"author":"pastoral","twitter_card":"summary_large_image","twitter_misc":{"Escrito por":"pastoral","Est. tempo de leitura":"3 minutos"},"schema":{"@context":"https:\/\/schema.org","@graph":[{"@type":"Article","@id":"https:\/\/unisale.com.br\/pastoral\/29-05-pouco-tempo-ainda-e-ja-nao-me-vereis-e-outra-vez-pouco-tempo-e-me-vereis-de-novo\/#article","isPartOf":{"@id":"https:\/\/unisale.com.br\/pastoral\/29-05-pouco-tempo-ainda-e-ja-nao-me-vereis-e-outra-vez-pouco-tempo-e-me-vereis-de-novo\/"},"author":{"name":"pastoral","@id":"https:\/\/unisale.com.br\/pastoral\/#\/schema\/person\/a16ba711a0f7dec9cb6b44563144d5a3"},"headline":"29\/05 &#8211; Pouco tempo ainda, e j\u00e1 n\u00e3o me vereis. E outra vez pouco tempo, e me vereis de novo.","datePublished":"2025-05-28T20:31:38+00:00","mainEntityOfPage":{"@id":"https:\/\/unisale.com.br\/pastoral\/29-05-pouco-tempo-ainda-e-ja-nao-me-vereis-e-outra-vez-pouco-tempo-e-me-vereis-de-novo\/"},"wordCount":551,"image":{"@id":"https:\/\/unisale.com.br\/pastoral\/29-05-pouco-tempo-ainda-e-ja-nao-me-vereis-e-outra-vez-pouco-tempo-e-me-vereis-de-novo\/#primaryimage"},"thumbnailUrl":"https:\/\/unisale.com.br\/pastoral\/wp-content\/uploads\/2025\/05\/Naquele-tempo-disse-Jesus-aos-seus-discipulos_-16Pouco-tempo-ainda-e-ja-nao-me-vereis.-E-outra-vez-pouco-tempo-e-me-vereis-de-novo.-17Alguns-dos-seus-discipulos-disseram-entao-entre-si_-O-qu.jpg","articleSection":["Reflex\u00e3o do Evangelho"],"inLanguage":"pt-BR"},{"@type":"WebPage","@id":"https:\/\/unisale.com.br\/pastoral\/29-05-pouco-tempo-ainda-e-ja-nao-me-vereis-e-outra-vez-pouco-tempo-e-me-vereis-de-novo\/","url":"https:\/\/unisale.com.br\/pastoral\/29-05-pouco-tempo-ainda-e-ja-nao-me-vereis-e-outra-vez-pouco-tempo-e-me-vereis-de-novo\/","name":"29\/05 - Pouco tempo ainda, e j\u00e1 n\u00e3o me vereis. E outra vez pouco tempo, e me vereis de novo. - Pastoral Universit\u00e1ria UniSALESIANO","isPartOf":{"@id":"https:\/\/unisale.com.br\/pastoral\/#website"},"primaryImageOfPage":{"@id":"https:\/\/unisale.com.br\/pastoral\/29-05-pouco-tempo-ainda-e-ja-nao-me-vereis-e-outra-vez-pouco-tempo-e-me-vereis-de-novo\/#primaryimage"},"image":{"@id":"https:\/\/unisale.com.br\/pastoral\/29-05-pouco-tempo-ainda-e-ja-nao-me-vereis-e-outra-vez-pouco-tempo-e-me-vereis-de-novo\/#primaryimage"},"thumbnailUrl":"https:\/\/unisale.com.br\/pastoral\/wp-content\/uploads\/2025\/05\/Naquele-tempo-disse-Jesus-aos-seus-discipulos_-16Pouco-tempo-ainda-e-ja-nao-me-vereis.-E-outra-vez-pouco-tempo-e-me-vereis-de-novo.-17Alguns-dos-seus-discipulos-disseram-entao-entre-si_-O-qu.jpg","datePublished":"2025-05-28T20:31:38+00:00","author":{"@id":"https:\/\/unisale.com.br\/pastoral\/#\/schema\/person\/a16ba711a0f7dec9cb6b44563144d5a3"},"inLanguage":"pt-BR","potentialAction":[{"@type":"ReadAction","target":["https:\/\/unisale.com.br\/pastoral\/29-05-pouco-tempo-ainda-e-ja-nao-me-vereis-e-outra-vez-pouco-tempo-e-me-vereis-de-novo\/"]}]},{"@type":"ImageObject","inLanguage":"pt-BR","@id":"https:\/\/unisale.com.br\/pastoral\/29-05-pouco-tempo-ainda-e-ja-nao-me-vereis-e-outra-vez-pouco-tempo-e-me-vereis-de-novo\/#primaryimage","url":"https:\/\/unisale.com.br\/pastoral\/wp-content\/uploads\/2025\/05\/Naquele-tempo-disse-Jesus-aos-seus-discipulos_-16Pouco-tempo-ainda-e-ja-nao-me-vereis.-E-outra-vez-pouco-tempo-e-me-vereis-de-novo.-17Alguns-dos-seus-discipulos-disseram-entao-entre-si_-O-qu.jpg","contentUrl":"https:\/\/unisale.com.br\/pastoral\/wp-content\/uploads\/2025\/05\/Naquele-tempo-disse-Jesus-aos-seus-discipulos_-16Pouco-tempo-ainda-e-ja-nao-me-vereis.-E-outra-vez-pouco-tempo-e-me-vereis-de-novo.-17Alguns-dos-seus-discipulos-disseram-entao-entre-si_-O-qu.jpg","width":500,"height":500},{"@type":"WebSite","@id":"https:\/\/unisale.com.br\/pastoral\/#website","url":"https:\/\/unisale.com.br\/pastoral\/","name":"Pastoral Universit\u00e1ria UniSALESIANO","description":"Site da Pastoral Universit\u00e1ria do UniSALESIANO","potentialAction":[{"@type":"SearchAction","target":{"@type":"EntryPoint","urlTemplate":"https:\/\/unisale.com.br\/pastoral\/?s={search_term_string}"},"query-input":{"@type":"PropertyValueSpecification","valueRequired":true,"valueName":"search_term_string"}}],"inLanguage":"pt-BR"},{"@type":"Person","@id":"https:\/\/unisale.com.br\/pastoral\/#\/schema\/person\/a16ba711a0f7dec9cb6b44563144d5a3","name":"pastoral","url":"https:\/\/unisale.com.br\/pastoral\/author\/pastoral\/"}]}},"_links":{"self":[{"href":"https:\/\/unisale.com.br\/pastoral\/wp-json\/wp\/v2\/posts\/12494","targetHints":{"allow":["GET"]}}],"collection":[{"href":"https:\/\/unisale.com.br\/pastoral\/wp-json\/wp\/v2\/posts"}],"about":[{"href":"https:\/\/unisale.com.br\/pastoral\/wp-json\/wp\/v2\/types\/post"}],"author":[{"embeddable":true,"href":"https:\/\/unisale.com.br\/pastoral\/wp-json\/wp\/v2\/users\/1"}],"replies":[{"embeddable":true,"href":"https:\/\/unisale.com.br\/pastoral\/wp-json\/wp\/v2\/comments?post=12494"}],"version-history":[{"count":1,"href":"https:\/\/unisale.com.br\/pastoral\/wp-json\/wp\/v2\/posts\/12494\/revisions"}],"predecessor-version":[{"id":12496,"href":"https:\/\/unisale.com.br\/pastoral\/wp-json\/wp\/v2\/posts\/12494\/revisions\/12496"}],"wp:featuredmedia":[{"embeddable":true,"href":"https:\/\/unisale.com.br\/pastoral\/wp-json\/wp\/v2\/media\/12495"}],"wp:attachment":[{"href":"https:\/\/unisale.com.br\/pastoral\/wp-json\/wp\/v2\/media?parent=12494"}],"wp:term":[{"taxonomy":"category","embeddable":true,"href":"https:\/\/unisale.com.br\/pastoral\/wp-json\/wp\/v2\/categories?post=12494"},{"taxonomy":"post_tag","embeddable":true,"href":"https:\/\/unisale.com.br\/pastoral\/wp-json\/wp\/v2\/tags?post=12494"}],"curies":[{"name":"wp","href":"https:\/\/api.w.org\/{rel}","templated":true}]}}