{"id":12503,"date":"2025-05-30T22:33:00","date_gmt":"2025-05-30T22:33:00","guid":{"rendered":"https:\/\/unisale.com.br\/pastoral\/?p=12503"},"modified":"2025-05-30T22:33:00","modified_gmt":"2025-05-30T22:33:00","slug":"01-06-enquanto-os-abencoava-afastou-se-deles-e-foi-levado-para-o-ceu","status":"publish","type":"post","link":"https:\/\/unisale.com.br\/pastoral\/01-06-enquanto-os-abencoava-afastou-se-deles-e-foi-levado-para-o-ceu\/","title":{"rendered":"01\/06 &#8211; Enquanto os aben\u00e7oava, afastou-se deles e foi levado para o c\u00e9u."},"content":{"rendered":"<p>Domingo, 01 de junho de 2025.<\/p>\n<p>&nbsp;<\/p>\n<p>Evangelho (Lc 24,46-53)<\/p>\n<p>&nbsp;<\/p>\n<p><strong>\u201cEnquanto os aben\u00e7oava, afastou-se deles e foi levado para o c\u00e9u.\u201d<\/strong><\/p>\n<p>&nbsp;<\/p>\n<p>Naquele tempo, disse Jesus a seus disc\u00edpulos: <sup>46<\/sup>\u201cAssim est\u00e1 escrito: O Cristo sofrer\u00e1 e ressuscitar\u00e1 dos mortos ao terceiro dia <sup>47<\/sup>e no seu nome ser\u00e3o anunciados a convers\u00e3o e o perd\u00e3o dos pecados a todas as na\u00e7\u00f5es, come\u00e7ando por Jerusal\u00e9m. <sup>48<\/sup>V\u00f3s sereis testemunhas de tudo isso. <sup>49<\/sup>Eu enviarei sobre v\u00f3s aquele que meu Pai prometeu. Por isso, permanecei na cidade, at\u00e9 que sejais revestidos da for\u00e7a do alto\u201d. <sup>50<\/sup>Ent\u00e3o Jesus levou-os para fora, at\u00e9 perto de Bet\u00e2nia. Ali ergueu as m\u00e3os e aben\u00e7oou-os. <sup>51<\/sup>Enquanto os aben\u00e7oava, afastou-se deles e foi levado para o c\u00e9u. <sup>52<\/sup>Eles o adoraram. Em seguida voltaram para Jerusal\u00e9m, com grande alegria. <sup>53<\/sup>E estavam sempre no Templo, bendizendo a Deus.<\/p>\n<p>&nbsp;<\/p>\n<p><strong>Reflex\u00e3o<\/strong><\/p>\n<p>&nbsp;<\/p>\n<p>Como gostar\u00edamos se fosse poss\u00edvel de ver Jesus com os nossos olhos; como S. Jo\u00e3o, gostar\u00edamos de apoiar a cabe\u00e7a sobre o peito de Jesus; como S. Tom\u00e1s, gostar\u00edamos de tocar suas feridas com as nossas m\u00e3os para sentir a seguran\u00e7a da sua presen\u00e7a. Queremos Deus comodamente \u00e0 nossa disposi\u00e7\u00e3o para nos esconder \u00e0 sombra de Sua prote\u00e7\u00e3o! Ao inv\u00e9s, Jesus atravessou os confins e deixou no mundo um grupo de pobres homens, enviando-os no meio da multid\u00e3o dos homens e dizendo a eles: \u201cIde por todo o mundo!\u201d. O Evangelho de hoje nos apresenta a separa\u00e7\u00e3o de Jesus dos seus disc\u00edpulos. Mas sabemos que n\u00e3o foi um abandono, porque Ele prometeu permanecer para sempre com eles, com cada um de n\u00f3s de uma forma diferente. Jesus atrai o olhar dos ap\u00f3stolos e nosso para o c\u00e9u para nos indicar o caminho para o bem nesta vida terrena. Mas ele permanece na trama da nossa hist\u00f3ria, est\u00e1 pr\u00f3ximo de n\u00f3s e nos guia no nosso caminho crist\u00e3o. \u00c9 companheiro dos que s\u00e3o perseguidos por causa da f\u00e9, est\u00e1 no cora\u00e7\u00e3o de todos os marginalizados. Podemos ver, ouvir e tocar o Senhor Jesus na Igreja, sobretudo atrav\u00e9s da Palavra e dos Sacramentos. Jesus nos abriu o caminho para o c\u00e9u e nos permite saborear aqui na terra a vida divina. O c\u00e9u, olhar para o c\u00e9u afasta de n\u00f3s toda tristeza e faz a nossa alma encontrar tranquilidade.<\/p>\n<p><strong>Pe. Paulo Eduardo J\u00e1como, SDB.<\/strong><\/p>\n","protected":false},"excerpt":{"rendered":"<p>Domingo, 01 de junho de 2025. &nbsp; Evangelho (Lc 24,46-53) &nbsp; \u201cEnquanto os aben\u00e7oava, afastou-se deles e foi levado para o c\u00e9u.\u201d &nbsp; Naquele tempo,&#8230;<\/p>\n","protected":false},"author":1,"featured_media":12504,"comment_status":"closed","ping_status":"closed","sticky":false,"template":"","format":"standard","meta":{"_acf_changed":false,"footnotes":""},"categories":[13],"tags":[],"class_list":["post-12503","post","type-post","status-publish","format-standard","has-post-thumbnail","hentry","category-reflexaodoevagelho"],"acf":[],"yoast_head":"<!-- This site is optimized with the Yoast SEO plugin v27.3 - https:\/\/yoast.com\/product\/yoast-seo-wordpress\/ -->\n<title>01\/06 - Enquanto os aben\u00e7oava, afastou-se deles e foi levado para o c\u00e9u. - Pastoral Universit\u00e1ria UniSALESIANO<\/title>\n<meta name=\"robots\" content=\"index, follow, max-snippet:-1, max-image-preview:large, max-video-preview:-1\" \/>\n<link rel=\"canonical\" href=\"https:\/\/unisale.com.br\/pastoral\/01-06-enquanto-os-abencoava-afastou-se-deles-e-foi-levado-para-o-ceu\/\" \/>\n<meta property=\"og:locale\" content=\"pt_BR\" \/>\n<meta property=\"og:type\" content=\"article\" \/>\n<meta property=\"og:title\" content=\"01\/06 - Enquanto os aben\u00e7oava, afastou-se deles e foi levado para o c\u00e9u. - Pastoral Universit\u00e1ria UniSALESIANO\" \/>\n<meta property=\"og:description\" content=\"Domingo, 01 de junho de 2025. &nbsp; Evangelho (Lc 24,46-53) &nbsp; \u201cEnquanto os aben\u00e7oava, afastou-se deles e foi levado para o c\u00e9u.\u201d &nbsp; Naquele tempo,...\" \/>\n<meta property=\"og:url\" content=\"https:\/\/unisale.com.br\/pastoral\/01-06-enquanto-os-abencoava-afastou-se-deles-e-foi-levado-para-o-ceu\/\" \/>\n<meta property=\"og:site_name\" content=\"Pastoral Universit\u00e1ria UniSALESIANO\" \/>\n<meta property=\"article:published_time\" content=\"2025-05-30T22:33:00+00:00\" \/>\n<meta property=\"og:image\" content=\"https:\/\/unisale.com.br\/pastoral\/wp-content\/uploads\/2025\/05\/Naquele-tempo_-disse-Jesus-a-seus-discipulos_-46Assim-esta-escrito_-O-Cristo-sofrera-e-ressuscitara.png\" \/>\n\t<meta property=\"og:image:width\" content=\"1120\" \/>\n\t<meta property=\"og:image:height\" content=\"1120\" \/>\n\t<meta property=\"og:image:type\" content=\"image\/png\" \/>\n<meta name=\"author\" content=\"pastoral\" \/>\n<meta name=\"twitter:card\" content=\"summary_large_image\" \/>\n<meta name=\"twitter:label1\" content=\"Escrito por\" \/>\n\t<meta name=\"twitter:data1\" content=\"pastoral\" \/>\n\t<meta name=\"twitter:label2\" content=\"Est. tempo de leitura\" \/>\n\t<meta name=\"twitter:data2\" content=\"3 minutos\" \/>\n<script type=\"application\/ld+json\" class=\"yoast-schema-graph\">{\"@context\":\"https:\\\/\\\/schema.org\",\"@graph\":[{\"@type\":\"Article\",\"@id\":\"https:\\\/\\\/unisale.com.br\\\/pastoral\\\/01-06-enquanto-os-abencoava-afastou-se-deles-e-foi-levado-para-o-ceu\\\/#article\",\"isPartOf\":{\"@id\":\"https:\\\/\\\/unisale.com.br\\\/pastoral\\\/01-06-enquanto-os-abencoava-afastou-se-deles-e-foi-levado-para-o-ceu\\\/\"},\"author\":{\"name\":\"pastoral\",\"@id\":\"https:\\\/\\\/unisale.com.br\\\/pastoral\\\/#\\\/schema\\\/person\\\/a16ba711a0f7dec9cb6b44563144d5a3\"},\"headline\":\"01\\\/06 &#8211; Enquanto os aben\u00e7oava, afastou-se deles e foi levado para o c\u00e9u.\",\"datePublished\":\"2025-05-30T22:33:00+00:00\",\"mainEntityOfPage\":{\"@id\":\"https:\\\/\\\/unisale.com.br\\\/pastoral\\\/01-06-enquanto-os-abencoava-afastou-se-deles-e-foi-levado-para-o-ceu\\\/\"},\"wordCount\":442,\"image\":{\"@id\":\"https:\\\/\\\/unisale.com.br\\\/pastoral\\\/01-06-enquanto-os-abencoava-afastou-se-deles-e-foi-levado-para-o-ceu\\\/#primaryimage\"},\"thumbnailUrl\":\"https:\\\/\\\/unisale.com.br\\\/pastoral\\\/wp-content\\\/uploads\\\/2025\\\/05\\\/Naquele-tempo_-disse-Jesus-a-seus-discipulos_-46Assim-esta-escrito_-O-Cristo-sofrera-e-ressuscitara.jpg\",\"articleSection\":[\"Reflex\u00e3o do Evangelho\"],\"inLanguage\":\"pt-BR\"},{\"@type\":\"WebPage\",\"@id\":\"https:\\\/\\\/unisale.com.br\\\/pastoral\\\/01-06-enquanto-os-abencoava-afastou-se-deles-e-foi-levado-para-o-ceu\\\/\",\"url\":\"https:\\\/\\\/unisale.com.br\\\/pastoral\\\/01-06-enquanto-os-abencoava-afastou-se-deles-e-foi-levado-para-o-ceu\\\/\",\"name\":\"01\\\/06 - Enquanto os aben\u00e7oava, afastou-se deles e foi levado para o c\u00e9u. - Pastoral Universit\u00e1ria UniSALESIANO\",\"isPartOf\":{\"@id\":\"https:\\\/\\\/unisale.com.br\\\/pastoral\\\/#website\"},\"primaryImageOfPage\":{\"@id\":\"https:\\\/\\\/unisale.com.br\\\/pastoral\\\/01-06-enquanto-os-abencoava-afastou-se-deles-e-foi-levado-para-o-ceu\\\/#primaryimage\"},\"image\":{\"@id\":\"https:\\\/\\\/unisale.com.br\\\/pastoral\\\/01-06-enquanto-os-abencoava-afastou-se-deles-e-foi-levado-para-o-ceu\\\/#primaryimage\"},\"thumbnailUrl\":\"https:\\\/\\\/unisale.com.br\\\/pastoral\\\/wp-content\\\/uploads\\\/2025\\\/05\\\/Naquele-tempo_-disse-Jesus-a-seus-discipulos_-46Assim-esta-escrito_-O-Cristo-sofrera-e-ressuscitara.jpg\",\"datePublished\":\"2025-05-30T22:33:00+00:00\",\"author\":{\"@id\":\"https:\\\/\\\/unisale.com.br\\\/pastoral\\\/#\\\/schema\\\/person\\\/a16ba711a0f7dec9cb6b44563144d5a3\"},\"inLanguage\":\"pt-BR\",\"potentialAction\":[{\"@type\":\"ReadAction\",\"target\":[\"https:\\\/\\\/unisale.com.br\\\/pastoral\\\/01-06-enquanto-os-abencoava-afastou-se-deles-e-foi-levado-para-o-ceu\\\/\"]}]},{\"@type\":\"ImageObject\",\"inLanguage\":\"pt-BR\",\"@id\":\"https:\\\/\\\/unisale.com.br\\\/pastoral\\\/01-06-enquanto-os-abencoava-afastou-se-deles-e-foi-levado-para-o-ceu\\\/#primaryimage\",\"url\":\"https:\\\/\\\/unisale.com.br\\\/pastoral\\\/wp-content\\\/uploads\\\/2025\\\/05\\\/Naquele-tempo_-disse-Jesus-a-seus-discipulos_-46Assim-esta-escrito_-O-Cristo-sofrera-e-ressuscitara.jpg\",\"contentUrl\":\"https:\\\/\\\/unisale.com.br\\\/pastoral\\\/wp-content\\\/uploads\\\/2025\\\/05\\\/Naquele-tempo_-disse-Jesus-a-seus-discipulos_-46Assim-esta-escrito_-O-Cristo-sofrera-e-ressuscitara.jpg\",\"width\":500,\"height\":500},{\"@type\":\"WebSite\",\"@id\":\"https:\\\/\\\/unisale.com.br\\\/pastoral\\\/#website\",\"url\":\"https:\\\/\\\/unisale.com.br\\\/pastoral\\\/\",\"name\":\"Pastoral Universit\u00e1ria UniSALESIANO\",\"description\":\"Site da Pastoral Universit\u00e1ria do UniSALESIANO\",\"potentialAction\":[{\"@type\":\"SearchAction\",\"target\":{\"@type\":\"EntryPoint\",\"urlTemplate\":\"https:\\\/\\\/unisale.com.br\\\/pastoral\\\/?s={search_term_string}\"},\"query-input\":{\"@type\":\"PropertyValueSpecification\",\"valueRequired\":true,\"valueName\":\"search_term_string\"}}],\"inLanguage\":\"pt-BR\"},{\"@type\":\"Person\",\"@id\":\"https:\\\/\\\/unisale.com.br\\\/pastoral\\\/#\\\/schema\\\/person\\\/a16ba711a0f7dec9cb6b44563144d5a3\",\"name\":\"pastoral\",\"url\":\"https:\\\/\\\/unisale.com.br\\\/pastoral\\\/author\\\/pastoral\\\/\"}]}<\/script>\n<!-- \/ Yoast SEO plugin. -->","yoast_head_json":{"title":"01\/06 - Enquanto os aben\u00e7oava, afastou-se deles e foi levado para o c\u00e9u. - Pastoral Universit\u00e1ria UniSALESIANO","robots":{"index":"index","follow":"follow","max-snippet":"max-snippet:-1","max-image-preview":"max-image-preview:large","max-video-preview":"max-video-preview:-1"},"canonical":"https:\/\/unisale.com.br\/pastoral\/01-06-enquanto-os-abencoava-afastou-se-deles-e-foi-levado-para-o-ceu\/","og_locale":"pt_BR","og_type":"article","og_title":"01\/06 - Enquanto os aben\u00e7oava, afastou-se deles e foi levado para o c\u00e9u. - Pastoral Universit\u00e1ria UniSALESIANO","og_description":"Domingo, 01 de junho de 2025. &nbsp; Evangelho (Lc 24,46-53) &nbsp; \u201cEnquanto os aben\u00e7oava, afastou-se deles e foi levado para o c\u00e9u.\u201d &nbsp; Naquele tempo,...","og_url":"https:\/\/unisale.com.br\/pastoral\/01-06-enquanto-os-abencoava-afastou-se-deles-e-foi-levado-para-o-ceu\/","og_site_name":"Pastoral Universit\u00e1ria UniSALESIANO","article_published_time":"2025-05-30T22:33:00+00:00","og_image":[{"width":1120,"height":1120,"url":"https:\/\/unisale.com.br\/pastoral\/wp-content\/uploads\/2025\/05\/Naquele-tempo_-disse-Jesus-a-seus-discipulos_-46Assim-esta-escrito_-O-Cristo-sofrera-e-ressuscitara.png","type":"image\/png"}],"author":"pastoral","twitter_card":"summary_large_image","twitter_misc":{"Escrito por":"pastoral","Est. tempo de leitura":"3 minutos"},"schema":{"@context":"https:\/\/schema.org","@graph":[{"@type":"Article","@id":"https:\/\/unisale.com.br\/pastoral\/01-06-enquanto-os-abencoava-afastou-se-deles-e-foi-levado-para-o-ceu\/#article","isPartOf":{"@id":"https:\/\/unisale.com.br\/pastoral\/01-06-enquanto-os-abencoava-afastou-se-deles-e-foi-levado-para-o-ceu\/"},"author":{"name":"pastoral","@id":"https:\/\/unisale.com.br\/pastoral\/#\/schema\/person\/a16ba711a0f7dec9cb6b44563144d5a3"},"headline":"01\/06 &#8211; Enquanto os aben\u00e7oava, afastou-se deles e foi levado para o c\u00e9u.","datePublished":"2025-05-30T22:33:00+00:00","mainEntityOfPage":{"@id":"https:\/\/unisale.com.br\/pastoral\/01-06-enquanto-os-abencoava-afastou-se-deles-e-foi-levado-para-o-ceu\/"},"wordCount":442,"image":{"@id":"https:\/\/unisale.com.br\/pastoral\/01-06-enquanto-os-abencoava-afastou-se-deles-e-foi-levado-para-o-ceu\/#primaryimage"},"thumbnailUrl":"https:\/\/unisale.com.br\/pastoral\/wp-content\/uploads\/2025\/05\/Naquele-tempo_-disse-Jesus-a-seus-discipulos_-46Assim-esta-escrito_-O-Cristo-sofrera-e-ressuscitara.jpg","articleSection":["Reflex\u00e3o do Evangelho"],"inLanguage":"pt-BR"},{"@type":"WebPage","@id":"https:\/\/unisale.com.br\/pastoral\/01-06-enquanto-os-abencoava-afastou-se-deles-e-foi-levado-para-o-ceu\/","url":"https:\/\/unisale.com.br\/pastoral\/01-06-enquanto-os-abencoava-afastou-se-deles-e-foi-levado-para-o-ceu\/","name":"01\/06 - Enquanto os aben\u00e7oava, afastou-se deles e foi levado para o c\u00e9u. - Pastoral Universit\u00e1ria UniSALESIANO","isPartOf":{"@id":"https:\/\/unisale.com.br\/pastoral\/#website"},"primaryImageOfPage":{"@id":"https:\/\/unisale.com.br\/pastoral\/01-06-enquanto-os-abencoava-afastou-se-deles-e-foi-levado-para-o-ceu\/#primaryimage"},"image":{"@id":"https:\/\/unisale.com.br\/pastoral\/01-06-enquanto-os-abencoava-afastou-se-deles-e-foi-levado-para-o-ceu\/#primaryimage"},"thumbnailUrl":"https:\/\/unisale.com.br\/pastoral\/wp-content\/uploads\/2025\/05\/Naquele-tempo_-disse-Jesus-a-seus-discipulos_-46Assim-esta-escrito_-O-Cristo-sofrera-e-ressuscitara.jpg","datePublished":"2025-05-30T22:33:00+00:00","author":{"@id":"https:\/\/unisale.com.br\/pastoral\/#\/schema\/person\/a16ba711a0f7dec9cb6b44563144d5a3"},"inLanguage":"pt-BR","potentialAction":[{"@type":"ReadAction","target":["https:\/\/unisale.com.br\/pastoral\/01-06-enquanto-os-abencoava-afastou-se-deles-e-foi-levado-para-o-ceu\/"]}]},{"@type":"ImageObject","inLanguage":"pt-BR","@id":"https:\/\/unisale.com.br\/pastoral\/01-06-enquanto-os-abencoava-afastou-se-deles-e-foi-levado-para-o-ceu\/#primaryimage","url":"https:\/\/unisale.com.br\/pastoral\/wp-content\/uploads\/2025\/05\/Naquele-tempo_-disse-Jesus-a-seus-discipulos_-46Assim-esta-escrito_-O-Cristo-sofrera-e-ressuscitara.jpg","contentUrl":"https:\/\/unisale.com.br\/pastoral\/wp-content\/uploads\/2025\/05\/Naquele-tempo_-disse-Jesus-a-seus-discipulos_-46Assim-esta-escrito_-O-Cristo-sofrera-e-ressuscitara.jpg","width":500,"height":500},{"@type":"WebSite","@id":"https:\/\/unisale.com.br\/pastoral\/#website","url":"https:\/\/unisale.com.br\/pastoral\/","name":"Pastoral Universit\u00e1ria UniSALESIANO","description":"Site da Pastoral Universit\u00e1ria do UniSALESIANO","potentialAction":[{"@type":"SearchAction","target":{"@type":"EntryPoint","urlTemplate":"https:\/\/unisale.com.br\/pastoral\/?s={search_term_string}"},"query-input":{"@type":"PropertyValueSpecification","valueRequired":true,"valueName":"search_term_string"}}],"inLanguage":"pt-BR"},{"@type":"Person","@id":"https:\/\/unisale.com.br\/pastoral\/#\/schema\/person\/a16ba711a0f7dec9cb6b44563144d5a3","name":"pastoral","url":"https:\/\/unisale.com.br\/pastoral\/author\/pastoral\/"}]}},"_links":{"self":[{"href":"https:\/\/unisale.com.br\/pastoral\/wp-json\/wp\/v2\/posts\/12503","targetHints":{"allow":["GET"]}}],"collection":[{"href":"https:\/\/unisale.com.br\/pastoral\/wp-json\/wp\/v2\/posts"}],"about":[{"href":"https:\/\/unisale.com.br\/pastoral\/wp-json\/wp\/v2\/types\/post"}],"author":[{"embeddable":true,"href":"https:\/\/unisale.com.br\/pastoral\/wp-json\/wp\/v2\/users\/1"}],"replies":[{"embeddable":true,"href":"https:\/\/unisale.com.br\/pastoral\/wp-json\/wp\/v2\/comments?post=12503"}],"version-history":[{"count":1,"href":"https:\/\/unisale.com.br\/pastoral\/wp-json\/wp\/v2\/posts\/12503\/revisions"}],"predecessor-version":[{"id":12505,"href":"https:\/\/unisale.com.br\/pastoral\/wp-json\/wp\/v2\/posts\/12503\/revisions\/12505"}],"wp:featuredmedia":[{"embeddable":true,"href":"https:\/\/unisale.com.br\/pastoral\/wp-json\/wp\/v2\/media\/12504"}],"wp:attachment":[{"href":"https:\/\/unisale.com.br\/pastoral\/wp-json\/wp\/v2\/media?parent=12503"}],"wp:term":[{"taxonomy":"category","embeddable":true,"href":"https:\/\/unisale.com.br\/pastoral\/wp-json\/wp\/v2\/categories?post=12503"},{"taxonomy":"post_tag","embeddable":true,"href":"https:\/\/unisale.com.br\/pastoral\/wp-json\/wp\/v2\/tags?post=12503"}],"curies":[{"name":"wp","href":"https:\/\/api.w.org\/{rel}","templated":true}]}}