{"id":12539,"date":"2025-06-10T23:48:12","date_gmt":"2025-06-10T23:48:12","guid":{"rendered":"https:\/\/unisale.com.br\/pastoral\/?p=12539"},"modified":"2025-06-10T23:48:12","modified_gmt":"2025-06-10T23:48:12","slug":"11-06-ide-ao-mundo-e-ensinai-a-todas-as-nocoes-eis-que-eu-estou-convosco-ate-o-fim-do-mundo","status":"publish","type":"post","link":"https:\/\/unisale.com.br\/pastoral\/11-06-ide-ao-mundo-e-ensinai-a-todas-as-nocoes-eis-que-eu-estou-convosco-ate-o-fim-do-mundo\/","title":{"rendered":"11\/06 &#8211;  Ide ao mundo e ensinai a todas as no\u00e7\u00f5es! Eis que eu estou convosco at\u00e9 o fim do mundo!"},"content":{"rendered":"<p>Quarta-feira, 11 de junho de 2025.<\/p>\n<p>&nbsp;<\/p>\n<p><strong>Evangelho de Mt 10,7-13.<\/strong><\/p>\n<p>&nbsp;<\/p>\n<p><strong>Naquele tempo, disse Jesus aos seus disc\u00edpulos: <sup>7<\/sup>&#8220;Em vosso caminho, anunciai: &#8216;O Reino dos C\u00e9us est\u00e1 pr\u00f3ximo&#8217;. <sup>8<\/sup>Curai os doentes, ressuscitai os mortos, purificai os leprosos, expulsai os dem\u00f4nios. De gra\u00e7a recebestes, de gra\u00e7a deveis dar! <sup>9<\/sup>N\u00e3o leveis ouro nem prata nem dinheiro nos vossos cintos; <sup>10<\/sup>nem sacola para o caminho, nem duas t\u00fanicas nem sand\u00e1lias nem bast\u00e3o, porque o oper\u00e1rio tem direito ao seu sustento. <sup>11<\/sup>Em qualquer cidade ou povoado onde entrardes, informai-vos para saber quem ali seja digno. Hospedai-vos com ele at\u00e9 a vossa partida. <sup>12<\/sup>Ao entrardes numa casa, saudai-a. <sup>13<\/sup>Se a casa for digna, des\u00e7a sobre ela a vossa paz; se ela n\u00e3o for digna, volte para v\u00f3s a vossa paz&#8221;.<\/strong><\/p>\n<p>&nbsp;<\/p>\n<p>&nbsp;<\/p>\n<p>Como \u00e9 interessante ver como Jesus combina o caminho com as palavras e os gestos.<\/p>\n<p>&nbsp;<\/p>\n<p>A prega\u00e7\u00e3o que o mundo aprecia e estruturada sobre estes verbos: caminhar, pregar e curar. Se n\u00e3o se caminha, nossas palavras n\u00e3o s\u00e3o cred\u00edveis porque s\u00e3o velhas. Se n\u00e3o se fala, a mensagem arrisca de permanecer ref\u00e9m do \u201cn\u00e3o dito\u201d.\u00a0 Se as nossas palavras n\u00e3o se misturam com a caridade, com a a\u00e7\u00e3o em favor dos pobres, com quem \u00e9 ref\u00e9m das doen\u00e7as, do mal, agora \u00e9 somente um exerc\u00edcio de ret\u00f3rica. A evangeliza\u00e7\u00e3o que vale \u00e9 gratuita: \u201cgratuitamente recebestes, gratuitamente deveis dar\u201d.<\/p>\n<p>&nbsp;<\/p>\n<p>As a\u00e7\u00f5es pastorais funcionam n\u00e3o porque possuem incentivo econ\u00f4mico: \u201cN\u00e3o leveis ouro nem prata nem dinheiro nos vossos cintos; nem sacola para o caminho, nem duas t\u00fanicas nem sand\u00e1lias nem bast\u00e3o&#8230;\u201d<\/p>\n<p>&nbsp;<\/p>\n<p>Toda a\u00e7\u00e3o pastoral ou de evangeliza\u00e7\u00e3o se fundamenta sob uma exig\u00eancia que tem seguramente os p\u00e9s no c\u00e9u e por isso funciona muito bem na terra. Se aplic\u00e1ssemos este evangelho nas nossas par\u00f3quias, nas nossas comunidades, em nossos movimentos, talvez nos livrar\u00edamos das frustra\u00e7\u00f5es e caminhar\u00edamos mais com a percep\u00e7\u00e3o de \u201cenviados\u201d e \u201cse algu\u00e9m n\u00e3o vos acolhe e n\u00e3o vos escuta, sa\u00ed daquela casa ou qualquer cidade e sacud\u00ed o p\u00f3 dos vossos p\u00e9s\u201d.<\/p>\n<p>Isso n\u00e3o \u00e9 desprezo, \u00e9 liberdade. \u00c9 a liberdade real\u00edstica para a qual te chama Cristo. O Evangelho se propaga como provoca\u00e7\u00e3o e n\u00e3o como imposi\u00e7\u00e3o e justo porque n\u00e3o pode impor-se agora precisa tamb\u00e9m deixar tamb\u00e9m a possibilidade do n\u00e3o.<\/p>\n<p>A possibilidade de n\u00e3o ser acolhido, de n\u00e3o encontrar espa\u00e7o para o que Jesus anuncia e pergunta. Se pode sofrer por uma palavra dita n\u00e3o com liberdade, mas precisamos ter a humildade de n\u00e3o entrar em paranoia, se saber viver com destaque, exatamente como a poeira se solta das sand\u00e1lias quando \u00e9 sacudida. Esta liberdade nos faz caminhar ao encontro de quem ao inv\u00e9s diz sim e te d\u00e1 oportunidade de falar.<\/p>\n<p><strong>Pe. Paulo Eduardo J\u00e1como, SDB.<\/strong><\/p>\n","protected":false},"excerpt":{"rendered":"<p>Quarta-feira, 11 de junho de 2025. &nbsp; Evangelho de Mt 10,7-13. &nbsp; Naquele tempo, disse Jesus aos seus disc\u00edpulos: 7&#8220;Em vosso caminho, anunciai: &#8216;O Reino&#8230;<\/p>\n","protected":false},"author":1,"featured_media":12540,"comment_status":"closed","ping_status":"closed","sticky":false,"template":"","format":"standard","meta":{"_acf_changed":false,"footnotes":""},"categories":[13],"tags":[],"class_list":["post-12539","post","type-post","status-publish","format-standard","has-post-thumbnail","hentry","category-reflexaodoevagelho"],"acf":[],"yoast_head":"<!-- This site is optimized with the Yoast SEO plugin v27.3 - https:\/\/yoast.com\/product\/yoast-seo-wordpress\/ -->\n<title>11\/06 - Ide ao mundo e ensinai a todas as no\u00e7\u00f5es! Eis que eu estou convosco at\u00e9 o fim do mundo! - Pastoral Universit\u00e1ria UniSALESIANO<\/title>\n<meta name=\"robots\" content=\"index, follow, max-snippet:-1, max-image-preview:large, max-video-preview:-1\" \/>\n<link rel=\"canonical\" href=\"https:\/\/unisale.com.br\/pastoral\/11-06-ide-ao-mundo-e-ensinai-a-todas-as-nocoes-eis-que-eu-estou-convosco-ate-o-fim-do-mundo\/\" \/>\n<meta property=\"og:locale\" content=\"pt_BR\" \/>\n<meta property=\"og:type\" content=\"article\" \/>\n<meta property=\"og:title\" content=\"11\/06 - Ide ao mundo e ensinai a todas as no\u00e7\u00f5es! Eis que eu estou convosco at\u00e9 o fim do mundo! - Pastoral Universit\u00e1ria UniSALESIANO\" \/>\n<meta property=\"og:description\" content=\"Quarta-feira, 11 de junho de 2025. &nbsp; Evangelho de Mt 10,7-13. &nbsp; Naquele tempo, disse Jesus aos seus disc\u00edpulos: 7&#8220;Em vosso caminho, anunciai: &#8216;O Reino...\" \/>\n<meta property=\"og:url\" content=\"https:\/\/unisale.com.br\/pastoral\/11-06-ide-ao-mundo-e-ensinai-a-todas-as-nocoes-eis-que-eu-estou-convosco-ate-o-fim-do-mundo\/\" \/>\n<meta property=\"og:site_name\" content=\"Pastoral Universit\u00e1ria UniSALESIANO\" \/>\n<meta property=\"article:published_time\" content=\"2025-06-10T23:48:12+00:00\" \/>\n<meta property=\"og:image\" content=\"https:\/\/unisale.com.br\/pastoral\/wp-content\/uploads\/2025\/06\/Naquele-tempo-disse-Jesus-aos-seus-discipulos_-7_Em-vosso-caminho-anunciai_-O-Reino-dos-Ceus-esta-proximo.-8Curai-os-doentes-ressuscitai-os-mortos-purificai-os-leprosos-expulsai-os-demonios.jpg\" \/>\n\t<meta property=\"og:image:width\" content=\"1120\" \/>\n\t<meta property=\"og:image:height\" content=\"1120\" \/>\n\t<meta property=\"og:image:type\" content=\"image\/jpeg\" \/>\n<meta name=\"author\" content=\"pastoral\" \/>\n<meta name=\"twitter:card\" content=\"summary_large_image\" \/>\n<meta name=\"twitter:label1\" content=\"Escrito por\" \/>\n\t<meta name=\"twitter:data1\" content=\"pastoral\" \/>\n\t<meta name=\"twitter:label2\" content=\"Est. tempo de leitura\" \/>\n\t<meta name=\"twitter:data2\" content=\"3 minutos\" \/>\n<script type=\"application\/ld+json\" class=\"yoast-schema-graph\">{\"@context\":\"https:\\\/\\\/schema.org\",\"@graph\":[{\"@type\":\"Article\",\"@id\":\"https:\\\/\\\/unisale.com.br\\\/pastoral\\\/11-06-ide-ao-mundo-e-ensinai-a-todas-as-nocoes-eis-que-eu-estou-convosco-ate-o-fim-do-mundo\\\/#article\",\"isPartOf\":{\"@id\":\"https:\\\/\\\/unisale.com.br\\\/pastoral\\\/11-06-ide-ao-mundo-e-ensinai-a-todas-as-nocoes-eis-que-eu-estou-convosco-ate-o-fim-do-mundo\\\/\"},\"author\":{\"name\":\"pastoral\",\"@id\":\"https:\\\/\\\/unisale.com.br\\\/pastoral\\\/#\\\/schema\\\/person\\\/a16ba711a0f7dec9cb6b44563144d5a3\"},\"headline\":\"11\\\/06 &#8211; Ide ao mundo e ensinai a todas as no\u00e7\u00f5es! Eis que eu estou convosco at\u00e9 o fim do mundo!\",\"datePublished\":\"2025-06-10T23:48:12+00:00\",\"mainEntityOfPage\":{\"@id\":\"https:\\\/\\\/unisale.com.br\\\/pastoral\\\/11-06-ide-ao-mundo-e-ensinai-a-todas-as-nocoes-eis-que-eu-estou-convosco-ate-o-fim-do-mundo\\\/\"},\"wordCount\":533,\"image\":{\"@id\":\"https:\\\/\\\/unisale.com.br\\\/pastoral\\\/11-06-ide-ao-mundo-e-ensinai-a-todas-as-nocoes-eis-que-eu-estou-convosco-ate-o-fim-do-mundo\\\/#primaryimage\"},\"thumbnailUrl\":\"https:\\\/\\\/unisale.com.br\\\/pastoral\\\/wp-content\\\/uploads\\\/2025\\\/06\\\/Naquele-tempo-disse-Jesus-aos-seus-discipulos_-7_Em-vosso-caminho-anunciai_-O-Reino-dos-Ceus-esta-proximo.-8Curai-os-doentes-ressuscitai-os-mortos-purificai-os-leprosos-expulsai-os-demonios.jpg\",\"articleSection\":[\"Reflex\u00e3o do Evangelho\"],\"inLanguage\":\"pt-BR\"},{\"@type\":\"WebPage\",\"@id\":\"https:\\\/\\\/unisale.com.br\\\/pastoral\\\/11-06-ide-ao-mundo-e-ensinai-a-todas-as-nocoes-eis-que-eu-estou-convosco-ate-o-fim-do-mundo\\\/\",\"url\":\"https:\\\/\\\/unisale.com.br\\\/pastoral\\\/11-06-ide-ao-mundo-e-ensinai-a-todas-as-nocoes-eis-que-eu-estou-convosco-ate-o-fim-do-mundo\\\/\",\"name\":\"11\\\/06 - Ide ao mundo e ensinai a todas as no\u00e7\u00f5es! Eis que eu estou convosco at\u00e9 o fim do mundo! - Pastoral Universit\u00e1ria UniSALESIANO\",\"isPartOf\":{\"@id\":\"https:\\\/\\\/unisale.com.br\\\/pastoral\\\/#website\"},\"primaryImageOfPage\":{\"@id\":\"https:\\\/\\\/unisale.com.br\\\/pastoral\\\/11-06-ide-ao-mundo-e-ensinai-a-todas-as-nocoes-eis-que-eu-estou-convosco-ate-o-fim-do-mundo\\\/#primaryimage\"},\"image\":{\"@id\":\"https:\\\/\\\/unisale.com.br\\\/pastoral\\\/11-06-ide-ao-mundo-e-ensinai-a-todas-as-nocoes-eis-que-eu-estou-convosco-ate-o-fim-do-mundo\\\/#primaryimage\"},\"thumbnailUrl\":\"https:\\\/\\\/unisale.com.br\\\/pastoral\\\/wp-content\\\/uploads\\\/2025\\\/06\\\/Naquele-tempo-disse-Jesus-aos-seus-discipulos_-7_Em-vosso-caminho-anunciai_-O-Reino-dos-Ceus-esta-proximo.-8Curai-os-doentes-ressuscitai-os-mortos-purificai-os-leprosos-expulsai-os-demonios.jpg\",\"datePublished\":\"2025-06-10T23:48:12+00:00\",\"author\":{\"@id\":\"https:\\\/\\\/unisale.com.br\\\/pastoral\\\/#\\\/schema\\\/person\\\/a16ba711a0f7dec9cb6b44563144d5a3\"},\"inLanguage\":\"pt-BR\",\"potentialAction\":[{\"@type\":\"ReadAction\",\"target\":[\"https:\\\/\\\/unisale.com.br\\\/pastoral\\\/11-06-ide-ao-mundo-e-ensinai-a-todas-as-nocoes-eis-que-eu-estou-convosco-ate-o-fim-do-mundo\\\/\"]}]},{\"@type\":\"ImageObject\",\"inLanguage\":\"pt-BR\",\"@id\":\"https:\\\/\\\/unisale.com.br\\\/pastoral\\\/11-06-ide-ao-mundo-e-ensinai-a-todas-as-nocoes-eis-que-eu-estou-convosco-ate-o-fim-do-mundo\\\/#primaryimage\",\"url\":\"https:\\\/\\\/unisale.com.br\\\/pastoral\\\/wp-content\\\/uploads\\\/2025\\\/06\\\/Naquele-tempo-disse-Jesus-aos-seus-discipulos_-7_Em-vosso-caminho-anunciai_-O-Reino-dos-Ceus-esta-proximo.-8Curai-os-doentes-ressuscitai-os-mortos-purificai-os-leprosos-expulsai-os-demonios.jpg\",\"contentUrl\":\"https:\\\/\\\/unisale.com.br\\\/pastoral\\\/wp-content\\\/uploads\\\/2025\\\/06\\\/Naquele-tempo-disse-Jesus-aos-seus-discipulos_-7_Em-vosso-caminho-anunciai_-O-Reino-dos-Ceus-esta-proximo.-8Curai-os-doentes-ressuscitai-os-mortos-purificai-os-leprosos-expulsai-os-demonios.jpg\",\"width\":500,\"height\":500},{\"@type\":\"WebSite\",\"@id\":\"https:\\\/\\\/unisale.com.br\\\/pastoral\\\/#website\",\"url\":\"https:\\\/\\\/unisale.com.br\\\/pastoral\\\/\",\"name\":\"Pastoral Universit\u00e1ria UniSALESIANO\",\"description\":\"Site da Pastoral Universit\u00e1ria do UniSALESIANO\",\"potentialAction\":[{\"@type\":\"SearchAction\",\"target\":{\"@type\":\"EntryPoint\",\"urlTemplate\":\"https:\\\/\\\/unisale.com.br\\\/pastoral\\\/?s={search_term_string}\"},\"query-input\":{\"@type\":\"PropertyValueSpecification\",\"valueRequired\":true,\"valueName\":\"search_term_string\"}}],\"inLanguage\":\"pt-BR\"},{\"@type\":\"Person\",\"@id\":\"https:\\\/\\\/unisale.com.br\\\/pastoral\\\/#\\\/schema\\\/person\\\/a16ba711a0f7dec9cb6b44563144d5a3\",\"name\":\"pastoral\",\"url\":\"https:\\\/\\\/unisale.com.br\\\/pastoral\\\/author\\\/pastoral\\\/\"}]}<\/script>\n<!-- \/ Yoast SEO plugin. -->","yoast_head_json":{"title":"11\/06 - Ide ao mundo e ensinai a todas as no\u00e7\u00f5es! Eis que eu estou convosco at\u00e9 o fim do mundo! - Pastoral Universit\u00e1ria UniSALESIANO","robots":{"index":"index","follow":"follow","max-snippet":"max-snippet:-1","max-image-preview":"max-image-preview:large","max-video-preview":"max-video-preview:-1"},"canonical":"https:\/\/unisale.com.br\/pastoral\/11-06-ide-ao-mundo-e-ensinai-a-todas-as-nocoes-eis-que-eu-estou-convosco-ate-o-fim-do-mundo\/","og_locale":"pt_BR","og_type":"article","og_title":"11\/06 - Ide ao mundo e ensinai a todas as no\u00e7\u00f5es! Eis que eu estou convosco at\u00e9 o fim do mundo! - Pastoral Universit\u00e1ria UniSALESIANO","og_description":"Quarta-feira, 11 de junho de 2025. &nbsp; Evangelho de Mt 10,7-13. &nbsp; Naquele tempo, disse Jesus aos seus disc\u00edpulos: 7&#8220;Em vosso caminho, anunciai: &#8216;O Reino...","og_url":"https:\/\/unisale.com.br\/pastoral\/11-06-ide-ao-mundo-e-ensinai-a-todas-as-nocoes-eis-que-eu-estou-convosco-ate-o-fim-do-mundo\/","og_site_name":"Pastoral Universit\u00e1ria UniSALESIANO","article_published_time":"2025-06-10T23:48:12+00:00","og_image":[{"width":1120,"height":1120,"url":"https:\/\/unisale.com.br\/pastoral\/wp-content\/uploads\/2025\/06\/Naquele-tempo-disse-Jesus-aos-seus-discipulos_-7_Em-vosso-caminho-anunciai_-O-Reino-dos-Ceus-esta-proximo.-8Curai-os-doentes-ressuscitai-os-mortos-purificai-os-leprosos-expulsai-os-demonios.jpg","type":"image\/jpeg"}],"author":"pastoral","twitter_card":"summary_large_image","twitter_misc":{"Escrito por":"pastoral","Est. tempo de leitura":"3 minutos"},"schema":{"@context":"https:\/\/schema.org","@graph":[{"@type":"Article","@id":"https:\/\/unisale.com.br\/pastoral\/11-06-ide-ao-mundo-e-ensinai-a-todas-as-nocoes-eis-que-eu-estou-convosco-ate-o-fim-do-mundo\/#article","isPartOf":{"@id":"https:\/\/unisale.com.br\/pastoral\/11-06-ide-ao-mundo-e-ensinai-a-todas-as-nocoes-eis-que-eu-estou-convosco-ate-o-fim-do-mundo\/"},"author":{"name":"pastoral","@id":"https:\/\/unisale.com.br\/pastoral\/#\/schema\/person\/a16ba711a0f7dec9cb6b44563144d5a3"},"headline":"11\/06 &#8211; Ide ao mundo e ensinai a todas as no\u00e7\u00f5es! Eis que eu estou convosco at\u00e9 o fim do mundo!","datePublished":"2025-06-10T23:48:12+00:00","mainEntityOfPage":{"@id":"https:\/\/unisale.com.br\/pastoral\/11-06-ide-ao-mundo-e-ensinai-a-todas-as-nocoes-eis-que-eu-estou-convosco-ate-o-fim-do-mundo\/"},"wordCount":533,"image":{"@id":"https:\/\/unisale.com.br\/pastoral\/11-06-ide-ao-mundo-e-ensinai-a-todas-as-nocoes-eis-que-eu-estou-convosco-ate-o-fim-do-mundo\/#primaryimage"},"thumbnailUrl":"https:\/\/unisale.com.br\/pastoral\/wp-content\/uploads\/2025\/06\/Naquele-tempo-disse-Jesus-aos-seus-discipulos_-7_Em-vosso-caminho-anunciai_-O-Reino-dos-Ceus-esta-proximo.-8Curai-os-doentes-ressuscitai-os-mortos-purificai-os-leprosos-expulsai-os-demonios.jpg","articleSection":["Reflex\u00e3o do Evangelho"],"inLanguage":"pt-BR"},{"@type":"WebPage","@id":"https:\/\/unisale.com.br\/pastoral\/11-06-ide-ao-mundo-e-ensinai-a-todas-as-nocoes-eis-que-eu-estou-convosco-ate-o-fim-do-mundo\/","url":"https:\/\/unisale.com.br\/pastoral\/11-06-ide-ao-mundo-e-ensinai-a-todas-as-nocoes-eis-que-eu-estou-convosco-ate-o-fim-do-mundo\/","name":"11\/06 - Ide ao mundo e ensinai a todas as no\u00e7\u00f5es! Eis que eu estou convosco at\u00e9 o fim do mundo! - Pastoral Universit\u00e1ria UniSALESIANO","isPartOf":{"@id":"https:\/\/unisale.com.br\/pastoral\/#website"},"primaryImageOfPage":{"@id":"https:\/\/unisale.com.br\/pastoral\/11-06-ide-ao-mundo-e-ensinai-a-todas-as-nocoes-eis-que-eu-estou-convosco-ate-o-fim-do-mundo\/#primaryimage"},"image":{"@id":"https:\/\/unisale.com.br\/pastoral\/11-06-ide-ao-mundo-e-ensinai-a-todas-as-nocoes-eis-que-eu-estou-convosco-ate-o-fim-do-mundo\/#primaryimage"},"thumbnailUrl":"https:\/\/unisale.com.br\/pastoral\/wp-content\/uploads\/2025\/06\/Naquele-tempo-disse-Jesus-aos-seus-discipulos_-7_Em-vosso-caminho-anunciai_-O-Reino-dos-Ceus-esta-proximo.-8Curai-os-doentes-ressuscitai-os-mortos-purificai-os-leprosos-expulsai-os-demonios.jpg","datePublished":"2025-06-10T23:48:12+00:00","author":{"@id":"https:\/\/unisale.com.br\/pastoral\/#\/schema\/person\/a16ba711a0f7dec9cb6b44563144d5a3"},"inLanguage":"pt-BR","potentialAction":[{"@type":"ReadAction","target":["https:\/\/unisale.com.br\/pastoral\/11-06-ide-ao-mundo-e-ensinai-a-todas-as-nocoes-eis-que-eu-estou-convosco-ate-o-fim-do-mundo\/"]}]},{"@type":"ImageObject","inLanguage":"pt-BR","@id":"https:\/\/unisale.com.br\/pastoral\/11-06-ide-ao-mundo-e-ensinai-a-todas-as-nocoes-eis-que-eu-estou-convosco-ate-o-fim-do-mundo\/#primaryimage","url":"https:\/\/unisale.com.br\/pastoral\/wp-content\/uploads\/2025\/06\/Naquele-tempo-disse-Jesus-aos-seus-discipulos_-7_Em-vosso-caminho-anunciai_-O-Reino-dos-Ceus-esta-proximo.-8Curai-os-doentes-ressuscitai-os-mortos-purificai-os-leprosos-expulsai-os-demonios.jpg","contentUrl":"https:\/\/unisale.com.br\/pastoral\/wp-content\/uploads\/2025\/06\/Naquele-tempo-disse-Jesus-aos-seus-discipulos_-7_Em-vosso-caminho-anunciai_-O-Reino-dos-Ceus-esta-proximo.-8Curai-os-doentes-ressuscitai-os-mortos-purificai-os-leprosos-expulsai-os-demonios.jpg","width":500,"height":500},{"@type":"WebSite","@id":"https:\/\/unisale.com.br\/pastoral\/#website","url":"https:\/\/unisale.com.br\/pastoral\/","name":"Pastoral Universit\u00e1ria UniSALESIANO","description":"Site da Pastoral Universit\u00e1ria do UniSALESIANO","potentialAction":[{"@type":"SearchAction","target":{"@type":"EntryPoint","urlTemplate":"https:\/\/unisale.com.br\/pastoral\/?s={search_term_string}"},"query-input":{"@type":"PropertyValueSpecification","valueRequired":true,"valueName":"search_term_string"}}],"inLanguage":"pt-BR"},{"@type":"Person","@id":"https:\/\/unisale.com.br\/pastoral\/#\/schema\/person\/a16ba711a0f7dec9cb6b44563144d5a3","name":"pastoral","url":"https:\/\/unisale.com.br\/pastoral\/author\/pastoral\/"}]}},"_links":{"self":[{"href":"https:\/\/unisale.com.br\/pastoral\/wp-json\/wp\/v2\/posts\/12539","targetHints":{"allow":["GET"]}}],"collection":[{"href":"https:\/\/unisale.com.br\/pastoral\/wp-json\/wp\/v2\/posts"}],"about":[{"href":"https:\/\/unisale.com.br\/pastoral\/wp-json\/wp\/v2\/types\/post"}],"author":[{"embeddable":true,"href":"https:\/\/unisale.com.br\/pastoral\/wp-json\/wp\/v2\/users\/1"}],"replies":[{"embeddable":true,"href":"https:\/\/unisale.com.br\/pastoral\/wp-json\/wp\/v2\/comments?post=12539"}],"version-history":[{"count":1,"href":"https:\/\/unisale.com.br\/pastoral\/wp-json\/wp\/v2\/posts\/12539\/revisions"}],"predecessor-version":[{"id":12541,"href":"https:\/\/unisale.com.br\/pastoral\/wp-json\/wp\/v2\/posts\/12539\/revisions\/12541"}],"wp:featuredmedia":[{"embeddable":true,"href":"https:\/\/unisale.com.br\/pastoral\/wp-json\/wp\/v2\/media\/12540"}],"wp:attachment":[{"href":"https:\/\/unisale.com.br\/pastoral\/wp-json\/wp\/v2\/media?parent=12539"}],"wp:term":[{"taxonomy":"category","embeddable":true,"href":"https:\/\/unisale.com.br\/pastoral\/wp-json\/wp\/v2\/categories?post=12539"},{"taxonomy":"post_tag","embeddable":true,"href":"https:\/\/unisale.com.br\/pastoral\/wp-json\/wp\/v2\/tags?post=12539"}],"curies":[{"name":"wp","href":"https:\/\/api.w.org\/{rel}","templated":true}]}}