{"id":12542,"date":"2025-06-11T23:13:57","date_gmt":"2025-06-11T23:13:57","guid":{"rendered":"https:\/\/unisale.com.br\/pastoral\/?p=12542"},"modified":"2025-06-11T23:14:43","modified_gmt":"2025-06-11T23:14:43","slug":"12-06-se-a-vossa-justica-nao-for-maior-que-a-justica-dos-mestres-da-lei-e-dos-fariseus-vos-nao-entrareis-no-reino-dos-ceus","status":"publish","type":"post","link":"https:\/\/unisale.com.br\/pastoral\/12-06-se-a-vossa-justica-nao-for-maior-que-a-justica-dos-mestres-da-lei-e-dos-fariseus-vos-nao-entrareis-no-reino-dos-ceus\/","title":{"rendered":"12\/06 &#8211; Se a vossa justi\u00e7a n\u00e3o for maior que a justi\u00e7a dos mestres da Lei e dos fariseus, v\u00f3s n\u00e3o entrareis no Reino dos C\u00e9us."},"content":{"rendered":"<p>Quinta-feira, 12 de junho de 2025.<\/p>\n<p>&nbsp;<\/p>\n<p>Evangelho (Mt 5,20-26)<\/p>\n<p>&nbsp;<\/p>\n<p><strong>\u201cSe a vossa justi\u00e7a n\u00e3o for maior que a justi\u00e7a dos mestres da Lei e dos fariseus, v\u00f3s n\u00e3o entrareis no Reino dos C\u00e9us\u201d<\/strong><\/p>\n<p>&nbsp;<\/p>\n<p>Naquele tempo, disse Jesus aos seus disc\u00edpulos: <sup>20<\/sup>\u201cSe a vossa justi\u00e7a n\u00e3o for maior que a justi\u00e7a dos mestres da Lei e dos fariseus, v\u00f3s n\u00e3o entrareis no Reino dos C\u00e9us. <sup>21<\/sup>V\u00f3s ouvistes o que foi dito aos antigos: \u2018N\u00e3o matar\u00e1s! Quem matar ser\u00e1 condenado pelo tribunal\u2019. <sup>22<\/sup>Eu, por\u00e9m, vos digo: todo aquele que se encoleriza com seu irm\u00e3o ser\u00e1 r\u00e9u em ju\u00edzo; quem disser ao seu irm\u00e3o: \u2018patife!\u2019 ser\u00e1 condenado pelo tribunal; quem chamar o irm\u00e3o de \u2018tolo\u2019 ser\u00e1 condenado ao fogo do inferno. <sup>23<\/sup>Portanto, quando tu estiveres levando a tua oferta para o altar, e ali te lembrares de que teu irm\u00e3o tem alguma coisa contra ti, <sup>24<\/sup>deixa a tua oferta ali diante do altar, e vai primeiro reconciliar-te com o teu irm\u00e3o. S\u00f3 ent\u00e3o vai apresentar a tua oferta. <sup>25<\/sup>Procura reconciliar-te com teu advers\u00e1rio, enquanto caminha contigo para o tribunal. Sen\u00e3o o advers\u00e1rio te entregar\u00e1 ao juiz, o juiz te entregar\u00e1 ao oficial de justi\u00e7a, e tu ser\u00e1s jogado na pris\u00e3o. <sup>26<\/sup>Em verdade eu te digo: dali n\u00e3o sair\u00e1s, enquanto n\u00e3o pagares o \u00faltimo centavo\u201d.<\/p>\n<p>&nbsp;<\/p>\n<p><strong>Reflex\u00e3o<\/strong><\/p>\n<p>&nbsp;<\/p>\n<p>A ira \u00e9 uma paix\u00e3o e \u00e9 inconcili\u00e1vel com a vida crist\u00e3. O homem que \u00e9 cegado pela ira oprime, destr\u00f3i quem lhe estiver \u00e0 frente, quem quer que seja, animais ou homens. Quem \u00e9 col\u00e9rico por natureza se deixa tomar pela ira facilmente, mas \u00e9 nosso dever dominar este instinto. Quem n\u00e3o o faz, antes ou depois far\u00e1 mal ao pr\u00f3ximo, e tamb\u00e9m se n\u00e3o chega a um ato extremo, a mesma agressividade contra o outro o condena. A ora\u00e7\u00e3o \u00e9 o melhor meio para vencer a paix\u00e3o da ira. Chamar algu\u00e9m de est\u00fapido suscita sempre uma interpreta\u00e7\u00e3o d\u00fabia, pois a palavra \u201cest\u00fapido\u201d pode ter diversos pesos, conforme a maneira como \u00e9 colocada. Mas&#8230; a moral diz que a ofensa \u00e9 pecado. As palavras s\u00e3o um precioso dom de Deus, como uma ponte entre uma alma e outra, instrumento de comunica\u00e7\u00e3o, compreens\u00e3o e amor. Na sociedade todos n\u00f3s devemos aprender a \u201ctocar\u201d o outro com as palavras, de modo a n\u00e3o causar dor e n\u00e3o abrir feridas. Jesus \u00e9 claro: \u201cPortanto, quando tu estiveres levando a tua oferta para o altar, e ali te lembrares de que teu irm\u00e3o tem alguma coisa contra ti\u201d. As ofertas existem em todas as religi\u00f5es, como um ato de reconcilia\u00e7\u00e3o com Deus. A verdadeira reconcilia\u00e7\u00e3o \u00e9 ato de amor, e amor para Deus \u00e9 insepar\u00e1vel do amor ao pr\u00f3ximo: portanto, n\u00e3o podemos nos reconciliar com Deus se n\u00e3o nos reconciliamos com o irm\u00e3o.<\/p>\n<p><strong>Pe. Paulo Eduardo J\u00e1como, SDB.\u00a0<\/strong><\/p>\n","protected":false},"excerpt":{"rendered":"<p>Quinta-feira, 12 de junho de 2025. &nbsp; Evangelho (Mt 5,20-26) &nbsp; \u201cSe a vossa justi\u00e7a n\u00e3o for maior que a justi\u00e7a dos mestres da Lei&#8230;<\/p>\n","protected":false},"author":1,"featured_media":12543,"comment_status":"closed","ping_status":"closed","sticky":false,"template":"","format":"standard","meta":{"_acf_changed":false,"footnotes":""},"categories":[13],"tags":[],"class_list":["post-12542","post","type-post","status-publish","format-standard","has-post-thumbnail","hentry","category-reflexaodoevagelho"],"acf":[],"yoast_head":"<!-- This site is optimized with the Yoast SEO plugin v27.3 - https:\/\/yoast.com\/product\/yoast-seo-wordpress\/ -->\n<title>12\/06 - Se a vossa justi\u00e7a n\u00e3o for maior que a justi\u00e7a dos mestres da Lei e dos fariseus, v\u00f3s n\u00e3o entrareis no Reino dos C\u00e9us. - Pastoral Universit\u00e1ria UniSALESIANO<\/title>\n<meta name=\"robots\" content=\"index, follow, max-snippet:-1, max-image-preview:large, max-video-preview:-1\" \/>\n<link rel=\"canonical\" href=\"https:\/\/unisale.com.br\/pastoral\/12-06-se-a-vossa-justica-nao-for-maior-que-a-justica-dos-mestres-da-lei-e-dos-fariseus-vos-nao-entrareis-no-reino-dos-ceus\/\" \/>\n<meta property=\"og:locale\" content=\"pt_BR\" \/>\n<meta property=\"og:type\" content=\"article\" \/>\n<meta property=\"og:title\" content=\"12\/06 - Se a vossa justi\u00e7a n\u00e3o for maior que a justi\u00e7a dos mestres da Lei e dos fariseus, v\u00f3s n\u00e3o entrareis no Reino dos C\u00e9us. - Pastoral Universit\u00e1ria UniSALESIANO\" \/>\n<meta property=\"og:description\" content=\"Quinta-feira, 12 de junho de 2025. &nbsp; Evangelho (Mt 5,20-26) &nbsp; \u201cSe a vossa justi\u00e7a n\u00e3o for maior que a justi\u00e7a dos mestres da Lei...\" \/>\n<meta property=\"og:url\" content=\"https:\/\/unisale.com.br\/pastoral\/12-06-se-a-vossa-justica-nao-for-maior-que-a-justica-dos-mestres-da-lei-e-dos-fariseus-vos-nao-entrareis-no-reino-dos-ceus\/\" \/>\n<meta property=\"og:site_name\" content=\"Pastoral Universit\u00e1ria UniSALESIANO\" \/>\n<meta property=\"article:published_time\" content=\"2025-06-11T23:13:57+00:00\" \/>\n<meta property=\"article:modified_time\" content=\"2025-06-11T23:14:43+00:00\" \/>\n<meta property=\"og:image\" content=\"https:\/\/unisale.com.br\/pastoral\/wp-content\/uploads\/2025\/06\/Naquele-tempo-disse-Jesus-aos-seus-discipulos_-20Se-a-vossa-justica-nao-for-maior-que-a-justica-dos-mestres-da-Lei-e-dos-fariseus-vos-nao-entrareis-no-Reino-dos-Ceus.-21Vos-ouvistes-o-que-f-2.jpg\" \/>\n\t<meta property=\"og:image:width\" content=\"1120\" \/>\n\t<meta property=\"og:image:height\" content=\"1120\" \/>\n\t<meta property=\"og:image:type\" content=\"image\/jpeg\" \/>\n<meta name=\"author\" content=\"pastoral\" \/>\n<meta name=\"twitter:card\" content=\"summary_large_image\" \/>\n<meta name=\"twitter:label1\" content=\"Escrito por\" \/>\n\t<meta name=\"twitter:data1\" content=\"pastoral\" \/>\n\t<meta name=\"twitter:label2\" content=\"Est. tempo de leitura\" \/>\n\t<meta name=\"twitter:data2\" content=\"3 minutos\" \/>\n<script type=\"application\/ld+json\" class=\"yoast-schema-graph\">{\"@context\":\"https:\\\/\\\/schema.org\",\"@graph\":[{\"@type\":\"Article\",\"@id\":\"https:\\\/\\\/unisale.com.br\\\/pastoral\\\/12-06-se-a-vossa-justica-nao-for-maior-que-a-justica-dos-mestres-da-lei-e-dos-fariseus-vos-nao-entrareis-no-reino-dos-ceus\\\/#article\",\"isPartOf\":{\"@id\":\"https:\\\/\\\/unisale.com.br\\\/pastoral\\\/12-06-se-a-vossa-justica-nao-for-maior-que-a-justica-dos-mestres-da-lei-e-dos-fariseus-vos-nao-entrareis-no-reino-dos-ceus\\\/\"},\"author\":{\"name\":\"pastoral\",\"@id\":\"https:\\\/\\\/unisale.com.br\\\/pastoral\\\/#\\\/schema\\\/person\\\/a16ba711a0f7dec9cb6b44563144d5a3\"},\"headline\":\"12\\\/06 &#8211; Se a vossa justi\u00e7a n\u00e3o for maior que a justi\u00e7a dos mestres da Lei e dos fariseus, v\u00f3s n\u00e3o entrareis no Reino dos C\u00e9us.\",\"datePublished\":\"2025-06-11T23:13:57+00:00\",\"dateModified\":\"2025-06-11T23:14:43+00:00\",\"mainEntityOfPage\":{\"@id\":\"https:\\\/\\\/unisale.com.br\\\/pastoral\\\/12-06-se-a-vossa-justica-nao-for-maior-que-a-justica-dos-mestres-da-lei-e-dos-fariseus-vos-nao-entrareis-no-reino-dos-ceus\\\/\"},\"wordCount\":545,\"image\":{\"@id\":\"https:\\\/\\\/unisale.com.br\\\/pastoral\\\/12-06-se-a-vossa-justica-nao-for-maior-que-a-justica-dos-mestres-da-lei-e-dos-fariseus-vos-nao-entrareis-no-reino-dos-ceus\\\/#primaryimage\"},\"thumbnailUrl\":\"https:\\\/\\\/unisale.com.br\\\/pastoral\\\/wp-content\\\/uploads\\\/2025\\\/06\\\/Naquele-tempo-disse-Jesus-aos-seus-discipulos_-20Se-a-vossa-justica-nao-for-maior-que-a-justica-dos-mestres-da-Lei-e-dos-fariseus-vos-nao-entrareis-no-Reino-dos-Ceus.-21Vos-ouvistes-o-que-f-2.jpg\",\"articleSection\":[\"Reflex\u00e3o do Evangelho\"],\"inLanguage\":\"pt-BR\"},{\"@type\":\"WebPage\",\"@id\":\"https:\\\/\\\/unisale.com.br\\\/pastoral\\\/12-06-se-a-vossa-justica-nao-for-maior-que-a-justica-dos-mestres-da-lei-e-dos-fariseus-vos-nao-entrareis-no-reino-dos-ceus\\\/\",\"url\":\"https:\\\/\\\/unisale.com.br\\\/pastoral\\\/12-06-se-a-vossa-justica-nao-for-maior-que-a-justica-dos-mestres-da-lei-e-dos-fariseus-vos-nao-entrareis-no-reino-dos-ceus\\\/\",\"name\":\"12\\\/06 - Se a vossa justi\u00e7a n\u00e3o for maior que a justi\u00e7a dos mestres da Lei e dos fariseus, v\u00f3s n\u00e3o entrareis no Reino dos C\u00e9us. - Pastoral Universit\u00e1ria UniSALESIANO\",\"isPartOf\":{\"@id\":\"https:\\\/\\\/unisale.com.br\\\/pastoral\\\/#website\"},\"primaryImageOfPage\":{\"@id\":\"https:\\\/\\\/unisale.com.br\\\/pastoral\\\/12-06-se-a-vossa-justica-nao-for-maior-que-a-justica-dos-mestres-da-lei-e-dos-fariseus-vos-nao-entrareis-no-reino-dos-ceus\\\/#primaryimage\"},\"image\":{\"@id\":\"https:\\\/\\\/unisale.com.br\\\/pastoral\\\/12-06-se-a-vossa-justica-nao-for-maior-que-a-justica-dos-mestres-da-lei-e-dos-fariseus-vos-nao-entrareis-no-reino-dos-ceus\\\/#primaryimage\"},\"thumbnailUrl\":\"https:\\\/\\\/unisale.com.br\\\/pastoral\\\/wp-content\\\/uploads\\\/2025\\\/06\\\/Naquele-tempo-disse-Jesus-aos-seus-discipulos_-20Se-a-vossa-justica-nao-for-maior-que-a-justica-dos-mestres-da-Lei-e-dos-fariseus-vos-nao-entrareis-no-Reino-dos-Ceus.-21Vos-ouvistes-o-que-f-2.jpg\",\"datePublished\":\"2025-06-11T23:13:57+00:00\",\"dateModified\":\"2025-06-11T23:14:43+00:00\",\"author\":{\"@id\":\"https:\\\/\\\/unisale.com.br\\\/pastoral\\\/#\\\/schema\\\/person\\\/a16ba711a0f7dec9cb6b44563144d5a3\"},\"inLanguage\":\"pt-BR\",\"potentialAction\":[{\"@type\":\"ReadAction\",\"target\":[\"https:\\\/\\\/unisale.com.br\\\/pastoral\\\/12-06-se-a-vossa-justica-nao-for-maior-que-a-justica-dos-mestres-da-lei-e-dos-fariseus-vos-nao-entrareis-no-reino-dos-ceus\\\/\"]}]},{\"@type\":\"ImageObject\",\"inLanguage\":\"pt-BR\",\"@id\":\"https:\\\/\\\/unisale.com.br\\\/pastoral\\\/12-06-se-a-vossa-justica-nao-for-maior-que-a-justica-dos-mestres-da-lei-e-dos-fariseus-vos-nao-entrareis-no-reino-dos-ceus\\\/#primaryimage\",\"url\":\"https:\\\/\\\/unisale.com.br\\\/pastoral\\\/wp-content\\\/uploads\\\/2025\\\/06\\\/Naquele-tempo-disse-Jesus-aos-seus-discipulos_-20Se-a-vossa-justica-nao-for-maior-que-a-justica-dos-mestres-da-Lei-e-dos-fariseus-vos-nao-entrareis-no-Reino-dos-Ceus.-21Vos-ouvistes-o-que-f-2.jpg\",\"contentUrl\":\"https:\\\/\\\/unisale.com.br\\\/pastoral\\\/wp-content\\\/uploads\\\/2025\\\/06\\\/Naquele-tempo-disse-Jesus-aos-seus-discipulos_-20Se-a-vossa-justica-nao-for-maior-que-a-justica-dos-mestres-da-Lei-e-dos-fariseus-vos-nao-entrareis-no-Reino-dos-Ceus.-21Vos-ouvistes-o-que-f-2.jpg\",\"width\":500,\"height\":500},{\"@type\":\"WebSite\",\"@id\":\"https:\\\/\\\/unisale.com.br\\\/pastoral\\\/#website\",\"url\":\"https:\\\/\\\/unisale.com.br\\\/pastoral\\\/\",\"name\":\"Pastoral Universit\u00e1ria UniSALESIANO\",\"description\":\"Site da Pastoral Universit\u00e1ria do UniSALESIANO\",\"potentialAction\":[{\"@type\":\"SearchAction\",\"target\":{\"@type\":\"EntryPoint\",\"urlTemplate\":\"https:\\\/\\\/unisale.com.br\\\/pastoral\\\/?s={search_term_string}\"},\"query-input\":{\"@type\":\"PropertyValueSpecification\",\"valueRequired\":true,\"valueName\":\"search_term_string\"}}],\"inLanguage\":\"pt-BR\"},{\"@type\":\"Person\",\"@id\":\"https:\\\/\\\/unisale.com.br\\\/pastoral\\\/#\\\/schema\\\/person\\\/a16ba711a0f7dec9cb6b44563144d5a3\",\"name\":\"pastoral\",\"url\":\"https:\\\/\\\/unisale.com.br\\\/pastoral\\\/author\\\/pastoral\\\/\"}]}<\/script>\n<!-- \/ Yoast SEO plugin. -->","yoast_head_json":{"title":"12\/06 - Se a vossa justi\u00e7a n\u00e3o for maior que a justi\u00e7a dos mestres da Lei e dos fariseus, v\u00f3s n\u00e3o entrareis no Reino dos C\u00e9us. - Pastoral Universit\u00e1ria UniSALESIANO","robots":{"index":"index","follow":"follow","max-snippet":"max-snippet:-1","max-image-preview":"max-image-preview:large","max-video-preview":"max-video-preview:-1"},"canonical":"https:\/\/unisale.com.br\/pastoral\/12-06-se-a-vossa-justica-nao-for-maior-que-a-justica-dos-mestres-da-lei-e-dos-fariseus-vos-nao-entrareis-no-reino-dos-ceus\/","og_locale":"pt_BR","og_type":"article","og_title":"12\/06 - Se a vossa justi\u00e7a n\u00e3o for maior que a justi\u00e7a dos mestres da Lei e dos fariseus, v\u00f3s n\u00e3o entrareis no Reino dos C\u00e9us. - Pastoral Universit\u00e1ria UniSALESIANO","og_description":"Quinta-feira, 12 de junho de 2025. &nbsp; Evangelho (Mt 5,20-26) &nbsp; \u201cSe a vossa justi\u00e7a n\u00e3o for maior que a justi\u00e7a dos mestres da Lei...","og_url":"https:\/\/unisale.com.br\/pastoral\/12-06-se-a-vossa-justica-nao-for-maior-que-a-justica-dos-mestres-da-lei-e-dos-fariseus-vos-nao-entrareis-no-reino-dos-ceus\/","og_site_name":"Pastoral Universit\u00e1ria UniSALESIANO","article_published_time":"2025-06-11T23:13:57+00:00","article_modified_time":"2025-06-11T23:14:43+00:00","og_image":[{"width":1120,"height":1120,"url":"https:\/\/unisale.com.br\/pastoral\/wp-content\/uploads\/2025\/06\/Naquele-tempo-disse-Jesus-aos-seus-discipulos_-20Se-a-vossa-justica-nao-for-maior-que-a-justica-dos-mestres-da-Lei-e-dos-fariseus-vos-nao-entrareis-no-Reino-dos-Ceus.-21Vos-ouvistes-o-que-f-2.jpg","type":"image\/jpeg"}],"author":"pastoral","twitter_card":"summary_large_image","twitter_misc":{"Escrito por":"pastoral","Est. tempo de leitura":"3 minutos"},"schema":{"@context":"https:\/\/schema.org","@graph":[{"@type":"Article","@id":"https:\/\/unisale.com.br\/pastoral\/12-06-se-a-vossa-justica-nao-for-maior-que-a-justica-dos-mestres-da-lei-e-dos-fariseus-vos-nao-entrareis-no-reino-dos-ceus\/#article","isPartOf":{"@id":"https:\/\/unisale.com.br\/pastoral\/12-06-se-a-vossa-justica-nao-for-maior-que-a-justica-dos-mestres-da-lei-e-dos-fariseus-vos-nao-entrareis-no-reino-dos-ceus\/"},"author":{"name":"pastoral","@id":"https:\/\/unisale.com.br\/pastoral\/#\/schema\/person\/a16ba711a0f7dec9cb6b44563144d5a3"},"headline":"12\/06 &#8211; Se a vossa justi\u00e7a n\u00e3o for maior que a justi\u00e7a dos mestres da Lei e dos fariseus, v\u00f3s n\u00e3o entrareis no Reino dos C\u00e9us.","datePublished":"2025-06-11T23:13:57+00:00","dateModified":"2025-06-11T23:14:43+00:00","mainEntityOfPage":{"@id":"https:\/\/unisale.com.br\/pastoral\/12-06-se-a-vossa-justica-nao-for-maior-que-a-justica-dos-mestres-da-lei-e-dos-fariseus-vos-nao-entrareis-no-reino-dos-ceus\/"},"wordCount":545,"image":{"@id":"https:\/\/unisale.com.br\/pastoral\/12-06-se-a-vossa-justica-nao-for-maior-que-a-justica-dos-mestres-da-lei-e-dos-fariseus-vos-nao-entrareis-no-reino-dos-ceus\/#primaryimage"},"thumbnailUrl":"https:\/\/unisale.com.br\/pastoral\/wp-content\/uploads\/2025\/06\/Naquele-tempo-disse-Jesus-aos-seus-discipulos_-20Se-a-vossa-justica-nao-for-maior-que-a-justica-dos-mestres-da-Lei-e-dos-fariseus-vos-nao-entrareis-no-Reino-dos-Ceus.-21Vos-ouvistes-o-que-f-2.jpg","articleSection":["Reflex\u00e3o do Evangelho"],"inLanguage":"pt-BR"},{"@type":"WebPage","@id":"https:\/\/unisale.com.br\/pastoral\/12-06-se-a-vossa-justica-nao-for-maior-que-a-justica-dos-mestres-da-lei-e-dos-fariseus-vos-nao-entrareis-no-reino-dos-ceus\/","url":"https:\/\/unisale.com.br\/pastoral\/12-06-se-a-vossa-justica-nao-for-maior-que-a-justica-dos-mestres-da-lei-e-dos-fariseus-vos-nao-entrareis-no-reino-dos-ceus\/","name":"12\/06 - Se a vossa justi\u00e7a n\u00e3o for maior que a justi\u00e7a dos mestres da Lei e dos fariseus, v\u00f3s n\u00e3o entrareis no Reino dos C\u00e9us. - Pastoral Universit\u00e1ria UniSALESIANO","isPartOf":{"@id":"https:\/\/unisale.com.br\/pastoral\/#website"},"primaryImageOfPage":{"@id":"https:\/\/unisale.com.br\/pastoral\/12-06-se-a-vossa-justica-nao-for-maior-que-a-justica-dos-mestres-da-lei-e-dos-fariseus-vos-nao-entrareis-no-reino-dos-ceus\/#primaryimage"},"image":{"@id":"https:\/\/unisale.com.br\/pastoral\/12-06-se-a-vossa-justica-nao-for-maior-que-a-justica-dos-mestres-da-lei-e-dos-fariseus-vos-nao-entrareis-no-reino-dos-ceus\/#primaryimage"},"thumbnailUrl":"https:\/\/unisale.com.br\/pastoral\/wp-content\/uploads\/2025\/06\/Naquele-tempo-disse-Jesus-aos-seus-discipulos_-20Se-a-vossa-justica-nao-for-maior-que-a-justica-dos-mestres-da-Lei-e-dos-fariseus-vos-nao-entrareis-no-Reino-dos-Ceus.-21Vos-ouvistes-o-que-f-2.jpg","datePublished":"2025-06-11T23:13:57+00:00","dateModified":"2025-06-11T23:14:43+00:00","author":{"@id":"https:\/\/unisale.com.br\/pastoral\/#\/schema\/person\/a16ba711a0f7dec9cb6b44563144d5a3"},"inLanguage":"pt-BR","potentialAction":[{"@type":"ReadAction","target":["https:\/\/unisale.com.br\/pastoral\/12-06-se-a-vossa-justica-nao-for-maior-que-a-justica-dos-mestres-da-lei-e-dos-fariseus-vos-nao-entrareis-no-reino-dos-ceus\/"]}]},{"@type":"ImageObject","inLanguage":"pt-BR","@id":"https:\/\/unisale.com.br\/pastoral\/12-06-se-a-vossa-justica-nao-for-maior-que-a-justica-dos-mestres-da-lei-e-dos-fariseus-vos-nao-entrareis-no-reino-dos-ceus\/#primaryimage","url":"https:\/\/unisale.com.br\/pastoral\/wp-content\/uploads\/2025\/06\/Naquele-tempo-disse-Jesus-aos-seus-discipulos_-20Se-a-vossa-justica-nao-for-maior-que-a-justica-dos-mestres-da-Lei-e-dos-fariseus-vos-nao-entrareis-no-Reino-dos-Ceus.-21Vos-ouvistes-o-que-f-2.jpg","contentUrl":"https:\/\/unisale.com.br\/pastoral\/wp-content\/uploads\/2025\/06\/Naquele-tempo-disse-Jesus-aos-seus-discipulos_-20Se-a-vossa-justica-nao-for-maior-que-a-justica-dos-mestres-da-Lei-e-dos-fariseus-vos-nao-entrareis-no-Reino-dos-Ceus.-21Vos-ouvistes-o-que-f-2.jpg","width":500,"height":500},{"@type":"WebSite","@id":"https:\/\/unisale.com.br\/pastoral\/#website","url":"https:\/\/unisale.com.br\/pastoral\/","name":"Pastoral Universit\u00e1ria UniSALESIANO","description":"Site da Pastoral Universit\u00e1ria do UniSALESIANO","potentialAction":[{"@type":"SearchAction","target":{"@type":"EntryPoint","urlTemplate":"https:\/\/unisale.com.br\/pastoral\/?s={search_term_string}"},"query-input":{"@type":"PropertyValueSpecification","valueRequired":true,"valueName":"search_term_string"}}],"inLanguage":"pt-BR"},{"@type":"Person","@id":"https:\/\/unisale.com.br\/pastoral\/#\/schema\/person\/a16ba711a0f7dec9cb6b44563144d5a3","name":"pastoral","url":"https:\/\/unisale.com.br\/pastoral\/author\/pastoral\/"}]}},"_links":{"self":[{"href":"https:\/\/unisale.com.br\/pastoral\/wp-json\/wp\/v2\/posts\/12542","targetHints":{"allow":["GET"]}}],"collection":[{"href":"https:\/\/unisale.com.br\/pastoral\/wp-json\/wp\/v2\/posts"}],"about":[{"href":"https:\/\/unisale.com.br\/pastoral\/wp-json\/wp\/v2\/types\/post"}],"author":[{"embeddable":true,"href":"https:\/\/unisale.com.br\/pastoral\/wp-json\/wp\/v2\/users\/1"}],"replies":[{"embeddable":true,"href":"https:\/\/unisale.com.br\/pastoral\/wp-json\/wp\/v2\/comments?post=12542"}],"version-history":[{"count":1,"href":"https:\/\/unisale.com.br\/pastoral\/wp-json\/wp\/v2\/posts\/12542\/revisions"}],"predecessor-version":[{"id":12544,"href":"https:\/\/unisale.com.br\/pastoral\/wp-json\/wp\/v2\/posts\/12542\/revisions\/12544"}],"wp:featuredmedia":[{"embeddable":true,"href":"https:\/\/unisale.com.br\/pastoral\/wp-json\/wp\/v2\/media\/12543"}],"wp:attachment":[{"href":"https:\/\/unisale.com.br\/pastoral\/wp-json\/wp\/v2\/media?parent=12542"}],"wp:term":[{"taxonomy":"category","embeddable":true,"href":"https:\/\/unisale.com.br\/pastoral\/wp-json\/wp\/v2\/categories?post=12542"},{"taxonomy":"post_tag","embeddable":true,"href":"https:\/\/unisale.com.br\/pastoral\/wp-json\/wp\/v2\/tags?post=12542"}],"curies":[{"name":"wp","href":"https:\/\/api.w.org\/{rel}","templated":true}]}}