{"id":12569,"date":"2025-06-19T00:15:58","date_gmt":"2025-06-19T00:15:58","guid":{"rendered":"https:\/\/unisale.com.br\/pastoral\/?p=12569"},"modified":"2025-06-19T00:15:58","modified_gmt":"2025-06-19T00:15:58","slug":"22-06-quem-diz-o-povo-que-eu-sou","status":"publish","type":"post","link":"https:\/\/unisale.com.br\/pastoral\/22-06-quem-diz-o-povo-que-eu-sou\/","title":{"rendered":"22\/06 &#8211; Quem diz o povo que eu sou?"},"content":{"rendered":"<p>Domingo, 22 de junho de 2025.<\/p>\n<p>&nbsp;<\/p>\n<p>Evangelho (Lc 9,18-24)<\/p>\n<p>&nbsp;<\/p>\n<p><strong>\u201cQuem diz o povo que eu sou?\u201d<\/strong><\/p>\n<p>&nbsp;<\/p>\n<p>Certo dia, <sup>18<\/sup>Jesus estava rezando num lugar retirado, e os disc\u00edpulos estavam com ele. Ent\u00e3o Jesus perguntou-lhes: \u201cQuem diz o povo que eu sou?\u201d <sup>19<\/sup>Eles responderam: \u201cUns dizem que \u00e9s Jo\u00e3o Batista; outros, que \u00e9s Elias; mas outros acham que \u00e9s algum dos antigos profetas que ressuscitou\u201d. <sup>20<\/sup>Mas Jesus perguntou: \u201cE v\u00f3s, quem dizeis que eu sou?\u201d Pedro respondeu: \u201cO Cristo de Deus\u201d. <sup>21<\/sup>Mas Jesus proibiu-lhes severamente que contassem isso a algu\u00e9m. <sup>22<\/sup>E acrescentou: \u201cO Filho do Homem deve sofrer muito, ser rejeitado pelos anci\u00e3os, pelos sumos sacerdotes e doutores da Lei, deve ser morto e ressuscitar no terceiro dia\u201d. <sup>23<\/sup>Depois Jesus disse a todos: \u201cSe algu\u00e9m me quer seguir, renuncie a si mesmo, tome sua cruz cada dia, e siga-me. <sup>24<\/sup>Pois quem quiser salvar a sua vida, vai perd\u00ea-la; e quem perder a sua vida por causa de mim, esse a salvar\u00e1\u201d.<\/p>\n<p>&nbsp;<\/p>\n<p><strong>Reflex\u00e3o<\/strong><\/p>\n<p>&nbsp;<\/p>\n<p>O evangelho de hoje nos coloca diante a Cristo, acentuando que Cristo \u00e9 sempre uma proposta que espera resposta. Viver \u00e9 responder, mas os termos da resposta que Deus deseja, ele indicou claramente na vida de Cristo. Jesus pede aos disc\u00edpulos: \u201cQuem diz o povo que eu sou?\u201d. Uma pergunta tranquila a qual os ap\u00f3stolos respondem tranquilamente. \u00c9 f\u00e1cil responder sobre a opini\u00e3o dos outros. Mas Jesus chega \u00e0 pergunta decisiva: \u201cE v\u00f3s, quem dizeis quem eu sou?\u201d. Jesus coloca os ap\u00f3stolos \u201cna berlinda\u201d, como costumamos dizer. N\u00e3o nos salvamos com a resposta dos outros, como tamb\u00e9m n\u00e3o nos justificamos escondendo-nos atr\u00e1s das virtudes dos outros e nem nos justificando que os outros s\u00e3o piores do que n\u00f3s. Jesus nos recorda que a vida \u00e9 uma resposta a Deus: uma resposta pessoal. E Pedro responde: \u201cTu \u00e9s o Cristo!\u201d. \u00c9 a resposta certa, mas n\u00e3o \u00e9 uma resposta f\u00e1cil. Para dizer: \u201cTu \u00e9s o Cristo\u201d \u00e9 necess\u00e1rio ter percebido a falsidade ou a insufici\u00eancia das respostas dos outros, \u00e9 necess\u00e1rio ser pobre, pobre ao ponto de sofrer por uma saudade&#8230; que nos lan\u00e7a para Deus. Pedro revelou a sua f\u00e9 em Cristo, mas n\u00e3o basta. Com Deus n\u00e3os bastam palavras. Jesus logo o avisa: \u201cCaro Pedro, crer em mim significa aceitar a minha humildade, a minha paci\u00eancia, a minha mansid\u00e3o, a minha fraqueza&#8230; que s\u00e3o consequ\u00eancias de um amor infinito. Tu, Pedro, me querias forte e violento e orgulhoso como os homens, mas eu n\u00e3o serei jamais violento porque a minha for\u00e7a \u00e9 o amor\u201d. O sofrimento de Jesus \u00e9 consequ\u00eancia de um desencontro sempre em ato entre o Amor verdadeiro de Deus e o orgulho mentiroso do homem. Este desencontro \u00e9 a cruz de Deus: porque a cruz de Deus somos n\u00f3s, cada um de n\u00f3s. N\u00f3s somos chamados a crer na onipot\u00eancia de Deus escondida na cruz. Mas como crer em Cristo crucificado? Crer significa seguir! A palavra \u201csegue-me\u201d assim frequente no Evangelho tem um significado vital: n\u00e3o significa tanto: \u2018venha atr\u00e1s de mim\u201d, mas \u201cvive como eu!\u201d. Eis a palavra conclusiva do Evangelho de hoje: \u201cSe algu\u00e9m me quer seguir, renuncie a si mesmo, tome a sua cruz cada dia, e siga-me!\u201d. Eis a grande revolu\u00e7\u00e3o: \u201cPare de pensar em voc\u00ea mesmo\u201d. S\u00e3o Francisco de Assis se tornou verdadeiro crist\u00e3o quando parou de pensar em si mesmo. Isso vale tamb\u00e9m para n\u00f3s. N\u00e3o importa se voc\u00ea tem pouco ou muita energia, o importante \u00e9 do\u00e1-la. Deus n\u00e3o pede o quanto voc\u00ea faz, mas como voc\u00ea o faz. \u00c9 a qualidade das a\u00e7\u00f5es que nos faz crist\u00e3os. Cristo \u00e9 um grande desafio, um desafio que muitas vezes n\u00f3s buscamos resistir. Mas Jesus continua a nos repetir: \u201cQuem quiser salvar a pr\u00f3pria vida, via perde-la, mas quem perder a sua vida por causa de mim, vai salv\u00e1-la\u201d. Perder a vida significa parar de adorar a si mesmo para atirar-se no servi\u00e7o e no amor ao pr\u00f3ximo. Esta \u00e9 a \u00fanica riqueza eu dura para sempre.<\/p>\n<p><strong>Pe. Paulo Eduardo J\u00e1como, SDB.<\/strong><\/p>\n","protected":false},"excerpt":{"rendered":"<p>Domingo, 22 de junho de 2025. &nbsp; Evangelho (Lc 9,18-24) &nbsp; \u201cQuem diz o povo que eu sou?\u201d &nbsp; Certo dia, 18Jesus estava rezando num&#8230;<\/p>\n","protected":false},"author":1,"featured_media":12570,"comment_status":"closed","ping_status":"closed","sticky":false,"template":"","format":"standard","meta":{"_acf_changed":false,"footnotes":""},"categories":[13],"tags":[],"class_list":["post-12569","post","type-post","status-publish","format-standard","has-post-thumbnail","hentry","category-reflexaodoevagelho"],"acf":[],"yoast_head":"<!-- This site is optimized with the Yoast SEO plugin v27.3 - https:\/\/yoast.com\/product\/yoast-seo-wordpress\/ -->\n<title>22\/06 - Quem diz o povo que eu sou? - Pastoral Universit\u00e1ria UniSALESIANO<\/title>\n<meta name=\"robots\" content=\"index, follow, max-snippet:-1, max-image-preview:large, max-video-preview:-1\" \/>\n<link rel=\"canonical\" href=\"https:\/\/unisale.com.br\/pastoral\/22-06-quem-diz-o-povo-que-eu-sou\/\" \/>\n<meta property=\"og:locale\" content=\"pt_BR\" \/>\n<meta property=\"og:type\" content=\"article\" \/>\n<meta property=\"og:title\" content=\"22\/06 - Quem diz o povo que eu sou? - Pastoral Universit\u00e1ria UniSALESIANO\" \/>\n<meta property=\"og:description\" content=\"Domingo, 22 de junho de 2025. &nbsp; Evangelho (Lc 9,18-24) &nbsp; \u201cQuem diz o povo que eu sou?\u201d &nbsp; Certo dia, 18Jesus estava rezando num...\" \/>\n<meta property=\"og:url\" content=\"https:\/\/unisale.com.br\/pastoral\/22-06-quem-diz-o-povo-que-eu-sou\/\" \/>\n<meta property=\"og:site_name\" content=\"Pastoral Universit\u00e1ria UniSALESIANO\" \/>\n<meta property=\"article:published_time\" content=\"2025-06-19T00:15:58+00:00\" \/>\n<meta property=\"og:image\" content=\"https:\/\/unisale.com.br\/pastoral\/wp-content\/uploads\/2025\/06\/ChatGPT-Image-18-de-jun.-de-2025-21_15_37.png\" \/>\n\t<meta property=\"og:image:width\" content=\"1024\" \/>\n\t<meta property=\"og:image:height\" content=\"1024\" \/>\n\t<meta property=\"og:image:type\" content=\"image\/png\" \/>\n<meta name=\"author\" content=\"pastoral\" \/>\n<meta name=\"twitter:card\" content=\"summary_large_image\" \/>\n<meta name=\"twitter:label1\" content=\"Escrito por\" \/>\n\t<meta name=\"twitter:data1\" content=\"pastoral\" \/>\n\t<meta name=\"twitter:label2\" content=\"Est. tempo de leitura\" \/>\n\t<meta name=\"twitter:data2\" content=\"4 minutos\" \/>\n<script type=\"application\/ld+json\" class=\"yoast-schema-graph\">{\"@context\":\"https:\\\/\\\/schema.org\",\"@graph\":[{\"@type\":\"Article\",\"@id\":\"https:\\\/\\\/unisale.com.br\\\/pastoral\\\/22-06-quem-diz-o-povo-que-eu-sou\\\/#article\",\"isPartOf\":{\"@id\":\"https:\\\/\\\/unisale.com.br\\\/pastoral\\\/22-06-quem-diz-o-povo-que-eu-sou\\\/\"},\"author\":{\"name\":\"pastoral\",\"@id\":\"https:\\\/\\\/unisale.com.br\\\/pastoral\\\/#\\\/schema\\\/person\\\/a16ba711a0f7dec9cb6b44563144d5a3\"},\"headline\":\"22\\\/06 &#8211; Quem diz o povo que eu sou?\",\"datePublished\":\"2025-06-19T00:15:58+00:00\",\"mainEntityOfPage\":{\"@id\":\"https:\\\/\\\/unisale.com.br\\\/pastoral\\\/22-06-quem-diz-o-povo-que-eu-sou\\\/\"},\"wordCount\":715,\"image\":{\"@id\":\"https:\\\/\\\/unisale.com.br\\\/pastoral\\\/22-06-quem-diz-o-povo-que-eu-sou\\\/#primaryimage\"},\"thumbnailUrl\":\"https:\\\/\\\/unisale.com.br\\\/pastoral\\\/wp-content\\\/uploads\\\/2025\\\/06\\\/ChatGPT-Image-18-de-jun.-de-2025-21_15_37.jpg\",\"articleSection\":[\"Reflex\u00e3o do Evangelho\"],\"inLanguage\":\"pt-BR\"},{\"@type\":\"WebPage\",\"@id\":\"https:\\\/\\\/unisale.com.br\\\/pastoral\\\/22-06-quem-diz-o-povo-que-eu-sou\\\/\",\"url\":\"https:\\\/\\\/unisale.com.br\\\/pastoral\\\/22-06-quem-diz-o-povo-que-eu-sou\\\/\",\"name\":\"22\\\/06 - Quem diz o povo que eu sou? - Pastoral Universit\u00e1ria UniSALESIANO\",\"isPartOf\":{\"@id\":\"https:\\\/\\\/unisale.com.br\\\/pastoral\\\/#website\"},\"primaryImageOfPage\":{\"@id\":\"https:\\\/\\\/unisale.com.br\\\/pastoral\\\/22-06-quem-diz-o-povo-que-eu-sou\\\/#primaryimage\"},\"image\":{\"@id\":\"https:\\\/\\\/unisale.com.br\\\/pastoral\\\/22-06-quem-diz-o-povo-que-eu-sou\\\/#primaryimage\"},\"thumbnailUrl\":\"https:\\\/\\\/unisale.com.br\\\/pastoral\\\/wp-content\\\/uploads\\\/2025\\\/06\\\/ChatGPT-Image-18-de-jun.-de-2025-21_15_37.jpg\",\"datePublished\":\"2025-06-19T00:15:58+00:00\",\"author\":{\"@id\":\"https:\\\/\\\/unisale.com.br\\\/pastoral\\\/#\\\/schema\\\/person\\\/a16ba711a0f7dec9cb6b44563144d5a3\"},\"inLanguage\":\"pt-BR\",\"potentialAction\":[{\"@type\":\"ReadAction\",\"target\":[\"https:\\\/\\\/unisale.com.br\\\/pastoral\\\/22-06-quem-diz-o-povo-que-eu-sou\\\/\"]}]},{\"@type\":\"ImageObject\",\"inLanguage\":\"pt-BR\",\"@id\":\"https:\\\/\\\/unisale.com.br\\\/pastoral\\\/22-06-quem-diz-o-povo-que-eu-sou\\\/#primaryimage\",\"url\":\"https:\\\/\\\/unisale.com.br\\\/pastoral\\\/wp-content\\\/uploads\\\/2025\\\/06\\\/ChatGPT-Image-18-de-jun.-de-2025-21_15_37.jpg\",\"contentUrl\":\"https:\\\/\\\/unisale.com.br\\\/pastoral\\\/wp-content\\\/uploads\\\/2025\\\/06\\\/ChatGPT-Image-18-de-jun.-de-2025-21_15_37.jpg\",\"width\":500,\"height\":500},{\"@type\":\"WebSite\",\"@id\":\"https:\\\/\\\/unisale.com.br\\\/pastoral\\\/#website\",\"url\":\"https:\\\/\\\/unisale.com.br\\\/pastoral\\\/\",\"name\":\"Pastoral Universit\u00e1ria UniSALESIANO\",\"description\":\"Site da Pastoral Universit\u00e1ria do UniSALESIANO\",\"potentialAction\":[{\"@type\":\"SearchAction\",\"target\":{\"@type\":\"EntryPoint\",\"urlTemplate\":\"https:\\\/\\\/unisale.com.br\\\/pastoral\\\/?s={search_term_string}\"},\"query-input\":{\"@type\":\"PropertyValueSpecification\",\"valueRequired\":true,\"valueName\":\"search_term_string\"}}],\"inLanguage\":\"pt-BR\"},{\"@type\":\"Person\",\"@id\":\"https:\\\/\\\/unisale.com.br\\\/pastoral\\\/#\\\/schema\\\/person\\\/a16ba711a0f7dec9cb6b44563144d5a3\",\"name\":\"pastoral\",\"url\":\"https:\\\/\\\/unisale.com.br\\\/pastoral\\\/author\\\/pastoral\\\/\"}]}<\/script>\n<!-- \/ Yoast SEO plugin. -->","yoast_head_json":{"title":"22\/06 - Quem diz o povo que eu sou? - Pastoral Universit\u00e1ria UniSALESIANO","robots":{"index":"index","follow":"follow","max-snippet":"max-snippet:-1","max-image-preview":"max-image-preview:large","max-video-preview":"max-video-preview:-1"},"canonical":"https:\/\/unisale.com.br\/pastoral\/22-06-quem-diz-o-povo-que-eu-sou\/","og_locale":"pt_BR","og_type":"article","og_title":"22\/06 - Quem diz o povo que eu sou? - Pastoral Universit\u00e1ria UniSALESIANO","og_description":"Domingo, 22 de junho de 2025. &nbsp; Evangelho (Lc 9,18-24) &nbsp; \u201cQuem diz o povo que eu sou?\u201d &nbsp; Certo dia, 18Jesus estava rezando num...","og_url":"https:\/\/unisale.com.br\/pastoral\/22-06-quem-diz-o-povo-que-eu-sou\/","og_site_name":"Pastoral Universit\u00e1ria UniSALESIANO","article_published_time":"2025-06-19T00:15:58+00:00","og_image":[{"width":1024,"height":1024,"url":"https:\/\/unisale.com.br\/pastoral\/wp-content\/uploads\/2025\/06\/ChatGPT-Image-18-de-jun.-de-2025-21_15_37.png","type":"image\/png"}],"author":"pastoral","twitter_card":"summary_large_image","twitter_misc":{"Escrito por":"pastoral","Est. tempo de leitura":"4 minutos"},"schema":{"@context":"https:\/\/schema.org","@graph":[{"@type":"Article","@id":"https:\/\/unisale.com.br\/pastoral\/22-06-quem-diz-o-povo-que-eu-sou\/#article","isPartOf":{"@id":"https:\/\/unisale.com.br\/pastoral\/22-06-quem-diz-o-povo-que-eu-sou\/"},"author":{"name":"pastoral","@id":"https:\/\/unisale.com.br\/pastoral\/#\/schema\/person\/a16ba711a0f7dec9cb6b44563144d5a3"},"headline":"22\/06 &#8211; Quem diz o povo que eu sou?","datePublished":"2025-06-19T00:15:58+00:00","mainEntityOfPage":{"@id":"https:\/\/unisale.com.br\/pastoral\/22-06-quem-diz-o-povo-que-eu-sou\/"},"wordCount":715,"image":{"@id":"https:\/\/unisale.com.br\/pastoral\/22-06-quem-diz-o-povo-que-eu-sou\/#primaryimage"},"thumbnailUrl":"https:\/\/unisale.com.br\/pastoral\/wp-content\/uploads\/2025\/06\/ChatGPT-Image-18-de-jun.-de-2025-21_15_37.jpg","articleSection":["Reflex\u00e3o do Evangelho"],"inLanguage":"pt-BR"},{"@type":"WebPage","@id":"https:\/\/unisale.com.br\/pastoral\/22-06-quem-diz-o-povo-que-eu-sou\/","url":"https:\/\/unisale.com.br\/pastoral\/22-06-quem-diz-o-povo-que-eu-sou\/","name":"22\/06 - Quem diz o povo que eu sou? - Pastoral Universit\u00e1ria UniSALESIANO","isPartOf":{"@id":"https:\/\/unisale.com.br\/pastoral\/#website"},"primaryImageOfPage":{"@id":"https:\/\/unisale.com.br\/pastoral\/22-06-quem-diz-o-povo-que-eu-sou\/#primaryimage"},"image":{"@id":"https:\/\/unisale.com.br\/pastoral\/22-06-quem-diz-o-povo-que-eu-sou\/#primaryimage"},"thumbnailUrl":"https:\/\/unisale.com.br\/pastoral\/wp-content\/uploads\/2025\/06\/ChatGPT-Image-18-de-jun.-de-2025-21_15_37.jpg","datePublished":"2025-06-19T00:15:58+00:00","author":{"@id":"https:\/\/unisale.com.br\/pastoral\/#\/schema\/person\/a16ba711a0f7dec9cb6b44563144d5a3"},"inLanguage":"pt-BR","potentialAction":[{"@type":"ReadAction","target":["https:\/\/unisale.com.br\/pastoral\/22-06-quem-diz-o-povo-que-eu-sou\/"]}]},{"@type":"ImageObject","inLanguage":"pt-BR","@id":"https:\/\/unisale.com.br\/pastoral\/22-06-quem-diz-o-povo-que-eu-sou\/#primaryimage","url":"https:\/\/unisale.com.br\/pastoral\/wp-content\/uploads\/2025\/06\/ChatGPT-Image-18-de-jun.-de-2025-21_15_37.jpg","contentUrl":"https:\/\/unisale.com.br\/pastoral\/wp-content\/uploads\/2025\/06\/ChatGPT-Image-18-de-jun.-de-2025-21_15_37.jpg","width":500,"height":500},{"@type":"WebSite","@id":"https:\/\/unisale.com.br\/pastoral\/#website","url":"https:\/\/unisale.com.br\/pastoral\/","name":"Pastoral Universit\u00e1ria UniSALESIANO","description":"Site da Pastoral Universit\u00e1ria do UniSALESIANO","potentialAction":[{"@type":"SearchAction","target":{"@type":"EntryPoint","urlTemplate":"https:\/\/unisale.com.br\/pastoral\/?s={search_term_string}"},"query-input":{"@type":"PropertyValueSpecification","valueRequired":true,"valueName":"search_term_string"}}],"inLanguage":"pt-BR"},{"@type":"Person","@id":"https:\/\/unisale.com.br\/pastoral\/#\/schema\/person\/a16ba711a0f7dec9cb6b44563144d5a3","name":"pastoral","url":"https:\/\/unisale.com.br\/pastoral\/author\/pastoral\/"}]}},"_links":{"self":[{"href":"https:\/\/unisale.com.br\/pastoral\/wp-json\/wp\/v2\/posts\/12569","targetHints":{"allow":["GET"]}}],"collection":[{"href":"https:\/\/unisale.com.br\/pastoral\/wp-json\/wp\/v2\/posts"}],"about":[{"href":"https:\/\/unisale.com.br\/pastoral\/wp-json\/wp\/v2\/types\/post"}],"author":[{"embeddable":true,"href":"https:\/\/unisale.com.br\/pastoral\/wp-json\/wp\/v2\/users\/1"}],"replies":[{"embeddable":true,"href":"https:\/\/unisale.com.br\/pastoral\/wp-json\/wp\/v2\/comments?post=12569"}],"version-history":[{"count":1,"href":"https:\/\/unisale.com.br\/pastoral\/wp-json\/wp\/v2\/posts\/12569\/revisions"}],"predecessor-version":[{"id":12571,"href":"https:\/\/unisale.com.br\/pastoral\/wp-json\/wp\/v2\/posts\/12569\/revisions\/12571"}],"wp:featuredmedia":[{"embeddable":true,"href":"https:\/\/unisale.com.br\/pastoral\/wp-json\/wp\/v2\/media\/12570"}],"wp:attachment":[{"href":"https:\/\/unisale.com.br\/pastoral\/wp-json\/wp\/v2\/media?parent=12569"}],"wp:term":[{"taxonomy":"category","embeddable":true,"href":"https:\/\/unisale.com.br\/pastoral\/wp-json\/wp\/v2\/categories?post=12569"},{"taxonomy":"post_tag","embeddable":true,"href":"https:\/\/unisale.com.br\/pastoral\/wp-json\/wp\/v2\/tags?post=12569"}],"curies":[{"name":"wp","href":"https:\/\/api.w.org\/{rel}","templated":true}]}}