{"id":12575,"date":"2025-06-23T21:20:30","date_gmt":"2025-06-23T21:20:30","guid":{"rendered":"https:\/\/unisale.com.br\/pastoral\/?p=12575"},"modified":"2025-06-23T21:20:30","modified_gmt":"2025-06-23T21:20:30","slug":"24-06-joao-e-o-seu-nome-3","status":"publish","type":"post","link":"https:\/\/unisale.com.br\/pastoral\/24-06-joao-e-o-seu-nome-3\/","title":{"rendered":"24\/06 &#8211; Jo\u00e3o \u00e9 o seu nome!"},"content":{"rendered":"<p>Ter\u00e7a-feira, 24 de junho de 2025.<\/p>\n<p><strong>Evangelho (Lc 1,57-66.80)<\/strong><\/p>\n<p><em>\u00a0<\/em><\/p>\n<p><strong><em>\u201cJo\u00e3o \u00e9 o seu nome!\u201d<\/em><\/strong><\/p>\n<p><strong><em>\u00a0<\/em><\/strong><\/p>\n<p><sup>57<\/sup>Completou-se o tempo da gravidez de Isabel, e ela deu \u00e0 luz um filho. <sup>58<\/sup>Os vizinhos e parentes ouviram dizer como o Senhor tinha sido misericordioso para com Isabel, e alegraram-se com ela. <sup>59<\/sup>No oitavo dia, foram circuncidar o menino, e queriam dar-lhe o nome de seu pai, Zacarias. <sup>60<\/sup>A m\u00e3e, por\u00e9m disse: \u201cN\u00e3o! Ele vai chamar-se Jo\u00e3o\u201d. <sup>61<\/sup>Os outros disseram: \u201cN\u00e3o existe nenhum parente teu com esse nome!\u201d <sup>62<\/sup>Ent\u00e3o fizeram sinais ao pai, perguntando como ele queria que o menino se chamasse. <sup>63<\/sup>Zacarias pediu uma tabuinha, e escreveu: \u201cJo\u00e3o \u00e9 o seu nome\u201d. E todos ficaram admirados. <sup>64<\/sup>No mesmo instante, a boca de Zacarias se abriu, sua l\u00edngua se soltou, e ele come\u00e7ou a louvar a Deus. <sup>65<\/sup>Todos os vizinhos ficaram com medo, e a not\u00edcia espalhou-se por toda a regi\u00e3o montanhosa da Judeia. <sup>66<\/sup>E todos os que ouviam a not\u00edcia ficavam pensando: \u201cO que vir\u00e1 a ser este menino?\u201d De fato, a m\u00e3o do Senhor estava com ele. <sup>80<\/sup>E o menino crescia e se fortalecia em esp\u00edrito. Ele vivia nos lugares desertos, at\u00e9 o dia em que se apresentou publicamente a Israel.<\/p>\n<p><strong>Reflex\u00e3o<\/strong><\/p>\n<p><strong>\u00a0<\/strong><\/p>\n<p>\u00c9 Zacarias quem determina: <em>\u201cJo\u00e3o \u00e9 o seu nome!\u201d<\/em>. Jo\u00e3o Batista realiza o que significa o seu nome: gra\u00e7a, bondade. O Senhor entrega a este rec\u00e9m-nascido a tarefa de ser o precursor de Jesus, d\u2019Aquele que manifesta na Sua pessoa \u201ca bondade de Deus\u201d. \u00c9 por seu estilo de vida, pela sua atividade e pela sua morte violenta, com a sua personalidade, que Jo\u00e3o Batista se torna uma figura forte no Evangelho. S\u00e3o os pr\u00f3prios Evangelhos que dizem que a pessoa e a obra de Jo\u00e3o Batista estiveram sempre em fun\u00e7\u00e3o preparat\u00f3ria da miss\u00e3o de Jesus. Com sua orienta\u00e7\u00e3o radical para Cristo, se torna nosso mestre de vida espiritual. \u00c9 Jo\u00e3o que salta de alegria no ventre de sua m\u00e3e Isabel, quando encontra com Jesus, tamb\u00e9m este, ainda no ventre de Sua M\u00e3e Maria. O nascimento de Jo\u00e3o foi causa de alegria entre os vizinhos e parentes, assim como o nascimento de Jesus foi an\u00fancio de alegria aos pastores e para todo o povo. Jo\u00e3o \u00e9 testemunha de Cristo, veio para dar testemunho da luz.<\/p>\n<p>Jo\u00e3o Batista \u00e9 o homem do contraste: vive no sil\u00eancio, mas convida uma multid\u00e3o \u00e0 convers\u00e3o; \u00e9 humilde reconhecendo que ele \u00e9 somente a voz que grita no deserto e n\u00e3o a Palavra; nada o impede de denunciar as injusti\u00e7as; convida seus disc\u00edpulos a irem atr\u00e1s de Jesus. Silencioso, humilde, \u00e9 tamb\u00e9m corajoso. Jo\u00e3o Batista \u00e9 um grande homem, o maior nascido de mulher, elogio que recebe do pr\u00f3prio Jesus. Embora se possa dizer isso e muito mais, ele \u00e9 somente o precursor. \u00c9 para n\u00f3s modelo de santidade, pois em suas atitudes de precursor, manifestadas na sua ora\u00e7\u00e3o atenta ao Esp\u00edrito, na sua for\u00e7a e humildade, est\u00e3o a ajuda para nos a abrir novos horizontes de santidade para n\u00f3s e para todos os crist\u00e3os.<\/p>\n<p><strong>Pe. Paulo Eduardo J\u00e1como, SDB.<\/strong><\/p>\n","protected":false},"excerpt":{"rendered":"<p>Ter\u00e7a-feira, 24 de junho de 2025. Evangelho (Lc 1,57-66.80) \u00a0 \u201cJo\u00e3o \u00e9 o seu nome!\u201d \u00a0 57Completou-se o tempo da gravidez de Isabel, e ela&#8230;<\/p>\n","protected":false},"author":1,"featured_media":12576,"comment_status":"closed","ping_status":"closed","sticky":false,"template":"","format":"standard","meta":{"_acf_changed":false,"footnotes":""},"categories":[13],"tags":[],"class_list":["post-12575","post","type-post","status-publish","format-standard","has-post-thumbnail","hentry","category-reflexaodoevagelho"],"acf":[],"yoast_head":"<!-- This site is optimized with the Yoast SEO plugin v27.3 - https:\/\/yoast.com\/product\/yoast-seo-wordpress\/ -->\n<title>24\/06 - Jo\u00e3o \u00e9 o seu nome! - Pastoral Universit\u00e1ria UniSALESIANO<\/title>\n<meta name=\"robots\" content=\"index, follow, max-snippet:-1, max-image-preview:large, max-video-preview:-1\" \/>\n<link rel=\"canonical\" href=\"https:\/\/unisale.com.br\/pastoral\/24-06-joao-e-o-seu-nome-3\/\" \/>\n<meta property=\"og:locale\" content=\"pt_BR\" \/>\n<meta property=\"og:type\" content=\"article\" \/>\n<meta property=\"og:title\" content=\"24\/06 - Jo\u00e3o \u00e9 o seu nome! - Pastoral Universit\u00e1ria UniSALESIANO\" \/>\n<meta property=\"og:description\" content=\"Ter\u00e7a-feira, 24 de junho de 2025. Evangelho (Lc 1,57-66.80) \u00a0 \u201cJo\u00e3o \u00e9 o seu nome!\u201d \u00a0 57Completou-se o tempo da gravidez de Isabel, e ela...\" \/>\n<meta property=\"og:url\" content=\"https:\/\/unisale.com.br\/pastoral\/24-06-joao-e-o-seu-nome-3\/\" \/>\n<meta property=\"og:site_name\" content=\"Pastoral Universit\u00e1ria UniSALESIANO\" \/>\n<meta property=\"article:published_time\" content=\"2025-06-23T21:20:30+00:00\" \/>\n<meta property=\"og:image\" content=\"https:\/\/unisale.com.br\/pastoral\/wp-content\/uploads\/2025\/06\/57Completou-se-o-tempo-da-gravidez-de-Isabel_-e-ela-deu-a-luz-um-filho.png\" \/>\n\t<meta property=\"og:image:width\" content=\"1120\" \/>\n\t<meta property=\"og:image:height\" content=\"1120\" \/>\n\t<meta property=\"og:image:type\" content=\"image\/png\" \/>\n<meta name=\"author\" content=\"pastoral\" \/>\n<meta name=\"twitter:card\" content=\"summary_large_image\" \/>\n<meta name=\"twitter:label1\" content=\"Escrito por\" \/>\n\t<meta name=\"twitter:data1\" content=\"pastoral\" \/>\n\t<meta name=\"twitter:label2\" content=\"Est. tempo de leitura\" \/>\n\t<meta name=\"twitter:data2\" content=\"4 minutos\" \/>\n<script type=\"application\/ld+json\" class=\"yoast-schema-graph\">{\"@context\":\"https:\\\/\\\/schema.org\",\"@graph\":[{\"@type\":\"Article\",\"@id\":\"https:\\\/\\\/unisale.com.br\\\/pastoral\\\/24-06-joao-e-o-seu-nome-3\\\/#article\",\"isPartOf\":{\"@id\":\"https:\\\/\\\/unisale.com.br\\\/pastoral\\\/24-06-joao-e-o-seu-nome-3\\\/\"},\"author\":{\"name\":\"pastoral\",\"@id\":\"https:\\\/\\\/unisale.com.br\\\/pastoral\\\/#\\\/schema\\\/person\\\/a16ba711a0f7dec9cb6b44563144d5a3\"},\"headline\":\"24\\\/06 &#8211; Jo\u00e3o \u00e9 o seu nome!\",\"datePublished\":\"2025-06-23T21:20:30+00:00\",\"mainEntityOfPage\":{\"@id\":\"https:\\\/\\\/unisale.com.br\\\/pastoral\\\/24-06-joao-e-o-seu-nome-3\\\/\"},\"wordCount\":548,\"image\":{\"@id\":\"https:\\\/\\\/unisale.com.br\\\/pastoral\\\/24-06-joao-e-o-seu-nome-3\\\/#primaryimage\"},\"thumbnailUrl\":\"https:\\\/\\\/unisale.com.br\\\/pastoral\\\/wp-content\\\/uploads\\\/2025\\\/06\\\/57Completou-se-o-tempo-da-gravidez-de-Isabel_-e-ela-deu-a-luz-um-filho.jpg\",\"articleSection\":[\"Reflex\u00e3o do Evangelho\"],\"inLanguage\":\"pt-BR\"},{\"@type\":\"WebPage\",\"@id\":\"https:\\\/\\\/unisale.com.br\\\/pastoral\\\/24-06-joao-e-o-seu-nome-3\\\/\",\"url\":\"https:\\\/\\\/unisale.com.br\\\/pastoral\\\/24-06-joao-e-o-seu-nome-3\\\/\",\"name\":\"24\\\/06 - Jo\u00e3o \u00e9 o seu nome! - Pastoral Universit\u00e1ria UniSALESIANO\",\"isPartOf\":{\"@id\":\"https:\\\/\\\/unisale.com.br\\\/pastoral\\\/#website\"},\"primaryImageOfPage\":{\"@id\":\"https:\\\/\\\/unisale.com.br\\\/pastoral\\\/24-06-joao-e-o-seu-nome-3\\\/#primaryimage\"},\"image\":{\"@id\":\"https:\\\/\\\/unisale.com.br\\\/pastoral\\\/24-06-joao-e-o-seu-nome-3\\\/#primaryimage\"},\"thumbnailUrl\":\"https:\\\/\\\/unisale.com.br\\\/pastoral\\\/wp-content\\\/uploads\\\/2025\\\/06\\\/57Completou-se-o-tempo-da-gravidez-de-Isabel_-e-ela-deu-a-luz-um-filho.jpg\",\"datePublished\":\"2025-06-23T21:20:30+00:00\",\"author\":{\"@id\":\"https:\\\/\\\/unisale.com.br\\\/pastoral\\\/#\\\/schema\\\/person\\\/a16ba711a0f7dec9cb6b44563144d5a3\"},\"inLanguage\":\"pt-BR\",\"potentialAction\":[{\"@type\":\"ReadAction\",\"target\":[\"https:\\\/\\\/unisale.com.br\\\/pastoral\\\/24-06-joao-e-o-seu-nome-3\\\/\"]}]},{\"@type\":\"ImageObject\",\"inLanguage\":\"pt-BR\",\"@id\":\"https:\\\/\\\/unisale.com.br\\\/pastoral\\\/24-06-joao-e-o-seu-nome-3\\\/#primaryimage\",\"url\":\"https:\\\/\\\/unisale.com.br\\\/pastoral\\\/wp-content\\\/uploads\\\/2025\\\/06\\\/57Completou-se-o-tempo-da-gravidez-de-Isabel_-e-ela-deu-a-luz-um-filho.jpg\",\"contentUrl\":\"https:\\\/\\\/unisale.com.br\\\/pastoral\\\/wp-content\\\/uploads\\\/2025\\\/06\\\/57Completou-se-o-tempo-da-gravidez-de-Isabel_-e-ela-deu-a-luz-um-filho.jpg\",\"width\":500,\"height\":500},{\"@type\":\"WebSite\",\"@id\":\"https:\\\/\\\/unisale.com.br\\\/pastoral\\\/#website\",\"url\":\"https:\\\/\\\/unisale.com.br\\\/pastoral\\\/\",\"name\":\"Pastoral Universit\u00e1ria UniSALESIANO\",\"description\":\"Site da Pastoral Universit\u00e1ria do UniSALESIANO\",\"potentialAction\":[{\"@type\":\"SearchAction\",\"target\":{\"@type\":\"EntryPoint\",\"urlTemplate\":\"https:\\\/\\\/unisale.com.br\\\/pastoral\\\/?s={search_term_string}\"},\"query-input\":{\"@type\":\"PropertyValueSpecification\",\"valueRequired\":true,\"valueName\":\"search_term_string\"}}],\"inLanguage\":\"pt-BR\"},{\"@type\":\"Person\",\"@id\":\"https:\\\/\\\/unisale.com.br\\\/pastoral\\\/#\\\/schema\\\/person\\\/a16ba711a0f7dec9cb6b44563144d5a3\",\"name\":\"pastoral\",\"url\":\"https:\\\/\\\/unisale.com.br\\\/pastoral\\\/author\\\/pastoral\\\/\"}]}<\/script>\n<!-- \/ Yoast SEO plugin. -->","yoast_head_json":{"title":"24\/06 - Jo\u00e3o \u00e9 o seu nome! - Pastoral Universit\u00e1ria UniSALESIANO","robots":{"index":"index","follow":"follow","max-snippet":"max-snippet:-1","max-image-preview":"max-image-preview:large","max-video-preview":"max-video-preview:-1"},"canonical":"https:\/\/unisale.com.br\/pastoral\/24-06-joao-e-o-seu-nome-3\/","og_locale":"pt_BR","og_type":"article","og_title":"24\/06 - Jo\u00e3o \u00e9 o seu nome! - Pastoral Universit\u00e1ria UniSALESIANO","og_description":"Ter\u00e7a-feira, 24 de junho de 2025. Evangelho (Lc 1,57-66.80) \u00a0 \u201cJo\u00e3o \u00e9 o seu nome!\u201d \u00a0 57Completou-se o tempo da gravidez de Isabel, e ela...","og_url":"https:\/\/unisale.com.br\/pastoral\/24-06-joao-e-o-seu-nome-3\/","og_site_name":"Pastoral Universit\u00e1ria UniSALESIANO","article_published_time":"2025-06-23T21:20:30+00:00","og_image":[{"width":1120,"height":1120,"url":"https:\/\/unisale.com.br\/pastoral\/wp-content\/uploads\/2025\/06\/57Completou-se-o-tempo-da-gravidez-de-Isabel_-e-ela-deu-a-luz-um-filho.png","type":"image\/png"}],"author":"pastoral","twitter_card":"summary_large_image","twitter_misc":{"Escrito por":"pastoral","Est. tempo de leitura":"4 minutos"},"schema":{"@context":"https:\/\/schema.org","@graph":[{"@type":"Article","@id":"https:\/\/unisale.com.br\/pastoral\/24-06-joao-e-o-seu-nome-3\/#article","isPartOf":{"@id":"https:\/\/unisale.com.br\/pastoral\/24-06-joao-e-o-seu-nome-3\/"},"author":{"name":"pastoral","@id":"https:\/\/unisale.com.br\/pastoral\/#\/schema\/person\/a16ba711a0f7dec9cb6b44563144d5a3"},"headline":"24\/06 &#8211; Jo\u00e3o \u00e9 o seu nome!","datePublished":"2025-06-23T21:20:30+00:00","mainEntityOfPage":{"@id":"https:\/\/unisale.com.br\/pastoral\/24-06-joao-e-o-seu-nome-3\/"},"wordCount":548,"image":{"@id":"https:\/\/unisale.com.br\/pastoral\/24-06-joao-e-o-seu-nome-3\/#primaryimage"},"thumbnailUrl":"https:\/\/unisale.com.br\/pastoral\/wp-content\/uploads\/2025\/06\/57Completou-se-o-tempo-da-gravidez-de-Isabel_-e-ela-deu-a-luz-um-filho.jpg","articleSection":["Reflex\u00e3o do Evangelho"],"inLanguage":"pt-BR"},{"@type":"WebPage","@id":"https:\/\/unisale.com.br\/pastoral\/24-06-joao-e-o-seu-nome-3\/","url":"https:\/\/unisale.com.br\/pastoral\/24-06-joao-e-o-seu-nome-3\/","name":"24\/06 - Jo\u00e3o \u00e9 o seu nome! - Pastoral Universit\u00e1ria UniSALESIANO","isPartOf":{"@id":"https:\/\/unisale.com.br\/pastoral\/#website"},"primaryImageOfPage":{"@id":"https:\/\/unisale.com.br\/pastoral\/24-06-joao-e-o-seu-nome-3\/#primaryimage"},"image":{"@id":"https:\/\/unisale.com.br\/pastoral\/24-06-joao-e-o-seu-nome-3\/#primaryimage"},"thumbnailUrl":"https:\/\/unisale.com.br\/pastoral\/wp-content\/uploads\/2025\/06\/57Completou-se-o-tempo-da-gravidez-de-Isabel_-e-ela-deu-a-luz-um-filho.jpg","datePublished":"2025-06-23T21:20:30+00:00","author":{"@id":"https:\/\/unisale.com.br\/pastoral\/#\/schema\/person\/a16ba711a0f7dec9cb6b44563144d5a3"},"inLanguage":"pt-BR","potentialAction":[{"@type":"ReadAction","target":["https:\/\/unisale.com.br\/pastoral\/24-06-joao-e-o-seu-nome-3\/"]}]},{"@type":"ImageObject","inLanguage":"pt-BR","@id":"https:\/\/unisale.com.br\/pastoral\/24-06-joao-e-o-seu-nome-3\/#primaryimage","url":"https:\/\/unisale.com.br\/pastoral\/wp-content\/uploads\/2025\/06\/57Completou-se-o-tempo-da-gravidez-de-Isabel_-e-ela-deu-a-luz-um-filho.jpg","contentUrl":"https:\/\/unisale.com.br\/pastoral\/wp-content\/uploads\/2025\/06\/57Completou-se-o-tempo-da-gravidez-de-Isabel_-e-ela-deu-a-luz-um-filho.jpg","width":500,"height":500},{"@type":"WebSite","@id":"https:\/\/unisale.com.br\/pastoral\/#website","url":"https:\/\/unisale.com.br\/pastoral\/","name":"Pastoral Universit\u00e1ria UniSALESIANO","description":"Site da Pastoral Universit\u00e1ria do UniSALESIANO","potentialAction":[{"@type":"SearchAction","target":{"@type":"EntryPoint","urlTemplate":"https:\/\/unisale.com.br\/pastoral\/?s={search_term_string}"},"query-input":{"@type":"PropertyValueSpecification","valueRequired":true,"valueName":"search_term_string"}}],"inLanguage":"pt-BR"},{"@type":"Person","@id":"https:\/\/unisale.com.br\/pastoral\/#\/schema\/person\/a16ba711a0f7dec9cb6b44563144d5a3","name":"pastoral","url":"https:\/\/unisale.com.br\/pastoral\/author\/pastoral\/"}]}},"_links":{"self":[{"href":"https:\/\/unisale.com.br\/pastoral\/wp-json\/wp\/v2\/posts\/12575","targetHints":{"allow":["GET"]}}],"collection":[{"href":"https:\/\/unisale.com.br\/pastoral\/wp-json\/wp\/v2\/posts"}],"about":[{"href":"https:\/\/unisale.com.br\/pastoral\/wp-json\/wp\/v2\/types\/post"}],"author":[{"embeddable":true,"href":"https:\/\/unisale.com.br\/pastoral\/wp-json\/wp\/v2\/users\/1"}],"replies":[{"embeddable":true,"href":"https:\/\/unisale.com.br\/pastoral\/wp-json\/wp\/v2\/comments?post=12575"}],"version-history":[{"count":1,"href":"https:\/\/unisale.com.br\/pastoral\/wp-json\/wp\/v2\/posts\/12575\/revisions"}],"predecessor-version":[{"id":12577,"href":"https:\/\/unisale.com.br\/pastoral\/wp-json\/wp\/v2\/posts\/12575\/revisions\/12577"}],"wp:featuredmedia":[{"embeddable":true,"href":"https:\/\/unisale.com.br\/pastoral\/wp-json\/wp\/v2\/media\/12576"}],"wp:attachment":[{"href":"https:\/\/unisale.com.br\/pastoral\/wp-json\/wp\/v2\/media?parent=12575"}],"wp:term":[{"taxonomy":"category","embeddable":true,"href":"https:\/\/unisale.com.br\/pastoral\/wp-json\/wp\/v2\/categories?post=12575"},{"taxonomy":"post_tag","embeddable":true,"href":"https:\/\/unisale.com.br\/pastoral\/wp-json\/wp\/v2\/tags?post=12575"}],"curies":[{"name":"wp","href":"https:\/\/api.w.org\/{rel}","templated":true}]}}