{"id":12581,"date":"2025-06-26T18:39:36","date_gmt":"2025-06-26T18:39:36","guid":{"rendered":"https:\/\/unisale.com.br\/pastoral\/?p=12581"},"modified":"2025-06-26T18:39:36","modified_gmt":"2025-06-26T18:39:36","slug":"27-06-alegrai-vos-comigo-encontrei-a-minha-ovelha-que-estava-perdida","status":"publish","type":"post","link":"https:\/\/unisale.com.br\/pastoral\/27-06-alegrai-vos-comigo-encontrei-a-minha-ovelha-que-estava-perdida\/","title":{"rendered":"27\/06 &#8211; Alegrai-vos comigo! Encontrei a minha ovelha que estava perdida!"},"content":{"rendered":"<p>Sexta-feira, 27 de junho de 2025.<\/p>\n<p>&nbsp;<\/p>\n<p>Evangelho (Lc 15,3-7)<\/p>\n<p><strong>\u201cAlegrai-vos comigo! Encontrei a minha ovelha que estava perdida!\u201d<\/strong><\/p>\n<p>&nbsp;<\/p>\n<p>Naquele tempo, <sup>3<\/sup>Jesus contou-lhes esta par\u00e1bola: <sup>4<\/sup>&#8220;Se um de v\u00f3s tem cem ovelhas e perde uma, n\u00e3o deixa as noventa e nove no deserto, e vai atr\u00e1s daquela que se perdeu, at\u00e9 encontr\u00e1-la? <sup>5<\/sup>Quando a encontra, coloca-a nos ombros com alegria, e, <sup>6<\/sup>chegando a casa, re\u00fane os amigos e vizinhos, e diz: &#8216;Alegrai-vos comigo! Encontrei a minha ovelha que estava perdida!&#8217; <sup>7<\/sup>Eu vos digo: Assim haver\u00e1 no c\u00e9u mais alegria por um s\u00f3 pecador que se converte, do que por noventa e nove justos que n\u00e3o precisam de convers\u00e3o&#8221;.<\/p>\n<p>&nbsp;<\/p>\n<p><strong>Reflex\u00e3o<\/strong><\/p>\n<p>A solenidade do Sagrado Cora\u00e7\u00e3o de Jesus nos leva \u00e0 ess\u00eancia daquilo que Jesus nos revelou com suas palavras e com os seus gestos. \u00c9 o pr\u00f3prio Pref\u00e1cio da missa de hoje que nos revela: \u201cElevado na cruz, entregou-se por n\u00f3s com imenso amor. E de seu lado aberto pela lan\u00e7a fez jorrar, com a \u00e1gua e o sangue, os sacramentos da Igreja\u201d. O Pref\u00e1cio continua nos explicando o motivo de tudo e o faz com estes termos: \u201cpara que todos, atra\u00eddos ao seu Cora\u00e7\u00e3o, pudesse beber, com perene alegria, na fonte salvadora\u201d. Dois movimentos parecem dominar o cora\u00e7\u00e3o de Cristo e quase compromete os nossos pr\u00f3prios cora\u00e7\u00f5es: a oferta de um um amor incondicional e total e a espera de uma resposta do mesmo modo amorosa, incondicional e total. A vida do disc\u00edpulo, qual paradigma da mesma aventura humana que compartilhamos com todos, n\u00e3o \u00e9 outra coisa que esta d\u00faplice abertura de dar e receber, em uma gratuidade e em uma natureza que s\u00e3o as condi\u00e7\u00f5es necess\u00e1rias para que a nossa experi\u00eancia possa revelar-se uma possibilidade de salva\u00e7\u00e3o. Com a linguagem da par\u00e1bola o Senhor Jesus procura atingir n\u00e3o s\u00f3 o cora\u00e7\u00e3o duro dos fariseus, mas tamb\u00e9m o nosso e nos interroga diretamente: \u201cQuem de v\u00f3s&#8230;?\u201d. A palavra do Senhor vai al\u00e9m da dureza dos nossos cora\u00e7\u00f5es e nos imagina capazes de gestos de compaix\u00e3o sem os quais parecer\u00edamos irreconhec\u00edveis aos seus olhos. Na par\u00e1bola de Lucas, o Senhor Jesus magnificamente n\u00e3o fala de si, mas fala de n\u00f3s: \u201c&#8230;Se um de v\u00f3s tem cem ovelhas e perde uma, n\u00e3o deixa as noventa e nove no deserto, e vai atr\u00e1s daquela que se perdeu, at\u00e9 encontr\u00e1-la?\u201d. Diante de uma simples pergunta nos sentimos descritos de modo ainda mais belo de quanto far\u00edamos n\u00f3s mesmos por n\u00f3s mesmos, tanto que, se n\u00e3o somos assim, nos vem a vontade de nos tornarmos assim! Contemplando o mist\u00e9rio do amor que nos foi revelado no cora\u00e7\u00e3o de Cristo, somos levados ao nosso pr\u00f3prio cora\u00e7\u00e3o reconhecendo-o como um lugar que, pela sua natureza, \u00e9 cheio de compaix\u00e3o e que se se fecha ao amor, o faz normalmente por medo de sofrer e de ser humilhado. Deste medo possamos finalmente nos livrar! O ap\u00f3stolo S. Paulo nos d\u00e1 as raz\u00f5es profundas desta reden\u00e7\u00e3o do medo de correr o risco de amar: \u201cDificilmente algu\u00e9m morrer\u00e1 por um justo; por uma pessoa muito boa, talvez algu\u00e9m se anime a morrer. Pois bem, a prova de que Deus nos ama \u00e9 que Cristo morreu por n\u00f3s, quando \u00e9ramos ainda pecadores\u201d. O profeta Ezequiel n\u00e3o faz que confirmar as inten\u00e7\u00f5es de Deus com rela\u00e7\u00e3o a n\u00f3s: \u201cVou procurar a ovelha perdida, reconduzir a extraviada, enfaixar a da perna quebrada, fortalecer a doente, e vigiar a ovelha gorda e forte. Vou apascent\u00e1-las conforme o direito\u201d. Contemplar \u00e9 sempre o primeiro passo para confirmar em n\u00f3s o desejo de conformar a nossa vida \u00e0 vida de Cristo, consciente de que o amor \u00e9 tudo e tudo pode ser transformado em amor.<\/p>\n<p><strong>Pe. Paulo Eduardo J\u00e1como, SDB.\u00a0<\/strong><\/p>\n<p>&nbsp;<\/p>\n","protected":false},"excerpt":{"rendered":"<p>Sexta-feira, 27 de junho de 2025. &nbsp; Evangelho (Lc 15,3-7) \u201cAlegrai-vos comigo! Encontrei a minha ovelha que estava perdida!\u201d &nbsp; Naquele tempo, 3Jesus contou-lhes esta&#8230;<\/p>\n","protected":false},"author":1,"featured_media":12582,"comment_status":"closed","ping_status":"closed","sticky":false,"template":"","format":"standard","meta":{"_acf_changed":false,"footnotes":""},"categories":[13],"tags":[],"class_list":["post-12581","post","type-post","status-publish","format-standard","has-post-thumbnail","hentry","category-reflexaodoevagelho"],"acf":[],"yoast_head":"<!-- This site is optimized with the Yoast SEO plugin v27.3 - https:\/\/yoast.com\/product\/yoast-seo-wordpress\/ -->\n<title>27\/06 - Alegrai-vos comigo! Encontrei a minha ovelha que estava perdida! - Pastoral Universit\u00e1ria UniSALESIANO<\/title>\n<meta name=\"robots\" content=\"index, follow, max-snippet:-1, max-image-preview:large, max-video-preview:-1\" \/>\n<link rel=\"canonical\" href=\"https:\/\/unisale.com.br\/pastoral\/27-06-alegrai-vos-comigo-encontrei-a-minha-ovelha-que-estava-perdida\/\" \/>\n<meta property=\"og:locale\" content=\"pt_BR\" \/>\n<meta property=\"og:type\" content=\"article\" \/>\n<meta property=\"og:title\" content=\"27\/06 - Alegrai-vos comigo! Encontrei a minha ovelha que estava perdida! - Pastoral Universit\u00e1ria UniSALESIANO\" \/>\n<meta property=\"og:description\" content=\"Sexta-feira, 27 de junho de 2025. &nbsp; Evangelho (Lc 15,3-7) \u201cAlegrai-vos comigo! Encontrei a minha ovelha que estava perdida!\u201d &nbsp; Naquele tempo, 3Jesus contou-lhes esta...\" \/>\n<meta property=\"og:url\" content=\"https:\/\/unisale.com.br\/pastoral\/27-06-alegrai-vos-comigo-encontrei-a-minha-ovelha-que-estava-perdida\/\" \/>\n<meta property=\"og:site_name\" content=\"Pastoral Universit\u00e1ria UniSALESIANO\" \/>\n<meta property=\"article:published_time\" content=\"2025-06-26T18:39:36+00:00\" \/>\n<meta property=\"og:image\" content=\"https:\/\/unisale.com.br\/pastoral\/wp-content\/uploads\/2025\/06\/Faca-jesus-carregando-uma-ovelha.jpg\" \/>\n\t<meta property=\"og:image:width\" content=\"1120\" \/>\n\t<meta property=\"og:image:height\" content=\"1120\" \/>\n\t<meta property=\"og:image:type\" content=\"image\/jpeg\" \/>\n<meta name=\"author\" content=\"pastoral\" \/>\n<meta name=\"twitter:card\" content=\"summary_large_image\" \/>\n<meta name=\"twitter:label1\" content=\"Escrito por\" \/>\n\t<meta name=\"twitter:data1\" content=\"pastoral\" \/>\n\t<meta name=\"twitter:label2\" content=\"Est. tempo de leitura\" \/>\n\t<meta name=\"twitter:data2\" content=\"4 minutos\" \/>\n<script type=\"application\/ld+json\" class=\"yoast-schema-graph\">{\"@context\":\"https:\\\/\\\/schema.org\",\"@graph\":[{\"@type\":\"Article\",\"@id\":\"https:\\\/\\\/unisale.com.br\\\/pastoral\\\/27-06-alegrai-vos-comigo-encontrei-a-minha-ovelha-que-estava-perdida\\\/#article\",\"isPartOf\":{\"@id\":\"https:\\\/\\\/unisale.com.br\\\/pastoral\\\/27-06-alegrai-vos-comigo-encontrei-a-minha-ovelha-que-estava-perdida\\\/\"},\"author\":{\"name\":\"pastoral\",\"@id\":\"https:\\\/\\\/unisale.com.br\\\/pastoral\\\/#\\\/schema\\\/person\\\/a16ba711a0f7dec9cb6b44563144d5a3\"},\"headline\":\"27\\\/06 &#8211; Alegrai-vos comigo! Encontrei a minha ovelha que estava perdida!\",\"datePublished\":\"2025-06-26T18:39:36+00:00\",\"mainEntityOfPage\":{\"@id\":\"https:\\\/\\\/unisale.com.br\\\/pastoral\\\/27-06-alegrai-vos-comigo-encontrei-a-minha-ovelha-que-estava-perdida\\\/\"},\"wordCount\":686,\"image\":{\"@id\":\"https:\\\/\\\/unisale.com.br\\\/pastoral\\\/27-06-alegrai-vos-comigo-encontrei-a-minha-ovelha-que-estava-perdida\\\/#primaryimage\"},\"thumbnailUrl\":\"https:\\\/\\\/unisale.com.br\\\/pastoral\\\/wp-content\\\/uploads\\\/2025\\\/06\\\/Faca-jesus-carregando-uma-ovelha.jpg\",\"articleSection\":[\"Reflex\u00e3o do Evangelho\"],\"inLanguage\":\"pt-BR\"},{\"@type\":\"WebPage\",\"@id\":\"https:\\\/\\\/unisale.com.br\\\/pastoral\\\/27-06-alegrai-vos-comigo-encontrei-a-minha-ovelha-que-estava-perdida\\\/\",\"url\":\"https:\\\/\\\/unisale.com.br\\\/pastoral\\\/27-06-alegrai-vos-comigo-encontrei-a-minha-ovelha-que-estava-perdida\\\/\",\"name\":\"27\\\/06 - Alegrai-vos comigo! Encontrei a minha ovelha que estava perdida! - Pastoral Universit\u00e1ria UniSALESIANO\",\"isPartOf\":{\"@id\":\"https:\\\/\\\/unisale.com.br\\\/pastoral\\\/#website\"},\"primaryImageOfPage\":{\"@id\":\"https:\\\/\\\/unisale.com.br\\\/pastoral\\\/27-06-alegrai-vos-comigo-encontrei-a-minha-ovelha-que-estava-perdida\\\/#primaryimage\"},\"image\":{\"@id\":\"https:\\\/\\\/unisale.com.br\\\/pastoral\\\/27-06-alegrai-vos-comigo-encontrei-a-minha-ovelha-que-estava-perdida\\\/#primaryimage\"},\"thumbnailUrl\":\"https:\\\/\\\/unisale.com.br\\\/pastoral\\\/wp-content\\\/uploads\\\/2025\\\/06\\\/Faca-jesus-carregando-uma-ovelha.jpg\",\"datePublished\":\"2025-06-26T18:39:36+00:00\",\"author\":{\"@id\":\"https:\\\/\\\/unisale.com.br\\\/pastoral\\\/#\\\/schema\\\/person\\\/a16ba711a0f7dec9cb6b44563144d5a3\"},\"inLanguage\":\"pt-BR\",\"potentialAction\":[{\"@type\":\"ReadAction\",\"target\":[\"https:\\\/\\\/unisale.com.br\\\/pastoral\\\/27-06-alegrai-vos-comigo-encontrei-a-minha-ovelha-que-estava-perdida\\\/\"]}]},{\"@type\":\"ImageObject\",\"inLanguage\":\"pt-BR\",\"@id\":\"https:\\\/\\\/unisale.com.br\\\/pastoral\\\/27-06-alegrai-vos-comigo-encontrei-a-minha-ovelha-que-estava-perdida\\\/#primaryimage\",\"url\":\"https:\\\/\\\/unisale.com.br\\\/pastoral\\\/wp-content\\\/uploads\\\/2025\\\/06\\\/Faca-jesus-carregando-uma-ovelha.jpg\",\"contentUrl\":\"https:\\\/\\\/unisale.com.br\\\/pastoral\\\/wp-content\\\/uploads\\\/2025\\\/06\\\/Faca-jesus-carregando-uma-ovelha.jpg\",\"width\":500,\"height\":500},{\"@type\":\"WebSite\",\"@id\":\"https:\\\/\\\/unisale.com.br\\\/pastoral\\\/#website\",\"url\":\"https:\\\/\\\/unisale.com.br\\\/pastoral\\\/\",\"name\":\"Pastoral Universit\u00e1ria UniSALESIANO\",\"description\":\"Site da Pastoral Universit\u00e1ria do UniSALESIANO\",\"potentialAction\":[{\"@type\":\"SearchAction\",\"target\":{\"@type\":\"EntryPoint\",\"urlTemplate\":\"https:\\\/\\\/unisale.com.br\\\/pastoral\\\/?s={search_term_string}\"},\"query-input\":{\"@type\":\"PropertyValueSpecification\",\"valueRequired\":true,\"valueName\":\"search_term_string\"}}],\"inLanguage\":\"pt-BR\"},{\"@type\":\"Person\",\"@id\":\"https:\\\/\\\/unisale.com.br\\\/pastoral\\\/#\\\/schema\\\/person\\\/a16ba711a0f7dec9cb6b44563144d5a3\",\"name\":\"pastoral\",\"url\":\"https:\\\/\\\/unisale.com.br\\\/pastoral\\\/author\\\/pastoral\\\/\"}]}<\/script>\n<!-- \/ Yoast SEO plugin. -->","yoast_head_json":{"title":"27\/06 - Alegrai-vos comigo! Encontrei a minha ovelha que estava perdida! - Pastoral Universit\u00e1ria UniSALESIANO","robots":{"index":"index","follow":"follow","max-snippet":"max-snippet:-1","max-image-preview":"max-image-preview:large","max-video-preview":"max-video-preview:-1"},"canonical":"https:\/\/unisale.com.br\/pastoral\/27-06-alegrai-vos-comigo-encontrei-a-minha-ovelha-que-estava-perdida\/","og_locale":"pt_BR","og_type":"article","og_title":"27\/06 - Alegrai-vos comigo! Encontrei a minha ovelha que estava perdida! - Pastoral Universit\u00e1ria UniSALESIANO","og_description":"Sexta-feira, 27 de junho de 2025. &nbsp; Evangelho (Lc 15,3-7) \u201cAlegrai-vos comigo! Encontrei a minha ovelha que estava perdida!\u201d &nbsp; Naquele tempo, 3Jesus contou-lhes esta...","og_url":"https:\/\/unisale.com.br\/pastoral\/27-06-alegrai-vos-comigo-encontrei-a-minha-ovelha-que-estava-perdida\/","og_site_name":"Pastoral Universit\u00e1ria UniSALESIANO","article_published_time":"2025-06-26T18:39:36+00:00","og_image":[{"width":1120,"height":1120,"url":"https:\/\/unisale.com.br\/pastoral\/wp-content\/uploads\/2025\/06\/Faca-jesus-carregando-uma-ovelha.jpg","type":"image\/jpeg"}],"author":"pastoral","twitter_card":"summary_large_image","twitter_misc":{"Escrito por":"pastoral","Est. tempo de leitura":"4 minutos"},"schema":{"@context":"https:\/\/schema.org","@graph":[{"@type":"Article","@id":"https:\/\/unisale.com.br\/pastoral\/27-06-alegrai-vos-comigo-encontrei-a-minha-ovelha-que-estava-perdida\/#article","isPartOf":{"@id":"https:\/\/unisale.com.br\/pastoral\/27-06-alegrai-vos-comigo-encontrei-a-minha-ovelha-que-estava-perdida\/"},"author":{"name":"pastoral","@id":"https:\/\/unisale.com.br\/pastoral\/#\/schema\/person\/a16ba711a0f7dec9cb6b44563144d5a3"},"headline":"27\/06 &#8211; Alegrai-vos comigo! Encontrei a minha ovelha que estava perdida!","datePublished":"2025-06-26T18:39:36+00:00","mainEntityOfPage":{"@id":"https:\/\/unisale.com.br\/pastoral\/27-06-alegrai-vos-comigo-encontrei-a-minha-ovelha-que-estava-perdida\/"},"wordCount":686,"image":{"@id":"https:\/\/unisale.com.br\/pastoral\/27-06-alegrai-vos-comigo-encontrei-a-minha-ovelha-que-estava-perdida\/#primaryimage"},"thumbnailUrl":"https:\/\/unisale.com.br\/pastoral\/wp-content\/uploads\/2025\/06\/Faca-jesus-carregando-uma-ovelha.jpg","articleSection":["Reflex\u00e3o do Evangelho"],"inLanguage":"pt-BR"},{"@type":"WebPage","@id":"https:\/\/unisale.com.br\/pastoral\/27-06-alegrai-vos-comigo-encontrei-a-minha-ovelha-que-estava-perdida\/","url":"https:\/\/unisale.com.br\/pastoral\/27-06-alegrai-vos-comigo-encontrei-a-minha-ovelha-que-estava-perdida\/","name":"27\/06 - Alegrai-vos comigo! Encontrei a minha ovelha que estava perdida! - Pastoral Universit\u00e1ria UniSALESIANO","isPartOf":{"@id":"https:\/\/unisale.com.br\/pastoral\/#website"},"primaryImageOfPage":{"@id":"https:\/\/unisale.com.br\/pastoral\/27-06-alegrai-vos-comigo-encontrei-a-minha-ovelha-que-estava-perdida\/#primaryimage"},"image":{"@id":"https:\/\/unisale.com.br\/pastoral\/27-06-alegrai-vos-comigo-encontrei-a-minha-ovelha-que-estava-perdida\/#primaryimage"},"thumbnailUrl":"https:\/\/unisale.com.br\/pastoral\/wp-content\/uploads\/2025\/06\/Faca-jesus-carregando-uma-ovelha.jpg","datePublished":"2025-06-26T18:39:36+00:00","author":{"@id":"https:\/\/unisale.com.br\/pastoral\/#\/schema\/person\/a16ba711a0f7dec9cb6b44563144d5a3"},"inLanguage":"pt-BR","potentialAction":[{"@type":"ReadAction","target":["https:\/\/unisale.com.br\/pastoral\/27-06-alegrai-vos-comigo-encontrei-a-minha-ovelha-que-estava-perdida\/"]}]},{"@type":"ImageObject","inLanguage":"pt-BR","@id":"https:\/\/unisale.com.br\/pastoral\/27-06-alegrai-vos-comigo-encontrei-a-minha-ovelha-que-estava-perdida\/#primaryimage","url":"https:\/\/unisale.com.br\/pastoral\/wp-content\/uploads\/2025\/06\/Faca-jesus-carregando-uma-ovelha.jpg","contentUrl":"https:\/\/unisale.com.br\/pastoral\/wp-content\/uploads\/2025\/06\/Faca-jesus-carregando-uma-ovelha.jpg","width":500,"height":500},{"@type":"WebSite","@id":"https:\/\/unisale.com.br\/pastoral\/#website","url":"https:\/\/unisale.com.br\/pastoral\/","name":"Pastoral Universit\u00e1ria UniSALESIANO","description":"Site da Pastoral Universit\u00e1ria do UniSALESIANO","potentialAction":[{"@type":"SearchAction","target":{"@type":"EntryPoint","urlTemplate":"https:\/\/unisale.com.br\/pastoral\/?s={search_term_string}"},"query-input":{"@type":"PropertyValueSpecification","valueRequired":true,"valueName":"search_term_string"}}],"inLanguage":"pt-BR"},{"@type":"Person","@id":"https:\/\/unisale.com.br\/pastoral\/#\/schema\/person\/a16ba711a0f7dec9cb6b44563144d5a3","name":"pastoral","url":"https:\/\/unisale.com.br\/pastoral\/author\/pastoral\/"}]}},"_links":{"self":[{"href":"https:\/\/unisale.com.br\/pastoral\/wp-json\/wp\/v2\/posts\/12581","targetHints":{"allow":["GET"]}}],"collection":[{"href":"https:\/\/unisale.com.br\/pastoral\/wp-json\/wp\/v2\/posts"}],"about":[{"href":"https:\/\/unisale.com.br\/pastoral\/wp-json\/wp\/v2\/types\/post"}],"author":[{"embeddable":true,"href":"https:\/\/unisale.com.br\/pastoral\/wp-json\/wp\/v2\/users\/1"}],"replies":[{"embeddable":true,"href":"https:\/\/unisale.com.br\/pastoral\/wp-json\/wp\/v2\/comments?post=12581"}],"version-history":[{"count":1,"href":"https:\/\/unisale.com.br\/pastoral\/wp-json\/wp\/v2\/posts\/12581\/revisions"}],"predecessor-version":[{"id":12583,"href":"https:\/\/unisale.com.br\/pastoral\/wp-json\/wp\/v2\/posts\/12581\/revisions\/12583"}],"wp:featuredmedia":[{"embeddable":true,"href":"https:\/\/unisale.com.br\/pastoral\/wp-json\/wp\/v2\/media\/12582"}],"wp:attachment":[{"href":"https:\/\/unisale.com.br\/pastoral\/wp-json\/wp\/v2\/media?parent=12581"}],"wp:term":[{"taxonomy":"category","embeddable":true,"href":"https:\/\/unisale.com.br\/pastoral\/wp-json\/wp\/v2\/categories?post=12581"},{"taxonomy":"post_tag","embeddable":true,"href":"https:\/\/unisale.com.br\/pastoral\/wp-json\/wp\/v2\/tags?post=12581"}],"curies":[{"name":"wp","href":"https:\/\/api.w.org\/{rel}","templated":true}]}}