{"id":12615,"date":"2025-07-28T12:08:53","date_gmt":"2025-07-28T12:08:53","guid":{"rendered":"https:\/\/unisale.com.br\/pastoral\/?p=12615"},"modified":"2025-07-28T12:08:53","modified_gmt":"2025-07-28T12:08:53","slug":"29-07-2025-eu-sou-a-ressurreicao-e-a-vida","status":"publish","type":"post","link":"https:\/\/unisale.com.br\/pastoral\/29-07-2025-eu-sou-a-ressurreicao-e-a-vida\/","title":{"rendered":"29\/07\/2025 &#8211; Eu sou a ressurrei\u00e7\u00e3o e a vida."},"content":{"rendered":"<p>Ter\u00e7a-feira, 29 de julho de 2025.<\/p>\n<p>&nbsp;<\/p>\n<p>Evangelho (Jo 11,19-27)<\/p>\n<p>&nbsp;<\/p>\n<p><strong>\u201cEu sou a ressurrei\u00e7\u00e3o e a vida\u201d<\/strong><\/p>\n<p>&nbsp;<\/p>\n<p>Naquele tempo, <sup>19<\/sup>muitos judeus tinham vindo \u00e0 casa de Marta e Maria para as consolar por causa do irm\u00e3o. <sup>20<\/sup>Quando Marta soube que Jesus tinha chegado, foi ao encontro dele. Maria ficou sentada em casa. <sup>21<\/sup>Ent\u00e3o Marta disse a Jesus: \u201cSenhor, se tivesses estado aqui, meu irm\u00e3o n\u00e3o teria morrido. <sup>22<\/sup>Mas mesmo assim, eu sei que o que pedires a Deus, ele te conceder\u00e1\u201d. <sup>23<\/sup>Respondeu-lhe Jesus: \u201cTeu irm\u00e3o ressuscitar\u00e1\u201d. <sup>24<\/sup>Disse Marta: \u201cEu sei que ele ressuscitar\u00e1 na ressurrei\u00e7\u00e3o, no \u00faltimo dia\u201d. <sup>25<\/sup>Ent\u00e3o Jesus disse: \u201cEu sou a ressurrei\u00e7\u00e3o e a vida. Quem cr\u00ea em mim, mesmo que morra, viver\u00e1. <sup>26<\/sup>E todo aquele que vive e cr\u00ea em mim, n\u00e3o morrer\u00e1 jamais. Cr\u00eas isto?\u201d <sup>27<\/sup>Respondeu ela: \u201cSim, Senhor, eu creio firmemente que tu \u00e9s o Messias, o Filho de Deus, que devia vir ao mundo\u201d.<\/p>\n<p>&nbsp;<\/p>\n<p><strong>Reflex\u00e3o<\/strong><\/p>\n<p>&nbsp;<\/p>\n<p>Hoje celebramos a mem\u00f3ria de Marta, Maria e L\u00e1zaro. \u00c9 significativa esta celebra\u00e7\u00e3o, serve para entendermos que n\u00e3o nos fazemos santos sozinhos. Tr\u00eas pessoas com caracter\u00edsticas diversas, cada uma delas vivendo a sua pr\u00f3pria experi\u00eancia com Jesus. Marta \u00e9 a primeira a tomar a iniciativa de ir ao encontro de Jesus. A mais atarefada com os trabalhos de casa parece nos ensinar que n\u00e3o podemos permanecer dentro de casa sofrendo com a dor, \u00e9 preciso, ao contr\u00e1rio, colocar-se a caminho, ir ao encontro do Senhor. Marta \u00e9 a mulher cheia de praticidade, \u00e9 ela que nos ensina que n\u00e3o devemos nos afogar nas nossas ang\u00fastias. Mas ela tamb\u00e9m pensa que as promessas do Mestre se realizar\u00e3o no futuro e n\u00e3o \u00e9 capaz de perceber que n\u00e3o existe espera, as promessas de Jesus come\u00e7am a se realizar agora, aquilo que esperamos da parte de Jesus j\u00e1 est\u00e1 no nosso meio. Acreditar que Jesus \u00e9 o nosso agora, faz ver que todo j\u00e1 est\u00e1 se realizando. Foi esta f\u00e9 que possibilitou a ressurrei\u00e7\u00e3o de L\u00e1zaro. Marta diz a Jesus: \u201cEu sei que ele ressuscitar\u00e1 na ressurrei\u00e7\u00e3o, no \u00faltimo dia\u201d. Ao que Jesus responde: \u201cEu sou a ressurrei\u00e7\u00e3o e a vida\u201d. Foi a f\u00e9 de Marta em Jesus como Messias. O Filho de Deus que trouxe L\u00e1zaro de volta \u00e0 vida. Como bem traduz o decreto sobre a celebra\u00e7\u00e3o destes tr\u00eas santos irm\u00e3os, amigos amados por Jesus: \u201cMarta ofereceu-lhe generosamente hospitalidade, Maria ouviu atentamente suas palavras e L\u00e1zaro saiu de imediato do sepulcro \u00e0 convite d\u2019Aquele que aniquilou a morte\u201d. Tr\u00eas testemunhos evang\u00e9licos que ofereceram a Jesus hospitalidade, prestaram-lhe toda a aten\u00e7\u00e3o e acreditaram em Jesus como ressurrei\u00e7\u00e3o e vida. Tr\u00eas santos que precisar\u00edamos imitar.<\/p>\n<p><strong>Pe. Paulo Eduardo J\u00e1como, SDB.<\/strong><\/p>\n","protected":false},"excerpt":{"rendered":"<p>Ter\u00e7a-feira, 29 de julho de 2025. &nbsp; Evangelho (Jo 11,19-27) &nbsp; \u201cEu sou a ressurrei\u00e7\u00e3o e a vida\u201d &nbsp; Naquele tempo, 19muitos judeus tinham vindo&#8230;<\/p>\n","protected":false},"author":1,"featured_media":12616,"comment_status":"closed","ping_status":"closed","sticky":false,"template":"","format":"standard","meta":{"_acf_changed":false,"footnotes":""},"categories":[13],"tags":[],"class_list":["post-12615","post","type-post","status-publish","format-standard","has-post-thumbnail","hentry","category-reflexaodoevagelho"],"acf":[],"yoast_head":"<!-- This site is optimized with the Yoast SEO plugin v27.3 - https:\/\/yoast.com\/product\/yoast-seo-wordpress\/ -->\n<title>29\/07\/2025 - Eu sou a ressurrei\u00e7\u00e3o e a vida. - Pastoral Universit\u00e1ria UniSALESIANO<\/title>\n<meta name=\"robots\" content=\"index, follow, max-snippet:-1, max-image-preview:large, max-video-preview:-1\" \/>\n<link rel=\"canonical\" href=\"https:\/\/unisale.com.br\/pastoral\/29-07-2025-eu-sou-a-ressurreicao-e-a-vida\/\" \/>\n<meta property=\"og:locale\" content=\"pt_BR\" \/>\n<meta property=\"og:type\" content=\"article\" \/>\n<meta property=\"og:title\" content=\"29\/07\/2025 - Eu sou a ressurrei\u00e7\u00e3o e a vida. - Pastoral Universit\u00e1ria UniSALESIANO\" \/>\n<meta property=\"og:description\" content=\"Ter\u00e7a-feira, 29 de julho de 2025. &nbsp; Evangelho (Jo 11,19-27) &nbsp; \u201cEu sou a ressurrei\u00e7\u00e3o e a vida\u201d &nbsp; Naquele tempo, 19muitos judeus tinham vindo...\" \/>\n<meta property=\"og:url\" content=\"https:\/\/unisale.com.br\/pastoral\/29-07-2025-eu-sou-a-ressurreicao-e-a-vida\/\" \/>\n<meta property=\"og:site_name\" content=\"Pastoral Universit\u00e1ria UniSALESIANO\" \/>\n<meta property=\"article:published_time\" content=\"2025-07-28T12:08:53+00:00\" \/>\n<meta property=\"og:image\" content=\"https:\/\/unisale.com.br\/pastoral\/wp-content\/uploads\/2025\/07\/Naquele-tempo_-19muitos-judeus-tinham-vindo-a-casa-de-Marta-e-Maria-para-as-consolar-por-causa-do-ir.png\" \/>\n\t<meta property=\"og:image:width\" content=\"1120\" \/>\n\t<meta property=\"og:image:height\" content=\"1120\" \/>\n\t<meta property=\"og:image:type\" content=\"image\/png\" \/>\n<meta name=\"author\" content=\"pastoral\" \/>\n<meta name=\"twitter:card\" content=\"summary_large_image\" \/>\n<meta name=\"twitter:label1\" content=\"Escrito por\" \/>\n\t<meta name=\"twitter:data1\" content=\"pastoral\" \/>\n\t<meta name=\"twitter:label2\" content=\"Est. tempo de leitura\" \/>\n\t<meta name=\"twitter:data2\" content=\"3 minutos\" \/>\n<script type=\"application\/ld+json\" class=\"yoast-schema-graph\">{\"@context\":\"https:\\\/\\\/schema.org\",\"@graph\":[{\"@type\":\"Article\",\"@id\":\"https:\\\/\\\/unisale.com.br\\\/pastoral\\\/29-07-2025-eu-sou-a-ressurreicao-e-a-vida\\\/#article\",\"isPartOf\":{\"@id\":\"https:\\\/\\\/unisale.com.br\\\/pastoral\\\/29-07-2025-eu-sou-a-ressurreicao-e-a-vida\\\/\"},\"author\":{\"name\":\"pastoral\",\"@id\":\"https:\\\/\\\/unisale.com.br\\\/pastoral\\\/#\\\/schema\\\/person\\\/a16ba711a0f7dec9cb6b44563144d5a3\"},\"headline\":\"29\\\/07\\\/2025 &#8211; Eu sou a ressurrei\u00e7\u00e3o e a vida.\",\"datePublished\":\"2025-07-28T12:08:53+00:00\",\"mainEntityOfPage\":{\"@id\":\"https:\\\/\\\/unisale.com.br\\\/pastoral\\\/29-07-2025-eu-sou-a-ressurreicao-e-a-vida\\\/\"},\"wordCount\":487,\"image\":{\"@id\":\"https:\\\/\\\/unisale.com.br\\\/pastoral\\\/29-07-2025-eu-sou-a-ressurreicao-e-a-vida\\\/#primaryimage\"},\"thumbnailUrl\":\"https:\\\/\\\/unisale.com.br\\\/pastoral\\\/wp-content\\\/uploads\\\/2025\\\/07\\\/Naquele-tempo_-19muitos-judeus-tinham-vindo-a-casa-de-Marta-e-Maria-para-as-consolar-por-causa-do-ir.jpg\",\"articleSection\":[\"Reflex\u00e3o do Evangelho\"],\"inLanguage\":\"pt-BR\"},{\"@type\":\"WebPage\",\"@id\":\"https:\\\/\\\/unisale.com.br\\\/pastoral\\\/29-07-2025-eu-sou-a-ressurreicao-e-a-vida\\\/\",\"url\":\"https:\\\/\\\/unisale.com.br\\\/pastoral\\\/29-07-2025-eu-sou-a-ressurreicao-e-a-vida\\\/\",\"name\":\"29\\\/07\\\/2025 - Eu sou a ressurrei\u00e7\u00e3o e a vida. - Pastoral Universit\u00e1ria UniSALESIANO\",\"isPartOf\":{\"@id\":\"https:\\\/\\\/unisale.com.br\\\/pastoral\\\/#website\"},\"primaryImageOfPage\":{\"@id\":\"https:\\\/\\\/unisale.com.br\\\/pastoral\\\/29-07-2025-eu-sou-a-ressurreicao-e-a-vida\\\/#primaryimage\"},\"image\":{\"@id\":\"https:\\\/\\\/unisale.com.br\\\/pastoral\\\/29-07-2025-eu-sou-a-ressurreicao-e-a-vida\\\/#primaryimage\"},\"thumbnailUrl\":\"https:\\\/\\\/unisale.com.br\\\/pastoral\\\/wp-content\\\/uploads\\\/2025\\\/07\\\/Naquele-tempo_-19muitos-judeus-tinham-vindo-a-casa-de-Marta-e-Maria-para-as-consolar-por-causa-do-ir.jpg\",\"datePublished\":\"2025-07-28T12:08:53+00:00\",\"author\":{\"@id\":\"https:\\\/\\\/unisale.com.br\\\/pastoral\\\/#\\\/schema\\\/person\\\/a16ba711a0f7dec9cb6b44563144d5a3\"},\"inLanguage\":\"pt-BR\",\"potentialAction\":[{\"@type\":\"ReadAction\",\"target\":[\"https:\\\/\\\/unisale.com.br\\\/pastoral\\\/29-07-2025-eu-sou-a-ressurreicao-e-a-vida\\\/\"]}]},{\"@type\":\"ImageObject\",\"inLanguage\":\"pt-BR\",\"@id\":\"https:\\\/\\\/unisale.com.br\\\/pastoral\\\/29-07-2025-eu-sou-a-ressurreicao-e-a-vida\\\/#primaryimage\",\"url\":\"https:\\\/\\\/unisale.com.br\\\/pastoral\\\/wp-content\\\/uploads\\\/2025\\\/07\\\/Naquele-tempo_-19muitos-judeus-tinham-vindo-a-casa-de-Marta-e-Maria-para-as-consolar-por-causa-do-ir.jpg\",\"contentUrl\":\"https:\\\/\\\/unisale.com.br\\\/pastoral\\\/wp-content\\\/uploads\\\/2025\\\/07\\\/Naquele-tempo_-19muitos-judeus-tinham-vindo-a-casa-de-Marta-e-Maria-para-as-consolar-por-causa-do-ir.jpg\",\"width\":500,\"height\":500},{\"@type\":\"WebSite\",\"@id\":\"https:\\\/\\\/unisale.com.br\\\/pastoral\\\/#website\",\"url\":\"https:\\\/\\\/unisale.com.br\\\/pastoral\\\/\",\"name\":\"Pastoral Universit\u00e1ria UniSALESIANO\",\"description\":\"Site da Pastoral Universit\u00e1ria do UniSALESIANO\",\"potentialAction\":[{\"@type\":\"SearchAction\",\"target\":{\"@type\":\"EntryPoint\",\"urlTemplate\":\"https:\\\/\\\/unisale.com.br\\\/pastoral\\\/?s={search_term_string}\"},\"query-input\":{\"@type\":\"PropertyValueSpecification\",\"valueRequired\":true,\"valueName\":\"search_term_string\"}}],\"inLanguage\":\"pt-BR\"},{\"@type\":\"Person\",\"@id\":\"https:\\\/\\\/unisale.com.br\\\/pastoral\\\/#\\\/schema\\\/person\\\/a16ba711a0f7dec9cb6b44563144d5a3\",\"name\":\"pastoral\",\"url\":\"https:\\\/\\\/unisale.com.br\\\/pastoral\\\/author\\\/pastoral\\\/\"}]}<\/script>\n<!-- \/ Yoast SEO plugin. -->","yoast_head_json":{"title":"29\/07\/2025 - Eu sou a ressurrei\u00e7\u00e3o e a vida. - Pastoral Universit\u00e1ria UniSALESIANO","robots":{"index":"index","follow":"follow","max-snippet":"max-snippet:-1","max-image-preview":"max-image-preview:large","max-video-preview":"max-video-preview:-1"},"canonical":"https:\/\/unisale.com.br\/pastoral\/29-07-2025-eu-sou-a-ressurreicao-e-a-vida\/","og_locale":"pt_BR","og_type":"article","og_title":"29\/07\/2025 - Eu sou a ressurrei\u00e7\u00e3o e a vida. - Pastoral Universit\u00e1ria UniSALESIANO","og_description":"Ter\u00e7a-feira, 29 de julho de 2025. &nbsp; Evangelho (Jo 11,19-27) &nbsp; \u201cEu sou a ressurrei\u00e7\u00e3o e a vida\u201d &nbsp; Naquele tempo, 19muitos judeus tinham vindo...","og_url":"https:\/\/unisale.com.br\/pastoral\/29-07-2025-eu-sou-a-ressurreicao-e-a-vida\/","og_site_name":"Pastoral Universit\u00e1ria UniSALESIANO","article_published_time":"2025-07-28T12:08:53+00:00","og_image":[{"width":1120,"height":1120,"url":"https:\/\/unisale.com.br\/pastoral\/wp-content\/uploads\/2025\/07\/Naquele-tempo_-19muitos-judeus-tinham-vindo-a-casa-de-Marta-e-Maria-para-as-consolar-por-causa-do-ir.png","type":"image\/png"}],"author":"pastoral","twitter_card":"summary_large_image","twitter_misc":{"Escrito por":"pastoral","Est. tempo de leitura":"3 minutos"},"schema":{"@context":"https:\/\/schema.org","@graph":[{"@type":"Article","@id":"https:\/\/unisale.com.br\/pastoral\/29-07-2025-eu-sou-a-ressurreicao-e-a-vida\/#article","isPartOf":{"@id":"https:\/\/unisale.com.br\/pastoral\/29-07-2025-eu-sou-a-ressurreicao-e-a-vida\/"},"author":{"name":"pastoral","@id":"https:\/\/unisale.com.br\/pastoral\/#\/schema\/person\/a16ba711a0f7dec9cb6b44563144d5a3"},"headline":"29\/07\/2025 &#8211; Eu sou a ressurrei\u00e7\u00e3o e a vida.","datePublished":"2025-07-28T12:08:53+00:00","mainEntityOfPage":{"@id":"https:\/\/unisale.com.br\/pastoral\/29-07-2025-eu-sou-a-ressurreicao-e-a-vida\/"},"wordCount":487,"image":{"@id":"https:\/\/unisale.com.br\/pastoral\/29-07-2025-eu-sou-a-ressurreicao-e-a-vida\/#primaryimage"},"thumbnailUrl":"https:\/\/unisale.com.br\/pastoral\/wp-content\/uploads\/2025\/07\/Naquele-tempo_-19muitos-judeus-tinham-vindo-a-casa-de-Marta-e-Maria-para-as-consolar-por-causa-do-ir.jpg","articleSection":["Reflex\u00e3o do Evangelho"],"inLanguage":"pt-BR"},{"@type":"WebPage","@id":"https:\/\/unisale.com.br\/pastoral\/29-07-2025-eu-sou-a-ressurreicao-e-a-vida\/","url":"https:\/\/unisale.com.br\/pastoral\/29-07-2025-eu-sou-a-ressurreicao-e-a-vida\/","name":"29\/07\/2025 - Eu sou a ressurrei\u00e7\u00e3o e a vida. - Pastoral Universit\u00e1ria UniSALESIANO","isPartOf":{"@id":"https:\/\/unisale.com.br\/pastoral\/#website"},"primaryImageOfPage":{"@id":"https:\/\/unisale.com.br\/pastoral\/29-07-2025-eu-sou-a-ressurreicao-e-a-vida\/#primaryimage"},"image":{"@id":"https:\/\/unisale.com.br\/pastoral\/29-07-2025-eu-sou-a-ressurreicao-e-a-vida\/#primaryimage"},"thumbnailUrl":"https:\/\/unisale.com.br\/pastoral\/wp-content\/uploads\/2025\/07\/Naquele-tempo_-19muitos-judeus-tinham-vindo-a-casa-de-Marta-e-Maria-para-as-consolar-por-causa-do-ir.jpg","datePublished":"2025-07-28T12:08:53+00:00","author":{"@id":"https:\/\/unisale.com.br\/pastoral\/#\/schema\/person\/a16ba711a0f7dec9cb6b44563144d5a3"},"inLanguage":"pt-BR","potentialAction":[{"@type":"ReadAction","target":["https:\/\/unisale.com.br\/pastoral\/29-07-2025-eu-sou-a-ressurreicao-e-a-vida\/"]}]},{"@type":"ImageObject","inLanguage":"pt-BR","@id":"https:\/\/unisale.com.br\/pastoral\/29-07-2025-eu-sou-a-ressurreicao-e-a-vida\/#primaryimage","url":"https:\/\/unisale.com.br\/pastoral\/wp-content\/uploads\/2025\/07\/Naquele-tempo_-19muitos-judeus-tinham-vindo-a-casa-de-Marta-e-Maria-para-as-consolar-por-causa-do-ir.jpg","contentUrl":"https:\/\/unisale.com.br\/pastoral\/wp-content\/uploads\/2025\/07\/Naquele-tempo_-19muitos-judeus-tinham-vindo-a-casa-de-Marta-e-Maria-para-as-consolar-por-causa-do-ir.jpg","width":500,"height":500},{"@type":"WebSite","@id":"https:\/\/unisale.com.br\/pastoral\/#website","url":"https:\/\/unisale.com.br\/pastoral\/","name":"Pastoral Universit\u00e1ria UniSALESIANO","description":"Site da Pastoral Universit\u00e1ria do UniSALESIANO","potentialAction":[{"@type":"SearchAction","target":{"@type":"EntryPoint","urlTemplate":"https:\/\/unisale.com.br\/pastoral\/?s={search_term_string}"},"query-input":{"@type":"PropertyValueSpecification","valueRequired":true,"valueName":"search_term_string"}}],"inLanguage":"pt-BR"},{"@type":"Person","@id":"https:\/\/unisale.com.br\/pastoral\/#\/schema\/person\/a16ba711a0f7dec9cb6b44563144d5a3","name":"pastoral","url":"https:\/\/unisale.com.br\/pastoral\/author\/pastoral\/"}]}},"_links":{"self":[{"href":"https:\/\/unisale.com.br\/pastoral\/wp-json\/wp\/v2\/posts\/12615","targetHints":{"allow":["GET"]}}],"collection":[{"href":"https:\/\/unisale.com.br\/pastoral\/wp-json\/wp\/v2\/posts"}],"about":[{"href":"https:\/\/unisale.com.br\/pastoral\/wp-json\/wp\/v2\/types\/post"}],"author":[{"embeddable":true,"href":"https:\/\/unisale.com.br\/pastoral\/wp-json\/wp\/v2\/users\/1"}],"replies":[{"embeddable":true,"href":"https:\/\/unisale.com.br\/pastoral\/wp-json\/wp\/v2\/comments?post=12615"}],"version-history":[{"count":1,"href":"https:\/\/unisale.com.br\/pastoral\/wp-json\/wp\/v2\/posts\/12615\/revisions"}],"predecessor-version":[{"id":12617,"href":"https:\/\/unisale.com.br\/pastoral\/wp-json\/wp\/v2\/posts\/12615\/revisions\/12617"}],"wp:featuredmedia":[{"embeddable":true,"href":"https:\/\/unisale.com.br\/pastoral\/wp-json\/wp\/v2\/media\/12616"}],"wp:attachment":[{"href":"https:\/\/unisale.com.br\/pastoral\/wp-json\/wp\/v2\/media?parent=12615"}],"wp:term":[{"taxonomy":"category","embeddable":true,"href":"https:\/\/unisale.com.br\/pastoral\/wp-json\/wp\/v2\/categories?post=12615"},{"taxonomy":"post_tag","embeddable":true,"href":"https:\/\/unisale.com.br\/pastoral\/wp-json\/wp\/v2\/tags?post=12615"}],"curies":[{"name":"wp","href":"https:\/\/api.w.org\/{rel}","templated":true}]}}