{"id":12754,"date":"2025-07-30T12:30:11","date_gmt":"2025-07-30T12:30:11","guid":{"rendered":"https:\/\/unisale.com.br\/pastoral\/?p=12754"},"modified":"2025-07-30T12:30:11","modified_gmt":"2025-07-30T12:30:11","slug":"feijoada-solidaria-do-vams-2025-movimenta-comunidade-salesiana-de-aracatuba-e-regiao","status":"publish","type":"post","link":"https:\/\/unisale.com.br\/pastoral\/feijoada-solidaria-do-vams-2025-movimenta-comunidade-salesiana-de-aracatuba-e-regiao\/","title":{"rendered":"Feijoada Solid\u00e1ria do VAMS 2025 movimenta comunidade salesiana de Ara\u00e7atuba e regi\u00e3o"},"content":{"rendered":"<p>A\u00a0<strong>Feijoada Solid\u00e1ria<\/strong>\u00a0promovida pela\u00a0<strong>Pastoral do UniSALESIANO<\/strong>\u00a0foi um verdadeiro sucesso e movimentou fi\u00e9is e moradores de Ara\u00e7atuba e regi\u00e3o, neste \u00faltimo final de semana. A a\u00e7\u00e3o teve como objetivo arrecadar recursos para o\u00a0<strong>Projeto VAMS 2025 (Voluntariado Acad\u00eamico Mission\u00e1rio Salesiano)<\/strong>, al\u00e9m de fortalecer os la\u00e7os comunit\u00e1rios.<\/p>\n<p>De acordo com o\u00a0<strong>agente de Pastoral, Jo\u00e3o Paulo Galdino<\/strong>, a feijoada foi preparada e entregue em embalagens pr\u00f3prias, garantindo que chegassem quentinhas e bem acondicionadas aos compradores.<\/p>\n<p>A retirada foi feita, exclusivamente, de forma presencial, mediante a apresenta\u00e7\u00e3o do tal\u00e3o que comprovava a compra. Al\u00e9m disso, quem desejava adquirir a feijoada de \u00faltima hora, p\u00f4de faz\u00ea-lo ap\u00f3s as missas realizadas na\u00a0<strong>Capela do Col\u00e9gio Salesiano \u201cDom Luiz Lasagna<\/strong>\u201d \u2014 no s\u00e1bado, \u00e0s 17h, e no domingo, \u00e0s 8h30min. Cada marmita, que serve duas pessoas, p\u00f4de ser adquirida com pagamento em dinheiro ou via PIX, conforme orienta\u00e7\u00f5es da equipe respons\u00e1vel pela venda. A retirada tamb\u00e9m aconteceu apenas no domingo, das 11h \u00e0s 14h, em dois pontos estrat\u00e9gicos: um em Guararapes e outro em Birigui, facilitando o acesso dos participantes de ambas as cidades.<\/p>\n<p><strong>\u201cUNI MATCH \u2013 Correio Elegante\u201d<\/strong><\/p>\n<p>Al\u00e9m da feijoada, a equipe que integra o VAMS transformou o Centro de Conviv\u00eancia do UniSALESIANO em palco de declara\u00e7\u00f5es, risadas e muita divers\u00e3o com o\u00a0<strong>\u201cUNI MATCH \u2013 Correio Elegante\u201d<\/strong>, promovido no dia 28 de maio. A proposta foi simples e cheia de amor: enviar mensagens carinhosas e engra\u00e7adas para colegas da Institui\u00e7\u00e3o \u2014 tudo com direito a bombom e, claro, aquela \u201cajudinha\u201d do cupido universit\u00e1rio.<\/p>\n<p>O evento aconteceu das 20h45 \u00e0s 21h, durante o intervalo, com entregas feitas exclusivamente no Bloco D (Centro de Conviv\u00eancia). Para participar, os interessados precisavam enviar o comprovante de pagamento via Pix, uma foto do destinat\u00e1rio e as informa\u00e7\u00f5es de nome, curso e termo. Quem quisesse tamb\u00e9m podia permanecer no anonimato.<\/p>\n<p>Toda a arrecada\u00e7\u00e3o foi destinada ao VAMS 2025. Segundo a professora Juliana Mitidiero, Coordenadora do Curso de Educa\u00e7\u00e3o F\u00edsica e uma das organizadoras, o evento teve como foco arrecadar fundos para as a\u00e7\u00f5es mission\u00e1rias desenvolvidas pelos alunos. \u201c\u00c9 uma forma leve e divertida de envolver toda a comunidade acad\u00eamica em uma causa nobre. Qualquer pessoa podia participar, fosse para se declarar, brincar ou apoiar o projeto\u201d, destacou.<\/p>\n<p><img fetchpriority=\"high\" decoding=\"async\" class=\"aligncenter wp-image-46844\" src=\"https:\/\/unisalesiano.com.br\/aracatuba\/wp-content\/uploads\/2025\/06\/WhatsApp-Image-2025-06-02-at-10.40.50.jpeg\" sizes=\"(max-width: 375px) 100vw, 375px\" srcset=\"https:\/\/unisalesiano.com.br\/aracatuba\/wp-content\/uploads\/2025\/06\/WhatsApp-Image-2025-06-02-at-10.40.50.jpeg 1200w, https:\/\/unisalesiano.com.br\/aracatuba\/wp-content\/uploads\/2025\/06\/WhatsApp-Image-2025-06-02-at-10.40.50-225x300.jpeg 225w, https:\/\/unisalesiano.com.br\/aracatuba\/wp-content\/uploads\/2025\/06\/WhatsApp-Image-2025-06-02-at-10.40.50-768x1024.jpeg 768w, https:\/\/unisalesiano.com.br\/aracatuba\/wp-content\/uploads\/2025\/06\/WhatsApp-Image-2025-06-02-at-10.40.50-1152x1536.jpeg 1152w\" alt=\"\" width=\"375\" height=\"500\" \/><\/p>\n<p>&nbsp;<\/p>\n\n\t\t<style type=\"text\/css\">\n\t\t\t#gallery-1 {\n\t\t\t\tmargin: auto;\n\t\t\t}\n\t\t\t#gallery-1 .gallery-item {\n\t\t\t\tfloat: left;\n\t\t\t\tmargin-top: 10px;\n\t\t\t\ttext-align: center;\n\t\t\t\twidth: 25%;\n\t\t\t}\n\t\t\t#gallery-1 img {\n\t\t\t\tborder: 2px solid #cfcfcf;\n\t\t\t}\n\t\t\t#gallery-1 .gallery-caption {\n\t\t\t\tmargin-left: 0;\n\t\t\t}\n\t\t\t\/* see gallery_shortcode() in wp-includes\/media.php *\/\n\t\t<\/style>\n\t\t<div id='gallery-1' class='gallery galleryid-12754 gallery-columns-4 gallery-size-thumbnail'><dl class='gallery-item'>\n\t\t\t<dt class='gallery-icon landscape'>\n\t\t\t\t<a href='https:\/\/unisale.com.br\/pastoral\/feijoada-solidaria-do-vams-2025-movimenta-comunidade-salesiana-de-aracatuba-e-regiao\/whatsapp-image-2025-06-02-at-10-09-13-3-1024x768\/'><img decoding=\"async\" width=\"150\" height=\"150\" src=\"https:\/\/unisale.com.br\/pastoral\/wp-content\/uploads\/2025\/07\/WhatsApp-Image-2025-06-02-at-10.09.13-3-1024x768-1-150x150.jpeg\" class=\"attachment-thumbnail size-thumbnail\" alt=\"\" \/><\/a>\n\t\t\t<\/dt><\/dl><dl class='gallery-item'>\n\t\t\t<dt class='gallery-icon portrait'>\n\t\t\t\t<a href='https:\/\/unisale.com.br\/pastoral\/feijoada-solidaria-do-vams-2025-movimenta-comunidade-salesiana-de-aracatuba-e-regiao\/whatsapp-image-2025-06-02-at-10-09-12-768x1024\/'><img decoding=\"async\" width=\"150\" height=\"150\" src=\"https:\/\/unisale.com.br\/pastoral\/wp-content\/uploads\/2025\/07\/WhatsApp-Image-2025-06-02-at-10.09.12-768x1024-1-150x150.jpeg\" class=\"attachment-thumbnail size-thumbnail\" alt=\"\" \/><\/a>\n\t\t\t<\/dt><\/dl><dl class='gallery-item'>\n\t\t\t<dt class='gallery-icon landscape'>\n\t\t\t\t<a href='https:\/\/unisale.com.br\/pastoral\/feijoada-solidaria-do-vams-2025-movimenta-comunidade-salesiana-de-aracatuba-e-regiao\/whatsapp-image-2025-06-02-at-10-09-13-1024x768\/'><img loading=\"lazy\" decoding=\"async\" width=\"150\" height=\"150\" src=\"https:\/\/unisale.com.br\/pastoral\/wp-content\/uploads\/2025\/07\/WhatsApp-Image-2025-06-02-at-10.09.13-1024x768-1-150x150.jpeg\" class=\"attachment-thumbnail size-thumbnail\" alt=\"\" \/><\/a>\n\t\t\t<\/dt><\/dl><dl class='gallery-item'>\n\t\t\t<dt class='gallery-icon landscape'>\n\t\t\t\t<a href='https:\/\/unisale.com.br\/pastoral\/feijoada-solidaria-do-vams-2025-movimenta-comunidade-salesiana-de-aracatuba-e-regiao\/whatsapp-image-2025-06-02-at-10-09-13-1-1024x768\/'><img loading=\"lazy\" decoding=\"async\" width=\"150\" height=\"150\" src=\"https:\/\/unisale.com.br\/pastoral\/wp-content\/uploads\/2025\/07\/WhatsApp-Image-2025-06-02-at-10.09.13-1-1024x768-1-150x150.jpeg\" class=\"attachment-thumbnail size-thumbnail\" alt=\"\" \/><\/a>\n\t\t\t<\/dt><\/dl><br style=\"clear: both\" \/>\n\t\t<\/div>\n\n","protected":false},"excerpt":{"rendered":"<p>A\u00a0Feijoada Solid\u00e1ria\u00a0promovida pela\u00a0Pastoral do UniSALESIANO\u00a0foi um verdadeiro sucesso e movimentou fi\u00e9is e moradores de Ara\u00e7atuba e regi\u00e3o, neste \u00faltimo final de semana. A a\u00e7\u00e3o teve&#8230;<\/p>\n","protected":false},"author":1,"featured_media":12759,"comment_status":"closed","ping_status":"closed","sticky":false,"template":"","format":"standard","meta":{"_acf_changed":false,"footnotes":""},"categories":[3],"tags":[],"class_list":["post-12754","post","type-post","status-publish","format-standard","has-post-thumbnail","hentry","category-not"],"acf":[],"yoast_head":"<!-- This site is optimized with the Yoast SEO plugin v27.3 - https:\/\/yoast.com\/product\/yoast-seo-wordpress\/ -->\n<title>Feijoada Solid\u00e1ria do VAMS 2025 movimenta comunidade salesiana de Ara\u00e7atuba e regi\u00e3o - Pastoral Universit\u00e1ria UniSALESIANO<\/title>\n<meta name=\"robots\" content=\"index, follow, max-snippet:-1, max-image-preview:large, max-video-preview:-1\" \/>\n<link rel=\"canonical\" href=\"https:\/\/unisale.com.br\/pastoral\/feijoada-solidaria-do-vams-2025-movimenta-comunidade-salesiana-de-aracatuba-e-regiao\/\" \/>\n<meta property=\"og:locale\" content=\"pt_BR\" \/>\n<meta property=\"og:type\" content=\"article\" \/>\n<meta property=\"og:title\" content=\"Feijoada Solid\u00e1ria do VAMS 2025 movimenta comunidade salesiana de Ara\u00e7atuba e regi\u00e3o - Pastoral Universit\u00e1ria UniSALESIANO\" \/>\n<meta property=\"og:description\" content=\"A\u00a0Feijoada Solid\u00e1ria\u00a0promovida pela\u00a0Pastoral do UniSALESIANO\u00a0foi um verdadeiro sucesso e movimentou fi\u00e9is e moradores de Ara\u00e7atuba e regi\u00e3o, neste \u00faltimo final de semana. A a\u00e7\u00e3o teve...\" \/>\n<meta property=\"og:url\" content=\"https:\/\/unisale.com.br\/pastoral\/feijoada-solidaria-do-vams-2025-movimenta-comunidade-salesiana-de-aracatuba-e-regiao\/\" \/>\n<meta property=\"og:site_name\" content=\"Pastoral Universit\u00e1ria UniSALESIANO\" \/>\n<meta property=\"article:published_time\" content=\"2025-07-30T12:30:11+00:00\" \/>\n<meta property=\"og:image\" content=\"https:\/\/unisale.com.br\/pastoral\/wp-content\/uploads\/2025\/07\/WhatsApp-Image-2025-06-02-at-10.09.13-2-768x576-1.jpeg\" \/>\n\t<meta property=\"og:image:width\" content=\"768\" \/>\n\t<meta property=\"og:image:height\" content=\"576\" \/>\n\t<meta property=\"og:image:type\" content=\"image\/jpeg\" \/>\n<meta name=\"author\" content=\"pastoral\" \/>\n<meta name=\"twitter:card\" content=\"summary_large_image\" \/>\n<meta name=\"twitter:label1\" content=\"Escrito por\" \/>\n\t<meta name=\"twitter:data1\" content=\"pastoral\" \/>\n\t<meta name=\"twitter:label2\" content=\"Est. tempo de leitura\" \/>\n\t<meta name=\"twitter:data2\" content=\"3 minutos\" \/>\n<script type=\"application\/ld+json\" class=\"yoast-schema-graph\">{\"@context\":\"https:\\\/\\\/schema.org\",\"@graph\":[{\"@type\":\"Article\",\"@id\":\"https:\\\/\\\/unisale.com.br\\\/pastoral\\\/feijoada-solidaria-do-vams-2025-movimenta-comunidade-salesiana-de-aracatuba-e-regiao\\\/#article\",\"isPartOf\":{\"@id\":\"https:\\\/\\\/unisale.com.br\\\/pastoral\\\/feijoada-solidaria-do-vams-2025-movimenta-comunidade-salesiana-de-aracatuba-e-regiao\\\/\"},\"author\":{\"name\":\"pastoral\",\"@id\":\"https:\\\/\\\/unisale.com.br\\\/pastoral\\\/#\\\/schema\\\/person\\\/a16ba711a0f7dec9cb6b44563144d5a3\"},\"headline\":\"Feijoada Solid\u00e1ria do VAMS 2025 movimenta comunidade salesiana de Ara\u00e7atuba e regi\u00e3o\",\"datePublished\":\"2025-07-30T12:30:11+00:00\",\"mainEntityOfPage\":{\"@id\":\"https:\\\/\\\/unisale.com.br\\\/pastoral\\\/feijoada-solidaria-do-vams-2025-movimenta-comunidade-salesiana-de-aracatuba-e-regiao\\\/\"},\"wordCount\":424,\"image\":{\"@id\":\"https:\\\/\\\/unisale.com.br\\\/pastoral\\\/feijoada-solidaria-do-vams-2025-movimenta-comunidade-salesiana-de-aracatuba-e-regiao\\\/#primaryimage\"},\"thumbnailUrl\":\"https:\\\/\\\/unisale.com.br\\\/pastoral\\\/wp-content\\\/uploads\\\/2025\\\/07\\\/WhatsApp-Image-2025-06-02-at-10.09.13-2-768x576-1.jpeg\",\"articleSection\":[\"Not\u00edcias\"],\"inLanguage\":\"pt-BR\"},{\"@type\":\"WebPage\",\"@id\":\"https:\\\/\\\/unisale.com.br\\\/pastoral\\\/feijoada-solidaria-do-vams-2025-movimenta-comunidade-salesiana-de-aracatuba-e-regiao\\\/\",\"url\":\"https:\\\/\\\/unisale.com.br\\\/pastoral\\\/feijoada-solidaria-do-vams-2025-movimenta-comunidade-salesiana-de-aracatuba-e-regiao\\\/\",\"name\":\"Feijoada Solid\u00e1ria do VAMS 2025 movimenta comunidade salesiana de Ara\u00e7atuba e regi\u00e3o - Pastoral Universit\u00e1ria UniSALESIANO\",\"isPartOf\":{\"@id\":\"https:\\\/\\\/unisale.com.br\\\/pastoral\\\/#website\"},\"primaryImageOfPage\":{\"@id\":\"https:\\\/\\\/unisale.com.br\\\/pastoral\\\/feijoada-solidaria-do-vams-2025-movimenta-comunidade-salesiana-de-aracatuba-e-regiao\\\/#primaryimage\"},\"image\":{\"@id\":\"https:\\\/\\\/unisale.com.br\\\/pastoral\\\/feijoada-solidaria-do-vams-2025-movimenta-comunidade-salesiana-de-aracatuba-e-regiao\\\/#primaryimage\"},\"thumbnailUrl\":\"https:\\\/\\\/unisale.com.br\\\/pastoral\\\/wp-content\\\/uploads\\\/2025\\\/07\\\/WhatsApp-Image-2025-06-02-at-10.09.13-2-768x576-1.jpeg\",\"datePublished\":\"2025-07-30T12:30:11+00:00\",\"author\":{\"@id\":\"https:\\\/\\\/unisale.com.br\\\/pastoral\\\/#\\\/schema\\\/person\\\/a16ba711a0f7dec9cb6b44563144d5a3\"},\"inLanguage\":\"pt-BR\",\"potentialAction\":[{\"@type\":\"ReadAction\",\"target\":[\"https:\\\/\\\/unisale.com.br\\\/pastoral\\\/feijoada-solidaria-do-vams-2025-movimenta-comunidade-salesiana-de-aracatuba-e-regiao\\\/\"]}]},{\"@type\":\"ImageObject\",\"inLanguage\":\"pt-BR\",\"@id\":\"https:\\\/\\\/unisale.com.br\\\/pastoral\\\/feijoada-solidaria-do-vams-2025-movimenta-comunidade-salesiana-de-aracatuba-e-regiao\\\/#primaryimage\",\"url\":\"https:\\\/\\\/unisale.com.br\\\/pastoral\\\/wp-content\\\/uploads\\\/2025\\\/07\\\/WhatsApp-Image-2025-06-02-at-10.09.13-2-768x576-1.jpeg\",\"contentUrl\":\"https:\\\/\\\/unisale.com.br\\\/pastoral\\\/wp-content\\\/uploads\\\/2025\\\/07\\\/WhatsApp-Image-2025-06-02-at-10.09.13-2-768x576-1.jpeg\",\"width\":667,\"height\":500},{\"@type\":\"WebSite\",\"@id\":\"https:\\\/\\\/unisale.com.br\\\/pastoral\\\/#website\",\"url\":\"https:\\\/\\\/unisale.com.br\\\/pastoral\\\/\",\"name\":\"Pastoral Universit\u00e1ria UniSALESIANO\",\"description\":\"Site da Pastoral Universit\u00e1ria do UniSALESIANO\",\"potentialAction\":[{\"@type\":\"SearchAction\",\"target\":{\"@type\":\"EntryPoint\",\"urlTemplate\":\"https:\\\/\\\/unisale.com.br\\\/pastoral\\\/?s={search_term_string}\"},\"query-input\":{\"@type\":\"PropertyValueSpecification\",\"valueRequired\":true,\"valueName\":\"search_term_string\"}}],\"inLanguage\":\"pt-BR\"},{\"@type\":\"Person\",\"@id\":\"https:\\\/\\\/unisale.com.br\\\/pastoral\\\/#\\\/schema\\\/person\\\/a16ba711a0f7dec9cb6b44563144d5a3\",\"name\":\"pastoral\",\"url\":\"https:\\\/\\\/unisale.com.br\\\/pastoral\\\/author\\\/pastoral\\\/\"}]}<\/script>\n<!-- \/ Yoast SEO plugin. -->","yoast_head_json":{"title":"Feijoada Solid\u00e1ria do VAMS 2025 movimenta comunidade salesiana de Ara\u00e7atuba e regi\u00e3o - Pastoral Universit\u00e1ria UniSALESIANO","robots":{"index":"index","follow":"follow","max-snippet":"max-snippet:-1","max-image-preview":"max-image-preview:large","max-video-preview":"max-video-preview:-1"},"canonical":"https:\/\/unisale.com.br\/pastoral\/feijoada-solidaria-do-vams-2025-movimenta-comunidade-salesiana-de-aracatuba-e-regiao\/","og_locale":"pt_BR","og_type":"article","og_title":"Feijoada Solid\u00e1ria do VAMS 2025 movimenta comunidade salesiana de Ara\u00e7atuba e regi\u00e3o - Pastoral Universit\u00e1ria UniSALESIANO","og_description":"A\u00a0Feijoada Solid\u00e1ria\u00a0promovida pela\u00a0Pastoral do UniSALESIANO\u00a0foi um verdadeiro sucesso e movimentou fi\u00e9is e moradores de Ara\u00e7atuba e regi\u00e3o, neste \u00faltimo final de semana. A a\u00e7\u00e3o teve...","og_url":"https:\/\/unisale.com.br\/pastoral\/feijoada-solidaria-do-vams-2025-movimenta-comunidade-salesiana-de-aracatuba-e-regiao\/","og_site_name":"Pastoral Universit\u00e1ria UniSALESIANO","article_published_time":"2025-07-30T12:30:11+00:00","og_image":[{"width":768,"height":576,"url":"https:\/\/unisale.com.br\/pastoral\/wp-content\/uploads\/2025\/07\/WhatsApp-Image-2025-06-02-at-10.09.13-2-768x576-1.jpeg","type":"image\/jpeg"}],"author":"pastoral","twitter_card":"summary_large_image","twitter_misc":{"Escrito por":"pastoral","Est. tempo de leitura":"3 minutos"},"schema":{"@context":"https:\/\/schema.org","@graph":[{"@type":"Article","@id":"https:\/\/unisale.com.br\/pastoral\/feijoada-solidaria-do-vams-2025-movimenta-comunidade-salesiana-de-aracatuba-e-regiao\/#article","isPartOf":{"@id":"https:\/\/unisale.com.br\/pastoral\/feijoada-solidaria-do-vams-2025-movimenta-comunidade-salesiana-de-aracatuba-e-regiao\/"},"author":{"name":"pastoral","@id":"https:\/\/unisale.com.br\/pastoral\/#\/schema\/person\/a16ba711a0f7dec9cb6b44563144d5a3"},"headline":"Feijoada Solid\u00e1ria do VAMS 2025 movimenta comunidade salesiana de Ara\u00e7atuba e regi\u00e3o","datePublished":"2025-07-30T12:30:11+00:00","mainEntityOfPage":{"@id":"https:\/\/unisale.com.br\/pastoral\/feijoada-solidaria-do-vams-2025-movimenta-comunidade-salesiana-de-aracatuba-e-regiao\/"},"wordCount":424,"image":{"@id":"https:\/\/unisale.com.br\/pastoral\/feijoada-solidaria-do-vams-2025-movimenta-comunidade-salesiana-de-aracatuba-e-regiao\/#primaryimage"},"thumbnailUrl":"https:\/\/unisale.com.br\/pastoral\/wp-content\/uploads\/2025\/07\/WhatsApp-Image-2025-06-02-at-10.09.13-2-768x576-1.jpeg","articleSection":["Not\u00edcias"],"inLanguage":"pt-BR"},{"@type":"WebPage","@id":"https:\/\/unisale.com.br\/pastoral\/feijoada-solidaria-do-vams-2025-movimenta-comunidade-salesiana-de-aracatuba-e-regiao\/","url":"https:\/\/unisale.com.br\/pastoral\/feijoada-solidaria-do-vams-2025-movimenta-comunidade-salesiana-de-aracatuba-e-regiao\/","name":"Feijoada Solid\u00e1ria do VAMS 2025 movimenta comunidade salesiana de Ara\u00e7atuba e regi\u00e3o - Pastoral Universit\u00e1ria UniSALESIANO","isPartOf":{"@id":"https:\/\/unisale.com.br\/pastoral\/#website"},"primaryImageOfPage":{"@id":"https:\/\/unisale.com.br\/pastoral\/feijoada-solidaria-do-vams-2025-movimenta-comunidade-salesiana-de-aracatuba-e-regiao\/#primaryimage"},"image":{"@id":"https:\/\/unisale.com.br\/pastoral\/feijoada-solidaria-do-vams-2025-movimenta-comunidade-salesiana-de-aracatuba-e-regiao\/#primaryimage"},"thumbnailUrl":"https:\/\/unisale.com.br\/pastoral\/wp-content\/uploads\/2025\/07\/WhatsApp-Image-2025-06-02-at-10.09.13-2-768x576-1.jpeg","datePublished":"2025-07-30T12:30:11+00:00","author":{"@id":"https:\/\/unisale.com.br\/pastoral\/#\/schema\/person\/a16ba711a0f7dec9cb6b44563144d5a3"},"inLanguage":"pt-BR","potentialAction":[{"@type":"ReadAction","target":["https:\/\/unisale.com.br\/pastoral\/feijoada-solidaria-do-vams-2025-movimenta-comunidade-salesiana-de-aracatuba-e-regiao\/"]}]},{"@type":"ImageObject","inLanguage":"pt-BR","@id":"https:\/\/unisale.com.br\/pastoral\/feijoada-solidaria-do-vams-2025-movimenta-comunidade-salesiana-de-aracatuba-e-regiao\/#primaryimage","url":"https:\/\/unisale.com.br\/pastoral\/wp-content\/uploads\/2025\/07\/WhatsApp-Image-2025-06-02-at-10.09.13-2-768x576-1.jpeg","contentUrl":"https:\/\/unisale.com.br\/pastoral\/wp-content\/uploads\/2025\/07\/WhatsApp-Image-2025-06-02-at-10.09.13-2-768x576-1.jpeg","width":667,"height":500},{"@type":"WebSite","@id":"https:\/\/unisale.com.br\/pastoral\/#website","url":"https:\/\/unisale.com.br\/pastoral\/","name":"Pastoral Universit\u00e1ria UniSALESIANO","description":"Site da Pastoral Universit\u00e1ria do UniSALESIANO","potentialAction":[{"@type":"SearchAction","target":{"@type":"EntryPoint","urlTemplate":"https:\/\/unisale.com.br\/pastoral\/?s={search_term_string}"},"query-input":{"@type":"PropertyValueSpecification","valueRequired":true,"valueName":"search_term_string"}}],"inLanguage":"pt-BR"},{"@type":"Person","@id":"https:\/\/unisale.com.br\/pastoral\/#\/schema\/person\/a16ba711a0f7dec9cb6b44563144d5a3","name":"pastoral","url":"https:\/\/unisale.com.br\/pastoral\/author\/pastoral\/"}]}},"_links":{"self":[{"href":"https:\/\/unisale.com.br\/pastoral\/wp-json\/wp\/v2\/posts\/12754","targetHints":{"allow":["GET"]}}],"collection":[{"href":"https:\/\/unisale.com.br\/pastoral\/wp-json\/wp\/v2\/posts"}],"about":[{"href":"https:\/\/unisale.com.br\/pastoral\/wp-json\/wp\/v2\/types\/post"}],"author":[{"embeddable":true,"href":"https:\/\/unisale.com.br\/pastoral\/wp-json\/wp\/v2\/users\/1"}],"replies":[{"embeddable":true,"href":"https:\/\/unisale.com.br\/pastoral\/wp-json\/wp\/v2\/comments?post=12754"}],"version-history":[{"count":1,"href":"https:\/\/unisale.com.br\/pastoral\/wp-json\/wp\/v2\/posts\/12754\/revisions"}],"predecessor-version":[{"id":12760,"href":"https:\/\/unisale.com.br\/pastoral\/wp-json\/wp\/v2\/posts\/12754\/revisions\/12760"}],"wp:featuredmedia":[{"embeddable":true,"href":"https:\/\/unisale.com.br\/pastoral\/wp-json\/wp\/v2\/media\/12759"}],"wp:attachment":[{"href":"https:\/\/unisale.com.br\/pastoral\/wp-json\/wp\/v2\/media?parent=12754"}],"wp:term":[{"taxonomy":"category","embeddable":true,"href":"https:\/\/unisale.com.br\/pastoral\/wp-json\/wp\/v2\/categories?post=12754"},{"taxonomy":"post_tag","embeddable":true,"href":"https:\/\/unisale.com.br\/pastoral\/wp-json\/wp\/v2\/tags?post=12754"}],"curies":[{"name":"wp","href":"https:\/\/api.w.org\/{rel}","templated":true}]}}