{"id":1276,"date":"2021-05-12T17:51:46","date_gmt":"2021-05-12T17:51:46","guid":{"rendered":"https:\/\/unisale.com.br\/pastoral\/?p=1276"},"modified":"2021-05-21T11:54:02","modified_gmt":"2021-05-21T11:54:02","slug":"homenagem-dia-das-maes","status":"publish","type":"post","link":"https:\/\/unisale.com.br\/pastoral\/homenagem-dia-das-maes\/","title":{"rendered":"Colaboradoras do UniSALESIANO recebem homenagem de Dia das M\u00e3es"},"content":{"rendered":"<h3>Ap\u00f3s as palavras do Pr\u00f3-Reitor de Pastoral, as participantes rezaram ora\u00e7\u00f5es para as m\u00e3es e receberam mimos<\/h3>\n<p>A\u00a0<strong>Pastoral Universit\u00e1ria do UniSALESIANO<\/strong>\u00a0promoveu uma celebra\u00e7\u00e3o de\u00a0<strong>\u201cDia das M\u00e3es\u201d<\/strong>\u00a0para homenagear as colaboradoras da Institui\u00e7\u00e3o.<\/p>\n<p>Seguindo os protocolos de seguran\u00e7a e higiene devido \u00e0 pandemia do coronav\u00edrus, as funcion\u00e1rias do UniSALESIANO se reuniram no audit\u00f3rio Papa Francisco, na tarde do dia 7 de maio.<\/p>\n<p>O\u00a0<strong>Pr\u00f3-Reitor de Pastoral, Pe. Paulo J\u00e1como<\/strong>, leu um trecho do Evangelho de Lucas, que diz sobre Maria ter colocado em pr\u00e1tica a palavra de Deus. \u201cMaria tinha uma hist\u00f3ria, uma jovem educada na f\u00e9 desde crian\u00e7a, que foi escolhida por Deus para ser a m\u00e3e de Jesus. Ela colocou em pr\u00e1tica, de fato, a palavra de Deus\u201d, explicou.<\/p>\n<p>Pe. Paulo destacou ainda que, se todos se alimentarem dessa palavra, que \u00e9 Jesus, e a colocarmos em pr\u00e1tica, ser\u00e3o felizes como Maria.<\/p>\n<p>Ap\u00f3s as palavras do Pr\u00f3-Reitor de Pastoral, as participantes rezaram ora\u00e7\u00f5es para as m\u00e3es e receberam mimos.<\/p>\n<p>&nbsp;<\/p>\n<p><img fetchpriority=\"high\" decoding=\"async\" class=\"alignnone wp-image-1277 size-medium\" src=\"https:\/\/unisale.com.br\/pastoral\/wp-content\/uploads\/2021\/05\/HOMENAGEM-DIA-DAS-MAES-6-300x200.jpeg\" alt=\"\" width=\"300\" height=\"200\" srcset=\"https:\/\/unisale.com.br\/pastoral\/wp-content\/uploads\/2021\/05\/HOMENAGEM-DIA-DAS-MAES-6-300x200.jpeg 300w, https:\/\/unisale.com.br\/pastoral\/wp-content\/uploads\/2021\/05\/HOMENAGEM-DIA-DAS-MAES-6-768x512.jpeg 768w, https:\/\/unisale.com.br\/pastoral\/wp-content\/uploads\/2021\/05\/HOMENAGEM-DIA-DAS-MAES-6-930x620.jpeg 930w, https:\/\/unisale.com.br\/pastoral\/wp-content\/uploads\/2021\/05\/HOMENAGEM-DIA-DAS-MAES-6.jpeg 751w\" sizes=\"(max-width: 300px) 100vw, 300px\" \/> <img decoding=\"async\" class=\"alignnone wp-image-1278 size-medium\" src=\"https:\/\/unisale.com.br\/pastoral\/wp-content\/uploads\/2021\/05\/HOMENAGEM-DIA-DAS-MAES-5-300x200.jpeg\" alt=\"\" width=\"300\" height=\"200\" srcset=\"https:\/\/unisale.com.br\/pastoral\/wp-content\/uploads\/2021\/05\/HOMENAGEM-DIA-DAS-MAES-5-300x200.jpeg 300w, https:\/\/unisale.com.br\/pastoral\/wp-content\/uploads\/2021\/05\/HOMENAGEM-DIA-DAS-MAES-5-768x512.jpeg 768w, https:\/\/unisale.com.br\/pastoral\/wp-content\/uploads\/2021\/05\/HOMENAGEM-DIA-DAS-MAES-5-930x620.jpeg 930w, https:\/\/unisale.com.br\/pastoral\/wp-content\/uploads\/2021\/05\/HOMENAGEM-DIA-DAS-MAES-5.jpeg 751w\" sizes=\"(max-width: 300px) 100vw, 300px\" \/> <img decoding=\"async\" class=\"alignnone wp-image-1279 size-medium\" src=\"https:\/\/unisale.com.br\/pastoral\/wp-content\/uploads\/2021\/05\/HOMENAGEM-DIA-DAS-MAES-4-300x200.jpeg\" alt=\"\" width=\"300\" height=\"200\" srcset=\"https:\/\/unisale.com.br\/pastoral\/wp-content\/uploads\/2021\/05\/HOMENAGEM-DIA-DAS-MAES-4-300x200.jpeg 300w, https:\/\/unisale.com.br\/pastoral\/wp-content\/uploads\/2021\/05\/HOMENAGEM-DIA-DAS-MAES-4-768x512.jpeg 768w, https:\/\/unisale.com.br\/pastoral\/wp-content\/uploads\/2021\/05\/HOMENAGEM-DIA-DAS-MAES-4-930x620.jpeg 930w, https:\/\/unisale.com.br\/pastoral\/wp-content\/uploads\/2021\/05\/HOMENAGEM-DIA-DAS-MAES-4.jpeg 751w\" sizes=\"(max-width: 300px) 100vw, 300px\" \/> <img loading=\"lazy\" decoding=\"async\" class=\"alignnone wp-image-1280 size-medium\" src=\"https:\/\/unisale.com.br\/pastoral\/wp-content\/uploads\/2021\/05\/HOMENAGEM-DIA-DAS-MAES-3-300x200.jpeg\" alt=\"\" width=\"300\" height=\"200\" srcset=\"https:\/\/unisale.com.br\/pastoral\/wp-content\/uploads\/2021\/05\/HOMENAGEM-DIA-DAS-MAES-3-300x200.jpeg 300w, https:\/\/unisale.com.br\/pastoral\/wp-content\/uploads\/2021\/05\/HOMENAGEM-DIA-DAS-MAES-3-768x512.jpeg 768w, https:\/\/unisale.com.br\/pastoral\/wp-content\/uploads\/2021\/05\/HOMENAGEM-DIA-DAS-MAES-3-930x620.jpeg 930w, https:\/\/unisale.com.br\/pastoral\/wp-content\/uploads\/2021\/05\/HOMENAGEM-DIA-DAS-MAES-3.jpeg 751w\" sizes=\"(max-width: 300px) 100vw, 300px\" \/> <img loading=\"lazy\" decoding=\"async\" class=\"alignnone wp-image-1281 size-medium\" src=\"https:\/\/unisale.com.br\/pastoral\/wp-content\/uploads\/2021\/05\/HOMENAGEM-DIA-DAS-MAES-2-300x200.jpeg\" alt=\"\" width=\"300\" height=\"200\" srcset=\"https:\/\/unisale.com.br\/pastoral\/wp-content\/uploads\/2021\/05\/HOMENAGEM-DIA-DAS-MAES-2-300x200.jpeg 300w, https:\/\/unisale.com.br\/pastoral\/wp-content\/uploads\/2021\/05\/HOMENAGEM-DIA-DAS-MAES-2-768x512.jpeg 768w, https:\/\/unisale.com.br\/pastoral\/wp-content\/uploads\/2021\/05\/HOMENAGEM-DIA-DAS-MAES-2-930x620.jpeg 930w, https:\/\/unisale.com.br\/pastoral\/wp-content\/uploads\/2021\/05\/HOMENAGEM-DIA-DAS-MAES-2.jpeg 751w\" sizes=\"(max-width: 300px) 100vw, 300px\" \/> <img loading=\"lazy\" decoding=\"async\" class=\"alignnone wp-image-1282 size-medium\" src=\"https:\/\/unisale.com.br\/pastoral\/wp-content\/uploads\/2021\/05\/HOMENAGEM-DIA-DAS-MAES-300x200.jpeg\" alt=\"\" width=\"300\" height=\"200\" srcset=\"https:\/\/unisale.com.br\/pastoral\/wp-content\/uploads\/2021\/05\/HOMENAGEM-DIA-DAS-MAES-300x200.jpeg 300w, https:\/\/unisale.com.br\/pastoral\/wp-content\/uploads\/2021\/05\/HOMENAGEM-DIA-DAS-MAES.jpeg 750w\" sizes=\"(max-width: 300px) 100vw, 300px\" \/><\/p>\n","protected":false},"excerpt":{"rendered":"<p>Ap\u00f3s as palavras do Pr\u00f3-Reitor de Pastoral, as participantes rezaram ora\u00e7\u00f5es para as m\u00e3es e receberam mimos A\u00a0Pastoral Universit\u00e1ria do UniSALESIANO\u00a0promoveu uma celebra\u00e7\u00e3o de\u00a0\u201cDia das&#8230;<\/p>\n","protected":false},"author":1,"featured_media":1282,"comment_status":"closed","ping_status":"closed","sticky":false,"template":"","format":"standard","meta":{"_acf_changed":false,"footnotes":""},"categories":[3],"tags":[],"class_list":["post-1276","post","type-post","status-publish","format-standard","has-post-thumbnail","hentry","category-not"],"acf":[],"yoast_head":"<!-- This site is optimized with the Yoast SEO plugin v27.3 - https:\/\/yoast.com\/product\/yoast-seo-wordpress\/ -->\n<title>Colaboradoras do UniSALESIANO recebem homenagem de Dia das M\u00e3es - Pastoral Universit\u00e1ria UniSALESIANO<\/title>\n<meta name=\"robots\" content=\"index, follow, max-snippet:-1, max-image-preview:large, max-video-preview:-1\" \/>\n<link rel=\"canonical\" href=\"https:\/\/unisale.com.br\/novo\/homenagem-dia-das-maes\/\" \/>\n<meta property=\"og:locale\" content=\"pt_BR\" \/>\n<meta property=\"og:type\" content=\"article\" \/>\n<meta property=\"og:title\" content=\"Colaboradoras do UniSALESIANO recebem homenagem de Dia das M\u00e3es - Pastoral Universit\u00e1ria UniSALESIANO\" \/>\n<meta property=\"og:description\" content=\"Ap\u00f3s as palavras do Pr\u00f3-Reitor de Pastoral, as participantes rezaram ora\u00e7\u00f5es para as m\u00e3es e receberam mimos A\u00a0Pastoral Universit\u00e1ria do UniSALESIANO\u00a0promoveu uma celebra\u00e7\u00e3o de\u00a0\u201cDia das...\" \/>\n<meta property=\"og:url\" content=\"https:\/\/unisale.com.br\/novo\/homenagem-dia-das-maes\/\" \/>\n<meta property=\"og:site_name\" content=\"Pastoral Universit\u00e1ria UniSALESIANO\" \/>\n<meta property=\"article:published_time\" content=\"2021-05-12T17:51:46+00:00\" \/>\n<meta property=\"article:modified_time\" content=\"2021-05-21T11:54:02+00:00\" \/>\n<meta property=\"og:image\" content=\"https:\/\/unisale.com.br\/novo\/wp-content\/uploads\/2021\/05\/HOMENAGEM-DIA-DAS-MAES.jpeg\" \/>\n\t<meta property=\"og:image:width\" content=\"768\" \/>\n\t<meta property=\"og:image:height\" content=\"512\" \/>\n\t<meta property=\"og:image:type\" content=\"image\/jpeg\" \/>\n<meta name=\"author\" content=\"pastoral\" \/>\n<meta name=\"twitter:card\" content=\"summary_large_image\" \/>\n<meta name=\"twitter:label1\" content=\"Escrito por\" \/>\n\t<meta name=\"twitter:data1\" content=\"pastoral\" \/>\n\t<meta name=\"twitter:label2\" content=\"Est. tempo de leitura\" \/>\n\t<meta name=\"twitter:data2\" content=\"1 minuto\" \/>\n<script type=\"application\/ld+json\" class=\"yoast-schema-graph\">{\"@context\":\"https:\\\/\\\/schema.org\",\"@graph\":[{\"@type\":\"Article\",\"@id\":\"https:\\\/\\\/unisale.com.br\\\/novo\\\/homenagem-dia-das-maes\\\/#article\",\"isPartOf\":{\"@id\":\"https:\\\/\\\/unisale.com.br\\\/novo\\\/homenagem-dia-das-maes\\\/\"},\"author\":{\"name\":\"pastoral\",\"@id\":\"https:\\\/\\\/unisale.com.br\\\/pastoral\\\/#\\\/schema\\\/person\\\/a16ba711a0f7dec9cb6b44563144d5a3\"},\"headline\":\"Colaboradoras do UniSALESIANO recebem homenagem de Dia das M\u00e3es\",\"datePublished\":\"2021-05-12T17:51:46+00:00\",\"dateModified\":\"2021-05-21T11:54:02+00:00\",\"mainEntityOfPage\":{\"@id\":\"https:\\\/\\\/unisale.com.br\\\/novo\\\/homenagem-dia-das-maes\\\/\"},\"wordCount\":196,\"image\":{\"@id\":\"https:\\\/\\\/unisale.com.br\\\/novo\\\/homenagem-dia-das-maes\\\/#primaryimage\"},\"thumbnailUrl\":\"https:\\\/\\\/unisale.com.br\\\/pastoral\\\/wp-content\\\/uploads\\\/2021\\\/05\\\/HOMENAGEM-DIA-DAS-MAES.jpeg\",\"articleSection\":[\"Not\u00edcias\"],\"inLanguage\":\"pt-BR\"},{\"@type\":\"WebPage\",\"@id\":\"https:\\\/\\\/unisale.com.br\\\/novo\\\/homenagem-dia-das-maes\\\/\",\"url\":\"https:\\\/\\\/unisale.com.br\\\/novo\\\/homenagem-dia-das-maes\\\/\",\"name\":\"Colaboradoras do UniSALESIANO recebem homenagem de Dia das M\u00e3es - Pastoral Universit\u00e1ria UniSALESIANO\",\"isPartOf\":{\"@id\":\"https:\\\/\\\/unisale.com.br\\\/pastoral\\\/#website\"},\"primaryImageOfPage\":{\"@id\":\"https:\\\/\\\/unisale.com.br\\\/novo\\\/homenagem-dia-das-maes\\\/#primaryimage\"},\"image\":{\"@id\":\"https:\\\/\\\/unisale.com.br\\\/novo\\\/homenagem-dia-das-maes\\\/#primaryimage\"},\"thumbnailUrl\":\"https:\\\/\\\/unisale.com.br\\\/pastoral\\\/wp-content\\\/uploads\\\/2021\\\/05\\\/HOMENAGEM-DIA-DAS-MAES.jpeg\",\"datePublished\":\"2021-05-12T17:51:46+00:00\",\"dateModified\":\"2021-05-21T11:54:02+00:00\",\"author\":{\"@id\":\"https:\\\/\\\/unisale.com.br\\\/pastoral\\\/#\\\/schema\\\/person\\\/a16ba711a0f7dec9cb6b44563144d5a3\"},\"inLanguage\":\"pt-BR\",\"potentialAction\":[{\"@type\":\"ReadAction\",\"target\":[\"https:\\\/\\\/unisale.com.br\\\/novo\\\/homenagem-dia-das-maes\\\/\"]}]},{\"@type\":\"ImageObject\",\"inLanguage\":\"pt-BR\",\"@id\":\"https:\\\/\\\/unisale.com.br\\\/novo\\\/homenagem-dia-das-maes\\\/#primaryimage\",\"url\":\"https:\\\/\\\/unisale.com.br\\\/pastoral\\\/wp-content\\\/uploads\\\/2021\\\/05\\\/HOMENAGEM-DIA-DAS-MAES.jpeg\",\"contentUrl\":\"https:\\\/\\\/unisale.com.br\\\/pastoral\\\/wp-content\\\/uploads\\\/2021\\\/05\\\/HOMENAGEM-DIA-DAS-MAES.jpeg\",\"width\":750,\"height\":500},{\"@type\":\"WebSite\",\"@id\":\"https:\\\/\\\/unisale.com.br\\\/pastoral\\\/#website\",\"url\":\"https:\\\/\\\/unisale.com.br\\\/pastoral\\\/\",\"name\":\"Pastoral Universit\u00e1ria UniSALESIANO\",\"description\":\"Site da Pastoral Universit\u00e1ria do UniSALESIANO\",\"potentialAction\":[{\"@type\":\"SearchAction\",\"target\":{\"@type\":\"EntryPoint\",\"urlTemplate\":\"https:\\\/\\\/unisale.com.br\\\/pastoral\\\/?s={search_term_string}\"},\"query-input\":{\"@type\":\"PropertyValueSpecification\",\"valueRequired\":true,\"valueName\":\"search_term_string\"}}],\"inLanguage\":\"pt-BR\"},{\"@type\":\"Person\",\"@id\":\"https:\\\/\\\/unisale.com.br\\\/pastoral\\\/#\\\/schema\\\/person\\\/a16ba711a0f7dec9cb6b44563144d5a3\",\"name\":\"pastoral\",\"url\":\"https:\\\/\\\/unisale.com.br\\\/pastoral\\\/author\\\/pastoral\\\/\"}]}<\/script>\n<!-- \/ Yoast SEO plugin. -->","yoast_head_json":{"title":"Colaboradoras do UniSALESIANO recebem homenagem de Dia das M\u00e3es - Pastoral Universit\u00e1ria UniSALESIANO","robots":{"index":"index","follow":"follow","max-snippet":"max-snippet:-1","max-image-preview":"max-image-preview:large","max-video-preview":"max-video-preview:-1"},"canonical":"https:\/\/unisale.com.br\/novo\/homenagem-dia-das-maes\/","og_locale":"pt_BR","og_type":"article","og_title":"Colaboradoras do UniSALESIANO recebem homenagem de Dia das M\u00e3es - Pastoral Universit\u00e1ria UniSALESIANO","og_description":"Ap\u00f3s as palavras do Pr\u00f3-Reitor de Pastoral, as participantes rezaram ora\u00e7\u00f5es para as m\u00e3es e receberam mimos A\u00a0Pastoral Universit\u00e1ria do UniSALESIANO\u00a0promoveu uma celebra\u00e7\u00e3o de\u00a0\u201cDia das...","og_url":"https:\/\/unisale.com.br\/novo\/homenagem-dia-das-maes\/","og_site_name":"Pastoral Universit\u00e1ria UniSALESIANO","article_published_time":"2021-05-12T17:51:46+00:00","article_modified_time":"2021-05-21T11:54:02+00:00","og_image":[{"width":768,"height":512,"url":"https:\/\/unisale.com.br\/novo\/wp-content\/uploads\/2021\/05\/HOMENAGEM-DIA-DAS-MAES.jpeg","type":"image\/jpeg"}],"author":"pastoral","twitter_card":"summary_large_image","twitter_misc":{"Escrito por":"pastoral","Est. tempo de leitura":"1 minuto"},"schema":{"@context":"https:\/\/schema.org","@graph":[{"@type":"Article","@id":"https:\/\/unisale.com.br\/novo\/homenagem-dia-das-maes\/#article","isPartOf":{"@id":"https:\/\/unisale.com.br\/novo\/homenagem-dia-das-maes\/"},"author":{"name":"pastoral","@id":"https:\/\/unisale.com.br\/pastoral\/#\/schema\/person\/a16ba711a0f7dec9cb6b44563144d5a3"},"headline":"Colaboradoras do UniSALESIANO recebem homenagem de Dia das M\u00e3es","datePublished":"2021-05-12T17:51:46+00:00","dateModified":"2021-05-21T11:54:02+00:00","mainEntityOfPage":{"@id":"https:\/\/unisale.com.br\/novo\/homenagem-dia-das-maes\/"},"wordCount":196,"image":{"@id":"https:\/\/unisale.com.br\/novo\/homenagem-dia-das-maes\/#primaryimage"},"thumbnailUrl":"https:\/\/unisale.com.br\/pastoral\/wp-content\/uploads\/2021\/05\/HOMENAGEM-DIA-DAS-MAES.jpeg","articleSection":["Not\u00edcias"],"inLanguage":"pt-BR"},{"@type":"WebPage","@id":"https:\/\/unisale.com.br\/novo\/homenagem-dia-das-maes\/","url":"https:\/\/unisale.com.br\/novo\/homenagem-dia-das-maes\/","name":"Colaboradoras do UniSALESIANO recebem homenagem de Dia das M\u00e3es - Pastoral Universit\u00e1ria UniSALESIANO","isPartOf":{"@id":"https:\/\/unisale.com.br\/pastoral\/#website"},"primaryImageOfPage":{"@id":"https:\/\/unisale.com.br\/novo\/homenagem-dia-das-maes\/#primaryimage"},"image":{"@id":"https:\/\/unisale.com.br\/novo\/homenagem-dia-das-maes\/#primaryimage"},"thumbnailUrl":"https:\/\/unisale.com.br\/pastoral\/wp-content\/uploads\/2021\/05\/HOMENAGEM-DIA-DAS-MAES.jpeg","datePublished":"2021-05-12T17:51:46+00:00","dateModified":"2021-05-21T11:54:02+00:00","author":{"@id":"https:\/\/unisale.com.br\/pastoral\/#\/schema\/person\/a16ba711a0f7dec9cb6b44563144d5a3"},"inLanguage":"pt-BR","potentialAction":[{"@type":"ReadAction","target":["https:\/\/unisale.com.br\/novo\/homenagem-dia-das-maes\/"]}]},{"@type":"ImageObject","inLanguage":"pt-BR","@id":"https:\/\/unisale.com.br\/novo\/homenagem-dia-das-maes\/#primaryimage","url":"https:\/\/unisale.com.br\/pastoral\/wp-content\/uploads\/2021\/05\/HOMENAGEM-DIA-DAS-MAES.jpeg","contentUrl":"https:\/\/unisale.com.br\/pastoral\/wp-content\/uploads\/2021\/05\/HOMENAGEM-DIA-DAS-MAES.jpeg","width":750,"height":500},{"@type":"WebSite","@id":"https:\/\/unisale.com.br\/pastoral\/#website","url":"https:\/\/unisale.com.br\/pastoral\/","name":"Pastoral Universit\u00e1ria UniSALESIANO","description":"Site da Pastoral Universit\u00e1ria do UniSALESIANO","potentialAction":[{"@type":"SearchAction","target":{"@type":"EntryPoint","urlTemplate":"https:\/\/unisale.com.br\/pastoral\/?s={search_term_string}"},"query-input":{"@type":"PropertyValueSpecification","valueRequired":true,"valueName":"search_term_string"}}],"inLanguage":"pt-BR"},{"@type":"Person","@id":"https:\/\/unisale.com.br\/pastoral\/#\/schema\/person\/a16ba711a0f7dec9cb6b44563144d5a3","name":"pastoral","url":"https:\/\/unisale.com.br\/pastoral\/author\/pastoral\/"}]}},"_links":{"self":[{"href":"https:\/\/unisale.com.br\/pastoral\/wp-json\/wp\/v2\/posts\/1276","targetHints":{"allow":["GET"]}}],"collection":[{"href":"https:\/\/unisale.com.br\/pastoral\/wp-json\/wp\/v2\/posts"}],"about":[{"href":"https:\/\/unisale.com.br\/pastoral\/wp-json\/wp\/v2\/types\/post"}],"author":[{"embeddable":true,"href":"https:\/\/unisale.com.br\/pastoral\/wp-json\/wp\/v2\/users\/1"}],"replies":[{"embeddable":true,"href":"https:\/\/unisale.com.br\/pastoral\/wp-json\/wp\/v2\/comments?post=1276"}],"version-history":[{"count":0,"href":"https:\/\/unisale.com.br\/pastoral\/wp-json\/wp\/v2\/posts\/1276\/revisions"}],"wp:featuredmedia":[{"embeddable":true,"href":"https:\/\/unisale.com.br\/pastoral\/wp-json\/wp\/v2\/media\/1282"}],"wp:attachment":[{"href":"https:\/\/unisale.com.br\/pastoral\/wp-json\/wp\/v2\/media?parent=1276"}],"wp:term":[{"taxonomy":"category","embeddable":true,"href":"https:\/\/unisale.com.br\/pastoral\/wp-json\/wp\/v2\/categories?post=1276"},{"taxonomy":"post_tag","embeddable":true,"href":"https:\/\/unisale.com.br\/pastoral\/wp-json\/wp\/v2\/tags?post=1276"}],"curies":[{"name":"wp","href":"https:\/\/api.w.org\/{rel}","templated":true}]}}