{"id":12795,"date":"2025-07-30T12:38:49","date_gmt":"2025-07-30T12:38:49","guid":{"rendered":"https:\/\/unisale.com.br\/pastoral\/?p=12795"},"modified":"2025-07-30T12:38:49","modified_gmt":"2025-07-30T12:38:49","slug":"unisalesiano-celebra-formatura-da-3a-turma-de-medicina-com-missa-e-colacao-de-grau","status":"publish","type":"post","link":"https:\/\/unisale.com.br\/pastoral\/unisalesiano-celebra-formatura-da-3a-turma-de-medicina-com-missa-e-colacao-de-grau\/","title":{"rendered":"UniSALESIANO celebra formatura da 3\u00aa Turma de Medicina com missa e cola\u00e7\u00e3o de grau"},"content":{"rendered":"<p>A\u00a0<strong>3\u00aa Turma de Medicina do UniSALESIANO<\/strong>\u00a0de Ara\u00e7atuba viveu, nos dias 12 e 13 de junho de 2025, dois momentos inesquec\u00edveis que celebraram o encerramento de uma jornada acad\u00eamica de seis anos: a<strong>\u00a0Missa em A\u00e7\u00e3o de Gra\u00e7as e a Sess\u00e3o Solene de Cola\u00e7\u00e3o de Grau<\/strong>. Ambos os eventos reuniram familiares, amigos, professores, autoridades e colaboradores em uma grande festa marcada pela emo\u00e7\u00e3o, pela f\u00e9 e pela realiza\u00e7\u00e3o de um sonho coletivo.<\/p>\n<p>Na noite do dia 12, a Igreja Universit\u00e1ria Nossa Senhora Auxiliadora acolheu os formandos para uma celebra\u00e7\u00e3o eucar\u00edstica repleta de espiritualidade e significado. Conduzida com c\u00e2nticos, leituras e ora\u00e7\u00f5es, a missa foi um momento de gratid\u00e3o a Deus e de reflex\u00e3o sobre a miss\u00e3o que os novos m\u00e9dicos passam a assumir.<\/p>\n<p>Baseada no Evangelho de Mateus (5,13-16), a homilia recordou que os m\u00e9dicos devem ser \u201csal da terra e luz do mundo\u201d, exercendo a profiss\u00e3o com \u00e9tica, compaix\u00e3o e humanidade. As preces da assembleia homenagearam professores, familiares, colaboradores da institui\u00e7\u00e3o e todos os que fizeram parte da trajet\u00f3ria formativa dos acad\u00eamicos.<br \/>\nDurante o ofert\u00f3rio, os s\u00edmbolos da Medicina foram levados ao altar, marcando a consagra\u00e7\u00e3o da profiss\u00e3o ao servi\u00e7o da vida. A celebra\u00e7\u00e3o foi encerrada com a entrada da imagem de Nossa Senhora Auxiliadora e a b\u00ean\u00e7\u00e3o final, que emocionou os presentes.<\/p>\n<p><strong>CONQUISTAS<\/strong><\/p>\n<p>Na sexta-feira, dia 13, foi realizada a Sess\u00e3o Solene de Cola\u00e7\u00e3o de Grau, tamb\u00e9m na Igreja Universit\u00e1ria, co<\/p>\n<p>m transmiss\u00e3o ao vivo pelo YouTube. A cerim\u00f4nia oficializou a gradua\u00e7\u00e3o dos mais de 40 novos m\u00e9dicos e m\u00e9dicas da turma que leva o nome da Professora Dra. Helena Cordeiro Barroso.<\/p>\n<p>A mesa diretora foi composta pelo\u00a0<strong>Reitor Pe. Paulo Fernando Vendrame,<\/strong>\u00a0o\u00a0<strong>Pr\u00f3-Reitor de Ensino, Pesquisa e P\u00f3s-Gradua\u00e7\u00e3o, Prof. Dr. Andr\u00e9 Ornellas<\/strong>, o\u00a0<strong>Pr\u00f3-Reitor de Pastoral, Pe. Paulo Eduardo J\u00e1como<\/strong>, o\u00a0<strong>Coordenador do Curso de Medicina, Prof. Dr. Antonio Poletto<\/strong>, a\u00a0<strong>paraninfa da turma, Prof\u00aa Nat\u00e1lia Oliveira Cardoso<\/strong>, o<strong>\u00a0patrono, Prof. Dr. Marcelo Spegiorin Moreno<\/strong>, e a professora homenageada, al\u00e9m da presen\u00e7a do\u00a0<strong>Secret\u00e1rio Municipal de Sa\u00fade, Dr. Daniel Martins Ferreira J\u00fanior.<\/strong><\/p>\n<p>A formanda Camila Camargo Rici Antonio conduziu o juramento m\u00e9dico, reafirmando os compromissos \u00e9ticos que guiar\u00e3o a vida profissional dos novos m\u00e9dicos. Logo ap\u00f3s, o Reitor Pe. Paulo Vendrame outorgou o grau aos formandos.<\/p>\n<p>Em seu discurso de encerramento, o Reitor destacou a import\u00e2ncia daquele momento e a trajet\u00f3ria de supera\u00e7\u00e3o vivida pelos formandos. \u201cFoi emocionante ver as manifesta\u00e7\u00f5es de carinho e apoio. Voc\u00eas chegaram ao final da gradua\u00e7\u00e3o em um ano de grandes conquistas para a nossa Medicina\u201d, disse o Reitor, ao lembrar que, no dia 20 de janeiro, o curso teve seu reconhecimento oficial publicado no Di\u00e1rio Oficial da Uni\u00e3o. E, mais recente, avalia\u00e7\u00e3o do Minist\u00e9rio da Educa\u00e7\u00e3o colocou o Curso de Medicina do UniSALESIANO entre os seis melhores do pa\u00eds, dentro de um universo de mais de 300.<\/p>\n<p><strong>HOMENAGENS<\/strong><\/p>\n<p>Homenagens tamb\u00e9m marcaram a noite: aos entes queridos ausentes, aos pais dos formandos \u2014 com dis<\/p>\n<p>cursos das m\u00e9dicas Mariana de Oliveira Reis e Maril\u00edvia Freitas Machado \u2014 e \u00e0 formanda Renata Al<\/p>\n<p>fena Zago, que recebeu a Medalha Dom Bosco, honraria concedida ao aluno com melhor desempenho acad\u00eamico.<\/p>\n<p>Ap\u00f3s o encerramento formal da solenidade, a celebra\u00e7\u00e3o continuou do lado de fora da Igreja Universit\u00e1ria, com a apresenta\u00e7\u00e3o da Bateria da Atl\u00e9tica do Curso de Medicina, composta por alunos de v\u00e1rios per\u00edodos \u2014 incluindo integrantes da pr\u00f3pria turma.<\/p>\n<p>Assista \u00e0 cerim\u00f4nia completa:\u00a0<em><strong>https:\/\/www.youtube.com\/live\/gLS7KaGI-uQ<\/strong><\/em><\/p>\n<p>&nbsp;<\/p>\n\n\t\t<style type=\"text\/css\">\n\t\t\t#gallery-1 {\n\t\t\t\tmargin: auto;\n\t\t\t}\n\t\t\t#gallery-1 .gallery-item {\n\t\t\t\tfloat: left;\n\t\t\t\tmargin-top: 10px;\n\t\t\t\ttext-align: center;\n\t\t\t\twidth: 25%;\n\t\t\t}\n\t\t\t#gallery-1 img {\n\t\t\t\tborder: 2px solid #cfcfcf;\n\t\t\t}\n\t\t\t#gallery-1 .gallery-caption {\n\t\t\t\tmargin-left: 0;\n\t\t\t}\n\t\t\t\/* see gallery_shortcode() in wp-includes\/media.php *\/\n\t\t<\/style>\n\t\t<div id='gallery-1' class='gallery galleryid-12795 gallery-columns-4 gallery-size-thumbnail'><dl class='gallery-item'>\n\t\t\t<dt class='gallery-icon landscape'>\n\t\t\t\t<a href='https:\/\/unisale.com.br\/pastoral\/unisalesiano-celebra-formatura-da-3a-turma-de-medicina-com-missa-e-colacao-de-grau\/784a8034-1024x683\/'><img decoding=\"async\" width=\"150\" height=\"150\" src=\"https:\/\/unisale.com.br\/pastoral\/wp-content\/uploads\/2025\/07\/784A8034-1024x683-1-150x150.jpg\" class=\"attachment-thumbnail size-thumbnail\" alt=\"\" \/><\/a>\n\t\t\t<\/dt><\/dl><dl class='gallery-item'>\n\t\t\t<dt class='gallery-icon landscape'>\n\t\t\t\t<a href='https:\/\/unisale.com.br\/pastoral\/unisalesiano-celebra-formatura-da-3a-turma-de-medicina-com-missa-e-colacao-de-grau\/784a8036-1024x683\/'><img decoding=\"async\" width=\"150\" height=\"150\" src=\"https:\/\/unisale.com.br\/pastoral\/wp-content\/uploads\/2025\/07\/784A8036-1024x683-1-150x150.jpg\" class=\"attachment-thumbnail size-thumbnail\" alt=\"\" \/><\/a>\n\t\t\t<\/dt><\/dl><dl class='gallery-item'>\n\t\t\t<dt class='gallery-icon landscape'>\n\t\t\t\t<a href='https:\/\/unisale.com.br\/pastoral\/unisalesiano-celebra-formatura-da-3a-turma-de-medicina-com-missa-e-colacao-de-grau\/784a8056-1024x683-2\/'><img decoding=\"async\" width=\"150\" height=\"150\" src=\"https:\/\/unisale.com.br\/pastoral\/wp-content\/uploads\/2025\/07\/784A8056-1024x683-1-150x150.jpg\" class=\"attachment-thumbnail size-thumbnail\" alt=\"\" \/><\/a>\n\t\t\t<\/dt><\/dl><dl class='gallery-item'>\n\t\t\t<dt class='gallery-icon landscape'>\n\t\t\t\t<a href='https:\/\/unisale.com.br\/pastoral\/unisalesiano-celebra-formatura-da-3a-turma-de-medicina-com-missa-e-colacao-de-grau\/784a8076-1024x683\/'><img loading=\"lazy\" decoding=\"async\" width=\"150\" height=\"150\" src=\"https:\/\/unisale.com.br\/pastoral\/wp-content\/uploads\/2025\/07\/784A8076-1024x683-1-150x150.jpg\" class=\"attachment-thumbnail size-thumbnail\" alt=\"\" \/><\/a>\n\t\t\t<\/dt><\/dl><br style=\"clear: both\" \/><dl class='gallery-item'>\n\t\t\t<dt class='gallery-icon landscape'>\n\t\t\t\t<a href='https:\/\/unisale.com.br\/pastoral\/unisalesiano-celebra-formatura-da-3a-turma-de-medicina-com-missa-e-colacao-de-grau\/784a8086-1024x683\/'><img loading=\"lazy\" decoding=\"async\" width=\"150\" height=\"150\" src=\"https:\/\/unisale.com.br\/pastoral\/wp-content\/uploads\/2025\/07\/784A8086-1024x683-1-150x150.jpg\" class=\"attachment-thumbnail size-thumbnail\" alt=\"\" \/><\/a>\n\t\t\t<\/dt><\/dl><dl class='gallery-item'>\n\t\t\t<dt class='gallery-icon landscape'>\n\t\t\t\t<a href='https:\/\/unisale.com.br\/pastoral\/unisalesiano-celebra-formatura-da-3a-turma-de-medicina-com-missa-e-colacao-de-grau\/784a8092-1024x683\/'><img loading=\"lazy\" decoding=\"async\" width=\"150\" height=\"150\" src=\"https:\/\/unisale.com.br\/pastoral\/wp-content\/uploads\/2025\/07\/784A8092-1024x683-1-150x150.jpg\" class=\"attachment-thumbnail size-thumbnail\" alt=\"\" \/><\/a>\n\t\t\t<\/dt><\/dl><dl class='gallery-item'>\n\t\t\t<dt class='gallery-icon landscape'>\n\t\t\t\t<a href='https:\/\/unisale.com.br\/pastoral\/unisalesiano-celebra-formatura-da-3a-turma-de-medicina-com-missa-e-colacao-de-grau\/784a8094-1024x683\/'><img loading=\"lazy\" decoding=\"async\" width=\"150\" height=\"150\" src=\"https:\/\/unisale.com.br\/pastoral\/wp-content\/uploads\/2025\/07\/784A8094-1024x683-1-150x150.jpg\" class=\"attachment-thumbnail size-thumbnail\" alt=\"\" \/><\/a>\n\t\t\t<\/dt><\/dl><dl class='gallery-item'>\n\t\t\t<dt class='gallery-icon landscape'>\n\t\t\t\t<a href='https:\/\/unisale.com.br\/pastoral\/unisalesiano-celebra-formatura-da-3a-turma-de-medicina-com-missa-e-colacao-de-grau\/784a8111-1024x683\/'><img loading=\"lazy\" decoding=\"async\" width=\"150\" height=\"150\" src=\"https:\/\/unisale.com.br\/pastoral\/wp-content\/uploads\/2025\/07\/784A8111-1024x683-1-150x150.jpg\" class=\"attachment-thumbnail size-thumbnail\" alt=\"\" \/><\/a>\n\t\t\t<\/dt><\/dl><br style=\"clear: both\" \/><dl class='gallery-item'>\n\t\t\t<dt class='gallery-icon landscape'>\n\t\t\t\t<a href='https:\/\/unisale.com.br\/pastoral\/unisalesiano-celebra-formatura-da-3a-turma-de-medicina-com-missa-e-colacao-de-grau\/784a7658-1024x683\/'><img loading=\"lazy\" decoding=\"async\" width=\"150\" height=\"150\" src=\"https:\/\/unisale.com.br\/pastoral\/wp-content\/uploads\/2025\/07\/784A7658-1024x683-1-150x150.jpg\" class=\"attachment-thumbnail size-thumbnail\" alt=\"\" \/><\/a>\n\t\t\t<\/dt><\/dl><dl class='gallery-item'>\n\t\t\t<dt class='gallery-icon landscape'>\n\t\t\t\t<a href='https:\/\/unisale.com.br\/pastoral\/unisalesiano-celebra-formatura-da-3a-turma-de-medicina-com-missa-e-colacao-de-grau\/784a7662-1024x683\/'><img loading=\"lazy\" decoding=\"async\" width=\"150\" height=\"150\" src=\"https:\/\/unisale.com.br\/pastoral\/wp-content\/uploads\/2025\/07\/784A7662-1024x683-1-150x150.jpg\" class=\"attachment-thumbnail size-thumbnail\" alt=\"\" \/><\/a>\n\t\t\t<\/dt><\/dl><dl class='gallery-item'>\n\t\t\t<dt class='gallery-icon landscape'>\n\t\t\t\t<a href='https:\/\/unisale.com.br\/pastoral\/unisalesiano-celebra-formatura-da-3a-turma-de-medicina-com-missa-e-colacao-de-grau\/784a7665-1024x683-2\/'><img loading=\"lazy\" decoding=\"async\" width=\"150\" height=\"150\" src=\"https:\/\/unisale.com.br\/pastoral\/wp-content\/uploads\/2025\/07\/784A7665-1024x683-1-150x150.jpg\" class=\"attachment-thumbnail size-thumbnail\" alt=\"\" \/><\/a>\n\t\t\t<\/dt><\/dl><dl class='gallery-item'>\n\t\t\t<dt class='gallery-icon landscape'>\n\t\t\t\t<a href='https:\/\/unisale.com.br\/pastoral\/unisalesiano-celebra-formatura-da-3a-turma-de-medicina-com-missa-e-colacao-de-grau\/784a7667-1024x683\/'><img loading=\"lazy\" decoding=\"async\" width=\"150\" height=\"150\" src=\"https:\/\/unisale.com.br\/pastoral\/wp-content\/uploads\/2025\/07\/784A7667-1024x683-1-150x150.jpg\" class=\"attachment-thumbnail size-thumbnail\" alt=\"\" \/><\/a>\n\t\t\t<\/dt><\/dl><br style=\"clear: both\" \/><dl class='gallery-item'>\n\t\t\t<dt class='gallery-icon landscape'>\n\t\t\t\t<a href='https:\/\/unisale.com.br\/pastoral\/unisalesiano-celebra-formatura-da-3a-turma-de-medicina-com-missa-e-colacao-de-grau\/784a7718-1024x683-2\/'><img loading=\"lazy\" decoding=\"async\" width=\"150\" height=\"150\" src=\"https:\/\/unisale.com.br\/pastoral\/wp-content\/uploads\/2025\/07\/784A7718-1024x683-1-150x150.jpg\" class=\"attachment-thumbnail size-thumbnail\" alt=\"\" \/><\/a>\n\t\t\t<\/dt><\/dl><dl class='gallery-item'>\n\t\t\t<dt class='gallery-icon portrait'>\n\t\t\t\t<a href='https:\/\/unisale.com.br\/pastoral\/unisalesiano-celebra-formatura-da-3a-turma-de-medicina-com-missa-e-colacao-de-grau\/784a7728-683x1024\/'><img loading=\"lazy\" decoding=\"async\" width=\"150\" height=\"150\" src=\"https:\/\/unisale.com.br\/pastoral\/wp-content\/uploads\/2025\/07\/784A7728-683x1024-1-150x150.jpg\" class=\"attachment-thumbnail size-thumbnail\" alt=\"\" \/><\/a>\n\t\t\t<\/dt><\/dl><dl class='gallery-item'>\n\t\t\t<dt class='gallery-icon landscape'>\n\t\t\t\t<a href='https:\/\/unisale.com.br\/pastoral\/unisalesiano-celebra-formatura-da-3a-turma-de-medicina-com-missa-e-colacao-de-grau\/784a7737-1024x683\/'><img loading=\"lazy\" decoding=\"async\" width=\"150\" height=\"150\" src=\"https:\/\/unisale.com.br\/pastoral\/wp-content\/uploads\/2025\/07\/784A7737-1024x683-1-150x150.jpg\" class=\"attachment-thumbnail size-thumbnail\" alt=\"\" \/><\/a>\n\t\t\t<\/dt><\/dl><dl class='gallery-item'>\n\t\t\t<dt class='gallery-icon landscape'>\n\t\t\t\t<a href='https:\/\/unisale.com.br\/pastoral\/unisalesiano-celebra-formatura-da-3a-turma-de-medicina-com-missa-e-colacao-de-grau\/784a7742-1024x683-1\/'><img loading=\"lazy\" decoding=\"async\" width=\"150\" height=\"150\" src=\"https:\/\/unisale.com.br\/pastoral\/wp-content\/uploads\/2025\/07\/784A7742-1024x683-1-150x150.jpg\" class=\"attachment-thumbnail size-thumbnail\" alt=\"\" \/><\/a>\n\t\t\t<\/dt><\/dl><br style=\"clear: both\" \/><dl class='gallery-item'>\n\t\t\t<dt class='gallery-icon landscape'>\n\t\t\t\t<a href='https:\/\/unisale.com.br\/pastoral\/unisalesiano-celebra-formatura-da-3a-turma-de-medicina-com-missa-e-colacao-de-grau\/784a7742-1024x683\/'><img loading=\"lazy\" decoding=\"async\" width=\"150\" height=\"150\" src=\"https:\/\/unisale.com.br\/pastoral\/wp-content\/uploads\/2025\/07\/784A7742-1024x683-2-150x150.jpg\" class=\"attachment-thumbnail size-thumbnail\" alt=\"\" \/><\/a>\n\t\t\t<\/dt><\/dl><dl class='gallery-item'>\n\t\t\t<dt class='gallery-icon portrait'>\n\t\t\t\t<a href='https:\/\/unisale.com.br\/pastoral\/unisalesiano-celebra-formatura-da-3a-turma-de-medicina-com-missa-e-colacao-de-grau\/784a7756-683x1024\/'><img loading=\"lazy\" decoding=\"async\" width=\"150\" height=\"150\" src=\"https:\/\/unisale.com.br\/pastoral\/wp-content\/uploads\/2025\/07\/784A7756-683x1024-1-150x150.jpg\" class=\"attachment-thumbnail size-thumbnail\" alt=\"\" \/><\/a>\n\t\t\t<\/dt><\/dl><dl class='gallery-item'>\n\t\t\t<dt class='gallery-icon landscape'>\n\t\t\t\t<a href='https:\/\/unisale.com.br\/pastoral\/unisalesiano-celebra-formatura-da-3a-turma-de-medicina-com-missa-e-colacao-de-grau\/784a7813-1024x683\/'><img loading=\"lazy\" decoding=\"async\" width=\"150\" height=\"150\" src=\"https:\/\/unisale.com.br\/pastoral\/wp-content\/uploads\/2025\/07\/784A7813-1024x683-1-150x150.jpg\" class=\"attachment-thumbnail size-thumbnail\" alt=\"\" \/><\/a>\n\t\t\t<\/dt><\/dl><dl class='gallery-item'>\n\t\t\t<dt class='gallery-icon landscape'>\n\t\t\t\t<a href='https:\/\/unisale.com.br\/pastoral\/unisalesiano-celebra-formatura-da-3a-turma-de-medicina-com-missa-e-colacao-de-grau\/784a7821-1024x683\/'><img loading=\"lazy\" decoding=\"async\" width=\"150\" height=\"150\" src=\"https:\/\/unisale.com.br\/pastoral\/wp-content\/uploads\/2025\/07\/784A7821-1024x683-1-150x150.jpg\" class=\"attachment-thumbnail size-thumbnail\" alt=\"\" \/><\/a>\n\t\t\t<\/dt><\/dl><br style=\"clear: both\" \/><dl class='gallery-item'>\n\t\t\t<dt class='gallery-icon landscape'>\n\t\t\t\t<a href='https:\/\/unisale.com.br\/pastoral\/unisalesiano-celebra-formatura-da-3a-turma-de-medicina-com-missa-e-colacao-de-grau\/784a7824-1024x683\/'><img loading=\"lazy\" decoding=\"async\" width=\"150\" height=\"150\" src=\"https:\/\/unisale.com.br\/pastoral\/wp-content\/uploads\/2025\/07\/784A7824-1024x683-1-150x150.jpg\" class=\"attachment-thumbnail size-thumbnail\" alt=\"\" \/><\/a>\n\t\t\t<\/dt><\/dl><dl class='gallery-item'>\n\t\t\t<dt class='gallery-icon landscape'>\n\t\t\t\t<a href='https:\/\/unisale.com.br\/pastoral\/unisalesiano-celebra-formatura-da-3a-turma-de-medicina-com-missa-e-colacao-de-grau\/784a7830-1024x683\/'><img loading=\"lazy\" decoding=\"async\" width=\"150\" height=\"150\" src=\"https:\/\/unisale.com.br\/pastoral\/wp-content\/uploads\/2025\/07\/784A7830-1024x683-1-150x150.jpg\" class=\"attachment-thumbnail size-thumbnail\" alt=\"\" \/><\/a>\n\t\t\t<\/dt><\/dl><dl class='gallery-item'>\n\t\t\t<dt class='gallery-icon landscape'>\n\t\t\t\t<a href='https:\/\/unisale.com.br\/pastoral\/unisalesiano-celebra-formatura-da-3a-turma-de-medicina-com-missa-e-colacao-de-grau\/784a7842-1024x683\/'><img loading=\"lazy\" decoding=\"async\" width=\"150\" height=\"150\" src=\"https:\/\/unisale.com.br\/pastoral\/wp-content\/uploads\/2025\/07\/784A7842-1024x683-1-150x150.jpg\" class=\"attachment-thumbnail size-thumbnail\" alt=\"\" \/><\/a>\n\t\t\t<\/dt><\/dl><dl class='gallery-item'>\n\t\t\t<dt class='gallery-icon landscape'>\n\t\t\t\t<a href='https:\/\/unisale.com.br\/pastoral\/unisalesiano-celebra-formatura-da-3a-turma-de-medicina-com-missa-e-colacao-de-grau\/784a7849-1024x683\/'><img loading=\"lazy\" decoding=\"async\" width=\"150\" height=\"150\" src=\"https:\/\/unisale.com.br\/pastoral\/wp-content\/uploads\/2025\/07\/784A7849-1024x683-1-150x150.jpg\" class=\"attachment-thumbnail size-thumbnail\" alt=\"\" \/><\/a>\n\t\t\t<\/dt><\/dl><br style=\"clear: both\" \/><dl class='gallery-item'>\n\t\t\t<dt class='gallery-icon landscape'>\n\t\t\t\t<a href='https:\/\/unisale.com.br\/pastoral\/unisalesiano-celebra-formatura-da-3a-turma-de-medicina-com-missa-e-colacao-de-grau\/784a7858-1024x683\/'><img loading=\"lazy\" decoding=\"async\" width=\"150\" height=\"150\" src=\"https:\/\/unisale.com.br\/pastoral\/wp-content\/uploads\/2025\/07\/784A7858-1024x683-1-150x150.jpg\" class=\"attachment-thumbnail size-thumbnail\" alt=\"\" \/><\/a>\n\t\t\t<\/dt><\/dl><dl class='gallery-item'>\n\t\t\t<dt class='gallery-icon landscape'>\n\t\t\t\t<a href='https:\/\/unisale.com.br\/pastoral\/unisalesiano-celebra-formatura-da-3a-turma-de-medicina-com-missa-e-colacao-de-grau\/784a7860-1024x683\/'><img loading=\"lazy\" decoding=\"async\" width=\"150\" height=\"150\" src=\"https:\/\/unisale.com.br\/pastoral\/wp-content\/uploads\/2025\/07\/784A7860-1024x683-1-150x150.jpg\" class=\"attachment-thumbnail size-thumbnail\" alt=\"\" \/><\/a>\n\t\t\t<\/dt><\/dl><dl class='gallery-item'>\n\t\t\t<dt class='gallery-icon landscape'>\n\t\t\t\t<a href='https:\/\/unisale.com.br\/pastoral\/unisalesiano-celebra-formatura-da-3a-turma-de-medicina-com-missa-e-colacao-de-grau\/784a7871-1024x683\/'><img loading=\"lazy\" decoding=\"async\" width=\"150\" height=\"150\" src=\"https:\/\/unisale.com.br\/pastoral\/wp-content\/uploads\/2025\/07\/784A7871-1024x683-1-150x150.jpg\" class=\"attachment-thumbnail size-thumbnail\" alt=\"\" \/><\/a>\n\t\t\t<\/dt><\/dl><dl class='gallery-item'>\n\t\t\t<dt class='gallery-icon landscape'>\n\t\t\t\t<a href='https:\/\/unisale.com.br\/pastoral\/unisalesiano-celebra-formatura-da-3a-turma-de-medicina-com-missa-e-colacao-de-grau\/784a7890-1024x683\/'><img loading=\"lazy\" decoding=\"async\" width=\"150\" height=\"150\" src=\"https:\/\/unisale.com.br\/pastoral\/wp-content\/uploads\/2025\/07\/784A7890-1024x683-1-150x150.jpg\" class=\"attachment-thumbnail size-thumbnail\" alt=\"\" \/><\/a>\n\t\t\t<\/dt><\/dl><br style=\"clear: both\" \/><dl class='gallery-item'>\n\t\t\t<dt class='gallery-icon landscape'>\n\t\t\t\t<a href='https:\/\/unisale.com.br\/pastoral\/unisalesiano-celebra-formatura-da-3a-turma-de-medicina-com-missa-e-colacao-de-grau\/784a7907-1024x683\/'><img loading=\"lazy\" decoding=\"async\" width=\"150\" height=\"150\" src=\"https:\/\/unisale.com.br\/pastoral\/wp-content\/uploads\/2025\/07\/784A7907-1024x683-1-150x150.jpg\" class=\"attachment-thumbnail size-thumbnail\" alt=\"\" \/><\/a>\n\t\t\t<\/dt><\/dl><dl class='gallery-item'>\n\t\t\t<dt class='gallery-icon landscape'>\n\t\t\t\t<a href='https:\/\/unisale.com.br\/pastoral\/unisalesiano-celebra-formatura-da-3a-turma-de-medicina-com-missa-e-colacao-de-grau\/784a7920-1024x683\/'><img loading=\"lazy\" decoding=\"async\" width=\"150\" height=\"150\" src=\"https:\/\/unisale.com.br\/pastoral\/wp-content\/uploads\/2025\/07\/784A7920-1024x683-1-150x150.jpg\" class=\"attachment-thumbnail size-thumbnail\" alt=\"\" \/><\/a>\n\t\t\t<\/dt><\/dl><dl class='gallery-item'>\n\t\t\t<dt class='gallery-icon landscape'>\n\t\t\t\t<a href='https:\/\/unisale.com.br\/pastoral\/unisalesiano-celebra-formatura-da-3a-turma-de-medicina-com-missa-e-colacao-de-grau\/784a7923-1024x683\/'><img loading=\"lazy\" decoding=\"async\" width=\"150\" height=\"150\" src=\"https:\/\/unisale.com.br\/pastoral\/wp-content\/uploads\/2025\/07\/784A7923-1024x683-1-150x150.jpg\" class=\"attachment-thumbnail size-thumbnail\" alt=\"\" \/><\/a>\n\t\t\t<\/dt><\/dl><dl class='gallery-item'>\n\t\t\t<dt class='gallery-icon portrait'>\n\t\t\t\t<a href='https:\/\/unisale.com.br\/pastoral\/unisalesiano-celebra-formatura-da-3a-turma-de-medicina-com-missa-e-colacao-de-grau\/784a7969-683x1024\/'><img loading=\"lazy\" decoding=\"async\" width=\"150\" height=\"150\" src=\"https:\/\/unisale.com.br\/pastoral\/wp-content\/uploads\/2025\/07\/784A7969-683x1024-1-150x150.jpg\" class=\"attachment-thumbnail size-thumbnail\" alt=\"\" \/><\/a>\n\t\t\t<\/dt><\/dl><br style=\"clear: both\" \/><dl class='gallery-item'>\n\t\t\t<dt class='gallery-icon landscape'>\n\t\t\t\t<a href='https:\/\/unisale.com.br\/pastoral\/unisalesiano-celebra-formatura-da-3a-turma-de-medicina-com-missa-e-colacao-de-grau\/784a7979-1024x683\/'><img loading=\"lazy\" decoding=\"async\" width=\"150\" height=\"150\" src=\"https:\/\/unisale.com.br\/pastoral\/wp-content\/uploads\/2025\/07\/784A7979-1024x683-1-150x150.jpg\" class=\"attachment-thumbnail size-thumbnail\" alt=\"\" \/><\/a>\n\t\t\t<\/dt><\/dl><dl class='gallery-item'>\n\t\t\t<dt class='gallery-icon landscape'>\n\t\t\t\t<a href='https:\/\/unisale.com.br\/pastoral\/unisalesiano-celebra-formatura-da-3a-turma-de-medicina-com-missa-e-colacao-de-grau\/784a7983-1024x683\/'><img loading=\"lazy\" decoding=\"async\" width=\"150\" height=\"150\" src=\"https:\/\/unisale.com.br\/pastoral\/wp-content\/uploads\/2025\/07\/784A7983-1024x683-1-150x150.jpg\" class=\"attachment-thumbnail size-thumbnail\" alt=\"\" \/><\/a>\n\t\t\t<\/dt><\/dl><dl class='gallery-item'>\n\t\t\t<dt class='gallery-icon landscape'>\n\t\t\t\t<a href='https:\/\/unisale.com.br\/pastoral\/unisalesiano-celebra-formatura-da-3a-turma-de-medicina-com-missa-e-colacao-de-grau\/784a7996-1024x683\/'><img loading=\"lazy\" decoding=\"async\" width=\"150\" height=\"150\" src=\"https:\/\/unisale.com.br\/pastoral\/wp-content\/uploads\/2025\/07\/784A7996-1024x683-1-150x150.jpg\" class=\"attachment-thumbnail size-thumbnail\" alt=\"\" \/><\/a>\n\t\t\t<\/dt><\/dl><dl class='gallery-item'>\n\t\t\t<dt class='gallery-icon landscape'>\n\t\t\t\t<a href='https:\/\/unisale.com.br\/pastoral\/unisalesiano-celebra-formatura-da-3a-turma-de-medicina-com-missa-e-colacao-de-grau\/784a8009-1024x683\/'><img loading=\"lazy\" decoding=\"async\" width=\"150\" height=\"150\" src=\"https:\/\/unisale.com.br\/pastoral\/wp-content\/uploads\/2025\/07\/784A8009-1024x683-1-150x150.jpg\" class=\"attachment-thumbnail size-thumbnail\" alt=\"\" \/><\/a>\n\t\t\t<\/dt><\/dl><br style=\"clear: both\" \/>\n\t\t<\/div>\n\n","protected":false},"excerpt":{"rendered":"<p>A\u00a03\u00aa Turma de Medicina do UniSALESIANO\u00a0de Ara\u00e7atuba viveu, nos dias 12 e 13 de junho de 2025, dois momentos inesquec\u00edveis que celebraram o encerramento de&#8230;<\/p>\n","protected":false},"author":1,"featured_media":12832,"comment_status":"closed","ping_status":"closed","sticky":false,"template":"","format":"standard","meta":{"_acf_changed":false,"footnotes":""},"categories":[3],"tags":[],"class_list":["post-12795","post","type-post","status-publish","format-standard","has-post-thumbnail","hentry","category-not"],"acf":[],"yoast_head":"<!-- This site is optimized with the Yoast SEO plugin v27.3 - https:\/\/yoast.com\/product\/yoast-seo-wordpress\/ -->\n<title>UniSALESIANO celebra formatura da 3\u00aa Turma de Medicina com missa e cola\u00e7\u00e3o de grau - Pastoral Universit\u00e1ria UniSALESIANO<\/title>\n<meta name=\"robots\" content=\"index, follow, max-snippet:-1, max-image-preview:large, max-video-preview:-1\" \/>\n<link rel=\"canonical\" href=\"https:\/\/unisale.com.br\/pastoral\/unisalesiano-celebra-formatura-da-3a-turma-de-medicina-com-missa-e-colacao-de-grau\/\" \/>\n<meta property=\"og:locale\" content=\"pt_BR\" \/>\n<meta property=\"og:type\" content=\"article\" \/>\n<meta property=\"og:title\" content=\"UniSALESIANO celebra formatura da 3\u00aa Turma de Medicina com missa e cola\u00e7\u00e3o de grau - Pastoral Universit\u00e1ria UniSALESIANO\" \/>\n<meta property=\"og:description\" content=\"A\u00a03\u00aa Turma de Medicina do UniSALESIANO\u00a0de Ara\u00e7atuba viveu, nos dias 12 e 13 de junho de 2025, dois momentos inesquec\u00edveis que celebraram o encerramento de...\" \/>\n<meta property=\"og:url\" content=\"https:\/\/unisale.com.br\/pastoral\/unisalesiano-celebra-formatura-da-3a-turma-de-medicina-com-missa-e-colacao-de-grau\/\" \/>\n<meta property=\"og:site_name\" content=\"Pastoral Universit\u00e1ria UniSALESIANO\" \/>\n<meta property=\"article:published_time\" content=\"2025-07-30T12:38:49+00:00\" \/>\n<meta property=\"og:image\" content=\"https:\/\/unisale.com.br\/pastoral\/wp-content\/uploads\/2025\/07\/IMG_8483-768x512-1.jpg\" \/>\n\t<meta property=\"og:image:width\" content=\"768\" \/>\n\t<meta property=\"og:image:height\" content=\"512\" \/>\n\t<meta property=\"og:image:type\" content=\"image\/jpeg\" \/>\n<meta name=\"author\" content=\"pastoral\" \/>\n<meta name=\"twitter:card\" content=\"summary_large_image\" \/>\n<meta name=\"twitter:label1\" content=\"Escrito por\" \/>\n\t<meta name=\"twitter:data1\" content=\"pastoral\" \/>\n\t<meta name=\"twitter:label2\" content=\"Est. tempo de leitura\" \/>\n\t<meta name=\"twitter:data2\" content=\"4 minutos\" \/>\n<script type=\"application\/ld+json\" class=\"yoast-schema-graph\">{\"@context\":\"https:\\\/\\\/schema.org\",\"@graph\":[{\"@type\":\"Article\",\"@id\":\"https:\\\/\\\/unisale.com.br\\\/pastoral\\\/unisalesiano-celebra-formatura-da-3a-turma-de-medicina-com-missa-e-colacao-de-grau\\\/#article\",\"isPartOf\":{\"@id\":\"https:\\\/\\\/unisale.com.br\\\/pastoral\\\/unisalesiano-celebra-formatura-da-3a-turma-de-medicina-com-missa-e-colacao-de-grau\\\/\"},\"author\":{\"name\":\"pastoral\",\"@id\":\"https:\\\/\\\/unisale.com.br\\\/pastoral\\\/#\\\/schema\\\/person\\\/a16ba711a0f7dec9cb6b44563144d5a3\"},\"headline\":\"UniSALESIANO celebra formatura da 3\u00aa Turma de Medicina com missa e cola\u00e7\u00e3o de grau\",\"datePublished\":\"2025-07-30T12:38:49+00:00\",\"mainEntityOfPage\":{\"@id\":\"https:\\\/\\\/unisale.com.br\\\/pastoral\\\/unisalesiano-celebra-formatura-da-3a-turma-de-medicina-com-missa-e-colacao-de-grau\\\/\"},\"wordCount\":653,\"image\":{\"@id\":\"https:\\\/\\\/unisale.com.br\\\/pastoral\\\/unisalesiano-celebra-formatura-da-3a-turma-de-medicina-com-missa-e-colacao-de-grau\\\/#primaryimage\"},\"thumbnailUrl\":\"https:\\\/\\\/unisale.com.br\\\/pastoral\\\/wp-content\\\/uploads\\\/2025\\\/07\\\/IMG_8483-768x512-1.jpg\",\"articleSection\":[\"Not\u00edcias\"],\"inLanguage\":\"pt-BR\"},{\"@type\":\"WebPage\",\"@id\":\"https:\\\/\\\/unisale.com.br\\\/pastoral\\\/unisalesiano-celebra-formatura-da-3a-turma-de-medicina-com-missa-e-colacao-de-grau\\\/\",\"url\":\"https:\\\/\\\/unisale.com.br\\\/pastoral\\\/unisalesiano-celebra-formatura-da-3a-turma-de-medicina-com-missa-e-colacao-de-grau\\\/\",\"name\":\"UniSALESIANO celebra formatura da 3\u00aa Turma de Medicina com missa e cola\u00e7\u00e3o de grau - Pastoral Universit\u00e1ria UniSALESIANO\",\"isPartOf\":{\"@id\":\"https:\\\/\\\/unisale.com.br\\\/pastoral\\\/#website\"},\"primaryImageOfPage\":{\"@id\":\"https:\\\/\\\/unisale.com.br\\\/pastoral\\\/unisalesiano-celebra-formatura-da-3a-turma-de-medicina-com-missa-e-colacao-de-grau\\\/#primaryimage\"},\"image\":{\"@id\":\"https:\\\/\\\/unisale.com.br\\\/pastoral\\\/unisalesiano-celebra-formatura-da-3a-turma-de-medicina-com-missa-e-colacao-de-grau\\\/#primaryimage\"},\"thumbnailUrl\":\"https:\\\/\\\/unisale.com.br\\\/pastoral\\\/wp-content\\\/uploads\\\/2025\\\/07\\\/IMG_8483-768x512-1.jpg\",\"datePublished\":\"2025-07-30T12:38:49+00:00\",\"author\":{\"@id\":\"https:\\\/\\\/unisale.com.br\\\/pastoral\\\/#\\\/schema\\\/person\\\/a16ba711a0f7dec9cb6b44563144d5a3\"},\"inLanguage\":\"pt-BR\",\"potentialAction\":[{\"@type\":\"ReadAction\",\"target\":[\"https:\\\/\\\/unisale.com.br\\\/pastoral\\\/unisalesiano-celebra-formatura-da-3a-turma-de-medicina-com-missa-e-colacao-de-grau\\\/\"]}]},{\"@type\":\"ImageObject\",\"inLanguage\":\"pt-BR\",\"@id\":\"https:\\\/\\\/unisale.com.br\\\/pastoral\\\/unisalesiano-celebra-formatura-da-3a-turma-de-medicina-com-missa-e-colacao-de-grau\\\/#primaryimage\",\"url\":\"https:\\\/\\\/unisale.com.br\\\/pastoral\\\/wp-content\\\/uploads\\\/2025\\\/07\\\/IMG_8483-768x512-1.jpg\",\"contentUrl\":\"https:\\\/\\\/unisale.com.br\\\/pastoral\\\/wp-content\\\/uploads\\\/2025\\\/07\\\/IMG_8483-768x512-1.jpg\",\"width\":750,\"height\":500},{\"@type\":\"WebSite\",\"@id\":\"https:\\\/\\\/unisale.com.br\\\/pastoral\\\/#website\",\"url\":\"https:\\\/\\\/unisale.com.br\\\/pastoral\\\/\",\"name\":\"Pastoral Universit\u00e1ria UniSALESIANO\",\"description\":\"Site da Pastoral Universit\u00e1ria do UniSALESIANO\",\"potentialAction\":[{\"@type\":\"SearchAction\",\"target\":{\"@type\":\"EntryPoint\",\"urlTemplate\":\"https:\\\/\\\/unisale.com.br\\\/pastoral\\\/?s={search_term_string}\"},\"query-input\":{\"@type\":\"PropertyValueSpecification\",\"valueRequired\":true,\"valueName\":\"search_term_string\"}}],\"inLanguage\":\"pt-BR\"},{\"@type\":\"Person\",\"@id\":\"https:\\\/\\\/unisale.com.br\\\/pastoral\\\/#\\\/schema\\\/person\\\/a16ba711a0f7dec9cb6b44563144d5a3\",\"name\":\"pastoral\",\"url\":\"https:\\\/\\\/unisale.com.br\\\/pastoral\\\/author\\\/pastoral\\\/\"}]}<\/script>\n<!-- \/ Yoast SEO plugin. -->","yoast_head_json":{"title":"UniSALESIANO celebra formatura da 3\u00aa Turma de Medicina com missa e cola\u00e7\u00e3o de grau - Pastoral Universit\u00e1ria UniSALESIANO","robots":{"index":"index","follow":"follow","max-snippet":"max-snippet:-1","max-image-preview":"max-image-preview:large","max-video-preview":"max-video-preview:-1"},"canonical":"https:\/\/unisale.com.br\/pastoral\/unisalesiano-celebra-formatura-da-3a-turma-de-medicina-com-missa-e-colacao-de-grau\/","og_locale":"pt_BR","og_type":"article","og_title":"UniSALESIANO celebra formatura da 3\u00aa Turma de Medicina com missa e cola\u00e7\u00e3o de grau - Pastoral Universit\u00e1ria UniSALESIANO","og_description":"A\u00a03\u00aa Turma de Medicina do UniSALESIANO\u00a0de Ara\u00e7atuba viveu, nos dias 12 e 13 de junho de 2025, dois momentos inesquec\u00edveis que celebraram o encerramento de...","og_url":"https:\/\/unisale.com.br\/pastoral\/unisalesiano-celebra-formatura-da-3a-turma-de-medicina-com-missa-e-colacao-de-grau\/","og_site_name":"Pastoral Universit\u00e1ria UniSALESIANO","article_published_time":"2025-07-30T12:38:49+00:00","og_image":[{"width":768,"height":512,"url":"https:\/\/unisale.com.br\/pastoral\/wp-content\/uploads\/2025\/07\/IMG_8483-768x512-1.jpg","type":"image\/jpeg"}],"author":"pastoral","twitter_card":"summary_large_image","twitter_misc":{"Escrito por":"pastoral","Est. tempo de leitura":"4 minutos"},"schema":{"@context":"https:\/\/schema.org","@graph":[{"@type":"Article","@id":"https:\/\/unisale.com.br\/pastoral\/unisalesiano-celebra-formatura-da-3a-turma-de-medicina-com-missa-e-colacao-de-grau\/#article","isPartOf":{"@id":"https:\/\/unisale.com.br\/pastoral\/unisalesiano-celebra-formatura-da-3a-turma-de-medicina-com-missa-e-colacao-de-grau\/"},"author":{"name":"pastoral","@id":"https:\/\/unisale.com.br\/pastoral\/#\/schema\/person\/a16ba711a0f7dec9cb6b44563144d5a3"},"headline":"UniSALESIANO celebra formatura da 3\u00aa Turma de Medicina com missa e cola\u00e7\u00e3o de grau","datePublished":"2025-07-30T12:38:49+00:00","mainEntityOfPage":{"@id":"https:\/\/unisale.com.br\/pastoral\/unisalesiano-celebra-formatura-da-3a-turma-de-medicina-com-missa-e-colacao-de-grau\/"},"wordCount":653,"image":{"@id":"https:\/\/unisale.com.br\/pastoral\/unisalesiano-celebra-formatura-da-3a-turma-de-medicina-com-missa-e-colacao-de-grau\/#primaryimage"},"thumbnailUrl":"https:\/\/unisale.com.br\/pastoral\/wp-content\/uploads\/2025\/07\/IMG_8483-768x512-1.jpg","articleSection":["Not\u00edcias"],"inLanguage":"pt-BR"},{"@type":"WebPage","@id":"https:\/\/unisale.com.br\/pastoral\/unisalesiano-celebra-formatura-da-3a-turma-de-medicina-com-missa-e-colacao-de-grau\/","url":"https:\/\/unisale.com.br\/pastoral\/unisalesiano-celebra-formatura-da-3a-turma-de-medicina-com-missa-e-colacao-de-grau\/","name":"UniSALESIANO celebra formatura da 3\u00aa Turma de Medicina com missa e cola\u00e7\u00e3o de grau - Pastoral Universit\u00e1ria UniSALESIANO","isPartOf":{"@id":"https:\/\/unisale.com.br\/pastoral\/#website"},"primaryImageOfPage":{"@id":"https:\/\/unisale.com.br\/pastoral\/unisalesiano-celebra-formatura-da-3a-turma-de-medicina-com-missa-e-colacao-de-grau\/#primaryimage"},"image":{"@id":"https:\/\/unisale.com.br\/pastoral\/unisalesiano-celebra-formatura-da-3a-turma-de-medicina-com-missa-e-colacao-de-grau\/#primaryimage"},"thumbnailUrl":"https:\/\/unisale.com.br\/pastoral\/wp-content\/uploads\/2025\/07\/IMG_8483-768x512-1.jpg","datePublished":"2025-07-30T12:38:49+00:00","author":{"@id":"https:\/\/unisale.com.br\/pastoral\/#\/schema\/person\/a16ba711a0f7dec9cb6b44563144d5a3"},"inLanguage":"pt-BR","potentialAction":[{"@type":"ReadAction","target":["https:\/\/unisale.com.br\/pastoral\/unisalesiano-celebra-formatura-da-3a-turma-de-medicina-com-missa-e-colacao-de-grau\/"]}]},{"@type":"ImageObject","inLanguage":"pt-BR","@id":"https:\/\/unisale.com.br\/pastoral\/unisalesiano-celebra-formatura-da-3a-turma-de-medicina-com-missa-e-colacao-de-grau\/#primaryimage","url":"https:\/\/unisale.com.br\/pastoral\/wp-content\/uploads\/2025\/07\/IMG_8483-768x512-1.jpg","contentUrl":"https:\/\/unisale.com.br\/pastoral\/wp-content\/uploads\/2025\/07\/IMG_8483-768x512-1.jpg","width":750,"height":500},{"@type":"WebSite","@id":"https:\/\/unisale.com.br\/pastoral\/#website","url":"https:\/\/unisale.com.br\/pastoral\/","name":"Pastoral Universit\u00e1ria UniSALESIANO","description":"Site da Pastoral Universit\u00e1ria do UniSALESIANO","potentialAction":[{"@type":"SearchAction","target":{"@type":"EntryPoint","urlTemplate":"https:\/\/unisale.com.br\/pastoral\/?s={search_term_string}"},"query-input":{"@type":"PropertyValueSpecification","valueRequired":true,"valueName":"search_term_string"}}],"inLanguage":"pt-BR"},{"@type":"Person","@id":"https:\/\/unisale.com.br\/pastoral\/#\/schema\/person\/a16ba711a0f7dec9cb6b44563144d5a3","name":"pastoral","url":"https:\/\/unisale.com.br\/pastoral\/author\/pastoral\/"}]}},"_links":{"self":[{"href":"https:\/\/unisale.com.br\/pastoral\/wp-json\/wp\/v2\/posts\/12795","targetHints":{"allow":["GET"]}}],"collection":[{"href":"https:\/\/unisale.com.br\/pastoral\/wp-json\/wp\/v2\/posts"}],"about":[{"href":"https:\/\/unisale.com.br\/pastoral\/wp-json\/wp\/v2\/types\/post"}],"author":[{"embeddable":true,"href":"https:\/\/unisale.com.br\/pastoral\/wp-json\/wp\/v2\/users\/1"}],"replies":[{"embeddable":true,"href":"https:\/\/unisale.com.br\/pastoral\/wp-json\/wp\/v2\/comments?post=12795"}],"version-history":[{"count":1,"href":"https:\/\/unisale.com.br\/pastoral\/wp-json\/wp\/v2\/posts\/12795\/revisions"}],"predecessor-version":[{"id":12833,"href":"https:\/\/unisale.com.br\/pastoral\/wp-json\/wp\/v2\/posts\/12795\/revisions\/12833"}],"wp:featuredmedia":[{"embeddable":true,"href":"https:\/\/unisale.com.br\/pastoral\/wp-json\/wp\/v2\/media\/12832"}],"wp:attachment":[{"href":"https:\/\/unisale.com.br\/pastoral\/wp-json\/wp\/v2\/media?parent=12795"}],"wp:term":[{"taxonomy":"category","embeddable":true,"href":"https:\/\/unisale.com.br\/pastoral\/wp-json\/wp\/v2\/categories?post=12795"},{"taxonomy":"post_tag","embeddable":true,"href":"https:\/\/unisale.com.br\/pastoral\/wp-json\/wp\/v2\/tags?post=12795"}],"curies":[{"name":"wp","href":"https:\/\/api.w.org\/{rel}","templated":true}]}}