{"id":12846,"date":"2025-08-06T18:54:23","date_gmt":"2025-08-06T18:54:23","guid":{"rendered":"https:\/\/unisale.com.br\/pastoral\/?p=12846"},"modified":"2025-08-06T18:54:23","modified_gmt":"2025-08-06T18:54:23","slug":"07-08-tu-es-o-messias-o-filho-do-deus-vivo","status":"publish","type":"post","link":"https:\/\/unisale.com.br\/pastoral\/07-08-tu-es-o-messias-o-filho-do-deus-vivo\/","title":{"rendered":"07\/08 &#8211; Tu \u00e9s o Messias, o Filho do Deus vivo."},"content":{"rendered":"<p>Quinta-feira, 07 de agosto de 2025.<\/p>\n<p>&nbsp;<\/p>\n<p>Evangelho (Mt 16,13-23)<\/p>\n<p>&nbsp;<\/p>\n<p><strong>\u201cTu \u00e9s o Messias, o Filho do Deus vivo\u201d<\/strong><\/p>\n<p>&nbsp;<\/p>\n<p>Naquele tempo, <sup>13<\/sup>Jesus foi \u00e0 regi\u00e3o de Cesar\u00e9ia de Filipe e ali perguntou a seus disc\u00edpulos: \u201cQuem dizem os homens ser o Filho do Homem?\u201d <sup>14<\/sup>Eles responderam: \u201cAlguns dizem que \u00e9 Jo\u00e3o Batista; outros que \u00e9 Elias; outros ainda, que \u00e9 Jeremias ou algum dos profetas\u201d. <sup>15<\/sup>Ent\u00e3o Jesus lhes perguntou: \u201cE v\u00f3s, quem dizeis que eu sou?\u201d <sup>16<\/sup>Sim\u00e3o Pedro respondeu: \u201cTu \u00e9s o Messias, o Filho do Deus vivo\u201d. <sup>17<\/sup>Respondendo, Jesus lhe disse: \u201cFeliz \u00e9s tu, Sim\u00e3o, filho de Jonas, porque n\u00e3o foi um ser humano que te revelou isso, mas o meu Pai que est\u00e1 no c\u00e9u. <sup>18<\/sup>Por isso eu te digo que tu \u00e9s Pedro, e sobre esta pedra construirei a minha Igreja, e o poder do inferno nunca poder\u00e1 venc\u00ea-la. <sup>19<\/sup>Eu te darei as chaves do Reino dos C\u00e9us: tudo o que tu ligares na terra ser\u00e1 ligado nos c\u00e9us; tudo o que tu desligares na terra ser\u00e1 desligado nos c\u00e9us\u201d. <sup>20<\/sup>Jesus, ent\u00e3o, ordenou aos disc\u00edpulos que n\u00e3o dissessem a ningu\u00e9m que ele era o Messias. <sup>21<\/sup>Jesus come\u00e7ou a mostrar aos seus disc\u00edpulos que devia ir a Jerusal\u00e9m e sofrer muito da parte dos anci\u00e3os, dos sumos sacerdotes e dos mestres da Lei, e que devia ser morto e ressuscitar no terceiro dia. <sup>22<\/sup>Ent\u00e3o Pedro tomou Jesus \u00e0 parte e come\u00e7ou a repreend\u00ea-lo, dizendo: \u201cDeus n\u00e3o permita tal coisa, Senhor! Que isto nunca te aconte\u00e7a!\u201d <sup>23<\/sup>Jesus, por\u00e9m, voltou-se para Pedro, e disse: \u201cVai para longe, Satan\u00e1s! Tu \u00e9s para mim uma pedra de trope\u00e7o, porque n\u00e3o pensas as coisas de Deus, mas sim as coisas dos homens!\u201d<\/p>\n<p>&nbsp;<\/p>\n<p><strong>Reflex\u00e3o<\/strong><\/p>\n<p>&nbsp;<\/p>\n<p>Neste epis\u00f3dio descrito no Evangelho de hoje, nos deparamos com profiss\u00e3o de f\u00e9 de Pedro. A profiss\u00e3o de f\u00e9 \u00e9 um dom do Esp\u00edrito. N\u00e3o \u00e9 fruto de muito estudo, n\u00e3o \u00e9 fruto de c\u00e1lculos e n\u00e3o \u00e9 fruto de nenhum ato heroico. Professar a f\u00e9 \u00e9 dar nome \u00e0quele sentimento, \u00e0quele estado que enche a vida de significado. Quanto mais n\u00f3s descobrimos Cristo, mais vamos descobrindo n\u00f3s mesmos. Este \u00e9 o grande milagre do encontro com Cristo. E este milagre vem acompanhado com as chaves do Reino dos c\u00e9us, estas chaves possuem uma fun\u00e7\u00e3o positiva em nossa vida: a fun\u00e7\u00e3o de ligar e desligar. Quando o nosso encontro com Cristo \u00e9 verdadeiro, n\u00f3s nos ligamos a tudo aquilo que \u00e9 bom, construtivo e que diz \u2018sim\u2019 a vida, a nossa vida pessoal e \u00e0 vida do mundo. E somos capazes tamb\u00e9m de nos \u2018desligar\u2019 de tudo aquilo que n\u00e3o condiz com a vida em Cristo. Somos capazes de desligar o pecado da nossa vida. Somos capazes de nos desligar de tudo aquilo que n\u00e3o nos permite de ter uma vida em plenitude. Todos n\u00f3s somos fundados sobre a rocha de Pedro. Quando a gente encontra Cristo, n\u00e3o nos entregamos somente a uma rela\u00e7\u00e3o pessoal com Ele, mas precisamos tamb\u00e9m ter a coragem de testemunhar a confian\u00e7a que nasce deste encontro junto \u00e0queles com os quais convivemos. Ter f\u00e9 significa utilizar palavras, gestos e comportamentos que demonstrem a outros a pr\u00f3pria convic\u00e7\u00e3o acerca da presen\u00e7a e do valor positivo de Deus. N\u00e3o basta a gente afirmar que Jesus \u00e9 o Filho de Deus se n\u00e3o procuramos tirar desta afirma\u00e7\u00e3o as consequ\u00eancias \u00e9ticas, a partir do modo em que o Jesus terreno demonstrou s\u00ea-lo na aten\u00e7\u00e3o generosa e solid\u00e1ria, em palavras e comportamentos, \u00e0 totalidade dos seres humanos. \u00c9 preciso que comecemos a agir segundo a l\u00f3gica de Deus.<\/p>\n<p><strong>Pe. Paulo Eduardo J\u00e1como, SDB.<\/strong><\/p>\n","protected":false},"excerpt":{"rendered":"<p>Quinta-feira, 07 de agosto de 2025. &nbsp; Evangelho (Mt 16,13-23) &nbsp; \u201cTu \u00e9s o Messias, o Filho do Deus vivo\u201d &nbsp; Naquele tempo, 13Jesus foi&#8230;<\/p>\n","protected":false},"author":1,"featured_media":12847,"comment_status":"closed","ping_status":"closed","sticky":false,"template":"","format":"standard","meta":{"_acf_changed":false,"footnotes":""},"categories":[13],"tags":[],"class_list":["post-12846","post","type-post","status-publish","format-standard","has-post-thumbnail","hentry","category-reflexaodoevagelho"],"acf":[],"yoast_head":"<!-- This site is optimized with the Yoast SEO plugin v27.3 - https:\/\/yoast.com\/product\/yoast-seo-wordpress\/ -->\n<title>07\/08 - Tu \u00e9s o Messias, o Filho do Deus vivo. - Pastoral Universit\u00e1ria UniSALESIANO<\/title>\n<meta name=\"robots\" content=\"index, follow, max-snippet:-1, max-image-preview:large, max-video-preview:-1\" \/>\n<link rel=\"canonical\" href=\"https:\/\/unisale.com.br\/pastoral\/07-08-tu-es-o-messias-o-filho-do-deus-vivo\/\" \/>\n<meta property=\"og:locale\" content=\"pt_BR\" \/>\n<meta property=\"og:type\" content=\"article\" \/>\n<meta property=\"og:title\" content=\"07\/08 - Tu \u00e9s o Messias, o Filho do Deus vivo. - Pastoral Universit\u00e1ria UniSALESIANO\" \/>\n<meta property=\"og:description\" content=\"Quinta-feira, 07 de agosto de 2025. &nbsp; Evangelho (Mt 16,13-23) &nbsp; \u201cTu \u00e9s o Messias, o Filho do Deus vivo\u201d &nbsp; Naquele tempo, 13Jesus foi...\" \/>\n<meta property=\"og:url\" content=\"https:\/\/unisale.com.br\/pastoral\/07-08-tu-es-o-messias-o-filho-do-deus-vivo\/\" \/>\n<meta property=\"og:site_name\" content=\"Pastoral Universit\u00e1ria UniSALESIANO\" \/>\n<meta property=\"article:published_time\" content=\"2025-08-06T18:54:23+00:00\" \/>\n<meta property=\"og:image\" content=\"https:\/\/unisale.com.br\/pastoral\/wp-content\/uploads\/2025\/08\/ChatGPT-Image-6-de-ago.-de-2025-15_55_29.png\" \/>\n\t<meta property=\"og:image:width\" content=\"1024\" \/>\n\t<meta property=\"og:image:height\" content=\"1024\" \/>\n\t<meta property=\"og:image:type\" content=\"image\/png\" \/>\n<meta name=\"author\" content=\"pastoral\" \/>\n<meta name=\"twitter:card\" content=\"summary_large_image\" \/>\n<meta name=\"twitter:label1\" content=\"Escrito por\" \/>\n\t<meta name=\"twitter:data1\" content=\"pastoral\" \/>\n\t<meta name=\"twitter:label2\" content=\"Est. tempo de leitura\" \/>\n\t<meta name=\"twitter:data2\" content=\"4 minutos\" \/>\n<script type=\"application\/ld+json\" class=\"yoast-schema-graph\">{\"@context\":\"https:\\\/\\\/schema.org\",\"@graph\":[{\"@type\":\"Article\",\"@id\":\"https:\\\/\\\/unisale.com.br\\\/pastoral\\\/07-08-tu-es-o-messias-o-filho-do-deus-vivo\\\/#article\",\"isPartOf\":{\"@id\":\"https:\\\/\\\/unisale.com.br\\\/pastoral\\\/07-08-tu-es-o-messias-o-filho-do-deus-vivo\\\/\"},\"author\":{\"name\":\"pastoral\",\"@id\":\"https:\\\/\\\/unisale.com.br\\\/pastoral\\\/#\\\/schema\\\/person\\\/a16ba711a0f7dec9cb6b44563144d5a3\"},\"headline\":\"07\\\/08 &#8211; Tu \u00e9s o Messias, o Filho do Deus vivo.\",\"datePublished\":\"2025-08-06T18:54:23+00:00\",\"mainEntityOfPage\":{\"@id\":\"https:\\\/\\\/unisale.com.br\\\/pastoral\\\/07-08-tu-es-o-messias-o-filho-do-deus-vivo\\\/\"},\"wordCount\":654,\"image\":{\"@id\":\"https:\\\/\\\/unisale.com.br\\\/pastoral\\\/07-08-tu-es-o-messias-o-filho-do-deus-vivo\\\/#primaryimage\"},\"thumbnailUrl\":\"https:\\\/\\\/unisale.com.br\\\/pastoral\\\/wp-content\\\/uploads\\\/2025\\\/08\\\/ChatGPT-Image-6-de-ago.-de-2025-15_55_29.jpg\",\"articleSection\":[\"Reflex\u00e3o do Evangelho\"],\"inLanguage\":\"pt-BR\"},{\"@type\":\"WebPage\",\"@id\":\"https:\\\/\\\/unisale.com.br\\\/pastoral\\\/07-08-tu-es-o-messias-o-filho-do-deus-vivo\\\/\",\"url\":\"https:\\\/\\\/unisale.com.br\\\/pastoral\\\/07-08-tu-es-o-messias-o-filho-do-deus-vivo\\\/\",\"name\":\"07\\\/08 - Tu \u00e9s o Messias, o Filho do Deus vivo. - Pastoral Universit\u00e1ria UniSALESIANO\",\"isPartOf\":{\"@id\":\"https:\\\/\\\/unisale.com.br\\\/pastoral\\\/#website\"},\"primaryImageOfPage\":{\"@id\":\"https:\\\/\\\/unisale.com.br\\\/pastoral\\\/07-08-tu-es-o-messias-o-filho-do-deus-vivo\\\/#primaryimage\"},\"image\":{\"@id\":\"https:\\\/\\\/unisale.com.br\\\/pastoral\\\/07-08-tu-es-o-messias-o-filho-do-deus-vivo\\\/#primaryimage\"},\"thumbnailUrl\":\"https:\\\/\\\/unisale.com.br\\\/pastoral\\\/wp-content\\\/uploads\\\/2025\\\/08\\\/ChatGPT-Image-6-de-ago.-de-2025-15_55_29.jpg\",\"datePublished\":\"2025-08-06T18:54:23+00:00\",\"author\":{\"@id\":\"https:\\\/\\\/unisale.com.br\\\/pastoral\\\/#\\\/schema\\\/person\\\/a16ba711a0f7dec9cb6b44563144d5a3\"},\"inLanguage\":\"pt-BR\",\"potentialAction\":[{\"@type\":\"ReadAction\",\"target\":[\"https:\\\/\\\/unisale.com.br\\\/pastoral\\\/07-08-tu-es-o-messias-o-filho-do-deus-vivo\\\/\"]}]},{\"@type\":\"ImageObject\",\"inLanguage\":\"pt-BR\",\"@id\":\"https:\\\/\\\/unisale.com.br\\\/pastoral\\\/07-08-tu-es-o-messias-o-filho-do-deus-vivo\\\/#primaryimage\",\"url\":\"https:\\\/\\\/unisale.com.br\\\/pastoral\\\/wp-content\\\/uploads\\\/2025\\\/08\\\/ChatGPT-Image-6-de-ago.-de-2025-15_55_29.jpg\",\"contentUrl\":\"https:\\\/\\\/unisale.com.br\\\/pastoral\\\/wp-content\\\/uploads\\\/2025\\\/08\\\/ChatGPT-Image-6-de-ago.-de-2025-15_55_29.jpg\",\"width\":500,\"height\":500},{\"@type\":\"WebSite\",\"@id\":\"https:\\\/\\\/unisale.com.br\\\/pastoral\\\/#website\",\"url\":\"https:\\\/\\\/unisale.com.br\\\/pastoral\\\/\",\"name\":\"Pastoral Universit\u00e1ria UniSALESIANO\",\"description\":\"Site da Pastoral Universit\u00e1ria do UniSALESIANO\",\"potentialAction\":[{\"@type\":\"SearchAction\",\"target\":{\"@type\":\"EntryPoint\",\"urlTemplate\":\"https:\\\/\\\/unisale.com.br\\\/pastoral\\\/?s={search_term_string}\"},\"query-input\":{\"@type\":\"PropertyValueSpecification\",\"valueRequired\":true,\"valueName\":\"search_term_string\"}}],\"inLanguage\":\"pt-BR\"},{\"@type\":\"Person\",\"@id\":\"https:\\\/\\\/unisale.com.br\\\/pastoral\\\/#\\\/schema\\\/person\\\/a16ba711a0f7dec9cb6b44563144d5a3\",\"name\":\"pastoral\",\"url\":\"https:\\\/\\\/unisale.com.br\\\/pastoral\\\/author\\\/pastoral\\\/\"}]}<\/script>\n<!-- \/ Yoast SEO plugin. -->","yoast_head_json":{"title":"07\/08 - Tu \u00e9s o Messias, o Filho do Deus vivo. - Pastoral Universit\u00e1ria UniSALESIANO","robots":{"index":"index","follow":"follow","max-snippet":"max-snippet:-1","max-image-preview":"max-image-preview:large","max-video-preview":"max-video-preview:-1"},"canonical":"https:\/\/unisale.com.br\/pastoral\/07-08-tu-es-o-messias-o-filho-do-deus-vivo\/","og_locale":"pt_BR","og_type":"article","og_title":"07\/08 - Tu \u00e9s o Messias, o Filho do Deus vivo. - Pastoral Universit\u00e1ria UniSALESIANO","og_description":"Quinta-feira, 07 de agosto de 2025. &nbsp; Evangelho (Mt 16,13-23) &nbsp; \u201cTu \u00e9s o Messias, o Filho do Deus vivo\u201d &nbsp; Naquele tempo, 13Jesus foi...","og_url":"https:\/\/unisale.com.br\/pastoral\/07-08-tu-es-o-messias-o-filho-do-deus-vivo\/","og_site_name":"Pastoral Universit\u00e1ria UniSALESIANO","article_published_time":"2025-08-06T18:54:23+00:00","og_image":[{"width":1024,"height":1024,"url":"https:\/\/unisale.com.br\/pastoral\/wp-content\/uploads\/2025\/08\/ChatGPT-Image-6-de-ago.-de-2025-15_55_29.png","type":"image\/png"}],"author":"pastoral","twitter_card":"summary_large_image","twitter_misc":{"Escrito por":"pastoral","Est. tempo de leitura":"4 minutos"},"schema":{"@context":"https:\/\/schema.org","@graph":[{"@type":"Article","@id":"https:\/\/unisale.com.br\/pastoral\/07-08-tu-es-o-messias-o-filho-do-deus-vivo\/#article","isPartOf":{"@id":"https:\/\/unisale.com.br\/pastoral\/07-08-tu-es-o-messias-o-filho-do-deus-vivo\/"},"author":{"name":"pastoral","@id":"https:\/\/unisale.com.br\/pastoral\/#\/schema\/person\/a16ba711a0f7dec9cb6b44563144d5a3"},"headline":"07\/08 &#8211; Tu \u00e9s o Messias, o Filho do Deus vivo.","datePublished":"2025-08-06T18:54:23+00:00","mainEntityOfPage":{"@id":"https:\/\/unisale.com.br\/pastoral\/07-08-tu-es-o-messias-o-filho-do-deus-vivo\/"},"wordCount":654,"image":{"@id":"https:\/\/unisale.com.br\/pastoral\/07-08-tu-es-o-messias-o-filho-do-deus-vivo\/#primaryimage"},"thumbnailUrl":"https:\/\/unisale.com.br\/pastoral\/wp-content\/uploads\/2025\/08\/ChatGPT-Image-6-de-ago.-de-2025-15_55_29.jpg","articleSection":["Reflex\u00e3o do Evangelho"],"inLanguage":"pt-BR"},{"@type":"WebPage","@id":"https:\/\/unisale.com.br\/pastoral\/07-08-tu-es-o-messias-o-filho-do-deus-vivo\/","url":"https:\/\/unisale.com.br\/pastoral\/07-08-tu-es-o-messias-o-filho-do-deus-vivo\/","name":"07\/08 - Tu \u00e9s o Messias, o Filho do Deus vivo. - Pastoral Universit\u00e1ria UniSALESIANO","isPartOf":{"@id":"https:\/\/unisale.com.br\/pastoral\/#website"},"primaryImageOfPage":{"@id":"https:\/\/unisale.com.br\/pastoral\/07-08-tu-es-o-messias-o-filho-do-deus-vivo\/#primaryimage"},"image":{"@id":"https:\/\/unisale.com.br\/pastoral\/07-08-tu-es-o-messias-o-filho-do-deus-vivo\/#primaryimage"},"thumbnailUrl":"https:\/\/unisale.com.br\/pastoral\/wp-content\/uploads\/2025\/08\/ChatGPT-Image-6-de-ago.-de-2025-15_55_29.jpg","datePublished":"2025-08-06T18:54:23+00:00","author":{"@id":"https:\/\/unisale.com.br\/pastoral\/#\/schema\/person\/a16ba711a0f7dec9cb6b44563144d5a3"},"inLanguage":"pt-BR","potentialAction":[{"@type":"ReadAction","target":["https:\/\/unisale.com.br\/pastoral\/07-08-tu-es-o-messias-o-filho-do-deus-vivo\/"]}]},{"@type":"ImageObject","inLanguage":"pt-BR","@id":"https:\/\/unisale.com.br\/pastoral\/07-08-tu-es-o-messias-o-filho-do-deus-vivo\/#primaryimage","url":"https:\/\/unisale.com.br\/pastoral\/wp-content\/uploads\/2025\/08\/ChatGPT-Image-6-de-ago.-de-2025-15_55_29.jpg","contentUrl":"https:\/\/unisale.com.br\/pastoral\/wp-content\/uploads\/2025\/08\/ChatGPT-Image-6-de-ago.-de-2025-15_55_29.jpg","width":500,"height":500},{"@type":"WebSite","@id":"https:\/\/unisale.com.br\/pastoral\/#website","url":"https:\/\/unisale.com.br\/pastoral\/","name":"Pastoral Universit\u00e1ria UniSALESIANO","description":"Site da Pastoral Universit\u00e1ria do UniSALESIANO","potentialAction":[{"@type":"SearchAction","target":{"@type":"EntryPoint","urlTemplate":"https:\/\/unisale.com.br\/pastoral\/?s={search_term_string}"},"query-input":{"@type":"PropertyValueSpecification","valueRequired":true,"valueName":"search_term_string"}}],"inLanguage":"pt-BR"},{"@type":"Person","@id":"https:\/\/unisale.com.br\/pastoral\/#\/schema\/person\/a16ba711a0f7dec9cb6b44563144d5a3","name":"pastoral","url":"https:\/\/unisale.com.br\/pastoral\/author\/pastoral\/"}]}},"_links":{"self":[{"href":"https:\/\/unisale.com.br\/pastoral\/wp-json\/wp\/v2\/posts\/12846","targetHints":{"allow":["GET"]}}],"collection":[{"href":"https:\/\/unisale.com.br\/pastoral\/wp-json\/wp\/v2\/posts"}],"about":[{"href":"https:\/\/unisale.com.br\/pastoral\/wp-json\/wp\/v2\/types\/post"}],"author":[{"embeddable":true,"href":"https:\/\/unisale.com.br\/pastoral\/wp-json\/wp\/v2\/users\/1"}],"replies":[{"embeddable":true,"href":"https:\/\/unisale.com.br\/pastoral\/wp-json\/wp\/v2\/comments?post=12846"}],"version-history":[{"count":1,"href":"https:\/\/unisale.com.br\/pastoral\/wp-json\/wp\/v2\/posts\/12846\/revisions"}],"predecessor-version":[{"id":12848,"href":"https:\/\/unisale.com.br\/pastoral\/wp-json\/wp\/v2\/posts\/12846\/revisions\/12848"}],"wp:featuredmedia":[{"embeddable":true,"href":"https:\/\/unisale.com.br\/pastoral\/wp-json\/wp\/v2\/media\/12847"}],"wp:attachment":[{"href":"https:\/\/unisale.com.br\/pastoral\/wp-json\/wp\/v2\/media?parent=12846"}],"wp:term":[{"taxonomy":"category","embeddable":true,"href":"https:\/\/unisale.com.br\/pastoral\/wp-json\/wp\/v2\/categories?post=12846"},{"taxonomy":"post_tag","embeddable":true,"href":"https:\/\/unisale.com.br\/pastoral\/wp-json\/wp\/v2\/tags?post=12846"}],"curies":[{"name":"wp","href":"https:\/\/api.w.org\/{rel}","templated":true}]}}