{"id":12855,"date":"2025-08-11T19:14:18","date_gmt":"2025-08-11T19:14:18","guid":{"rendered":"https:\/\/unisale.com.br\/pastoral\/?p=12855"},"modified":"2025-08-11T19:14:18","modified_gmt":"2025-08-11T19:14:18","slug":"12-08-quem-se-faz-pequeno-como-esta-crianca-este-e-o-maior-do-reino-dos-ceus","status":"publish","type":"post","link":"https:\/\/unisale.com.br\/pastoral\/12-08-quem-se-faz-pequeno-como-esta-crianca-este-e-o-maior-do-reino-dos-ceus\/","title":{"rendered":"12\/08 &#8211; Quem se faz pequeno como esta crian\u00e7a, este \u00e9 o maior do Reino dos C\u00e9us."},"content":{"rendered":"<p>Ter\u00e7a-feira, 12 de agosto de 2025.<\/p>\n<p>&nbsp;<\/p>\n<p>Evangelho (Mt 18,1-5.10.12-14)<\/p>\n<p>&nbsp;<\/p>\n<p><strong>\u201cQuem se faz pequeno como esta crian\u00e7a, este \u00e9 o maior do Reino dos C\u00e9us.\u201d<\/strong><\/p>\n<p>&nbsp;<\/p>\n<p>Naquele tempo, <sup>1<\/sup>os disc\u00edpulos aproximaram-se de Jesus e perguntaram: \u201cQuem \u00e9 o maior no Reino dos C\u00e9us?\u201d <sup>2<\/sup>Jesus chamou uma crian\u00e7a, colocou-a no meio deles <sup>3<\/sup>e disse: \u201cEm verdade vos digo, se n\u00e3o vos converterdes, e n\u00e3o vos tornardes como crian\u00e7as, n\u00e3o entrareis no Reino dos C\u00e9us. <sup>4<\/sup>Quem se faz pequeno como esta crian\u00e7a, este \u00e9 o maior do Reino dos C\u00e9us. <sup>5<\/sup>E quem recebe em meu nome uma crian\u00e7a como esta \u00e9 a mim que recebe. <sup>10<\/sup>N\u00e3o desprezeis nenhum desses pequeninos, pois eu vos digo que os seus anjos nos c\u00e9us veem sem cessar a face do meu Pai que est\u00e1 nos c\u00e9us. <sup>12<\/sup>Que vos parece? Se um homem tem cem ovelhas, e uma delas se perde, n\u00e3o deixa ele as noventa e nove nas montanhas, para procurar aquela que se perdeu? <sup>13<\/sup>Em verdade vos digo, se ele a encontrar, ficar\u00e1 mais feliz com ela, do que com as noventa e nove que n\u00e3o se perderam. <sup>14<\/sup>Do mesmo modo, o Pai que est\u00e1 nos c\u00e9us n\u00e3o deseja que se perca nenhum desses pequeninos\u201d.<\/p>\n<p>&nbsp;<\/p>\n<p><strong>Reflex\u00e3o<\/strong><\/p>\n<p>&nbsp;<\/p>\n<p>O tema importante do Evangelho de hoje \u00e9 sobre as crian\u00e7as. Jesus usa das crian\u00e7as para fornecer uma chave de leitura sobre a l\u00f3gica do Reino: \u201cJesus chamou uma crian\u00e7a, colocou-a no meio deles e disse: \u201cEm verdade vos digo, se n\u00e3o vos converterdes, e n\u00e3o vos tornardes como crian\u00e7as, n\u00e3o entrareis no Reino dos C\u00e9us. Quem se faz pequeno como esta crian\u00e7a, este \u00e9 o maior do Reino dos C\u00e9us\u201d. Porque justamente uma crian\u00e7a? S\u00e3o v\u00e1rios os motivos. Antes de tudo devemos dizer que no tempo de Jesus elas n\u00e3o eram consideradas. Jesus ao contr\u00e1rio as considera, as coloca no centro, e as indica como decisivas para entender e poder entrar no Reino. E faz justamente porque s\u00e3o desprezadas, pela sua inconsist\u00eancia cultural e social. Deus utiliza sempre aqueles que o mundo despreza. A verdade de Deus se encontra sempre nas \u201cperiferias existenciais\u201d, assim como a chama o Papa Francisco. O segundo motivo o encontramos na natural simplicidade que as crian\u00e7as possuem. Uma crian\u00e7a n\u00e3o \u00e9 complicada nos seus racioc\u00ednios, vai direto ao que \u00e9 essencial. Depois h\u00e1 ainda outra caracter\u00edstica: vive confiado a uma fam\u00edlia. Uma crian\u00e7a vive rela\u00e7\u00f5es que o fazem sentir protegido, seguro, corajoso, sereno. N\u00e3o procura a for\u00e7a em si mesmo, mas busca a for\u00e7a em quem o ama. Um crist\u00e3o deve converter-se a estas caracter\u00edsticas para acolher o Evangelho: simplicidade, clareza, rela\u00e7\u00f5es confi\u00e1veis. Somente assim um crist\u00e3o produz frutos. Se usamos a f\u00e9 para complicar a vida, agora a pervertemos. A f\u00e9 serve para descomplicar o que complicado. Se usamos a f\u00e9 para perder de vista o essencial, agora n\u00e3o \u00e9 a f\u00e9 crist\u00e3, mas somente uma religi\u00e3o psicol\u00f3gica que nos faz buscar distra\u00e7\u00f5es. Se a f\u00e9 n\u00e3o melhora a qualidade das nossas rela\u00e7\u00f5es, agora nossa f\u00e9 \u00e9 ideologia do Evangelho.<\/p>\n<p><strong>Pe. Paulo Eduardo J\u00e1como, SDB.<\/strong><\/p>\n","protected":false},"excerpt":{"rendered":"<p>Ter\u00e7a-feira, 12 de agosto de 2025. &nbsp; Evangelho (Mt 18,1-5.10.12-14) &nbsp; \u201cQuem se faz pequeno como esta crian\u00e7a, este \u00e9 o maior do Reino dos&#8230;<\/p>\n","protected":false},"author":1,"featured_media":12856,"comment_status":"closed","ping_status":"closed","sticky":false,"template":"","format":"standard","meta":{"_acf_changed":false,"footnotes":""},"categories":[13],"tags":[],"class_list":["post-12855","post","type-post","status-publish","format-standard","has-post-thumbnail","hentry","category-reflexaodoevagelho"],"acf":[],"yoast_head":"<!-- This site is optimized with the Yoast SEO plugin v27.3 - https:\/\/yoast.com\/product\/yoast-seo-wordpress\/ -->\n<title>12\/08 - Quem se faz pequeno como esta crian\u00e7a, este \u00e9 o maior do Reino dos C\u00e9us. - Pastoral Universit\u00e1ria UniSALESIANO<\/title>\n<meta name=\"robots\" content=\"index, follow, max-snippet:-1, max-image-preview:large, max-video-preview:-1\" \/>\n<link rel=\"canonical\" href=\"https:\/\/unisale.com.br\/pastoral\/12-08-quem-se-faz-pequeno-como-esta-crianca-este-e-o-maior-do-reino-dos-ceus\/\" \/>\n<meta property=\"og:locale\" content=\"pt_BR\" \/>\n<meta property=\"og:type\" content=\"article\" \/>\n<meta property=\"og:title\" content=\"12\/08 - Quem se faz pequeno como esta crian\u00e7a, este \u00e9 o maior do Reino dos C\u00e9us. - Pastoral Universit\u00e1ria UniSALESIANO\" \/>\n<meta property=\"og:description\" content=\"Ter\u00e7a-feira, 12 de agosto de 2025. &nbsp; Evangelho (Mt 18,1-5.10.12-14) &nbsp; \u201cQuem se faz pequeno como esta crian\u00e7a, este \u00e9 o maior do Reino dos...\" \/>\n<meta property=\"og:url\" content=\"https:\/\/unisale.com.br\/pastoral\/12-08-quem-se-faz-pequeno-como-esta-crianca-este-e-o-maior-do-reino-dos-ceus\/\" \/>\n<meta property=\"og:site_name\" content=\"Pastoral Universit\u00e1ria UniSALESIANO\" \/>\n<meta property=\"article:published_time\" content=\"2025-08-11T19:14:18+00:00\" \/>\n<meta property=\"og:image\" content=\"https:\/\/unisale.com.br\/pastoral\/wp-content\/uploads\/2025\/08\/Naquele-tempo-1os-discipulos-aproximaram-se-de-Jesus-e-perguntaram_-Quem-e-o-maior-no-Reino-dos-Ceus_-2Jesus-chamou-uma-crianca-colocou-a-no-meio-deles-3e-disse_-Em-verdade-vos-digo-se-nao-v.jpg\" \/>\n\t<meta property=\"og:image:width\" content=\"1120\" \/>\n\t<meta property=\"og:image:height\" content=\"1120\" \/>\n\t<meta property=\"og:image:type\" content=\"image\/jpeg\" \/>\n<meta name=\"author\" content=\"pastoral\" \/>\n<meta name=\"twitter:card\" content=\"summary_large_image\" \/>\n<meta name=\"twitter:label1\" content=\"Escrito por\" \/>\n\t<meta name=\"twitter:data1\" content=\"pastoral\" \/>\n\t<meta name=\"twitter:label2\" content=\"Est. tempo de leitura\" \/>\n\t<meta name=\"twitter:data2\" content=\"4 minutos\" \/>\n<script type=\"application\/ld+json\" class=\"yoast-schema-graph\">{\"@context\":\"https:\\\/\\\/schema.org\",\"@graph\":[{\"@type\":\"Article\",\"@id\":\"https:\\\/\\\/unisale.com.br\\\/pastoral\\\/12-08-quem-se-faz-pequeno-como-esta-crianca-este-e-o-maior-do-reino-dos-ceus\\\/#article\",\"isPartOf\":{\"@id\":\"https:\\\/\\\/unisale.com.br\\\/pastoral\\\/12-08-quem-se-faz-pequeno-como-esta-crianca-este-e-o-maior-do-reino-dos-ceus\\\/\"},\"author\":{\"name\":\"pastoral\",\"@id\":\"https:\\\/\\\/unisale.com.br\\\/pastoral\\\/#\\\/schema\\\/person\\\/a16ba711a0f7dec9cb6b44563144d5a3\"},\"headline\":\"12\\\/08 &#8211; Quem se faz pequeno como esta crian\u00e7a, este \u00e9 o maior do Reino dos C\u00e9us.\",\"datePublished\":\"2025-08-11T19:14:18+00:00\",\"mainEntityOfPage\":{\"@id\":\"https:\\\/\\\/unisale.com.br\\\/pastoral\\\/12-08-quem-se-faz-pequeno-como-esta-crianca-este-e-o-maior-do-reino-dos-ceus\\\/\"},\"wordCount\":575,\"image\":{\"@id\":\"https:\\\/\\\/unisale.com.br\\\/pastoral\\\/12-08-quem-se-faz-pequeno-como-esta-crianca-este-e-o-maior-do-reino-dos-ceus\\\/#primaryimage\"},\"thumbnailUrl\":\"https:\\\/\\\/unisale.com.br\\\/pastoral\\\/wp-content\\\/uploads\\\/2025\\\/08\\\/Naquele-tempo-1os-discipulos-aproximaram-se-de-Jesus-e-perguntaram_-Quem-e-o-maior-no-Reino-dos-Ceus_-2Jesus-chamou-uma-crianca-colocou-a-no-meio-deles-3e-disse_-Em-verdade-vos-digo-se-nao-v.jpg\",\"articleSection\":[\"Reflex\u00e3o do Evangelho\"],\"inLanguage\":\"pt-BR\"},{\"@type\":\"WebPage\",\"@id\":\"https:\\\/\\\/unisale.com.br\\\/pastoral\\\/12-08-quem-se-faz-pequeno-como-esta-crianca-este-e-o-maior-do-reino-dos-ceus\\\/\",\"url\":\"https:\\\/\\\/unisale.com.br\\\/pastoral\\\/12-08-quem-se-faz-pequeno-como-esta-crianca-este-e-o-maior-do-reino-dos-ceus\\\/\",\"name\":\"12\\\/08 - Quem se faz pequeno como esta crian\u00e7a, este \u00e9 o maior do Reino dos C\u00e9us. - Pastoral Universit\u00e1ria UniSALESIANO\",\"isPartOf\":{\"@id\":\"https:\\\/\\\/unisale.com.br\\\/pastoral\\\/#website\"},\"primaryImageOfPage\":{\"@id\":\"https:\\\/\\\/unisale.com.br\\\/pastoral\\\/12-08-quem-se-faz-pequeno-como-esta-crianca-este-e-o-maior-do-reino-dos-ceus\\\/#primaryimage\"},\"image\":{\"@id\":\"https:\\\/\\\/unisale.com.br\\\/pastoral\\\/12-08-quem-se-faz-pequeno-como-esta-crianca-este-e-o-maior-do-reino-dos-ceus\\\/#primaryimage\"},\"thumbnailUrl\":\"https:\\\/\\\/unisale.com.br\\\/pastoral\\\/wp-content\\\/uploads\\\/2025\\\/08\\\/Naquele-tempo-1os-discipulos-aproximaram-se-de-Jesus-e-perguntaram_-Quem-e-o-maior-no-Reino-dos-Ceus_-2Jesus-chamou-uma-crianca-colocou-a-no-meio-deles-3e-disse_-Em-verdade-vos-digo-se-nao-v.jpg\",\"datePublished\":\"2025-08-11T19:14:18+00:00\",\"author\":{\"@id\":\"https:\\\/\\\/unisale.com.br\\\/pastoral\\\/#\\\/schema\\\/person\\\/a16ba711a0f7dec9cb6b44563144d5a3\"},\"inLanguage\":\"pt-BR\",\"potentialAction\":[{\"@type\":\"ReadAction\",\"target\":[\"https:\\\/\\\/unisale.com.br\\\/pastoral\\\/12-08-quem-se-faz-pequeno-como-esta-crianca-este-e-o-maior-do-reino-dos-ceus\\\/\"]}]},{\"@type\":\"ImageObject\",\"inLanguage\":\"pt-BR\",\"@id\":\"https:\\\/\\\/unisale.com.br\\\/pastoral\\\/12-08-quem-se-faz-pequeno-como-esta-crianca-este-e-o-maior-do-reino-dos-ceus\\\/#primaryimage\",\"url\":\"https:\\\/\\\/unisale.com.br\\\/pastoral\\\/wp-content\\\/uploads\\\/2025\\\/08\\\/Naquele-tempo-1os-discipulos-aproximaram-se-de-Jesus-e-perguntaram_-Quem-e-o-maior-no-Reino-dos-Ceus_-2Jesus-chamou-uma-crianca-colocou-a-no-meio-deles-3e-disse_-Em-verdade-vos-digo-se-nao-v.jpg\",\"contentUrl\":\"https:\\\/\\\/unisale.com.br\\\/pastoral\\\/wp-content\\\/uploads\\\/2025\\\/08\\\/Naquele-tempo-1os-discipulos-aproximaram-se-de-Jesus-e-perguntaram_-Quem-e-o-maior-no-Reino-dos-Ceus_-2Jesus-chamou-uma-crianca-colocou-a-no-meio-deles-3e-disse_-Em-verdade-vos-digo-se-nao-v.jpg\",\"width\":500,\"height\":500},{\"@type\":\"WebSite\",\"@id\":\"https:\\\/\\\/unisale.com.br\\\/pastoral\\\/#website\",\"url\":\"https:\\\/\\\/unisale.com.br\\\/pastoral\\\/\",\"name\":\"Pastoral Universit\u00e1ria UniSALESIANO\",\"description\":\"Site da Pastoral Universit\u00e1ria do UniSALESIANO\",\"potentialAction\":[{\"@type\":\"SearchAction\",\"target\":{\"@type\":\"EntryPoint\",\"urlTemplate\":\"https:\\\/\\\/unisale.com.br\\\/pastoral\\\/?s={search_term_string}\"},\"query-input\":{\"@type\":\"PropertyValueSpecification\",\"valueRequired\":true,\"valueName\":\"search_term_string\"}}],\"inLanguage\":\"pt-BR\"},{\"@type\":\"Person\",\"@id\":\"https:\\\/\\\/unisale.com.br\\\/pastoral\\\/#\\\/schema\\\/person\\\/a16ba711a0f7dec9cb6b44563144d5a3\",\"name\":\"pastoral\",\"url\":\"https:\\\/\\\/unisale.com.br\\\/pastoral\\\/author\\\/pastoral\\\/\"}]}<\/script>\n<!-- \/ Yoast SEO plugin. -->","yoast_head_json":{"title":"12\/08 - Quem se faz pequeno como esta crian\u00e7a, este \u00e9 o maior do Reino dos C\u00e9us. - Pastoral Universit\u00e1ria UniSALESIANO","robots":{"index":"index","follow":"follow","max-snippet":"max-snippet:-1","max-image-preview":"max-image-preview:large","max-video-preview":"max-video-preview:-1"},"canonical":"https:\/\/unisale.com.br\/pastoral\/12-08-quem-se-faz-pequeno-como-esta-crianca-este-e-o-maior-do-reino-dos-ceus\/","og_locale":"pt_BR","og_type":"article","og_title":"12\/08 - Quem se faz pequeno como esta crian\u00e7a, este \u00e9 o maior do Reino dos C\u00e9us. - Pastoral Universit\u00e1ria UniSALESIANO","og_description":"Ter\u00e7a-feira, 12 de agosto de 2025. &nbsp; Evangelho (Mt 18,1-5.10.12-14) &nbsp; \u201cQuem se faz pequeno como esta crian\u00e7a, este \u00e9 o maior do Reino dos...","og_url":"https:\/\/unisale.com.br\/pastoral\/12-08-quem-se-faz-pequeno-como-esta-crianca-este-e-o-maior-do-reino-dos-ceus\/","og_site_name":"Pastoral Universit\u00e1ria UniSALESIANO","article_published_time":"2025-08-11T19:14:18+00:00","og_image":[{"width":1120,"height":1120,"url":"https:\/\/unisale.com.br\/pastoral\/wp-content\/uploads\/2025\/08\/Naquele-tempo-1os-discipulos-aproximaram-se-de-Jesus-e-perguntaram_-Quem-e-o-maior-no-Reino-dos-Ceus_-2Jesus-chamou-uma-crianca-colocou-a-no-meio-deles-3e-disse_-Em-verdade-vos-digo-se-nao-v.jpg","type":"image\/jpeg"}],"author":"pastoral","twitter_card":"summary_large_image","twitter_misc":{"Escrito por":"pastoral","Est. tempo de leitura":"4 minutos"},"schema":{"@context":"https:\/\/schema.org","@graph":[{"@type":"Article","@id":"https:\/\/unisale.com.br\/pastoral\/12-08-quem-se-faz-pequeno-como-esta-crianca-este-e-o-maior-do-reino-dos-ceus\/#article","isPartOf":{"@id":"https:\/\/unisale.com.br\/pastoral\/12-08-quem-se-faz-pequeno-como-esta-crianca-este-e-o-maior-do-reino-dos-ceus\/"},"author":{"name":"pastoral","@id":"https:\/\/unisale.com.br\/pastoral\/#\/schema\/person\/a16ba711a0f7dec9cb6b44563144d5a3"},"headline":"12\/08 &#8211; Quem se faz pequeno como esta crian\u00e7a, este \u00e9 o maior do Reino dos C\u00e9us.","datePublished":"2025-08-11T19:14:18+00:00","mainEntityOfPage":{"@id":"https:\/\/unisale.com.br\/pastoral\/12-08-quem-se-faz-pequeno-como-esta-crianca-este-e-o-maior-do-reino-dos-ceus\/"},"wordCount":575,"image":{"@id":"https:\/\/unisale.com.br\/pastoral\/12-08-quem-se-faz-pequeno-como-esta-crianca-este-e-o-maior-do-reino-dos-ceus\/#primaryimage"},"thumbnailUrl":"https:\/\/unisale.com.br\/pastoral\/wp-content\/uploads\/2025\/08\/Naquele-tempo-1os-discipulos-aproximaram-se-de-Jesus-e-perguntaram_-Quem-e-o-maior-no-Reino-dos-Ceus_-2Jesus-chamou-uma-crianca-colocou-a-no-meio-deles-3e-disse_-Em-verdade-vos-digo-se-nao-v.jpg","articleSection":["Reflex\u00e3o do Evangelho"],"inLanguage":"pt-BR"},{"@type":"WebPage","@id":"https:\/\/unisale.com.br\/pastoral\/12-08-quem-se-faz-pequeno-como-esta-crianca-este-e-o-maior-do-reino-dos-ceus\/","url":"https:\/\/unisale.com.br\/pastoral\/12-08-quem-se-faz-pequeno-como-esta-crianca-este-e-o-maior-do-reino-dos-ceus\/","name":"12\/08 - Quem se faz pequeno como esta crian\u00e7a, este \u00e9 o maior do Reino dos C\u00e9us. - Pastoral Universit\u00e1ria UniSALESIANO","isPartOf":{"@id":"https:\/\/unisale.com.br\/pastoral\/#website"},"primaryImageOfPage":{"@id":"https:\/\/unisale.com.br\/pastoral\/12-08-quem-se-faz-pequeno-como-esta-crianca-este-e-o-maior-do-reino-dos-ceus\/#primaryimage"},"image":{"@id":"https:\/\/unisale.com.br\/pastoral\/12-08-quem-se-faz-pequeno-como-esta-crianca-este-e-o-maior-do-reino-dos-ceus\/#primaryimage"},"thumbnailUrl":"https:\/\/unisale.com.br\/pastoral\/wp-content\/uploads\/2025\/08\/Naquele-tempo-1os-discipulos-aproximaram-se-de-Jesus-e-perguntaram_-Quem-e-o-maior-no-Reino-dos-Ceus_-2Jesus-chamou-uma-crianca-colocou-a-no-meio-deles-3e-disse_-Em-verdade-vos-digo-se-nao-v.jpg","datePublished":"2025-08-11T19:14:18+00:00","author":{"@id":"https:\/\/unisale.com.br\/pastoral\/#\/schema\/person\/a16ba711a0f7dec9cb6b44563144d5a3"},"inLanguage":"pt-BR","potentialAction":[{"@type":"ReadAction","target":["https:\/\/unisale.com.br\/pastoral\/12-08-quem-se-faz-pequeno-como-esta-crianca-este-e-o-maior-do-reino-dos-ceus\/"]}]},{"@type":"ImageObject","inLanguage":"pt-BR","@id":"https:\/\/unisale.com.br\/pastoral\/12-08-quem-se-faz-pequeno-como-esta-crianca-este-e-o-maior-do-reino-dos-ceus\/#primaryimage","url":"https:\/\/unisale.com.br\/pastoral\/wp-content\/uploads\/2025\/08\/Naquele-tempo-1os-discipulos-aproximaram-se-de-Jesus-e-perguntaram_-Quem-e-o-maior-no-Reino-dos-Ceus_-2Jesus-chamou-uma-crianca-colocou-a-no-meio-deles-3e-disse_-Em-verdade-vos-digo-se-nao-v.jpg","contentUrl":"https:\/\/unisale.com.br\/pastoral\/wp-content\/uploads\/2025\/08\/Naquele-tempo-1os-discipulos-aproximaram-se-de-Jesus-e-perguntaram_-Quem-e-o-maior-no-Reino-dos-Ceus_-2Jesus-chamou-uma-crianca-colocou-a-no-meio-deles-3e-disse_-Em-verdade-vos-digo-se-nao-v.jpg","width":500,"height":500},{"@type":"WebSite","@id":"https:\/\/unisale.com.br\/pastoral\/#website","url":"https:\/\/unisale.com.br\/pastoral\/","name":"Pastoral Universit\u00e1ria UniSALESIANO","description":"Site da Pastoral Universit\u00e1ria do UniSALESIANO","potentialAction":[{"@type":"SearchAction","target":{"@type":"EntryPoint","urlTemplate":"https:\/\/unisale.com.br\/pastoral\/?s={search_term_string}"},"query-input":{"@type":"PropertyValueSpecification","valueRequired":true,"valueName":"search_term_string"}}],"inLanguage":"pt-BR"},{"@type":"Person","@id":"https:\/\/unisale.com.br\/pastoral\/#\/schema\/person\/a16ba711a0f7dec9cb6b44563144d5a3","name":"pastoral","url":"https:\/\/unisale.com.br\/pastoral\/author\/pastoral\/"}]}},"_links":{"self":[{"href":"https:\/\/unisale.com.br\/pastoral\/wp-json\/wp\/v2\/posts\/12855","targetHints":{"allow":["GET"]}}],"collection":[{"href":"https:\/\/unisale.com.br\/pastoral\/wp-json\/wp\/v2\/posts"}],"about":[{"href":"https:\/\/unisale.com.br\/pastoral\/wp-json\/wp\/v2\/types\/post"}],"author":[{"embeddable":true,"href":"https:\/\/unisale.com.br\/pastoral\/wp-json\/wp\/v2\/users\/1"}],"replies":[{"embeddable":true,"href":"https:\/\/unisale.com.br\/pastoral\/wp-json\/wp\/v2\/comments?post=12855"}],"version-history":[{"count":1,"href":"https:\/\/unisale.com.br\/pastoral\/wp-json\/wp\/v2\/posts\/12855\/revisions"}],"predecessor-version":[{"id":12857,"href":"https:\/\/unisale.com.br\/pastoral\/wp-json\/wp\/v2\/posts\/12855\/revisions\/12857"}],"wp:featuredmedia":[{"embeddable":true,"href":"https:\/\/unisale.com.br\/pastoral\/wp-json\/wp\/v2\/media\/12856"}],"wp:attachment":[{"href":"https:\/\/unisale.com.br\/pastoral\/wp-json\/wp\/v2\/media?parent=12855"}],"wp:term":[{"taxonomy":"category","embeddable":true,"href":"https:\/\/unisale.com.br\/pastoral\/wp-json\/wp\/v2\/categories?post=12855"},{"taxonomy":"post_tag","embeddable":true,"href":"https:\/\/unisale.com.br\/pastoral\/wp-json\/wp\/v2\/tags?post=12855"}],"curies":[{"name":"wp","href":"https:\/\/api.w.org\/{rel}","templated":true}]}}