{"id":12871,"date":"2025-08-12T14:42:38","date_gmt":"2025-08-12T14:42:38","guid":{"rendered":"https:\/\/unisale.com.br\/pastoral\/?p=12871"},"modified":"2025-08-12T14:42:38","modified_gmt":"2025-08-12T14:42:38","slug":"a-delegacao-de-aracatuba-seguiu-unida-em-um-onibus-organizado-para-este-evento","status":"publish","type":"post","link":"https:\/\/unisale.com.br\/pastoral\/a-delegacao-de-aracatuba-seguiu-unida-em-um-onibus-organizado-para-este-evento\/","title":{"rendered":"A delega\u00e7\u00e3o de Ara\u00e7atuba seguiu unida em um \u00f4nibus organizado para este evento"},"content":{"rendered":"<p>Entre os dias 19 e 21 de junho, 50 colaboradores do UniSALESIANO, da Capela S\u00e3o Domingos S\u00e1vio, do Col\u00e9gio Salesiano \u201cDom Luiz Lasagna\u201d, da Zatti Sa\u00fade e da Par\u00f3quia Santa Clara e S\u00e3o Francisco, participaram do\u00a0<strong>Congresso Salesiano de Educadores 2025<\/strong>, realizado no Col\u00e9gio Dom Bosco, em Campo Grande (MS).<\/p>\n<p>A delega\u00e7\u00e3o de Ara\u00e7atuba seguiu unida em um \u00f4nibus organizado para este evento. A programa\u00e7\u00e3o come\u00e7ou na noite do dia 18, com uma acolhida espiritual na Igreja Universit\u00e1ria de Ara\u00e7atuba, promovendo integra\u00e7\u00e3o e prepara\u00e7\u00e3o para os dias de congresso.<\/p>\n<p>Com o tema<strong>\u00a0\u201cA educa\u00e7\u00e3o salesiana na gera\u00e7\u00e3o de l\u00edderes competentes\u201d<\/strong>, o evento reuniu educadores, gestores e colaboradores de v\u00e1rias obras salesianas da Inspetoria Santo Afonso Maria de\u00a0<em>Lig\u00f3rio,<\/em>\u00a0com o objetivo de refletir sobre o papel da miss\u00e3o educativa de Dom Bosco na forma\u00e7\u00e3o de protagonistas a servi\u00e7o dos jovens.<\/p>\n<p>A abertura oficial aconteceu na noite do feriado de Corpus Christi (19), com missa na capela do col\u00e9gio, seguida de apresenta\u00e7\u00e3o cultural do grupo Psalmus e jantar de confraterniza\u00e7\u00e3o. Ao longo dos tr\u00eas dias, os participantes vivenciaram momentos marcantes de espiritualidade, forma\u00e7\u00e3o, arte e conviv\u00eancia fraterna.<\/p>\n<p>A sexta-feira (20) foi dedicada a conte\u00fados formativos de alto impacto. Um dos destaques foi a palestra de Rodrigo Pimentel, ex-capit\u00e3o do BOPE e roteirista do filme \u201cTropa de Elite\u201d, que falou sobre lideran\u00e7a e constru\u00e7\u00e3o de equipes. Na sequ\u00eancia, o professor Doutor Anderson de Alencar Menezes abordou os desafios atuais da pastoral juvenil, e o padre Leandro Brum discutiu o valor do Sistema Preventivo de Dom Bosco no mercado educacional.<\/p>\n<p><strong>SA\u00daDE MENTAL<\/strong><\/p>\n<p>Durante a tarde, uma mesa-redonda sobre sa\u00fade mental e bem-estar emocional reuniu o\u00a0<strong>Pe. Erondi Tamandar\u00e9<\/strong>, a\u00a0<strong>Dra. Regina Poss<\/strong>ari, o\u00a0<strong>Prof. M\u00e1rcio Costa e a Dra. Mirella Martins Justi<\/strong>, Coordenadora do Curso de Psicologia do UniSALESIANO. O dia foi encerrado com missa e um animado show de Samba Pop.<\/p>\n<p>No s\u00e1bado (21), o encerramento foi conduzido pelo ator e empres\u00e1rio\u00a0<strong>Felipe Titto<\/strong>, que falou sobre o papel essencial do educador no corpo institucional, com uma palestra que uniu motiva\u00e7\u00e3o, engajamento social e valoriza\u00e7\u00e3o da miss\u00e3o docente. A manh\u00e3 finalizou com a missa de envio e um almo\u00e7o de confraterniza\u00e7\u00e3o.<\/p>\n<p>Presente no congresso, o\u00a0<strong>Reitor do UniSALESIANO e Diretor-Geral dos Salesianos em Ara\u00e7atuba, Pe. Paulo Vendrame,<\/strong>\u00a0destacou a import\u00e2ncia da experi\u00eancia para todos os envolvidos. \u201cA educa\u00e7\u00e3o salesiana n\u00e3o forma apenas profissionais competentes, mas l\u00edderes com cora\u00e7\u00e3o, capazes de transformar a vida de tantos jovens e da sociedade. \u00c9 emocionante ver os educadores unidos neste mesmo ideal: promover o bem, inspirados pelo carisma de Dom Bosco. Vivemos o ano da esperan\u00e7a, e esse congresso foi um verdadeiro testemunho de que a esperan\u00e7a nasce da indigna\u00e7\u00e3o e se concretiza em atitudes concretas a servi\u00e7o da vida\u201d.<\/p>\n<p>&nbsp;<\/p>\n\n\t\t<style type=\"text\/css\">\n\t\t\t#gallery-1 {\n\t\t\t\tmargin: auto;\n\t\t\t}\n\t\t\t#gallery-1 .gallery-item {\n\t\t\t\tfloat: left;\n\t\t\t\tmargin-top: 10px;\n\t\t\t\ttext-align: center;\n\t\t\t\twidth: 33%;\n\t\t\t}\n\t\t\t#gallery-1 img {\n\t\t\t\tborder: 2px solid #cfcfcf;\n\t\t\t}\n\t\t\t#gallery-1 .gallery-caption {\n\t\t\t\tmargin-left: 0;\n\t\t\t}\n\t\t\t\/* see gallery_shortcode() in wp-includes\/media.php *\/\n\t\t<\/style>\n\t\t<div id='gallery-1' class='gallery galleryid-12871 gallery-columns-3 gallery-size-thumbnail'><dl class='gallery-item'>\n\t\t\t<dt class='gallery-icon portrait'>\n\t\t\t\t<a href='https:\/\/unisale.com.br\/pastoral\/?attachment_id=12870'><img decoding=\"async\" width=\"150\" height=\"150\" src=\"https:\/\/unisale.com.br\/pastoral\/wp-content\/uploads\/2025\/08\/IMG_1896-768x1024-1-150x150.jpg\" class=\"attachment-thumbnail size-thumbnail\" alt=\"\" \/><\/a>\n\t\t\t<\/dt><\/dl><dl class='gallery-item'>\n\t\t\t<dt class='gallery-icon portrait'>\n\t\t\t\t<a href='https:\/\/unisale.com.br\/pastoral\/?attachment_id=12869'><img decoding=\"async\" width=\"150\" height=\"150\" src=\"https:\/\/unisale.com.br\/pastoral\/wp-content\/uploads\/2025\/08\/Abertura-Congresso-84-768x1024-1-150x150.jpg\" class=\"attachment-thumbnail size-thumbnail\" alt=\"\" \/><\/a>\n\t\t\t<\/dt><\/dl><dl class='gallery-item'>\n\t\t\t<dt class='gallery-icon landscape'>\n\t\t\t\t<a href='https:\/\/unisale.com.br\/pastoral\/?attachment_id=12868'><img decoding=\"async\" width=\"150\" height=\"150\" src=\"https:\/\/unisale.com.br\/pastoral\/wp-content\/uploads\/2025\/08\/WhatsApp-Image-2025-06-19-at-16.01.57-1-1024x768-1-150x150.jpeg\" class=\"attachment-thumbnail size-thumbnail\" alt=\"\" \/><\/a>\n\t\t\t<\/dt><\/dl><br style=\"clear: both\" \/><dl class='gallery-item'>\n\t\t\t<dt class='gallery-icon landscape'>\n\t\t\t\t<a href='https:\/\/unisale.com.br\/pastoral\/?attachment_id=12867'><img loading=\"lazy\" decoding=\"async\" width=\"150\" height=\"150\" src=\"https:\/\/unisale.com.br\/pastoral\/wp-content\/uploads\/2025\/08\/WhatsApp-Image-2025-06-19-at-16.03.27-1024x768-1-150x150.jpeg\" class=\"attachment-thumbnail size-thumbnail\" alt=\"\" \/><\/a>\n\t\t\t<\/dt><\/dl><dl class='gallery-item'>\n\t\t\t<dt class='gallery-icon landscape'>\n\t\t\t\t<a href='https:\/\/unisale.com.br\/pastoral\/?attachment_id=12866'><img loading=\"lazy\" decoding=\"async\" width=\"150\" height=\"150\" src=\"https:\/\/unisale.com.br\/pastoral\/wp-content\/uploads\/2025\/08\/WhatsApp-Image-2025-06-19-at-16.03.24-1024x768-1-150x150.jpeg\" class=\"attachment-thumbnail size-thumbnail\" alt=\"\" \/><\/a>\n\t\t\t<\/dt><\/dl><dl class='gallery-item'>\n\t\t\t<dt class='gallery-icon landscape'>\n\t\t\t\t<a href='https:\/\/unisale.com.br\/pastoral\/?attachment_id=12864'><img loading=\"lazy\" decoding=\"async\" width=\"150\" height=\"150\" src=\"https:\/\/unisale.com.br\/pastoral\/wp-content\/uploads\/2025\/08\/IMG_1750-1024x768-1-150x150.jpg\" class=\"attachment-thumbnail size-thumbnail\" alt=\"\" \/><\/a>\n\t\t\t<\/dt><\/dl><br style=\"clear: both\" \/><dl class='gallery-item'>\n\t\t\t<dt class='gallery-icon landscape'>\n\t\t\t\t<a href='https:\/\/unisale.com.br\/pastoral\/?attachment_id=12862'><img loading=\"lazy\" decoding=\"async\" width=\"150\" height=\"150\" src=\"https:\/\/unisale.com.br\/pastoral\/wp-content\/uploads\/2025\/08\/IMG_1789-1024x768-1-150x150.jpg\" class=\"attachment-thumbnail size-thumbnail\" alt=\"\" \/><\/a>\n\t\t\t<\/dt><\/dl><dl class='gallery-item'>\n\t\t\t<dt class='gallery-icon landscape'>\n\t\t\t\t<a href='https:\/\/unisale.com.br\/pastoral\/?attachment_id=12863'><img loading=\"lazy\" decoding=\"async\" width=\"150\" height=\"150\" src=\"https:\/\/unisale.com.br\/pastoral\/wp-content\/uploads\/2025\/08\/IMG_1781-1024x576-1-150x150.jpg\" class=\"attachment-thumbnail size-thumbnail\" alt=\"\" \/><\/a>\n\t\t\t<\/dt><\/dl><dl class='gallery-item'>\n\t\t\t<dt class='gallery-icon landscape'>\n\t\t\t\t<a href='https:\/\/unisale.com.br\/pastoral\/?attachment_id=12861'><img loading=\"lazy\" decoding=\"async\" width=\"150\" height=\"150\" src=\"https:\/\/unisale.com.br\/pastoral\/wp-content\/uploads\/2025\/08\/IMG_1826-1024x576-1-150x150.jpg\" class=\"attachment-thumbnail size-thumbnail\" alt=\"\" \/><\/a>\n\t\t\t<\/dt><\/dl><br style=\"clear: both\" \/><dl class='gallery-item'>\n\t\t\t<dt class='gallery-icon landscape'>\n\t\t\t\t<a href='https:\/\/unisale.com.br\/pastoral\/?attachment_id=12860'><img loading=\"lazy\" decoding=\"async\" width=\"150\" height=\"150\" src=\"https:\/\/unisale.com.br\/pastoral\/wp-content\/uploads\/2025\/08\/IMG_1853-1024x768-1-150x150.jpg\" class=\"attachment-thumbnail size-thumbnail\" alt=\"\" \/><\/a>\n\t\t\t<\/dt><\/dl><dl class='gallery-item'>\n\t\t\t<dt class='gallery-icon portrait'>\n\t\t\t\t<a href='https:\/\/unisale.com.br\/pastoral\/?attachment_id=12859'><img loading=\"lazy\" decoding=\"async\" width=\"150\" height=\"150\" src=\"https:\/\/unisale.com.br\/pastoral\/wp-content\/uploads\/2025\/08\/IMG_1857-768x1024-1-150x150.jpg\" class=\"attachment-thumbnail size-thumbnail\" alt=\"\" \/><\/a>\n\t\t\t<\/dt><\/dl>\n\t\t\t<br style='clear: both' \/>\n\t\t<\/div>\n\n","protected":false},"excerpt":{"rendered":"<p>Entre os dias 19 e 21 de junho, 50 colaboradores do UniSALESIANO, da Capela S\u00e3o Domingos S\u00e1vio, do Col\u00e9gio Salesiano \u201cDom Luiz Lasagna\u201d, da Zatti&#8230;<\/p>\n","protected":false},"author":1,"featured_media":12865,"comment_status":"closed","ping_status":"closed","sticky":false,"template":"","format":"standard","meta":{"_acf_changed":false,"footnotes":""},"categories":[3],"tags":[],"class_list":["post-12871","post","type-post","status-publish","format-standard","has-post-thumbnail","hentry","category-not"],"acf":[],"yoast_head":"<!-- This site is optimized with the Yoast SEO plugin v27.3 - https:\/\/yoast.com\/product\/yoast-seo-wordpress\/ -->\n<title>A delega\u00e7\u00e3o de Ara\u00e7atuba seguiu unida em um \u00f4nibus organizado para este evento - Pastoral Universit\u00e1ria UniSALESIANO<\/title>\n<meta name=\"robots\" content=\"index, follow, max-snippet:-1, max-image-preview:large, max-video-preview:-1\" \/>\n<link rel=\"canonical\" href=\"https:\/\/unisale.com.br\/pastoral\/a-delegacao-de-aracatuba-seguiu-unida-em-um-onibus-organizado-para-este-evento\/\" \/>\n<meta property=\"og:locale\" content=\"pt_BR\" \/>\n<meta property=\"og:type\" content=\"article\" \/>\n<meta property=\"og:title\" content=\"A delega\u00e7\u00e3o de Ara\u00e7atuba seguiu unida em um \u00f4nibus organizado para este evento - Pastoral Universit\u00e1ria UniSALESIANO\" \/>\n<meta property=\"og:description\" content=\"Entre os dias 19 e 21 de junho, 50 colaboradores do UniSALESIANO, da Capela S\u00e3o Domingos S\u00e1vio, do Col\u00e9gio Salesiano \u201cDom Luiz Lasagna\u201d, da Zatti...\" \/>\n<meta property=\"og:url\" content=\"https:\/\/unisale.com.br\/pastoral\/a-delegacao-de-aracatuba-seguiu-unida-em-um-onibus-organizado-para-este-evento\/\" \/>\n<meta property=\"og:site_name\" content=\"Pastoral Universit\u00e1ria UniSALESIANO\" \/>\n<meta property=\"article:published_time\" content=\"2025-08-12T14:42:38+00:00\" \/>\n<meta property=\"og:image\" content=\"https:\/\/unisale.com.br\/pastoral\/wp-content\/uploads\/2025\/08\/WhatsApp-Image-2025-06-18-at-23.58.44-1-768x523-1.jpeg\" \/>\n\t<meta property=\"og:image:width\" content=\"768\" \/>\n\t<meta property=\"og:image:height\" content=\"523\" \/>\n\t<meta property=\"og:image:type\" content=\"image\/jpeg\" \/>\n<meta name=\"author\" content=\"pastoral\" \/>\n<meta name=\"twitter:card\" content=\"summary_large_image\" \/>\n<meta name=\"twitter:label1\" content=\"Escrito por\" \/>\n\t<meta name=\"twitter:data1\" content=\"pastoral\" \/>\n\t<meta name=\"twitter:label2\" content=\"Est. tempo de leitura\" \/>\n\t<meta name=\"twitter:data2\" content=\"3 minutos\" \/>\n<script type=\"application\/ld+json\" class=\"yoast-schema-graph\">{\"@context\":\"https:\\\/\\\/schema.org\",\"@graph\":[{\"@type\":\"Article\",\"@id\":\"https:\\\/\\\/unisale.com.br\\\/pastoral\\\/a-delegacao-de-aracatuba-seguiu-unida-em-um-onibus-organizado-para-este-evento\\\/#article\",\"isPartOf\":{\"@id\":\"https:\\\/\\\/unisale.com.br\\\/pastoral\\\/a-delegacao-de-aracatuba-seguiu-unida-em-um-onibus-organizado-para-este-evento\\\/\"},\"author\":{\"name\":\"pastoral\",\"@id\":\"https:\\\/\\\/unisale.com.br\\\/pastoral\\\/#\\\/schema\\\/person\\\/a16ba711a0f7dec9cb6b44563144d5a3\"},\"headline\":\"A delega\u00e7\u00e3o de Ara\u00e7atuba seguiu unida em um \u00f4nibus organizado para este evento\",\"datePublished\":\"2025-08-12T14:42:38+00:00\",\"mainEntityOfPage\":{\"@id\":\"https:\\\/\\\/unisale.com.br\\\/pastoral\\\/a-delegacao-de-aracatuba-seguiu-unida-em-um-onibus-organizado-para-este-evento\\\/\"},\"wordCount\":518,\"image\":{\"@id\":\"https:\\\/\\\/unisale.com.br\\\/pastoral\\\/a-delegacao-de-aracatuba-seguiu-unida-em-um-onibus-organizado-para-este-evento\\\/#primaryimage\"},\"thumbnailUrl\":\"https:\\\/\\\/unisale.com.br\\\/pastoral\\\/wp-content\\\/uploads\\\/2025\\\/08\\\/WhatsApp-Image-2025-06-18-at-23.58.44-1-768x523-1.jpeg\",\"articleSection\":[\"Not\u00edcias\"],\"inLanguage\":\"pt-BR\"},{\"@type\":\"WebPage\",\"@id\":\"https:\\\/\\\/unisale.com.br\\\/pastoral\\\/a-delegacao-de-aracatuba-seguiu-unida-em-um-onibus-organizado-para-este-evento\\\/\",\"url\":\"https:\\\/\\\/unisale.com.br\\\/pastoral\\\/a-delegacao-de-aracatuba-seguiu-unida-em-um-onibus-organizado-para-este-evento\\\/\",\"name\":\"A delega\u00e7\u00e3o de Ara\u00e7atuba seguiu unida em um \u00f4nibus organizado para este evento - Pastoral Universit\u00e1ria UniSALESIANO\",\"isPartOf\":{\"@id\":\"https:\\\/\\\/unisale.com.br\\\/pastoral\\\/#website\"},\"primaryImageOfPage\":{\"@id\":\"https:\\\/\\\/unisale.com.br\\\/pastoral\\\/a-delegacao-de-aracatuba-seguiu-unida-em-um-onibus-organizado-para-este-evento\\\/#primaryimage\"},\"image\":{\"@id\":\"https:\\\/\\\/unisale.com.br\\\/pastoral\\\/a-delegacao-de-aracatuba-seguiu-unida-em-um-onibus-organizado-para-este-evento\\\/#primaryimage\"},\"thumbnailUrl\":\"https:\\\/\\\/unisale.com.br\\\/pastoral\\\/wp-content\\\/uploads\\\/2025\\\/08\\\/WhatsApp-Image-2025-06-18-at-23.58.44-1-768x523-1.jpeg\",\"datePublished\":\"2025-08-12T14:42:38+00:00\",\"author\":{\"@id\":\"https:\\\/\\\/unisale.com.br\\\/pastoral\\\/#\\\/schema\\\/person\\\/a16ba711a0f7dec9cb6b44563144d5a3\"},\"inLanguage\":\"pt-BR\",\"potentialAction\":[{\"@type\":\"ReadAction\",\"target\":[\"https:\\\/\\\/unisale.com.br\\\/pastoral\\\/a-delegacao-de-aracatuba-seguiu-unida-em-um-onibus-organizado-para-este-evento\\\/\"]}]},{\"@type\":\"ImageObject\",\"inLanguage\":\"pt-BR\",\"@id\":\"https:\\\/\\\/unisale.com.br\\\/pastoral\\\/a-delegacao-de-aracatuba-seguiu-unida-em-um-onibus-organizado-para-este-evento\\\/#primaryimage\",\"url\":\"https:\\\/\\\/unisale.com.br\\\/pastoral\\\/wp-content\\\/uploads\\\/2025\\\/08\\\/WhatsApp-Image-2025-06-18-at-23.58.44-1-768x523-1.jpeg\",\"contentUrl\":\"https:\\\/\\\/unisale.com.br\\\/pastoral\\\/wp-content\\\/uploads\\\/2025\\\/08\\\/WhatsApp-Image-2025-06-18-at-23.58.44-1-768x523-1.jpeg\",\"width\":734,\"height\":500},{\"@type\":\"WebSite\",\"@id\":\"https:\\\/\\\/unisale.com.br\\\/pastoral\\\/#website\",\"url\":\"https:\\\/\\\/unisale.com.br\\\/pastoral\\\/\",\"name\":\"Pastoral Universit\u00e1ria UniSALESIANO\",\"description\":\"Site da Pastoral Universit\u00e1ria do UniSALESIANO\",\"potentialAction\":[{\"@type\":\"SearchAction\",\"target\":{\"@type\":\"EntryPoint\",\"urlTemplate\":\"https:\\\/\\\/unisale.com.br\\\/pastoral\\\/?s={search_term_string}\"},\"query-input\":{\"@type\":\"PropertyValueSpecification\",\"valueRequired\":true,\"valueName\":\"search_term_string\"}}],\"inLanguage\":\"pt-BR\"},{\"@type\":\"Person\",\"@id\":\"https:\\\/\\\/unisale.com.br\\\/pastoral\\\/#\\\/schema\\\/person\\\/a16ba711a0f7dec9cb6b44563144d5a3\",\"name\":\"pastoral\",\"url\":\"https:\\\/\\\/unisale.com.br\\\/pastoral\\\/author\\\/pastoral\\\/\"}]}<\/script>\n<!-- \/ Yoast SEO plugin. -->","yoast_head_json":{"title":"A delega\u00e7\u00e3o de Ara\u00e7atuba seguiu unida em um \u00f4nibus organizado para este evento - Pastoral Universit\u00e1ria UniSALESIANO","robots":{"index":"index","follow":"follow","max-snippet":"max-snippet:-1","max-image-preview":"max-image-preview:large","max-video-preview":"max-video-preview:-1"},"canonical":"https:\/\/unisale.com.br\/pastoral\/a-delegacao-de-aracatuba-seguiu-unida-em-um-onibus-organizado-para-este-evento\/","og_locale":"pt_BR","og_type":"article","og_title":"A delega\u00e7\u00e3o de Ara\u00e7atuba seguiu unida em um \u00f4nibus organizado para este evento - Pastoral Universit\u00e1ria UniSALESIANO","og_description":"Entre os dias 19 e 21 de junho, 50 colaboradores do UniSALESIANO, da Capela S\u00e3o Domingos S\u00e1vio, do Col\u00e9gio Salesiano \u201cDom Luiz Lasagna\u201d, da Zatti...","og_url":"https:\/\/unisale.com.br\/pastoral\/a-delegacao-de-aracatuba-seguiu-unida-em-um-onibus-organizado-para-este-evento\/","og_site_name":"Pastoral Universit\u00e1ria UniSALESIANO","article_published_time":"2025-08-12T14:42:38+00:00","og_image":[{"width":768,"height":523,"url":"https:\/\/unisale.com.br\/pastoral\/wp-content\/uploads\/2025\/08\/WhatsApp-Image-2025-06-18-at-23.58.44-1-768x523-1.jpeg","type":"image\/jpeg"}],"author":"pastoral","twitter_card":"summary_large_image","twitter_misc":{"Escrito por":"pastoral","Est. tempo de leitura":"3 minutos"},"schema":{"@context":"https:\/\/schema.org","@graph":[{"@type":"Article","@id":"https:\/\/unisale.com.br\/pastoral\/a-delegacao-de-aracatuba-seguiu-unida-em-um-onibus-organizado-para-este-evento\/#article","isPartOf":{"@id":"https:\/\/unisale.com.br\/pastoral\/a-delegacao-de-aracatuba-seguiu-unida-em-um-onibus-organizado-para-este-evento\/"},"author":{"name":"pastoral","@id":"https:\/\/unisale.com.br\/pastoral\/#\/schema\/person\/a16ba711a0f7dec9cb6b44563144d5a3"},"headline":"A delega\u00e7\u00e3o de Ara\u00e7atuba seguiu unida em um \u00f4nibus organizado para este evento","datePublished":"2025-08-12T14:42:38+00:00","mainEntityOfPage":{"@id":"https:\/\/unisale.com.br\/pastoral\/a-delegacao-de-aracatuba-seguiu-unida-em-um-onibus-organizado-para-este-evento\/"},"wordCount":518,"image":{"@id":"https:\/\/unisale.com.br\/pastoral\/a-delegacao-de-aracatuba-seguiu-unida-em-um-onibus-organizado-para-este-evento\/#primaryimage"},"thumbnailUrl":"https:\/\/unisale.com.br\/pastoral\/wp-content\/uploads\/2025\/08\/WhatsApp-Image-2025-06-18-at-23.58.44-1-768x523-1.jpeg","articleSection":["Not\u00edcias"],"inLanguage":"pt-BR"},{"@type":"WebPage","@id":"https:\/\/unisale.com.br\/pastoral\/a-delegacao-de-aracatuba-seguiu-unida-em-um-onibus-organizado-para-este-evento\/","url":"https:\/\/unisale.com.br\/pastoral\/a-delegacao-de-aracatuba-seguiu-unida-em-um-onibus-organizado-para-este-evento\/","name":"A delega\u00e7\u00e3o de Ara\u00e7atuba seguiu unida em um \u00f4nibus organizado para este evento - Pastoral Universit\u00e1ria UniSALESIANO","isPartOf":{"@id":"https:\/\/unisale.com.br\/pastoral\/#website"},"primaryImageOfPage":{"@id":"https:\/\/unisale.com.br\/pastoral\/a-delegacao-de-aracatuba-seguiu-unida-em-um-onibus-organizado-para-este-evento\/#primaryimage"},"image":{"@id":"https:\/\/unisale.com.br\/pastoral\/a-delegacao-de-aracatuba-seguiu-unida-em-um-onibus-organizado-para-este-evento\/#primaryimage"},"thumbnailUrl":"https:\/\/unisale.com.br\/pastoral\/wp-content\/uploads\/2025\/08\/WhatsApp-Image-2025-06-18-at-23.58.44-1-768x523-1.jpeg","datePublished":"2025-08-12T14:42:38+00:00","author":{"@id":"https:\/\/unisale.com.br\/pastoral\/#\/schema\/person\/a16ba711a0f7dec9cb6b44563144d5a3"},"inLanguage":"pt-BR","potentialAction":[{"@type":"ReadAction","target":["https:\/\/unisale.com.br\/pastoral\/a-delegacao-de-aracatuba-seguiu-unida-em-um-onibus-organizado-para-este-evento\/"]}]},{"@type":"ImageObject","inLanguage":"pt-BR","@id":"https:\/\/unisale.com.br\/pastoral\/a-delegacao-de-aracatuba-seguiu-unida-em-um-onibus-organizado-para-este-evento\/#primaryimage","url":"https:\/\/unisale.com.br\/pastoral\/wp-content\/uploads\/2025\/08\/WhatsApp-Image-2025-06-18-at-23.58.44-1-768x523-1.jpeg","contentUrl":"https:\/\/unisale.com.br\/pastoral\/wp-content\/uploads\/2025\/08\/WhatsApp-Image-2025-06-18-at-23.58.44-1-768x523-1.jpeg","width":734,"height":500},{"@type":"WebSite","@id":"https:\/\/unisale.com.br\/pastoral\/#website","url":"https:\/\/unisale.com.br\/pastoral\/","name":"Pastoral Universit\u00e1ria UniSALESIANO","description":"Site da Pastoral Universit\u00e1ria do UniSALESIANO","potentialAction":[{"@type":"SearchAction","target":{"@type":"EntryPoint","urlTemplate":"https:\/\/unisale.com.br\/pastoral\/?s={search_term_string}"},"query-input":{"@type":"PropertyValueSpecification","valueRequired":true,"valueName":"search_term_string"}}],"inLanguage":"pt-BR"},{"@type":"Person","@id":"https:\/\/unisale.com.br\/pastoral\/#\/schema\/person\/a16ba711a0f7dec9cb6b44563144d5a3","name":"pastoral","url":"https:\/\/unisale.com.br\/pastoral\/author\/pastoral\/"}]}},"_links":{"self":[{"href":"https:\/\/unisale.com.br\/pastoral\/wp-json\/wp\/v2\/posts\/12871","targetHints":{"allow":["GET"]}}],"collection":[{"href":"https:\/\/unisale.com.br\/pastoral\/wp-json\/wp\/v2\/posts"}],"about":[{"href":"https:\/\/unisale.com.br\/pastoral\/wp-json\/wp\/v2\/types\/post"}],"author":[{"embeddable":true,"href":"https:\/\/unisale.com.br\/pastoral\/wp-json\/wp\/v2\/users\/1"}],"replies":[{"embeddable":true,"href":"https:\/\/unisale.com.br\/pastoral\/wp-json\/wp\/v2\/comments?post=12871"}],"version-history":[{"count":1,"href":"https:\/\/unisale.com.br\/pastoral\/wp-json\/wp\/v2\/posts\/12871\/revisions"}],"predecessor-version":[{"id":12872,"href":"https:\/\/unisale.com.br\/pastoral\/wp-json\/wp\/v2\/posts\/12871\/revisions\/12872"}],"wp:featuredmedia":[{"embeddable":true,"href":"https:\/\/unisale.com.br\/pastoral\/wp-json\/wp\/v2\/media\/12865"}],"wp:attachment":[{"href":"https:\/\/unisale.com.br\/pastoral\/wp-json\/wp\/v2\/media?parent=12871"}],"wp:term":[{"taxonomy":"category","embeddable":true,"href":"https:\/\/unisale.com.br\/pastoral\/wp-json\/wp\/v2\/categories?post=12871"},{"taxonomy":"post_tag","embeddable":true,"href":"https:\/\/unisale.com.br\/pastoral\/wp-json\/wp\/v2\/tags?post=12871"}],"curies":[{"name":"wp","href":"https:\/\/api.w.org\/{rel}","templated":true}]}}