{"id":12873,"date":"2025-08-12T16:41:52","date_gmt":"2025-08-12T16:41:52","guid":{"rendered":"https:\/\/unisale.com.br\/pastoral\/?p=12873"},"modified":"2025-08-12T16:41:52","modified_gmt":"2025-08-12T16:41:52","slug":"unisalesiano-inicia-2o-semestre-com-reuniao-marcada-por-reflexao-sobre-educacao-e-tecnologia","status":"publish","type":"post","link":"https:\/\/unisale.com.br\/pastoral\/unisalesiano-inicia-2o-semestre-com-reuniao-marcada-por-reflexao-sobre-educacao-e-tecnologia\/","title":{"rendered":"UniSALESIANO inicia 2\u00ba semestre com reuni\u00e3o marcada por reflex\u00e3o sobre educa\u00e7\u00e3o e tecnologia"},"content":{"rendered":"<p>O Audit\u00f3rio Papa Francisco, no UniSALESIANO, ficou lotado na manh\u00e3 do dia 2 de agosto para a\u00a0<strong>Reuni\u00e3o Plen\u00e1ria<\/strong>\u00a0de encerramento da Semana Pedag\u00f3gica do segundo semestre de 2025. O evento contou com a presen\u00e7a de docentes, coordenadores, tutores, orientadores e representantes discentes dos campi de Ara\u00e7atuba e Lins, al\u00e9m da participa\u00e7\u00e3o especial do\u00a0<strong>Prof. Dr. Pe. Gild\u00e1sio Mendes dos Santos, SDB<\/strong>, que ministrou uma palestra sobre os desafios e as possibilidades de educar com valores salesianos, em tempos de intelig\u00eancia artificial.<\/p>\n<p>O encontro teve in\u00edcio com um momento de ora\u00e7\u00e3o, conduzido pelo\u00a0<strong>Pr\u00f3-Reitor de Pastoral, Pe. Paulo J\u00e1como, SD<\/strong>B, que destacou: \u201cN\u00f3s temos esperan\u00e7a que esse segundo semestre ser\u00e1 intenso, mas acima de tudo um semestre bastante formativo, cheio de experi\u00eancias para todos n\u00f3s.\u201d<\/p>\n<p>Em seguida, o\u00a0<strong>Reitor do UniSALESIANO, Pe. Paulo Vendrame, SDB,<\/strong>\u00a0deu as boas-vindas aos presentes e expressou sua emo\u00e7\u00e3o ao ver o audit\u00f3rio repleto ap\u00f3s o recesso de julho:<\/p>\n<p>\u201cQuero, de maneira muito especial, acolher em nosso meio o nosso querido irm\u00e3o, Pe. Gild\u00e1sio Mendes, que por um per\u00edodo de seis anos, foi nosso inspetor e chanceler. Estamos todos de parab\u00e9ns pelas avalia\u00e7\u00f5es dos cursos de gradua\u00e7\u00e3o, pois a compet\u00eancia de cada um no trabalho educativo \u00e9 o maior sinal de esperan\u00e7a para a nossa institui\u00e7\u00e3o e para a sociedade\u201d, frisou.<\/p>\n<p>O\u00a0<strong>Pr\u00f3-Reitor de Ensino, Pesquisa e P\u00f3s-Gradua\u00e7\u00e3o, Prof. Dr. Andr\u00e9 Ornellas,<\/strong>\u00a0tamb\u00e9m se dirigiu ao p\u00fablico, ressaltando os bons \u00edndices alcan\u00e7ados nas avalia\u00e7\u00f5es do Minist\u00e9rio da Educa\u00e7\u00e3o (MEC), frutos do empenho coletivo da comunidade acad\u00eamica.<\/p>\n<p><strong>VALORES<\/strong><\/p>\n<p>O ponto alto da manh\u00e3 foi a palestra do Pe. Gild\u00e1sio Mendes dos Santos, que j\u00e1 foi Chanceler do UniSALESIANO e Conselheiro Mundial para a Comunica\u00e7\u00e3o Social dos Salesianos. Ele destacou a alegria de reencontrar a comunidade universit\u00e1ria: \u201c\u00c9 emocionante ver todos voc\u00eas. Gente bonita, gente brilhando, gente positiva.\u201d<\/p>\n<p>Com o tema \u201cEducar hoje com os valores salesianos de modo integral: do humano ao tecnol\u00f3gico, da espiritualidade \u00e0 vis\u00e3o digital e intelig\u00eancia artificial\u201d, Pe. Gild\u00e1sio abordou a import\u00e2ncia de integrar tecnologia e valores humanos, partindo de sua experi\u00eancia internacional e das reflex\u00f5es da Igreja sobre o tema.<\/p>\n<p>Ele citou o recente documento do\u00a0<strong>Papa Francisco<\/strong>\u00a0sobre intelig\u00eancia artificial, intitulado Antiqua et Nova (\u201cAntiga e Nova\u201d), como inspira\u00e7\u00e3o para a constru\u00e7\u00e3o de uma educa\u00e7\u00e3o equilibrada entre tradi\u00e7\u00e3o e inova\u00e7\u00e3o. E apresentou tamb\u00e9m o subt\u00edtulo de sua fala, Lux et Amor (\u201cLuz e Amor\u201d), simbolizando o conhecimento e a empatia que devem guiar os processos educacionais.<\/p>\n<p>A Reuni\u00e3o Plen\u00e1ria marcou o encerramento oficial da Semana Pedag\u00f3gica e o in\u00edcio simb\u00f3lico do segundo semestre letivo, que come\u00e7ou nesta segunda-feira, dia 4 de agosto.\u00a0\u201cQue seja um semestre intenso, formativo e cheio de luz e amor. Seguimos nossa miss\u00e3o de educar e evangelizar\u201d, finalizou o Reitor.<\/p>\n<p>&nbsp;<\/p>\n\n\t\t<style type=\"text\/css\">\n\t\t\t#gallery-1 {\n\t\t\t\tmargin: auto;\n\t\t\t}\n\t\t\t#gallery-1 .gallery-item {\n\t\t\t\tfloat: left;\n\t\t\t\tmargin-top: 10px;\n\t\t\t\ttext-align: center;\n\t\t\t\twidth: 33%;\n\t\t\t}\n\t\t\t#gallery-1 img {\n\t\t\t\tborder: 2px solid #cfcfcf;\n\t\t\t}\n\t\t\t#gallery-1 .gallery-caption {\n\t\t\t\tmargin-left: 0;\n\t\t\t}\n\t\t\t\/* see gallery_shortcode() in wp-includes\/media.php *\/\n\t\t<\/style>\n\t\t<div id='gallery-1' class='gallery galleryid-12873 gallery-columns-3 gallery-size-thumbnail'><dl class='gallery-item'>\n\t\t\t<dt class='gallery-icon landscape'>\n\t\t\t\t<a href='https:\/\/unisale.com.br\/pastoral\/unisalesiano-inicia-2o-semestre-com-reuniao-marcada-por-reflexao-sobre-educacao-e-tecnologia\/img_0782-1024x683-3\/'><img decoding=\"async\" width=\"150\" height=\"150\" src=\"https:\/\/unisale.com.br\/pastoral\/wp-content\/uploads\/2025\/08\/IMG_0782-1024x683-1-150x150.jpg\" class=\"attachment-thumbnail size-thumbnail\" alt=\"\" \/><\/a>\n\t\t\t<\/dt><\/dl><dl class='gallery-item'>\n\t\t\t<dt class='gallery-icon landscape'>\n\t\t\t\t<a href='https:\/\/unisale.com.br\/pastoral\/unisalesiano-inicia-2o-semestre-com-reuniao-marcada-por-reflexao-sobre-educacao-e-tecnologia\/img_0788-1024x683\/'><img decoding=\"async\" width=\"150\" height=\"150\" src=\"https:\/\/unisale.com.br\/pastoral\/wp-content\/uploads\/2025\/08\/IMG_0788-1024x683-1-150x150.jpg\" class=\"attachment-thumbnail size-thumbnail\" alt=\"\" \/><\/a>\n\t\t\t<\/dt><\/dl><dl class='gallery-item'>\n\t\t\t<dt class='gallery-icon landscape'>\n\t\t\t\t<a href='https:\/\/unisale.com.br\/pastoral\/unisalesiano-inicia-2o-semestre-com-reuniao-marcada-por-reflexao-sobre-educacao-e-tecnologia\/img_0793-1024x683\/'><img decoding=\"async\" width=\"150\" height=\"150\" src=\"https:\/\/unisale.com.br\/pastoral\/wp-content\/uploads\/2025\/08\/IMG_0793-1024x683-1-150x150.jpg\" class=\"attachment-thumbnail size-thumbnail\" alt=\"\" \/><\/a>\n\t\t\t<\/dt><\/dl><br style=\"clear: both\" \/><dl class='gallery-item'>\n\t\t\t<dt class='gallery-icon landscape'>\n\t\t\t\t<a href='https:\/\/unisale.com.br\/pastoral\/unisalesiano-inicia-2o-semestre-com-reuniao-marcada-por-reflexao-sobre-educacao-e-tecnologia\/img_0804-1024x683\/'><img loading=\"lazy\" decoding=\"async\" width=\"150\" height=\"150\" src=\"https:\/\/unisale.com.br\/pastoral\/wp-content\/uploads\/2025\/08\/IMG_0804-1024x683-1-150x150.jpg\" class=\"attachment-thumbnail size-thumbnail\" alt=\"\" \/><\/a>\n\t\t\t<\/dt><\/dl><dl class='gallery-item'>\n\t\t\t<dt class='gallery-icon landscape'>\n\t\t\t\t<a href='https:\/\/unisale.com.br\/pastoral\/unisalesiano-inicia-2o-semestre-com-reuniao-marcada-por-reflexao-sobre-educacao-e-tecnologia\/img_0810-1024x683\/'><img loading=\"lazy\" decoding=\"async\" width=\"150\" height=\"150\" src=\"https:\/\/unisale.com.br\/pastoral\/wp-content\/uploads\/2025\/08\/IMG_0810-1024x683-1-150x150.jpg\" class=\"attachment-thumbnail size-thumbnail\" alt=\"\" \/><\/a>\n\t\t\t<\/dt><\/dl><dl class='gallery-item'>\n\t\t\t<dt class='gallery-icon landscape'>\n\t\t\t\t<a href='https:\/\/unisale.com.br\/pastoral\/unisalesiano-inicia-2o-semestre-com-reuniao-marcada-por-reflexao-sobre-educacao-e-tecnologia\/img_0817-1024x683\/'><img loading=\"lazy\" decoding=\"async\" width=\"150\" height=\"150\" src=\"https:\/\/unisale.com.br\/pastoral\/wp-content\/uploads\/2025\/08\/IMG_0817-1024x683-1-150x150.jpg\" class=\"attachment-thumbnail size-thumbnail\" alt=\"\" \/><\/a>\n\t\t\t<\/dt><\/dl><br style=\"clear: both\" \/><dl class='gallery-item'>\n\t\t\t<dt class='gallery-icon landscape'>\n\t\t\t\t<a href='https:\/\/unisale.com.br\/pastoral\/unisalesiano-inicia-2o-semestre-com-reuniao-marcada-por-reflexao-sobre-educacao-e-tecnologia\/img_0826-1024x683\/'><img loading=\"lazy\" decoding=\"async\" width=\"150\" height=\"150\" src=\"https:\/\/unisale.com.br\/pastoral\/wp-content\/uploads\/2025\/08\/IMG_0826-1024x683-1-150x150.jpg\" class=\"attachment-thumbnail size-thumbnail\" alt=\"\" \/><\/a>\n\t\t\t<\/dt><\/dl><dl class='gallery-item'>\n\t\t\t<dt class='gallery-icon landscape'>\n\t\t\t\t<a href='https:\/\/unisale.com.br\/pastoral\/unisalesiano-inicia-2o-semestre-com-reuniao-marcada-por-reflexao-sobre-educacao-e-tecnologia\/img_0832-1024x683\/'><img loading=\"lazy\" decoding=\"async\" width=\"150\" height=\"150\" src=\"https:\/\/unisale.com.br\/pastoral\/wp-content\/uploads\/2025\/08\/IMG_0832-1024x683-1-150x150.jpg\" class=\"attachment-thumbnail size-thumbnail\" alt=\"\" \/><\/a>\n\t\t\t<\/dt><\/dl><dl class='gallery-item'>\n\t\t\t<dt class='gallery-icon landscape'>\n\t\t\t\t<a href='https:\/\/unisale.com.br\/pastoral\/unisalesiano-inicia-2o-semestre-com-reuniao-marcada-por-reflexao-sobre-educacao-e-tecnologia\/img_0842-1024x683\/'><img loading=\"lazy\" decoding=\"async\" width=\"150\" height=\"150\" src=\"https:\/\/unisale.com.br\/pastoral\/wp-content\/uploads\/2025\/08\/IMG_0842-1024x683-1-150x150.jpg\" class=\"attachment-thumbnail size-thumbnail\" alt=\"\" \/><\/a>\n\t\t\t<\/dt><\/dl><br style=\"clear: both\" \/><dl class='gallery-item'>\n\t\t\t<dt class='gallery-icon landscape'>\n\t\t\t\t<a href='https:\/\/unisale.com.br\/pastoral\/unisalesiano-inicia-2o-semestre-com-reuniao-marcada-por-reflexao-sobre-educacao-e-tecnologia\/img_0853-1024x683\/'><img loading=\"lazy\" decoding=\"async\" width=\"150\" height=\"150\" src=\"https:\/\/unisale.com.br\/pastoral\/wp-content\/uploads\/2025\/08\/IMG_0853-1024x683-1-150x150.jpg\" class=\"attachment-thumbnail size-thumbnail\" alt=\"\" \/><\/a>\n\t\t\t<\/dt><\/dl><dl class='gallery-item'>\n\t\t\t<dt class='gallery-icon landscape'>\n\t\t\t\t<a href='https:\/\/unisale.com.br\/pastoral\/unisalesiano-inicia-2o-semestre-com-reuniao-marcada-por-reflexao-sobre-educacao-e-tecnologia\/img_0867-1024x683-3\/'><img loading=\"lazy\" decoding=\"async\" width=\"150\" height=\"150\" src=\"https:\/\/unisale.com.br\/pastoral\/wp-content\/uploads\/2025\/08\/IMG_0867-1024x683-1-150x150.jpg\" class=\"attachment-thumbnail size-thumbnail\" alt=\"\" \/><\/a>\n\t\t\t<\/dt><\/dl><dl class='gallery-item'>\n\t\t\t<dt class='gallery-icon landscape'>\n\t\t\t\t<a href='https:\/\/unisale.com.br\/pastoral\/unisalesiano-inicia-2o-semestre-com-reuniao-marcada-por-reflexao-sobre-educacao-e-tecnologia\/img_0869-1024x683\/'><img loading=\"lazy\" decoding=\"async\" width=\"150\" height=\"150\" src=\"https:\/\/unisale.com.br\/pastoral\/wp-content\/uploads\/2025\/08\/IMG_0869-1024x683-1-150x150.jpg\" class=\"attachment-thumbnail size-thumbnail\" alt=\"\" \/><\/a>\n\t\t\t<\/dt><\/dl><br style=\"clear: both\" \/><dl class='gallery-item'>\n\t\t\t<dt class='gallery-icon landscape'>\n\t\t\t\t<a href='https:\/\/unisale.com.br\/pastoral\/unisalesiano-inicia-2o-semestre-com-reuniao-marcada-por-reflexao-sobre-educacao-e-tecnologia\/img_0768-1024x683\/'><img loading=\"lazy\" decoding=\"async\" width=\"150\" height=\"150\" src=\"https:\/\/unisale.com.br\/pastoral\/wp-content\/uploads\/2025\/08\/IMG_0768-1024x683-1-150x150.jpg\" class=\"attachment-thumbnail size-thumbnail\" alt=\"\" \/><\/a>\n\t\t\t<\/dt><\/dl><dl class='gallery-item'>\n\t\t\t<dt class='gallery-icon landscape'>\n\t\t\t\t<a href='https:\/\/unisale.com.br\/pastoral\/unisalesiano-inicia-2o-semestre-com-reuniao-marcada-por-reflexao-sobre-educacao-e-tecnologia\/img_0774-1024x683\/'><img loading=\"lazy\" decoding=\"async\" width=\"150\" height=\"150\" src=\"https:\/\/unisale.com.br\/pastoral\/wp-content\/uploads\/2025\/08\/IMG_0774-1024x683-1-150x150.jpg\" class=\"attachment-thumbnail size-thumbnail\" alt=\"\" \/><\/a>\n\t\t\t<\/dt><\/dl><dl class='gallery-item'>\n\t\t\t<dt class='gallery-icon landscape'>\n\t\t\t\t<a href='https:\/\/unisale.com.br\/pastoral\/unisalesiano-inicia-2o-semestre-com-reuniao-marcada-por-reflexao-sobre-educacao-e-tecnologia\/img_0775-1024x683\/'><img loading=\"lazy\" decoding=\"async\" width=\"150\" height=\"150\" src=\"https:\/\/unisale.com.br\/pastoral\/wp-content\/uploads\/2025\/08\/IMG_0775-1024x683-1-150x150.jpg\" class=\"attachment-thumbnail size-thumbnail\" alt=\"\" \/><\/a>\n\t\t\t<\/dt><\/dl><br style=\"clear: both\" \/><dl class='gallery-item'>\n\t\t\t<dt class='gallery-icon landscape'>\n\t\t\t\t<a href='https:\/\/unisale.com.br\/pastoral\/unisalesiano-inicia-2o-semestre-com-reuniao-marcada-por-reflexao-sobre-educacao-e-tecnologia\/img_0777-1024x683\/'><img loading=\"lazy\" decoding=\"async\" width=\"150\" height=\"150\" src=\"https:\/\/unisale.com.br\/pastoral\/wp-content\/uploads\/2025\/08\/IMG_0777-1024x683-1-150x150.jpg\" class=\"attachment-thumbnail size-thumbnail\" alt=\"\" \/><\/a>\n\t\t\t<\/dt><\/dl>\n\t\t\t<br style='clear: both' \/>\n\t\t<\/div>\n\n","protected":false},"excerpt":{"rendered":"<p>O Audit\u00f3rio Papa Francisco, no UniSALESIANO, ficou lotado na manh\u00e3 do dia 2 de agosto para a\u00a0Reuni\u00e3o Plen\u00e1ria\u00a0de encerramento da Semana Pedag\u00f3gica do segundo semestre&#8230;<\/p>\n","protected":false},"author":1,"featured_media":12890,"comment_status":"closed","ping_status":"closed","sticky":false,"template":"","format":"standard","meta":{"_acf_changed":false,"footnotes":""},"categories":[3],"tags":[],"class_list":["post-12873","post","type-post","status-publish","format-standard","has-post-thumbnail","hentry","category-not"],"acf":[],"yoast_head":"<!-- This site is optimized with the Yoast SEO plugin v27.3 - https:\/\/yoast.com\/product\/yoast-seo-wordpress\/ -->\n<title>UniSALESIANO inicia 2\u00ba semestre com reuni\u00e3o marcada por reflex\u00e3o sobre educa\u00e7\u00e3o e tecnologia - Pastoral Universit\u00e1ria UniSALESIANO<\/title>\n<meta name=\"robots\" content=\"index, follow, max-snippet:-1, max-image-preview:large, max-video-preview:-1\" \/>\n<link rel=\"canonical\" href=\"https:\/\/unisale.com.br\/pastoral\/unisalesiano-inicia-2o-semestre-com-reuniao-marcada-por-reflexao-sobre-educacao-e-tecnologia\/\" \/>\n<meta property=\"og:locale\" content=\"pt_BR\" \/>\n<meta property=\"og:type\" content=\"article\" \/>\n<meta property=\"og:title\" content=\"UniSALESIANO inicia 2\u00ba semestre com reuni\u00e3o marcada por reflex\u00e3o sobre educa\u00e7\u00e3o e tecnologia - Pastoral Universit\u00e1ria UniSALESIANO\" \/>\n<meta property=\"og:description\" content=\"O Audit\u00f3rio Papa Francisco, no UniSALESIANO, ficou lotado na manh\u00e3 do dia 2 de agosto para a\u00a0Reuni\u00e3o Plen\u00e1ria\u00a0de encerramento da Semana Pedag\u00f3gica do segundo semestre...\" \/>\n<meta property=\"og:url\" content=\"https:\/\/unisale.com.br\/pastoral\/unisalesiano-inicia-2o-semestre-com-reuniao-marcada-por-reflexao-sobre-educacao-e-tecnologia\/\" \/>\n<meta property=\"og:site_name\" content=\"Pastoral Universit\u00e1ria UniSALESIANO\" \/>\n<meta property=\"article:published_time\" content=\"2025-08-12T16:41:52+00:00\" \/>\n<meta property=\"og:image\" content=\"https:\/\/unisale.com.br\/pastoral\/wp-content\/uploads\/2025\/08\/IMG_0807-768x512-1.jpg\" \/>\n\t<meta property=\"og:image:width\" content=\"768\" \/>\n\t<meta property=\"og:image:height\" content=\"512\" \/>\n\t<meta property=\"og:image:type\" content=\"image\/jpeg\" \/>\n<meta name=\"author\" content=\"pastoral\" \/>\n<meta name=\"twitter:card\" content=\"summary_large_image\" \/>\n<meta name=\"twitter:label1\" content=\"Escrito por\" \/>\n\t<meta name=\"twitter:data1\" content=\"pastoral\" \/>\n\t<meta name=\"twitter:label2\" content=\"Est. tempo de leitura\" \/>\n\t<meta name=\"twitter:data2\" content=\"3 minutos\" \/>\n<script type=\"application\/ld+json\" class=\"yoast-schema-graph\">{\"@context\":\"https:\\\/\\\/schema.org\",\"@graph\":[{\"@type\":\"Article\",\"@id\":\"https:\\\/\\\/unisale.com.br\\\/pastoral\\\/unisalesiano-inicia-2o-semestre-com-reuniao-marcada-por-reflexao-sobre-educacao-e-tecnologia\\\/#article\",\"isPartOf\":{\"@id\":\"https:\\\/\\\/unisale.com.br\\\/pastoral\\\/unisalesiano-inicia-2o-semestre-com-reuniao-marcada-por-reflexao-sobre-educacao-e-tecnologia\\\/\"},\"author\":{\"name\":\"pastoral\",\"@id\":\"https:\\\/\\\/unisale.com.br\\\/pastoral\\\/#\\\/schema\\\/person\\\/a16ba711a0f7dec9cb6b44563144d5a3\"},\"headline\":\"UniSALESIANO inicia 2\u00ba semestre com reuni\u00e3o marcada por reflex\u00e3o sobre educa\u00e7\u00e3o e tecnologia\",\"datePublished\":\"2025-08-12T16:41:52+00:00\",\"mainEntityOfPage\":{\"@id\":\"https:\\\/\\\/unisale.com.br\\\/pastoral\\\/unisalesiano-inicia-2o-semestre-com-reuniao-marcada-por-reflexao-sobre-educacao-e-tecnologia\\\/\"},\"wordCount\":532,\"image\":{\"@id\":\"https:\\\/\\\/unisale.com.br\\\/pastoral\\\/unisalesiano-inicia-2o-semestre-com-reuniao-marcada-por-reflexao-sobre-educacao-e-tecnologia\\\/#primaryimage\"},\"thumbnailUrl\":\"https:\\\/\\\/unisale.com.br\\\/pastoral\\\/wp-content\\\/uploads\\\/2025\\\/08\\\/IMG_0807-768x512-1.jpg\",\"articleSection\":[\"Not\u00edcias\"],\"inLanguage\":\"pt-BR\"},{\"@type\":\"WebPage\",\"@id\":\"https:\\\/\\\/unisale.com.br\\\/pastoral\\\/unisalesiano-inicia-2o-semestre-com-reuniao-marcada-por-reflexao-sobre-educacao-e-tecnologia\\\/\",\"url\":\"https:\\\/\\\/unisale.com.br\\\/pastoral\\\/unisalesiano-inicia-2o-semestre-com-reuniao-marcada-por-reflexao-sobre-educacao-e-tecnologia\\\/\",\"name\":\"UniSALESIANO inicia 2\u00ba semestre com reuni\u00e3o marcada por reflex\u00e3o sobre educa\u00e7\u00e3o e tecnologia - Pastoral Universit\u00e1ria UniSALESIANO\",\"isPartOf\":{\"@id\":\"https:\\\/\\\/unisale.com.br\\\/pastoral\\\/#website\"},\"primaryImageOfPage\":{\"@id\":\"https:\\\/\\\/unisale.com.br\\\/pastoral\\\/unisalesiano-inicia-2o-semestre-com-reuniao-marcada-por-reflexao-sobre-educacao-e-tecnologia\\\/#primaryimage\"},\"image\":{\"@id\":\"https:\\\/\\\/unisale.com.br\\\/pastoral\\\/unisalesiano-inicia-2o-semestre-com-reuniao-marcada-por-reflexao-sobre-educacao-e-tecnologia\\\/#primaryimage\"},\"thumbnailUrl\":\"https:\\\/\\\/unisale.com.br\\\/pastoral\\\/wp-content\\\/uploads\\\/2025\\\/08\\\/IMG_0807-768x512-1.jpg\",\"datePublished\":\"2025-08-12T16:41:52+00:00\",\"author\":{\"@id\":\"https:\\\/\\\/unisale.com.br\\\/pastoral\\\/#\\\/schema\\\/person\\\/a16ba711a0f7dec9cb6b44563144d5a3\"},\"inLanguage\":\"pt-BR\",\"potentialAction\":[{\"@type\":\"ReadAction\",\"target\":[\"https:\\\/\\\/unisale.com.br\\\/pastoral\\\/unisalesiano-inicia-2o-semestre-com-reuniao-marcada-por-reflexao-sobre-educacao-e-tecnologia\\\/\"]}]},{\"@type\":\"ImageObject\",\"inLanguage\":\"pt-BR\",\"@id\":\"https:\\\/\\\/unisale.com.br\\\/pastoral\\\/unisalesiano-inicia-2o-semestre-com-reuniao-marcada-por-reflexao-sobre-educacao-e-tecnologia\\\/#primaryimage\",\"url\":\"https:\\\/\\\/unisale.com.br\\\/pastoral\\\/wp-content\\\/uploads\\\/2025\\\/08\\\/IMG_0807-768x512-1.jpg\",\"contentUrl\":\"https:\\\/\\\/unisale.com.br\\\/pastoral\\\/wp-content\\\/uploads\\\/2025\\\/08\\\/IMG_0807-768x512-1.jpg\",\"width\":750,\"height\":500},{\"@type\":\"WebSite\",\"@id\":\"https:\\\/\\\/unisale.com.br\\\/pastoral\\\/#website\",\"url\":\"https:\\\/\\\/unisale.com.br\\\/pastoral\\\/\",\"name\":\"Pastoral Universit\u00e1ria UniSALESIANO\",\"description\":\"Site da Pastoral Universit\u00e1ria do UniSALESIANO\",\"potentialAction\":[{\"@type\":\"SearchAction\",\"target\":{\"@type\":\"EntryPoint\",\"urlTemplate\":\"https:\\\/\\\/unisale.com.br\\\/pastoral\\\/?s={search_term_string}\"},\"query-input\":{\"@type\":\"PropertyValueSpecification\",\"valueRequired\":true,\"valueName\":\"search_term_string\"}}],\"inLanguage\":\"pt-BR\"},{\"@type\":\"Person\",\"@id\":\"https:\\\/\\\/unisale.com.br\\\/pastoral\\\/#\\\/schema\\\/person\\\/a16ba711a0f7dec9cb6b44563144d5a3\",\"name\":\"pastoral\",\"url\":\"https:\\\/\\\/unisale.com.br\\\/pastoral\\\/author\\\/pastoral\\\/\"}]}<\/script>\n<!-- \/ Yoast SEO plugin. -->","yoast_head_json":{"title":"UniSALESIANO inicia 2\u00ba semestre com reuni\u00e3o marcada por reflex\u00e3o sobre educa\u00e7\u00e3o e tecnologia - Pastoral Universit\u00e1ria UniSALESIANO","robots":{"index":"index","follow":"follow","max-snippet":"max-snippet:-1","max-image-preview":"max-image-preview:large","max-video-preview":"max-video-preview:-1"},"canonical":"https:\/\/unisale.com.br\/pastoral\/unisalesiano-inicia-2o-semestre-com-reuniao-marcada-por-reflexao-sobre-educacao-e-tecnologia\/","og_locale":"pt_BR","og_type":"article","og_title":"UniSALESIANO inicia 2\u00ba semestre com reuni\u00e3o marcada por reflex\u00e3o sobre educa\u00e7\u00e3o e tecnologia - Pastoral Universit\u00e1ria UniSALESIANO","og_description":"O Audit\u00f3rio Papa Francisco, no UniSALESIANO, ficou lotado na manh\u00e3 do dia 2 de agosto para a\u00a0Reuni\u00e3o Plen\u00e1ria\u00a0de encerramento da Semana Pedag\u00f3gica do segundo semestre...","og_url":"https:\/\/unisale.com.br\/pastoral\/unisalesiano-inicia-2o-semestre-com-reuniao-marcada-por-reflexao-sobre-educacao-e-tecnologia\/","og_site_name":"Pastoral Universit\u00e1ria UniSALESIANO","article_published_time":"2025-08-12T16:41:52+00:00","og_image":[{"width":768,"height":512,"url":"https:\/\/unisale.com.br\/pastoral\/wp-content\/uploads\/2025\/08\/IMG_0807-768x512-1.jpg","type":"image\/jpeg"}],"author":"pastoral","twitter_card":"summary_large_image","twitter_misc":{"Escrito por":"pastoral","Est. tempo de leitura":"3 minutos"},"schema":{"@context":"https:\/\/schema.org","@graph":[{"@type":"Article","@id":"https:\/\/unisale.com.br\/pastoral\/unisalesiano-inicia-2o-semestre-com-reuniao-marcada-por-reflexao-sobre-educacao-e-tecnologia\/#article","isPartOf":{"@id":"https:\/\/unisale.com.br\/pastoral\/unisalesiano-inicia-2o-semestre-com-reuniao-marcada-por-reflexao-sobre-educacao-e-tecnologia\/"},"author":{"name":"pastoral","@id":"https:\/\/unisale.com.br\/pastoral\/#\/schema\/person\/a16ba711a0f7dec9cb6b44563144d5a3"},"headline":"UniSALESIANO inicia 2\u00ba semestre com reuni\u00e3o marcada por reflex\u00e3o sobre educa\u00e7\u00e3o e tecnologia","datePublished":"2025-08-12T16:41:52+00:00","mainEntityOfPage":{"@id":"https:\/\/unisale.com.br\/pastoral\/unisalesiano-inicia-2o-semestre-com-reuniao-marcada-por-reflexao-sobre-educacao-e-tecnologia\/"},"wordCount":532,"image":{"@id":"https:\/\/unisale.com.br\/pastoral\/unisalesiano-inicia-2o-semestre-com-reuniao-marcada-por-reflexao-sobre-educacao-e-tecnologia\/#primaryimage"},"thumbnailUrl":"https:\/\/unisale.com.br\/pastoral\/wp-content\/uploads\/2025\/08\/IMG_0807-768x512-1.jpg","articleSection":["Not\u00edcias"],"inLanguage":"pt-BR"},{"@type":"WebPage","@id":"https:\/\/unisale.com.br\/pastoral\/unisalesiano-inicia-2o-semestre-com-reuniao-marcada-por-reflexao-sobre-educacao-e-tecnologia\/","url":"https:\/\/unisale.com.br\/pastoral\/unisalesiano-inicia-2o-semestre-com-reuniao-marcada-por-reflexao-sobre-educacao-e-tecnologia\/","name":"UniSALESIANO inicia 2\u00ba semestre com reuni\u00e3o marcada por reflex\u00e3o sobre educa\u00e7\u00e3o e tecnologia - Pastoral Universit\u00e1ria UniSALESIANO","isPartOf":{"@id":"https:\/\/unisale.com.br\/pastoral\/#website"},"primaryImageOfPage":{"@id":"https:\/\/unisale.com.br\/pastoral\/unisalesiano-inicia-2o-semestre-com-reuniao-marcada-por-reflexao-sobre-educacao-e-tecnologia\/#primaryimage"},"image":{"@id":"https:\/\/unisale.com.br\/pastoral\/unisalesiano-inicia-2o-semestre-com-reuniao-marcada-por-reflexao-sobre-educacao-e-tecnologia\/#primaryimage"},"thumbnailUrl":"https:\/\/unisale.com.br\/pastoral\/wp-content\/uploads\/2025\/08\/IMG_0807-768x512-1.jpg","datePublished":"2025-08-12T16:41:52+00:00","author":{"@id":"https:\/\/unisale.com.br\/pastoral\/#\/schema\/person\/a16ba711a0f7dec9cb6b44563144d5a3"},"inLanguage":"pt-BR","potentialAction":[{"@type":"ReadAction","target":["https:\/\/unisale.com.br\/pastoral\/unisalesiano-inicia-2o-semestre-com-reuniao-marcada-por-reflexao-sobre-educacao-e-tecnologia\/"]}]},{"@type":"ImageObject","inLanguage":"pt-BR","@id":"https:\/\/unisale.com.br\/pastoral\/unisalesiano-inicia-2o-semestre-com-reuniao-marcada-por-reflexao-sobre-educacao-e-tecnologia\/#primaryimage","url":"https:\/\/unisale.com.br\/pastoral\/wp-content\/uploads\/2025\/08\/IMG_0807-768x512-1.jpg","contentUrl":"https:\/\/unisale.com.br\/pastoral\/wp-content\/uploads\/2025\/08\/IMG_0807-768x512-1.jpg","width":750,"height":500},{"@type":"WebSite","@id":"https:\/\/unisale.com.br\/pastoral\/#website","url":"https:\/\/unisale.com.br\/pastoral\/","name":"Pastoral Universit\u00e1ria UniSALESIANO","description":"Site da Pastoral Universit\u00e1ria do UniSALESIANO","potentialAction":[{"@type":"SearchAction","target":{"@type":"EntryPoint","urlTemplate":"https:\/\/unisale.com.br\/pastoral\/?s={search_term_string}"},"query-input":{"@type":"PropertyValueSpecification","valueRequired":true,"valueName":"search_term_string"}}],"inLanguage":"pt-BR"},{"@type":"Person","@id":"https:\/\/unisale.com.br\/pastoral\/#\/schema\/person\/a16ba711a0f7dec9cb6b44563144d5a3","name":"pastoral","url":"https:\/\/unisale.com.br\/pastoral\/author\/pastoral\/"}]}},"_links":{"self":[{"href":"https:\/\/unisale.com.br\/pastoral\/wp-json\/wp\/v2\/posts\/12873","targetHints":{"allow":["GET"]}}],"collection":[{"href":"https:\/\/unisale.com.br\/pastoral\/wp-json\/wp\/v2\/posts"}],"about":[{"href":"https:\/\/unisale.com.br\/pastoral\/wp-json\/wp\/v2\/types\/post"}],"author":[{"embeddable":true,"href":"https:\/\/unisale.com.br\/pastoral\/wp-json\/wp\/v2\/users\/1"}],"replies":[{"embeddable":true,"href":"https:\/\/unisale.com.br\/pastoral\/wp-json\/wp\/v2\/comments?post=12873"}],"version-history":[{"count":1,"href":"https:\/\/unisale.com.br\/pastoral\/wp-json\/wp\/v2\/posts\/12873\/revisions"}],"predecessor-version":[{"id":12891,"href":"https:\/\/unisale.com.br\/pastoral\/wp-json\/wp\/v2\/posts\/12873\/revisions\/12891"}],"wp:featuredmedia":[{"embeddable":true,"href":"https:\/\/unisale.com.br\/pastoral\/wp-json\/wp\/v2\/media\/12890"}],"wp:attachment":[{"href":"https:\/\/unisale.com.br\/pastoral\/wp-json\/wp\/v2\/media?parent=12873"}],"wp:term":[{"taxonomy":"category","embeddable":true,"href":"https:\/\/unisale.com.br\/pastoral\/wp-json\/wp\/v2\/categories?post=12873"},{"taxonomy":"post_tag","embeddable":true,"href":"https:\/\/unisale.com.br\/pastoral\/wp-json\/wp\/v2\/tags?post=12873"}],"curies":[{"name":"wp","href":"https:\/\/api.w.org\/{rel}","templated":true}]}}