{"id":12892,"date":"2025-08-12T19:15:56","date_gmt":"2025-08-12T19:15:56","guid":{"rendered":"https:\/\/unisale.com.br\/pastoral\/?p=12892"},"modified":"2025-08-12T19:15:56","modified_gmt":"2025-08-12T19:15:56","slug":"vams-promove-rede-de-solidariedade-e-transforma-a-vida-de-academicos-e-indigenas","status":"publish","type":"post","link":"https:\/\/unisale.com.br\/pastoral\/vams-promove-rede-de-solidariedade-e-transforma-a-vida-de-academicos-e-indigenas\/","title":{"rendered":"VAMS promove rede de solidariedade e transforma a vida de acad\u00eamicos e ind\u00edgenas"},"content":{"rendered":"<p>A\u00a0<strong>7\u00aa edi\u00e7\u00e3o do VAMS \u2013 Voluntariado Acad\u00eamico Mission\u00e1rio Salesiano<\/strong>, promovido pelo\u00a0<strong>UniSALESIANO<\/strong>, aconteceu em julho de 2025 e deixou marcas profundas nos acad\u00eamicos participantes e nas comunidades ind\u00edgenas Bororo e Xavante, no estado do Mato Grosso. Mais do que uma miss\u00e3o pontual, o projeto se consolidou como um verdadeiro encontro de mundos, valores e afetos.<\/p>\n<p>Antes mesmo da partida, os volunt\u00e1rios, juntamente com alunos do\u00a0<strong>Col\u00e9gio Salesiano \u201cDom Luiz Lasagna\u201d<\/strong>\u00a0e a comunidade da\u00a0<strong>Capela S\u00e3o Domingos S\u00e1vio<\/strong>, se mobilizaram em diversas campanhas solid\u00e1rias, arrecadando alimentos, roupas, cobertores, brinquedos, leite e medicamentos. Uma das a\u00e7\u00f5es mais emblem\u00e1ticas foi a\u00a0<strong>\u201cFarm\u00e1cia na Aldeia\u201d<\/strong>, coordenada pela acad\u00eamica de Biomedicina,\u00a0<strong>Louise Elias de Carvalho<\/strong>. O objetivo era reunir medicamentos b\u00e1sicos para abastecer a Unidade B\u00e1sica de Sa\u00fade (UBS) da aldeia xavante de S\u00e3o Marcos. \u201cSentimos que \u00e9 um esfor\u00e7o pequeno perto de tudo que eles vivem e precisam, mas \u00e9 um passo importante para melhorar o bem-estar das comunidades\u201d, afirmou Louise.<\/p>\n<p>Al\u00e9m da arrecada\u00e7\u00e3o de insumos, eventos como venda de hot dogs tamb\u00e9m ajudaram a custear a miss\u00e3o. O envolvimento dos acad\u00eamicos refletiu a import\u00e2ncia do projeto, que vai al\u00e9m da solidariedade e se torna um espa\u00e7o de forma\u00e7\u00e3o integral.<\/p>\n<p><strong>CONTAGIANTE<\/strong><\/p>\n<p>Para o acad\u00eamico de Medicina,\u00a0<strong>Luiz Eduardo Castanhar Olsen<\/strong>, a experi\u00eancia foi reveladora. \u201cEu fui achando que ia trazer experi\u00eancias novas, mostrar como somos em Ara\u00e7atuba. E percebi que quem aprende somos n\u00f3s. Eles t\u00eam muito mais a nos ensinar sobre uni\u00e3o, fam\u00edlia, amizade e felicidade. A alegria \u00e9 contagiante. O VAMS \u00e9 sobre aprender com eles, e n\u00e3o o contr\u00e1rio\u201d, analisou.<\/p>\n<p><strong>Tha\u00eds Maria Ruas dos Santos<\/strong>, aluna do 2\u00ba ano de Educa\u00e7\u00e3o F\u00edsica, tamb\u00e9m viveu seu primeiro VAMS e se emocionou com o acolhimento das crian\u00e7as. \u201cAntes de eu vir pra c\u00e1, eu imaginava um trabalho volunt\u00e1rio tranquilo, mas n\u00e3o achei que ia me envolver tanto. O carinho que as crian\u00e7as t\u00eam pela gente vale a pena todo o cansa\u00e7o. Estou muito feliz, espero vir mais vezes\u201d, disse Tha\u00eds.<\/p>\n<p>O acad\u00eamico de Farm\u00e1cia,<strong>\u00a0Igor Landin Rodrigues de Souza<\/strong>, definiu o VAMS como uma viv\u00eancia \u00fanica. \u201cS\u00e3o momentos incr\u00edveis, contatos que eu n\u00e3o esperava, afeto que eu n\u00e3o esperava transmitir e receber. S\u00f3 quem vem para sentir isso entende o que \u00e9 essa energia.\u201d<\/p>\n<p><strong>CONHECIMENTO REAL<\/strong><\/p>\n<p>Para o Irm\u00e3o Salesiano,\u00a0<strong>Tarley da Guia Nunes da Mata<\/strong>, que atua na terra ind\u00edgena S\u00e3o Marcos, a miss\u00e3o vai al\u00e9m da doa\u00e7\u00e3o material: \u201c\u00c9 importante que os acad\u00eamicos tenham esse contato pessoal com os povos ind\u00edgenas. Isso favorece o engajamento, o conhecimento real dessas culturas e uma vis\u00e3o social positiva sobre o outro. \u00c9 um caminho de reconstru\u00e7\u00e3o, sem idealiza\u00e7\u00f5es, mas com respeito m\u00fatuo e conviv\u00eancia\u201d, explicou<\/p>\n<p>Ele tamb\u00e9m destacou o impacto nas diversas dimens\u00f5es da vida dos volunt\u00e1rios. \u201cNo pessoal, no profissional e no espiritual, os frutos s\u00e3o imensos. Eles percebem que as crian\u00e7as se lembram deles, que h\u00e1 um v\u00ednculo verdadeiro. Isso amadurece e toca profundamente, especialmente quando descobrem a espiritualidade presente na cultura ind\u00edgena, que tem sua pr\u00f3pria forma de enxergar Deus e o mundo.\u201d<\/p>\n<p>Acompanhando a miss\u00e3o, junto com sua equipe da Pastoral e alguns professores, o Pr\u00f3-Reitor de Pastoral,\u00a0<strong>Pe. Paulo Eduardo J\u00e1como, SDB,<\/strong>\u00a0ressaltou que esta \u00e9 uma campanha com destino certo, com um verdadeiro comprometimento. \u201cOs acad\u00eamicos entendem o sentido da solidariedade e do servi\u00e7o. Essa miss\u00e3o transforma porque une conhecimento t\u00e9cnico, viv\u00eancia humana e crescimento espiritual\u201d, concluiu.<\/p>\n<p>&nbsp;<\/p>\n\n\t\t<style type=\"text\/css\">\n\t\t\t#gallery-1 {\n\t\t\t\tmargin: auto;\n\t\t\t}\n\t\t\t#gallery-1 .gallery-item {\n\t\t\t\tfloat: left;\n\t\t\t\tmargin-top: 10px;\n\t\t\t\ttext-align: center;\n\t\t\t\twidth: 25%;\n\t\t\t}\n\t\t\t#gallery-1 img {\n\t\t\t\tborder: 2px solid #cfcfcf;\n\t\t\t}\n\t\t\t#gallery-1 .gallery-caption {\n\t\t\t\tmargin-left: 0;\n\t\t\t}\n\t\t\t\/* see gallery_shortcode() in wp-includes\/media.php *\/\n\t\t<\/style>\n\t\t<div id='gallery-1' class='gallery galleryid-12892 gallery-columns-4 gallery-size-thumbnail'><dl class='gallery-item'>\n\t\t\t<dt class='gallery-icon landscape'>\n\t\t\t\t<a href='https:\/\/unisale.com.br\/pastoral\/vams-promove-rede-de-solidariedade-e-transforma-a-vida-de-academicos-e-indigenas\/img_0014-1024x683\/'><img decoding=\"async\" width=\"150\" height=\"150\" src=\"https:\/\/unisale.com.br\/pastoral\/wp-content\/uploads\/2025\/08\/IMG_0014-1024x683-1-150x150.jpg\" class=\"attachment-thumbnail size-thumbnail\" alt=\"\" \/><\/a>\n\t\t\t<\/dt><\/dl><dl class='gallery-item'>\n\t\t\t<dt class='gallery-icon landscape'>\n\t\t\t\t<a href='https:\/\/unisale.com.br\/pastoral\/vams-promove-rede-de-solidariedade-e-transforma-a-vida-de-academicos-e-indigenas\/img_0029-1024x683\/'><img decoding=\"async\" width=\"150\" height=\"150\" src=\"https:\/\/unisale.com.br\/pastoral\/wp-content\/uploads\/2025\/08\/IMG_0029-1024x683-1-150x150.jpg\" class=\"attachment-thumbnail size-thumbnail\" alt=\"\" \/><\/a>\n\t\t\t<\/dt><\/dl><dl class='gallery-item'>\n\t\t\t<dt class='gallery-icon landscape'>\n\t\t\t\t<a href='https:\/\/unisale.com.br\/pastoral\/vams-promove-rede-de-solidariedade-e-transforma-a-vida-de-academicos-e-indigenas\/img_0037-1024x683\/'><img decoding=\"async\" width=\"150\" height=\"150\" src=\"https:\/\/unisale.com.br\/pastoral\/wp-content\/uploads\/2025\/08\/IMG_0037-1024x683-1-150x150.jpg\" class=\"attachment-thumbnail size-thumbnail\" alt=\"\" \/><\/a>\n\t\t\t<\/dt><\/dl><dl class='gallery-item'>\n\t\t\t<dt class='gallery-icon landscape'>\n\t\t\t\t<a href='https:\/\/unisale.com.br\/pastoral\/vams-promove-rede-de-solidariedade-e-transforma-a-vida-de-academicos-e-indigenas\/img_0135-1024x683\/'><img loading=\"lazy\" decoding=\"async\" width=\"150\" height=\"150\" src=\"https:\/\/unisale.com.br\/pastoral\/wp-content\/uploads\/2025\/08\/IMG_0135-1024x683-1-150x150.jpg\" class=\"attachment-thumbnail size-thumbnail\" alt=\"\" \/><\/a>\n\t\t\t<\/dt><\/dl><br style=\"clear: both\" \/><dl class='gallery-item'>\n\t\t\t<dt class='gallery-icon landscape'>\n\t\t\t\t<a href='https:\/\/unisale.com.br\/pastoral\/vams-promove-rede-de-solidariedade-e-transforma-a-vida-de-academicos-e-indigenas\/img_0537-1024x683\/'><img loading=\"lazy\" decoding=\"async\" width=\"150\" height=\"150\" src=\"https:\/\/unisale.com.br\/pastoral\/wp-content\/uploads\/2025\/08\/IMG_0537-1024x683-1-150x150.jpg\" class=\"attachment-thumbnail size-thumbnail\" alt=\"\" \/><\/a>\n\t\t\t<\/dt><\/dl><dl class='gallery-item'>\n\t\t\t<dt class='gallery-icon landscape'>\n\t\t\t\t<a href='https:\/\/unisale.com.br\/pastoral\/vams-promove-rede-de-solidariedade-e-transforma-a-vida-de-academicos-e-indigenas\/img_9454-1024x683\/'><img loading=\"lazy\" decoding=\"async\" width=\"150\" height=\"150\" src=\"https:\/\/unisale.com.br\/pastoral\/wp-content\/uploads\/2025\/08\/IMG_9454-1024x683-1-150x150.jpg\" class=\"attachment-thumbnail size-thumbnail\" alt=\"\" \/><\/a>\n\t\t\t<\/dt><\/dl><dl class='gallery-item'>\n\t\t\t<dt class='gallery-icon landscape'>\n\t\t\t\t<a href='https:\/\/unisale.com.br\/pastoral\/vams-promove-rede-de-solidariedade-e-transforma-a-vida-de-academicos-e-indigenas\/img_0549-1024x683\/'><img loading=\"lazy\" decoding=\"async\" width=\"150\" height=\"150\" src=\"https:\/\/unisale.com.br\/pastoral\/wp-content\/uploads\/2025\/08\/IMG_0549-1024x683-1-150x150.jpg\" class=\"attachment-thumbnail size-thumbnail\" alt=\"\" \/><\/a>\n\t\t\t<\/dt><\/dl><dl class='gallery-item'>\n\t\t\t<dt class='gallery-icon landscape'>\n\t\t\t\t<a href='https:\/\/unisale.com.br\/pastoral\/vams-promove-rede-de-solidariedade-e-transforma-a-vida-de-academicos-e-indigenas\/img_0130-1024x683\/'><img loading=\"lazy\" decoding=\"async\" width=\"150\" height=\"150\" src=\"https:\/\/unisale.com.br\/pastoral\/wp-content\/uploads\/2025\/08\/IMG_0130-1024x683-1-150x150.jpg\" class=\"attachment-thumbnail size-thumbnail\" alt=\"\" \/><\/a>\n\t\t\t<\/dt><\/dl><br style=\"clear: both\" \/><dl class='gallery-item'>\n\t\t\t<dt class='gallery-icon landscape'>\n\t\t\t\t<a href='https:\/\/unisale.com.br\/pastoral\/vams-promove-rede-de-solidariedade-e-transforma-a-vida-de-academicos-e-indigenas\/img_0132-1024x683\/'><img loading=\"lazy\" decoding=\"async\" width=\"150\" height=\"150\" src=\"https:\/\/unisale.com.br\/pastoral\/wp-content\/uploads\/2025\/08\/IMG_0132-1024x683-1-150x150.jpg\" class=\"attachment-thumbnail size-thumbnail\" alt=\"\" \/><\/a>\n\t\t\t<\/dt><\/dl><dl class='gallery-item'>\n\t\t\t<dt class='gallery-icon landscape'>\n\t\t\t\t<a href='https:\/\/unisale.com.br\/pastoral\/vams-promove-rede-de-solidariedade-e-transforma-a-vida-de-academicos-e-indigenas\/img_0572-1024x683\/'><img loading=\"lazy\" decoding=\"async\" width=\"150\" height=\"150\" src=\"https:\/\/unisale.com.br\/pastoral\/wp-content\/uploads\/2025\/08\/IMG_0572-1024x683-1-150x150.jpg\" class=\"attachment-thumbnail size-thumbnail\" alt=\"\" \/><\/a>\n\t\t\t<\/dt><\/dl><dl class='gallery-item'>\n\t\t\t<dt class='gallery-icon landscape'>\n\t\t\t\t<a href='https:\/\/unisale.com.br\/pastoral\/vams-promove-rede-de-solidariedade-e-transforma-a-vida-de-academicos-e-indigenas\/img_0580-1024x683\/'><img loading=\"lazy\" decoding=\"async\" width=\"150\" height=\"150\" src=\"https:\/\/unisale.com.br\/pastoral\/wp-content\/uploads\/2025\/08\/IMG_0580-1024x683-1-150x150.jpg\" class=\"attachment-thumbnail size-thumbnail\" alt=\"\" \/><\/a>\n\t\t\t<\/dt><\/dl><dl class='gallery-item'>\n\t\t\t<dt class='gallery-icon landscape'>\n\t\t\t\t<a href='https:\/\/unisale.com.br\/pastoral\/vams-promove-rede-de-solidariedade-e-transforma-a-vida-de-academicos-e-indigenas\/img_0612-1024x683\/'><img loading=\"lazy\" decoding=\"async\" width=\"150\" height=\"150\" src=\"https:\/\/unisale.com.br\/pastoral\/wp-content\/uploads\/2025\/08\/IMG_0612-1024x683-1-150x150.jpg\" class=\"attachment-thumbnail size-thumbnail\" alt=\"\" \/><\/a>\n\t\t\t<\/dt><\/dl><br style=\"clear: both\" \/><dl class='gallery-item'>\n\t\t\t<dt class='gallery-icon landscape'>\n\t\t\t\t<a href='https:\/\/unisale.com.br\/pastoral\/vams-promove-rede-de-solidariedade-e-transforma-a-vida-de-academicos-e-indigenas\/img_0755-1024x683\/'><img loading=\"lazy\" decoding=\"async\" width=\"150\" height=\"150\" src=\"https:\/\/unisale.com.br\/pastoral\/wp-content\/uploads\/2025\/08\/IMG_0755-1024x683-1-150x150.jpg\" class=\"attachment-thumbnail size-thumbnail\" alt=\"\" \/><\/a>\n\t\t\t<\/dt><\/dl><dl class='gallery-item'>\n\t\t\t<dt class='gallery-icon landscape'>\n\t\t\t\t<a href='https:\/\/unisale.com.br\/pastoral\/vams-promove-rede-de-solidariedade-e-transforma-a-vida-de-academicos-e-indigenas\/img_0736-1024x683\/'><img loading=\"lazy\" decoding=\"async\" width=\"150\" height=\"150\" src=\"https:\/\/unisale.com.br\/pastoral\/wp-content\/uploads\/2025\/08\/IMG_0736-1024x683-1-150x150.jpg\" class=\"attachment-thumbnail size-thumbnail\" alt=\"\" \/><\/a>\n\t\t\t<\/dt><\/dl><dl class='gallery-item'>\n\t\t\t<dt class='gallery-icon landscape'>\n\t\t\t\t<a href='https:\/\/unisale.com.br\/pastoral\/vams-promove-rede-de-solidariedade-e-transforma-a-vida-de-academicos-e-indigenas\/img_0699-1024x683\/'><img loading=\"lazy\" decoding=\"async\" width=\"150\" height=\"150\" src=\"https:\/\/unisale.com.br\/pastoral\/wp-content\/uploads\/2025\/08\/IMG_0699-1024x683-1-150x150.jpg\" class=\"attachment-thumbnail size-thumbnail\" alt=\"\" \/><\/a>\n\t\t\t<\/dt><\/dl><dl class='gallery-item'>\n\t\t\t<dt class='gallery-icon landscape'>\n\t\t\t\t<a href='https:\/\/unisale.com.br\/pastoral\/vams-promove-rede-de-solidariedade-e-transforma-a-vida-de-academicos-e-indigenas\/img_0619-1024x683\/'><img loading=\"lazy\" decoding=\"async\" width=\"150\" height=\"150\" src=\"https:\/\/unisale.com.br\/pastoral\/wp-content\/uploads\/2025\/08\/IMG_0619-1024x683-1-150x150.jpg\" class=\"attachment-thumbnail size-thumbnail\" alt=\"\" \/><\/a>\n\t\t\t<\/dt><\/dl><br style=\"clear: both\" \/><dl class='gallery-item'>\n\t\t\t<dt class='gallery-icon landscape'>\n\t\t\t\t<a href='https:\/\/unisale.com.br\/pastoral\/vams-promove-rede-de-solidariedade-e-transforma-a-vida-de-academicos-e-indigenas\/img_0760-1024x683\/'><img loading=\"lazy\" decoding=\"async\" width=\"150\" height=\"150\" src=\"https:\/\/unisale.com.br\/pastoral\/wp-content\/uploads\/2025\/08\/IMG_0760-1024x683-1-150x150.jpg\" class=\"attachment-thumbnail size-thumbnail\" alt=\"\" \/><\/a>\n\t\t\t<\/dt><\/dl><dl class='gallery-item'>\n\t\t\t<dt class='gallery-icon landscape'>\n\t\t\t\t<a href='https:\/\/unisale.com.br\/pastoral\/vams-promove-rede-de-solidariedade-e-transforma-a-vida-de-academicos-e-indigenas\/img_0765-1024x683-3\/'><img loading=\"lazy\" decoding=\"async\" width=\"150\" height=\"150\" src=\"https:\/\/unisale.com.br\/pastoral\/wp-content\/uploads\/2025\/08\/IMG_0765-1024x683-1-150x150.jpg\" class=\"attachment-thumbnail size-thumbnail\" alt=\"\" \/><\/a>\n\t\t\t<\/dt><\/dl><dl class='gallery-item'>\n\t\t\t<dt class='gallery-icon landscape'>\n\t\t\t\t<a href='https:\/\/unisale.com.br\/pastoral\/vams-promove-rede-de-solidariedade-e-transforma-a-vida-de-academicos-e-indigenas\/img_9069-1024x683-2\/'><img loading=\"lazy\" decoding=\"async\" width=\"150\" height=\"150\" src=\"https:\/\/unisale.com.br\/pastoral\/wp-content\/uploads\/2025\/08\/IMG_9069-1024x683-1-150x150.jpg\" class=\"attachment-thumbnail size-thumbnail\" alt=\"\" \/><\/a>\n\t\t\t<\/dt><\/dl><dl class='gallery-item'>\n\t\t\t<dt class='gallery-icon landscape'>\n\t\t\t\t<a href='https:\/\/unisale.com.br\/pastoral\/vams-promove-rede-de-solidariedade-e-transforma-a-vida-de-academicos-e-indigenas\/img_9120-1024x683\/'><img loading=\"lazy\" decoding=\"async\" width=\"150\" height=\"150\" src=\"https:\/\/unisale.com.br\/pastoral\/wp-content\/uploads\/2025\/08\/IMG_9120-1024x683-1-150x150.jpg\" class=\"attachment-thumbnail size-thumbnail\" alt=\"\" \/><\/a>\n\t\t\t<\/dt><\/dl><br style=\"clear: both\" \/><dl class='gallery-item'>\n\t\t\t<dt class='gallery-icon landscape'>\n\t\t\t\t<a href='https:\/\/unisale.com.br\/pastoral\/vams-promove-rede-de-solidariedade-e-transforma-a-vida-de-academicos-e-indigenas\/img_9422-1024x683-2\/'><img loading=\"lazy\" decoding=\"async\" width=\"150\" height=\"150\" src=\"https:\/\/unisale.com.br\/pastoral\/wp-content\/uploads\/2025\/08\/IMG_9422-1024x683-1-150x150.jpg\" class=\"attachment-thumbnail size-thumbnail\" alt=\"\" \/><\/a>\n\t\t\t<\/dt><\/dl><dl class='gallery-item'>\n\t\t\t<dt class='gallery-icon landscape'>\n\t\t\t\t<a href='https:\/\/unisale.com.br\/pastoral\/vams-promove-rede-de-solidariedade-e-transforma-a-vida-de-academicos-e-indigenas\/img_9381-1024x683-2\/'><img loading=\"lazy\" decoding=\"async\" width=\"150\" height=\"150\" src=\"https:\/\/unisale.com.br\/pastoral\/wp-content\/uploads\/2025\/08\/IMG_9381-1024x683-1-150x150.jpg\" class=\"attachment-thumbnail size-thumbnail\" alt=\"\" \/><\/a>\n\t\t\t<\/dt><\/dl><dl class='gallery-item'>\n\t\t\t<dt class='gallery-icon landscape'>\n\t\t\t\t<a href='https:\/\/unisale.com.br\/pastoral\/vams-promove-rede-de-solidariedade-e-transforma-a-vida-de-academicos-e-indigenas\/img_9271-1024x683\/'><img loading=\"lazy\" decoding=\"async\" width=\"150\" height=\"150\" src=\"https:\/\/unisale.com.br\/pastoral\/wp-content\/uploads\/2025\/08\/IMG_9271-1024x683-1-150x150.jpg\" class=\"attachment-thumbnail size-thumbnail\" alt=\"\" \/><\/a>\n\t\t\t<\/dt><\/dl><dl class='gallery-item'>\n\t\t\t<dt class='gallery-icon landscape'>\n\t\t\t\t<a href='https:\/\/unisale.com.br\/pastoral\/vams-promove-rede-de-solidariedade-e-transforma-a-vida-de-academicos-e-indigenas\/img_9427-1024x683\/'><img loading=\"lazy\" decoding=\"async\" width=\"150\" height=\"150\" src=\"https:\/\/unisale.com.br\/pastoral\/wp-content\/uploads\/2025\/08\/IMG_9427-1024x683-1-150x150.jpg\" class=\"attachment-thumbnail size-thumbnail\" alt=\"\" \/><\/a>\n\t\t\t<\/dt><\/dl><br style=\"clear: both\" \/><dl class='gallery-item'>\n\t\t\t<dt class='gallery-icon landscape'>\n\t\t\t\t<a href='https:\/\/unisale.com.br\/pastoral\/vams-promove-rede-de-solidariedade-e-transforma-a-vida-de-academicos-e-indigenas\/img_9459-1024x683\/'><img loading=\"lazy\" decoding=\"async\" width=\"150\" height=\"150\" src=\"https:\/\/unisale.com.br\/pastoral\/wp-content\/uploads\/2025\/08\/IMG_9459-1024x683-1-150x150.jpg\" class=\"attachment-thumbnail size-thumbnail\" alt=\"\" \/><\/a>\n\t\t\t<\/dt><\/dl><dl class='gallery-item'>\n\t\t\t<dt class='gallery-icon landscape'>\n\t\t\t\t<a href='https:\/\/unisale.com.br\/pastoral\/vams-promove-rede-de-solidariedade-e-transforma-a-vida-de-academicos-e-indigenas\/img_9467-1024x683\/'><img loading=\"lazy\" decoding=\"async\" width=\"150\" height=\"150\" src=\"https:\/\/unisale.com.br\/pastoral\/wp-content\/uploads\/2025\/08\/IMG_9467-1024x683-1-150x150.jpg\" class=\"attachment-thumbnail size-thumbnail\" alt=\"\" \/><\/a>\n\t\t\t<\/dt><\/dl><dl class='gallery-item'>\n\t\t\t<dt class='gallery-icon landscape'>\n\t\t\t\t<a href='https:\/\/unisale.com.br\/pastoral\/vams-promove-rede-de-solidariedade-e-transforma-a-vida-de-academicos-e-indigenas\/img_9538-1024x683\/'><img loading=\"lazy\" decoding=\"async\" width=\"150\" height=\"150\" src=\"https:\/\/unisale.com.br\/pastoral\/wp-content\/uploads\/2025\/08\/IMG_9538-1024x683-1-150x150.jpg\" class=\"attachment-thumbnail size-thumbnail\" alt=\"\" \/><\/a>\n\t\t\t<\/dt><\/dl><dl class='gallery-item'>\n\t\t\t<dt class='gallery-icon landscape'>\n\t\t\t\t<a href='https:\/\/unisale.com.br\/pastoral\/vams-promove-rede-de-solidariedade-e-transforma-a-vida-de-academicos-e-indigenas\/img_9523-1024x683\/'><img loading=\"lazy\" decoding=\"async\" width=\"150\" height=\"150\" src=\"https:\/\/unisale.com.br\/pastoral\/wp-content\/uploads\/2025\/08\/IMG_9523-1024x683-1-150x150.jpg\" class=\"attachment-thumbnail size-thumbnail\" alt=\"\" \/><\/a>\n\t\t\t<\/dt><\/dl><br style=\"clear: both\" \/><dl class='gallery-item'>\n\t\t\t<dt class='gallery-icon landscape'>\n\t\t\t\t<a href='https:\/\/unisale.com.br\/pastoral\/vams-promove-rede-de-solidariedade-e-transforma-a-vida-de-academicos-e-indigenas\/img_9510-1024x683\/'><img loading=\"lazy\" decoding=\"async\" width=\"150\" height=\"150\" src=\"https:\/\/unisale.com.br\/pastoral\/wp-content\/uploads\/2025\/08\/IMG_9510-1024x683-1-150x150.jpg\" class=\"attachment-thumbnail size-thumbnail\" alt=\"\" \/><\/a>\n\t\t\t<\/dt><\/dl><dl class='gallery-item'>\n\t\t\t<dt class='gallery-icon landscape'>\n\t\t\t\t<a href='https:\/\/unisale.com.br\/pastoral\/vams-promove-rede-de-solidariedade-e-transforma-a-vida-de-academicos-e-indigenas\/img_9496-1024x683-2\/'><img loading=\"lazy\" decoding=\"async\" width=\"150\" height=\"150\" src=\"https:\/\/unisale.com.br\/pastoral\/wp-content\/uploads\/2025\/08\/IMG_9496-1024x683-1-150x150.jpg\" class=\"attachment-thumbnail size-thumbnail\" alt=\"\" \/><\/a>\n\t\t\t<\/dt><\/dl><dl class='gallery-item'>\n\t\t\t<dt class='gallery-icon landscape'>\n\t\t\t\t<a href='https:\/\/unisale.com.br\/pastoral\/vams-promove-rede-de-solidariedade-e-transforma-a-vida-de-academicos-e-indigenas\/img_9656-1024x683\/'><img loading=\"lazy\" decoding=\"async\" width=\"150\" height=\"150\" src=\"https:\/\/unisale.com.br\/pastoral\/wp-content\/uploads\/2025\/08\/IMG_9656-1024x683-1-150x150.jpg\" class=\"attachment-thumbnail size-thumbnail\" alt=\"\" \/><\/a>\n\t\t\t<\/dt><\/dl><dl class='gallery-item'>\n\t\t\t<dt class='gallery-icon landscape'>\n\t\t\t\t<a href='https:\/\/unisale.com.br\/pastoral\/vams-promove-rede-de-solidariedade-e-transforma-a-vida-de-academicos-e-indigenas\/img_9719-1024x683\/'><img loading=\"lazy\" decoding=\"async\" width=\"150\" height=\"150\" src=\"https:\/\/unisale.com.br\/pastoral\/wp-content\/uploads\/2025\/08\/IMG_9719-1024x683-1-150x150.jpg\" class=\"attachment-thumbnail size-thumbnail\" alt=\"\" \/><\/a>\n\t\t\t<\/dt><\/dl><br style=\"clear: both\" \/><dl class='gallery-item'>\n\t\t\t<dt class='gallery-icon landscape'>\n\t\t\t\t<a href='https:\/\/unisale.com.br\/pastoral\/vams-promove-rede-de-solidariedade-e-transforma-a-vida-de-academicos-e-indigenas\/img_9783-1024x683\/'><img loading=\"lazy\" decoding=\"async\" width=\"150\" height=\"150\" src=\"https:\/\/unisale.com.br\/pastoral\/wp-content\/uploads\/2025\/08\/IMG_9783-1024x683-1-150x150.jpg\" class=\"attachment-thumbnail size-thumbnail\" alt=\"\" \/><\/a>\n\t\t\t<\/dt><\/dl><dl class='gallery-item'>\n\t\t\t<dt class='gallery-icon landscape'>\n\t\t\t\t<a href='https:\/\/unisale.com.br\/pastoral\/vams-promove-rede-de-solidariedade-e-transforma-a-vida-de-academicos-e-indigenas\/img_9834-1024x683\/'><img loading=\"lazy\" decoding=\"async\" width=\"150\" height=\"150\" src=\"https:\/\/unisale.com.br\/pastoral\/wp-content\/uploads\/2025\/08\/IMG_9834-1024x683-1-150x150.jpg\" class=\"attachment-thumbnail size-thumbnail\" alt=\"\" \/><\/a>\n\t\t\t<\/dt><\/dl><dl class='gallery-item'>\n\t\t\t<dt class='gallery-icon landscape'>\n\t\t\t\t<a href='https:\/\/unisale.com.br\/pastoral\/vams-promove-rede-de-solidariedade-e-transforma-a-vida-de-academicos-e-indigenas\/img_9921-1024x683\/'><img loading=\"lazy\" decoding=\"async\" width=\"150\" height=\"150\" src=\"https:\/\/unisale.com.br\/pastoral\/wp-content\/uploads\/2025\/08\/IMG_9921-1024x683-1-150x150.jpg\" class=\"attachment-thumbnail size-thumbnail\" alt=\"\" \/><\/a>\n\t\t\t<\/dt><\/dl><dl class='gallery-item'>\n\t\t\t<dt class='gallery-icon portrait'>\n\t\t\t\t<a href='https:\/\/unisale.com.br\/pastoral\/vams-promove-rede-de-solidariedade-e-transforma-a-vida-de-academicos-e-indigenas\/img_9786-683x1024\/'><img loading=\"lazy\" decoding=\"async\" width=\"150\" height=\"150\" src=\"https:\/\/unisale.com.br\/pastoral\/wp-content\/uploads\/2025\/08\/IMG_9786-683x1024-1-150x150.jpg\" class=\"attachment-thumbnail size-thumbnail\" alt=\"\" \/><\/a>\n\t\t\t<\/dt><\/dl><br style=\"clear: both\" \/><dl class='gallery-item'>\n\t\t\t<dt class='gallery-icon landscape'>\n\t\t\t\t<a href='https:\/\/unisale.com.br\/pastoral\/vams-promove-rede-de-solidariedade-e-transforma-a-vida-de-academicos-e-indigenas\/img_9721-1024x683\/'><img loading=\"lazy\" decoding=\"async\" width=\"150\" height=\"150\" src=\"https:\/\/unisale.com.br\/pastoral\/wp-content\/uploads\/2025\/08\/IMG_9721-1024x683-1-150x150.jpg\" class=\"attachment-thumbnail size-thumbnail\" alt=\"\" \/><\/a>\n\t\t\t<\/dt><\/dl><dl class='gallery-item'>\n\t\t\t<dt class='gallery-icon landscape'>\n\t\t\t\t<a href='https:\/\/unisale.com.br\/pastoral\/vams-promove-rede-de-solidariedade-e-transforma-a-vida-de-academicos-e-indigenas\/img_9704-1024x683\/'><img loading=\"lazy\" decoding=\"async\" width=\"150\" height=\"150\" src=\"https:\/\/unisale.com.br\/pastoral\/wp-content\/uploads\/2025\/08\/IMG_9704-1024x683-1-150x150.jpg\" class=\"attachment-thumbnail size-thumbnail\" alt=\"\" \/><\/a>\n\t\t\t<\/dt><\/dl><dl class='gallery-item'>\n\t\t\t<dt class='gallery-icon landscape'>\n\t\t\t\t<a href='https:\/\/unisale.com.br\/pastoral\/vams-promove-rede-de-solidariedade-e-transforma-a-vida-de-academicos-e-indigenas\/img_9715-1024x683\/'><img loading=\"lazy\" decoding=\"async\" width=\"150\" height=\"150\" src=\"https:\/\/unisale.com.br\/pastoral\/wp-content\/uploads\/2025\/08\/IMG_9715-1024x683-1-150x150.jpg\" class=\"attachment-thumbnail size-thumbnail\" alt=\"\" \/><\/a>\n\t\t\t<\/dt><\/dl><dl class='gallery-item'>\n\t\t\t<dt class='gallery-icon landscape'>\n\t\t\t\t<a href='https:\/\/unisale.com.br\/pastoral\/vams-promove-rede-de-solidariedade-e-transforma-a-vida-de-academicos-e-indigenas\/img_9724-1024x683\/'><img loading=\"lazy\" decoding=\"async\" width=\"150\" height=\"150\" src=\"https:\/\/unisale.com.br\/pastoral\/wp-content\/uploads\/2025\/08\/IMG_9724-1024x683-1-150x150.jpg\" class=\"attachment-thumbnail size-thumbnail\" alt=\"\" \/><\/a>\n\t\t\t<\/dt><\/dl><br style=\"clear: both\" \/><dl class='gallery-item'>\n\t\t\t<dt class='gallery-icon portrait'>\n\t\t\t\t<a href='https:\/\/unisale.com.br\/pastoral\/vams-promove-rede-de-solidariedade-e-transforma-a-vida-de-academicos-e-indigenas\/img_9787-683x1024\/'><img loading=\"lazy\" decoding=\"async\" width=\"150\" height=\"150\" src=\"https:\/\/unisale.com.br\/pastoral\/wp-content\/uploads\/2025\/08\/IMG_9787-683x1024-1-150x150.jpg\" class=\"attachment-thumbnail size-thumbnail\" alt=\"\" \/><\/a>\n\t\t\t<\/dt><\/dl><dl class='gallery-item'>\n\t\t\t<dt class='gallery-icon landscape'>\n\t\t\t\t<a href='https:\/\/unisale.com.br\/pastoral\/vams-promove-rede-de-solidariedade-e-transforma-a-vida-de-academicos-e-indigenas\/img_9798-1024x683\/'><img loading=\"lazy\" decoding=\"async\" width=\"150\" height=\"150\" src=\"https:\/\/unisale.com.br\/pastoral\/wp-content\/uploads\/2025\/08\/IMG_9798-1024x683-1-150x150.jpg\" class=\"attachment-thumbnail size-thumbnail\" alt=\"\" \/><\/a>\n\t\t\t<\/dt><\/dl><dl class='gallery-item'>\n\t\t\t<dt class='gallery-icon landscape'>\n\t\t\t\t<a href='https:\/\/unisale.com.br\/pastoral\/vams-promove-rede-de-solidariedade-e-transforma-a-vida-de-academicos-e-indigenas\/img_9761-1024x683\/'><img loading=\"lazy\" decoding=\"async\" width=\"150\" height=\"150\" src=\"https:\/\/unisale.com.br\/pastoral\/wp-content\/uploads\/2025\/08\/IMG_9761-1024x683-1-150x150.jpg\" class=\"attachment-thumbnail size-thumbnail\" alt=\"\" \/><\/a>\n\t\t\t<\/dt><\/dl><dl class='gallery-item'>\n\t\t\t<dt class='gallery-icon landscape'>\n\t\t\t\t<a href='https:\/\/unisale.com.br\/pastoral\/vams-promove-rede-de-solidariedade-e-transforma-a-vida-de-academicos-e-indigenas\/img_9717-1024x683\/'><img loading=\"lazy\" decoding=\"async\" width=\"150\" height=\"150\" src=\"https:\/\/unisale.com.br\/pastoral\/wp-content\/uploads\/2025\/08\/IMG_9717-1024x683-1-150x150.jpg\" class=\"attachment-thumbnail size-thumbnail\" alt=\"\" \/><\/a>\n\t\t\t<\/dt><\/dl><br style=\"clear: both\" \/>\n\t\t<\/div>\n\n<p>&nbsp;<\/p>\n<p>&nbsp;<\/p>\n","protected":false},"excerpt":{"rendered":"<p>A\u00a07\u00aa edi\u00e7\u00e3o do VAMS \u2013 Voluntariado Acad\u00eamico Mission\u00e1rio Salesiano, promovido pelo\u00a0UniSALESIANO, aconteceu em julho de 2025 e deixou marcas profundas nos acad\u00eamicos participantes e nas&#8230;<\/p>\n","protected":false},"author":1,"featured_media":12913,"comment_status":"closed","ping_status":"closed","sticky":false,"template":"","format":"standard","meta":{"_acf_changed":false,"footnotes":""},"categories":[3],"tags":[],"class_list":["post-12892","post","type-post","status-publish","format-standard","has-post-thumbnail","hentry","category-not"],"acf":[],"yoast_head":"<!-- This site is optimized with the Yoast SEO plugin v27.3 - https:\/\/yoast.com\/product\/yoast-seo-wordpress\/ -->\n<title>VAMS promove rede de solidariedade e transforma a vida de acad\u00eamicos e ind\u00edgenas - Pastoral Universit\u00e1ria UniSALESIANO<\/title>\n<meta name=\"robots\" content=\"index, follow, max-snippet:-1, max-image-preview:large, max-video-preview:-1\" \/>\n<link rel=\"canonical\" href=\"https:\/\/unisale.com.br\/pastoral\/vams-promove-rede-de-solidariedade-e-transforma-a-vida-de-academicos-e-indigenas\/\" \/>\n<meta property=\"og:locale\" content=\"pt_BR\" \/>\n<meta property=\"og:type\" content=\"article\" \/>\n<meta property=\"og:title\" content=\"VAMS promove rede de solidariedade e transforma a vida de acad\u00eamicos e ind\u00edgenas - Pastoral Universit\u00e1ria UniSALESIANO\" \/>\n<meta property=\"og:description\" content=\"A\u00a07\u00aa edi\u00e7\u00e3o do VAMS \u2013 Voluntariado Acad\u00eamico Mission\u00e1rio Salesiano, promovido pelo\u00a0UniSALESIANO, aconteceu em julho de 2025 e deixou marcas profundas nos acad\u00eamicos participantes e nas...\" \/>\n<meta property=\"og:url\" content=\"https:\/\/unisale.com.br\/pastoral\/vams-promove-rede-de-solidariedade-e-transforma-a-vida-de-academicos-e-indigenas\/\" \/>\n<meta property=\"og:site_name\" content=\"Pastoral Universit\u00e1ria UniSALESIANO\" \/>\n<meta property=\"article:published_time\" content=\"2025-08-12T19:15:56+00:00\" \/>\n<meta property=\"og:image\" content=\"https:\/\/unisale.com.br\/pastoral\/wp-content\/uploads\/2025\/08\/IMG_9345-768x512-2.jpg\" \/>\n\t<meta property=\"og:image:width\" content=\"768\" \/>\n\t<meta property=\"og:image:height\" content=\"512\" \/>\n\t<meta property=\"og:image:type\" content=\"image\/jpeg\" \/>\n<meta name=\"author\" content=\"pastoral\" \/>\n<meta name=\"twitter:card\" content=\"summary_large_image\" \/>\n<meta name=\"twitter:label1\" content=\"Escrito por\" \/>\n\t<meta name=\"twitter:data1\" content=\"pastoral\" \/>\n\t<meta name=\"twitter:label2\" content=\"Est. tempo de leitura\" \/>\n\t<meta name=\"twitter:data2\" content=\"4 minutos\" \/>\n<script type=\"application\/ld+json\" class=\"yoast-schema-graph\">{\"@context\":\"https:\\\/\\\/schema.org\",\"@graph\":[{\"@type\":\"Article\",\"@id\":\"https:\\\/\\\/unisale.com.br\\\/pastoral\\\/vams-promove-rede-de-solidariedade-e-transforma-a-vida-de-academicos-e-indigenas\\\/#article\",\"isPartOf\":{\"@id\":\"https:\\\/\\\/unisale.com.br\\\/pastoral\\\/vams-promove-rede-de-solidariedade-e-transforma-a-vida-de-academicos-e-indigenas\\\/\"},\"author\":{\"name\":\"pastoral\",\"@id\":\"https:\\\/\\\/unisale.com.br\\\/pastoral\\\/#\\\/schema\\\/person\\\/a16ba711a0f7dec9cb6b44563144d5a3\"},\"headline\":\"VAMS promove rede de solidariedade e transforma a vida de acad\u00eamicos e ind\u00edgenas\",\"datePublished\":\"2025-08-12T19:15:56+00:00\",\"mainEntityOfPage\":{\"@id\":\"https:\\\/\\\/unisale.com.br\\\/pastoral\\\/vams-promove-rede-de-solidariedade-e-transforma-a-vida-de-academicos-e-indigenas\\\/\"},\"wordCount\":656,\"image\":{\"@id\":\"https:\\\/\\\/unisale.com.br\\\/pastoral\\\/vams-promove-rede-de-solidariedade-e-transforma-a-vida-de-academicos-e-indigenas\\\/#primaryimage\"},\"thumbnailUrl\":\"https:\\\/\\\/unisale.com.br\\\/pastoral\\\/wp-content\\\/uploads\\\/2025\\\/08\\\/IMG_9345-768x512-2.jpg\",\"articleSection\":[\"Not\u00edcias\"],\"inLanguage\":\"pt-BR\"},{\"@type\":\"WebPage\",\"@id\":\"https:\\\/\\\/unisale.com.br\\\/pastoral\\\/vams-promove-rede-de-solidariedade-e-transforma-a-vida-de-academicos-e-indigenas\\\/\",\"url\":\"https:\\\/\\\/unisale.com.br\\\/pastoral\\\/vams-promove-rede-de-solidariedade-e-transforma-a-vida-de-academicos-e-indigenas\\\/\",\"name\":\"VAMS promove rede de solidariedade e transforma a vida de acad\u00eamicos e ind\u00edgenas - Pastoral Universit\u00e1ria UniSALESIANO\",\"isPartOf\":{\"@id\":\"https:\\\/\\\/unisale.com.br\\\/pastoral\\\/#website\"},\"primaryImageOfPage\":{\"@id\":\"https:\\\/\\\/unisale.com.br\\\/pastoral\\\/vams-promove-rede-de-solidariedade-e-transforma-a-vida-de-academicos-e-indigenas\\\/#primaryimage\"},\"image\":{\"@id\":\"https:\\\/\\\/unisale.com.br\\\/pastoral\\\/vams-promove-rede-de-solidariedade-e-transforma-a-vida-de-academicos-e-indigenas\\\/#primaryimage\"},\"thumbnailUrl\":\"https:\\\/\\\/unisale.com.br\\\/pastoral\\\/wp-content\\\/uploads\\\/2025\\\/08\\\/IMG_9345-768x512-2.jpg\",\"datePublished\":\"2025-08-12T19:15:56+00:00\",\"author\":{\"@id\":\"https:\\\/\\\/unisale.com.br\\\/pastoral\\\/#\\\/schema\\\/person\\\/a16ba711a0f7dec9cb6b44563144d5a3\"},\"inLanguage\":\"pt-BR\",\"potentialAction\":[{\"@type\":\"ReadAction\",\"target\":[\"https:\\\/\\\/unisale.com.br\\\/pastoral\\\/vams-promove-rede-de-solidariedade-e-transforma-a-vida-de-academicos-e-indigenas\\\/\"]}]},{\"@type\":\"ImageObject\",\"inLanguage\":\"pt-BR\",\"@id\":\"https:\\\/\\\/unisale.com.br\\\/pastoral\\\/vams-promove-rede-de-solidariedade-e-transforma-a-vida-de-academicos-e-indigenas\\\/#primaryimage\",\"url\":\"https:\\\/\\\/unisale.com.br\\\/pastoral\\\/wp-content\\\/uploads\\\/2025\\\/08\\\/IMG_9345-768x512-2.jpg\",\"contentUrl\":\"https:\\\/\\\/unisale.com.br\\\/pastoral\\\/wp-content\\\/uploads\\\/2025\\\/08\\\/IMG_9345-768x512-2.jpg\",\"width\":750,\"height\":500},{\"@type\":\"WebSite\",\"@id\":\"https:\\\/\\\/unisale.com.br\\\/pastoral\\\/#website\",\"url\":\"https:\\\/\\\/unisale.com.br\\\/pastoral\\\/\",\"name\":\"Pastoral Universit\u00e1ria UniSALESIANO\",\"description\":\"Site da Pastoral Universit\u00e1ria do UniSALESIANO\",\"potentialAction\":[{\"@type\":\"SearchAction\",\"target\":{\"@type\":\"EntryPoint\",\"urlTemplate\":\"https:\\\/\\\/unisale.com.br\\\/pastoral\\\/?s={search_term_string}\"},\"query-input\":{\"@type\":\"PropertyValueSpecification\",\"valueRequired\":true,\"valueName\":\"search_term_string\"}}],\"inLanguage\":\"pt-BR\"},{\"@type\":\"Person\",\"@id\":\"https:\\\/\\\/unisale.com.br\\\/pastoral\\\/#\\\/schema\\\/person\\\/a16ba711a0f7dec9cb6b44563144d5a3\",\"name\":\"pastoral\",\"url\":\"https:\\\/\\\/unisale.com.br\\\/pastoral\\\/author\\\/pastoral\\\/\"}]}<\/script>\n<!-- \/ Yoast SEO plugin. -->","yoast_head_json":{"title":"VAMS promove rede de solidariedade e transforma a vida de acad\u00eamicos e ind\u00edgenas - Pastoral Universit\u00e1ria UniSALESIANO","robots":{"index":"index","follow":"follow","max-snippet":"max-snippet:-1","max-image-preview":"max-image-preview:large","max-video-preview":"max-video-preview:-1"},"canonical":"https:\/\/unisale.com.br\/pastoral\/vams-promove-rede-de-solidariedade-e-transforma-a-vida-de-academicos-e-indigenas\/","og_locale":"pt_BR","og_type":"article","og_title":"VAMS promove rede de solidariedade e transforma a vida de acad\u00eamicos e ind\u00edgenas - Pastoral Universit\u00e1ria UniSALESIANO","og_description":"A\u00a07\u00aa edi\u00e7\u00e3o do VAMS \u2013 Voluntariado Acad\u00eamico Mission\u00e1rio Salesiano, promovido pelo\u00a0UniSALESIANO, aconteceu em julho de 2025 e deixou marcas profundas nos acad\u00eamicos participantes e nas...","og_url":"https:\/\/unisale.com.br\/pastoral\/vams-promove-rede-de-solidariedade-e-transforma-a-vida-de-academicos-e-indigenas\/","og_site_name":"Pastoral Universit\u00e1ria UniSALESIANO","article_published_time":"2025-08-12T19:15:56+00:00","og_image":[{"width":768,"height":512,"url":"https:\/\/unisale.com.br\/pastoral\/wp-content\/uploads\/2025\/08\/IMG_9345-768x512-2.jpg","type":"image\/jpeg"}],"author":"pastoral","twitter_card":"summary_large_image","twitter_misc":{"Escrito por":"pastoral","Est. tempo de leitura":"4 minutos"},"schema":{"@context":"https:\/\/schema.org","@graph":[{"@type":"Article","@id":"https:\/\/unisale.com.br\/pastoral\/vams-promove-rede-de-solidariedade-e-transforma-a-vida-de-academicos-e-indigenas\/#article","isPartOf":{"@id":"https:\/\/unisale.com.br\/pastoral\/vams-promove-rede-de-solidariedade-e-transforma-a-vida-de-academicos-e-indigenas\/"},"author":{"name":"pastoral","@id":"https:\/\/unisale.com.br\/pastoral\/#\/schema\/person\/a16ba711a0f7dec9cb6b44563144d5a3"},"headline":"VAMS promove rede de solidariedade e transforma a vida de acad\u00eamicos e ind\u00edgenas","datePublished":"2025-08-12T19:15:56+00:00","mainEntityOfPage":{"@id":"https:\/\/unisale.com.br\/pastoral\/vams-promove-rede-de-solidariedade-e-transforma-a-vida-de-academicos-e-indigenas\/"},"wordCount":656,"image":{"@id":"https:\/\/unisale.com.br\/pastoral\/vams-promove-rede-de-solidariedade-e-transforma-a-vida-de-academicos-e-indigenas\/#primaryimage"},"thumbnailUrl":"https:\/\/unisale.com.br\/pastoral\/wp-content\/uploads\/2025\/08\/IMG_9345-768x512-2.jpg","articleSection":["Not\u00edcias"],"inLanguage":"pt-BR"},{"@type":"WebPage","@id":"https:\/\/unisale.com.br\/pastoral\/vams-promove-rede-de-solidariedade-e-transforma-a-vida-de-academicos-e-indigenas\/","url":"https:\/\/unisale.com.br\/pastoral\/vams-promove-rede-de-solidariedade-e-transforma-a-vida-de-academicos-e-indigenas\/","name":"VAMS promove rede de solidariedade e transforma a vida de acad\u00eamicos e ind\u00edgenas - Pastoral Universit\u00e1ria UniSALESIANO","isPartOf":{"@id":"https:\/\/unisale.com.br\/pastoral\/#website"},"primaryImageOfPage":{"@id":"https:\/\/unisale.com.br\/pastoral\/vams-promove-rede-de-solidariedade-e-transforma-a-vida-de-academicos-e-indigenas\/#primaryimage"},"image":{"@id":"https:\/\/unisale.com.br\/pastoral\/vams-promove-rede-de-solidariedade-e-transforma-a-vida-de-academicos-e-indigenas\/#primaryimage"},"thumbnailUrl":"https:\/\/unisale.com.br\/pastoral\/wp-content\/uploads\/2025\/08\/IMG_9345-768x512-2.jpg","datePublished":"2025-08-12T19:15:56+00:00","author":{"@id":"https:\/\/unisale.com.br\/pastoral\/#\/schema\/person\/a16ba711a0f7dec9cb6b44563144d5a3"},"inLanguage":"pt-BR","potentialAction":[{"@type":"ReadAction","target":["https:\/\/unisale.com.br\/pastoral\/vams-promove-rede-de-solidariedade-e-transforma-a-vida-de-academicos-e-indigenas\/"]}]},{"@type":"ImageObject","inLanguage":"pt-BR","@id":"https:\/\/unisale.com.br\/pastoral\/vams-promove-rede-de-solidariedade-e-transforma-a-vida-de-academicos-e-indigenas\/#primaryimage","url":"https:\/\/unisale.com.br\/pastoral\/wp-content\/uploads\/2025\/08\/IMG_9345-768x512-2.jpg","contentUrl":"https:\/\/unisale.com.br\/pastoral\/wp-content\/uploads\/2025\/08\/IMG_9345-768x512-2.jpg","width":750,"height":500},{"@type":"WebSite","@id":"https:\/\/unisale.com.br\/pastoral\/#website","url":"https:\/\/unisale.com.br\/pastoral\/","name":"Pastoral Universit\u00e1ria UniSALESIANO","description":"Site da Pastoral Universit\u00e1ria do UniSALESIANO","potentialAction":[{"@type":"SearchAction","target":{"@type":"EntryPoint","urlTemplate":"https:\/\/unisale.com.br\/pastoral\/?s={search_term_string}"},"query-input":{"@type":"PropertyValueSpecification","valueRequired":true,"valueName":"search_term_string"}}],"inLanguage":"pt-BR"},{"@type":"Person","@id":"https:\/\/unisale.com.br\/pastoral\/#\/schema\/person\/a16ba711a0f7dec9cb6b44563144d5a3","name":"pastoral","url":"https:\/\/unisale.com.br\/pastoral\/author\/pastoral\/"}]}},"_links":{"self":[{"href":"https:\/\/unisale.com.br\/pastoral\/wp-json\/wp\/v2\/posts\/12892","targetHints":{"allow":["GET"]}}],"collection":[{"href":"https:\/\/unisale.com.br\/pastoral\/wp-json\/wp\/v2\/posts"}],"about":[{"href":"https:\/\/unisale.com.br\/pastoral\/wp-json\/wp\/v2\/types\/post"}],"author":[{"embeddable":true,"href":"https:\/\/unisale.com.br\/pastoral\/wp-json\/wp\/v2\/users\/1"}],"replies":[{"embeddable":true,"href":"https:\/\/unisale.com.br\/pastoral\/wp-json\/wp\/v2\/comments?post=12892"}],"version-history":[{"count":1,"href":"https:\/\/unisale.com.br\/pastoral\/wp-json\/wp\/v2\/posts\/12892\/revisions"}],"predecessor-version":[{"id":12942,"href":"https:\/\/unisale.com.br\/pastoral\/wp-json\/wp\/v2\/posts\/12892\/revisions\/12942"}],"wp:featuredmedia":[{"embeddable":true,"href":"https:\/\/unisale.com.br\/pastoral\/wp-json\/wp\/v2\/media\/12913"}],"wp:attachment":[{"href":"https:\/\/unisale.com.br\/pastoral\/wp-json\/wp\/v2\/media?parent=12892"}],"wp:term":[{"taxonomy":"category","embeddable":true,"href":"https:\/\/unisale.com.br\/pastoral\/wp-json\/wp\/v2\/categories?post=12892"},{"taxonomy":"post_tag","embeddable":true,"href":"https:\/\/unisale.com.br\/pastoral\/wp-json\/wp\/v2\/tags?post=12892"}],"curies":[{"name":"wp","href":"https:\/\/api.w.org\/{rel}","templated":true}]}}