{"id":13011,"date":"2025-09-02T17:37:14","date_gmt":"2025-09-02T17:37:14","guid":{"rendered":"https:\/\/unisale.com.br\/pastoral\/?p=13011"},"modified":"2025-09-02T17:37:14","modified_gmt":"2025-09-02T17:37:14","slug":"academicos-do-unisalesiano-participam-de-acao-antiparasitaria-com-comunidade-indigena","status":"publish","type":"post","link":"https:\/\/unisale.com.br\/pastoral\/academicos-do-unisalesiano-participam-de-acao-antiparasitaria-com-comunidade-indigena\/","title":{"rendered":"Acad\u00eamicos do UniSALESIANO participam de a\u00e7\u00e3o antiparasit\u00e1ria com comunidade ind\u00edgena"},"content":{"rendered":"<p>Durante a recente expedi\u00e7\u00e3o promovida pelo\u00a0<strong>UniSALESIANO<\/strong>, o\u00a0<strong>Voluntariado Acad\u00eamico Mission\u00e1rio SALESIANO<\/strong>\u00a0\u2013\u00a0<strong>VAMS<\/strong>, alunos dos cursos de\u00a0<strong>Medicina, Farm\u00e1cia, Biomedicina e Medicina Veterin\u00e1ria<\/strong>\u00a0vivenciaram uma experi\u00eancia \u00fanica e transformadora na Aldeia S\u00e3o Marcos, do povo Xavante, localizada no estado do Mato Grosso.<\/p>\n<p>A a\u00e7\u00e3o antiparasit\u00e1ria foi realizada de forma espont\u00e2nea, a convite da m\u00e9dica respons\u00e1vel pela Unidade B\u00e1sica de Sa\u00fade (UBS) local,\u00a0<strong>Dr\u00aa. Sandy Kyara Oliveira<\/strong>, participante do programa Mais M\u00e9dicos. A atividade mobilizou cerca de 20 universit\u00e1rios da \u00e1rea da sa\u00fade e aconteceu em um dos dias da perman\u00eancia do grupo na aldeia, que foi a segunda parada da expedi\u00e7\u00e3o. Nessa fase, os v\u00ednculos entre os acad\u00eamicos e a comunidade ind\u00edgena j\u00e1 estavam mais consolidados, o que proporcionou um momento de grande integra\u00e7\u00e3o e confian\u00e7a m\u00fatua.<\/p>\n<p><strong>PIOLHOS<\/strong><\/p>\n<p>A m\u00e9dica apresentou aos universit\u00e1rios a rotina da UBS e os convidou para participar da a\u00e7\u00e3o com foco no combate aos piolhos, uma das queixas mais comuns entre as crian\u00e7as da aldeia. Antes do procedimento, os alunos promoveram uma roda de conversa com os moradores para explicar os cuidados de higiene e o modo de aplica\u00e7\u00e3o do produto antiparasit\u00e1rio. \u201cComo muitas das crian\u00e7as n\u00e3o falam portugu\u00eas, um enfermeiro ind\u00edgena da pr\u00f3pria aldeia traduziu todas as informa\u00e7\u00f5es para a l\u00edngua Xavante, facilitando o di\u00e1logo\u201d, explicou o acad\u00eamico de Medicina,\u00a0<strong>Marcos Abra de Paula<\/strong>.<\/p>\n<p>Ele comentou que, como parte do preparo, as crian\u00e7as molharam os cabelos no rio pr\u00f3ximo, e os universit\u00e1rios tamb\u00e9m participaram do ritual. \u201cA gente fez junto com eles, at\u00e9 molhou o cabelo no rio tamb\u00e9m. Foi uma forma de mostrar que est\u00e1vamos ali com eles, participando mesmo\u201d, contou.<\/p>\n<p>O tratamento foi feito com um shampoo especial, aplicado nas cabe\u00e7as das crian\u00e7as, adolescentes e at\u00e9 de alguns adultos. Ap\u00f3s o tempo de a\u00e7\u00e3o do produto, os alunos utilizaram o pente fino para retirar os piolhos, percebendo que, em muitos casos, a infesta\u00e7\u00e3o era intensa. A din\u00e2mica foi conduzida de forma leve e acolhedora, com muitas risadas e participa\u00e7\u00e3o ativa das crian\u00e7as. Ao final, os universit\u00e1rios entregaram frascos com o produto dilu\u00eddo para que as fam\u00edlias pudessem continuar o tratamento em casa.<\/p>\n<p>Para Marcos, a experi\u00eancia foi enriquecedora em v\u00e1rios sentidos. \u201cFoi muito al\u00e9m de aplicar um medicamento. A gente aprendeu com o jeito deles de viver, com a simplicidade e com a generosidade com que nos receberam. Voltamos diferentes, com mais humanidade e empatia\u201d, ressaltou.<\/p>\n<p>A viv\u00eancia tamb\u00e9m foi destacada pelo\u00a0<strong>Pr\u00f3-Reitor de Pastoral do UniSALESIANO, Pe. Paulo J\u00e1como, SDB<\/strong>, respons\u00e1vel pelo projeto, ao lado de integrantes da Pastoral e de alguns professores. \u201cEssas experi\u00eancias fortalecem o sentido de miss\u00e3o e servi\u00e7o presente na forma\u00e7\u00e3o salesiana. Quando os nossos alunos entram em contato direto com realidades t\u00e3o diferentes, eles s\u00e3o desafiados a sair de si mesmos e a viver concretamente os valores do Evangelho. \u00c9 uma forma\u00e7\u00e3o integral: t\u00e9cnica, humana e espiritual\u201d, concluiu.<\/p>\n<p>Confira os nomes dos participantes da a\u00e7\u00e3o:<\/p>\n<p>\u2013\u00a0<em><strong>Marcos Abra de Paula<\/strong><\/em>\u00a0\u2013 Medicina<br \/>\n\u2013\u00a0<em><strong>Beatriz Aparecida de Oliveira Brito<\/strong><\/em>\u00a0\u2013 Medicina<br \/>\n\u2013\u00a0<em><strong>Fernanda Evangelista Bocutti<\/strong><\/em>\u00a0\u2013 Medicina<br \/>\n\u2013\u00a0<em><strong>Ludmila Alves Corr\u00eaa<\/strong>\u00a0<\/em>\u2013 Medicina<br \/>\n\u2013\u00a0<em><strong>Gabriela Leal da Silva Jorge<\/strong><\/em>\u00a0\u2013 Medicina<br \/>\n\u2013\u00a0<em><strong>Isabela Bim Lugon<\/strong><\/em>\u00a0\u2013 Medicina<br \/>\n\u2013\u00a0<em><strong>Ana Laura Calmone Vellani<\/strong>\u00a0<\/em>\u2013 Medicina<br \/>\n\u2013\u00a0<em><strong>Ana Laura Frazatto<\/strong><\/em>\u00a0\u2013 Medicina<br \/>\n\u2013\u00a0<em><strong>Leonardo Utimura<\/strong><\/em>\u00a0\u2013 Medicina<br \/>\n\u2013\u00a0<em><strong>Giovana Franciely dos Santos Pereira \u2013\u00a0<\/strong><\/em>Medicina<br \/>\n\u2013\u00a0<em><strong>Giovanna Pazinato Novais da Silva<\/strong><\/em>\u00a0\u2013 Medicina<br \/>\n\u2013\u00a0<em><strong>Leonardo Favaro Ficoto<\/strong><\/em>\u00a0\u2013 Medicina<br \/>\n\u2013\u00a0<em><strong>Amanda Carmona Sversut<\/strong><\/em>\u00a0\u2013 Medicina<br \/>\n\u2013\u00a0<em><strong>Luis Eduardo Castanhar Olsen<\/strong><\/em>\u00a0\u2013 Medicina<br \/>\n\u2013\u00a0<em><strong>Maria Clara Berton Pereira<\/strong><\/em>\u00a0\u2013 Medicina<br \/>\n\u2013\u00a0<em><strong>Isabela Am\u00e2ncio de Lima Mariano<\/strong><\/em>\u00a0\u2013 Medicina<br \/>\n\u2013\u00a0<em><strong>Igor Landin Rodrigues de Souza<\/strong>\u00a0<\/em>\u2013 Farm\u00e1cia<br \/>\n\u2013\u00a0<em><strong>Rafaela Rosselli Marin<\/strong><\/em>\u00a0\u2013 Medicina<br \/>\n\u2013\u00a0<em><strong>Beatriz Caires Lima Bazalia<\/strong><\/em>\u00a0\u2013 Medicina<\/p>\n<p><strong><em>\u2013<\/em>\u00a0Lana Riemma R\u00e9 \u2013 medicina<\/strong><br \/>\n\u2013\u00a0<em><strong>Louise Elias de Carvalho<\/strong><\/em>\u00a0\u2013 Biomedicina<br \/>\n\u2013\u00a0<em><strong>Luara Beatriz Pontes Adami<\/strong>\u00a0<\/em>\u2013 Biomedicina<\/p>\n<p>&nbsp;<\/p>\n\n\t\t<style type=\"text\/css\">\n\t\t\t#gallery-1 {\n\t\t\t\tmargin: auto;\n\t\t\t}\n\t\t\t#gallery-1 .gallery-item {\n\t\t\t\tfloat: left;\n\t\t\t\tmargin-top: 10px;\n\t\t\t\ttext-align: center;\n\t\t\t\twidth: 25%;\n\t\t\t}\n\t\t\t#gallery-1 img {\n\t\t\t\tborder: 2px solid #cfcfcf;\n\t\t\t}\n\t\t\t#gallery-1 .gallery-caption {\n\t\t\t\tmargin-left: 0;\n\t\t\t}\n\t\t\t\/* see gallery_shortcode() in wp-includes\/media.php *\/\n\t\t<\/style>\n\t\t<div id='gallery-1' class='gallery galleryid-13011 gallery-columns-4 gallery-size-thumbnail'><dl class='gallery-item'>\n\t\t\t<dt class='gallery-icon landscape'>\n\t\t\t\t<a href='https:\/\/unisale.com.br\/pastoral\/academicos-do-unisalesiano-participam-de-acao-antiparasitaria-com-comunidade-indigena\/whatsapp-image-2025-08-07-at-14-23-14-2-1024x682\/'><img decoding=\"async\" width=\"150\" height=\"150\" src=\"https:\/\/unisale.com.br\/pastoral\/wp-content\/uploads\/2025\/09\/WhatsApp-Image-2025-08-07-at-14.23.14-2-1024x682-1-150x150.jpeg\" class=\"attachment-thumbnail size-thumbnail\" alt=\"\" \/><\/a>\n\t\t\t<\/dt><\/dl><dl class='gallery-item'>\n\t\t\t<dt class='gallery-icon landscape'>\n\t\t\t\t<a href='https:\/\/unisale.com.br\/pastoral\/academicos-do-unisalesiano-participam-de-acao-antiparasitaria-com-comunidade-indigena\/whatsapp-image-2025-08-07-at-14-23-14-1-1024x682\/'><img decoding=\"async\" width=\"150\" height=\"150\" src=\"https:\/\/unisale.com.br\/pastoral\/wp-content\/uploads\/2025\/09\/WhatsApp-Image-2025-08-07-at-14.23.14-1-1024x682-1-150x150.jpeg\" class=\"attachment-thumbnail size-thumbnail\" alt=\"\" \/><\/a>\n\t\t\t<\/dt><\/dl><dl class='gallery-item'>\n\t\t\t<dt class='gallery-icon landscape'>\n\t\t\t\t<a href='https:\/\/unisale.com.br\/pastoral\/academicos-do-unisalesiano-participam-de-acao-antiparasitaria-com-comunidade-indigena\/whatsapp-image-2025-08-07-at-14-23-14-3-1024x682\/'><img decoding=\"async\" width=\"150\" height=\"150\" src=\"https:\/\/unisale.com.br\/pastoral\/wp-content\/uploads\/2025\/09\/WhatsApp-Image-2025-08-07-at-14.23.14-3-1024x682-1-150x150.jpeg\" class=\"attachment-thumbnail size-thumbnail\" alt=\"\" \/><\/a>\n\t\t\t<\/dt><\/dl><dl class='gallery-item'>\n\t\t\t<dt class='gallery-icon landscape'>\n\t\t\t\t<a href='https:\/\/unisale.com.br\/pastoral\/academicos-do-unisalesiano-participam-de-acao-antiparasitaria-com-comunidade-indigena\/whatsapp-image-2025-08-07-at-14-23-14-5-1024x682\/'><img loading=\"lazy\" decoding=\"async\" width=\"150\" height=\"150\" src=\"https:\/\/unisale.com.br\/pastoral\/wp-content\/uploads\/2025\/09\/WhatsApp-Image-2025-08-07-at-14.23.14-5-1024x682-1-150x150.jpeg\" class=\"attachment-thumbnail size-thumbnail\" alt=\"\" \/><\/a>\n\t\t\t<\/dt><\/dl><br style=\"clear: both\" \/><dl class='gallery-item'>\n\t\t\t<dt class='gallery-icon portrait'>\n\t\t\t\t<a href='https:\/\/unisale.com.br\/pastoral\/academicos-do-unisalesiano-participam-de-acao-antiparasitaria-com-comunidade-indigena\/whatsapp-image-2025-08-07-at-14-23-14-6-682x1024\/'><img loading=\"lazy\" decoding=\"async\" width=\"150\" height=\"150\" src=\"https:\/\/unisale.com.br\/pastoral\/wp-content\/uploads\/2025\/09\/WhatsApp-Image-2025-08-07-at-14.23.14-6-682x1024-1-150x150.jpeg\" class=\"attachment-thumbnail size-thumbnail\" alt=\"\" \/><\/a>\n\t\t\t<\/dt><\/dl><dl class='gallery-item'>\n\t\t\t<dt class='gallery-icon landscape'>\n\t\t\t\t<a href='https:\/\/unisale.com.br\/pastoral\/academicos-do-unisalesiano-participam-de-acao-antiparasitaria-com-comunidade-indigena\/whatsapp-image-2025-08-07-at-14-23-14-7-1024x682\/'><img loading=\"lazy\" decoding=\"async\" width=\"150\" height=\"150\" src=\"https:\/\/unisale.com.br\/pastoral\/wp-content\/uploads\/2025\/09\/WhatsApp-Image-2025-08-07-at-14.23.14-7-1024x682-1-150x150.jpeg\" class=\"attachment-thumbnail size-thumbnail\" alt=\"\" \/><\/a>\n\t\t\t<\/dt><\/dl><dl class='gallery-item'>\n\t\t\t<dt class='gallery-icon landscape'>\n\t\t\t\t<a href='https:\/\/unisale.com.br\/pastoral\/academicos-do-unisalesiano-participam-de-acao-antiparasitaria-com-comunidade-indigena\/whatsapp-image-2025-08-07-at-14-23-14-8-1024x682\/'><img loading=\"lazy\" decoding=\"async\" width=\"150\" height=\"150\" src=\"https:\/\/unisale.com.br\/pastoral\/wp-content\/uploads\/2025\/09\/WhatsApp-Image-2025-08-07-at-14.23.14-8-1024x682-1-150x150.jpeg\" class=\"attachment-thumbnail size-thumbnail\" alt=\"\" \/><\/a>\n\t\t\t<\/dt><\/dl><dl class='gallery-item'>\n\t\t\t<dt class='gallery-icon landscape'>\n\t\t\t\t<a href='https:\/\/unisale.com.br\/pastoral\/academicos-do-unisalesiano-participam-de-acao-antiparasitaria-com-comunidade-indigena\/whatsapp-image-2025-08-07-at-14-23-14-9-1024x682\/'><img loading=\"lazy\" decoding=\"async\" width=\"150\" height=\"150\" src=\"https:\/\/unisale.com.br\/pastoral\/wp-content\/uploads\/2025\/09\/WhatsApp-Image-2025-08-07-at-14.23.14-9-1024x682-1-150x150.jpeg\" class=\"attachment-thumbnail size-thumbnail\" alt=\"\" \/><\/a>\n\t\t\t<\/dt><\/dl><br style=\"clear: both\" \/><dl class='gallery-item'>\n\t\t\t<dt class='gallery-icon landscape'>\n\t\t\t\t<a href='https:\/\/unisale.com.br\/pastoral\/academicos-do-unisalesiano-participam-de-acao-antiparasitaria-com-comunidade-indigena\/whatsapp-image-2025-08-07-at-14-23-14-10-1024x682\/'><img loading=\"lazy\" decoding=\"async\" width=\"150\" height=\"150\" src=\"https:\/\/unisale.com.br\/pastoral\/wp-content\/uploads\/2025\/09\/WhatsApp-Image-2025-08-07-at-14.23.14-10-1024x682-1-150x150.jpeg\" class=\"attachment-thumbnail size-thumbnail\" alt=\"\" \/><\/a>\n\t\t\t<\/dt><\/dl><dl class='gallery-item'>\n\t\t\t<dt class='gallery-icon landscape'>\n\t\t\t\t<a href='https:\/\/unisale.com.br\/pastoral\/academicos-do-unisalesiano-participam-de-acao-antiparasitaria-com-comunidade-indigena\/whatsapp-image-2025-08-07-at-14-23-14-11-1024x682\/'><img loading=\"lazy\" decoding=\"async\" width=\"150\" height=\"150\" src=\"https:\/\/unisale.com.br\/pastoral\/wp-content\/uploads\/2025\/09\/WhatsApp-Image-2025-08-07-at-14.23.14-11-1024x682-1-150x150.jpeg\" class=\"attachment-thumbnail size-thumbnail\" alt=\"\" \/><\/a>\n\t\t\t<\/dt><\/dl><dl class='gallery-item'>\n\t\t\t<dt class='gallery-icon landscape'>\n\t\t\t\t<a href='https:\/\/unisale.com.br\/pastoral\/academicos-do-unisalesiano-participam-de-acao-antiparasitaria-com-comunidade-indigena\/whatsapp-image-2025-08-07-at-14-23-14-12-1024x682\/'><img loading=\"lazy\" decoding=\"async\" width=\"150\" height=\"150\" src=\"https:\/\/unisale.com.br\/pastoral\/wp-content\/uploads\/2025\/09\/WhatsApp-Image-2025-08-07-at-14.23.14-12-1024x682-1-150x150.jpeg\" class=\"attachment-thumbnail size-thumbnail\" alt=\"\" \/><\/a>\n\t\t\t<\/dt><\/dl><dl class='gallery-item'>\n\t\t\t<dt class='gallery-icon landscape'>\n\t\t\t\t<a href='https:\/\/unisale.com.br\/pastoral\/academicos-do-unisalesiano-participam-de-acao-antiparasitaria-com-comunidade-indigena\/whatsapp-image-2025-08-07-at-14-23-14-1024x682\/'><img loading=\"lazy\" decoding=\"async\" width=\"150\" height=\"150\" src=\"https:\/\/unisale.com.br\/pastoral\/wp-content\/uploads\/2025\/09\/WhatsApp-Image-2025-08-07-at-14.23.14-1024x682-1-150x150.jpeg\" class=\"attachment-thumbnail size-thumbnail\" alt=\"\" \/><\/a>\n\t\t\t<\/dt><\/dl><br style=\"clear: both\" \/>\n\t\t<\/div>\n\n<p>&nbsp;<\/p>\n","protected":false},"excerpt":{"rendered":"<p>Durante a recente expedi\u00e7\u00e3o promovida pelo\u00a0UniSALESIANO, o\u00a0Voluntariado Acad\u00eamico Mission\u00e1rio SALESIANO\u00a0\u2013\u00a0VAMS, alunos dos cursos de\u00a0Medicina, Farm\u00e1cia, Biomedicina e Medicina Veterin\u00e1ria\u00a0vivenciaram uma experi\u00eancia \u00fanica e transformadora na&#8230;<\/p>\n","protected":false},"author":1,"featured_media":13014,"comment_status":"closed","ping_status":"closed","sticky":false,"template":"","format":"standard","meta":{"_acf_changed":false,"footnotes":""},"categories":[3],"tags":[],"class_list":["post-13011","post","type-post","status-publish","format-standard","has-post-thumbnail","hentry","category-not"],"acf":[],"yoast_head":"<!-- This site is optimized with the Yoast SEO plugin v27.3 - https:\/\/yoast.com\/product\/yoast-seo-wordpress\/ -->\n<title>Acad\u00eamicos do UniSALESIANO participam de a\u00e7\u00e3o antiparasit\u00e1ria com comunidade ind\u00edgena - Pastoral Universit\u00e1ria UniSALESIANO<\/title>\n<meta name=\"robots\" content=\"index, follow, max-snippet:-1, max-image-preview:large, max-video-preview:-1\" \/>\n<link rel=\"canonical\" href=\"https:\/\/unisale.com.br\/pastoral\/academicos-do-unisalesiano-participam-de-acao-antiparasitaria-com-comunidade-indigena\/\" \/>\n<meta property=\"og:locale\" content=\"pt_BR\" \/>\n<meta property=\"og:type\" content=\"article\" \/>\n<meta property=\"og:title\" content=\"Acad\u00eamicos do UniSALESIANO participam de a\u00e7\u00e3o antiparasit\u00e1ria com comunidade ind\u00edgena - Pastoral Universit\u00e1ria UniSALESIANO\" \/>\n<meta property=\"og:description\" content=\"Durante a recente expedi\u00e7\u00e3o promovida pelo\u00a0UniSALESIANO, o\u00a0Voluntariado Acad\u00eamico Mission\u00e1rio SALESIANO\u00a0\u2013\u00a0VAMS, alunos dos cursos de\u00a0Medicina, Farm\u00e1cia, Biomedicina e Medicina Veterin\u00e1ria\u00a0vivenciaram uma experi\u00eancia \u00fanica e transformadora na...\" \/>\n<meta property=\"og:url\" content=\"https:\/\/unisale.com.br\/pastoral\/academicos-do-unisalesiano-participam-de-acao-antiparasitaria-com-comunidade-indigena\/\" \/>\n<meta property=\"og:site_name\" content=\"Pastoral Universit\u00e1ria UniSALESIANO\" \/>\n<meta property=\"article:published_time\" content=\"2025-09-02T17:37:14+00:00\" \/>\n<meta property=\"og:image\" content=\"https:\/\/unisale.com.br\/pastoral\/wp-content\/uploads\/2025\/09\/WhatsApp-Image-2025-08-07-at-14.23.14-4-768x512-1.jpeg\" \/>\n\t<meta property=\"og:image:width\" content=\"768\" \/>\n\t<meta property=\"og:image:height\" content=\"512\" \/>\n\t<meta property=\"og:image:type\" content=\"image\/jpeg\" \/>\n<meta name=\"author\" content=\"pastoral\" \/>\n<meta name=\"twitter:card\" content=\"summary_large_image\" \/>\n<meta name=\"twitter:label1\" content=\"Escrito por\" \/>\n\t<meta name=\"twitter:data1\" content=\"pastoral\" \/>\n\t<meta name=\"twitter:label2\" content=\"Est. tempo de leitura\" \/>\n\t<meta name=\"twitter:data2\" content=\"4 minutos\" \/>\n<script type=\"application\/ld+json\" class=\"yoast-schema-graph\">{\"@context\":\"https:\\\/\\\/schema.org\",\"@graph\":[{\"@type\":\"Article\",\"@id\":\"https:\\\/\\\/unisale.com.br\\\/pastoral\\\/academicos-do-unisalesiano-participam-de-acao-antiparasitaria-com-comunidade-indigena\\\/#article\",\"isPartOf\":{\"@id\":\"https:\\\/\\\/unisale.com.br\\\/pastoral\\\/academicos-do-unisalesiano-participam-de-acao-antiparasitaria-com-comunidade-indigena\\\/\"},\"author\":{\"name\":\"pastoral\",\"@id\":\"https:\\\/\\\/unisale.com.br\\\/pastoral\\\/#\\\/schema\\\/person\\\/a16ba711a0f7dec9cb6b44563144d5a3\"},\"headline\":\"Acad\u00eamicos do UniSALESIANO participam de a\u00e7\u00e3o antiparasit\u00e1ria com comunidade ind\u00edgena\",\"datePublished\":\"2025-09-02T17:37:14+00:00\",\"mainEntityOfPage\":{\"@id\":\"https:\\\/\\\/unisale.com.br\\\/pastoral\\\/academicos-do-unisalesiano-participam-de-acao-antiparasitaria-com-comunidade-indigena\\\/\"},\"wordCount\":679,\"image\":{\"@id\":\"https:\\\/\\\/unisale.com.br\\\/pastoral\\\/academicos-do-unisalesiano-participam-de-acao-antiparasitaria-com-comunidade-indigena\\\/#primaryimage\"},\"thumbnailUrl\":\"https:\\\/\\\/unisale.com.br\\\/pastoral\\\/wp-content\\\/uploads\\\/2025\\\/09\\\/WhatsApp-Image-2025-08-07-at-14.23.14-4-768x512-1.jpeg\",\"articleSection\":[\"Not\u00edcias\"],\"inLanguage\":\"pt-BR\"},{\"@type\":\"WebPage\",\"@id\":\"https:\\\/\\\/unisale.com.br\\\/pastoral\\\/academicos-do-unisalesiano-participam-de-acao-antiparasitaria-com-comunidade-indigena\\\/\",\"url\":\"https:\\\/\\\/unisale.com.br\\\/pastoral\\\/academicos-do-unisalesiano-participam-de-acao-antiparasitaria-com-comunidade-indigena\\\/\",\"name\":\"Acad\u00eamicos do UniSALESIANO participam de a\u00e7\u00e3o antiparasit\u00e1ria com comunidade ind\u00edgena - Pastoral Universit\u00e1ria UniSALESIANO\",\"isPartOf\":{\"@id\":\"https:\\\/\\\/unisale.com.br\\\/pastoral\\\/#website\"},\"primaryImageOfPage\":{\"@id\":\"https:\\\/\\\/unisale.com.br\\\/pastoral\\\/academicos-do-unisalesiano-participam-de-acao-antiparasitaria-com-comunidade-indigena\\\/#primaryimage\"},\"image\":{\"@id\":\"https:\\\/\\\/unisale.com.br\\\/pastoral\\\/academicos-do-unisalesiano-participam-de-acao-antiparasitaria-com-comunidade-indigena\\\/#primaryimage\"},\"thumbnailUrl\":\"https:\\\/\\\/unisale.com.br\\\/pastoral\\\/wp-content\\\/uploads\\\/2025\\\/09\\\/WhatsApp-Image-2025-08-07-at-14.23.14-4-768x512-1.jpeg\",\"datePublished\":\"2025-09-02T17:37:14+00:00\",\"author\":{\"@id\":\"https:\\\/\\\/unisale.com.br\\\/pastoral\\\/#\\\/schema\\\/person\\\/a16ba711a0f7dec9cb6b44563144d5a3\"},\"inLanguage\":\"pt-BR\",\"potentialAction\":[{\"@type\":\"ReadAction\",\"target\":[\"https:\\\/\\\/unisale.com.br\\\/pastoral\\\/academicos-do-unisalesiano-participam-de-acao-antiparasitaria-com-comunidade-indigena\\\/\"]}]},{\"@type\":\"ImageObject\",\"inLanguage\":\"pt-BR\",\"@id\":\"https:\\\/\\\/unisale.com.br\\\/pastoral\\\/academicos-do-unisalesiano-participam-de-acao-antiparasitaria-com-comunidade-indigena\\\/#primaryimage\",\"url\":\"https:\\\/\\\/unisale.com.br\\\/pastoral\\\/wp-content\\\/uploads\\\/2025\\\/09\\\/WhatsApp-Image-2025-08-07-at-14.23.14-4-768x512-1.jpeg\",\"contentUrl\":\"https:\\\/\\\/unisale.com.br\\\/pastoral\\\/wp-content\\\/uploads\\\/2025\\\/09\\\/WhatsApp-Image-2025-08-07-at-14.23.14-4-768x512-1.jpeg\",\"width\":750,\"height\":500},{\"@type\":\"WebSite\",\"@id\":\"https:\\\/\\\/unisale.com.br\\\/pastoral\\\/#website\",\"url\":\"https:\\\/\\\/unisale.com.br\\\/pastoral\\\/\",\"name\":\"Pastoral Universit\u00e1ria UniSALESIANO\",\"description\":\"Site da Pastoral Universit\u00e1ria do UniSALESIANO\",\"potentialAction\":[{\"@type\":\"SearchAction\",\"target\":{\"@type\":\"EntryPoint\",\"urlTemplate\":\"https:\\\/\\\/unisale.com.br\\\/pastoral\\\/?s={search_term_string}\"},\"query-input\":{\"@type\":\"PropertyValueSpecification\",\"valueRequired\":true,\"valueName\":\"search_term_string\"}}],\"inLanguage\":\"pt-BR\"},{\"@type\":\"Person\",\"@id\":\"https:\\\/\\\/unisale.com.br\\\/pastoral\\\/#\\\/schema\\\/person\\\/a16ba711a0f7dec9cb6b44563144d5a3\",\"name\":\"pastoral\",\"url\":\"https:\\\/\\\/unisale.com.br\\\/pastoral\\\/author\\\/pastoral\\\/\"}]}<\/script>\n<!-- \/ Yoast SEO plugin. -->","yoast_head_json":{"title":"Acad\u00eamicos do UniSALESIANO participam de a\u00e7\u00e3o antiparasit\u00e1ria com comunidade ind\u00edgena - Pastoral Universit\u00e1ria UniSALESIANO","robots":{"index":"index","follow":"follow","max-snippet":"max-snippet:-1","max-image-preview":"max-image-preview:large","max-video-preview":"max-video-preview:-1"},"canonical":"https:\/\/unisale.com.br\/pastoral\/academicos-do-unisalesiano-participam-de-acao-antiparasitaria-com-comunidade-indigena\/","og_locale":"pt_BR","og_type":"article","og_title":"Acad\u00eamicos do UniSALESIANO participam de a\u00e7\u00e3o antiparasit\u00e1ria com comunidade ind\u00edgena - Pastoral Universit\u00e1ria UniSALESIANO","og_description":"Durante a recente expedi\u00e7\u00e3o promovida pelo\u00a0UniSALESIANO, o\u00a0Voluntariado Acad\u00eamico Mission\u00e1rio SALESIANO\u00a0\u2013\u00a0VAMS, alunos dos cursos de\u00a0Medicina, Farm\u00e1cia, Biomedicina e Medicina Veterin\u00e1ria\u00a0vivenciaram uma experi\u00eancia \u00fanica e transformadora na...","og_url":"https:\/\/unisale.com.br\/pastoral\/academicos-do-unisalesiano-participam-de-acao-antiparasitaria-com-comunidade-indigena\/","og_site_name":"Pastoral Universit\u00e1ria UniSALESIANO","article_published_time":"2025-09-02T17:37:14+00:00","og_image":[{"width":768,"height":512,"url":"https:\/\/unisale.com.br\/pastoral\/wp-content\/uploads\/2025\/09\/WhatsApp-Image-2025-08-07-at-14.23.14-4-768x512-1.jpeg","type":"image\/jpeg"}],"author":"pastoral","twitter_card":"summary_large_image","twitter_misc":{"Escrito por":"pastoral","Est. tempo de leitura":"4 minutos"},"schema":{"@context":"https:\/\/schema.org","@graph":[{"@type":"Article","@id":"https:\/\/unisale.com.br\/pastoral\/academicos-do-unisalesiano-participam-de-acao-antiparasitaria-com-comunidade-indigena\/#article","isPartOf":{"@id":"https:\/\/unisale.com.br\/pastoral\/academicos-do-unisalesiano-participam-de-acao-antiparasitaria-com-comunidade-indigena\/"},"author":{"name":"pastoral","@id":"https:\/\/unisale.com.br\/pastoral\/#\/schema\/person\/a16ba711a0f7dec9cb6b44563144d5a3"},"headline":"Acad\u00eamicos do UniSALESIANO participam de a\u00e7\u00e3o antiparasit\u00e1ria com comunidade ind\u00edgena","datePublished":"2025-09-02T17:37:14+00:00","mainEntityOfPage":{"@id":"https:\/\/unisale.com.br\/pastoral\/academicos-do-unisalesiano-participam-de-acao-antiparasitaria-com-comunidade-indigena\/"},"wordCount":679,"image":{"@id":"https:\/\/unisale.com.br\/pastoral\/academicos-do-unisalesiano-participam-de-acao-antiparasitaria-com-comunidade-indigena\/#primaryimage"},"thumbnailUrl":"https:\/\/unisale.com.br\/pastoral\/wp-content\/uploads\/2025\/09\/WhatsApp-Image-2025-08-07-at-14.23.14-4-768x512-1.jpeg","articleSection":["Not\u00edcias"],"inLanguage":"pt-BR"},{"@type":"WebPage","@id":"https:\/\/unisale.com.br\/pastoral\/academicos-do-unisalesiano-participam-de-acao-antiparasitaria-com-comunidade-indigena\/","url":"https:\/\/unisale.com.br\/pastoral\/academicos-do-unisalesiano-participam-de-acao-antiparasitaria-com-comunidade-indigena\/","name":"Acad\u00eamicos do UniSALESIANO participam de a\u00e7\u00e3o antiparasit\u00e1ria com comunidade ind\u00edgena - Pastoral Universit\u00e1ria UniSALESIANO","isPartOf":{"@id":"https:\/\/unisale.com.br\/pastoral\/#website"},"primaryImageOfPage":{"@id":"https:\/\/unisale.com.br\/pastoral\/academicos-do-unisalesiano-participam-de-acao-antiparasitaria-com-comunidade-indigena\/#primaryimage"},"image":{"@id":"https:\/\/unisale.com.br\/pastoral\/academicos-do-unisalesiano-participam-de-acao-antiparasitaria-com-comunidade-indigena\/#primaryimage"},"thumbnailUrl":"https:\/\/unisale.com.br\/pastoral\/wp-content\/uploads\/2025\/09\/WhatsApp-Image-2025-08-07-at-14.23.14-4-768x512-1.jpeg","datePublished":"2025-09-02T17:37:14+00:00","author":{"@id":"https:\/\/unisale.com.br\/pastoral\/#\/schema\/person\/a16ba711a0f7dec9cb6b44563144d5a3"},"inLanguage":"pt-BR","potentialAction":[{"@type":"ReadAction","target":["https:\/\/unisale.com.br\/pastoral\/academicos-do-unisalesiano-participam-de-acao-antiparasitaria-com-comunidade-indigena\/"]}]},{"@type":"ImageObject","inLanguage":"pt-BR","@id":"https:\/\/unisale.com.br\/pastoral\/academicos-do-unisalesiano-participam-de-acao-antiparasitaria-com-comunidade-indigena\/#primaryimage","url":"https:\/\/unisale.com.br\/pastoral\/wp-content\/uploads\/2025\/09\/WhatsApp-Image-2025-08-07-at-14.23.14-4-768x512-1.jpeg","contentUrl":"https:\/\/unisale.com.br\/pastoral\/wp-content\/uploads\/2025\/09\/WhatsApp-Image-2025-08-07-at-14.23.14-4-768x512-1.jpeg","width":750,"height":500},{"@type":"WebSite","@id":"https:\/\/unisale.com.br\/pastoral\/#website","url":"https:\/\/unisale.com.br\/pastoral\/","name":"Pastoral Universit\u00e1ria UniSALESIANO","description":"Site da Pastoral Universit\u00e1ria do UniSALESIANO","potentialAction":[{"@type":"SearchAction","target":{"@type":"EntryPoint","urlTemplate":"https:\/\/unisale.com.br\/pastoral\/?s={search_term_string}"},"query-input":{"@type":"PropertyValueSpecification","valueRequired":true,"valueName":"search_term_string"}}],"inLanguage":"pt-BR"},{"@type":"Person","@id":"https:\/\/unisale.com.br\/pastoral\/#\/schema\/person\/a16ba711a0f7dec9cb6b44563144d5a3","name":"pastoral","url":"https:\/\/unisale.com.br\/pastoral\/author\/pastoral\/"}]}},"_links":{"self":[{"href":"https:\/\/unisale.com.br\/pastoral\/wp-json\/wp\/v2\/posts\/13011","targetHints":{"allow":["GET"]}}],"collection":[{"href":"https:\/\/unisale.com.br\/pastoral\/wp-json\/wp\/v2\/posts"}],"about":[{"href":"https:\/\/unisale.com.br\/pastoral\/wp-json\/wp\/v2\/types\/post"}],"author":[{"embeddable":true,"href":"https:\/\/unisale.com.br\/pastoral\/wp-json\/wp\/v2\/users\/1"}],"replies":[{"embeddable":true,"href":"https:\/\/unisale.com.br\/pastoral\/wp-json\/wp\/v2\/comments?post=13011"}],"version-history":[{"count":2,"href":"https:\/\/unisale.com.br\/pastoral\/wp-json\/wp\/v2\/posts\/13011\/revisions"}],"predecessor-version":[{"id":13026,"href":"https:\/\/unisale.com.br\/pastoral\/wp-json\/wp\/v2\/posts\/13011\/revisions\/13026"}],"wp:featuredmedia":[{"embeddable":true,"href":"https:\/\/unisale.com.br\/pastoral\/wp-json\/wp\/v2\/media\/13014"}],"wp:attachment":[{"href":"https:\/\/unisale.com.br\/pastoral\/wp-json\/wp\/v2\/media?parent=13011"}],"wp:term":[{"taxonomy":"category","embeddable":true,"href":"https:\/\/unisale.com.br\/pastoral\/wp-json\/wp\/v2\/categories?post=13011"},{"taxonomy":"post_tag","embeddable":true,"href":"https:\/\/unisale.com.br\/pastoral\/wp-json\/wp\/v2\/tags?post=13011"}],"curies":[{"name":"wp","href":"https:\/\/api.w.org\/{rel}","templated":true}]}}