{"id":13027,"date":"2025-09-02T17:46:53","date_gmt":"2025-09-02T17:46:53","guid":{"rendered":"https:\/\/unisale.com.br\/pastoral\/?p=13027"},"modified":"2025-09-02T17:46:53","modified_gmt":"2025-09-02T17:46:53","slug":"academicos-levam-conscientizacao-sobre-hipertensao-para-comunidade-xavante","status":"publish","type":"post","link":"https:\/\/unisale.com.br\/pastoral\/academicos-levam-conscientizacao-sobre-hipertensao-para-comunidade-xavante\/","title":{"rendered":"Acad\u00eamicos levam conscientiza\u00e7\u00e3o sobre hipertens\u00e3o para comunidade xavante"},"content":{"rendered":"<p>Acad\u00eamicos de Medicina do UniSALESIANO, integrantes do\u00a0<strong>VAMS \u2013 Volunt\u00e1rio Acad\u00eamico Mission\u00e1rio Salesiano<\/strong>, realizaram uma a\u00e7\u00e3o de conscientiza\u00e7\u00e3o na Unidade B\u00e1sica de Sa\u00fade (UBS) da aldeia de S\u00e3o Marcos , recentemente, voltada para a comunidade xavante. O objetivo foi informar sobre a hipertens\u00e3o arterial, doen\u00e7a que apresenta alta preval\u00eancia entre esse povo ind\u00edgena.<\/p>\n<p>Participaram da atividade as alunas: Rafaela Rosselli Marin (8\u00ba termo), Gabriela Leal da Silva Jorge (4\u00ba termo), Giovanna Pazinato Novais da Silva (7\u00ba termo), Maria Eduarda Craveiro J\u00e1como (7\u00ba termo), Maria Clara Berton (7\u00ba termo), \u2060Isabela Bim Lugon (7\u00ba termo), Lana Riemma R\u00e9 (7\u00b0 termo), Amanda Sversut (5\u00ba termo) e Leonardo Ficoto (6\u00ba\u00a0<strong>termo).<\/strong><\/p>\n<p>Durante a a\u00e7\u00e3o, a m\u00e9dica respons\u00e1vel pela UBS,\u00a0<strong>Dr\u00aa Sandy Kyara Oliveira<\/strong>, participante do programa Mais M\u00e9dicos, comentou com os volunt\u00e1rios sobre a gravidade do problema. \u201cA hipertens\u00e3o realmente afeta muitos ind\u00edgenas xavante e \u00e9 importante refor\u00e7ar cuidados para prevenir complica\u00e7\u00f5es\u201d, comentou.<\/p>\n<p>Observando os cartazes j\u00e1 existentes na UBS, que s\u00e3o frequentemente lidos pelos moradores, os acad\u00eamicos decidiram criar um novo material educativo, com linguagem simples e acess\u00edvel. O cartaz traz como frase central \u201cCuidar do cora\u00e7\u00e3o\u201d e ressalta h\u00e1bitos de vida que auxiliam na redu\u00e7\u00e3o da press\u00e3o arterial, como evitar bebidas alco\u00f3licas e refrigerantes \u2014 muito consumidos pela comunidade \u2014, praticar atividades f\u00edsicas, dormir bem e ingerir bastante \u00e1gua.<\/p>\n<p>Para garantir que a mensagem alcan\u00e7asse o maior n\u00famero poss\u00edvel de pessoas, o cartaz foi traduzido para a l\u00edngua nativa xavante com o apoio de duas senhoras da comunidade.<\/p>\n<p>O material foi entregue e exposto na UBS. De acordo com a aluna Rafaela, \u00e9 fundamental levar informa\u00e7\u00f5es de forma clara e pr\u00f3xima da cultura da comunidade para incentivar mudan\u00e7as positivas nos h\u00e1bitos de vida. \u201cSabemos que a hipertens\u00e3o \u00e9 uma das principais causas de outras doen\u00e7as graves no pa\u00eds, refor\u00e7ando a necessidade de preven\u00e7\u00e3o e cuidados cont\u00ednuos\u201d, completou.<\/p>\n<p>De acordo com o\u00a0<strong>Coordenador do Curso de Medicina, Dr. Ant\u00f4nio Poletto<\/strong>, o controle sustentado da hipertens\u00e3o arterial n\u00e3o \u00e9 um fim em si mesmo, mas o meio essencial para preservar a sa\u00fade vascular, prevenir eventos cardiovasculares e proteger \u00f3rg\u00e3os vitais \u2013 objetivos que, segundo ele, em \u00faltima an\u00e1lise, visam prolongar a vida com qualidade.<\/p>\n<p>\u201cPortanto, nosso papel, como m\u00e9dicos, vai al\u00e9m do diagn\u00f3stico precoce e do tratamento individualizado e persistente. \u00c9 fundamental conscientizar os pacientes sobre a verdadeira import\u00e2ncia desse controle e o impacto direto em sua sa\u00fade\u201d, concluiu.<\/p>\n<p>&nbsp;<\/p>\n<p><img fetchpriority=\"high\" decoding=\"async\" class=\" wp-image-13029 aligncenter\" src=\"https:\/\/unisale.com.br\/pastoral\/wp-content\/uploads\/2025\/09\/WhatsApp-Image-2025-08-12-at-09.30.21-1-768x1024-1.jpeg\" alt=\"\" width=\"476\" height=\"635\" srcset=\"https:\/\/unisale.com.br\/pastoral\/wp-content\/uploads\/2025\/09\/WhatsApp-Image-2025-08-12-at-09.30.21-1-768x1024-1.jpeg 375w, https:\/\/unisale.com.br\/pastoral\/wp-content\/uploads\/2025\/09\/WhatsApp-Image-2025-08-12-at-09.30.21-1-768x1024-1-225x300.jpeg 225w\" sizes=\"(max-width: 476px) 100vw, 476px\" \/><\/p>\n<p><img decoding=\"async\" class=\" wp-image-13030 aligncenter\" src=\"https:\/\/unisale.com.br\/pastoral\/wp-content\/uploads\/2025\/09\/WhatsApp-Image-2025-08-12-at-09.30.21-748x1024-1.jpeg\" alt=\"\" width=\"452\" height=\"619\" srcset=\"https:\/\/unisale.com.br\/pastoral\/wp-content\/uploads\/2025\/09\/WhatsApp-Image-2025-08-12-at-09.30.21-748x1024-1.jpeg 365w, https:\/\/unisale.com.br\/pastoral\/wp-content\/uploads\/2025\/09\/WhatsApp-Image-2025-08-12-at-09.30.21-748x1024-1-219x300.jpeg 219w\" sizes=\"(max-width: 452px) 100vw, 452px\" \/><\/p>\n<p>&nbsp;<\/p>\n<p>&nbsp;<\/p>\n\n\t\t<style type=\"text\/css\">\n\t\t\t#gallery-1 {\n\t\t\t\tmargin: auto;\n\t\t\t}\n\t\t\t#gallery-1 .gallery-item {\n\t\t\t\tfloat: left;\n\t\t\t\tmargin-top: 10px;\n\t\t\t\ttext-align: center;\n\t\t\t\twidth: 25%;\n\t\t\t}\n\t\t\t#gallery-1 img {\n\t\t\t\tborder: 2px solid #cfcfcf;\n\t\t\t}\n\t\t\t#gallery-1 .gallery-caption {\n\t\t\t\tmargin-left: 0;\n\t\t\t}\n\t\t\t\/* see gallery_shortcode() in wp-includes\/media.php *\/\n\t\t<\/style>\n\t\t<div id='gallery-1' class='gallery galleryid-13027 gallery-columns-4 gallery-size-thumbnail'><dl class='gallery-item'>\n\t\t\t<dt class='gallery-icon landscape'>\n\t\t\t\t<a href='https:\/\/unisale.com.br\/pastoral\/academicos-levam-conscientizacao-sobre-hipertensao-para-comunidade-xavante\/whatsapp-image-2025-08-12-at-08-28-34-1024x682-1\/'><img decoding=\"async\" width=\"150\" height=\"150\" src=\"https:\/\/unisale.com.br\/pastoral\/wp-content\/uploads\/2025\/09\/WhatsApp-Image-2025-08-12-at-08.28.34-1024x682-1-1-150x150.jpeg\" class=\"attachment-thumbnail size-thumbnail\" alt=\"\" \/><\/a>\n\t\t\t<\/dt><\/dl><dl class='gallery-item'>\n\t\t\t<dt class='gallery-icon landscape'>\n\t\t\t\t<a href='https:\/\/unisale.com.br\/pastoral\/academicos-levam-conscientizacao-sobre-hipertensao-para-comunidade-xavante\/whatsapp-image-2025-08-12-at-08-28-33-2-1024x682\/'><img loading=\"lazy\" decoding=\"async\" width=\"150\" height=\"150\" src=\"https:\/\/unisale.com.br\/pastoral\/wp-content\/uploads\/2025\/09\/WhatsApp-Image-2025-08-12-at-08.28.33-2-1024x682-1-150x150.jpeg\" class=\"attachment-thumbnail size-thumbnail\" alt=\"\" \/><\/a>\n\t\t\t<\/dt><\/dl><dl class='gallery-item'>\n\t\t\t<dt class='gallery-icon landscape'>\n\t\t\t\t<a href='https:\/\/unisale.com.br\/pastoral\/academicos-levam-conscientizacao-sobre-hipertensao-para-comunidade-xavante\/whatsapp-image-2025-08-12-at-08-28-33-1-1024x682\/'><img loading=\"lazy\" decoding=\"async\" width=\"150\" height=\"150\" src=\"https:\/\/unisale.com.br\/pastoral\/wp-content\/uploads\/2025\/09\/WhatsApp-Image-2025-08-12-at-08.28.33-1-1024x682-1-150x150.jpeg\" class=\"attachment-thumbnail size-thumbnail\" alt=\"\" \/><\/a>\n\t\t\t<\/dt><\/dl><dl class='gallery-item'>\n\t\t\t<dt class='gallery-icon landscape'>\n\t\t\t\t<a href='https:\/\/unisale.com.br\/pastoral\/academicos-levam-conscientizacao-sobre-hipertensao-para-comunidade-xavante\/whatsapp-image-2025-08-12-at-08-28-33-1024x682\/'><img loading=\"lazy\" decoding=\"async\" width=\"150\" height=\"150\" src=\"https:\/\/unisale.com.br\/pastoral\/wp-content\/uploads\/2025\/09\/WhatsApp-Image-2025-08-12-at-08.28.33-1024x682-1-150x150.jpeg\" class=\"attachment-thumbnail size-thumbnail\" alt=\"\" \/><\/a>\n\t\t\t<\/dt><\/dl><br style=\"clear: both\" \/>\n\t\t<\/div>\n\n","protected":false},"excerpt":{"rendered":"<p>Acad\u00eamicos de Medicina do UniSALESIANO, integrantes do\u00a0VAMS \u2013 Volunt\u00e1rio Acad\u00eamico Mission\u00e1rio Salesiano, realizaram uma a\u00e7\u00e3o de conscientiza\u00e7\u00e3o na Unidade B\u00e1sica de Sa\u00fade (UBS) da aldeia&#8230;<\/p>\n","protected":false},"author":1,"featured_media":13028,"comment_status":"closed","ping_status":"closed","sticky":false,"template":"","format":"standard","meta":{"_acf_changed":false,"footnotes":""},"categories":[3],"tags":[],"class_list":["post-13027","post","type-post","status-publish","format-standard","has-post-thumbnail","hentry","category-not"],"acf":[],"yoast_head":"<!-- This site is optimized with the Yoast SEO plugin v27.3 - https:\/\/yoast.com\/product\/yoast-seo-wordpress\/ -->\n<title>Acad\u00eamicos levam conscientiza\u00e7\u00e3o sobre hipertens\u00e3o para comunidade xavante - Pastoral Universit\u00e1ria UniSALESIANO<\/title>\n<meta name=\"robots\" content=\"index, follow, max-snippet:-1, max-image-preview:large, max-video-preview:-1\" \/>\n<link rel=\"canonical\" href=\"https:\/\/unisale.com.br\/pastoral\/academicos-levam-conscientizacao-sobre-hipertensao-para-comunidade-xavante\/\" \/>\n<meta property=\"og:locale\" content=\"pt_BR\" \/>\n<meta property=\"og:type\" content=\"article\" \/>\n<meta property=\"og:title\" content=\"Acad\u00eamicos levam conscientiza\u00e7\u00e3o sobre hipertens\u00e3o para comunidade xavante - Pastoral Universit\u00e1ria UniSALESIANO\" \/>\n<meta property=\"og:description\" content=\"Acad\u00eamicos de Medicina do UniSALESIANO, integrantes do\u00a0VAMS \u2013 Volunt\u00e1rio Acad\u00eamico Mission\u00e1rio Salesiano, realizaram uma a\u00e7\u00e3o de conscientiza\u00e7\u00e3o na Unidade B\u00e1sica de Sa\u00fade (UBS) da aldeia...\" \/>\n<meta property=\"og:url\" content=\"https:\/\/unisale.com.br\/pastoral\/academicos-levam-conscientizacao-sobre-hipertensao-para-comunidade-xavante\/\" \/>\n<meta property=\"og:site_name\" content=\"Pastoral Universit\u00e1ria UniSALESIANO\" \/>\n<meta property=\"article:published_time\" content=\"2025-09-02T17:46:53+00:00\" \/>\n<meta property=\"og:image\" content=\"https:\/\/unisale.com.br\/pastoral\/wp-content\/uploads\/2025\/09\/WhatsApp-Image-2025-08-08-at-14.02.01-768x512-1.jpeg\" \/>\n\t<meta property=\"og:image:width\" content=\"768\" \/>\n\t<meta property=\"og:image:height\" content=\"512\" \/>\n\t<meta property=\"og:image:type\" content=\"image\/jpeg\" \/>\n<meta name=\"author\" content=\"pastoral\" \/>\n<meta name=\"twitter:card\" content=\"summary_large_image\" \/>\n<meta name=\"twitter:label1\" content=\"Escrito por\" \/>\n\t<meta name=\"twitter:data1\" content=\"pastoral\" \/>\n\t<meta name=\"twitter:label2\" content=\"Est. tempo de leitura\" \/>\n\t<meta name=\"twitter:data2\" content=\"3 minutos\" \/>\n<script type=\"application\/ld+json\" class=\"yoast-schema-graph\">{\"@context\":\"https:\\\/\\\/schema.org\",\"@graph\":[{\"@type\":\"Article\",\"@id\":\"https:\\\/\\\/unisale.com.br\\\/pastoral\\\/academicos-levam-conscientizacao-sobre-hipertensao-para-comunidade-xavante\\\/#article\",\"isPartOf\":{\"@id\":\"https:\\\/\\\/unisale.com.br\\\/pastoral\\\/academicos-levam-conscientizacao-sobre-hipertensao-para-comunidade-xavante\\\/\"},\"author\":{\"name\":\"pastoral\",\"@id\":\"https:\\\/\\\/unisale.com.br\\\/pastoral\\\/#\\\/schema\\\/person\\\/a16ba711a0f7dec9cb6b44563144d5a3\"},\"headline\":\"Acad\u00eamicos levam conscientiza\u00e7\u00e3o sobre hipertens\u00e3o para comunidade xavante\",\"datePublished\":\"2025-09-02T17:46:53+00:00\",\"mainEntityOfPage\":{\"@id\":\"https:\\\/\\\/unisale.com.br\\\/pastoral\\\/academicos-levam-conscientizacao-sobre-hipertensao-para-comunidade-xavante\\\/\"},\"wordCount\":450,\"image\":{\"@id\":\"https:\\\/\\\/unisale.com.br\\\/pastoral\\\/academicos-levam-conscientizacao-sobre-hipertensao-para-comunidade-xavante\\\/#primaryimage\"},\"thumbnailUrl\":\"https:\\\/\\\/unisale.com.br\\\/pastoral\\\/wp-content\\\/uploads\\\/2025\\\/09\\\/WhatsApp-Image-2025-08-08-at-14.02.01-768x512-1.jpeg\",\"articleSection\":[\"Not\u00edcias\"],\"inLanguage\":\"pt-BR\"},{\"@type\":\"WebPage\",\"@id\":\"https:\\\/\\\/unisale.com.br\\\/pastoral\\\/academicos-levam-conscientizacao-sobre-hipertensao-para-comunidade-xavante\\\/\",\"url\":\"https:\\\/\\\/unisale.com.br\\\/pastoral\\\/academicos-levam-conscientizacao-sobre-hipertensao-para-comunidade-xavante\\\/\",\"name\":\"Acad\u00eamicos levam conscientiza\u00e7\u00e3o sobre hipertens\u00e3o para comunidade xavante - Pastoral Universit\u00e1ria UniSALESIANO\",\"isPartOf\":{\"@id\":\"https:\\\/\\\/unisale.com.br\\\/pastoral\\\/#website\"},\"primaryImageOfPage\":{\"@id\":\"https:\\\/\\\/unisale.com.br\\\/pastoral\\\/academicos-levam-conscientizacao-sobre-hipertensao-para-comunidade-xavante\\\/#primaryimage\"},\"image\":{\"@id\":\"https:\\\/\\\/unisale.com.br\\\/pastoral\\\/academicos-levam-conscientizacao-sobre-hipertensao-para-comunidade-xavante\\\/#primaryimage\"},\"thumbnailUrl\":\"https:\\\/\\\/unisale.com.br\\\/pastoral\\\/wp-content\\\/uploads\\\/2025\\\/09\\\/WhatsApp-Image-2025-08-08-at-14.02.01-768x512-1.jpeg\",\"datePublished\":\"2025-09-02T17:46:53+00:00\",\"author\":{\"@id\":\"https:\\\/\\\/unisale.com.br\\\/pastoral\\\/#\\\/schema\\\/person\\\/a16ba711a0f7dec9cb6b44563144d5a3\"},\"inLanguage\":\"pt-BR\",\"potentialAction\":[{\"@type\":\"ReadAction\",\"target\":[\"https:\\\/\\\/unisale.com.br\\\/pastoral\\\/academicos-levam-conscientizacao-sobre-hipertensao-para-comunidade-xavante\\\/\"]}]},{\"@type\":\"ImageObject\",\"inLanguage\":\"pt-BR\",\"@id\":\"https:\\\/\\\/unisale.com.br\\\/pastoral\\\/academicos-levam-conscientizacao-sobre-hipertensao-para-comunidade-xavante\\\/#primaryimage\",\"url\":\"https:\\\/\\\/unisale.com.br\\\/pastoral\\\/wp-content\\\/uploads\\\/2025\\\/09\\\/WhatsApp-Image-2025-08-08-at-14.02.01-768x512-1.jpeg\",\"contentUrl\":\"https:\\\/\\\/unisale.com.br\\\/pastoral\\\/wp-content\\\/uploads\\\/2025\\\/09\\\/WhatsApp-Image-2025-08-08-at-14.02.01-768x512-1.jpeg\",\"width\":750,\"height\":500},{\"@type\":\"WebSite\",\"@id\":\"https:\\\/\\\/unisale.com.br\\\/pastoral\\\/#website\",\"url\":\"https:\\\/\\\/unisale.com.br\\\/pastoral\\\/\",\"name\":\"Pastoral Universit\u00e1ria UniSALESIANO\",\"description\":\"Site da Pastoral Universit\u00e1ria do UniSALESIANO\",\"potentialAction\":[{\"@type\":\"SearchAction\",\"target\":{\"@type\":\"EntryPoint\",\"urlTemplate\":\"https:\\\/\\\/unisale.com.br\\\/pastoral\\\/?s={search_term_string}\"},\"query-input\":{\"@type\":\"PropertyValueSpecification\",\"valueRequired\":true,\"valueName\":\"search_term_string\"}}],\"inLanguage\":\"pt-BR\"},{\"@type\":\"Person\",\"@id\":\"https:\\\/\\\/unisale.com.br\\\/pastoral\\\/#\\\/schema\\\/person\\\/a16ba711a0f7dec9cb6b44563144d5a3\",\"name\":\"pastoral\",\"url\":\"https:\\\/\\\/unisale.com.br\\\/pastoral\\\/author\\\/pastoral\\\/\"}]}<\/script>\n<!-- \/ Yoast SEO plugin. -->","yoast_head_json":{"title":"Acad\u00eamicos levam conscientiza\u00e7\u00e3o sobre hipertens\u00e3o para comunidade xavante - Pastoral Universit\u00e1ria UniSALESIANO","robots":{"index":"index","follow":"follow","max-snippet":"max-snippet:-1","max-image-preview":"max-image-preview:large","max-video-preview":"max-video-preview:-1"},"canonical":"https:\/\/unisale.com.br\/pastoral\/academicos-levam-conscientizacao-sobre-hipertensao-para-comunidade-xavante\/","og_locale":"pt_BR","og_type":"article","og_title":"Acad\u00eamicos levam conscientiza\u00e7\u00e3o sobre hipertens\u00e3o para comunidade xavante - Pastoral Universit\u00e1ria UniSALESIANO","og_description":"Acad\u00eamicos de Medicina do UniSALESIANO, integrantes do\u00a0VAMS \u2013 Volunt\u00e1rio Acad\u00eamico Mission\u00e1rio Salesiano, realizaram uma a\u00e7\u00e3o de conscientiza\u00e7\u00e3o na Unidade B\u00e1sica de Sa\u00fade (UBS) da aldeia...","og_url":"https:\/\/unisale.com.br\/pastoral\/academicos-levam-conscientizacao-sobre-hipertensao-para-comunidade-xavante\/","og_site_name":"Pastoral Universit\u00e1ria UniSALESIANO","article_published_time":"2025-09-02T17:46:53+00:00","og_image":[{"width":768,"height":512,"url":"https:\/\/unisale.com.br\/pastoral\/wp-content\/uploads\/2025\/09\/WhatsApp-Image-2025-08-08-at-14.02.01-768x512-1.jpeg","type":"image\/jpeg"}],"author":"pastoral","twitter_card":"summary_large_image","twitter_misc":{"Escrito por":"pastoral","Est. tempo de leitura":"3 minutos"},"schema":{"@context":"https:\/\/schema.org","@graph":[{"@type":"Article","@id":"https:\/\/unisale.com.br\/pastoral\/academicos-levam-conscientizacao-sobre-hipertensao-para-comunidade-xavante\/#article","isPartOf":{"@id":"https:\/\/unisale.com.br\/pastoral\/academicos-levam-conscientizacao-sobre-hipertensao-para-comunidade-xavante\/"},"author":{"name":"pastoral","@id":"https:\/\/unisale.com.br\/pastoral\/#\/schema\/person\/a16ba711a0f7dec9cb6b44563144d5a3"},"headline":"Acad\u00eamicos levam conscientiza\u00e7\u00e3o sobre hipertens\u00e3o para comunidade xavante","datePublished":"2025-09-02T17:46:53+00:00","mainEntityOfPage":{"@id":"https:\/\/unisale.com.br\/pastoral\/academicos-levam-conscientizacao-sobre-hipertensao-para-comunidade-xavante\/"},"wordCount":450,"image":{"@id":"https:\/\/unisale.com.br\/pastoral\/academicos-levam-conscientizacao-sobre-hipertensao-para-comunidade-xavante\/#primaryimage"},"thumbnailUrl":"https:\/\/unisale.com.br\/pastoral\/wp-content\/uploads\/2025\/09\/WhatsApp-Image-2025-08-08-at-14.02.01-768x512-1.jpeg","articleSection":["Not\u00edcias"],"inLanguage":"pt-BR"},{"@type":"WebPage","@id":"https:\/\/unisale.com.br\/pastoral\/academicos-levam-conscientizacao-sobre-hipertensao-para-comunidade-xavante\/","url":"https:\/\/unisale.com.br\/pastoral\/academicos-levam-conscientizacao-sobre-hipertensao-para-comunidade-xavante\/","name":"Acad\u00eamicos levam conscientiza\u00e7\u00e3o sobre hipertens\u00e3o para comunidade xavante - Pastoral Universit\u00e1ria UniSALESIANO","isPartOf":{"@id":"https:\/\/unisale.com.br\/pastoral\/#website"},"primaryImageOfPage":{"@id":"https:\/\/unisale.com.br\/pastoral\/academicos-levam-conscientizacao-sobre-hipertensao-para-comunidade-xavante\/#primaryimage"},"image":{"@id":"https:\/\/unisale.com.br\/pastoral\/academicos-levam-conscientizacao-sobre-hipertensao-para-comunidade-xavante\/#primaryimage"},"thumbnailUrl":"https:\/\/unisale.com.br\/pastoral\/wp-content\/uploads\/2025\/09\/WhatsApp-Image-2025-08-08-at-14.02.01-768x512-1.jpeg","datePublished":"2025-09-02T17:46:53+00:00","author":{"@id":"https:\/\/unisale.com.br\/pastoral\/#\/schema\/person\/a16ba711a0f7dec9cb6b44563144d5a3"},"inLanguage":"pt-BR","potentialAction":[{"@type":"ReadAction","target":["https:\/\/unisale.com.br\/pastoral\/academicos-levam-conscientizacao-sobre-hipertensao-para-comunidade-xavante\/"]}]},{"@type":"ImageObject","inLanguage":"pt-BR","@id":"https:\/\/unisale.com.br\/pastoral\/academicos-levam-conscientizacao-sobre-hipertensao-para-comunidade-xavante\/#primaryimage","url":"https:\/\/unisale.com.br\/pastoral\/wp-content\/uploads\/2025\/09\/WhatsApp-Image-2025-08-08-at-14.02.01-768x512-1.jpeg","contentUrl":"https:\/\/unisale.com.br\/pastoral\/wp-content\/uploads\/2025\/09\/WhatsApp-Image-2025-08-08-at-14.02.01-768x512-1.jpeg","width":750,"height":500},{"@type":"WebSite","@id":"https:\/\/unisale.com.br\/pastoral\/#website","url":"https:\/\/unisale.com.br\/pastoral\/","name":"Pastoral Universit\u00e1ria UniSALESIANO","description":"Site da Pastoral Universit\u00e1ria do UniSALESIANO","potentialAction":[{"@type":"SearchAction","target":{"@type":"EntryPoint","urlTemplate":"https:\/\/unisale.com.br\/pastoral\/?s={search_term_string}"},"query-input":{"@type":"PropertyValueSpecification","valueRequired":true,"valueName":"search_term_string"}}],"inLanguage":"pt-BR"},{"@type":"Person","@id":"https:\/\/unisale.com.br\/pastoral\/#\/schema\/person\/a16ba711a0f7dec9cb6b44563144d5a3","name":"pastoral","url":"https:\/\/unisale.com.br\/pastoral\/author\/pastoral\/"}]}},"_links":{"self":[{"href":"https:\/\/unisale.com.br\/pastoral\/wp-json\/wp\/v2\/posts\/13027","targetHints":{"allow":["GET"]}}],"collection":[{"href":"https:\/\/unisale.com.br\/pastoral\/wp-json\/wp\/v2\/posts"}],"about":[{"href":"https:\/\/unisale.com.br\/pastoral\/wp-json\/wp\/v2\/types\/post"}],"author":[{"embeddable":true,"href":"https:\/\/unisale.com.br\/pastoral\/wp-json\/wp\/v2\/users\/1"}],"replies":[{"embeddable":true,"href":"https:\/\/unisale.com.br\/pastoral\/wp-json\/wp\/v2\/comments?post=13027"}],"version-history":[{"count":1,"href":"https:\/\/unisale.com.br\/pastoral\/wp-json\/wp\/v2\/posts\/13027\/revisions"}],"predecessor-version":[{"id":13037,"href":"https:\/\/unisale.com.br\/pastoral\/wp-json\/wp\/v2\/posts\/13027\/revisions\/13037"}],"wp:featuredmedia":[{"embeddable":true,"href":"https:\/\/unisale.com.br\/pastoral\/wp-json\/wp\/v2\/media\/13028"}],"wp:attachment":[{"href":"https:\/\/unisale.com.br\/pastoral\/wp-json\/wp\/v2\/media?parent=13027"}],"wp:term":[{"taxonomy":"category","embeddable":true,"href":"https:\/\/unisale.com.br\/pastoral\/wp-json\/wp\/v2\/categories?post=13027"},{"taxonomy":"post_tag","embeddable":true,"href":"https:\/\/unisale.com.br\/pastoral\/wp-json\/wp\/v2\/tags?post=13027"}],"curies":[{"name":"wp","href":"https:\/\/api.w.org\/{rel}","templated":true}]}}