{"id":13053,"date":"2025-09-02T17:56:28","date_gmt":"2025-09-02T17:56:28","guid":{"rendered":"https:\/\/unisale.com.br\/pastoral\/?p=13053"},"modified":"2025-09-02T17:56:28","modified_gmt":"2025-09-02T17:56:28","slug":"unisalesiano-aracatuba-abre-inscricoes-para-a-peregrinacao-universitaria-2025-a-aparecida","status":"publish","type":"post","link":"https:\/\/unisale.com.br\/pastoral\/unisalesiano-aracatuba-abre-inscricoes-para-a-peregrinacao-universitaria-2025-a-aparecida\/","title":{"rendered":"UniSALESIANO Ara\u00e7atuba abre inscri\u00e7\u00f5es para a Peregrina\u00e7\u00e3o Universit\u00e1ria 2025 a Aparecida"},"content":{"rendered":"<p>O UniSALESIANO anunciou a abertura das inscri\u00e7\u00f5es para a<strong>\u00a0Peregrina\u00e7\u00e3o Universit\u00e1ria 2025<\/strong>, um dos momentos mais aguardados do calend\u00e1rio da\u00a0<strong>Pastoral Universit\u00e1ria<\/strong>. O evento acontece nos dias 24 e 25 de outubro, reunindo acad\u00eamicos, professores e colaboradores em uma experi\u00eancia de f\u00e9, conviv\u00eancia e espiritualidade.<\/p>\n<p>As inscri\u00e7\u00f5es podem ser feitas at\u00e9 o dia 19 de setembro, diretamente na sala da Pastoral Universit\u00e1ria, localizada no 2\u00ba andar, Bloco B, Sala 33. O valor \u00e9 de R$ 150,00, com devolu\u00e7\u00e3o de R$ 50,00 durante a viagem, conforme informado pela organiza\u00e7\u00e3o.<\/p>\n<p>De acordo com a Pastoral, a peregrina\u00e7\u00e3o \u00e9 mais do que uma simples viagem: \u00e9 um convite a refletir sobre a vida, fortalecer os la\u00e7os comunit\u00e1rios e renovar a f\u00e9. \u201c\u00c9 sempre uma experi\u00eancia transformadora para todos que participam\u201d, destaca a equipe organizadora.<\/p>\n<p>As vagas s\u00e3o limitadas, por isso os interessados devem garantir sua inscri\u00e7\u00e3o o quanto antes. A Pastoral Universit\u00e1ria refor\u00e7a ainda o convite para que os alunos formem grupos e incentivem colegas a participar, tornando o momento ainda mais especial.<\/p>\n<p>Mais informa\u00e7\u00f5es podem ser obtidas pelo telefone (18) 3636-5223 ou diretamente na Pastoral Universit\u00e1ria.<\/p>\n","protected":false},"excerpt":{"rendered":"<p>O UniSALESIANO anunciou a abertura das inscri\u00e7\u00f5es para a\u00a0Peregrina\u00e7\u00e3o Universit\u00e1ria 2025, um dos momentos mais aguardados do calend\u00e1rio da\u00a0Pastoral Universit\u00e1ria. O evento acontece nos dias&#8230;<\/p>\n","protected":false},"author":1,"featured_media":13054,"comment_status":"closed","ping_status":"closed","sticky":false,"template":"","format":"standard","meta":{"_acf_changed":false,"footnotes":""},"categories":[3],"tags":[],"class_list":["post-13053","post","type-post","status-publish","format-standard","has-post-thumbnail","hentry","category-not"],"acf":[],"yoast_head":"<!-- This site is optimized with the Yoast SEO plugin v27.3 - https:\/\/yoast.com\/product\/yoast-seo-wordpress\/ -->\n<title>UniSALESIANO Ara\u00e7atuba abre inscri\u00e7\u00f5es para a Peregrina\u00e7\u00e3o Universit\u00e1ria 2025 a Aparecida - Pastoral Universit\u00e1ria UniSALESIANO<\/title>\n<meta name=\"robots\" content=\"index, follow, max-snippet:-1, max-image-preview:large, max-video-preview:-1\" \/>\n<link rel=\"canonical\" href=\"https:\/\/unisale.com.br\/pastoral\/unisalesiano-aracatuba-abre-inscricoes-para-a-peregrinacao-universitaria-2025-a-aparecida\/\" \/>\n<meta property=\"og:locale\" content=\"pt_BR\" \/>\n<meta property=\"og:type\" content=\"article\" \/>\n<meta property=\"og:title\" content=\"UniSALESIANO Ara\u00e7atuba abre inscri\u00e7\u00f5es para a Peregrina\u00e7\u00e3o Universit\u00e1ria 2025 a Aparecida - Pastoral Universit\u00e1ria UniSALESIANO\" \/>\n<meta property=\"og:description\" content=\"O UniSALESIANO anunciou a abertura das inscri\u00e7\u00f5es para a\u00a0Peregrina\u00e7\u00e3o Universit\u00e1ria 2025, um dos momentos mais aguardados do calend\u00e1rio da\u00a0Pastoral Universit\u00e1ria. O evento acontece nos dias...\" \/>\n<meta property=\"og:url\" content=\"https:\/\/unisale.com.br\/pastoral\/unisalesiano-aracatuba-abre-inscricoes-para-a-peregrinacao-universitaria-2025-a-aparecida\/\" \/>\n<meta property=\"og:site_name\" content=\"Pastoral Universit\u00e1ria UniSALESIANO\" \/>\n<meta property=\"article:published_time\" content=\"2025-09-02T17:56:28+00:00\" \/>\n<meta property=\"og:image\" content=\"https:\/\/unisale.com.br\/pastoral\/wp-content\/uploads\/2025\/09\/Captura-de-tela-2025-08-20-144055.jpg\" \/>\n\t<meta property=\"og:image:width\" content=\"574\" \/>\n\t<meta property=\"og:image:height\" content=\"543\" \/>\n\t<meta property=\"og:image:type\" content=\"image\/jpeg\" \/>\n<meta name=\"author\" content=\"pastoral\" \/>\n<meta name=\"twitter:card\" content=\"summary_large_image\" \/>\n<meta name=\"twitter:label1\" content=\"Escrito por\" \/>\n\t<meta name=\"twitter:data1\" content=\"pastoral\" \/>\n\t<meta name=\"twitter:label2\" content=\"Est. tempo de leitura\" \/>\n\t<meta name=\"twitter:data2\" content=\"2 minutos\" \/>\n<script type=\"application\/ld+json\" class=\"yoast-schema-graph\">{\"@context\":\"https:\\\/\\\/schema.org\",\"@graph\":[{\"@type\":\"Article\",\"@id\":\"https:\\\/\\\/unisale.com.br\\\/pastoral\\\/unisalesiano-aracatuba-abre-inscricoes-para-a-peregrinacao-universitaria-2025-a-aparecida\\\/#article\",\"isPartOf\":{\"@id\":\"https:\\\/\\\/unisale.com.br\\\/pastoral\\\/unisalesiano-aracatuba-abre-inscricoes-para-a-peregrinacao-universitaria-2025-a-aparecida\\\/\"},\"author\":{\"name\":\"pastoral\",\"@id\":\"https:\\\/\\\/unisale.com.br\\\/pastoral\\\/#\\\/schema\\\/person\\\/a16ba711a0f7dec9cb6b44563144d5a3\"},\"headline\":\"UniSALESIANO Ara\u00e7atuba abre inscri\u00e7\u00f5es para a Peregrina\u00e7\u00e3o Universit\u00e1ria 2025 a Aparecida\",\"datePublished\":\"2025-09-02T17:56:28+00:00\",\"mainEntityOfPage\":{\"@id\":\"https:\\\/\\\/unisale.com.br\\\/pastoral\\\/unisalesiano-aracatuba-abre-inscricoes-para-a-peregrinacao-universitaria-2025-a-aparecida\\\/\"},\"wordCount\":207,\"image\":{\"@id\":\"https:\\\/\\\/unisale.com.br\\\/pastoral\\\/unisalesiano-aracatuba-abre-inscricoes-para-a-peregrinacao-universitaria-2025-a-aparecida\\\/#primaryimage\"},\"thumbnailUrl\":\"https:\\\/\\\/unisale.com.br\\\/pastoral\\\/wp-content\\\/uploads\\\/2025\\\/09\\\/Captura-de-tela-2025-08-20-144055.jpg\",\"articleSection\":[\"Not\u00edcias\"],\"inLanguage\":\"pt-BR\"},{\"@type\":\"WebPage\",\"@id\":\"https:\\\/\\\/unisale.com.br\\\/pastoral\\\/unisalesiano-aracatuba-abre-inscricoes-para-a-peregrinacao-universitaria-2025-a-aparecida\\\/\",\"url\":\"https:\\\/\\\/unisale.com.br\\\/pastoral\\\/unisalesiano-aracatuba-abre-inscricoes-para-a-peregrinacao-universitaria-2025-a-aparecida\\\/\",\"name\":\"UniSALESIANO Ara\u00e7atuba abre inscri\u00e7\u00f5es para a Peregrina\u00e7\u00e3o Universit\u00e1ria 2025 a Aparecida - Pastoral Universit\u00e1ria UniSALESIANO\",\"isPartOf\":{\"@id\":\"https:\\\/\\\/unisale.com.br\\\/pastoral\\\/#website\"},\"primaryImageOfPage\":{\"@id\":\"https:\\\/\\\/unisale.com.br\\\/pastoral\\\/unisalesiano-aracatuba-abre-inscricoes-para-a-peregrinacao-universitaria-2025-a-aparecida\\\/#primaryimage\"},\"image\":{\"@id\":\"https:\\\/\\\/unisale.com.br\\\/pastoral\\\/unisalesiano-aracatuba-abre-inscricoes-para-a-peregrinacao-universitaria-2025-a-aparecida\\\/#primaryimage\"},\"thumbnailUrl\":\"https:\\\/\\\/unisale.com.br\\\/pastoral\\\/wp-content\\\/uploads\\\/2025\\\/09\\\/Captura-de-tela-2025-08-20-144055.jpg\",\"datePublished\":\"2025-09-02T17:56:28+00:00\",\"author\":{\"@id\":\"https:\\\/\\\/unisale.com.br\\\/pastoral\\\/#\\\/schema\\\/person\\\/a16ba711a0f7dec9cb6b44563144d5a3\"},\"inLanguage\":\"pt-BR\",\"potentialAction\":[{\"@type\":\"ReadAction\",\"target\":[\"https:\\\/\\\/unisale.com.br\\\/pastoral\\\/unisalesiano-aracatuba-abre-inscricoes-para-a-peregrinacao-universitaria-2025-a-aparecida\\\/\"]}]},{\"@type\":\"ImageObject\",\"inLanguage\":\"pt-BR\",\"@id\":\"https:\\\/\\\/unisale.com.br\\\/pastoral\\\/unisalesiano-aracatuba-abre-inscricoes-para-a-peregrinacao-universitaria-2025-a-aparecida\\\/#primaryimage\",\"url\":\"https:\\\/\\\/unisale.com.br\\\/pastoral\\\/wp-content\\\/uploads\\\/2025\\\/09\\\/Captura-de-tela-2025-08-20-144055.jpg\",\"contentUrl\":\"https:\\\/\\\/unisale.com.br\\\/pastoral\\\/wp-content\\\/uploads\\\/2025\\\/09\\\/Captura-de-tela-2025-08-20-144055.jpg\",\"width\":529,\"height\":500},{\"@type\":\"WebSite\",\"@id\":\"https:\\\/\\\/unisale.com.br\\\/pastoral\\\/#website\",\"url\":\"https:\\\/\\\/unisale.com.br\\\/pastoral\\\/\",\"name\":\"Pastoral Universit\u00e1ria UniSALESIANO\",\"description\":\"Site da Pastoral Universit\u00e1ria do UniSALESIANO\",\"potentialAction\":[{\"@type\":\"SearchAction\",\"target\":{\"@type\":\"EntryPoint\",\"urlTemplate\":\"https:\\\/\\\/unisale.com.br\\\/pastoral\\\/?s={search_term_string}\"},\"query-input\":{\"@type\":\"PropertyValueSpecification\",\"valueRequired\":true,\"valueName\":\"search_term_string\"}}],\"inLanguage\":\"pt-BR\"},{\"@type\":\"Person\",\"@id\":\"https:\\\/\\\/unisale.com.br\\\/pastoral\\\/#\\\/schema\\\/person\\\/a16ba711a0f7dec9cb6b44563144d5a3\",\"name\":\"pastoral\",\"url\":\"https:\\\/\\\/unisale.com.br\\\/pastoral\\\/author\\\/pastoral\\\/\"}]}<\/script>\n<!-- \/ Yoast SEO plugin. -->","yoast_head_json":{"title":"UniSALESIANO Ara\u00e7atuba abre inscri\u00e7\u00f5es para a Peregrina\u00e7\u00e3o Universit\u00e1ria 2025 a Aparecida - Pastoral Universit\u00e1ria UniSALESIANO","robots":{"index":"index","follow":"follow","max-snippet":"max-snippet:-1","max-image-preview":"max-image-preview:large","max-video-preview":"max-video-preview:-1"},"canonical":"https:\/\/unisale.com.br\/pastoral\/unisalesiano-aracatuba-abre-inscricoes-para-a-peregrinacao-universitaria-2025-a-aparecida\/","og_locale":"pt_BR","og_type":"article","og_title":"UniSALESIANO Ara\u00e7atuba abre inscri\u00e7\u00f5es para a Peregrina\u00e7\u00e3o Universit\u00e1ria 2025 a Aparecida - Pastoral Universit\u00e1ria UniSALESIANO","og_description":"O UniSALESIANO anunciou a abertura das inscri\u00e7\u00f5es para a\u00a0Peregrina\u00e7\u00e3o Universit\u00e1ria 2025, um dos momentos mais aguardados do calend\u00e1rio da\u00a0Pastoral Universit\u00e1ria. O evento acontece nos dias...","og_url":"https:\/\/unisale.com.br\/pastoral\/unisalesiano-aracatuba-abre-inscricoes-para-a-peregrinacao-universitaria-2025-a-aparecida\/","og_site_name":"Pastoral Universit\u00e1ria UniSALESIANO","article_published_time":"2025-09-02T17:56:28+00:00","og_image":[{"width":574,"height":543,"url":"https:\/\/unisale.com.br\/pastoral\/wp-content\/uploads\/2025\/09\/Captura-de-tela-2025-08-20-144055.jpg","type":"image\/jpeg"}],"author":"pastoral","twitter_card":"summary_large_image","twitter_misc":{"Escrito por":"pastoral","Est. tempo de leitura":"2 minutos"},"schema":{"@context":"https:\/\/schema.org","@graph":[{"@type":"Article","@id":"https:\/\/unisale.com.br\/pastoral\/unisalesiano-aracatuba-abre-inscricoes-para-a-peregrinacao-universitaria-2025-a-aparecida\/#article","isPartOf":{"@id":"https:\/\/unisale.com.br\/pastoral\/unisalesiano-aracatuba-abre-inscricoes-para-a-peregrinacao-universitaria-2025-a-aparecida\/"},"author":{"name":"pastoral","@id":"https:\/\/unisale.com.br\/pastoral\/#\/schema\/person\/a16ba711a0f7dec9cb6b44563144d5a3"},"headline":"UniSALESIANO Ara\u00e7atuba abre inscri\u00e7\u00f5es para a Peregrina\u00e7\u00e3o Universit\u00e1ria 2025 a Aparecida","datePublished":"2025-09-02T17:56:28+00:00","mainEntityOfPage":{"@id":"https:\/\/unisale.com.br\/pastoral\/unisalesiano-aracatuba-abre-inscricoes-para-a-peregrinacao-universitaria-2025-a-aparecida\/"},"wordCount":207,"image":{"@id":"https:\/\/unisale.com.br\/pastoral\/unisalesiano-aracatuba-abre-inscricoes-para-a-peregrinacao-universitaria-2025-a-aparecida\/#primaryimage"},"thumbnailUrl":"https:\/\/unisale.com.br\/pastoral\/wp-content\/uploads\/2025\/09\/Captura-de-tela-2025-08-20-144055.jpg","articleSection":["Not\u00edcias"],"inLanguage":"pt-BR"},{"@type":"WebPage","@id":"https:\/\/unisale.com.br\/pastoral\/unisalesiano-aracatuba-abre-inscricoes-para-a-peregrinacao-universitaria-2025-a-aparecida\/","url":"https:\/\/unisale.com.br\/pastoral\/unisalesiano-aracatuba-abre-inscricoes-para-a-peregrinacao-universitaria-2025-a-aparecida\/","name":"UniSALESIANO Ara\u00e7atuba abre inscri\u00e7\u00f5es para a Peregrina\u00e7\u00e3o Universit\u00e1ria 2025 a Aparecida - Pastoral Universit\u00e1ria UniSALESIANO","isPartOf":{"@id":"https:\/\/unisale.com.br\/pastoral\/#website"},"primaryImageOfPage":{"@id":"https:\/\/unisale.com.br\/pastoral\/unisalesiano-aracatuba-abre-inscricoes-para-a-peregrinacao-universitaria-2025-a-aparecida\/#primaryimage"},"image":{"@id":"https:\/\/unisale.com.br\/pastoral\/unisalesiano-aracatuba-abre-inscricoes-para-a-peregrinacao-universitaria-2025-a-aparecida\/#primaryimage"},"thumbnailUrl":"https:\/\/unisale.com.br\/pastoral\/wp-content\/uploads\/2025\/09\/Captura-de-tela-2025-08-20-144055.jpg","datePublished":"2025-09-02T17:56:28+00:00","author":{"@id":"https:\/\/unisale.com.br\/pastoral\/#\/schema\/person\/a16ba711a0f7dec9cb6b44563144d5a3"},"inLanguage":"pt-BR","potentialAction":[{"@type":"ReadAction","target":["https:\/\/unisale.com.br\/pastoral\/unisalesiano-aracatuba-abre-inscricoes-para-a-peregrinacao-universitaria-2025-a-aparecida\/"]}]},{"@type":"ImageObject","inLanguage":"pt-BR","@id":"https:\/\/unisale.com.br\/pastoral\/unisalesiano-aracatuba-abre-inscricoes-para-a-peregrinacao-universitaria-2025-a-aparecida\/#primaryimage","url":"https:\/\/unisale.com.br\/pastoral\/wp-content\/uploads\/2025\/09\/Captura-de-tela-2025-08-20-144055.jpg","contentUrl":"https:\/\/unisale.com.br\/pastoral\/wp-content\/uploads\/2025\/09\/Captura-de-tela-2025-08-20-144055.jpg","width":529,"height":500},{"@type":"WebSite","@id":"https:\/\/unisale.com.br\/pastoral\/#website","url":"https:\/\/unisale.com.br\/pastoral\/","name":"Pastoral Universit\u00e1ria UniSALESIANO","description":"Site da Pastoral Universit\u00e1ria do UniSALESIANO","potentialAction":[{"@type":"SearchAction","target":{"@type":"EntryPoint","urlTemplate":"https:\/\/unisale.com.br\/pastoral\/?s={search_term_string}"},"query-input":{"@type":"PropertyValueSpecification","valueRequired":true,"valueName":"search_term_string"}}],"inLanguage":"pt-BR"},{"@type":"Person","@id":"https:\/\/unisale.com.br\/pastoral\/#\/schema\/person\/a16ba711a0f7dec9cb6b44563144d5a3","name":"pastoral","url":"https:\/\/unisale.com.br\/pastoral\/author\/pastoral\/"}]}},"_links":{"self":[{"href":"https:\/\/unisale.com.br\/pastoral\/wp-json\/wp\/v2\/posts\/13053","targetHints":{"allow":["GET"]}}],"collection":[{"href":"https:\/\/unisale.com.br\/pastoral\/wp-json\/wp\/v2\/posts"}],"about":[{"href":"https:\/\/unisale.com.br\/pastoral\/wp-json\/wp\/v2\/types\/post"}],"author":[{"embeddable":true,"href":"https:\/\/unisale.com.br\/pastoral\/wp-json\/wp\/v2\/users\/1"}],"replies":[{"embeddable":true,"href":"https:\/\/unisale.com.br\/pastoral\/wp-json\/wp\/v2\/comments?post=13053"}],"version-history":[{"count":1,"href":"https:\/\/unisale.com.br\/pastoral\/wp-json\/wp\/v2\/posts\/13053\/revisions"}],"predecessor-version":[{"id":13055,"href":"https:\/\/unisale.com.br\/pastoral\/wp-json\/wp\/v2\/posts\/13053\/revisions\/13055"}],"wp:featuredmedia":[{"embeddable":true,"href":"https:\/\/unisale.com.br\/pastoral\/wp-json\/wp\/v2\/media\/13054"}],"wp:attachment":[{"href":"https:\/\/unisale.com.br\/pastoral\/wp-json\/wp\/v2\/media?parent=13053"}],"wp:term":[{"taxonomy":"category","embeddable":true,"href":"https:\/\/unisale.com.br\/pastoral\/wp-json\/wp\/v2\/categories?post=13053"},{"taxonomy":"post_tag","embeddable":true,"href":"https:\/\/unisale.com.br\/pastoral\/wp-json\/wp\/v2\/tags?post=13053"}],"curies":[{"name":"wp","href":"https:\/\/api.w.org\/{rel}","templated":true}]}}