{"id":13056,"date":"2025-09-02T18:04:24","date_gmt":"2025-09-02T18:04:24","guid":{"rendered":"https:\/\/unisale.com.br\/pastoral\/?p=13056"},"modified":"2025-09-02T18:04:24","modified_gmt":"2025-09-02T18:04:24","slug":"unisalesiano-celebra-aniversario-de-nascimento-de-sao-joao-bosco-com-missas-na-igreja-universitaria","status":"publish","type":"post","link":"https:\/\/unisale.com.br\/pastoral\/unisalesiano-celebra-aniversario-de-nascimento-de-sao-joao-bosco-com-missas-na-igreja-universitaria\/","title":{"rendered":"UniSALESIANO celebra anivers\u00e1rio de nascimento de S\u00e3o Jo\u00e3o Bosco com Missas na Igreja Universit\u00e1ria"},"content":{"rendered":"<p>A comunidade acad\u00eamica do UniSALESIANO celebrou, nos dias 19 e 20 de agosto, a\u00a0<strong>Natividade de S\u00e3o Jo\u00e3o Bosco<\/strong>\u00a0(16\/08\/1815), fundador da Fam\u00edlia Salesiana e patrono da institui\u00e7\u00e3o. As Missas aconteceram na Igreja Universit\u00e1ria Nossa Senhora Auxiliadora, reunindo coordenadores de cursos, professores, colaboradores e acad\u00eamicos em momentos de f\u00e9 e gratid\u00e3o.<\/p>\n<p>A celebra\u00e7\u00e3o foi presidida pelo\u00a0<strong>Reitor, Pe. Paulo Vendrame<\/strong>, e contou com a concelebra\u00e7\u00e3o do\u00a0<strong>Pr\u00f3-Reitor de Pastoral, Pe. Paulo J\u00e1como<\/strong>. O clima de devo\u00e7\u00e3o marcou a data, que recorda o nascimento de Dom Bosco, em 16 de agosto de 1815, na It\u00e1lia, e sua miss\u00e3o de educar e evangelizar os jovens.<\/p>\n<p>Em sua homilia, Pe. Paulo Vendrame destacou a import\u00e2ncia da gratid\u00e3o pelos dons recebidos de Deus e pela inspira\u00e7\u00e3o do carisma salesiano.<\/p>\n<p><strong>DONS<\/strong><\/p>\n<p>\u201cQueremos elevar nosso cora\u00e7\u00e3o aos c\u00e9us, agradecendo a Deus por tantos benef\u00edcios que Ele tem concedido. A cada um, pessoalmente, seus dons de natureza, sua intelig\u00eancia, capacidade de aprender, de ensinar. E al\u00e9m dos dons naturais, temos os dons sobrenaturais. Porque Jesus disse: \u201cSem mim, nada podeis fazer\u201d, afirmou o Reitor.<\/p>\n<p>As celebra\u00e7\u00f5es refor\u00e7aram o compromisso da comunidade acad\u00eamica em manter vivo o esp\u00edrito de Dom Bosco, educador que formou gera\u00e7\u00f5es de jovens com amor, esperan\u00e7a e confian\u00e7a em Deus, e que inspirou o Sistema Preventivo baseado na raz\u00e3o, religi\u00e3o e amor educativo.<\/p>\n<p>Neste ano em que o UniSALESIANO celebra seus 20 anos de funda\u00e7\u00e3o, a comemora\u00e7\u00e3o da Natividade de S\u00e3o Jo\u00e3o Bosco renovou a miss\u00e3o de formar \u201cbons crist\u00e3os e honestos cidad\u00e3os\u201d, integrando f\u00e9, conhecimento e valores humanos.<\/p>\n<p>&nbsp;<\/p>\n\n\t\t<style type=\"text\/css\">\n\t\t\t#gallery-1 {\n\t\t\t\tmargin: auto;\n\t\t\t}\n\t\t\t#gallery-1 .gallery-item {\n\t\t\t\tfloat: left;\n\t\t\t\tmargin-top: 10px;\n\t\t\t\ttext-align: center;\n\t\t\t\twidth: 25%;\n\t\t\t}\n\t\t\t#gallery-1 img {\n\t\t\t\tborder: 2px solid #cfcfcf;\n\t\t\t}\n\t\t\t#gallery-1 .gallery-caption {\n\t\t\t\tmargin-left: 0;\n\t\t\t}\n\t\t\t\/* see gallery_shortcode() in wp-includes\/media.php *\/\n\t\t<\/style>\n\t\t<div id='gallery-1' class='gallery galleryid-13056 gallery-columns-4 gallery-size-thumbnail'><dl class='gallery-item'>\n\t\t\t<dt class='gallery-icon landscape'>\n\t\t\t\t<a href='https:\/\/unisale.com.br\/pastoral\/unisalesiano-celebra-aniversario-de-nascimento-de-sao-joao-bosco-com-missas-na-igreja-universitaria\/img_0989-1024x683\/'><img decoding=\"async\" width=\"150\" height=\"150\" src=\"https:\/\/unisale.com.br\/pastoral\/wp-content\/uploads\/2025\/09\/IMG_0989-1024x683-1-150x150.jpg\" class=\"attachment-thumbnail size-thumbnail\" alt=\"\" \/><\/a>\n\t\t\t<\/dt><\/dl><dl class='gallery-item'>\n\t\t\t<dt class='gallery-icon landscape'>\n\t\t\t\t<a href='https:\/\/unisale.com.br\/pastoral\/unisalesiano-celebra-aniversario-de-nascimento-de-sao-joao-bosco-com-missas-na-igreja-universitaria\/img_0992-1024x683\/'><img decoding=\"async\" width=\"150\" height=\"150\" src=\"https:\/\/unisale.com.br\/pastoral\/wp-content\/uploads\/2025\/09\/IMG_0992-1024x683-1-150x150.jpg\" class=\"attachment-thumbnail size-thumbnail\" alt=\"\" \/><\/a>\n\t\t\t<\/dt><\/dl><dl class='gallery-item'>\n\t\t\t<dt class='gallery-icon landscape'>\n\t\t\t\t<a href='https:\/\/unisale.com.br\/pastoral\/unisalesiano-celebra-aniversario-de-nascimento-de-sao-joao-bosco-com-missas-na-igreja-universitaria\/img_0993-1024x683\/'><img decoding=\"async\" width=\"150\" height=\"150\" src=\"https:\/\/unisale.com.br\/pastoral\/wp-content\/uploads\/2025\/09\/IMG_0993-1024x683-1-150x150.jpg\" class=\"attachment-thumbnail size-thumbnail\" alt=\"\" \/><\/a>\n\t\t\t<\/dt><\/dl><dl class='gallery-item'>\n\t\t\t<dt class='gallery-icon landscape'>\n\t\t\t\t<a href='https:\/\/unisale.com.br\/pastoral\/unisalesiano-celebra-aniversario-de-nascimento-de-sao-joao-bosco-com-missas-na-igreja-universitaria\/img_0995-1024x683\/'><img loading=\"lazy\" decoding=\"async\" width=\"150\" height=\"150\" src=\"https:\/\/unisale.com.br\/pastoral\/wp-content\/uploads\/2025\/09\/IMG_0995-1024x683-1-150x150.jpg\" class=\"attachment-thumbnail size-thumbnail\" alt=\"\" \/><\/a>\n\t\t\t<\/dt><\/dl><br style=\"clear: both\" \/><dl class='gallery-item'>\n\t\t\t<dt class='gallery-icon portrait'>\n\t\t\t\t<a href='https:\/\/unisale.com.br\/pastoral\/unisalesiano-celebra-aniversario-de-nascimento-de-sao-joao-bosco-com-missas-na-igreja-universitaria\/img_0998-683x1024\/'><img loading=\"lazy\" decoding=\"async\" width=\"150\" height=\"150\" src=\"https:\/\/unisale.com.br\/pastoral\/wp-content\/uploads\/2025\/09\/IMG_0998-683x1024-1-150x150.jpg\" class=\"attachment-thumbnail size-thumbnail\" alt=\"\" \/><\/a>\n\t\t\t<\/dt><\/dl><dl class='gallery-item'>\n\t\t\t<dt class='gallery-icon portrait'>\n\t\t\t\t<a href='https:\/\/unisale.com.br\/pastoral\/unisalesiano-celebra-aniversario-de-nascimento-de-sao-joao-bosco-com-missas-na-igreja-universitaria\/img_1007-683x1024\/'><img loading=\"lazy\" decoding=\"async\" width=\"150\" height=\"150\" src=\"https:\/\/unisale.com.br\/pastoral\/wp-content\/uploads\/2025\/09\/IMG_1007-683x1024-1-150x150.jpg\" class=\"attachment-thumbnail size-thumbnail\" alt=\"\" \/><\/a>\n\t\t\t<\/dt><\/dl><dl class='gallery-item'>\n\t\t\t<dt class='gallery-icon portrait'>\n\t\t\t\t<a href='https:\/\/unisale.com.br\/pastoral\/unisalesiano-celebra-aniversario-de-nascimento-de-sao-joao-bosco-com-missas-na-igreja-universitaria\/img_1008-683x1024\/'><img loading=\"lazy\" decoding=\"async\" width=\"150\" height=\"150\" src=\"https:\/\/unisale.com.br\/pastoral\/wp-content\/uploads\/2025\/09\/IMG_1008-683x1024-1-150x150.jpg\" class=\"attachment-thumbnail size-thumbnail\" alt=\"\" \/><\/a>\n\t\t\t<\/dt><\/dl><dl class='gallery-item'>\n\t\t\t<dt class='gallery-icon landscape'>\n\t\t\t\t<a href='https:\/\/unisale.com.br\/pastoral\/unisalesiano-celebra-aniversario-de-nascimento-de-sao-joao-bosco-com-missas-na-igreja-universitaria\/img_1009-1024x683\/'><img loading=\"lazy\" decoding=\"async\" width=\"150\" height=\"150\" src=\"https:\/\/unisale.com.br\/pastoral\/wp-content\/uploads\/2025\/09\/IMG_1009-1024x683-1-150x150.jpg\" class=\"attachment-thumbnail size-thumbnail\" alt=\"\" \/><\/a>\n\t\t\t<\/dt><\/dl><br style=\"clear: both\" \/><dl class='gallery-item'>\n\t\t\t<dt class='gallery-icon landscape'>\n\t\t\t\t<a href='https:\/\/unisale.com.br\/pastoral\/unisalesiano-celebra-aniversario-de-nascimento-de-sao-joao-bosco-com-missas-na-igreja-universitaria\/img_1019-1024x683\/'><img loading=\"lazy\" decoding=\"async\" width=\"150\" height=\"150\" src=\"https:\/\/unisale.com.br\/pastoral\/wp-content\/uploads\/2025\/09\/IMG_1019-1024x683-1-150x150.jpg\" class=\"attachment-thumbnail size-thumbnail\" alt=\"\" \/><\/a>\n\t\t\t<\/dt><\/dl><dl class='gallery-item'>\n\t\t\t<dt class='gallery-icon landscape'>\n\t\t\t\t<a href='https:\/\/unisale.com.br\/pastoral\/unisalesiano-celebra-aniversario-de-nascimento-de-sao-joao-bosco-com-missas-na-igreja-universitaria\/img_0980-1024x683\/'><img loading=\"lazy\" decoding=\"async\" width=\"150\" height=\"150\" src=\"https:\/\/unisale.com.br\/pastoral\/wp-content\/uploads\/2025\/09\/IMG_0980-1024x683-1-150x150.jpg\" class=\"attachment-thumbnail size-thumbnail\" alt=\"\" \/><\/a>\n\t\t\t<\/dt><\/dl><dl class='gallery-item'>\n\t\t\t<dt class='gallery-icon landscape'>\n\t\t\t\t<a href='https:\/\/unisale.com.br\/pastoral\/unisalesiano-celebra-aniversario-de-nascimento-de-sao-joao-bosco-com-missas-na-igreja-universitaria\/img_0983-1024x683\/'><img loading=\"lazy\" decoding=\"async\" width=\"150\" height=\"150\" src=\"https:\/\/unisale.com.br\/pastoral\/wp-content\/uploads\/2025\/09\/IMG_0983-1024x683-1-150x150.jpg\" class=\"attachment-thumbnail size-thumbnail\" alt=\"\" \/><\/a>\n\t\t\t<\/dt><\/dl><dl class='gallery-item'>\n\t\t\t<dt class='gallery-icon landscape'>\n\t\t\t\t<a href='https:\/\/unisale.com.br\/pastoral\/unisalesiano-celebra-aniversario-de-nascimento-de-sao-joao-bosco-com-missas-na-igreja-universitaria\/img_0984-1024x683\/'><img loading=\"lazy\" decoding=\"async\" width=\"150\" height=\"150\" src=\"https:\/\/unisale.com.br\/pastoral\/wp-content\/uploads\/2025\/09\/IMG_0984-1024x683-1-150x150.jpg\" class=\"attachment-thumbnail size-thumbnail\" alt=\"\" \/><\/a>\n\t\t\t<\/dt><\/dl><br style=\"clear: both\" \/><dl class='gallery-item'>\n\t\t\t<dt class='gallery-icon landscape'>\n\t\t\t\t<a href='https:\/\/unisale.com.br\/pastoral\/unisalesiano-celebra-aniversario-de-nascimento-de-sao-joao-bosco-com-missas-na-igreja-universitaria\/img_0985-1024x683\/'><img loading=\"lazy\" decoding=\"async\" width=\"150\" height=\"150\" src=\"https:\/\/unisale.com.br\/pastoral\/wp-content\/uploads\/2025\/09\/IMG_0985-1024x683-1-150x150.jpg\" class=\"attachment-thumbnail size-thumbnail\" alt=\"\" \/><\/a>\n\t\t\t<\/dt><\/dl><dl class='gallery-item'>\n\t\t\t<dt class='gallery-icon landscape'>\n\t\t\t\t<a href='https:\/\/unisale.com.br\/pastoral\/unisalesiano-celebra-aniversario-de-nascimento-de-sao-joao-bosco-com-missas-na-igreja-universitaria\/img_0986-1024x683\/'><img loading=\"lazy\" decoding=\"async\" width=\"150\" height=\"150\" src=\"https:\/\/unisale.com.br\/pastoral\/wp-content\/uploads\/2025\/09\/IMG_0986-1024x683-1-150x150.jpg\" class=\"attachment-thumbnail size-thumbnail\" alt=\"\" \/><\/a>\n\t\t\t<\/dt><\/dl><dl class='gallery-item'>\n\t\t\t<dt class='gallery-icon landscape'>\n\t\t\t\t<a href='https:\/\/unisale.com.br\/pastoral\/unisalesiano-celebra-aniversario-de-nascimento-de-sao-joao-bosco-com-missas-na-igreja-universitaria\/img_0987-1024x683\/'><img loading=\"lazy\" decoding=\"async\" width=\"150\" height=\"150\" src=\"https:\/\/unisale.com.br\/pastoral\/wp-content\/uploads\/2025\/09\/IMG_0987-1024x683-1-150x150.jpg\" class=\"attachment-thumbnail size-thumbnail\" alt=\"\" \/><\/a>\n\t\t\t<\/dt><\/dl><dl class='gallery-item'>\n\t\t\t<dt class='gallery-icon landscape'>\n\t\t\t\t<a href='https:\/\/unisale.com.br\/pastoral\/unisalesiano-celebra-aniversario-de-nascimento-de-sao-joao-bosco-com-missas-na-igreja-universitaria\/img_0988-1024x683\/'><img loading=\"lazy\" decoding=\"async\" width=\"150\" height=\"150\" src=\"https:\/\/unisale.com.br\/pastoral\/wp-content\/uploads\/2025\/09\/IMG_0988-1024x683-1-150x150.jpg\" class=\"attachment-thumbnail size-thumbnail\" alt=\"\" \/><\/a>\n\t\t\t<\/dt><\/dl><br style=\"clear: both\" \/><dl class='gallery-item'>\n\t\t\t<dt class='gallery-icon portrait'>\n\t\t\t\t<a href='https:\/\/unisale.com.br\/pastoral\/unisalesiano-celebra-aniversario-de-nascimento-de-sao-joao-bosco-com-missas-na-igreja-universitaria\/img_1209-768x1024\/'><img loading=\"lazy\" decoding=\"async\" width=\"150\" height=\"150\" src=\"https:\/\/unisale.com.br\/pastoral\/wp-content\/uploads\/2025\/09\/IMG_1209-768x1024-1-150x150.jpg\" class=\"attachment-thumbnail size-thumbnail\" alt=\"\" \/><\/a>\n\t\t\t<\/dt><\/dl><dl class='gallery-item'>\n\t\t\t<dt class='gallery-icon portrait'>\n\t\t\t\t<a href='https:\/\/unisale.com.br\/pastoral\/unisalesiano-celebra-aniversario-de-nascimento-de-sao-joao-bosco-com-missas-na-igreja-universitaria\/img_1208-768x1024\/'><img loading=\"lazy\" decoding=\"async\" width=\"150\" height=\"150\" src=\"https:\/\/unisale.com.br\/pastoral\/wp-content\/uploads\/2025\/09\/IMG_1208-768x1024-1-150x150.jpg\" class=\"attachment-thumbnail size-thumbnail\" alt=\"\" \/><\/a>\n\t\t\t<\/dt><\/dl><dl class='gallery-item'>\n\t\t\t<dt class='gallery-icon portrait'>\n\t\t\t\t<a href='https:\/\/unisale.com.br\/pastoral\/unisalesiano-celebra-aniversario-de-nascimento-de-sao-joao-bosco-com-missas-na-igreja-universitaria\/img_1204-768x1024\/'><img loading=\"lazy\" decoding=\"async\" width=\"150\" height=\"150\" src=\"https:\/\/unisale.com.br\/pastoral\/wp-content\/uploads\/2025\/09\/IMG_1204-768x1024-1-150x150.jpg\" class=\"attachment-thumbnail size-thumbnail\" alt=\"\" \/><\/a>\n\t\t\t<\/dt><\/dl><dl class='gallery-item'>\n\t\t\t<dt class='gallery-icon portrait'>\n\t\t\t\t<a href='https:\/\/unisale.com.br\/pastoral\/unisalesiano-celebra-aniversario-de-nascimento-de-sao-joao-bosco-com-missas-na-igreja-universitaria\/img_1197-768x1024\/'><img loading=\"lazy\" decoding=\"async\" width=\"150\" height=\"150\" src=\"https:\/\/unisale.com.br\/pastoral\/wp-content\/uploads\/2025\/09\/IMG_1197-768x1024-1-150x150.jpg\" class=\"attachment-thumbnail size-thumbnail\" alt=\"\" \/><\/a>\n\t\t\t<\/dt><\/dl><br style=\"clear: both\" \/><dl class='gallery-item'>\n\t\t\t<dt class='gallery-icon portrait'>\n\t\t\t\t<a href='https:\/\/unisale.com.br\/pastoral\/unisalesiano-celebra-aniversario-de-nascimento-de-sao-joao-bosco-com-missas-na-igreja-universitaria\/img_3654-576x1024\/'><img loading=\"lazy\" decoding=\"async\" width=\"150\" height=\"150\" src=\"https:\/\/unisale.com.br\/pastoral\/wp-content\/uploads\/2025\/09\/IMG_3654-576x1024-1-150x150.jpg\" class=\"attachment-thumbnail size-thumbnail\" alt=\"\" \/><\/a>\n\t\t\t<\/dt><\/dl><dl class='gallery-item'>\n\t\t\t<dt class='gallery-icon portrait'>\n\t\t\t\t<a href='https:\/\/unisale.com.br\/pastoral\/unisalesiano-celebra-aniversario-de-nascimento-de-sao-joao-bosco-com-missas-na-igreja-universitaria\/img_3633-576x1024\/'><img loading=\"lazy\" decoding=\"async\" width=\"150\" height=\"150\" src=\"https:\/\/unisale.com.br\/pastoral\/wp-content\/uploads\/2025\/09\/IMG_3633-576x1024-1-150x150.jpg\" class=\"attachment-thumbnail size-thumbnail\" alt=\"\" \/><\/a>\n\t\t\t<\/dt><\/dl><dl class='gallery-item'>\n\t\t\t<dt class='gallery-icon portrait'>\n\t\t\t\t<a href='https:\/\/unisale.com.br\/pastoral\/unisalesiano-celebra-aniversario-de-nascimento-de-sao-joao-bosco-com-missas-na-igreja-universitaria\/img_1335-768x1024\/'><img loading=\"lazy\" decoding=\"async\" width=\"150\" height=\"150\" src=\"https:\/\/unisale.com.br\/pastoral\/wp-content\/uploads\/2025\/09\/IMG_1335-768x1024-1-150x150.jpg\" class=\"attachment-thumbnail size-thumbnail\" alt=\"\" \/><\/a>\n\t\t\t<\/dt><\/dl><dl class='gallery-item'>\n\t\t\t<dt class='gallery-icon portrait'>\n\t\t\t\t<a href='https:\/\/unisale.com.br\/pastoral\/unisalesiano-celebra-aniversario-de-nascimento-de-sao-joao-bosco-com-missas-na-igreja-universitaria\/img_1329-768x1024\/'><img loading=\"lazy\" decoding=\"async\" width=\"150\" height=\"150\" src=\"https:\/\/unisale.com.br\/pastoral\/wp-content\/uploads\/2025\/09\/IMG_1329-768x1024-1-150x150.jpg\" class=\"attachment-thumbnail size-thumbnail\" alt=\"\" \/><\/a>\n\t\t\t<\/dt><\/dl><br style=\"clear: both\" \/><dl class='gallery-item'>\n\t\t\t<dt class='gallery-icon landscape'>\n\t\t\t\t<a href='https:\/\/unisale.com.br\/pastoral\/unisalesiano-celebra-aniversario-de-nascimento-de-sao-joao-bosco-com-missas-na-igreja-universitaria\/img_1327-1024x768\/'><img loading=\"lazy\" decoding=\"async\" width=\"150\" height=\"150\" src=\"https:\/\/unisale.com.br\/pastoral\/wp-content\/uploads\/2025\/09\/IMG_1327-1024x768-1-150x150.jpg\" class=\"attachment-thumbnail size-thumbnail\" alt=\"\" \/><\/a>\n\t\t\t<\/dt><\/dl><dl class='gallery-item'>\n\t\t\t<dt class='gallery-icon portrait'>\n\t\t\t\t<a href='https:\/\/unisale.com.br\/pastoral\/unisalesiano-celebra-aniversario-de-nascimento-de-sao-joao-bosco-com-missas-na-igreja-universitaria\/img_1320-768x1024\/'><img loading=\"lazy\" decoding=\"async\" width=\"150\" height=\"150\" src=\"https:\/\/unisale.com.br\/pastoral\/wp-content\/uploads\/2025\/09\/IMG_1320-768x1024-1-150x150.jpg\" class=\"attachment-thumbnail size-thumbnail\" alt=\"\" \/><\/a>\n\t\t\t<\/dt><\/dl><dl class='gallery-item'>\n\t\t\t<dt class='gallery-icon portrait'>\n\t\t\t\t<a href='https:\/\/unisale.com.br\/pastoral\/unisalesiano-celebra-aniversario-de-nascimento-de-sao-joao-bosco-com-missas-na-igreja-universitaria\/img_1311-768x1024\/'><img loading=\"lazy\" decoding=\"async\" width=\"150\" height=\"150\" src=\"https:\/\/unisale.com.br\/pastoral\/wp-content\/uploads\/2025\/09\/IMG_1311-768x1024-1-150x150.jpg\" class=\"attachment-thumbnail size-thumbnail\" alt=\"\" \/><\/a>\n\t\t\t<\/dt><\/dl><dl class='gallery-item'>\n\t\t\t<dt class='gallery-icon portrait'>\n\t\t\t\t<a href='https:\/\/unisale.com.br\/pastoral\/unisalesiano-celebra-aniversario-de-nascimento-de-sao-joao-bosco-com-missas-na-igreja-universitaria\/img_1276-768x1024\/'><img loading=\"lazy\" decoding=\"async\" width=\"150\" height=\"150\" src=\"https:\/\/unisale.com.br\/pastoral\/wp-content\/uploads\/2025\/09\/IMG_1276-768x1024-1-150x150.jpg\" class=\"attachment-thumbnail size-thumbnail\" alt=\"\" \/><\/a>\n\t\t\t<\/dt><\/dl><br style=\"clear: both\" \/><dl class='gallery-item'>\n\t\t\t<dt class='gallery-icon portrait'>\n\t\t\t\t<a href='https:\/\/unisale.com.br\/pastoral\/unisalesiano-celebra-aniversario-de-nascimento-de-sao-joao-bosco-com-missas-na-igreja-universitaria\/img_1264-768x1024\/'><img loading=\"lazy\" decoding=\"async\" width=\"150\" height=\"150\" src=\"https:\/\/unisale.com.br\/pastoral\/wp-content\/uploads\/2025\/09\/IMG_1264-768x1024-1-150x150.jpg\" class=\"attachment-thumbnail size-thumbnail\" alt=\"\" \/><\/a>\n\t\t\t<\/dt><\/dl><dl class='gallery-item'>\n\t\t\t<dt class='gallery-icon portrait'>\n\t\t\t\t<a href='https:\/\/unisale.com.br\/pastoral\/unisalesiano-celebra-aniversario-de-nascimento-de-sao-joao-bosco-com-missas-na-igreja-universitaria\/img_1255-768x1024\/'><img loading=\"lazy\" decoding=\"async\" width=\"150\" height=\"150\" src=\"https:\/\/unisale.com.br\/pastoral\/wp-content\/uploads\/2025\/09\/IMG_1255-768x1024-1-150x150.jpg\" class=\"attachment-thumbnail size-thumbnail\" alt=\"\" \/><\/a>\n\t\t\t<\/dt><\/dl><dl class='gallery-item'>\n\t\t\t<dt class='gallery-icon landscape'>\n\t\t\t\t<a href='https:\/\/unisale.com.br\/pastoral\/unisalesiano-celebra-aniversario-de-nascimento-de-sao-joao-bosco-com-missas-na-igreja-universitaria\/img_1245-1024x768\/'><img loading=\"lazy\" decoding=\"async\" width=\"150\" height=\"150\" src=\"https:\/\/unisale.com.br\/pastoral\/wp-content\/uploads\/2025\/09\/IMG_1245-1024x768-1-150x150.jpg\" class=\"attachment-thumbnail size-thumbnail\" alt=\"\" \/><\/a>\n\t\t\t<\/dt><\/dl><dl class='gallery-item'>\n\t\t\t<dt class='gallery-icon landscape'>\n\t\t\t\t<a href='https:\/\/unisale.com.br\/pastoral\/unisalesiano-celebra-aniversario-de-nascimento-de-sao-joao-bosco-com-missas-na-igreja-universitaria\/img_1240-1024x768\/'><img loading=\"lazy\" decoding=\"async\" width=\"150\" height=\"150\" src=\"https:\/\/unisale.com.br\/pastoral\/wp-content\/uploads\/2025\/09\/IMG_1240-1024x768-1-150x150.jpg\" class=\"attachment-thumbnail size-thumbnail\" alt=\"\" \/><\/a>\n\t\t\t<\/dt><\/dl><br style=\"clear: both\" \/><dl class='gallery-item'>\n\t\t\t<dt class='gallery-icon portrait'>\n\t\t\t\t<a href='https:\/\/unisale.com.br\/pastoral\/unisalesiano-celebra-aniversario-de-nascimento-de-sao-joao-bosco-com-missas-na-igreja-universitaria\/img_1239-768x1024\/'><img loading=\"lazy\" decoding=\"async\" width=\"150\" height=\"150\" src=\"https:\/\/unisale.com.br\/pastoral\/wp-content\/uploads\/2025\/09\/IMG_1239-768x1024-1-150x150.jpg\" class=\"attachment-thumbnail size-thumbnail\" alt=\"\" \/><\/a>\n\t\t\t<\/dt><\/dl><dl class='gallery-item'>\n\t\t\t<dt class='gallery-icon landscape'>\n\t\t\t\t<a href='https:\/\/unisale.com.br\/pastoral\/unisalesiano-celebra-aniversario-de-nascimento-de-sao-joao-bosco-com-missas-na-igreja-universitaria\/img_1234-1024x768\/'><img loading=\"lazy\" decoding=\"async\" width=\"150\" height=\"150\" src=\"https:\/\/unisale.com.br\/pastoral\/wp-content\/uploads\/2025\/09\/IMG_1234-1024x768-1-150x150.jpg\" class=\"attachment-thumbnail size-thumbnail\" alt=\"\" \/><\/a>\n\t\t\t<\/dt><\/dl><dl class='gallery-item'>\n\t\t\t<dt class='gallery-icon landscape'>\n\t\t\t\t<a href='https:\/\/unisale.com.br\/pastoral\/unisalesiano-celebra-aniversario-de-nascimento-de-sao-joao-bosco-com-missas-na-igreja-universitaria\/img_1226-1024x768\/'><img loading=\"lazy\" decoding=\"async\" width=\"150\" height=\"150\" src=\"https:\/\/unisale.com.br\/pastoral\/wp-content\/uploads\/2025\/09\/IMG_1226-1024x768-1-150x150.jpg\" class=\"attachment-thumbnail size-thumbnail\" alt=\"\" \/><\/a>\n\t\t\t<\/dt><\/dl><dl class='gallery-item'>\n\t\t\t<dt class='gallery-icon portrait'>\n\t\t\t\t<a href='https:\/\/unisale.com.br\/pastoral\/unisalesiano-celebra-aniversario-de-nascimento-de-sao-joao-bosco-com-missas-na-igreja-universitaria\/img_1221-768x1024\/'><img loading=\"lazy\" decoding=\"async\" width=\"150\" height=\"150\" src=\"https:\/\/unisale.com.br\/pastoral\/wp-content\/uploads\/2025\/09\/IMG_1221-768x1024-1-150x150.jpg\" class=\"attachment-thumbnail size-thumbnail\" alt=\"\" \/><\/a>\n\t\t\t<\/dt><\/dl><br style=\"clear: both\" \/><dl class='gallery-item'>\n\t\t\t<dt class='gallery-icon portrait'>\n\t\t\t\t<a href='https:\/\/unisale.com.br\/pastoral\/unisalesiano-celebra-aniversario-de-nascimento-de-sao-joao-bosco-com-missas-na-igreja-universitaria\/img_1212-768x1024\/'><img loading=\"lazy\" decoding=\"async\" width=\"150\" height=\"150\" src=\"https:\/\/unisale.com.br\/pastoral\/wp-content\/uploads\/2025\/09\/IMG_1212-768x1024-1-150x150.jpg\" class=\"attachment-thumbnail size-thumbnail\" alt=\"\" \/><\/a>\n\t\t\t<\/dt><\/dl>\n\t\t\t<br style='clear: both' \/>\n\t\t<\/div>\n\n","protected":false},"excerpt":{"rendered":"<p>A comunidade acad\u00eamica do UniSALESIANO celebrou, nos dias 19 e 20 de agosto, a\u00a0Natividade de S\u00e3o Jo\u00e3o Bosco\u00a0(16\/08\/1815), fundador da Fam\u00edlia Salesiana e patrono da&#8230;<\/p>\n","protected":false},"author":1,"featured_media":13075,"comment_status":"closed","ping_status":"closed","sticky":false,"template":"","format":"standard","meta":{"_acf_changed":false,"footnotes":""},"categories":[3],"tags":[],"class_list":["post-13056","post","type-post","status-publish","format-standard","has-post-thumbnail","hentry","category-not"],"acf":[],"yoast_head":"<!-- This site is optimized with the Yoast SEO plugin v27.3 - https:\/\/yoast.com\/product\/yoast-seo-wordpress\/ -->\n<title>UniSALESIANO celebra anivers\u00e1rio de nascimento de S\u00e3o Jo\u00e3o Bosco com Missas na Igreja Universit\u00e1ria - Pastoral Universit\u00e1ria UniSALESIANO<\/title>\n<meta name=\"robots\" content=\"index, follow, max-snippet:-1, max-image-preview:large, max-video-preview:-1\" \/>\n<link rel=\"canonical\" href=\"https:\/\/unisale.com.br\/pastoral\/unisalesiano-celebra-aniversario-de-nascimento-de-sao-joao-bosco-com-missas-na-igreja-universitaria\/\" \/>\n<meta property=\"og:locale\" content=\"pt_BR\" \/>\n<meta property=\"og:type\" content=\"article\" \/>\n<meta property=\"og:title\" content=\"UniSALESIANO celebra anivers\u00e1rio de nascimento de S\u00e3o Jo\u00e3o Bosco com Missas na Igreja Universit\u00e1ria - Pastoral Universit\u00e1ria UniSALESIANO\" \/>\n<meta property=\"og:description\" content=\"A comunidade acad\u00eamica do UniSALESIANO celebrou, nos dias 19 e 20 de agosto, a\u00a0Natividade de S\u00e3o Jo\u00e3o Bosco\u00a0(16\/08\/1815), fundador da Fam\u00edlia Salesiana e patrono da...\" \/>\n<meta property=\"og:url\" content=\"https:\/\/unisale.com.br\/pastoral\/unisalesiano-celebra-aniversario-de-nascimento-de-sao-joao-bosco-com-missas-na-igreja-universitaria\/\" \/>\n<meta property=\"og:site_name\" content=\"Pastoral Universit\u00e1ria UniSALESIANO\" \/>\n<meta property=\"article:published_time\" content=\"2025-09-02T18:04:24+00:00\" \/>\n<meta property=\"og:image\" content=\"https:\/\/unisale.com.br\/pastoral\/wp-content\/uploads\/2025\/09\/IMG_1204-1-768x698-1.jpg\" \/>\n\t<meta property=\"og:image:width\" content=\"768\" \/>\n\t<meta property=\"og:image:height\" content=\"698\" \/>\n\t<meta property=\"og:image:type\" content=\"image\/jpeg\" \/>\n<meta name=\"author\" content=\"pastoral\" \/>\n<meta name=\"twitter:card\" content=\"summary_large_image\" \/>\n<meta name=\"twitter:label1\" content=\"Escrito por\" \/>\n\t<meta name=\"twitter:data1\" content=\"pastoral\" \/>\n\t<meta name=\"twitter:label2\" content=\"Est. tempo de leitura\" \/>\n\t<meta name=\"twitter:data2\" content=\"2 minutos\" \/>\n<script type=\"application\/ld+json\" class=\"yoast-schema-graph\">{\"@context\":\"https:\\\/\\\/schema.org\",\"@graph\":[{\"@type\":\"Article\",\"@id\":\"https:\\\/\\\/unisale.com.br\\\/pastoral\\\/unisalesiano-celebra-aniversario-de-nascimento-de-sao-joao-bosco-com-missas-na-igreja-universitaria\\\/#article\",\"isPartOf\":{\"@id\":\"https:\\\/\\\/unisale.com.br\\\/pastoral\\\/unisalesiano-celebra-aniversario-de-nascimento-de-sao-joao-bosco-com-missas-na-igreja-universitaria\\\/\"},\"author\":{\"name\":\"pastoral\",\"@id\":\"https:\\\/\\\/unisale.com.br\\\/pastoral\\\/#\\\/schema\\\/person\\\/a16ba711a0f7dec9cb6b44563144d5a3\"},\"headline\":\"UniSALESIANO celebra anivers\u00e1rio de nascimento de S\u00e3o Jo\u00e3o Bosco com Missas na Igreja Universit\u00e1ria\",\"datePublished\":\"2025-09-02T18:04:24+00:00\",\"mainEntityOfPage\":{\"@id\":\"https:\\\/\\\/unisale.com.br\\\/pastoral\\\/unisalesiano-celebra-aniversario-de-nascimento-de-sao-joao-bosco-com-missas-na-igreja-universitaria\\\/\"},\"wordCount\":310,\"image\":{\"@id\":\"https:\\\/\\\/unisale.com.br\\\/pastoral\\\/unisalesiano-celebra-aniversario-de-nascimento-de-sao-joao-bosco-com-missas-na-igreja-universitaria\\\/#primaryimage\"},\"thumbnailUrl\":\"https:\\\/\\\/unisale.com.br\\\/pastoral\\\/wp-content\\\/uploads\\\/2025\\\/09\\\/IMG_1204-1-768x698-1.jpg\",\"articleSection\":[\"Not\u00edcias\"],\"inLanguage\":\"pt-BR\"},{\"@type\":\"WebPage\",\"@id\":\"https:\\\/\\\/unisale.com.br\\\/pastoral\\\/unisalesiano-celebra-aniversario-de-nascimento-de-sao-joao-bosco-com-missas-na-igreja-universitaria\\\/\",\"url\":\"https:\\\/\\\/unisale.com.br\\\/pastoral\\\/unisalesiano-celebra-aniversario-de-nascimento-de-sao-joao-bosco-com-missas-na-igreja-universitaria\\\/\",\"name\":\"UniSALESIANO celebra anivers\u00e1rio de nascimento de S\u00e3o Jo\u00e3o Bosco com Missas na Igreja Universit\u00e1ria - Pastoral Universit\u00e1ria UniSALESIANO\",\"isPartOf\":{\"@id\":\"https:\\\/\\\/unisale.com.br\\\/pastoral\\\/#website\"},\"primaryImageOfPage\":{\"@id\":\"https:\\\/\\\/unisale.com.br\\\/pastoral\\\/unisalesiano-celebra-aniversario-de-nascimento-de-sao-joao-bosco-com-missas-na-igreja-universitaria\\\/#primaryimage\"},\"image\":{\"@id\":\"https:\\\/\\\/unisale.com.br\\\/pastoral\\\/unisalesiano-celebra-aniversario-de-nascimento-de-sao-joao-bosco-com-missas-na-igreja-universitaria\\\/#primaryimage\"},\"thumbnailUrl\":\"https:\\\/\\\/unisale.com.br\\\/pastoral\\\/wp-content\\\/uploads\\\/2025\\\/09\\\/IMG_1204-1-768x698-1.jpg\",\"datePublished\":\"2025-09-02T18:04:24+00:00\",\"author\":{\"@id\":\"https:\\\/\\\/unisale.com.br\\\/pastoral\\\/#\\\/schema\\\/person\\\/a16ba711a0f7dec9cb6b44563144d5a3\"},\"inLanguage\":\"pt-BR\",\"potentialAction\":[{\"@type\":\"ReadAction\",\"target\":[\"https:\\\/\\\/unisale.com.br\\\/pastoral\\\/unisalesiano-celebra-aniversario-de-nascimento-de-sao-joao-bosco-com-missas-na-igreja-universitaria\\\/\"]}]},{\"@type\":\"ImageObject\",\"inLanguage\":\"pt-BR\",\"@id\":\"https:\\\/\\\/unisale.com.br\\\/pastoral\\\/unisalesiano-celebra-aniversario-de-nascimento-de-sao-joao-bosco-com-missas-na-igreja-universitaria\\\/#primaryimage\",\"url\":\"https:\\\/\\\/unisale.com.br\\\/pastoral\\\/wp-content\\\/uploads\\\/2025\\\/09\\\/IMG_1204-1-768x698-1.jpg\",\"contentUrl\":\"https:\\\/\\\/unisale.com.br\\\/pastoral\\\/wp-content\\\/uploads\\\/2025\\\/09\\\/IMG_1204-1-768x698-1.jpg\",\"width\":550,\"height\":500},{\"@type\":\"WebSite\",\"@id\":\"https:\\\/\\\/unisale.com.br\\\/pastoral\\\/#website\",\"url\":\"https:\\\/\\\/unisale.com.br\\\/pastoral\\\/\",\"name\":\"Pastoral Universit\u00e1ria UniSALESIANO\",\"description\":\"Site da Pastoral Universit\u00e1ria do UniSALESIANO\",\"potentialAction\":[{\"@type\":\"SearchAction\",\"target\":{\"@type\":\"EntryPoint\",\"urlTemplate\":\"https:\\\/\\\/unisale.com.br\\\/pastoral\\\/?s={search_term_string}\"},\"query-input\":{\"@type\":\"PropertyValueSpecification\",\"valueRequired\":true,\"valueName\":\"search_term_string\"}}],\"inLanguage\":\"pt-BR\"},{\"@type\":\"Person\",\"@id\":\"https:\\\/\\\/unisale.com.br\\\/pastoral\\\/#\\\/schema\\\/person\\\/a16ba711a0f7dec9cb6b44563144d5a3\",\"name\":\"pastoral\",\"url\":\"https:\\\/\\\/unisale.com.br\\\/pastoral\\\/author\\\/pastoral\\\/\"}]}<\/script>\n<!-- \/ Yoast SEO plugin. -->","yoast_head_json":{"title":"UniSALESIANO celebra anivers\u00e1rio de nascimento de S\u00e3o Jo\u00e3o Bosco com Missas na Igreja Universit\u00e1ria - Pastoral Universit\u00e1ria UniSALESIANO","robots":{"index":"index","follow":"follow","max-snippet":"max-snippet:-1","max-image-preview":"max-image-preview:large","max-video-preview":"max-video-preview:-1"},"canonical":"https:\/\/unisale.com.br\/pastoral\/unisalesiano-celebra-aniversario-de-nascimento-de-sao-joao-bosco-com-missas-na-igreja-universitaria\/","og_locale":"pt_BR","og_type":"article","og_title":"UniSALESIANO celebra anivers\u00e1rio de nascimento de S\u00e3o Jo\u00e3o Bosco com Missas na Igreja Universit\u00e1ria - Pastoral Universit\u00e1ria UniSALESIANO","og_description":"A comunidade acad\u00eamica do UniSALESIANO celebrou, nos dias 19 e 20 de agosto, a\u00a0Natividade de S\u00e3o Jo\u00e3o Bosco\u00a0(16\/08\/1815), fundador da Fam\u00edlia Salesiana e patrono da...","og_url":"https:\/\/unisale.com.br\/pastoral\/unisalesiano-celebra-aniversario-de-nascimento-de-sao-joao-bosco-com-missas-na-igreja-universitaria\/","og_site_name":"Pastoral Universit\u00e1ria UniSALESIANO","article_published_time":"2025-09-02T18:04:24+00:00","og_image":[{"width":768,"height":698,"url":"https:\/\/unisale.com.br\/pastoral\/wp-content\/uploads\/2025\/09\/IMG_1204-1-768x698-1.jpg","type":"image\/jpeg"}],"author":"pastoral","twitter_card":"summary_large_image","twitter_misc":{"Escrito por":"pastoral","Est. tempo de leitura":"2 minutos"},"schema":{"@context":"https:\/\/schema.org","@graph":[{"@type":"Article","@id":"https:\/\/unisale.com.br\/pastoral\/unisalesiano-celebra-aniversario-de-nascimento-de-sao-joao-bosco-com-missas-na-igreja-universitaria\/#article","isPartOf":{"@id":"https:\/\/unisale.com.br\/pastoral\/unisalesiano-celebra-aniversario-de-nascimento-de-sao-joao-bosco-com-missas-na-igreja-universitaria\/"},"author":{"name":"pastoral","@id":"https:\/\/unisale.com.br\/pastoral\/#\/schema\/person\/a16ba711a0f7dec9cb6b44563144d5a3"},"headline":"UniSALESIANO celebra anivers\u00e1rio de nascimento de S\u00e3o Jo\u00e3o Bosco com Missas na Igreja Universit\u00e1ria","datePublished":"2025-09-02T18:04:24+00:00","mainEntityOfPage":{"@id":"https:\/\/unisale.com.br\/pastoral\/unisalesiano-celebra-aniversario-de-nascimento-de-sao-joao-bosco-com-missas-na-igreja-universitaria\/"},"wordCount":310,"image":{"@id":"https:\/\/unisale.com.br\/pastoral\/unisalesiano-celebra-aniversario-de-nascimento-de-sao-joao-bosco-com-missas-na-igreja-universitaria\/#primaryimage"},"thumbnailUrl":"https:\/\/unisale.com.br\/pastoral\/wp-content\/uploads\/2025\/09\/IMG_1204-1-768x698-1.jpg","articleSection":["Not\u00edcias"],"inLanguage":"pt-BR"},{"@type":"WebPage","@id":"https:\/\/unisale.com.br\/pastoral\/unisalesiano-celebra-aniversario-de-nascimento-de-sao-joao-bosco-com-missas-na-igreja-universitaria\/","url":"https:\/\/unisale.com.br\/pastoral\/unisalesiano-celebra-aniversario-de-nascimento-de-sao-joao-bosco-com-missas-na-igreja-universitaria\/","name":"UniSALESIANO celebra anivers\u00e1rio de nascimento de S\u00e3o Jo\u00e3o Bosco com Missas na Igreja Universit\u00e1ria - Pastoral Universit\u00e1ria UniSALESIANO","isPartOf":{"@id":"https:\/\/unisale.com.br\/pastoral\/#website"},"primaryImageOfPage":{"@id":"https:\/\/unisale.com.br\/pastoral\/unisalesiano-celebra-aniversario-de-nascimento-de-sao-joao-bosco-com-missas-na-igreja-universitaria\/#primaryimage"},"image":{"@id":"https:\/\/unisale.com.br\/pastoral\/unisalesiano-celebra-aniversario-de-nascimento-de-sao-joao-bosco-com-missas-na-igreja-universitaria\/#primaryimage"},"thumbnailUrl":"https:\/\/unisale.com.br\/pastoral\/wp-content\/uploads\/2025\/09\/IMG_1204-1-768x698-1.jpg","datePublished":"2025-09-02T18:04:24+00:00","author":{"@id":"https:\/\/unisale.com.br\/pastoral\/#\/schema\/person\/a16ba711a0f7dec9cb6b44563144d5a3"},"inLanguage":"pt-BR","potentialAction":[{"@type":"ReadAction","target":["https:\/\/unisale.com.br\/pastoral\/unisalesiano-celebra-aniversario-de-nascimento-de-sao-joao-bosco-com-missas-na-igreja-universitaria\/"]}]},{"@type":"ImageObject","inLanguage":"pt-BR","@id":"https:\/\/unisale.com.br\/pastoral\/unisalesiano-celebra-aniversario-de-nascimento-de-sao-joao-bosco-com-missas-na-igreja-universitaria\/#primaryimage","url":"https:\/\/unisale.com.br\/pastoral\/wp-content\/uploads\/2025\/09\/IMG_1204-1-768x698-1.jpg","contentUrl":"https:\/\/unisale.com.br\/pastoral\/wp-content\/uploads\/2025\/09\/IMG_1204-1-768x698-1.jpg","width":550,"height":500},{"@type":"WebSite","@id":"https:\/\/unisale.com.br\/pastoral\/#website","url":"https:\/\/unisale.com.br\/pastoral\/","name":"Pastoral Universit\u00e1ria UniSALESIANO","description":"Site da Pastoral Universit\u00e1ria do UniSALESIANO","potentialAction":[{"@type":"SearchAction","target":{"@type":"EntryPoint","urlTemplate":"https:\/\/unisale.com.br\/pastoral\/?s={search_term_string}"},"query-input":{"@type":"PropertyValueSpecification","valueRequired":true,"valueName":"search_term_string"}}],"inLanguage":"pt-BR"},{"@type":"Person","@id":"https:\/\/unisale.com.br\/pastoral\/#\/schema\/person\/a16ba711a0f7dec9cb6b44563144d5a3","name":"pastoral","url":"https:\/\/unisale.com.br\/pastoral\/author\/pastoral\/"}]}},"_links":{"self":[{"href":"https:\/\/unisale.com.br\/pastoral\/wp-json\/wp\/v2\/posts\/13056","targetHints":{"allow":["GET"]}}],"collection":[{"href":"https:\/\/unisale.com.br\/pastoral\/wp-json\/wp\/v2\/posts"}],"about":[{"href":"https:\/\/unisale.com.br\/pastoral\/wp-json\/wp\/v2\/types\/post"}],"author":[{"embeddable":true,"href":"https:\/\/unisale.com.br\/pastoral\/wp-json\/wp\/v2\/users\/1"}],"replies":[{"embeddable":true,"href":"https:\/\/unisale.com.br\/pastoral\/wp-json\/wp\/v2\/comments?post=13056"}],"version-history":[{"count":1,"href":"https:\/\/unisale.com.br\/pastoral\/wp-json\/wp\/v2\/posts\/13056\/revisions"}],"predecessor-version":[{"id":13095,"href":"https:\/\/unisale.com.br\/pastoral\/wp-json\/wp\/v2\/posts\/13056\/revisions\/13095"}],"wp:featuredmedia":[{"embeddable":true,"href":"https:\/\/unisale.com.br\/pastoral\/wp-json\/wp\/v2\/media\/13075"}],"wp:attachment":[{"href":"https:\/\/unisale.com.br\/pastoral\/wp-json\/wp\/v2\/media?parent=13056"}],"wp:term":[{"taxonomy":"category","embeddable":true,"href":"https:\/\/unisale.com.br\/pastoral\/wp-json\/wp\/v2\/categories?post=13056"},{"taxonomy":"post_tag","embeddable":true,"href":"https:\/\/unisale.com.br\/pastoral\/wp-json\/wp\/v2\/tags?post=13056"}],"curies":[{"name":"wp","href":"https:\/\/api.w.org\/{rel}","templated":true}]}}