{"id":1308,"date":"2021-05-14T11:21:15","date_gmt":"2021-05-14T11:21:15","guid":{"rendered":"https:\/\/unisale.com.br\/pastoral\/?p=1308"},"modified":"2021-09-02T19:42:22","modified_gmt":"2021-09-02T19:42:22","slug":"no-mundo-tereis","status":"publish","type":"post","link":"https:\/\/unisale.com.br\/pastoral\/no-mundo-tereis\/","title":{"rendered":"17\/05 &#8211; No mundo, tereis tribula\u00e7\u00f5es. Mas tende coragem! Eu venci o mundo!"},"content":{"rendered":"<p><strong>Segunda, 17 de maio de 2021.<\/strong><\/p>\n<p>Evangelho (Jo 16,29-33)<\/p>\n<p><strong>\u00a0<\/strong><\/p>\n<p><strong><em>\u201cNo mundo, tereis tribula\u00e7\u00f5es. Mas tende coragem! Eu venci o mundo!\u201d<\/em><\/strong><\/p>\n<p>Naquele tempo, <sup>29<\/sup>os disc\u00edpulos disseram a Jesus: \u201cEis, agora falas claramente e n\u00e3o usas mais figuras. <sup>30<\/sup>Agora sabemos que conheces tudo e que n\u00e3o precisas que algu\u00e9m te interrogue. Por isto cremos que vieste da parte de Deus\u201d. <sup>31<\/sup>Jesus respondeu: \u201cCredes agora? <sup>32<\/sup>Eis que vem a hora \u2013 e j\u00e1 chegou \u2013 em que vos dispersareis, cada um para seu lado, e me deixareis s\u00f3. Mas eu n\u00e3o estou s\u00f3; o Pai est\u00e1 comigo. <sup>33<\/sup>Disse-vos estas coisas para que tenhais paz em mim. No mundo, tereis tribula\u00e7\u00f5es. Mas tende coragem! Eu venci o mundo!\u201d<\/p>\n<p><strong>\u00a0<\/strong><\/p>\n<p><strong>Reflex\u00e3o<\/strong><\/p>\n<p>A impress\u00e3o que temos hoje em dia \u00e9 que a f\u00e9 em Jesus est\u00e1 se enfraquecendo. Muitas s\u00e3o as situa\u00e7\u00f5es que tendem a enfraquecer a nossa f\u00e9. S\u00e3o muitas as situa\u00e7\u00f5es que tentam enfraquecer aquela for\u00e7a que nos vem atrav\u00e9s da nossa experi\u00eancia com Jesus e com o seu evangelho. O consumismo, o capitalismo, o sensualismo e o materialismo s\u00e3o valores contr\u00e1rios aos valores do evangelho. Mas estes valores, somados ao modo como muitos entendem a vida, n\u00e3o nos d\u00e3o a plenitude da paz, mas nos trazem sempre inquietudes. Muitas pessoas caminham com o rosto triste, fechadas em si mesmas, preocupadas com um futuro que n\u00e3o lhes parece t\u00e3o claro. A palavra de Jesus nos convida a ter f\u00e9: \u201cNo mundo, tereis tribula\u00e7\u00f5es. Mas tende coragem! Eu venci o mundo!\u201d.<\/p>\n<p>O segredo para sermos vencedores \u00e9 a f\u00e9, e esta s\u00f3 nos \u00e9 dada atrav\u00e9s do dom do Esp\u00edrito. Jesus nos d\u00e1 o exemplo, o controle de seu pr\u00f3prio destino, a sua serenidade nas adversidades est\u00e1 na certeza de que o Pai est\u00e1 com Ele. Tem a paz e se mant\u00e9m sereno porque tem a certeza de que o Pai n\u00e3o o abandonar\u00e1. A paz que Jesus d\u00e1 \u00e9 dom salv\u00edfico. A paz nasce da f\u00e9 em Jesus e consiste na uni\u00e3o com Ele. A paz n\u00e3o \u00e9 adquirida sem esfor\u00e7o, pois ela vem unicamente da nossa vit\u00f3ria sobre o mundo. Se Jesus vence o mundo, o crist\u00e3o tamb\u00e9m pode e deve venc\u00ea-lo atrav\u00e9s da f\u00e9. Jesus nos lembra que a tarefa de escolher entre Ele e o mundo nunca termina. Somos sempre desafiados, mas com Ele sairemos vitoriosos.<\/p>\n<p>&nbsp;<\/p>\n<p>Pe. Paulo Eduardo J\u00e1como, sdb.<\/p>\n","protected":false},"excerpt":{"rendered":"<p>Segunda, 17 de maio de 2021. Evangelho (Jo 16,29-33) \u00a0 \u201cNo mundo, tereis tribula\u00e7\u00f5es. Mas tende coragem! Eu venci o mundo!\u201d Naquele tempo, 29os disc\u00edpulos&#8230;<\/p>\n","protected":false},"author":1,"featured_media":1310,"comment_status":"closed","ping_status":"closed","sticky":false,"template":"","format":"standard","meta":{"_acf_changed":false,"footnotes":""},"categories":[13],"tags":[],"class_list":["post-1308","post","type-post","status-publish","format-standard","has-post-thumbnail","hentry","category-reflexaodoevagelho"],"acf":[],"yoast_head":"<!-- This site is optimized with the Yoast SEO plugin v27.3 - https:\/\/yoast.com\/product\/yoast-seo-wordpress\/ -->\n<title>17\/05 - No mundo, tereis tribula\u00e7\u00f5es. Mas tende coragem! Eu venci o mundo! - Pastoral Universit\u00e1ria UniSALESIANO<\/title>\n<meta name=\"robots\" content=\"index, follow, max-snippet:-1, max-image-preview:large, max-video-preview:-1\" \/>\n<link rel=\"canonical\" href=\"https:\/\/unisale.com.br\/novo\/no-mundo-tereis\/\" \/>\n<meta property=\"og:locale\" content=\"pt_BR\" \/>\n<meta property=\"og:type\" content=\"article\" \/>\n<meta property=\"og:title\" content=\"17\/05 - No mundo, tereis tribula\u00e7\u00f5es. Mas tende coragem! Eu venci o mundo! - Pastoral Universit\u00e1ria UniSALESIANO\" \/>\n<meta property=\"og:description\" content=\"Segunda, 17 de maio de 2021. Evangelho (Jo 16,29-33) \u00a0 \u201cNo mundo, tereis tribula\u00e7\u00f5es. Mas tende coragem! Eu venci o mundo!\u201d Naquele tempo, 29os disc\u00edpulos...\" \/>\n<meta property=\"og:url\" content=\"https:\/\/unisale.com.br\/novo\/no-mundo-tereis\/\" \/>\n<meta property=\"og:site_name\" content=\"Pastoral Universit\u00e1ria UniSALESIANO\" \/>\n<meta property=\"article:published_time\" content=\"2021-05-14T11:21:15+00:00\" \/>\n<meta property=\"article:modified_time\" content=\"2021-09-02T19:42:22+00:00\" \/>\n<meta property=\"og:image\" content=\"https:\/\/unisale.com.br\/novo\/wp-content\/uploads\/2021\/05\/17.jpg\" \/>\n\t<meta property=\"og:image:width\" content=\"1920\" \/>\n\t<meta property=\"og:image:height\" content=\"1080\" \/>\n\t<meta property=\"og:image:type\" content=\"image\/jpeg\" \/>\n<meta name=\"author\" content=\"pastoral\" \/>\n<meta name=\"twitter:card\" content=\"summary_large_image\" \/>\n<meta name=\"twitter:label1\" content=\"Escrito por\" \/>\n\t<meta name=\"twitter:data1\" content=\"pastoral\" \/>\n\t<meta name=\"twitter:label2\" content=\"Est. tempo de leitura\" \/>\n\t<meta name=\"twitter:data2\" content=\"2 minutos\" \/>\n<script type=\"application\/ld+json\" class=\"yoast-schema-graph\">{\"@context\":\"https:\\\/\\\/schema.org\",\"@graph\":[{\"@type\":\"Article\",\"@id\":\"https:\\\/\\\/unisale.com.br\\\/novo\\\/no-mundo-tereis\\\/#article\",\"isPartOf\":{\"@id\":\"https:\\\/\\\/unisale.com.br\\\/novo\\\/no-mundo-tereis\\\/\"},\"author\":{\"name\":\"pastoral\",\"@id\":\"https:\\\/\\\/unisale.com.br\\\/pastoral\\\/#\\\/schema\\\/person\\\/a16ba711a0f7dec9cb6b44563144d5a3\"},\"headline\":\"17\\\/05 &#8211; No mundo, tereis tribula\u00e7\u00f5es. Mas tende coragem! Eu venci o mundo!\",\"datePublished\":\"2021-05-14T11:21:15+00:00\",\"dateModified\":\"2021-09-02T19:42:22+00:00\",\"mainEntityOfPage\":{\"@id\":\"https:\\\/\\\/unisale.com.br\\\/novo\\\/no-mundo-tereis\\\/\"},\"wordCount\":432,\"image\":{\"@id\":\"https:\\\/\\\/unisale.com.br\\\/novo\\\/no-mundo-tereis\\\/#primaryimage\"},\"thumbnailUrl\":\"https:\\\/\\\/unisale.com.br\\\/pastoral\\\/wp-content\\\/uploads\\\/2021\\\/05\\\/17.jpg\",\"articleSection\":[\"Reflex\u00e3o do Evangelho\"],\"inLanguage\":\"pt-BR\"},{\"@type\":\"WebPage\",\"@id\":\"https:\\\/\\\/unisale.com.br\\\/novo\\\/no-mundo-tereis\\\/\",\"url\":\"https:\\\/\\\/unisale.com.br\\\/novo\\\/no-mundo-tereis\\\/\",\"name\":\"17\\\/05 - No mundo, tereis tribula\u00e7\u00f5es. Mas tende coragem! Eu venci o mundo! - Pastoral Universit\u00e1ria UniSALESIANO\",\"isPartOf\":{\"@id\":\"https:\\\/\\\/unisale.com.br\\\/pastoral\\\/#website\"},\"primaryImageOfPage\":{\"@id\":\"https:\\\/\\\/unisale.com.br\\\/novo\\\/no-mundo-tereis\\\/#primaryimage\"},\"image\":{\"@id\":\"https:\\\/\\\/unisale.com.br\\\/novo\\\/no-mundo-tereis\\\/#primaryimage\"},\"thumbnailUrl\":\"https:\\\/\\\/unisale.com.br\\\/pastoral\\\/wp-content\\\/uploads\\\/2021\\\/05\\\/17.jpg\",\"datePublished\":\"2021-05-14T11:21:15+00:00\",\"dateModified\":\"2021-09-02T19:42:22+00:00\",\"author\":{\"@id\":\"https:\\\/\\\/unisale.com.br\\\/pastoral\\\/#\\\/schema\\\/person\\\/a16ba711a0f7dec9cb6b44563144d5a3\"},\"inLanguage\":\"pt-BR\",\"potentialAction\":[{\"@type\":\"ReadAction\",\"target\":[\"https:\\\/\\\/unisale.com.br\\\/novo\\\/no-mundo-tereis\\\/\"]}]},{\"@type\":\"ImageObject\",\"inLanguage\":\"pt-BR\",\"@id\":\"https:\\\/\\\/unisale.com.br\\\/novo\\\/no-mundo-tereis\\\/#primaryimage\",\"url\":\"https:\\\/\\\/unisale.com.br\\\/pastoral\\\/wp-content\\\/uploads\\\/2021\\\/05\\\/17.jpg\",\"contentUrl\":\"https:\\\/\\\/unisale.com.br\\\/pastoral\\\/wp-content\\\/uploads\\\/2021\\\/05\\\/17.jpg\",\"width\":889,\"height\":500},{\"@type\":\"WebSite\",\"@id\":\"https:\\\/\\\/unisale.com.br\\\/pastoral\\\/#website\",\"url\":\"https:\\\/\\\/unisale.com.br\\\/pastoral\\\/\",\"name\":\"Pastoral Universit\u00e1ria UniSALESIANO\",\"description\":\"Site da Pastoral Universit\u00e1ria do UniSALESIANO\",\"potentialAction\":[{\"@type\":\"SearchAction\",\"target\":{\"@type\":\"EntryPoint\",\"urlTemplate\":\"https:\\\/\\\/unisale.com.br\\\/pastoral\\\/?s={search_term_string}\"},\"query-input\":{\"@type\":\"PropertyValueSpecification\",\"valueRequired\":true,\"valueName\":\"search_term_string\"}}],\"inLanguage\":\"pt-BR\"},{\"@type\":\"Person\",\"@id\":\"https:\\\/\\\/unisale.com.br\\\/pastoral\\\/#\\\/schema\\\/person\\\/a16ba711a0f7dec9cb6b44563144d5a3\",\"name\":\"pastoral\",\"url\":\"https:\\\/\\\/unisale.com.br\\\/pastoral\\\/author\\\/pastoral\\\/\"}]}<\/script>\n<!-- \/ Yoast SEO plugin. -->","yoast_head_json":{"title":"17\/05 - No mundo, tereis tribula\u00e7\u00f5es. Mas tende coragem! Eu venci o mundo! - Pastoral Universit\u00e1ria UniSALESIANO","robots":{"index":"index","follow":"follow","max-snippet":"max-snippet:-1","max-image-preview":"max-image-preview:large","max-video-preview":"max-video-preview:-1"},"canonical":"https:\/\/unisale.com.br\/novo\/no-mundo-tereis\/","og_locale":"pt_BR","og_type":"article","og_title":"17\/05 - No mundo, tereis tribula\u00e7\u00f5es. Mas tende coragem! Eu venci o mundo! - Pastoral Universit\u00e1ria UniSALESIANO","og_description":"Segunda, 17 de maio de 2021. Evangelho (Jo 16,29-33) \u00a0 \u201cNo mundo, tereis tribula\u00e7\u00f5es. Mas tende coragem! Eu venci o mundo!\u201d Naquele tempo, 29os disc\u00edpulos...","og_url":"https:\/\/unisale.com.br\/novo\/no-mundo-tereis\/","og_site_name":"Pastoral Universit\u00e1ria UniSALESIANO","article_published_time":"2021-05-14T11:21:15+00:00","article_modified_time":"2021-09-02T19:42:22+00:00","og_image":[{"width":1920,"height":1080,"url":"https:\/\/unisale.com.br\/novo\/wp-content\/uploads\/2021\/05\/17.jpg","type":"image\/jpeg"}],"author":"pastoral","twitter_card":"summary_large_image","twitter_misc":{"Escrito por":"pastoral","Est. tempo de leitura":"2 minutos"},"schema":{"@context":"https:\/\/schema.org","@graph":[{"@type":"Article","@id":"https:\/\/unisale.com.br\/novo\/no-mundo-tereis\/#article","isPartOf":{"@id":"https:\/\/unisale.com.br\/novo\/no-mundo-tereis\/"},"author":{"name":"pastoral","@id":"https:\/\/unisale.com.br\/pastoral\/#\/schema\/person\/a16ba711a0f7dec9cb6b44563144d5a3"},"headline":"17\/05 &#8211; No mundo, tereis tribula\u00e7\u00f5es. Mas tende coragem! Eu venci o mundo!","datePublished":"2021-05-14T11:21:15+00:00","dateModified":"2021-09-02T19:42:22+00:00","mainEntityOfPage":{"@id":"https:\/\/unisale.com.br\/novo\/no-mundo-tereis\/"},"wordCount":432,"image":{"@id":"https:\/\/unisale.com.br\/novo\/no-mundo-tereis\/#primaryimage"},"thumbnailUrl":"https:\/\/unisale.com.br\/pastoral\/wp-content\/uploads\/2021\/05\/17.jpg","articleSection":["Reflex\u00e3o do Evangelho"],"inLanguage":"pt-BR"},{"@type":"WebPage","@id":"https:\/\/unisale.com.br\/novo\/no-mundo-tereis\/","url":"https:\/\/unisale.com.br\/novo\/no-mundo-tereis\/","name":"17\/05 - No mundo, tereis tribula\u00e7\u00f5es. Mas tende coragem! Eu venci o mundo! - Pastoral Universit\u00e1ria UniSALESIANO","isPartOf":{"@id":"https:\/\/unisale.com.br\/pastoral\/#website"},"primaryImageOfPage":{"@id":"https:\/\/unisale.com.br\/novo\/no-mundo-tereis\/#primaryimage"},"image":{"@id":"https:\/\/unisale.com.br\/novo\/no-mundo-tereis\/#primaryimage"},"thumbnailUrl":"https:\/\/unisale.com.br\/pastoral\/wp-content\/uploads\/2021\/05\/17.jpg","datePublished":"2021-05-14T11:21:15+00:00","dateModified":"2021-09-02T19:42:22+00:00","author":{"@id":"https:\/\/unisale.com.br\/pastoral\/#\/schema\/person\/a16ba711a0f7dec9cb6b44563144d5a3"},"inLanguage":"pt-BR","potentialAction":[{"@type":"ReadAction","target":["https:\/\/unisale.com.br\/novo\/no-mundo-tereis\/"]}]},{"@type":"ImageObject","inLanguage":"pt-BR","@id":"https:\/\/unisale.com.br\/novo\/no-mundo-tereis\/#primaryimage","url":"https:\/\/unisale.com.br\/pastoral\/wp-content\/uploads\/2021\/05\/17.jpg","contentUrl":"https:\/\/unisale.com.br\/pastoral\/wp-content\/uploads\/2021\/05\/17.jpg","width":889,"height":500},{"@type":"WebSite","@id":"https:\/\/unisale.com.br\/pastoral\/#website","url":"https:\/\/unisale.com.br\/pastoral\/","name":"Pastoral Universit\u00e1ria UniSALESIANO","description":"Site da Pastoral Universit\u00e1ria do UniSALESIANO","potentialAction":[{"@type":"SearchAction","target":{"@type":"EntryPoint","urlTemplate":"https:\/\/unisale.com.br\/pastoral\/?s={search_term_string}"},"query-input":{"@type":"PropertyValueSpecification","valueRequired":true,"valueName":"search_term_string"}}],"inLanguage":"pt-BR"},{"@type":"Person","@id":"https:\/\/unisale.com.br\/pastoral\/#\/schema\/person\/a16ba711a0f7dec9cb6b44563144d5a3","name":"pastoral","url":"https:\/\/unisale.com.br\/pastoral\/author\/pastoral\/"}]}},"_links":{"self":[{"href":"https:\/\/unisale.com.br\/pastoral\/wp-json\/wp\/v2\/posts\/1308","targetHints":{"allow":["GET"]}}],"collection":[{"href":"https:\/\/unisale.com.br\/pastoral\/wp-json\/wp\/v2\/posts"}],"about":[{"href":"https:\/\/unisale.com.br\/pastoral\/wp-json\/wp\/v2\/types\/post"}],"author":[{"embeddable":true,"href":"https:\/\/unisale.com.br\/pastoral\/wp-json\/wp\/v2\/users\/1"}],"replies":[{"embeddable":true,"href":"https:\/\/unisale.com.br\/pastoral\/wp-json\/wp\/v2\/comments?post=1308"}],"version-history":[{"count":0,"href":"https:\/\/unisale.com.br\/pastoral\/wp-json\/wp\/v2\/posts\/1308\/revisions"}],"wp:featuredmedia":[{"embeddable":true,"href":"https:\/\/unisale.com.br\/pastoral\/wp-json\/wp\/v2\/media\/1310"}],"wp:attachment":[{"href":"https:\/\/unisale.com.br\/pastoral\/wp-json\/wp\/v2\/media?parent=1308"}],"wp:term":[{"taxonomy":"category","embeddable":true,"href":"https:\/\/unisale.com.br\/pastoral\/wp-json\/wp\/v2\/categories?post=1308"},{"taxonomy":"post_tag","embeddable":true,"href":"https:\/\/unisale.com.br\/pastoral\/wp-json\/wp\/v2\/tags?post=1308"}],"curies":[{"name":"wp","href":"https:\/\/api.w.org\/{rel}","templated":true}]}}