{"id":13105,"date":"2025-09-05T19:01:51","date_gmt":"2025-09-05T19:01:51","guid":{"rendered":"https:\/\/unisale.com.br\/pastoral\/?p=13105"},"modified":"2025-09-05T19:01:51","modified_gmt":"2025-09-05T19:01:51","slug":"06-09-o-filho-do-homem-e-senhor-tambem-do-sabado","status":"publish","type":"post","link":"https:\/\/unisale.com.br\/pastoral\/06-09-o-filho-do-homem-e-senhor-tambem-do-sabado\/","title":{"rendered":"06\/09 &#8211; O Filho do Homem \u00e9 Senhor tamb\u00e9m do s\u00e1bado."},"content":{"rendered":"<p>S\u00e1bado, 06 de setembro de 2025.<\/p>\n<p>&nbsp;<\/p>\n<p>Evangelho (Lc 6,1-5)<\/p>\n<p>&nbsp;<\/p>\n<p><strong>\u201cO Filho do Homem \u00e9 Senhor tamb\u00e9m do s\u00e1bado\u201d<\/strong><\/p>\n<p>&nbsp;<\/p>\n<p><sup>1<\/sup>Num s\u00e1bado, Jesus estava passando atrav\u00e9s de planta\u00e7\u00f5es de trigo. Seus disc\u00edpulos arrancavam e comiam as espigas, debulhando-as com as m\u00e3os. <sup>2<\/sup>Ent\u00e3o alguns fariseus disseram: \u201cPor que fazeis o que n\u00e3o \u00e9 permitido em dia de s\u00e1bado?\u201d <sup>3<\/sup>Jesus respondeu-lhes: \u201cAcaso v\u00f3s n\u00e3o lestes o que Davi e seus companheiros fizeram, quando estavam sentindo fome? <sup>4<\/sup>Davi entrou na casa de Deus, pegou dos p\u00e3es oferecidos a Deus e os comeu, e ainda por cima os deu a seus companheiros. No entanto, s\u00f3 os sacerdotes podem comer desses p\u00e3es\u201d. <sup>5<\/sup>E Jesus acrescentou: \u201cO Filho do Homem \u00e9 senhor tamb\u00e9m do s\u00e1bado\u201d.<\/p>\n<p>&nbsp;<\/p>\n<p><strong>Reflex\u00e3o<\/strong><\/p>\n<p>&nbsp;<\/p>\n<p>Pode ser que ao lermos este evangelho que nos \u00e9 proposto na liturgia de hoje, cheguemos a equivocada conclus\u00e3o de que Jesus esteja afirmando que para o cristianismo n\u00e3o existem regras, e, que cada um pode fazer o que bem entende. Isso n\u00e3o \u00e9 verdade. A conduta moral proposta por Jesus n\u00e3o \u00e9 uma constru\u00e7\u00e3o de cada um. A nossa orienta\u00e7\u00e3o moral est\u00e1 presente nos Evangelhos, nos ensinamentos da Igreja. O que Jesus critica neste evangelho \u00e9 a forma como os fariseus escaram as regras, ou seja, com idolatria. Mas este comportamento dos fariseus pode contaminar tamb\u00e9m a n\u00f3s crist\u00e3os. Podemos nos prender de forma doentia a uma regra esquecendo-nos o motivo pelo qual uma regra existe. As regras existem como uma indica\u00e7\u00e3o, como um sinal, como uma b\u00fassola, mas ela n\u00e3o \u00e9 a meta e nem o fim. Seguir regras s\u00f3 por segui-las significa ter perdido de vista o motivo pelo qual ela existe. O s\u00e1bado serve para nos recordar que Deus \u00e9 primordial em nossa vida e por isso, ao menos uma vez na semana, n\u00f3s devemos nos abster do trabalho para recordar que n\u00e3o nascemos para trabalhar, mas que trabalhamos para viver. Os disc\u00edpulos de Jesus, estando com Jesus, est\u00e3o fisicamente com o \u2018motivo\u2019 pelo qual existe o s\u00e1bado: Deus. A convers\u00e3o que nos pede o evangelho de hoje n\u00e3o consiste na transgress\u00e3o das regras, mas no recuperar o motivo pelo qual uma regra vale a pena ser cumprida. Quem se prende demais a uma regra, pode ser que tenha perdido de vista o verdadeiro Bem, mas n\u00e3o percebe que a cega obedi\u00eancia a uma regra n\u00e3o acontece em substitui\u00e7\u00e3o a uma atividade da pr\u00f3pria consci\u00eancia. O cristianismo precisa de pessoas que creem e n\u00e3o de fan\u00e1ticos.<\/p>\n<p><strong>Pe. Paulo Eduardo J\u00e1como, SDB.<\/strong><\/p>\n","protected":false},"excerpt":{"rendered":"<p>S\u00e1bado, 06 de setembro de 2025. &nbsp; Evangelho (Lc 6,1-5) &nbsp; \u201cO Filho do Homem \u00e9 Senhor tamb\u00e9m do s\u00e1bado\u201d &nbsp; 1Num s\u00e1bado, Jesus estava&#8230;<\/p>\n","protected":false},"author":1,"featured_media":13106,"comment_status":"closed","ping_status":"closed","sticky":false,"template":"","format":"standard","meta":{"_acf_changed":false,"footnotes":""},"categories":[13],"tags":[],"class_list":["post-13105","post","type-post","status-publish","format-standard","has-post-thumbnail","hentry","category-reflexaodoevagelho"],"acf":[],"yoast_head":"<!-- This site is optimized with the Yoast SEO plugin v27.3 - https:\/\/yoast.com\/product\/yoast-seo-wordpress\/ -->\n<title>06\/09 - O Filho do Homem \u00e9 Senhor tamb\u00e9m do s\u00e1bado. - Pastoral Universit\u00e1ria UniSALESIANO<\/title>\n<meta name=\"robots\" content=\"index, follow, max-snippet:-1, max-image-preview:large, max-video-preview:-1\" \/>\n<link rel=\"canonical\" href=\"https:\/\/unisale.com.br\/pastoral\/06-09-o-filho-do-homem-e-senhor-tambem-do-sabado\/\" \/>\n<meta property=\"og:locale\" content=\"pt_BR\" \/>\n<meta property=\"og:type\" content=\"article\" \/>\n<meta property=\"og:title\" content=\"06\/09 - O Filho do Homem \u00e9 Senhor tamb\u00e9m do s\u00e1bado. - Pastoral Universit\u00e1ria UniSALESIANO\" \/>\n<meta property=\"og:description\" content=\"S\u00e1bado, 06 de setembro de 2025. &nbsp; Evangelho (Lc 6,1-5) &nbsp; \u201cO Filho do Homem \u00e9 Senhor tamb\u00e9m do s\u00e1bado\u201d &nbsp; 1Num s\u00e1bado, Jesus estava...\" \/>\n<meta property=\"og:url\" content=\"https:\/\/unisale.com.br\/pastoral\/06-09-o-filho-do-homem-e-senhor-tambem-do-sabado\/\" \/>\n<meta property=\"og:site_name\" content=\"Pastoral Universit\u00e1ria UniSALESIANO\" \/>\n<meta property=\"article:published_time\" content=\"2025-09-05T19:01:51+00:00\" \/>\n<meta property=\"og:image\" content=\"https:\/\/unisale.com.br\/pastoral\/wp-content\/uploads\/2025\/09\/Design-sem-nome-6.jpg\" \/>\n\t<meta property=\"og:image:width\" content=\"1200\" \/>\n\t<meta property=\"og:image:height\" content=\"1200\" \/>\n\t<meta property=\"og:image:type\" content=\"image\/jpeg\" \/>\n<meta name=\"author\" content=\"pastoral\" \/>\n<meta name=\"twitter:card\" content=\"summary_large_image\" \/>\n<meta name=\"twitter:label1\" content=\"Escrito por\" \/>\n\t<meta name=\"twitter:data1\" content=\"pastoral\" \/>\n\t<meta name=\"twitter:label2\" content=\"Est. tempo de leitura\" \/>\n\t<meta name=\"twitter:data2\" content=\"3 minutos\" \/>\n<script type=\"application\/ld+json\" class=\"yoast-schema-graph\">{\"@context\":\"https:\\\/\\\/schema.org\",\"@graph\":[{\"@type\":\"Article\",\"@id\":\"https:\\\/\\\/unisale.com.br\\\/pastoral\\\/06-09-o-filho-do-homem-e-senhor-tambem-do-sabado\\\/#article\",\"isPartOf\":{\"@id\":\"https:\\\/\\\/unisale.com.br\\\/pastoral\\\/06-09-o-filho-do-homem-e-senhor-tambem-do-sabado\\\/\"},\"author\":{\"name\":\"pastoral\",\"@id\":\"https:\\\/\\\/unisale.com.br\\\/pastoral\\\/#\\\/schema\\\/person\\\/a16ba711a0f7dec9cb6b44563144d5a3\"},\"headline\":\"06\\\/09 &#8211; O Filho do Homem \u00e9 Senhor tamb\u00e9m do s\u00e1bado.\",\"datePublished\":\"2025-09-05T19:01:51+00:00\",\"mainEntityOfPage\":{\"@id\":\"https:\\\/\\\/unisale.com.br\\\/pastoral\\\/06-09-o-filho-do-homem-e-senhor-tambem-do-sabado\\\/\"},\"wordCount\":466,\"image\":{\"@id\":\"https:\\\/\\\/unisale.com.br\\\/pastoral\\\/06-09-o-filho-do-homem-e-senhor-tambem-do-sabado\\\/#primaryimage\"},\"thumbnailUrl\":\"https:\\\/\\\/unisale.com.br\\\/pastoral\\\/wp-content\\\/uploads\\\/2025\\\/09\\\/Design-sem-nome-6.jpg\",\"articleSection\":[\"Reflex\u00e3o do Evangelho\"],\"inLanguage\":\"pt-BR\"},{\"@type\":\"WebPage\",\"@id\":\"https:\\\/\\\/unisale.com.br\\\/pastoral\\\/06-09-o-filho-do-homem-e-senhor-tambem-do-sabado\\\/\",\"url\":\"https:\\\/\\\/unisale.com.br\\\/pastoral\\\/06-09-o-filho-do-homem-e-senhor-tambem-do-sabado\\\/\",\"name\":\"06\\\/09 - O Filho do Homem \u00e9 Senhor tamb\u00e9m do s\u00e1bado. - Pastoral Universit\u00e1ria UniSALESIANO\",\"isPartOf\":{\"@id\":\"https:\\\/\\\/unisale.com.br\\\/pastoral\\\/#website\"},\"primaryImageOfPage\":{\"@id\":\"https:\\\/\\\/unisale.com.br\\\/pastoral\\\/06-09-o-filho-do-homem-e-senhor-tambem-do-sabado\\\/#primaryimage\"},\"image\":{\"@id\":\"https:\\\/\\\/unisale.com.br\\\/pastoral\\\/06-09-o-filho-do-homem-e-senhor-tambem-do-sabado\\\/#primaryimage\"},\"thumbnailUrl\":\"https:\\\/\\\/unisale.com.br\\\/pastoral\\\/wp-content\\\/uploads\\\/2025\\\/09\\\/Design-sem-nome-6.jpg\",\"datePublished\":\"2025-09-05T19:01:51+00:00\",\"author\":{\"@id\":\"https:\\\/\\\/unisale.com.br\\\/pastoral\\\/#\\\/schema\\\/person\\\/a16ba711a0f7dec9cb6b44563144d5a3\"},\"inLanguage\":\"pt-BR\",\"potentialAction\":[{\"@type\":\"ReadAction\",\"target\":[\"https:\\\/\\\/unisale.com.br\\\/pastoral\\\/06-09-o-filho-do-homem-e-senhor-tambem-do-sabado\\\/\"]}]},{\"@type\":\"ImageObject\",\"inLanguage\":\"pt-BR\",\"@id\":\"https:\\\/\\\/unisale.com.br\\\/pastoral\\\/06-09-o-filho-do-homem-e-senhor-tambem-do-sabado\\\/#primaryimage\",\"url\":\"https:\\\/\\\/unisale.com.br\\\/pastoral\\\/wp-content\\\/uploads\\\/2025\\\/09\\\/Design-sem-nome-6.jpg\",\"contentUrl\":\"https:\\\/\\\/unisale.com.br\\\/pastoral\\\/wp-content\\\/uploads\\\/2025\\\/09\\\/Design-sem-nome-6.jpg\",\"width\":500,\"height\":500},{\"@type\":\"WebSite\",\"@id\":\"https:\\\/\\\/unisale.com.br\\\/pastoral\\\/#website\",\"url\":\"https:\\\/\\\/unisale.com.br\\\/pastoral\\\/\",\"name\":\"Pastoral Universit\u00e1ria UniSALESIANO\",\"description\":\"Site da Pastoral Universit\u00e1ria do UniSALESIANO\",\"potentialAction\":[{\"@type\":\"SearchAction\",\"target\":{\"@type\":\"EntryPoint\",\"urlTemplate\":\"https:\\\/\\\/unisale.com.br\\\/pastoral\\\/?s={search_term_string}\"},\"query-input\":{\"@type\":\"PropertyValueSpecification\",\"valueRequired\":true,\"valueName\":\"search_term_string\"}}],\"inLanguage\":\"pt-BR\"},{\"@type\":\"Person\",\"@id\":\"https:\\\/\\\/unisale.com.br\\\/pastoral\\\/#\\\/schema\\\/person\\\/a16ba711a0f7dec9cb6b44563144d5a3\",\"name\":\"pastoral\",\"url\":\"https:\\\/\\\/unisale.com.br\\\/pastoral\\\/author\\\/pastoral\\\/\"}]}<\/script>\n<!-- \/ Yoast SEO plugin. -->","yoast_head_json":{"title":"06\/09 - O Filho do Homem \u00e9 Senhor tamb\u00e9m do s\u00e1bado. - Pastoral Universit\u00e1ria UniSALESIANO","robots":{"index":"index","follow":"follow","max-snippet":"max-snippet:-1","max-image-preview":"max-image-preview:large","max-video-preview":"max-video-preview:-1"},"canonical":"https:\/\/unisale.com.br\/pastoral\/06-09-o-filho-do-homem-e-senhor-tambem-do-sabado\/","og_locale":"pt_BR","og_type":"article","og_title":"06\/09 - O Filho do Homem \u00e9 Senhor tamb\u00e9m do s\u00e1bado. - Pastoral Universit\u00e1ria UniSALESIANO","og_description":"S\u00e1bado, 06 de setembro de 2025. &nbsp; Evangelho (Lc 6,1-5) &nbsp; \u201cO Filho do Homem \u00e9 Senhor tamb\u00e9m do s\u00e1bado\u201d &nbsp; 1Num s\u00e1bado, Jesus estava...","og_url":"https:\/\/unisale.com.br\/pastoral\/06-09-o-filho-do-homem-e-senhor-tambem-do-sabado\/","og_site_name":"Pastoral Universit\u00e1ria UniSALESIANO","article_published_time":"2025-09-05T19:01:51+00:00","og_image":[{"width":1200,"height":1200,"url":"https:\/\/unisale.com.br\/pastoral\/wp-content\/uploads\/2025\/09\/Design-sem-nome-6.jpg","type":"image\/jpeg"}],"author":"pastoral","twitter_card":"summary_large_image","twitter_misc":{"Escrito por":"pastoral","Est. tempo de leitura":"3 minutos"},"schema":{"@context":"https:\/\/schema.org","@graph":[{"@type":"Article","@id":"https:\/\/unisale.com.br\/pastoral\/06-09-o-filho-do-homem-e-senhor-tambem-do-sabado\/#article","isPartOf":{"@id":"https:\/\/unisale.com.br\/pastoral\/06-09-o-filho-do-homem-e-senhor-tambem-do-sabado\/"},"author":{"name":"pastoral","@id":"https:\/\/unisale.com.br\/pastoral\/#\/schema\/person\/a16ba711a0f7dec9cb6b44563144d5a3"},"headline":"06\/09 &#8211; O Filho do Homem \u00e9 Senhor tamb\u00e9m do s\u00e1bado.","datePublished":"2025-09-05T19:01:51+00:00","mainEntityOfPage":{"@id":"https:\/\/unisale.com.br\/pastoral\/06-09-o-filho-do-homem-e-senhor-tambem-do-sabado\/"},"wordCount":466,"image":{"@id":"https:\/\/unisale.com.br\/pastoral\/06-09-o-filho-do-homem-e-senhor-tambem-do-sabado\/#primaryimage"},"thumbnailUrl":"https:\/\/unisale.com.br\/pastoral\/wp-content\/uploads\/2025\/09\/Design-sem-nome-6.jpg","articleSection":["Reflex\u00e3o do Evangelho"],"inLanguage":"pt-BR"},{"@type":"WebPage","@id":"https:\/\/unisale.com.br\/pastoral\/06-09-o-filho-do-homem-e-senhor-tambem-do-sabado\/","url":"https:\/\/unisale.com.br\/pastoral\/06-09-o-filho-do-homem-e-senhor-tambem-do-sabado\/","name":"06\/09 - O Filho do Homem \u00e9 Senhor tamb\u00e9m do s\u00e1bado. - Pastoral Universit\u00e1ria UniSALESIANO","isPartOf":{"@id":"https:\/\/unisale.com.br\/pastoral\/#website"},"primaryImageOfPage":{"@id":"https:\/\/unisale.com.br\/pastoral\/06-09-o-filho-do-homem-e-senhor-tambem-do-sabado\/#primaryimage"},"image":{"@id":"https:\/\/unisale.com.br\/pastoral\/06-09-o-filho-do-homem-e-senhor-tambem-do-sabado\/#primaryimage"},"thumbnailUrl":"https:\/\/unisale.com.br\/pastoral\/wp-content\/uploads\/2025\/09\/Design-sem-nome-6.jpg","datePublished":"2025-09-05T19:01:51+00:00","author":{"@id":"https:\/\/unisale.com.br\/pastoral\/#\/schema\/person\/a16ba711a0f7dec9cb6b44563144d5a3"},"inLanguage":"pt-BR","potentialAction":[{"@type":"ReadAction","target":["https:\/\/unisale.com.br\/pastoral\/06-09-o-filho-do-homem-e-senhor-tambem-do-sabado\/"]}]},{"@type":"ImageObject","inLanguage":"pt-BR","@id":"https:\/\/unisale.com.br\/pastoral\/06-09-o-filho-do-homem-e-senhor-tambem-do-sabado\/#primaryimage","url":"https:\/\/unisale.com.br\/pastoral\/wp-content\/uploads\/2025\/09\/Design-sem-nome-6.jpg","contentUrl":"https:\/\/unisale.com.br\/pastoral\/wp-content\/uploads\/2025\/09\/Design-sem-nome-6.jpg","width":500,"height":500},{"@type":"WebSite","@id":"https:\/\/unisale.com.br\/pastoral\/#website","url":"https:\/\/unisale.com.br\/pastoral\/","name":"Pastoral Universit\u00e1ria UniSALESIANO","description":"Site da Pastoral Universit\u00e1ria do UniSALESIANO","potentialAction":[{"@type":"SearchAction","target":{"@type":"EntryPoint","urlTemplate":"https:\/\/unisale.com.br\/pastoral\/?s={search_term_string}"},"query-input":{"@type":"PropertyValueSpecification","valueRequired":true,"valueName":"search_term_string"}}],"inLanguage":"pt-BR"},{"@type":"Person","@id":"https:\/\/unisale.com.br\/pastoral\/#\/schema\/person\/a16ba711a0f7dec9cb6b44563144d5a3","name":"pastoral","url":"https:\/\/unisale.com.br\/pastoral\/author\/pastoral\/"}]}},"_links":{"self":[{"href":"https:\/\/unisale.com.br\/pastoral\/wp-json\/wp\/v2\/posts\/13105","targetHints":{"allow":["GET"]}}],"collection":[{"href":"https:\/\/unisale.com.br\/pastoral\/wp-json\/wp\/v2\/posts"}],"about":[{"href":"https:\/\/unisale.com.br\/pastoral\/wp-json\/wp\/v2\/types\/post"}],"author":[{"embeddable":true,"href":"https:\/\/unisale.com.br\/pastoral\/wp-json\/wp\/v2\/users\/1"}],"replies":[{"embeddable":true,"href":"https:\/\/unisale.com.br\/pastoral\/wp-json\/wp\/v2\/comments?post=13105"}],"version-history":[{"count":1,"href":"https:\/\/unisale.com.br\/pastoral\/wp-json\/wp\/v2\/posts\/13105\/revisions"}],"predecessor-version":[{"id":13107,"href":"https:\/\/unisale.com.br\/pastoral\/wp-json\/wp\/v2\/posts\/13105\/revisions\/13107"}],"wp:featuredmedia":[{"embeddable":true,"href":"https:\/\/unisale.com.br\/pastoral\/wp-json\/wp\/v2\/media\/13106"}],"wp:attachment":[{"href":"https:\/\/unisale.com.br\/pastoral\/wp-json\/wp\/v2\/media?parent=13105"}],"wp:term":[{"taxonomy":"category","embeddable":true,"href":"https:\/\/unisale.com.br\/pastoral\/wp-json\/wp\/v2\/categories?post=13105"},{"taxonomy":"post_tag","embeddable":true,"href":"https:\/\/unisale.com.br\/pastoral\/wp-json\/wp\/v2\/tags?post=13105"}],"curies":[{"name":"wp","href":"https:\/\/api.w.org\/{rel}","templated":true}]}}