{"id":13115,"date":"2025-09-08T22:45:23","date_gmt":"2025-09-08T22:45:23","guid":{"rendered":"https:\/\/unisale.com.br\/pastoral\/?p=13115"},"modified":"2025-09-08T22:45:23","modified_gmt":"2025-09-08T22:45:23","slug":"09-09-jesus-foi-a-montanha-para-rezar","status":"publish","type":"post","link":"https:\/\/unisale.com.br\/pastoral\/09-09-jesus-foi-a-montanha-para-rezar\/","title":{"rendered":"09\/09 &#8211; &#8230; Jesus foi \u00e0 montanha para rezar&#8230;"},"content":{"rendered":"<p>Ter\u00e7a-feira, 09 de setembro de 2025.<\/p>\n<p>&nbsp;<\/p>\n<p>Evangelho (Lc 6,12-19)<\/p>\n<p>&nbsp;<\/p>\n<p><strong>\u201c&#8230; Jesus foi \u00e0 montanha para rezar&#8230;\u201d<\/strong><\/p>\n<p>&nbsp;<\/p>\n<p><sup>12<\/sup>Naqueles dias, Jesus foi \u00e0 montanha para rezar. E passou a noite toda em ora\u00e7\u00e3o a Deus. <sup>13<\/sup>Ao amanhecer, chamou seus disc\u00edpulos e escolheu doze dentre eles, aos quais deu o nome de ap\u00f3stolos: <sup>14<\/sup>Sim\u00e3o, a quem imp\u00f4s o nome de Pedro, e seu irm\u00e3o Andr\u00e9; Tiago e Jo\u00e3o; Filipe e Bartolomeu; <sup>15<\/sup>Mateus e Tom\u00e9; Tiago, filho de Alfeu, e Sim\u00e3o, chamado Zelota; <sup>16<\/sup>Judas, filho de Tiago, e Judas Iscariotes, aquele que se tornou traidor. <sup>17<\/sup>Jesus desceu da montanha com eles e parou num lugar plano. Ali estavam muitos dos seus disc\u00edpulos e grande multid\u00e3o de gente de toda a Judeia e de Jerusal\u00e9m, do litoral de Tiro e Sid\u00f4nia. <sup>18<\/sup>Vieram para ouvir Jesus e serem curados de suas doen\u00e7as. E aqueles que estavam atormentados por esp\u00edritos maus tamb\u00e9m foram curados. <sup>19<\/sup>A multid\u00e3o toda procurava tocar em Jesus, porque uma for\u00e7a sa\u00eda dele, e curava a todos.<\/p>\n<p>&nbsp;<\/p>\n<p><strong>Reflex\u00e3o<\/strong><\/p>\n<p>&nbsp;<\/p>\n<p>O Evangelho de hoje come\u00e7a dizendo: \u201cJesus foi \u00e0 montanha para rezar. E passou a noite toda em ora\u00e7\u00e3o a Deus\u201d. Se contempl\u00e1ssemos somente este trecho do Evangelho de hoje, perceber\u00edamos que a ora\u00e7\u00e3o \u00e9 um ponto decisivo na vida de Jesus. A ora\u00e7\u00e3o para Ele n\u00e3o \u00e9 uma ritualidade, mas \u00e9 oxig\u00eanio, porque a ora\u00e7\u00e3o de Jesus \u00e9 rela\u00e7\u00e3o com o Pai. Jesus n\u00e3o se comporta como um Superior, que n\u00e3o precisa de ningu\u00e9m, como um dotado de superpoderes que o torna autossuficiente em rela\u00e7\u00e3o ao resto do mundo. Jesus mostra que a sua a\u00e7\u00e3o vencedora \u00e9 fruto da sua rela\u00e7\u00e3o com o Pai, e por isso reza. A sua ora\u00e7\u00e3o n\u00e3o \u00e9 um evento separado do resto de sua vida, mas \u00e9 o seu recurso: de fato, depois que reza acontece ou decide alguma coisa importante. Hoje o Evangelho nos apresenta Jesus rezando para escolher os doze. Jesus reza para escolher, reza para decidir, reza antes de agir, reza para entender, reza para entregar-se. E sobretudo a sua ora\u00e7\u00e3o n\u00e3o \u00e9 alienante, mas uma ora\u00e7\u00e3o que sabe passar da intimidade (o monte) \u00e0 realidade (a plan\u00edcie). A ora\u00e7\u00e3o n\u00e3o produz um efeito s\u00f3 em Jesus, mas um efeito tamb\u00e9m sobre os outros. A ora\u00e7\u00e3o n\u00e3o age somente em quem reza, mas tamb\u00e9m em quem se encontra com aquele que reza. Se cada um de n\u00f3s rezasse como se deve, ou seja, com seriedade, ent\u00e3o mudaria a vida tamb\u00e9m das pessoas que s\u00e3o pr\u00f3ximas de n\u00f3s. Em Jesus, por exemplo, \u00e9 uma for\u00e7a que age com pot\u00eancia sobre todos aqueles que cruzam com Ele por um motivo ou por outro.<\/p>\n<p><strong>Pe. Paulo Eduardo J\u00e1como, SDB.\u00a0<\/strong><\/p>\n<p>&nbsp;<\/p>\n","protected":false},"excerpt":{"rendered":"<p>Ter\u00e7a-feira, 09 de setembro de 2025. &nbsp; Evangelho (Lc 6,12-19) &nbsp; \u201c&#8230; Jesus foi \u00e0 montanha para rezar&#8230;\u201d &nbsp; 12Naqueles dias, Jesus foi \u00e0 montanha&#8230;<\/p>\n","protected":false},"author":1,"featured_media":13116,"comment_status":"closed","ping_status":"closed","sticky":false,"template":"","format":"standard","meta":{"_acf_changed":false,"footnotes":""},"categories":[13],"tags":[],"class_list":["post-13115","post","type-post","status-publish","format-standard","has-post-thumbnail","hentry","category-reflexaodoevagelho"],"acf":[],"yoast_head":"<!-- This site is optimized with the Yoast SEO plugin v27.3 - https:\/\/yoast.com\/product\/yoast-seo-wordpress\/ -->\n<title>09\/09 - ... Jesus foi \u00e0 montanha para rezar... - Pastoral Universit\u00e1ria UniSALESIANO<\/title>\n<meta name=\"robots\" content=\"index, follow, max-snippet:-1, max-image-preview:large, max-video-preview:-1\" \/>\n<link rel=\"canonical\" href=\"https:\/\/unisale.com.br\/pastoral\/09-09-jesus-foi-a-montanha-para-rezar\/\" \/>\n<meta property=\"og:locale\" content=\"pt_BR\" \/>\n<meta property=\"og:type\" content=\"article\" \/>\n<meta property=\"og:title\" content=\"09\/09 - ... Jesus foi \u00e0 montanha para rezar... - Pastoral Universit\u00e1ria UniSALESIANO\" \/>\n<meta property=\"og:description\" content=\"Ter\u00e7a-feira, 09 de setembro de 2025. &nbsp; Evangelho (Lc 6,12-19) &nbsp; \u201c&#8230; Jesus foi \u00e0 montanha para rezar&#8230;\u201d &nbsp; 12Naqueles dias, Jesus foi \u00e0 montanha...\" \/>\n<meta property=\"og:url\" content=\"https:\/\/unisale.com.br\/pastoral\/09-09-jesus-foi-a-montanha-para-rezar\/\" \/>\n<meta property=\"og:site_name\" content=\"Pastoral Universit\u00e1ria UniSALESIANO\" \/>\n<meta property=\"article:published_time\" content=\"2025-09-08T22:45:23+00:00\" \/>\n<meta property=\"og:image\" content=\"https:\/\/unisale.com.br\/pastoral\/wp-content\/uploads\/2025\/09\/Design-sem-nome-9.jpg\" \/>\n\t<meta property=\"og:image:width\" content=\"1200\" \/>\n\t<meta property=\"og:image:height\" content=\"1200\" \/>\n\t<meta property=\"og:image:type\" content=\"image\/jpeg\" \/>\n<meta name=\"author\" content=\"pastoral\" \/>\n<meta name=\"twitter:card\" content=\"summary_large_image\" \/>\n<meta name=\"twitter:label1\" content=\"Escrito por\" \/>\n\t<meta name=\"twitter:data1\" content=\"pastoral\" \/>\n\t<meta name=\"twitter:label2\" content=\"Est. tempo de leitura\" \/>\n\t<meta name=\"twitter:data2\" content=\"3 minutos\" \/>\n<script type=\"application\/ld+json\" class=\"yoast-schema-graph\">{\"@context\":\"https:\\\/\\\/schema.org\",\"@graph\":[{\"@type\":\"Article\",\"@id\":\"https:\\\/\\\/unisale.com.br\\\/pastoral\\\/09-09-jesus-foi-a-montanha-para-rezar\\\/#article\",\"isPartOf\":{\"@id\":\"https:\\\/\\\/unisale.com.br\\\/pastoral\\\/09-09-jesus-foi-a-montanha-para-rezar\\\/\"},\"author\":{\"name\":\"pastoral\",\"@id\":\"https:\\\/\\\/unisale.com.br\\\/pastoral\\\/#\\\/schema\\\/person\\\/a16ba711a0f7dec9cb6b44563144d5a3\"},\"headline\":\"09\\\/09 &#8211; &#8230; Jesus foi \u00e0 montanha para rezar&#8230;\",\"datePublished\":\"2025-09-08T22:45:23+00:00\",\"mainEntityOfPage\":{\"@id\":\"https:\\\/\\\/unisale.com.br\\\/pastoral\\\/09-09-jesus-foi-a-montanha-para-rezar\\\/\"},\"wordCount\":493,\"image\":{\"@id\":\"https:\\\/\\\/unisale.com.br\\\/pastoral\\\/09-09-jesus-foi-a-montanha-para-rezar\\\/#primaryimage\"},\"thumbnailUrl\":\"https:\\\/\\\/unisale.com.br\\\/pastoral\\\/wp-content\\\/uploads\\\/2025\\\/09\\\/Design-sem-nome-9.jpg\",\"articleSection\":[\"Reflex\u00e3o do Evangelho\"],\"inLanguage\":\"pt-BR\"},{\"@type\":\"WebPage\",\"@id\":\"https:\\\/\\\/unisale.com.br\\\/pastoral\\\/09-09-jesus-foi-a-montanha-para-rezar\\\/\",\"url\":\"https:\\\/\\\/unisale.com.br\\\/pastoral\\\/09-09-jesus-foi-a-montanha-para-rezar\\\/\",\"name\":\"09\\\/09 - ... Jesus foi \u00e0 montanha para rezar... - Pastoral Universit\u00e1ria UniSALESIANO\",\"isPartOf\":{\"@id\":\"https:\\\/\\\/unisale.com.br\\\/pastoral\\\/#website\"},\"primaryImageOfPage\":{\"@id\":\"https:\\\/\\\/unisale.com.br\\\/pastoral\\\/09-09-jesus-foi-a-montanha-para-rezar\\\/#primaryimage\"},\"image\":{\"@id\":\"https:\\\/\\\/unisale.com.br\\\/pastoral\\\/09-09-jesus-foi-a-montanha-para-rezar\\\/#primaryimage\"},\"thumbnailUrl\":\"https:\\\/\\\/unisale.com.br\\\/pastoral\\\/wp-content\\\/uploads\\\/2025\\\/09\\\/Design-sem-nome-9.jpg\",\"datePublished\":\"2025-09-08T22:45:23+00:00\",\"author\":{\"@id\":\"https:\\\/\\\/unisale.com.br\\\/pastoral\\\/#\\\/schema\\\/person\\\/a16ba711a0f7dec9cb6b44563144d5a3\"},\"inLanguage\":\"pt-BR\",\"potentialAction\":[{\"@type\":\"ReadAction\",\"target\":[\"https:\\\/\\\/unisale.com.br\\\/pastoral\\\/09-09-jesus-foi-a-montanha-para-rezar\\\/\"]}]},{\"@type\":\"ImageObject\",\"inLanguage\":\"pt-BR\",\"@id\":\"https:\\\/\\\/unisale.com.br\\\/pastoral\\\/09-09-jesus-foi-a-montanha-para-rezar\\\/#primaryimage\",\"url\":\"https:\\\/\\\/unisale.com.br\\\/pastoral\\\/wp-content\\\/uploads\\\/2025\\\/09\\\/Design-sem-nome-9.jpg\",\"contentUrl\":\"https:\\\/\\\/unisale.com.br\\\/pastoral\\\/wp-content\\\/uploads\\\/2025\\\/09\\\/Design-sem-nome-9.jpg\",\"width\":500,\"height\":500},{\"@type\":\"WebSite\",\"@id\":\"https:\\\/\\\/unisale.com.br\\\/pastoral\\\/#website\",\"url\":\"https:\\\/\\\/unisale.com.br\\\/pastoral\\\/\",\"name\":\"Pastoral Universit\u00e1ria UniSALESIANO\",\"description\":\"Site da Pastoral Universit\u00e1ria do UniSALESIANO\",\"potentialAction\":[{\"@type\":\"SearchAction\",\"target\":{\"@type\":\"EntryPoint\",\"urlTemplate\":\"https:\\\/\\\/unisale.com.br\\\/pastoral\\\/?s={search_term_string}\"},\"query-input\":{\"@type\":\"PropertyValueSpecification\",\"valueRequired\":true,\"valueName\":\"search_term_string\"}}],\"inLanguage\":\"pt-BR\"},{\"@type\":\"Person\",\"@id\":\"https:\\\/\\\/unisale.com.br\\\/pastoral\\\/#\\\/schema\\\/person\\\/a16ba711a0f7dec9cb6b44563144d5a3\",\"name\":\"pastoral\",\"url\":\"https:\\\/\\\/unisale.com.br\\\/pastoral\\\/author\\\/pastoral\\\/\"}]}<\/script>\n<!-- \/ Yoast SEO plugin. -->","yoast_head_json":{"title":"09\/09 - ... Jesus foi \u00e0 montanha para rezar... - Pastoral Universit\u00e1ria UniSALESIANO","robots":{"index":"index","follow":"follow","max-snippet":"max-snippet:-1","max-image-preview":"max-image-preview:large","max-video-preview":"max-video-preview:-1"},"canonical":"https:\/\/unisale.com.br\/pastoral\/09-09-jesus-foi-a-montanha-para-rezar\/","og_locale":"pt_BR","og_type":"article","og_title":"09\/09 - ... Jesus foi \u00e0 montanha para rezar... - Pastoral Universit\u00e1ria UniSALESIANO","og_description":"Ter\u00e7a-feira, 09 de setembro de 2025. &nbsp; Evangelho (Lc 6,12-19) &nbsp; \u201c&#8230; Jesus foi \u00e0 montanha para rezar&#8230;\u201d &nbsp; 12Naqueles dias, Jesus foi \u00e0 montanha...","og_url":"https:\/\/unisale.com.br\/pastoral\/09-09-jesus-foi-a-montanha-para-rezar\/","og_site_name":"Pastoral Universit\u00e1ria UniSALESIANO","article_published_time":"2025-09-08T22:45:23+00:00","og_image":[{"width":1200,"height":1200,"url":"https:\/\/unisale.com.br\/pastoral\/wp-content\/uploads\/2025\/09\/Design-sem-nome-9.jpg","type":"image\/jpeg"}],"author":"pastoral","twitter_card":"summary_large_image","twitter_misc":{"Escrito por":"pastoral","Est. tempo de leitura":"3 minutos"},"schema":{"@context":"https:\/\/schema.org","@graph":[{"@type":"Article","@id":"https:\/\/unisale.com.br\/pastoral\/09-09-jesus-foi-a-montanha-para-rezar\/#article","isPartOf":{"@id":"https:\/\/unisale.com.br\/pastoral\/09-09-jesus-foi-a-montanha-para-rezar\/"},"author":{"name":"pastoral","@id":"https:\/\/unisale.com.br\/pastoral\/#\/schema\/person\/a16ba711a0f7dec9cb6b44563144d5a3"},"headline":"09\/09 &#8211; &#8230; Jesus foi \u00e0 montanha para rezar&#8230;","datePublished":"2025-09-08T22:45:23+00:00","mainEntityOfPage":{"@id":"https:\/\/unisale.com.br\/pastoral\/09-09-jesus-foi-a-montanha-para-rezar\/"},"wordCount":493,"image":{"@id":"https:\/\/unisale.com.br\/pastoral\/09-09-jesus-foi-a-montanha-para-rezar\/#primaryimage"},"thumbnailUrl":"https:\/\/unisale.com.br\/pastoral\/wp-content\/uploads\/2025\/09\/Design-sem-nome-9.jpg","articleSection":["Reflex\u00e3o do Evangelho"],"inLanguage":"pt-BR"},{"@type":"WebPage","@id":"https:\/\/unisale.com.br\/pastoral\/09-09-jesus-foi-a-montanha-para-rezar\/","url":"https:\/\/unisale.com.br\/pastoral\/09-09-jesus-foi-a-montanha-para-rezar\/","name":"09\/09 - ... Jesus foi \u00e0 montanha para rezar... - Pastoral Universit\u00e1ria UniSALESIANO","isPartOf":{"@id":"https:\/\/unisale.com.br\/pastoral\/#website"},"primaryImageOfPage":{"@id":"https:\/\/unisale.com.br\/pastoral\/09-09-jesus-foi-a-montanha-para-rezar\/#primaryimage"},"image":{"@id":"https:\/\/unisale.com.br\/pastoral\/09-09-jesus-foi-a-montanha-para-rezar\/#primaryimage"},"thumbnailUrl":"https:\/\/unisale.com.br\/pastoral\/wp-content\/uploads\/2025\/09\/Design-sem-nome-9.jpg","datePublished":"2025-09-08T22:45:23+00:00","author":{"@id":"https:\/\/unisale.com.br\/pastoral\/#\/schema\/person\/a16ba711a0f7dec9cb6b44563144d5a3"},"inLanguage":"pt-BR","potentialAction":[{"@type":"ReadAction","target":["https:\/\/unisale.com.br\/pastoral\/09-09-jesus-foi-a-montanha-para-rezar\/"]}]},{"@type":"ImageObject","inLanguage":"pt-BR","@id":"https:\/\/unisale.com.br\/pastoral\/09-09-jesus-foi-a-montanha-para-rezar\/#primaryimage","url":"https:\/\/unisale.com.br\/pastoral\/wp-content\/uploads\/2025\/09\/Design-sem-nome-9.jpg","contentUrl":"https:\/\/unisale.com.br\/pastoral\/wp-content\/uploads\/2025\/09\/Design-sem-nome-9.jpg","width":500,"height":500},{"@type":"WebSite","@id":"https:\/\/unisale.com.br\/pastoral\/#website","url":"https:\/\/unisale.com.br\/pastoral\/","name":"Pastoral Universit\u00e1ria UniSALESIANO","description":"Site da Pastoral Universit\u00e1ria do UniSALESIANO","potentialAction":[{"@type":"SearchAction","target":{"@type":"EntryPoint","urlTemplate":"https:\/\/unisale.com.br\/pastoral\/?s={search_term_string}"},"query-input":{"@type":"PropertyValueSpecification","valueRequired":true,"valueName":"search_term_string"}}],"inLanguage":"pt-BR"},{"@type":"Person","@id":"https:\/\/unisale.com.br\/pastoral\/#\/schema\/person\/a16ba711a0f7dec9cb6b44563144d5a3","name":"pastoral","url":"https:\/\/unisale.com.br\/pastoral\/author\/pastoral\/"}]}},"_links":{"self":[{"href":"https:\/\/unisale.com.br\/pastoral\/wp-json\/wp\/v2\/posts\/13115","targetHints":{"allow":["GET"]}}],"collection":[{"href":"https:\/\/unisale.com.br\/pastoral\/wp-json\/wp\/v2\/posts"}],"about":[{"href":"https:\/\/unisale.com.br\/pastoral\/wp-json\/wp\/v2\/types\/post"}],"author":[{"embeddable":true,"href":"https:\/\/unisale.com.br\/pastoral\/wp-json\/wp\/v2\/users\/1"}],"replies":[{"embeddable":true,"href":"https:\/\/unisale.com.br\/pastoral\/wp-json\/wp\/v2\/comments?post=13115"}],"version-history":[{"count":1,"href":"https:\/\/unisale.com.br\/pastoral\/wp-json\/wp\/v2\/posts\/13115\/revisions"}],"predecessor-version":[{"id":13117,"href":"https:\/\/unisale.com.br\/pastoral\/wp-json\/wp\/v2\/posts\/13115\/revisions\/13117"}],"wp:featuredmedia":[{"embeddable":true,"href":"https:\/\/unisale.com.br\/pastoral\/wp-json\/wp\/v2\/media\/13116"}],"wp:attachment":[{"href":"https:\/\/unisale.com.br\/pastoral\/wp-json\/wp\/v2\/media?parent=13115"}],"wp:term":[{"taxonomy":"category","embeddable":true,"href":"https:\/\/unisale.com.br\/pastoral\/wp-json\/wp\/v2\/categories?post=13115"},{"taxonomy":"post_tag","embeddable":true,"href":"https:\/\/unisale.com.br\/pastoral\/wp-json\/wp\/v2\/tags?post=13115"}],"curies":[{"name":"wp","href":"https:\/\/api.w.org\/{rel}","templated":true}]}}