{"id":13153,"date":"2025-09-23T00:03:56","date_gmt":"2025-09-23T00:03:56","guid":{"rendered":"https:\/\/unisale.com.br\/pastoral\/?p=13153"},"modified":"2025-09-23T00:03:56","modified_gmt":"2025-09-23T00:03:56","slug":"23-09-minha-mae-e-meus-irmaos-sao-aqueles-que-ouvem-a-palavra-de-deus-e-a-poem-em-pratica","status":"publish","type":"post","link":"https:\/\/unisale.com.br\/pastoral\/23-09-minha-mae-e-meus-irmaos-sao-aqueles-que-ouvem-a-palavra-de-deus-e-a-poem-em-pratica\/","title":{"rendered":"23\/09 &#8211; Minha m\u00e3e e meus irm\u00e3os s\u00e3o aqueles que ouvem a Palavra de Deus, e a p\u00f5em em pr\u00e1tica."},"content":{"rendered":"<p>Ter\u00e7a-feira, 23 de setembro de 2025.<\/p>\n<p>&nbsp;<\/p>\n<p>Evangelho (Lc 8,19-21)<\/p>\n<p>&nbsp;<\/p>\n<p><strong>\u201cMinha m\u00e3e e meus irm\u00e3os s\u00e3o aqueles que ouvem a Palavra de Deus, e a p\u00f5em em pr\u00e1tica.\u201d<\/strong><\/p>\n<p>&nbsp;<\/p>\n<p>Naquele tempo, <sup>19<\/sup>a m\u00e3e e os irm\u00e3os de Jesus aproximaram-se, mas n\u00e3o podiam chegar perto dele, por causa da multid\u00e3o. <sup>20<\/sup>Ent\u00e3o anunciaram a Jesus: \u201cTua m\u00e3e e teus irm\u00e3os est\u00e3o a\u00ed fora e querem te ver\u201d. <sup>21<\/sup>Jesus respondeu: \u201cMinha m\u00e3e e meus irm\u00e3os s\u00e3o aqueles que ouvem a Palavra de Deus, e a p\u00f5em em pr\u00e1tica\u201d.<\/p>\n<p>&nbsp;<\/p>\n<p><strong>Reflex\u00e3o<\/strong><\/p>\n<p>&nbsp;<\/p>\n<p>Neste breve texto do Evangelho de hoje est\u00e1 sintetizada uma grande mensagem que n\u00e3o podemos deixar que seja somente uma leitura superficial. A fama de Jesus cresceu tanto que a multid\u00e3o come\u00e7ou a construir \u201cbarreiras\u201d entre ele e quem o procurava: <sup>\u201c<\/sup>a m\u00e3e e os irm\u00e3os de Jesus aproximaram-se, mas n\u00e3o podiam chegar perto dele, por causa da multid\u00e3o\u201d. \u00c9 sempre um risco ser t\u00e3o entusiasta por Cristo a ponto de impedir o encontro dele com outras pessoas. Alguns tipos de f\u00e9 causam este efeito e se tornam um impedimento ao testemunho que torne poss\u00edvel o encontro do outro com Deus. \u00c9 importante que sempre nos interroguemos se o nosso modo de ser pr\u00f3ximo de Cristo favorece o encontro do outro com Cristo ou \u00e9 um impedimento. O evangelho de hoje fala de um impedimento, e entre aqueles que n\u00e3o podem falar com Jesus est\u00e1 Maria e a fam\u00edlia de Jesus. Mas Jesus usa deste acontecimento para inverter a situa\u00e7\u00e3o a favor da sua prega\u00e7\u00e3o: <sup>\u201c<\/sup>Ent\u00e3o anunciaram a Jesus: \u201cTua m\u00e3e e teus irm\u00e3os est\u00e3o a\u00ed fora e querem te ver\u201d. Jesus respondeu: \u201cMinha m\u00e3e e meus irm\u00e3os s\u00e3o aqueles que ouvem a Palavra de Deus, e a p\u00f5em em pr\u00e1tica\u201d. Ningu\u00e9m pode reivindicar seus direitos sobre Jesus a partir da la\u00e7\u00f5s, sobrenome, privil\u00e9gios, posi\u00e7\u00e3o social, pois a \u00fanica coisa que nos coloca em rela\u00e7\u00e3o com Ele \u00e9 a escuta da palavra que se torna missa na pr\u00e1tica. Neste sentido ningu\u00e9m pode jamais verdadeiramente excluir Maria de Jesus porque ningu\u00e9m mais do que ela escutou e colocou em pr\u00e1tica as palavras de Jesus. Maria nos mostra que a escuta se torna carne, realidade, fato. E cada um de n\u00f3s pode dizer ser de fato de Cristo somente se faz igual. Somente quando a escuta se torna t\u00e3o profunda ao ponto de produzir frutos, agora significa que aconteceu uma mudan\u00e7a que nos transformou de uma simples multid\u00e3o a um numeroso grupo de disc\u00edpulos. E assim n\u00e3o somos mais impedimento, mas pontes.<\/p>\n<p><strong>Pe. Paulo Eduardo J\u00e1como, SDB.\u00a0<\/strong><\/p>\n","protected":false},"excerpt":{"rendered":"<p>Ter\u00e7a-feira, 23 de setembro de 2025. &nbsp; Evangelho (Lc 8,19-21) &nbsp; \u201cMinha m\u00e3e e meus irm\u00e3os s\u00e3o aqueles que ouvem a Palavra de Deus, e&#8230;<\/p>\n","protected":false},"author":1,"featured_media":13154,"comment_status":"closed","ping_status":"closed","sticky":false,"template":"","format":"standard","meta":{"_acf_changed":false,"footnotes":""},"categories":[13],"tags":[],"class_list":["post-13153","post","type-post","status-publish","format-standard","has-post-thumbnail","hentry","category-reflexaodoevagelho"],"acf":[],"yoast_head":"<!-- This site is optimized with the Yoast SEO plugin v27.3 - https:\/\/yoast.com\/product\/yoast-seo-wordpress\/ -->\n<title>23\/09 - Minha m\u00e3e e meus irm\u00e3os s\u00e3o aqueles que ouvem a Palavra de Deus, e a p\u00f5em em pr\u00e1tica. - Pastoral Universit\u00e1ria UniSALESIANO<\/title>\n<meta name=\"robots\" content=\"index, follow, max-snippet:-1, max-image-preview:large, max-video-preview:-1\" \/>\n<link rel=\"canonical\" href=\"https:\/\/unisale.com.br\/pastoral\/23-09-minha-mae-e-meus-irmaos-sao-aqueles-que-ouvem-a-palavra-de-deus-e-a-poem-em-pratica\/\" \/>\n<meta property=\"og:locale\" content=\"pt_BR\" \/>\n<meta property=\"og:type\" content=\"article\" \/>\n<meta property=\"og:title\" content=\"23\/09 - Minha m\u00e3e e meus irm\u00e3os s\u00e3o aqueles que ouvem a Palavra de Deus, e a p\u00f5em em pr\u00e1tica. - Pastoral Universit\u00e1ria UniSALESIANO\" \/>\n<meta property=\"og:description\" content=\"Ter\u00e7a-feira, 23 de setembro de 2025. &nbsp; Evangelho (Lc 8,19-21) &nbsp; \u201cMinha m\u00e3e e meus irm\u00e3os s\u00e3o aqueles que ouvem a Palavra de Deus, e...\" \/>\n<meta property=\"og:url\" content=\"https:\/\/unisale.com.br\/pastoral\/23-09-minha-mae-e-meus-irmaos-sao-aqueles-que-ouvem-a-palavra-de-deus-e-a-poem-em-pratica\/\" \/>\n<meta property=\"og:site_name\" content=\"Pastoral Universit\u00e1ria UniSALESIANO\" \/>\n<meta property=\"article:published_time\" content=\"2025-09-23T00:03:56+00:00\" \/>\n<meta property=\"og:image\" content=\"https:\/\/unisale.com.br\/pastoral\/wp-content\/uploads\/2025\/09\/Untitled-design-3.jpg\" \/>\n\t<meta property=\"og:image:width\" content=\"1200\" \/>\n\t<meta property=\"og:image:height\" content=\"1200\" \/>\n\t<meta property=\"og:image:type\" content=\"image\/jpeg\" \/>\n<meta name=\"author\" content=\"pastoral\" \/>\n<meta name=\"twitter:card\" content=\"summary_large_image\" \/>\n<meta name=\"twitter:label1\" content=\"Escrito por\" \/>\n\t<meta name=\"twitter:data1\" content=\"pastoral\" \/>\n\t<meta name=\"twitter:label2\" content=\"Est. tempo de leitura\" \/>\n\t<meta name=\"twitter:data2\" content=\"3 minutos\" \/>\n<script type=\"application\/ld+json\" class=\"yoast-schema-graph\">{\"@context\":\"https:\\\/\\\/schema.org\",\"@graph\":[{\"@type\":\"Article\",\"@id\":\"https:\\\/\\\/unisale.com.br\\\/pastoral\\\/23-09-minha-mae-e-meus-irmaos-sao-aqueles-que-ouvem-a-palavra-de-deus-e-a-poem-em-pratica\\\/#article\",\"isPartOf\":{\"@id\":\"https:\\\/\\\/unisale.com.br\\\/pastoral\\\/23-09-minha-mae-e-meus-irmaos-sao-aqueles-que-ouvem-a-palavra-de-deus-e-a-poem-em-pratica\\\/\"},\"author\":{\"name\":\"pastoral\",\"@id\":\"https:\\\/\\\/unisale.com.br\\\/pastoral\\\/#\\\/schema\\\/person\\\/a16ba711a0f7dec9cb6b44563144d5a3\"},\"headline\":\"23\\\/09 &#8211; Minha m\u00e3e e meus irm\u00e3os s\u00e3o aqueles que ouvem a Palavra de Deus, e a p\u00f5em em pr\u00e1tica.\",\"datePublished\":\"2025-09-23T00:03:56+00:00\",\"mainEntityOfPage\":{\"@id\":\"https:\\\/\\\/unisale.com.br\\\/pastoral\\\/23-09-minha-mae-e-meus-irmaos-sao-aqueles-que-ouvem-a-palavra-de-deus-e-a-poem-em-pratica\\\/\"},\"wordCount\":501,\"image\":{\"@id\":\"https:\\\/\\\/unisale.com.br\\\/pastoral\\\/23-09-minha-mae-e-meus-irmaos-sao-aqueles-que-ouvem-a-palavra-de-deus-e-a-poem-em-pratica\\\/#primaryimage\"},\"thumbnailUrl\":\"https:\\\/\\\/unisale.com.br\\\/pastoral\\\/wp-content\\\/uploads\\\/2025\\\/09\\\/Untitled-design-3.jpg\",\"articleSection\":[\"Reflex\u00e3o do Evangelho\"],\"inLanguage\":\"pt-BR\"},{\"@type\":\"WebPage\",\"@id\":\"https:\\\/\\\/unisale.com.br\\\/pastoral\\\/23-09-minha-mae-e-meus-irmaos-sao-aqueles-que-ouvem-a-palavra-de-deus-e-a-poem-em-pratica\\\/\",\"url\":\"https:\\\/\\\/unisale.com.br\\\/pastoral\\\/23-09-minha-mae-e-meus-irmaos-sao-aqueles-que-ouvem-a-palavra-de-deus-e-a-poem-em-pratica\\\/\",\"name\":\"23\\\/09 - Minha m\u00e3e e meus irm\u00e3os s\u00e3o aqueles que ouvem a Palavra de Deus, e a p\u00f5em em pr\u00e1tica. - Pastoral Universit\u00e1ria UniSALESIANO\",\"isPartOf\":{\"@id\":\"https:\\\/\\\/unisale.com.br\\\/pastoral\\\/#website\"},\"primaryImageOfPage\":{\"@id\":\"https:\\\/\\\/unisale.com.br\\\/pastoral\\\/23-09-minha-mae-e-meus-irmaos-sao-aqueles-que-ouvem-a-palavra-de-deus-e-a-poem-em-pratica\\\/#primaryimage\"},\"image\":{\"@id\":\"https:\\\/\\\/unisale.com.br\\\/pastoral\\\/23-09-minha-mae-e-meus-irmaos-sao-aqueles-que-ouvem-a-palavra-de-deus-e-a-poem-em-pratica\\\/#primaryimage\"},\"thumbnailUrl\":\"https:\\\/\\\/unisale.com.br\\\/pastoral\\\/wp-content\\\/uploads\\\/2025\\\/09\\\/Untitled-design-3.jpg\",\"datePublished\":\"2025-09-23T00:03:56+00:00\",\"author\":{\"@id\":\"https:\\\/\\\/unisale.com.br\\\/pastoral\\\/#\\\/schema\\\/person\\\/a16ba711a0f7dec9cb6b44563144d5a3\"},\"inLanguage\":\"pt-BR\",\"potentialAction\":[{\"@type\":\"ReadAction\",\"target\":[\"https:\\\/\\\/unisale.com.br\\\/pastoral\\\/23-09-minha-mae-e-meus-irmaos-sao-aqueles-que-ouvem-a-palavra-de-deus-e-a-poem-em-pratica\\\/\"]}]},{\"@type\":\"ImageObject\",\"inLanguage\":\"pt-BR\",\"@id\":\"https:\\\/\\\/unisale.com.br\\\/pastoral\\\/23-09-minha-mae-e-meus-irmaos-sao-aqueles-que-ouvem-a-palavra-de-deus-e-a-poem-em-pratica\\\/#primaryimage\",\"url\":\"https:\\\/\\\/unisale.com.br\\\/pastoral\\\/wp-content\\\/uploads\\\/2025\\\/09\\\/Untitled-design-3.jpg\",\"contentUrl\":\"https:\\\/\\\/unisale.com.br\\\/pastoral\\\/wp-content\\\/uploads\\\/2025\\\/09\\\/Untitled-design-3.jpg\",\"width\":500,\"height\":500},{\"@type\":\"WebSite\",\"@id\":\"https:\\\/\\\/unisale.com.br\\\/pastoral\\\/#website\",\"url\":\"https:\\\/\\\/unisale.com.br\\\/pastoral\\\/\",\"name\":\"Pastoral Universit\u00e1ria UniSALESIANO\",\"description\":\"Site da Pastoral Universit\u00e1ria do UniSALESIANO\",\"potentialAction\":[{\"@type\":\"SearchAction\",\"target\":{\"@type\":\"EntryPoint\",\"urlTemplate\":\"https:\\\/\\\/unisale.com.br\\\/pastoral\\\/?s={search_term_string}\"},\"query-input\":{\"@type\":\"PropertyValueSpecification\",\"valueRequired\":true,\"valueName\":\"search_term_string\"}}],\"inLanguage\":\"pt-BR\"},{\"@type\":\"Person\",\"@id\":\"https:\\\/\\\/unisale.com.br\\\/pastoral\\\/#\\\/schema\\\/person\\\/a16ba711a0f7dec9cb6b44563144d5a3\",\"name\":\"pastoral\",\"url\":\"https:\\\/\\\/unisale.com.br\\\/pastoral\\\/author\\\/pastoral\\\/\"}]}<\/script>\n<!-- \/ Yoast SEO plugin. -->","yoast_head_json":{"title":"23\/09 - Minha m\u00e3e e meus irm\u00e3os s\u00e3o aqueles que ouvem a Palavra de Deus, e a p\u00f5em em pr\u00e1tica. - Pastoral Universit\u00e1ria UniSALESIANO","robots":{"index":"index","follow":"follow","max-snippet":"max-snippet:-1","max-image-preview":"max-image-preview:large","max-video-preview":"max-video-preview:-1"},"canonical":"https:\/\/unisale.com.br\/pastoral\/23-09-minha-mae-e-meus-irmaos-sao-aqueles-que-ouvem-a-palavra-de-deus-e-a-poem-em-pratica\/","og_locale":"pt_BR","og_type":"article","og_title":"23\/09 - Minha m\u00e3e e meus irm\u00e3os s\u00e3o aqueles que ouvem a Palavra de Deus, e a p\u00f5em em pr\u00e1tica. - Pastoral Universit\u00e1ria UniSALESIANO","og_description":"Ter\u00e7a-feira, 23 de setembro de 2025. &nbsp; Evangelho (Lc 8,19-21) &nbsp; \u201cMinha m\u00e3e e meus irm\u00e3os s\u00e3o aqueles que ouvem a Palavra de Deus, e...","og_url":"https:\/\/unisale.com.br\/pastoral\/23-09-minha-mae-e-meus-irmaos-sao-aqueles-que-ouvem-a-palavra-de-deus-e-a-poem-em-pratica\/","og_site_name":"Pastoral Universit\u00e1ria UniSALESIANO","article_published_time":"2025-09-23T00:03:56+00:00","og_image":[{"width":1200,"height":1200,"url":"https:\/\/unisale.com.br\/pastoral\/wp-content\/uploads\/2025\/09\/Untitled-design-3.jpg","type":"image\/jpeg"}],"author":"pastoral","twitter_card":"summary_large_image","twitter_misc":{"Escrito por":"pastoral","Est. tempo de leitura":"3 minutos"},"schema":{"@context":"https:\/\/schema.org","@graph":[{"@type":"Article","@id":"https:\/\/unisale.com.br\/pastoral\/23-09-minha-mae-e-meus-irmaos-sao-aqueles-que-ouvem-a-palavra-de-deus-e-a-poem-em-pratica\/#article","isPartOf":{"@id":"https:\/\/unisale.com.br\/pastoral\/23-09-minha-mae-e-meus-irmaos-sao-aqueles-que-ouvem-a-palavra-de-deus-e-a-poem-em-pratica\/"},"author":{"name":"pastoral","@id":"https:\/\/unisale.com.br\/pastoral\/#\/schema\/person\/a16ba711a0f7dec9cb6b44563144d5a3"},"headline":"23\/09 &#8211; Minha m\u00e3e e meus irm\u00e3os s\u00e3o aqueles que ouvem a Palavra de Deus, e a p\u00f5em em pr\u00e1tica.","datePublished":"2025-09-23T00:03:56+00:00","mainEntityOfPage":{"@id":"https:\/\/unisale.com.br\/pastoral\/23-09-minha-mae-e-meus-irmaos-sao-aqueles-que-ouvem-a-palavra-de-deus-e-a-poem-em-pratica\/"},"wordCount":501,"image":{"@id":"https:\/\/unisale.com.br\/pastoral\/23-09-minha-mae-e-meus-irmaos-sao-aqueles-que-ouvem-a-palavra-de-deus-e-a-poem-em-pratica\/#primaryimage"},"thumbnailUrl":"https:\/\/unisale.com.br\/pastoral\/wp-content\/uploads\/2025\/09\/Untitled-design-3.jpg","articleSection":["Reflex\u00e3o do Evangelho"],"inLanguage":"pt-BR"},{"@type":"WebPage","@id":"https:\/\/unisale.com.br\/pastoral\/23-09-minha-mae-e-meus-irmaos-sao-aqueles-que-ouvem-a-palavra-de-deus-e-a-poem-em-pratica\/","url":"https:\/\/unisale.com.br\/pastoral\/23-09-minha-mae-e-meus-irmaos-sao-aqueles-que-ouvem-a-palavra-de-deus-e-a-poem-em-pratica\/","name":"23\/09 - Minha m\u00e3e e meus irm\u00e3os s\u00e3o aqueles que ouvem a Palavra de Deus, e a p\u00f5em em pr\u00e1tica. - Pastoral Universit\u00e1ria UniSALESIANO","isPartOf":{"@id":"https:\/\/unisale.com.br\/pastoral\/#website"},"primaryImageOfPage":{"@id":"https:\/\/unisale.com.br\/pastoral\/23-09-minha-mae-e-meus-irmaos-sao-aqueles-que-ouvem-a-palavra-de-deus-e-a-poem-em-pratica\/#primaryimage"},"image":{"@id":"https:\/\/unisale.com.br\/pastoral\/23-09-minha-mae-e-meus-irmaos-sao-aqueles-que-ouvem-a-palavra-de-deus-e-a-poem-em-pratica\/#primaryimage"},"thumbnailUrl":"https:\/\/unisale.com.br\/pastoral\/wp-content\/uploads\/2025\/09\/Untitled-design-3.jpg","datePublished":"2025-09-23T00:03:56+00:00","author":{"@id":"https:\/\/unisale.com.br\/pastoral\/#\/schema\/person\/a16ba711a0f7dec9cb6b44563144d5a3"},"inLanguage":"pt-BR","potentialAction":[{"@type":"ReadAction","target":["https:\/\/unisale.com.br\/pastoral\/23-09-minha-mae-e-meus-irmaos-sao-aqueles-que-ouvem-a-palavra-de-deus-e-a-poem-em-pratica\/"]}]},{"@type":"ImageObject","inLanguage":"pt-BR","@id":"https:\/\/unisale.com.br\/pastoral\/23-09-minha-mae-e-meus-irmaos-sao-aqueles-que-ouvem-a-palavra-de-deus-e-a-poem-em-pratica\/#primaryimage","url":"https:\/\/unisale.com.br\/pastoral\/wp-content\/uploads\/2025\/09\/Untitled-design-3.jpg","contentUrl":"https:\/\/unisale.com.br\/pastoral\/wp-content\/uploads\/2025\/09\/Untitled-design-3.jpg","width":500,"height":500},{"@type":"WebSite","@id":"https:\/\/unisale.com.br\/pastoral\/#website","url":"https:\/\/unisale.com.br\/pastoral\/","name":"Pastoral Universit\u00e1ria UniSALESIANO","description":"Site da Pastoral Universit\u00e1ria do UniSALESIANO","potentialAction":[{"@type":"SearchAction","target":{"@type":"EntryPoint","urlTemplate":"https:\/\/unisale.com.br\/pastoral\/?s={search_term_string}"},"query-input":{"@type":"PropertyValueSpecification","valueRequired":true,"valueName":"search_term_string"}}],"inLanguage":"pt-BR"},{"@type":"Person","@id":"https:\/\/unisale.com.br\/pastoral\/#\/schema\/person\/a16ba711a0f7dec9cb6b44563144d5a3","name":"pastoral","url":"https:\/\/unisale.com.br\/pastoral\/author\/pastoral\/"}]}},"_links":{"self":[{"href":"https:\/\/unisale.com.br\/pastoral\/wp-json\/wp\/v2\/posts\/13153","targetHints":{"allow":["GET"]}}],"collection":[{"href":"https:\/\/unisale.com.br\/pastoral\/wp-json\/wp\/v2\/posts"}],"about":[{"href":"https:\/\/unisale.com.br\/pastoral\/wp-json\/wp\/v2\/types\/post"}],"author":[{"embeddable":true,"href":"https:\/\/unisale.com.br\/pastoral\/wp-json\/wp\/v2\/users\/1"}],"replies":[{"embeddable":true,"href":"https:\/\/unisale.com.br\/pastoral\/wp-json\/wp\/v2\/comments?post=13153"}],"version-history":[{"count":1,"href":"https:\/\/unisale.com.br\/pastoral\/wp-json\/wp\/v2\/posts\/13153\/revisions"}],"predecessor-version":[{"id":13155,"href":"https:\/\/unisale.com.br\/pastoral\/wp-json\/wp\/v2\/posts\/13153\/revisions\/13155"}],"wp:featuredmedia":[{"embeddable":true,"href":"https:\/\/unisale.com.br\/pastoral\/wp-json\/wp\/v2\/media\/13154"}],"wp:attachment":[{"href":"https:\/\/unisale.com.br\/pastoral\/wp-json\/wp\/v2\/media?parent=13153"}],"wp:term":[{"taxonomy":"category","embeddable":true,"href":"https:\/\/unisale.com.br\/pastoral\/wp-json\/wp\/v2\/categories?post=13153"},{"taxonomy":"post_tag","embeddable":true,"href":"https:\/\/unisale.com.br\/pastoral\/wp-json\/wp\/v2\/tags?post=13153"}],"curies":[{"name":"wp","href":"https:\/\/api.w.org\/{rel}","templated":true}]}}